{"id":9975,"date":"2021-10-27T12:06:55","date_gmt":"2021-10-27T12:06:55","guid":{"rendered":"https:\/\/cvinoticias.com\/v3\/?p=9975"},"modified":"2021-10-27T12:06:55","modified_gmt":"2021-10-27T12:06:55","slug":"gobierno-argentino-condecoro-a-mujica-con-el-collar-de-la-orden-del-libertador-san-martin","status":"publish","type":"post","link":"https:\/\/cvinoticias.com\/v3\/gobierno-argentino-condecoro-a-mujica-con-el-collar-de-la-orden-del-libertador-san-martin\/","title":{"rendered":"Gobierno argentino condecor\u00f3 a Mujica con el Collar de la Orden del Libertador San Mart\u00edn"},"content":{"rendered":"\n<p><em><strong>El Collar de la Orden del Libertador San Mart\u00edn es la m\u00e1s alta condecoraci\u00f3n que otorga Argentina. Se la entregar\u00e1 este mi\u00e9rcoles el presidente Alberto Fern\u00e1ndez.<\/strong><\/em><\/p>\n\n\n\n<p>El presidente Alberto Fern\u00e1ndez otorgar\u00e1 este mi\u00e9rcoles la condecoraci\u00f3n del Collar de la Orden del Libertador San Mart\u00edn al expresidente de Uruguay Jos\u00e9 \u00abPepe\u00bb Mujica. El acto se realizar\u00e1 a las 12 hs en el Sal\u00f3n Blanco de la Casa Rosada, informaron fuentes oficiales.<\/p>\n\n\n\n<p>El otorgamiento de esta distinci\u00f3n es la m\u00e1s alta que otorga Argentina, y en esta oportunidad se basa en la vasta trayectoria y conducta ejemplar que ha demostrado el pensador y pol\u00edtico uruguayo durante su vida p\u00fablica.<\/p>\n\n\n\n<p>\u00abM\u00e1s all\u00e1 de los importantes cargos que ejerci\u00f3, Jos\u00e9 \u00abPepe\u00bb Mujica consagr\u00f3 su vida a la militancia social y pol\u00edtica por las causas populares de Am\u00e9rica Latina, y centr\u00f3 su actividad priorizando el bienestar de los sectores m\u00e1s postergados de la sociedad, con la convicci\u00f3n de que la pol\u00edtica es una herramienta para mejorar sus vidas\u00bb, detalla el decreto oficial que fue publicado en enero de este a\u00f1o.<\/p>\n\n\n\n<p>\u00abLos valores que rigen su vida personal son los mismos que enmarcaron su actividad en la funci\u00f3n p\u00fablica, caracterizada por la sobriedad y la decencia, por su estilo marcadamente austero y poco apegado a los protocolos innecesarios y suntuosos\u00bb, agrega el documento oficial.<\/p>\n\n\n\n<p>La Orden del Libertador San Mart\u00edn se instaur\u00f3 en agosto de 1943, y es una distinci\u00f3n que otorga Argentina exclusivamente a los funcionarios civiles o militares extranjeros que en el ejercicio de sus funciones merecen en alto grado el honor y reconocimiento de la Naci\u00f3n.<\/p>\n\n\n\n<p>.<\/p>\n","protected":false},"excerpt":{"rendered":"<p>El Collar de la Orden del Libertador San Mart\u00edn es la m\u00e1s alta condecoraci\u00f3n que otorga Argentina. Se la entregar\u00e1 este mi\u00e9rcoles el presidente Alberto Fern\u00e1ndez. El presidente Alberto Fern\u00e1ndez otorgar\u00e1 este mi\u00e9rcoles la condecoraci\u00f3n del Collar de la Orden del Libertador San Mart\u00edn al expresidente de Uruguay Jos\u00e9 \u00abPepe\u00bb Mujica. El acto se realizar\u00e1 [&hellip;]<\/p>\n","protected":false},"author":2,"featured_media":9976,"comment_status":"open","ping_status":"open","sticky":false,"template":"","format":"standard","meta":{"footnotes":""},"categories":[47],"tags":[],"class_list":["post-9975","post","type-post","status-publish","format-standard","has-post-thumbnail","hentry","category-sociedad"],"yoast_head":"<!-- This site is optimized with the Yoast SEO plugin v27.5 - https:\/\/yoast.com\/product\/yoast-seo-wordpress\/ -->\n<title>Gobierno argentino condecor\u00f3 a Mujica con el Collar de la Orden del Libertador San Mart\u00edn | CVI NOTICIAS<\/title>\n<meta name=\"robots\" content=\"index, follow, max-snippet:-1, max-image-preview:large, max-video-preview:-1\" \/>\n<link rel=\"canonical\" href=\"https:\/\/cvinoticias.com\/v3\/gobierno-argentino-condecoro-a-mujica-con-el-collar-de-la-orden-del-libertador-san-martin\/\" \/>\n<meta property=\"og:locale\" content=\"es_ES\" \/>\n<meta property=\"og:type\" content=\"article\" \/>\n<meta property=\"og:title\" content=\"Gobierno argentino condecor\u00f3 a Mujica con el Collar de la Orden del Libertador San Mart\u00edn | CVI NOTICIAS\" \/>\n<meta property=\"og:description\" content=\"El Collar de la Orden del Libertador San Mart\u00edn es la m\u00e1s alta condecoraci\u00f3n que otorga Argentina. Se la entregar\u00e1 este mi\u00e9rcoles el presidente Alberto Fern\u00e1ndez. El presidente Alberto Fern\u00e1ndez otorgar\u00e1 este mi\u00e9rcoles la condecoraci\u00f3n del Collar de la Orden del Libertador San Mart\u00edn al expresidente de Uruguay Jos\u00e9 \u00abPepe\u00bb Mujica. El acto se realizar\u00e1 [&hellip;]\" \/>\n<meta property=\"og:url\" content=\"https:\/\/cvinoticias.com\/v3\/gobierno-argentino-condecoro-a-mujica-con-el-collar-de-la-orden-del-libertador-san-martin\/\" \/>\n<meta property=\"og:site_name\" content=\"CVI NOTICIAS\" \/>\n<meta property=\"article:publisher\" content=\"https:\/\/www.facebook.com\/cvinoticias\" \/>\n<meta property=\"article:published_time\" content=\"2021-10-27T12:06:55+00:00\" \/>\n<meta property=\"og:image\" content=\"https:\/\/cvinoticias.com\/wp-content\/uploads\/2021\/10\/5dbcdc1a9a672.jpeg\" \/>\n\t<meta property=\"og:image:width\" content=\"580\" \/>\n\t<meta property=\"og:image:height\" content=\"395\" \/>\n\t<meta property=\"og:image:type\" content=\"image\/jpeg\" \/>\n<meta name=\"author\" content=\"f1000024\" \/>\n<meta name=\"twitter:card\" content=\"summary_large_image\" \/>\n<meta name=\"twitter:label1\" content=\"Escrito por\" \/>\n\t<meta name=\"twitter:data1\" content=\"f1000024\" \/>\n\t<meta name=\"twitter:label2\" content=\"Tiempo de lectura\" \/>\n\t<meta name=\"twitter:data2\" content=\"1 minuto\" \/>\n<script type=\"application\/ld+json\" class=\"yoast-schema-graph\">{\"@context\":\"https:\\\/\\\/schema.org\",\"@graph\":[{\"@type\":\"Article\",\"@id\":\"https:\\\/\\\/cvinoticias.com\\\/v3\\\/gobierno-argentino-condecoro-a-mujica-con-el-collar-de-la-orden-del-libertador-san-martin\\\/#article\",\"isPartOf\":{\"@id\":\"https:\\\/\\\/cvinoticias.com\\\/v3\\\/gobierno-argentino-condecoro-a-mujica-con-el-collar-de-la-orden-del-libertador-san-martin\\\/\"},\"author\":{\"name\":\"f1000024\",\"@id\":\"https:\\\/\\\/cvinoticias.com\\\/v3\\\/#\\\/schema\\\/person\\\/2db77e3c6bc03c538495d7b2b8be9b66\"},\"headline\":\"Gobierno argentino condecor\u00f3 a Mujica con el Collar de la Orden del Libertador San Mart\u00edn\",\"datePublished\":\"2021-10-27T12:06:55+00:00\",\"mainEntityOfPage\":{\"@id\":\"https:\\\/\\\/cvinoticias.com\\\/v3\\\/gobierno-argentino-condecoro-a-mujica-con-el-collar-de-la-orden-del-libertador-san-martin\\\/\"},\"wordCount\":303,\"commentCount\":0,\"publisher\":{\"@id\":\"https:\\\/\\\/cvinoticias.com\\\/v3\\\/#organization\"},\"image\":{\"@id\":\"https:\\\/\\\/cvinoticias.com\\\/v3\\\/gobierno-argentino-condecoro-a-mujica-con-el-collar-de-la-orden-del-libertador-san-martin\\\/#primaryimage\"},\"thumbnailUrl\":\"https:\\\/\\\/cvinoticias.com\\\/wp-content\\\/uploads\\\/2021\\\/10\\\/5dbcdc1a9a672.jpeg\",\"articleSection\":[\"Sociedad\"],\"inLanguage\":\"es\",\"potentialAction\":[{\"@type\":\"CommentAction\",\"name\":\"Comment\",\"target\":[\"https:\\\/\\\/cvinoticias.com\\\/v3\\\/gobierno-argentino-condecoro-a-mujica-con-el-collar-de-la-orden-del-libertador-san-martin\\\/#respond\"]}]},{\"@type\":\"WebPage\",\"@id\":\"https:\\\/\\\/cvinoticias.com\\\/v3\\\/gobierno-argentino-condecoro-a-mujica-con-el-collar-de-la-orden-del-libertador-san-martin\\\/\",\"url\":\"https:\\\/\\\/cvinoticias.com\\\/v3\\\/gobierno-argentino-condecoro-a-mujica-con-el-collar-de-la-orden-del-libertador-san-martin\\\/\",\"name\":\"Gobierno argentino condecor\u00f3 a Mujica con el Collar de la Orden del Libertador San Mart\u00edn | CVI NOTICIAS\",\"isPartOf\":{\"@id\":\"https:\\\/\\\/cvinoticias.com\\\/v3\\\/#website\"},\"primaryImageOfPage\":{\"@id\":\"https:\\\/\\\/cvinoticias.com\\\/v3\\\/gobierno-argentino-condecoro-a-mujica-con-el-collar-de-la-orden-del-libertador-san-martin\\\/#primaryimage\"},\"image\":{\"@id\":\"https:\\\/\\\/cvinoticias.com\\\/v3\\\/gobierno-argentino-condecoro-a-mujica-con-el-collar-de-la-orden-del-libertador-san-martin\\\/#primaryimage\"},\"thumbnailUrl\":\"https:\\\/\\\/cvinoticias.com\\\/wp-content\\\/uploads\\\/2021\\\/10\\\/5dbcdc1a9a672.jpeg\",\"datePublished\":\"2021-10-27T12:06:55+00:00\",\"breadcrumb\":{\"@id\":\"https:\\\/\\\/cvinoticias.com\\\/v3\\\/gobierno-argentino-condecoro-a-mujica-con-el-collar-de-la-orden-del-libertador-san-martin\\\/#breadcrumb\"},\"inLanguage\":\"es\",\"potentialAction\":[{\"@type\":\"ReadAction\",\"target\":[\"https:\\\/\\\/cvinoticias.com\\\/v3\\\/gobierno-argentino-condecoro-a-mujica-con-el-collar-de-la-orden-del-libertador-san-martin\\\/\"]}]},{\"@type\":\"ImageObject\",\"inLanguage\":\"es\",\"@id\":\"https:\\\/\\\/cvinoticias.com\\\/v3\\\/gobierno-argentino-condecoro-a-mujica-con-el-collar-de-la-orden-del-libertador-san-martin\\\/#primaryimage\",\"url\":\"https:\\\/\\\/cvinoticias.com\\\/wp-content\\\/uploads\\\/2021\\\/10\\\/5dbcdc1a9a672.jpeg\",\"contentUrl\":\"https:\\\/\\\/cvinoticias.com\\\/wp-content\\\/uploads\\\/2021\\\/10\\\/5dbcdc1a9a672.jpeg\",\"width\":580,\"height\":395},{\"@type\":\"BreadcrumbList\",\"@id\":\"https:\\\/\\\/cvinoticias.com\\\/v3\\\/gobierno-argentino-condecoro-a-mujica-con-el-collar-de-la-orden-del-libertador-san-martin\\\/#breadcrumb\",\"itemListElement\":[{\"@type\":\"ListItem\",\"position\":1,\"name\":\"Portada\",\"item\":\"https:\\\/\\\/cvinoticias.com\\\/v3\\\/\"},{\"@type\":\"ListItem\",\"position\":2,\"name\":\"Gobierno argentino condecor\u00f3 a Mujica con el Collar de la Orden del Libertador San Mart\u00edn\"}]},{\"@type\":\"WebSite\",\"@id\":\"https:\\\/\\\/cvinoticias.com\\\/v3\\\/#website\",\"url\":\"https:\\\/\\\/cvinoticias.com\\\/v3\\\/\",\"name\":\"CVI NOTICIAS\",\"description\":\"\",\"publisher\":{\"@id\":\"https:\\\/\\\/cvinoticias.com\\\/v3\\\/#organization\"},\"alternateName\":\"CVI\",\"potentialAction\":[{\"@type\":\"SearchAction\",\"target\":{\"@type\":\"EntryPoint\",\"urlTemplate\":\"https:\\\/\\\/cvinoticias.com\\\/v3\\\/?s={search_term_string}\"},\"query-input\":{\"@type\":\"PropertyValueSpecification\",\"valueRequired\":true,\"valueName\":\"search_term_string\"}}],\"inLanguage\":\"es\"},{\"@type\":\"Organization\",\"@id\":\"https:\\\/\\\/cvinoticias.com\\\/v3\\\/#organization\",\"name\":\"CVI NOTICIAS\",\"url\":\"https:\\\/\\\/cvinoticias.com\\\/v3\\\/\",\"logo\":{\"@type\":\"ImageObject\",\"inLanguage\":\"es\",\"@id\":\"https:\\\/\\\/cvinoticias.com\\\/v3\\\/#\\\/schema\\\/logo\\\/image\\\/\",\"url\":\"https:\\\/\\\/cvinoticias.com\\\/wp-content\\\/uploads\\\/2023\\\/04\\\/cropped-cropped-cropped-cropped-cropped-3-1.png\",\"contentUrl\":\"https:\\\/\\\/cvinoticias.com\\\/wp-content\\\/uploads\\\/2023\\\/04\\\/cropped-cropped-cropped-cropped-cropped-3-1.png\",\"width\":95,\"height\":122,\"caption\":\"CVI NOTICIAS\"},\"image\":{\"@id\":\"https:\\\/\\\/cvinoticias.com\\\/v3\\\/#\\\/schema\\\/logo\\\/image\\\/\"},\"sameAs\":[\"https:\\\/\\\/www.facebook.com\\\/cvinoticias\",\"https:\\\/\\\/www.instagram.com\\\/cvinoticias\\\/\",\"https:\\\/\\\/www.youtube.com\\\/@CVINOTICIAS\"]},{\"@type\":\"Person\",\"@id\":\"https:\\\/\\\/cvinoticias.com\\\/v3\\\/#\\\/schema\\\/person\\\/2db77e3c6bc03c538495d7b2b8be9b66\",\"name\":\"f1000024\",\"image\":{\"@type\":\"ImageObject\",\"inLanguage\":\"es\",\"@id\":\"https:\\\/\\\/secure.gravatar.com\\\/avatar\\\/d4fe7459cfc51ff5129ce1a732bbef5928568b8092d412ef95611616376bbeed?s=96&d=mm&r=g\",\"url\":\"https:\\\/\\\/secure.gravatar.com\\\/avatar\\\/d4fe7459cfc51ff5129ce1a732bbef5928568b8092d412ef95611616376bbeed?s=96&d=mm&r=g\",\"contentUrl\":\"https:\\\/\\\/secure.gravatar.com\\\/avatar\\\/d4fe7459cfc51ff5129ce1a732bbef5928568b8092d412ef95611616376bbeed?s=96&d=mm&r=g\",\"caption\":\"f1000024\"},\"url\":\"https:\\\/\\\/cvinoticias.com\\\/v3\\\/author\\\/f1000024\\\/\"}]}<\/script>\n<!-- \/ Yoast SEO plugin. -->","yoast_head_json":{"title":"Gobierno argentino condecor\u00f3 a Mujica con el Collar de la Orden del Libertador San Mart\u00edn | CVI NOTICIAS","robots":{"index":"index","follow":"follow","max-snippet":"max-snippet:-1","max-image-preview":"max-image-preview:large","max-video-preview":"max-video-preview:-1"},"canonical":"https:\/\/cvinoticias.com\/v3\/gobierno-argentino-condecoro-a-mujica-con-el-collar-de-la-orden-del-libertador-san-martin\/","og_locale":"es_ES","og_type":"article","og_title":"Gobierno argentino condecor\u00f3 a Mujica con el Collar de la Orden del Libertador San Mart\u00edn | CVI NOTICIAS","og_description":"El Collar de la Orden del Libertador San Mart\u00edn es la m\u00e1s alta condecoraci\u00f3n que otorga Argentina. Se la entregar\u00e1 este mi\u00e9rcoles el presidente Alberto Fern\u00e1ndez. El presidente Alberto Fern\u00e1ndez otorgar\u00e1 este mi\u00e9rcoles la condecoraci\u00f3n del Collar de la Orden del Libertador San Mart\u00edn al expresidente de Uruguay Jos\u00e9 \u00abPepe\u00bb Mujica. El acto se realizar\u00e1 [&hellip;]","og_url":"https:\/\/cvinoticias.com\/v3\/gobierno-argentino-condecoro-a-mujica-con-el-collar-de-la-orden-del-libertador-san-martin\/","og_site_name":"CVI NOTICIAS","article_publisher":"https:\/\/www.facebook.com\/cvinoticias","article_published_time":"2021-10-27T12:06:55+00:00","og_image":[{"width":580,"height":395,"url":"https:\/\/cvinoticias.com\/wp-content\/uploads\/2021\/10\/5dbcdc1a9a672.jpeg","type":"image\/jpeg"}],"author":"f1000024","twitter_card":"summary_large_image","twitter_misc":{"Escrito por":"f1000024","Tiempo de lectura":"1 minuto"},"schema":{"@context":"https:\/\/schema.org","@graph":[{"@type":"Article","@id":"https:\/\/cvinoticias.com\/v3\/gobierno-argentino-condecoro-a-mujica-con-el-collar-de-la-orden-del-libertador-san-martin\/#article","isPartOf":{"@id":"https:\/\/cvinoticias.com\/v3\/gobierno-argentino-condecoro-a-mujica-con-el-collar-de-la-orden-del-libertador-san-martin\/"},"author":{"name":"f1000024","@id":"https:\/\/cvinoticias.com\/v3\/#\/schema\/person\/2db77e3c6bc03c538495d7b2b8be9b66"},"headline":"Gobierno argentino condecor\u00f3 a Mujica con el Collar de la Orden del Libertador San Mart\u00edn","datePublished":"2021-10-27T12:06:55+00:00","mainEntityOfPage":{"@id":"https:\/\/cvinoticias.com\/v3\/gobierno-argentino-condecoro-a-mujica-con-el-collar-de-la-orden-del-libertador-san-martin\/"},"wordCount":303,"commentCount":0,"publisher":{"@id":"https:\/\/cvinoticias.com\/v3\/#organization"},"image":{"@id":"https:\/\/cvinoticias.com\/v3\/gobierno-argentino-condecoro-a-mujica-con-el-collar-de-la-orden-del-libertador-san-martin\/#primaryimage"},"thumbnailUrl":"https:\/\/cvinoticias.com\/wp-content\/uploads\/2021\/10\/5dbcdc1a9a672.jpeg","articleSection":["Sociedad"],"inLanguage":"es","potentialAction":[{"@type":"CommentAction","name":"Comment","target":["https:\/\/cvinoticias.com\/v3\/gobierno-argentino-condecoro-a-mujica-con-el-collar-de-la-orden-del-libertador-san-martin\/#respond"]}]},{"@type":"WebPage","@id":"https:\/\/cvinoticias.com\/v3\/gobierno-argentino-condecoro-a-mujica-con-el-collar-de-la-orden-del-libertador-san-martin\/","url":"https:\/\/cvinoticias.com\/v3\/gobierno-argentino-condecoro-a-mujica-con-el-collar-de-la-orden-del-libertador-san-martin\/","name":"Gobierno argentino condecor\u00f3 a Mujica con el Collar de la Orden del Libertador San Mart\u00edn | CVI NOTICIAS","isPartOf":{"@id":"https:\/\/cvinoticias.com\/v3\/#website"},"primaryImageOfPage":{"@id":"https:\/\/cvinoticias.com\/v3\/gobierno-argentino-condecoro-a-mujica-con-el-collar-de-la-orden-del-libertador-san-martin\/#primaryimage"},"image":{"@id":"https:\/\/cvinoticias.com\/v3\/gobierno-argentino-condecoro-a-mujica-con-el-collar-de-la-orden-del-libertador-san-martin\/#primaryimage"},"thumbnailUrl":"https:\/\/cvinoticias.com\/wp-content\/uploads\/2021\/10\/5dbcdc1a9a672.jpeg","datePublished":"2021-10-27T12:06:55+00:00","breadcrumb":{"@id":"https:\/\/cvinoticias.com\/v3\/gobierno-argentino-condecoro-a-mujica-con-el-collar-de-la-orden-del-libertador-san-martin\/#breadcrumb"},"inLanguage":"es","potentialAction":[{"@type":"ReadAction","target":["https:\/\/cvinoticias.com\/v3\/gobierno-argentino-condecoro-a-mujica-con-el-collar-de-la-orden-del-libertador-san-martin\/"]}]},{"@type":"ImageObject","inLanguage":"es","@id":"https:\/\/cvinoticias.com\/v3\/gobierno-argentino-condecoro-a-mujica-con-el-collar-de-la-orden-del-libertador-san-martin\/#primaryimage","url":"https:\/\/cvinoticias.com\/wp-content\/uploads\/2021\/10\/5dbcdc1a9a672.jpeg","contentUrl":"https:\/\/cvinoticias.com\/wp-content\/uploads\/2021\/10\/5dbcdc1a9a672.jpeg","width":580,"height":395},{"@type":"BreadcrumbList","@id":"https:\/\/cvinoticias.com\/v3\/gobierno-argentino-condecoro-a-mujica-con-el-collar-de-la-orden-del-libertador-san-martin\/#breadcrumb","itemListElement":[{"@type":"ListItem","position":1,"name":"Portada","item":"https:\/\/cvinoticias.com\/v3\/"},{"@type":"ListItem","position":2,"name":"Gobierno argentino condecor\u00f3 a Mujica con el Collar de la Orden del Libertador San Mart\u00edn"}]},{"@type":"WebSite","@id":"https:\/\/cvinoticias.com\/v3\/#website","url":"https:\/\/cvinoticias.com\/v3\/","name":"CVI NOTICIAS","description":"","publisher":{"@id":"https:\/\/cvinoticias.com\/v3\/#organization"},"alternateName":"CVI","potentialAction":[{"@type":"SearchAction","target":{"@type":"EntryPoint","urlTemplate":"https:\/\/cvinoticias.com\/v3\/?s={search_term_string}"},"query-input":{"@type":"PropertyValueSpecification","valueRequired":true,"valueName":"search_term_string"}}],"inLanguage":"es"},{"@type":"Organization","@id":"https:\/\/cvinoticias.com\/v3\/#organization","name":"CVI NOTICIAS","url":"https:\/\/cvinoticias.com\/v3\/","logo":{"@type":"ImageObject","inLanguage":"es","@id":"https:\/\/cvinoticias.com\/v3\/#\/schema\/logo\/image\/","url":"https:\/\/cvinoticias.com\/wp-content\/uploads\/2023\/04\/cropped-cropped-cropped-cropped-cropped-3-1.png","contentUrl":"https:\/\/cvinoticias.com\/wp-content\/uploads\/2023\/04\/cropped-cropped-cropped-cropped-cropped-3-1.png","width":95,"height":122,"caption":"CVI NOTICIAS"},"image":{"@id":"https:\/\/cvinoticias.com\/v3\/#\/schema\/logo\/image\/"},"sameAs":["https:\/\/www.facebook.com\/cvinoticias","https:\/\/www.instagram.com\/cvinoticias\/","https:\/\/www.youtube.com\/@CVINOTICIAS"]},{"@type":"Person","@id":"https:\/\/cvinoticias.com\/v3\/#\/schema\/person\/2db77e3c6bc03c538495d7b2b8be9b66","name":"f1000024","image":{"@type":"ImageObject","inLanguage":"es","@id":"https:\/\/secure.gravatar.com\/avatar\/d4fe7459cfc51ff5129ce1a732bbef5928568b8092d412ef95611616376bbeed?s=96&d=mm&r=g","url":"https:\/\/secure.gravatar.com\/avatar\/d4fe7459cfc51ff5129ce1a732bbef5928568b8092d412ef95611616376bbeed?s=96&d=mm&r=g","contentUrl":"https:\/\/secure.gravatar.com\/avatar\/d4fe7459cfc51ff5129ce1a732bbef5928568b8092d412ef95611616376bbeed?s=96&d=mm&r=g","caption":"f1000024"},"url":"https:\/\/cvinoticias.com\/v3\/author\/f1000024\/"}]}},"_links":{"self":[{"href":"https:\/\/cvinoticias.com\/v3\/wp-json\/wp\/v2\/posts\/9975","targetHints":{"allow":["GET"]}}],"collection":[{"href":"https:\/\/cvinoticias.com\/v3\/wp-json\/wp\/v2\/posts"}],"about":[{"href":"https:\/\/cvinoticias.com\/v3\/wp-json\/wp\/v2\/types\/post"}],"author":[{"embeddable":true,"href":"https:\/\/cvinoticias.com\/v3\/wp-json\/wp\/v2\/users\/2"}],"replies":[{"embeddable":true,"href":"https:\/\/cvinoticias.com\/v3\/wp-json\/wp\/v2\/comments?post=9975"}],"version-history":[{"count":1,"href":"https:\/\/cvinoticias.com\/v3\/wp-json\/wp\/v2\/posts\/9975\/revisions"}],"predecessor-version":[{"id":9977,"href":"https:\/\/cvinoticias.com\/v3\/wp-json\/wp\/v2\/posts\/9975\/revisions\/9977"}],"wp:featuredmedia":[{"embeddable":true,"href":"https:\/\/cvinoticias.com\/v3\/wp-json\/wp\/v2\/media\/9976"}],"wp:attachment":[{"href":"https:\/\/cvinoticias.com\/v3\/wp-json\/wp\/v2\/media?parent=9975"}],"wp:term":[{"taxonomy":"category","embeddable":true,"href":"https:\/\/cvinoticias.com\/v3\/wp-json\/wp\/v2\/categories?post=9975"},{"taxonomy":"post_tag","embeddable":true,"href":"https:\/\/cvinoticias.com\/v3\/wp-json\/wp\/v2\/tags?post=9975"}],"curies":[{"name":"wp","href":"https:\/\/api.w.org\/{rel}","templated":true}]}}