{"id":9945,"date":"2021-10-26T22:49:28","date_gmt":"2021-10-26T22:49:28","guid":{"rendered":"https:\/\/cvinoticias.com\/v3\/?p=9945"},"modified":"2021-10-26T22:49:28","modified_gmt":"2021-10-26T22:49:28","slug":"firme-reclamo-de-herrera-a-nacion-por-recursos-y-obras-para-los-misioneros","status":"publish","type":"post","link":"https:\/\/cvinoticias.com\/v3\/firme-reclamo-de-herrera-a-nacion-por-recursos-y-obras-para-los-misioneros\/","title":{"rendered":"Firme reclamo de Herrera a Naci\u00f3n por recursos y obras para los misioneros"},"content":{"rendered":"\n<p><strong><em>El gobernador de Misiones elev\u00f3 hoy al presidente de la C\u00e1mara de Diputados Sergio Massa un pedido tajante relativo a un paquete de obras, fondos y leyes: Zona Aduanera Especial, reparaci\u00f3n por el cuidado del ambiente y fondos del consenso fiscal. En total, las demandas suman $283 mil millones.<\/em><\/strong><\/p>\n\n\n\n<p>Oscar Herrera Ahuad se reuni\u00f3 esta tarde con Sergio Massa y le entreg\u00f3 una carpeta con un paquete de obras, fondos y distintas leyes que benefician a Misiones, para que sean incorporadas en el tratamiento del Presupuesto 2022, proyecto que se comenz\u00f3 a discutir ayer en la Comisi\u00f3n de Hacienda de la C\u00e1mara de Diputados de la Naci\u00f3n.<\/p>\n\n\n\n<p>Luego de la reuni\u00f3n, el mandatario coment\u00f3 la reuni\u00f3n a trav\u00e9s de su cuenta de Twitter: \u201cPlanteamos a Sergio Massa con firmeza las demandas de los Misioneros, obras de vivienda, energ\u00eda, agua potable, infraestructura vial, zona aduanera especial, la contribuci\u00f3n esencial para cuidar el medioambiente y la compensaci\u00f3n por el atraso en fondos del consenso fiscal\u201d, se\u00f1al\u00f3 Herrera Ahuad.<\/p>\n\n\n\n<figure class=\"wp-block-image size-full\"><a href=\"https:\/\/cvinoticias.com\/wp-content\/uploads\/2021\/10\/IMG-20211026-WA0100.jpg\"><img decoding=\"async\" width=\"1024\" height=\"768\" data-src=\"https:\/\/cvinoticias.com\/wp-content\/uploads\/2021\/10\/IMG-20211026-WA0100.jpg\" alt=\"\" class=\"wp-image-9946 lazyload\" data-srcset=\"https:\/\/cvinoticias.com\/wp-content\/uploads\/2021\/10\/IMG-20211026-WA0100.jpg 1024w, https:\/\/cvinoticias.com\/wp-content\/uploads\/2021\/10\/IMG-20211026-WA0100-300x225.jpg 300w, https:\/\/cvinoticias.com\/wp-content\/uploads\/2021\/10\/IMG-20211026-WA0100-768x576.jpg 768w\" data-sizes=\"(max-width: 1024px) 100vw, 1024px\" src=\"data:image\/svg+xml;base64,PHN2ZyB3aWR0aD0iMSIgaGVpZ2h0PSIxIiB4bWxucz0iaHR0cDovL3d3dy53My5vcmcvMjAwMC9zdmciPjwvc3ZnPg==\" style=\"--smush-placeholder-width: 1024px; --smush-placeholder-aspect-ratio: 1024\/768;\" \/><\/a><\/figure>\n\n\n\n<p>Las cuestiones m\u00e1s relevantes del pedido del gobernador misionero han sido puestas en la agenda por el gobierno provincial y exigido recurrentemente a su par nacional: Zona Aduanera Especial para toda la provincia, reparaci\u00f3n hist\u00f3rica por los servicios ambientales brindados por Misiones a todo el pa\u00eds, y la actualizaci\u00f3n de los montos pendientes por el Consenso Fiscal. A estos tres puntos, se le agreg\u00f3 un paquete de obras para los 77 municipios de la provincia. En total, suman 283 mil millones de pesos adicionales a lo establecido originalmente en el proyecto de Presupuesto nacional 2022.<\/p>\n\n\n\n<p>La intenci\u00f3n l\u00f3gica del reclamo que hizo Herrera en nombre de todo el Frente Renovador es mejorar la participaci\u00f3n de Misiones en los fondos y obras para el pr\u00f3ximo a\u00f1o. Recordemos que el proyecto original que fue remitido por el presidente de la Naci\u00f3n al Congreso ubica a la provincia en el \u00faltimo lugar del reparto de los beneficios.<\/p>\n\n\n\n<p>En l\u00ednea con lo expresado tanto en la campa\u00f1a legislativa en curso, como de manera hist\u00f3rica, la Renovaci\u00f3n hace pesar los intereses locales por sobre cualquier c\u00e1lculo nacional y condiciona el voto favorable de los diputados \u201cmisioneristas\u201d al Presupuesto 2022 a la incorporaci\u00f3n de los mencionados pedidos: \u201cNosotros no pertenecemos al bloque del Frente de Todos ni obedecemos mandatos partidarios nacionales, por eso no vamos a votar nada que no traiga beneficios para los misioneros\u201d, sentenciaron desde el Frente Renovador.<\/p>\n\n\n\n<p>El pueblo misionero ya conoce los principales reclamos de la provincia al gobierno nacional. Esto es as\u00ed gracias a la insistencia y difusi\u00f3n de las problem\u00e1ticas por parte del gobierno provincial. Es m\u00e1s, uno de ellos -el principal- fue incorporado al Presupuesto aprobado para este a\u00f1o, pero vetado por Alberto Fern\u00e1ndez.<br>La referencia es a la creaci\u00f3n de una Zona Aduanera Especial en todo el territorio de Misiones. Tambi\u00e9n se plantea la posibilidad de extensi\u00f3n de Zonas Francas habilitadas. De manera sint\u00e9tica, en caso de aprobarse se deber\u00e1n eliminar los impuestos nacionales: Impuesto a las Ganancias, Impuesto al Valor Agregado, Impuestos Internos, Bienes Personales; Cr\u00e9ditos y D\u00e9bitos Bancarios; Impuesto a los Combustibles.<br>Por el lado de las obligaciones, las empresas que accedan a estos beneficios deber\u00e1n generar puestos de trabajo, capacitar los recursos humanos, incorporar tecnolog\u00eda, incrementar los niveles de producci\u00f3n, y reinvertir el 50% de las utilidades en la provincia.<\/p>\n\n\n\n<p>Otro de los puntos fue presentado recientemente por el titular de la C\u00e1mara de Representantes de Misiones, Ing. Carlos Rovira, y significa la contribuci\u00f3n esencial que realiza Misiones hace d\u00e9cadas a la preservaci\u00f3n del ambiente en general, contando con el 52% del total de la biodiversidad del pa\u00eds, y de la selva paranaense en particular. El Estado provincial reclama una reparaci\u00f3n hist\u00f3rica a trav\u00e9s de la creaci\u00f3n del \u201cFondo de Contribuci\u00f3n Especial de Cambio Clim\u00e1tico 2050\u201d de 114 mil millones de pesos \u201cpara hacer sostenible la conservaci\u00f3n de la selva misionera por cuyos servicios ecosist\u00e9micos se ven beneficiadas el resto de las Jurisdicciones\u201d.<\/p>\n\n\n\n<p>El tercer reclamo urgente que elev\u00f3 Herrera Ahuad es que la Naci\u00f3n transfiera \u201cde manera \u00edntegra, en un plazo no mayor a 90 d\u00edas de sancionado el presupuesto \u201clas diferencias resultantes desde el a\u00f1o 2019 al 2021 del monto por la compensaci\u00f3n establecida en el t\u00edtulo II del Consenso fiscal\u201d aprobado en 2017.<\/p>\n\n\n\n<p>Finalmente, el mandatario insiti\u00f3 por m\u00faltiples obras para los 77 municipios misioneros. Entre las m\u00e1s relevantes para que se desarrollen en Misiones durante 2022 se encuentran: al menos 5.000 viviendas, una docena de hospitales nuevos, l\u00edneas el\u00e9ctricas de 500Kv, 132Kv, 33Kv y 13,2Kv en diferentes puntos de la provincia; redes de agua potable, acueductos y perforaciones en unos 20 municipios, saneamiento ambiental y cloacas en una decena de comunas, unas quince terminales, obras en rutas provinciales y nacionales, alrededor de 35 escuelas de todos los niveles, pavimento en todos los pueblos, cinco centros de tratamiento de adicciones, comisar\u00edas, tres unidades penales, alumbrado p\u00fablico en unos 25 pueblos, estaciones de paneles fotovoltaicos para generar electricidad.<\/p>\n\n\n\n<figure class=\"wp-block-image size-large\"><a href=\"https:\/\/cvinoticias.com\/wp-content\/uploads\/2021\/10\/IMG-20211026-WA0101.jpg\"><img decoding=\"async\" width=\"768\" height=\"1024\" data-src=\"https:\/\/cvinoticias.com\/wp-content\/uploads\/2021\/10\/IMG-20211026-WA0101-768x1024.jpg\" alt=\"\" class=\"wp-image-9948 lazyload\" data-srcset=\"https:\/\/cvinoticias.com\/wp-content\/uploads\/2021\/10\/IMG-20211026-WA0101-768x1024.jpg 768w, https:\/\/cvinoticias.com\/wp-content\/uploads\/2021\/10\/IMG-20211026-WA0101-225x300.jpg 225w, https:\/\/cvinoticias.com\/wp-content\/uploads\/2021\/10\/IMG-20211026-WA0101.jpg 960w\" data-sizes=\"(max-width: 768px) 100vw, 768px\" src=\"data:image\/svg+xml;base64,PHN2ZyB3aWR0aD0iMSIgaGVpZ2h0PSIxIiB4bWxucz0iaHR0cDovL3d3dy53My5vcmcvMjAwMC9zdmciPjwvc3ZnPg==\" style=\"--smush-placeholder-width: 768px; --smush-placeholder-aspect-ratio: 768\/1024;\" \/><\/a><\/figure>\n","protected":false},"excerpt":{"rendered":"<p>El gobernador de Misiones elev\u00f3 hoy al presidente de la C\u00e1mara de Diputados Sergio Massa un pedido tajante relativo a un paquete de obras, fondos y leyes: Zona Aduanera Especial, reparaci\u00f3n por el cuidado del ambiente y fondos del consenso fiscal. En total, las demandas suman $283 mil millones. Oscar Herrera Ahuad se reuni\u00f3 esta [&hellip;]<\/p>\n","protected":false},"author":2,"featured_media":9947,"comment_status":"open","ping_status":"open","sticky":false,"template":"","format":"standard","meta":{"footnotes":""},"categories":[42],"tags":[],"class_list":["post-9945","post","type-post","status-publish","format-standard","has-post-thumbnail","hentry","category-politica"],"yoast_head":"<!-- This site is optimized with the Yoast SEO plugin v27.5 - https:\/\/yoast.com\/product\/yoast-seo-wordpress\/ -->\n<title>Firme reclamo de Herrera a Naci\u00f3n por recursos y obras para los misioneros | CVI NOTICIAS<\/title>\n<meta name=\"robots\" content=\"index, follow, max-snippet:-1, max-image-preview:large, max-video-preview:-1\" \/>\n<link rel=\"canonical\" href=\"https:\/\/cvinoticias.com\/v3\/firme-reclamo-de-herrera-a-nacion-por-recursos-y-obras-para-los-misioneros\/\" \/>\n<meta property=\"og:locale\" content=\"es_ES\" \/>\n<meta property=\"og:type\" content=\"article\" \/>\n<meta property=\"og:title\" content=\"Firme reclamo de Herrera a Naci\u00f3n por recursos y obras para los misioneros | CVI NOTICIAS\" \/>\n<meta property=\"og:description\" content=\"El gobernador de Misiones elev\u00f3 hoy al presidente de la C\u00e1mara de Diputados Sergio Massa un pedido tajante relativo a un paquete de obras, fondos y leyes: Zona Aduanera Especial, reparaci\u00f3n por el cuidado del ambiente y fondos del consenso fiscal. En total, las demandas suman $283 mil millones. Oscar Herrera Ahuad se reuni\u00f3 esta [&hellip;]\" \/>\n<meta property=\"og:url\" content=\"https:\/\/cvinoticias.com\/v3\/firme-reclamo-de-herrera-a-nacion-por-recursos-y-obras-para-los-misioneros\/\" \/>\n<meta property=\"og:site_name\" content=\"CVI NOTICIAS\" \/>\n<meta property=\"article:publisher\" content=\"https:\/\/www.facebook.com\/cvinoticias\" \/>\n<meta property=\"article:published_time\" content=\"2021-10-26T22:49:28+00:00\" \/>\n<meta property=\"og:image\" content=\"https:\/\/cvinoticias.com\/wp-content\/uploads\/2021\/10\/IMG-20211026-WA0099.jpg\" \/>\n\t<meta property=\"og:image:width\" content=\"720\" \/>\n\t<meta property=\"og:image:height\" content=\"1280\" \/>\n\t<meta property=\"og:image:type\" content=\"image\/jpeg\" \/>\n<meta name=\"author\" content=\"f1000024\" \/>\n<meta name=\"twitter:card\" content=\"summary_large_image\" \/>\n<meta name=\"twitter:label1\" content=\"Escrito por\" \/>\n\t<meta name=\"twitter:data1\" content=\"f1000024\" \/>\n\t<meta name=\"twitter:label2\" content=\"Tiempo de lectura\" \/>\n\t<meta name=\"twitter:data2\" content=\"4 minutos\" \/>\n<script type=\"application\/ld+json\" class=\"yoast-schema-graph\">{\"@context\":\"https:\\\/\\\/schema.org\",\"@graph\":[{\"@type\":\"Article\",\"@id\":\"https:\\\/\\\/cvinoticias.com\\\/v3\\\/firme-reclamo-de-herrera-a-nacion-por-recursos-y-obras-para-los-misioneros\\\/#article\",\"isPartOf\":{\"@id\":\"https:\\\/\\\/cvinoticias.com\\\/v3\\\/firme-reclamo-de-herrera-a-nacion-por-recursos-y-obras-para-los-misioneros\\\/\"},\"author\":{\"name\":\"f1000024\",\"@id\":\"https:\\\/\\\/cvinoticias.com\\\/v3\\\/#\\\/schema\\\/person\\\/2db77e3c6bc03c538495d7b2b8be9b66\"},\"headline\":\"Firme reclamo de Herrera a Naci\u00f3n por recursos y obras para los misioneros\",\"datePublished\":\"2021-10-26T22:49:28+00:00\",\"mainEntityOfPage\":{\"@id\":\"https:\\\/\\\/cvinoticias.com\\\/v3\\\/firme-reclamo-de-herrera-a-nacion-por-recursos-y-obras-para-los-misioneros\\\/\"},\"wordCount\":883,\"commentCount\":0,\"publisher\":{\"@id\":\"https:\\\/\\\/cvinoticias.com\\\/v3\\\/#organization\"},\"image\":{\"@id\":\"https:\\\/\\\/cvinoticias.com\\\/v3\\\/firme-reclamo-de-herrera-a-nacion-por-recursos-y-obras-para-los-misioneros\\\/#primaryimage\"},\"thumbnailUrl\":\"https:\\\/\\\/cvinoticias.com\\\/wp-content\\\/uploads\\\/2021\\\/10\\\/IMG-20211026-WA0099.jpg\",\"articleSection\":[\"Politica\"],\"inLanguage\":\"es\",\"potentialAction\":[{\"@type\":\"CommentAction\",\"name\":\"Comment\",\"target\":[\"https:\\\/\\\/cvinoticias.com\\\/v3\\\/firme-reclamo-de-herrera-a-nacion-por-recursos-y-obras-para-los-misioneros\\\/#respond\"]}]},{\"@type\":\"WebPage\",\"@id\":\"https:\\\/\\\/cvinoticias.com\\\/v3\\\/firme-reclamo-de-herrera-a-nacion-por-recursos-y-obras-para-los-misioneros\\\/\",\"url\":\"https:\\\/\\\/cvinoticias.com\\\/v3\\\/firme-reclamo-de-herrera-a-nacion-por-recursos-y-obras-para-los-misioneros\\\/\",\"name\":\"Firme reclamo de Herrera a Naci\u00f3n por recursos y obras para los misioneros | CVI NOTICIAS\",\"isPartOf\":{\"@id\":\"https:\\\/\\\/cvinoticias.com\\\/v3\\\/#website\"},\"primaryImageOfPage\":{\"@id\":\"https:\\\/\\\/cvinoticias.com\\\/v3\\\/firme-reclamo-de-herrera-a-nacion-por-recursos-y-obras-para-los-misioneros\\\/#primaryimage\"},\"image\":{\"@id\":\"https:\\\/\\\/cvinoticias.com\\\/v3\\\/firme-reclamo-de-herrera-a-nacion-por-recursos-y-obras-para-los-misioneros\\\/#primaryimage\"},\"thumbnailUrl\":\"https:\\\/\\\/cvinoticias.com\\\/wp-content\\\/uploads\\\/2021\\\/10\\\/IMG-20211026-WA0099.jpg\",\"datePublished\":\"2021-10-26T22:49:28+00:00\",\"breadcrumb\":{\"@id\":\"https:\\\/\\\/cvinoticias.com\\\/v3\\\/firme-reclamo-de-herrera-a-nacion-por-recursos-y-obras-para-los-misioneros\\\/#breadcrumb\"},\"inLanguage\":\"es\",\"potentialAction\":[{\"@type\":\"ReadAction\",\"target\":[\"https:\\\/\\\/cvinoticias.com\\\/v3\\\/firme-reclamo-de-herrera-a-nacion-por-recursos-y-obras-para-los-misioneros\\\/\"]}]},{\"@type\":\"ImageObject\",\"inLanguage\":\"es\",\"@id\":\"https:\\\/\\\/cvinoticias.com\\\/v3\\\/firme-reclamo-de-herrera-a-nacion-por-recursos-y-obras-para-los-misioneros\\\/#primaryimage\",\"url\":\"https:\\\/\\\/cvinoticias.com\\\/wp-content\\\/uploads\\\/2021\\\/10\\\/IMG-20211026-WA0099.jpg\",\"contentUrl\":\"https:\\\/\\\/cvinoticias.com\\\/wp-content\\\/uploads\\\/2021\\\/10\\\/IMG-20211026-WA0099.jpg\",\"width\":720,\"height\":1280},{\"@type\":\"BreadcrumbList\",\"@id\":\"https:\\\/\\\/cvinoticias.com\\\/v3\\\/firme-reclamo-de-herrera-a-nacion-por-recursos-y-obras-para-los-misioneros\\\/#breadcrumb\",\"itemListElement\":[{\"@type\":\"ListItem\",\"position\":1,\"name\":\"Portada\",\"item\":\"https:\\\/\\\/cvinoticias.com\\\/v3\\\/\"},{\"@type\":\"ListItem\",\"position\":2,\"name\":\"Firme reclamo de Herrera a Naci\u00f3n por recursos y obras para los misioneros\"}]},{\"@type\":\"WebSite\",\"@id\":\"https:\\\/\\\/cvinoticias.com\\\/v3\\\/#website\",\"url\":\"https:\\\/\\\/cvinoticias.com\\\/v3\\\/\",\"name\":\"CVI NOTICIAS\",\"description\":\"\",\"publisher\":{\"@id\":\"https:\\\/\\\/cvinoticias.com\\\/v3\\\/#organization\"},\"alternateName\":\"CVI\",\"potentialAction\":[{\"@type\":\"SearchAction\",\"target\":{\"@type\":\"EntryPoint\",\"urlTemplate\":\"https:\\\/\\\/cvinoticias.com\\\/v3\\\/?s={search_term_string}\"},\"query-input\":{\"@type\":\"PropertyValueSpecification\",\"valueRequired\":true,\"valueName\":\"search_term_string\"}}],\"inLanguage\":\"es\"},{\"@type\":\"Organization\",\"@id\":\"https:\\\/\\\/cvinoticias.com\\\/v3\\\/#organization\",\"name\":\"CVI NOTICIAS\",\"url\":\"https:\\\/\\\/cvinoticias.com\\\/v3\\\/\",\"logo\":{\"@type\":\"ImageObject\",\"inLanguage\":\"es\",\"@id\":\"https:\\\/\\\/cvinoticias.com\\\/v3\\\/#\\\/schema\\\/logo\\\/image\\\/\",\"url\":\"https:\\\/\\\/cvinoticias.com\\\/wp-content\\\/uploads\\\/2023\\\/04\\\/cropped-cropped-cropped-cropped-cropped-3-1.png\",\"contentUrl\":\"https:\\\/\\\/cvinoticias.com\\\/wp-content\\\/uploads\\\/2023\\\/04\\\/cropped-cropped-cropped-cropped-cropped-3-1.png\",\"width\":95,\"height\":122,\"caption\":\"CVI NOTICIAS\"},\"image\":{\"@id\":\"https:\\\/\\\/cvinoticias.com\\\/v3\\\/#\\\/schema\\\/logo\\\/image\\\/\"},\"sameAs\":[\"https:\\\/\\\/www.facebook.com\\\/cvinoticias\",\"https:\\\/\\\/www.instagram.com\\\/cvinoticias\\\/\",\"https:\\\/\\\/www.youtube.com\\\/@CVINOTICIAS\"]},{\"@type\":\"Person\",\"@id\":\"https:\\\/\\\/cvinoticias.com\\\/v3\\\/#\\\/schema\\\/person\\\/2db77e3c6bc03c538495d7b2b8be9b66\",\"name\":\"f1000024\",\"image\":{\"@type\":\"ImageObject\",\"inLanguage\":\"es\",\"@id\":\"https:\\\/\\\/secure.gravatar.com\\\/avatar\\\/d4fe7459cfc51ff5129ce1a732bbef5928568b8092d412ef95611616376bbeed?s=96&d=mm&r=g\",\"url\":\"https:\\\/\\\/secure.gravatar.com\\\/avatar\\\/d4fe7459cfc51ff5129ce1a732bbef5928568b8092d412ef95611616376bbeed?s=96&d=mm&r=g\",\"contentUrl\":\"https:\\\/\\\/secure.gravatar.com\\\/avatar\\\/d4fe7459cfc51ff5129ce1a732bbef5928568b8092d412ef95611616376bbeed?s=96&d=mm&r=g\",\"caption\":\"f1000024\"},\"url\":\"https:\\\/\\\/cvinoticias.com\\\/v3\\\/author\\\/f1000024\\\/\"}]}<\/script>\n<!-- \/ Yoast SEO plugin. -->","yoast_head_json":{"title":"Firme reclamo de Herrera a Naci\u00f3n por recursos y obras para los misioneros | CVI NOTICIAS","robots":{"index":"index","follow":"follow","max-snippet":"max-snippet:-1","max-image-preview":"max-image-preview:large","max-video-preview":"max-video-preview:-1"},"canonical":"https:\/\/cvinoticias.com\/v3\/firme-reclamo-de-herrera-a-nacion-por-recursos-y-obras-para-los-misioneros\/","og_locale":"es_ES","og_type":"article","og_title":"Firme reclamo de Herrera a Naci\u00f3n por recursos y obras para los misioneros | CVI NOTICIAS","og_description":"El gobernador de Misiones elev\u00f3 hoy al presidente de la C\u00e1mara de Diputados Sergio Massa un pedido tajante relativo a un paquete de obras, fondos y leyes: Zona Aduanera Especial, reparaci\u00f3n por el cuidado del ambiente y fondos del consenso fiscal. En total, las demandas suman $283 mil millones. Oscar Herrera Ahuad se reuni\u00f3 esta [&hellip;]","og_url":"https:\/\/cvinoticias.com\/v3\/firme-reclamo-de-herrera-a-nacion-por-recursos-y-obras-para-los-misioneros\/","og_site_name":"CVI NOTICIAS","article_publisher":"https:\/\/www.facebook.com\/cvinoticias","article_published_time":"2021-10-26T22:49:28+00:00","og_image":[{"width":720,"height":1280,"url":"https:\/\/cvinoticias.com\/wp-content\/uploads\/2021\/10\/IMG-20211026-WA0099.jpg","type":"image\/jpeg"}],"author":"f1000024","twitter_card":"summary_large_image","twitter_misc":{"Escrito por":"f1000024","Tiempo de lectura":"4 minutos"},"schema":{"@context":"https:\/\/schema.org","@graph":[{"@type":"Article","@id":"https:\/\/cvinoticias.com\/v3\/firme-reclamo-de-herrera-a-nacion-por-recursos-y-obras-para-los-misioneros\/#article","isPartOf":{"@id":"https:\/\/cvinoticias.com\/v3\/firme-reclamo-de-herrera-a-nacion-por-recursos-y-obras-para-los-misioneros\/"},"author":{"name":"f1000024","@id":"https:\/\/cvinoticias.com\/v3\/#\/schema\/person\/2db77e3c6bc03c538495d7b2b8be9b66"},"headline":"Firme reclamo de Herrera a Naci\u00f3n por recursos y obras para los misioneros","datePublished":"2021-10-26T22:49:28+00:00","mainEntityOfPage":{"@id":"https:\/\/cvinoticias.com\/v3\/firme-reclamo-de-herrera-a-nacion-por-recursos-y-obras-para-los-misioneros\/"},"wordCount":883,"commentCount":0,"publisher":{"@id":"https:\/\/cvinoticias.com\/v3\/#organization"},"image":{"@id":"https:\/\/cvinoticias.com\/v3\/firme-reclamo-de-herrera-a-nacion-por-recursos-y-obras-para-los-misioneros\/#primaryimage"},"thumbnailUrl":"https:\/\/cvinoticias.com\/wp-content\/uploads\/2021\/10\/IMG-20211026-WA0099.jpg","articleSection":["Politica"],"inLanguage":"es","potentialAction":[{"@type":"CommentAction","name":"Comment","target":["https:\/\/cvinoticias.com\/v3\/firme-reclamo-de-herrera-a-nacion-por-recursos-y-obras-para-los-misioneros\/#respond"]}]},{"@type":"WebPage","@id":"https:\/\/cvinoticias.com\/v3\/firme-reclamo-de-herrera-a-nacion-por-recursos-y-obras-para-los-misioneros\/","url":"https:\/\/cvinoticias.com\/v3\/firme-reclamo-de-herrera-a-nacion-por-recursos-y-obras-para-los-misioneros\/","name":"Firme reclamo de Herrera a Naci\u00f3n por recursos y obras para los misioneros | CVI NOTICIAS","isPartOf":{"@id":"https:\/\/cvinoticias.com\/v3\/#website"},"primaryImageOfPage":{"@id":"https:\/\/cvinoticias.com\/v3\/firme-reclamo-de-herrera-a-nacion-por-recursos-y-obras-para-los-misioneros\/#primaryimage"},"image":{"@id":"https:\/\/cvinoticias.com\/v3\/firme-reclamo-de-herrera-a-nacion-por-recursos-y-obras-para-los-misioneros\/#primaryimage"},"thumbnailUrl":"https:\/\/cvinoticias.com\/wp-content\/uploads\/2021\/10\/IMG-20211026-WA0099.jpg","datePublished":"2021-10-26T22:49:28+00:00","breadcrumb":{"@id":"https:\/\/cvinoticias.com\/v3\/firme-reclamo-de-herrera-a-nacion-por-recursos-y-obras-para-los-misioneros\/#breadcrumb"},"inLanguage":"es","potentialAction":[{"@type":"ReadAction","target":["https:\/\/cvinoticias.com\/v3\/firme-reclamo-de-herrera-a-nacion-por-recursos-y-obras-para-los-misioneros\/"]}]},{"@type":"ImageObject","inLanguage":"es","@id":"https:\/\/cvinoticias.com\/v3\/firme-reclamo-de-herrera-a-nacion-por-recursos-y-obras-para-los-misioneros\/#primaryimage","url":"https:\/\/cvinoticias.com\/wp-content\/uploads\/2021\/10\/IMG-20211026-WA0099.jpg","contentUrl":"https:\/\/cvinoticias.com\/wp-content\/uploads\/2021\/10\/IMG-20211026-WA0099.jpg","width":720,"height":1280},{"@type":"BreadcrumbList","@id":"https:\/\/cvinoticias.com\/v3\/firme-reclamo-de-herrera-a-nacion-por-recursos-y-obras-para-los-misioneros\/#breadcrumb","itemListElement":[{"@type":"ListItem","position":1,"name":"Portada","item":"https:\/\/cvinoticias.com\/v3\/"},{"@type":"ListItem","position":2,"name":"Firme reclamo de Herrera a Naci\u00f3n por recursos y obras para los misioneros"}]},{"@type":"WebSite","@id":"https:\/\/cvinoticias.com\/v3\/#website","url":"https:\/\/cvinoticias.com\/v3\/","name":"CVI NOTICIAS","description":"","publisher":{"@id":"https:\/\/cvinoticias.com\/v3\/#organization"},"alternateName":"CVI","potentialAction":[{"@type":"SearchAction","target":{"@type":"EntryPoint","urlTemplate":"https:\/\/cvinoticias.com\/v3\/?s={search_term_string}"},"query-input":{"@type":"PropertyValueSpecification","valueRequired":true,"valueName":"search_term_string"}}],"inLanguage":"es"},{"@type":"Organization","@id":"https:\/\/cvinoticias.com\/v3\/#organization","name":"CVI NOTICIAS","url":"https:\/\/cvinoticias.com\/v3\/","logo":{"@type":"ImageObject","inLanguage":"es","@id":"https:\/\/cvinoticias.com\/v3\/#\/schema\/logo\/image\/","url":"https:\/\/cvinoticias.com\/wp-content\/uploads\/2023\/04\/cropped-cropped-cropped-cropped-cropped-3-1.png","contentUrl":"https:\/\/cvinoticias.com\/wp-content\/uploads\/2023\/04\/cropped-cropped-cropped-cropped-cropped-3-1.png","width":95,"height":122,"caption":"CVI NOTICIAS"},"image":{"@id":"https:\/\/cvinoticias.com\/v3\/#\/schema\/logo\/image\/"},"sameAs":["https:\/\/www.facebook.com\/cvinoticias","https:\/\/www.instagram.com\/cvinoticias\/","https:\/\/www.youtube.com\/@CVINOTICIAS"]},{"@type":"Person","@id":"https:\/\/cvinoticias.com\/v3\/#\/schema\/person\/2db77e3c6bc03c538495d7b2b8be9b66","name":"f1000024","image":{"@type":"ImageObject","inLanguage":"es","@id":"https:\/\/secure.gravatar.com\/avatar\/d4fe7459cfc51ff5129ce1a732bbef5928568b8092d412ef95611616376bbeed?s=96&d=mm&r=g","url":"https:\/\/secure.gravatar.com\/avatar\/d4fe7459cfc51ff5129ce1a732bbef5928568b8092d412ef95611616376bbeed?s=96&d=mm&r=g","contentUrl":"https:\/\/secure.gravatar.com\/avatar\/d4fe7459cfc51ff5129ce1a732bbef5928568b8092d412ef95611616376bbeed?s=96&d=mm&r=g","caption":"f1000024"},"url":"https:\/\/cvinoticias.com\/v3\/author\/f1000024\/"}]}},"_links":{"self":[{"href":"https:\/\/cvinoticias.com\/v3\/wp-json\/wp\/v2\/posts\/9945","targetHints":{"allow":["GET"]}}],"collection":[{"href":"https:\/\/cvinoticias.com\/v3\/wp-json\/wp\/v2\/posts"}],"about":[{"href":"https:\/\/cvinoticias.com\/v3\/wp-json\/wp\/v2\/types\/post"}],"author":[{"embeddable":true,"href":"https:\/\/cvinoticias.com\/v3\/wp-json\/wp\/v2\/users\/2"}],"replies":[{"embeddable":true,"href":"https:\/\/cvinoticias.com\/v3\/wp-json\/wp\/v2\/comments?post=9945"}],"version-history":[{"count":2,"href":"https:\/\/cvinoticias.com\/v3\/wp-json\/wp\/v2\/posts\/9945\/revisions"}],"predecessor-version":[{"id":9950,"href":"https:\/\/cvinoticias.com\/v3\/wp-json\/wp\/v2\/posts\/9945\/revisions\/9950"}],"wp:featuredmedia":[{"embeddable":true,"href":"https:\/\/cvinoticias.com\/v3\/wp-json\/wp\/v2\/media\/9947"}],"wp:attachment":[{"href":"https:\/\/cvinoticias.com\/v3\/wp-json\/wp\/v2\/media?parent=9945"}],"wp:term":[{"taxonomy":"category","embeddable":true,"href":"https:\/\/cvinoticias.com\/v3\/wp-json\/wp\/v2\/categories?post=9945"},{"taxonomy":"post_tag","embeddable":true,"href":"https:\/\/cvinoticias.com\/v3\/wp-json\/wp\/v2\/tags?post=9945"}],"curies":[{"name":"wp","href":"https:\/\/api.w.org\/{rel}","templated":true}]}}