{"id":9933,"date":"2021-10-26T13:05:04","date_gmt":"2021-10-26T13:05:04","guid":{"rendered":"https:\/\/cvinoticias.com\/v3\/?p=9933"},"modified":"2021-10-26T13:05:04","modified_gmt":"2021-10-26T13:05:04","slug":"aplicaran-tercera-dosis-a-los-mayores-de-50-anos-que-recibieron-sinopharm-e-inmunocomprometidos","status":"publish","type":"post","link":"https:\/\/cvinoticias.com\/v3\/aplicaran-tercera-dosis-a-los-mayores-de-50-anos-que-recibieron-sinopharm-e-inmunocomprometidos\/","title":{"rendered":"Aplicar\u00e1n tercera dosis a los mayores de 50 a\u00f1os que recibieron Sinopharm e inmunocomprometidos"},"content":{"rendered":"\n<p><strong><em>Lo anunci\u00f3 la ministra de Salud, Carla Vizzotti. Son aproximadamente 1.6 millones de personas.<\/em><\/strong><\/p>\n\n\n\n<p>Carla Vizzotti, acompa\u00f1ada del ministro de Turismo y Deportes, Mat\u00edas Lammens, anunci\u00f3 que la Argentina comenzar\u00e1 a aplicar una tercera dosis de la vacuna contra el coronavirus a los mayores de 50 a\u00f1os que hayan recibido la Sinopharm y las personas mayores de 3 a\u00f1os inmunocomprometidos que hayan iniciado el esquema de vacunaci\u00f3n con cualquier componente.<br><br>Seg\u00fan explic\u00f3 la Ministra de Salud, la decisi\u00f3n se tom\u00f3 en base a recomendaciones de la OMS y de organismos internacionales: \u201cLa evidencia muestra que se puede avanzar en las personas inmunocomprometidas, que tengan las defensas bajas por cualquier motivo, mayores de 3 a\u00f1os que hayan recibido cualquier esquema de vacunaci\u00f3n. Vamos a trabajar en la planificaci\u00f3n y distribuci\u00f3n con cada una de las provincias\u201d. Estos dos grupos contienen aproxidamente 1,6 millones de personas.<br><br>Adem\u00e1s, la funcionaria aclar\u00f3 que no es lo mismo una tercera dosis que un refuerzo: \u201cLa tercera dosis complementa el esquema primario para ampliar la protecci\u00f3n y el refuerzo, despu\u00e9s de haber recibido el esquema primario recomendado, lo que hace es reforzar la inmunidad en forma peri\u00f3dica y eso es al menos 6 meses despu\u00e9s de haber recibido el esquema primario\u201d.<br><br>E inform\u00f3 que los refuerzos se dar\u00e1n en la Argentina a partir de diciembre: \u201cEst\u00e1n planificados, se est\u00e1 trabajando con las provincias y a partir de diciembre se va a empezar con el refuerzo empezando por el personal de salud y escalonadamente como fuimos avanzando con nuestro plan de vacunaci\u00f3n\u201d.<br><br>Asimismo, Vizzotti indic\u00f3 que se empezar\u00e1 a trabajar con las provincias que sean lim\u00edtrofes con otros pa\u00edses para vacunar en los puntos de fronteras \u201chasta que todos los pa\u00edses puedan vacunar y dar vuelta la p\u00e1gina de la pandemia\u201d. Esto aplicar\u00e1 para Paraguay con Formosa y para Salta y Jujuy con Bolivia, principalmente.<br><br>En esta l\u00ednea, los representantes del Gobierno anunciaron que la Argentina comenzar\u00e1 a vacunar a los turistas que ingresen al territorio nacional: \u201cAtentos que tenemos stock suficiente para vacunar a todos los argentinos, vamos a avanzar con la oferta a los turistas menores de 18 a\u00f1os, que son quienes van a poder ingresar sin tener vacunaci\u00f3n por turismo, y a los que ingresen por alguna excepci\u00f3n\u201d.<br><br>En este punto, Lammens sostuvo que esta medida ser\u00e1 \u201cun atractivo enorme\u201d para los turistas de todo el mundo y vaticin\u00f3 una temporada \u201cr\u00e9cord\u201d de verano, con niveles de ocupaci\u00f3n muy altos. Adem\u00e1s, agreg\u00f3 que ya no se pedir\u00e1 PCR negativo a los 5-7 d\u00edas de ingresar al pa\u00eds y que los turistas solo tendr\u00e1n que tener esquema de vacunaci\u00f3n completo con un test 72 horas antes de la entrada.<br><br>\u201cEsto es posible gracias a la gran cantidad de vacunas que consigui\u00f3 la Argentina. Son estrategias que otros pa\u00edses han implementado, tenemos una expectativa enorme con el turismo receptivo. M\u00e1s turistas siginfica m\u00e1s trabajo, reactivaci\u00f3n y consolidar n\u00fameros de recuperaci\u00f3n de empleo en la actividad gastron\u00f3mica\u201d, expres\u00f3 el ministro.<\/p>\n\n\n\n<p><\/p>\n","protected":false},"excerpt":{"rendered":"<p>Lo anunci\u00f3 la ministra de Salud, Carla Vizzotti. Son aproximadamente 1.6 millones de personas. Carla Vizzotti, acompa\u00f1ada del ministro de Turismo y Deportes, Mat\u00edas Lammens, anunci\u00f3 que la Argentina comenzar\u00e1 a aplicar una tercera dosis de la vacuna contra el coronavirus a los mayores de 50 a\u00f1os que hayan recibido la Sinopharm y las personas [&hellip;]<\/p>\n","protected":false},"author":2,"featured_media":9934,"comment_status":"open","ping_status":"open","sticky":false,"template":"","format":"standard","meta":{"footnotes":""},"categories":[22],"tags":[],"class_list":["post-9933","post","type-post","status-publish","format-standard","has-post-thumbnail","hentry","category-salud"],"yoast_head":"<!-- This site is optimized with the Yoast SEO plugin v27.5 - https:\/\/yoast.com\/product\/yoast-seo-wordpress\/ -->\n<title>Aplicar\u00e1n tercera dosis a los mayores de 50 a\u00f1os que recibieron Sinopharm e inmunocomprometidos | CVI NOTICIAS<\/title>\n<meta name=\"robots\" content=\"index, follow, max-snippet:-1, max-image-preview:large, max-video-preview:-1\" \/>\n<link rel=\"canonical\" href=\"https:\/\/cvinoticias.com\/v3\/aplicaran-tercera-dosis-a-los-mayores-de-50-anos-que-recibieron-sinopharm-e-inmunocomprometidos\/\" \/>\n<meta property=\"og:locale\" content=\"es_ES\" \/>\n<meta property=\"og:type\" content=\"article\" \/>\n<meta property=\"og:title\" content=\"Aplicar\u00e1n tercera dosis a los mayores de 50 a\u00f1os que recibieron Sinopharm e inmunocomprometidos | CVI NOTICIAS\" \/>\n<meta property=\"og:description\" content=\"Lo anunci\u00f3 la ministra de Salud, Carla Vizzotti. Son aproximadamente 1.6 millones de personas. Carla Vizzotti, acompa\u00f1ada del ministro de Turismo y Deportes, Mat\u00edas Lammens, anunci\u00f3 que la Argentina comenzar\u00e1 a aplicar una tercera dosis de la vacuna contra el coronavirus a los mayores de 50 a\u00f1os que hayan recibido la Sinopharm y las personas [&hellip;]\" \/>\n<meta property=\"og:url\" content=\"https:\/\/cvinoticias.com\/v3\/aplicaran-tercera-dosis-a-los-mayores-de-50-anos-que-recibieron-sinopharm-e-inmunocomprometidos\/\" \/>\n<meta property=\"og:site_name\" content=\"CVI NOTICIAS\" \/>\n<meta property=\"article:publisher\" content=\"https:\/\/www.facebook.com\/cvinoticias\" \/>\n<meta property=\"article:published_time\" content=\"2021-10-26T13:05:04+00:00\" \/>\n<meta property=\"og:image\" content=\"https:\/\/cvinoticias.com\/wp-content\/uploads\/2021\/10\/bvacunacion-estadio-3-9122308_38653751_20211001055238.jpg\" \/>\n\t<meta property=\"og:image:width\" content=\"843\" \/>\n\t<meta property=\"og:image:height\" content=\"562\" \/>\n\t<meta property=\"og:image:type\" content=\"image\/jpeg\" \/>\n<meta name=\"author\" content=\"f1000024\" \/>\n<meta name=\"twitter:card\" content=\"summary_large_image\" \/>\n<meta name=\"twitter:label1\" content=\"Escrito por\" \/>\n\t<meta name=\"twitter:data1\" content=\"f1000024\" \/>\n\t<meta name=\"twitter:label2\" content=\"Tiempo de lectura\" \/>\n\t<meta name=\"twitter:data2\" content=\"3 minutos\" \/>\n<script type=\"application\/ld+json\" class=\"yoast-schema-graph\">{\"@context\":\"https:\\\/\\\/schema.org\",\"@graph\":[{\"@type\":\"Article\",\"@id\":\"https:\\\/\\\/cvinoticias.com\\\/v3\\\/aplicaran-tercera-dosis-a-los-mayores-de-50-anos-que-recibieron-sinopharm-e-inmunocomprometidos\\\/#article\",\"isPartOf\":{\"@id\":\"https:\\\/\\\/cvinoticias.com\\\/v3\\\/aplicaran-tercera-dosis-a-los-mayores-de-50-anos-que-recibieron-sinopharm-e-inmunocomprometidos\\\/\"},\"author\":{\"name\":\"f1000024\",\"@id\":\"https:\\\/\\\/cvinoticias.com\\\/v3\\\/#\\\/schema\\\/person\\\/2db77e3c6bc03c538495d7b2b8be9b66\"},\"headline\":\"Aplicar\u00e1n tercera dosis a los mayores de 50 a\u00f1os que recibieron Sinopharm e inmunocomprometidos\",\"datePublished\":\"2021-10-26T13:05:04+00:00\",\"mainEntityOfPage\":{\"@id\":\"https:\\\/\\\/cvinoticias.com\\\/v3\\\/aplicaran-tercera-dosis-a-los-mayores-de-50-anos-que-recibieron-sinopharm-e-inmunocomprometidos\\\/\"},\"wordCount\":541,\"commentCount\":0,\"publisher\":{\"@id\":\"https:\\\/\\\/cvinoticias.com\\\/v3\\\/#organization\"},\"image\":{\"@id\":\"https:\\\/\\\/cvinoticias.com\\\/v3\\\/aplicaran-tercera-dosis-a-los-mayores-de-50-anos-que-recibieron-sinopharm-e-inmunocomprometidos\\\/#primaryimage\"},\"thumbnailUrl\":\"https:\\\/\\\/cvinoticias.com\\\/wp-content\\\/uploads\\\/2021\\\/10\\\/bvacunacion-estadio-3-9122308_38653751_20211001055238.jpg\",\"articleSection\":[\"Salud\"],\"inLanguage\":\"es\",\"potentialAction\":[{\"@type\":\"CommentAction\",\"name\":\"Comment\",\"target\":[\"https:\\\/\\\/cvinoticias.com\\\/v3\\\/aplicaran-tercera-dosis-a-los-mayores-de-50-anos-que-recibieron-sinopharm-e-inmunocomprometidos\\\/#respond\"]}]},{\"@type\":\"WebPage\",\"@id\":\"https:\\\/\\\/cvinoticias.com\\\/v3\\\/aplicaran-tercera-dosis-a-los-mayores-de-50-anos-que-recibieron-sinopharm-e-inmunocomprometidos\\\/\",\"url\":\"https:\\\/\\\/cvinoticias.com\\\/v3\\\/aplicaran-tercera-dosis-a-los-mayores-de-50-anos-que-recibieron-sinopharm-e-inmunocomprometidos\\\/\",\"name\":\"Aplicar\u00e1n tercera dosis a los mayores de 50 a\u00f1os que recibieron Sinopharm e inmunocomprometidos | CVI NOTICIAS\",\"isPartOf\":{\"@id\":\"https:\\\/\\\/cvinoticias.com\\\/v3\\\/#website\"},\"primaryImageOfPage\":{\"@id\":\"https:\\\/\\\/cvinoticias.com\\\/v3\\\/aplicaran-tercera-dosis-a-los-mayores-de-50-anos-que-recibieron-sinopharm-e-inmunocomprometidos\\\/#primaryimage\"},\"image\":{\"@id\":\"https:\\\/\\\/cvinoticias.com\\\/v3\\\/aplicaran-tercera-dosis-a-los-mayores-de-50-anos-que-recibieron-sinopharm-e-inmunocomprometidos\\\/#primaryimage\"},\"thumbnailUrl\":\"https:\\\/\\\/cvinoticias.com\\\/wp-content\\\/uploads\\\/2021\\\/10\\\/bvacunacion-estadio-3-9122308_38653751_20211001055238.jpg\",\"datePublished\":\"2021-10-26T13:05:04+00:00\",\"breadcrumb\":{\"@id\":\"https:\\\/\\\/cvinoticias.com\\\/v3\\\/aplicaran-tercera-dosis-a-los-mayores-de-50-anos-que-recibieron-sinopharm-e-inmunocomprometidos\\\/#breadcrumb\"},\"inLanguage\":\"es\",\"potentialAction\":[{\"@type\":\"ReadAction\",\"target\":[\"https:\\\/\\\/cvinoticias.com\\\/v3\\\/aplicaran-tercera-dosis-a-los-mayores-de-50-anos-que-recibieron-sinopharm-e-inmunocomprometidos\\\/\"]}]},{\"@type\":\"ImageObject\",\"inLanguage\":\"es\",\"@id\":\"https:\\\/\\\/cvinoticias.com\\\/v3\\\/aplicaran-tercera-dosis-a-los-mayores-de-50-anos-que-recibieron-sinopharm-e-inmunocomprometidos\\\/#primaryimage\",\"url\":\"https:\\\/\\\/cvinoticias.com\\\/wp-content\\\/uploads\\\/2021\\\/10\\\/bvacunacion-estadio-3-9122308_38653751_20211001055238.jpg\",\"contentUrl\":\"https:\\\/\\\/cvinoticias.com\\\/wp-content\\\/uploads\\\/2021\\\/10\\\/bvacunacion-estadio-3-9122308_38653751_20211001055238.jpg\",\"width\":843,\"height\":562},{\"@type\":\"BreadcrumbList\",\"@id\":\"https:\\\/\\\/cvinoticias.com\\\/v3\\\/aplicaran-tercera-dosis-a-los-mayores-de-50-anos-que-recibieron-sinopharm-e-inmunocomprometidos\\\/#breadcrumb\",\"itemListElement\":[{\"@type\":\"ListItem\",\"position\":1,\"name\":\"Portada\",\"item\":\"https:\\\/\\\/cvinoticias.com\\\/v3\\\/\"},{\"@type\":\"ListItem\",\"position\":2,\"name\":\"Aplicar\u00e1n tercera dosis a los mayores de 50 a\u00f1os que recibieron Sinopharm e inmunocomprometidos\"}]},{\"@type\":\"WebSite\",\"@id\":\"https:\\\/\\\/cvinoticias.com\\\/v3\\\/#website\",\"url\":\"https:\\\/\\\/cvinoticias.com\\\/v3\\\/\",\"name\":\"CVI NOTICIAS\",\"description\":\"\",\"publisher\":{\"@id\":\"https:\\\/\\\/cvinoticias.com\\\/v3\\\/#organization\"},\"alternateName\":\"CVI\",\"potentialAction\":[{\"@type\":\"SearchAction\",\"target\":{\"@type\":\"EntryPoint\",\"urlTemplate\":\"https:\\\/\\\/cvinoticias.com\\\/v3\\\/?s={search_term_string}\"},\"query-input\":{\"@type\":\"PropertyValueSpecification\",\"valueRequired\":true,\"valueName\":\"search_term_string\"}}],\"inLanguage\":\"es\"},{\"@type\":\"Organization\",\"@id\":\"https:\\\/\\\/cvinoticias.com\\\/v3\\\/#organization\",\"name\":\"CVI NOTICIAS\",\"url\":\"https:\\\/\\\/cvinoticias.com\\\/v3\\\/\",\"logo\":{\"@type\":\"ImageObject\",\"inLanguage\":\"es\",\"@id\":\"https:\\\/\\\/cvinoticias.com\\\/v3\\\/#\\\/schema\\\/logo\\\/image\\\/\",\"url\":\"https:\\\/\\\/cvinoticias.com\\\/wp-content\\\/uploads\\\/2023\\\/04\\\/cropped-cropped-cropped-cropped-cropped-3-1.png\",\"contentUrl\":\"https:\\\/\\\/cvinoticias.com\\\/wp-content\\\/uploads\\\/2023\\\/04\\\/cropped-cropped-cropped-cropped-cropped-3-1.png\",\"width\":95,\"height\":122,\"caption\":\"CVI NOTICIAS\"},\"image\":{\"@id\":\"https:\\\/\\\/cvinoticias.com\\\/v3\\\/#\\\/schema\\\/logo\\\/image\\\/\"},\"sameAs\":[\"https:\\\/\\\/www.facebook.com\\\/cvinoticias\",\"https:\\\/\\\/www.instagram.com\\\/cvinoticias\\\/\",\"https:\\\/\\\/www.youtube.com\\\/@CVINOTICIAS\"]},{\"@type\":\"Person\",\"@id\":\"https:\\\/\\\/cvinoticias.com\\\/v3\\\/#\\\/schema\\\/person\\\/2db77e3c6bc03c538495d7b2b8be9b66\",\"name\":\"f1000024\",\"image\":{\"@type\":\"ImageObject\",\"inLanguage\":\"es\",\"@id\":\"https:\\\/\\\/secure.gravatar.com\\\/avatar\\\/d4fe7459cfc51ff5129ce1a732bbef5928568b8092d412ef95611616376bbeed?s=96&d=mm&r=g\",\"url\":\"https:\\\/\\\/secure.gravatar.com\\\/avatar\\\/d4fe7459cfc51ff5129ce1a732bbef5928568b8092d412ef95611616376bbeed?s=96&d=mm&r=g\",\"contentUrl\":\"https:\\\/\\\/secure.gravatar.com\\\/avatar\\\/d4fe7459cfc51ff5129ce1a732bbef5928568b8092d412ef95611616376bbeed?s=96&d=mm&r=g\",\"caption\":\"f1000024\"},\"url\":\"https:\\\/\\\/cvinoticias.com\\\/v3\\\/author\\\/f1000024\\\/\"}]}<\/script>\n<!-- \/ Yoast SEO plugin. -->","yoast_head_json":{"title":"Aplicar\u00e1n tercera dosis a los mayores de 50 a\u00f1os que recibieron Sinopharm e inmunocomprometidos | CVI NOTICIAS","robots":{"index":"index","follow":"follow","max-snippet":"max-snippet:-1","max-image-preview":"max-image-preview:large","max-video-preview":"max-video-preview:-1"},"canonical":"https:\/\/cvinoticias.com\/v3\/aplicaran-tercera-dosis-a-los-mayores-de-50-anos-que-recibieron-sinopharm-e-inmunocomprometidos\/","og_locale":"es_ES","og_type":"article","og_title":"Aplicar\u00e1n tercera dosis a los mayores de 50 a\u00f1os que recibieron Sinopharm e inmunocomprometidos | CVI NOTICIAS","og_description":"Lo anunci\u00f3 la ministra de Salud, Carla Vizzotti. Son aproximadamente 1.6 millones de personas. Carla Vizzotti, acompa\u00f1ada del ministro de Turismo y Deportes, Mat\u00edas Lammens, anunci\u00f3 que la Argentina comenzar\u00e1 a aplicar una tercera dosis de la vacuna contra el coronavirus a los mayores de 50 a\u00f1os que hayan recibido la Sinopharm y las personas [&hellip;]","og_url":"https:\/\/cvinoticias.com\/v3\/aplicaran-tercera-dosis-a-los-mayores-de-50-anos-que-recibieron-sinopharm-e-inmunocomprometidos\/","og_site_name":"CVI NOTICIAS","article_publisher":"https:\/\/www.facebook.com\/cvinoticias","article_published_time":"2021-10-26T13:05:04+00:00","og_image":[{"width":843,"height":562,"url":"https:\/\/cvinoticias.com\/wp-content\/uploads\/2021\/10\/bvacunacion-estadio-3-9122308_38653751_20211001055238.jpg","type":"image\/jpeg"}],"author":"f1000024","twitter_card":"summary_large_image","twitter_misc":{"Escrito por":"f1000024","Tiempo de lectura":"3 minutos"},"schema":{"@context":"https:\/\/schema.org","@graph":[{"@type":"Article","@id":"https:\/\/cvinoticias.com\/v3\/aplicaran-tercera-dosis-a-los-mayores-de-50-anos-que-recibieron-sinopharm-e-inmunocomprometidos\/#article","isPartOf":{"@id":"https:\/\/cvinoticias.com\/v3\/aplicaran-tercera-dosis-a-los-mayores-de-50-anos-que-recibieron-sinopharm-e-inmunocomprometidos\/"},"author":{"name":"f1000024","@id":"https:\/\/cvinoticias.com\/v3\/#\/schema\/person\/2db77e3c6bc03c538495d7b2b8be9b66"},"headline":"Aplicar\u00e1n tercera dosis a los mayores de 50 a\u00f1os que recibieron Sinopharm e inmunocomprometidos","datePublished":"2021-10-26T13:05:04+00:00","mainEntityOfPage":{"@id":"https:\/\/cvinoticias.com\/v3\/aplicaran-tercera-dosis-a-los-mayores-de-50-anos-que-recibieron-sinopharm-e-inmunocomprometidos\/"},"wordCount":541,"commentCount":0,"publisher":{"@id":"https:\/\/cvinoticias.com\/v3\/#organization"},"image":{"@id":"https:\/\/cvinoticias.com\/v3\/aplicaran-tercera-dosis-a-los-mayores-de-50-anos-que-recibieron-sinopharm-e-inmunocomprometidos\/#primaryimage"},"thumbnailUrl":"https:\/\/cvinoticias.com\/wp-content\/uploads\/2021\/10\/bvacunacion-estadio-3-9122308_38653751_20211001055238.jpg","articleSection":["Salud"],"inLanguage":"es","potentialAction":[{"@type":"CommentAction","name":"Comment","target":["https:\/\/cvinoticias.com\/v3\/aplicaran-tercera-dosis-a-los-mayores-de-50-anos-que-recibieron-sinopharm-e-inmunocomprometidos\/#respond"]}]},{"@type":"WebPage","@id":"https:\/\/cvinoticias.com\/v3\/aplicaran-tercera-dosis-a-los-mayores-de-50-anos-que-recibieron-sinopharm-e-inmunocomprometidos\/","url":"https:\/\/cvinoticias.com\/v3\/aplicaran-tercera-dosis-a-los-mayores-de-50-anos-que-recibieron-sinopharm-e-inmunocomprometidos\/","name":"Aplicar\u00e1n tercera dosis a los mayores de 50 a\u00f1os que recibieron Sinopharm e inmunocomprometidos | CVI NOTICIAS","isPartOf":{"@id":"https:\/\/cvinoticias.com\/v3\/#website"},"primaryImageOfPage":{"@id":"https:\/\/cvinoticias.com\/v3\/aplicaran-tercera-dosis-a-los-mayores-de-50-anos-que-recibieron-sinopharm-e-inmunocomprometidos\/#primaryimage"},"image":{"@id":"https:\/\/cvinoticias.com\/v3\/aplicaran-tercera-dosis-a-los-mayores-de-50-anos-que-recibieron-sinopharm-e-inmunocomprometidos\/#primaryimage"},"thumbnailUrl":"https:\/\/cvinoticias.com\/wp-content\/uploads\/2021\/10\/bvacunacion-estadio-3-9122308_38653751_20211001055238.jpg","datePublished":"2021-10-26T13:05:04+00:00","breadcrumb":{"@id":"https:\/\/cvinoticias.com\/v3\/aplicaran-tercera-dosis-a-los-mayores-de-50-anos-que-recibieron-sinopharm-e-inmunocomprometidos\/#breadcrumb"},"inLanguage":"es","potentialAction":[{"@type":"ReadAction","target":["https:\/\/cvinoticias.com\/v3\/aplicaran-tercera-dosis-a-los-mayores-de-50-anos-que-recibieron-sinopharm-e-inmunocomprometidos\/"]}]},{"@type":"ImageObject","inLanguage":"es","@id":"https:\/\/cvinoticias.com\/v3\/aplicaran-tercera-dosis-a-los-mayores-de-50-anos-que-recibieron-sinopharm-e-inmunocomprometidos\/#primaryimage","url":"https:\/\/cvinoticias.com\/wp-content\/uploads\/2021\/10\/bvacunacion-estadio-3-9122308_38653751_20211001055238.jpg","contentUrl":"https:\/\/cvinoticias.com\/wp-content\/uploads\/2021\/10\/bvacunacion-estadio-3-9122308_38653751_20211001055238.jpg","width":843,"height":562},{"@type":"BreadcrumbList","@id":"https:\/\/cvinoticias.com\/v3\/aplicaran-tercera-dosis-a-los-mayores-de-50-anos-que-recibieron-sinopharm-e-inmunocomprometidos\/#breadcrumb","itemListElement":[{"@type":"ListItem","position":1,"name":"Portada","item":"https:\/\/cvinoticias.com\/v3\/"},{"@type":"ListItem","position":2,"name":"Aplicar\u00e1n tercera dosis a los mayores de 50 a\u00f1os que recibieron Sinopharm e inmunocomprometidos"}]},{"@type":"WebSite","@id":"https:\/\/cvinoticias.com\/v3\/#website","url":"https:\/\/cvinoticias.com\/v3\/","name":"CVI NOTICIAS","description":"","publisher":{"@id":"https:\/\/cvinoticias.com\/v3\/#organization"},"alternateName":"CVI","potentialAction":[{"@type":"SearchAction","target":{"@type":"EntryPoint","urlTemplate":"https:\/\/cvinoticias.com\/v3\/?s={search_term_string}"},"query-input":{"@type":"PropertyValueSpecification","valueRequired":true,"valueName":"search_term_string"}}],"inLanguage":"es"},{"@type":"Organization","@id":"https:\/\/cvinoticias.com\/v3\/#organization","name":"CVI NOTICIAS","url":"https:\/\/cvinoticias.com\/v3\/","logo":{"@type":"ImageObject","inLanguage":"es","@id":"https:\/\/cvinoticias.com\/v3\/#\/schema\/logo\/image\/","url":"https:\/\/cvinoticias.com\/wp-content\/uploads\/2023\/04\/cropped-cropped-cropped-cropped-cropped-3-1.png","contentUrl":"https:\/\/cvinoticias.com\/wp-content\/uploads\/2023\/04\/cropped-cropped-cropped-cropped-cropped-3-1.png","width":95,"height":122,"caption":"CVI NOTICIAS"},"image":{"@id":"https:\/\/cvinoticias.com\/v3\/#\/schema\/logo\/image\/"},"sameAs":["https:\/\/www.facebook.com\/cvinoticias","https:\/\/www.instagram.com\/cvinoticias\/","https:\/\/www.youtube.com\/@CVINOTICIAS"]},{"@type":"Person","@id":"https:\/\/cvinoticias.com\/v3\/#\/schema\/person\/2db77e3c6bc03c538495d7b2b8be9b66","name":"f1000024","image":{"@type":"ImageObject","inLanguage":"es","@id":"https:\/\/secure.gravatar.com\/avatar\/d4fe7459cfc51ff5129ce1a732bbef5928568b8092d412ef95611616376bbeed?s=96&d=mm&r=g","url":"https:\/\/secure.gravatar.com\/avatar\/d4fe7459cfc51ff5129ce1a732bbef5928568b8092d412ef95611616376bbeed?s=96&d=mm&r=g","contentUrl":"https:\/\/secure.gravatar.com\/avatar\/d4fe7459cfc51ff5129ce1a732bbef5928568b8092d412ef95611616376bbeed?s=96&d=mm&r=g","caption":"f1000024"},"url":"https:\/\/cvinoticias.com\/v3\/author\/f1000024\/"}]}},"_links":{"self":[{"href":"https:\/\/cvinoticias.com\/v3\/wp-json\/wp\/v2\/posts\/9933","targetHints":{"allow":["GET"]}}],"collection":[{"href":"https:\/\/cvinoticias.com\/v3\/wp-json\/wp\/v2\/posts"}],"about":[{"href":"https:\/\/cvinoticias.com\/v3\/wp-json\/wp\/v2\/types\/post"}],"author":[{"embeddable":true,"href":"https:\/\/cvinoticias.com\/v3\/wp-json\/wp\/v2\/users\/2"}],"replies":[{"embeddable":true,"href":"https:\/\/cvinoticias.com\/v3\/wp-json\/wp\/v2\/comments?post=9933"}],"version-history":[{"count":1,"href":"https:\/\/cvinoticias.com\/v3\/wp-json\/wp\/v2\/posts\/9933\/revisions"}],"predecessor-version":[{"id":9935,"href":"https:\/\/cvinoticias.com\/v3\/wp-json\/wp\/v2\/posts\/9933\/revisions\/9935"}],"wp:featuredmedia":[{"embeddable":true,"href":"https:\/\/cvinoticias.com\/v3\/wp-json\/wp\/v2\/media\/9934"}],"wp:attachment":[{"href":"https:\/\/cvinoticias.com\/v3\/wp-json\/wp\/v2\/media?parent=9933"}],"wp:term":[{"taxonomy":"category","embeddable":true,"href":"https:\/\/cvinoticias.com\/v3\/wp-json\/wp\/v2\/categories?post=9933"},{"taxonomy":"post_tag","embeddable":true,"href":"https:\/\/cvinoticias.com\/v3\/wp-json\/wp\/v2\/tags?post=9933"}],"curies":[{"name":"wp","href":"https:\/\/api.w.org\/{rel}","templated":true}]}}