{"id":9924,"date":"2021-10-26T11:31:31","date_gmt":"2021-10-26T11:31:31","guid":{"rendered":"https:\/\/cvinoticias.com\/v3\/?p=9924"},"modified":"2021-10-26T11:31:31","modified_gmt":"2021-10-26T11:31:31","slug":"herrera-le-reclama-a-la-nacion-mas-fondos-y-obras-para-misiones","status":"publish","type":"post","link":"https:\/\/cvinoticias.com\/v3\/herrera-le-reclama-a-la-nacion-mas-fondos-y-obras-para-misiones\/","title":{"rendered":"Herrera le reclama a la Naci\u00f3n m\u00e1s fondos y obras para Misiones"},"content":{"rendered":"\n<p class=\"wp-block-paragraph\"><strong><em>Zona aduanera, contribuci\u00f3n por el medio ambiente y fondos del consenso fiscal, sumado a un paquete de obras, suman $283 mil millones.<\/em><\/strong><\/p>\n\n\n\n<p class=\"wp-block-paragraph\">El gobernador de Misiones, Oscar Herrera Ahuad se reunir\u00e1 hoy con el presidente de la C\u00e1mara de Diputados de la Naci\u00f3n, Sergio Massa, a quien le entregar\u00e1 una carpeta con un paquete de obras, fondos y varias leyes que benefician a Misiones, para que sean incorporadas en el tratamiento del Presupuesto 2022\u00a0que se comenz\u00f3 a discutir justo ayer en la Comisi\u00f3n de Hacienda de la C\u00e1mara baja.<\/p>\n\n\n\n<p class=\"wp-block-paragraph\">Los puntos m\u00e1s importantes son: la zona aduanera especial para Misiones, el reconocimiento de una contribuci\u00f3n por los servicios ambientales que brinda la provincia al resto del pa\u00eds y la actualizaci\u00f3n de los montos pendientes por el Consenso Fiscal. Estos tres puntos, sumados al paquete de obras que pide Misiones para los 77 municipios suman 283 mil millones de pesos adicionales al reparto original.<\/p>\n\n\n\n<p class=\"wp-block-paragraph\">Este r\u00e1pido reclamo del Frente Renovador tiene el objetivo de mejorar la participaci\u00f3n que le toca a la Provincia en los fondos y las obras que se distribuyen en el proyecto nacional que fue enviado por el presidente Alberto Fern\u00e1ndez al Congreso y que dejan a Misiones en el \u00faltimo lugar del reparto \u201cper c\u00e1pita\u201d de los beneficios.<\/p>\n\n\n\n<p class=\"wp-block-paragraph\">Desde la renovaci\u00f3n, advirtieron que \u201cs\u00ed o s\u00ed\u201d se tienen que incorporar al presupuesto del a\u00f1o pr\u00f3ximo, de lo contrario no se acompa\u00f1ar\u00e1 la ley desde el bloque de diputados \u201cmisioneristas\u201d.\u00a0\u201cNosotros no pertenecemos al bloque del Frente de Todos ni obedecemos mandatos partidarios nacionales, por eso no vamos a votar nada que no traiga beneficios para los misioneros\u201d, se\u00f1alaron desde la Gobernaci\u00f3n.<\/p>\n\n\n\n<h5 class=\"wp-block-heading\"><strong>Tres pedidos para incorporar<\/strong><\/h5>\n\n\n\n<p class=\"wp-block-paragraph\"><em>\u2022 El principal reclamo es que se vuelva a sancionar, como el a\u00f1o pasado, la creaci\u00f3n en el territorio de Misiones de un \u00c1rea Aduanera Especial, en los t\u00e9rminos del C\u00f3digo Aduanero; as\u00ed como tambi\u00e9n, la posibilidad de extensi\u00f3n de Zonas Francas habilitadas. En caso que se apruebe, se tendr\u00e1n que eliminar los impuestos nacionales: Impuesto a las Ganancias, Impuesto al Valor Agregado, Impuestos Internos, Bienes Personales; Cr\u00e9ditos y D\u00e9bitos Bancarios; Impuesto a los Combustibles. Las empresas que accedan a los beneficios deber\u00e1n generar ofertas laborales, incorporar tecnolog\u00eda, incrementar niveles de producci\u00f3n, reinvertir 50% de utilidades en la provincia y capacitar el recurso humano.<\/em><\/p>\n\n\n\n<p class=\"wp-block-paragraph\">\u2022 Se pide tambi\u00e9n reconocer la contribuci\u00f3n esencial que realiza Misiones a la preservaci\u00f3n de la selva paranaense mediante la creaci\u00f3n \u201cFondo de Contribuci\u00f3n Especial de Cambio Clim\u00e1tico 2050 por la suma de 114.000 millones de pesos \u201cpara hacer sostenible la conservaci\u00f3n de la selva misionera por cuyos servicios ecosist\u00e9micos se ven beneficiadas el resto de las Jurisdicciones\u201d.<\/p>\n\n\n\n<p class=\"wp-block-paragraph\"> \u2022 <em>Y el tercer punto es que la Naci\u00f3n transfiera \u201cde manera \u00edntegra, en un plazo no mayor a 90 d\u00edas de sancionado el presupuesto \u201clas diferencias resultantes desde el a\u00f1o 2019 al 2021 del monto por la compensaci\u00f3n establecida en el t\u00edtulo II del Consenso fiscal\u201d aprobado en 2017.<\/em><\/p>\n\n\n\n<h5 class=\"wp-block-heading\"><strong>Millonario paquete de obras<\/strong><\/h5>\n\n\n\n<p class=\"wp-block-paragraph\"><em>El mandatario lleva tambi\u00e9n un millonario paquete de obras para que la Naci\u00f3n lo incorpore al Presupuesto 2022 donde se ven beneficiados los 77 municipios misioneros, y donde se destacan al menos 5.000 viviendas, una docena de hospitales nuevos, l\u00edneas el\u00e9ctricas de 500Kv, 132Kv, 33Kv y 13,2Kv en diferentes puntos de la provincia; redes de agua potable, acueductos y perforaciones en unos 20 municipios, saneamiento ambiental y cloacas en una decena de comunas, unas quince terminales, obras en rutas provinciales y nacionales, alrededor de 35 escuelas de todos los niveles, pavimento en todos los pueblos, cinco centros de adicciones, comisar\u00edas, tres unidades penales, alumbrado p\u00fablico en unos 25 pueblos, estaciones de paneles fotovoltaicos para generar electricidad, entre otras.<\/em><\/p>\n\n\n\n<p class=\"wp-block-paragraph\"><\/p>\n\n\n\n<p class=\"wp-block-paragraph\"><strong>Fuente: Primera Edici\u00f3n <\/strong><\/p>\n","protected":false},"excerpt":{"rendered":"<p>Zona aduanera, contribuci\u00f3n por el medio ambiente y fondos del consenso fiscal, sumado a un paquete de obras, suman $283 mil millones. El gobernador de Misiones, Oscar Herrera Ahuad se reunir\u00e1 hoy con el presidente de la C\u00e1mara de Diputados de la Naci\u00f3n, Sergio Massa, a quien le entregar\u00e1 una carpeta con un paquete de [&hellip;]<\/p>\n","protected":false},"author":2,"featured_media":9925,"comment_status":"open","ping_status":"open","sticky":false,"template":"","format":"standard","meta":{"footnotes":""},"categories":[42],"tags":[],"class_list":["post-9924","post","type-post","status-publish","format-standard","has-post-thumbnail","hentry","category-politica"],"yoast_head":"<!-- This site is optimized with the Yoast SEO plugin v28.3 - https:\/\/yoast.com\/product\/yoast-seo-wordpress\/ -->\n<title>Herrera le reclama a la Naci\u00f3n m\u00e1s fondos y obras para Misiones | CVI NOTICIAS<\/title>\n<meta name=\"robots\" content=\"index, follow, max-snippet:-1, max-image-preview:large, max-video-preview:-1\" \/>\n<link rel=\"canonical\" href=\"https:\/\/cvinoticias.com\/v3\/herrera-le-reclama-a-la-nacion-mas-fondos-y-obras-para-misiones\/\" \/>\n<meta property=\"og:locale\" content=\"es_ES\" \/>\n<meta property=\"og:type\" content=\"article\" \/>\n<meta property=\"og:title\" content=\"Herrera le reclama a la Naci\u00f3n m\u00e1s fondos y obras para Misiones | CVI NOTICIAS\" \/>\n<meta property=\"og:description\" content=\"Zona aduanera, contribuci\u00f3n por el medio ambiente y fondos del consenso fiscal, sumado a un paquete de obras, suman $283 mil millones. El gobernador de Misiones, Oscar Herrera Ahuad se reunir\u00e1 hoy con el presidente de la C\u00e1mara de Diputados de la Naci\u00f3n, Sergio Massa, a quien le entregar\u00e1 una carpeta con un paquete de [&hellip;]\" \/>\n<meta property=\"og:url\" content=\"https:\/\/cvinoticias.com\/v3\/herrera-le-reclama-a-la-nacion-mas-fondos-y-obras-para-misiones\/\" \/>\n<meta property=\"og:site_name\" content=\"CVI NOTICIAS\" \/>\n<meta property=\"article:publisher\" content=\"https:\/\/www.facebook.com\/cvinoticias\" \/>\n<meta property=\"article:published_time\" content=\"2021-10-26T11:31:31+00:00\" \/>\n<meta property=\"og:image\" content=\"https:\/\/cvinoticias.com\/wp-content\/uploads\/2021\/10\/images-6.jpeg\" \/>\n\t<meta property=\"og:image:width\" content=\"276\" \/>\n\t<meta property=\"og:image:height\" content=\"183\" \/>\n\t<meta property=\"og:image:type\" content=\"image\/jpeg\" \/>\n<meta name=\"author\" content=\"f1000024\" \/>\n<meta name=\"twitter:card\" content=\"summary_large_image\" \/>\n<meta name=\"twitter:label1\" content=\"Escrito por\" \/>\n\t<meta name=\"twitter:data1\" content=\"f1000024\" \/>\n\t<meta name=\"twitter:label2\" content=\"Tiempo de lectura\" \/>\n\t<meta name=\"twitter:data2\" content=\"3 minutos\" \/>\n<script type=\"application\/ld+json\" class=\"yoast-schema-graph\">{\"@context\":\"https:\\\/\\\/schema.org\",\"@graph\":[{\"@type\":\"Article\",\"@id\":\"https:\\\/\\\/cvinoticias.com\\\/v3\\\/herrera-le-reclama-a-la-nacion-mas-fondos-y-obras-para-misiones\\\/#article\",\"isPartOf\":{\"@id\":\"https:\\\/\\\/cvinoticias.com\\\/v3\\\/herrera-le-reclama-a-la-nacion-mas-fondos-y-obras-para-misiones\\\/\"},\"author\":{\"name\":\"f1000024\",\"@id\":\"https:\\\/\\\/cvinoticias.com\\\/v3\\\/#\\\/schema\\\/person\\\/2db77e3c6bc03c538495d7b2b8be9b66\"},\"headline\":\"Herrera le reclama a la Naci\u00f3n m\u00e1s fondos y obras para Misiones\",\"datePublished\":\"2021-10-26T11:31:31+00:00\",\"mainEntityOfPage\":{\"@id\":\"https:\\\/\\\/cvinoticias.com\\\/v3\\\/herrera-le-reclama-a-la-nacion-mas-fondos-y-obras-para-misiones\\\/\"},\"wordCount\":661,\"commentCount\":0,\"publisher\":{\"@id\":\"https:\\\/\\\/cvinoticias.com\\\/v3\\\/#organization\"},\"image\":{\"@id\":\"https:\\\/\\\/cvinoticias.com\\\/v3\\\/herrera-le-reclama-a-la-nacion-mas-fondos-y-obras-para-misiones\\\/#primaryimage\"},\"thumbnailUrl\":\"https:\\\/\\\/cvinoticias.com\\\/wp-content\\\/uploads\\\/2021\\\/10\\\/images-6.jpeg\",\"articleSection\":[\"Politica\"],\"inLanguage\":\"es\",\"potentialAction\":[{\"@type\":\"CommentAction\",\"name\":\"Comment\",\"target\":[\"https:\\\/\\\/cvinoticias.com\\\/v3\\\/herrera-le-reclama-a-la-nacion-mas-fondos-y-obras-para-misiones\\\/#respond\"]}]},{\"@type\":\"WebPage\",\"@id\":\"https:\\\/\\\/cvinoticias.com\\\/v3\\\/herrera-le-reclama-a-la-nacion-mas-fondos-y-obras-para-misiones\\\/\",\"url\":\"https:\\\/\\\/cvinoticias.com\\\/v3\\\/herrera-le-reclama-a-la-nacion-mas-fondos-y-obras-para-misiones\\\/\",\"name\":\"Herrera le reclama a la Naci\u00f3n m\u00e1s fondos y obras para Misiones | CVI NOTICIAS\",\"isPartOf\":{\"@id\":\"https:\\\/\\\/cvinoticias.com\\\/v3\\\/#website\"},\"primaryImageOfPage\":{\"@id\":\"https:\\\/\\\/cvinoticias.com\\\/v3\\\/herrera-le-reclama-a-la-nacion-mas-fondos-y-obras-para-misiones\\\/#primaryimage\"},\"image\":{\"@id\":\"https:\\\/\\\/cvinoticias.com\\\/v3\\\/herrera-le-reclama-a-la-nacion-mas-fondos-y-obras-para-misiones\\\/#primaryimage\"},\"thumbnailUrl\":\"https:\\\/\\\/cvinoticias.com\\\/wp-content\\\/uploads\\\/2021\\\/10\\\/images-6.jpeg\",\"datePublished\":\"2021-10-26T11:31:31+00:00\",\"breadcrumb\":{\"@id\":\"https:\\\/\\\/cvinoticias.com\\\/v3\\\/herrera-le-reclama-a-la-nacion-mas-fondos-y-obras-para-misiones\\\/#breadcrumb\"},\"inLanguage\":\"es\",\"potentialAction\":[{\"@type\":\"ReadAction\",\"target\":[\"https:\\\/\\\/cvinoticias.com\\\/v3\\\/herrera-le-reclama-a-la-nacion-mas-fondos-y-obras-para-misiones\\\/\"]}]},{\"@type\":\"ImageObject\",\"inLanguage\":\"es\",\"@id\":\"https:\\\/\\\/cvinoticias.com\\\/v3\\\/herrera-le-reclama-a-la-nacion-mas-fondos-y-obras-para-misiones\\\/#primaryimage\",\"url\":\"https:\\\/\\\/cvinoticias.com\\\/wp-content\\\/uploads\\\/2021\\\/10\\\/images-6.jpeg\",\"contentUrl\":\"https:\\\/\\\/cvinoticias.com\\\/wp-content\\\/uploads\\\/2021\\\/10\\\/images-6.jpeg\",\"width\":276,\"height\":183},{\"@type\":\"BreadcrumbList\",\"@id\":\"https:\\\/\\\/cvinoticias.com\\\/v3\\\/herrera-le-reclama-a-la-nacion-mas-fondos-y-obras-para-misiones\\\/#breadcrumb\",\"itemListElement\":[{\"@type\":\"ListItem\",\"position\":1,\"name\":\"Portada\",\"item\":\"https:\\\/\\\/cvinoticias.com\\\/v3\\\/\"},{\"@type\":\"ListItem\",\"position\":2,\"name\":\"Herrera le reclama a la Naci\u00f3n m\u00e1s fondos y obras para Misiones\"}]},{\"@type\":\"WebSite\",\"@id\":\"https:\\\/\\\/cvinoticias.com\\\/v3\\\/#website\",\"url\":\"https:\\\/\\\/cvinoticias.com\\\/v3\\\/\",\"name\":\"CVI NOTICIAS\",\"description\":\"\",\"publisher\":{\"@id\":\"https:\\\/\\\/cvinoticias.com\\\/v3\\\/#organization\"},\"alternateName\":\"CVI\",\"potentialAction\":[{\"@type\":\"SearchAction\",\"target\":{\"@type\":\"EntryPoint\",\"urlTemplate\":\"https:\\\/\\\/cvinoticias.com\\\/v3\\\/?s={search_term_string}\"},\"query-input\":{\"@type\":\"PropertyValueSpecification\",\"valueRequired\":true,\"valueName\":\"search_term_string\"}}],\"inLanguage\":\"es\"},{\"@type\":\"Organization\",\"@id\":\"https:\\\/\\\/cvinoticias.com\\\/v3\\\/#organization\",\"name\":\"CVI NOTICIAS\",\"url\":\"https:\\\/\\\/cvinoticias.com\\\/v3\\\/\",\"logo\":{\"@type\":\"ImageObject\",\"inLanguage\":\"es\",\"@id\":\"https:\\\/\\\/cvinoticias.com\\\/v3\\\/#\\\/schema\\\/logo\\\/image\\\/\",\"url\":\"https:\\\/\\\/cvinoticias.com\\\/wp-content\\\/uploads\\\/2023\\\/04\\\/cropped-cropped-cropped-cropped-cropped-3-1.png\",\"contentUrl\":\"https:\\\/\\\/cvinoticias.com\\\/wp-content\\\/uploads\\\/2023\\\/04\\\/cropped-cropped-cropped-cropped-cropped-3-1.png\",\"width\":95,\"height\":122,\"caption\":\"CVI NOTICIAS\"},\"image\":{\"@id\":\"https:\\\/\\\/cvinoticias.com\\\/v3\\\/#\\\/schema\\\/logo\\\/image\\\/\"},\"sameAs\":[\"https:\\\/\\\/www.facebook.com\\\/cvinoticias\",\"https:\\\/\\\/www.instagram.com\\\/cvinoticias\\\/\",\"https:\\\/\\\/www.youtube.com\\\/@CVINOTICIAS\"]},{\"@type\":\"Person\",\"@id\":\"https:\\\/\\\/cvinoticias.com\\\/v3\\\/#\\\/schema\\\/person\\\/2db77e3c6bc03c538495d7b2b8be9b66\",\"name\":\"f1000024\",\"image\":{\"@type\":\"ImageObject\",\"inLanguage\":\"es\",\"@id\":\"https:\\\/\\\/secure.gravatar.com\\\/avatar\\\/d4fe7459cfc51ff5129ce1a732bbef5928568b8092d412ef95611616376bbeed?s=96&d=mm&r=g\",\"url\":\"https:\\\/\\\/secure.gravatar.com\\\/avatar\\\/d4fe7459cfc51ff5129ce1a732bbef5928568b8092d412ef95611616376bbeed?s=96&d=mm&r=g\",\"contentUrl\":\"https:\\\/\\\/secure.gravatar.com\\\/avatar\\\/d4fe7459cfc51ff5129ce1a732bbef5928568b8092d412ef95611616376bbeed?s=96&d=mm&r=g\",\"caption\":\"f1000024\"},\"url\":\"https:\\\/\\\/cvinoticias.com\\\/v3\\\/author\\\/f1000024\\\/\"}]}<\/script>\n<!-- \/ Yoast SEO plugin. -->","yoast_head_json":{"title":"Herrera le reclama a la Naci\u00f3n m\u00e1s fondos y obras para Misiones | CVI NOTICIAS","robots":{"index":"index","follow":"follow","max-snippet":"max-snippet:-1","max-image-preview":"max-image-preview:large","max-video-preview":"max-video-preview:-1"},"canonical":"https:\/\/cvinoticias.com\/v3\/herrera-le-reclama-a-la-nacion-mas-fondos-y-obras-para-misiones\/","og_locale":"es_ES","og_type":"article","og_title":"Herrera le reclama a la Naci\u00f3n m\u00e1s fondos y obras para Misiones | CVI NOTICIAS","og_description":"Zona aduanera, contribuci\u00f3n por el medio ambiente y fondos del consenso fiscal, sumado a un paquete de obras, suman $283 mil millones. El gobernador de Misiones, Oscar Herrera Ahuad se reunir\u00e1 hoy con el presidente de la C\u00e1mara de Diputados de la Naci\u00f3n, Sergio Massa, a quien le entregar\u00e1 una carpeta con un paquete de [&hellip;]","og_url":"https:\/\/cvinoticias.com\/v3\/herrera-le-reclama-a-la-nacion-mas-fondos-y-obras-para-misiones\/","og_site_name":"CVI NOTICIAS","article_publisher":"https:\/\/www.facebook.com\/cvinoticias","article_published_time":"2021-10-26T11:31:31+00:00","og_image":[{"width":276,"height":183,"url":"https:\/\/cvinoticias.com\/wp-content\/uploads\/2021\/10\/images-6.jpeg","type":"image\/jpeg"}],"author":"f1000024","twitter_card":"summary_large_image","twitter_misc":{"Escrito por":"f1000024","Tiempo de lectura":"3 minutos"},"schema":{"@context":"https:\/\/schema.org","@graph":[{"@type":"Article","@id":"https:\/\/cvinoticias.com\/v3\/herrera-le-reclama-a-la-nacion-mas-fondos-y-obras-para-misiones\/#article","isPartOf":{"@id":"https:\/\/cvinoticias.com\/v3\/herrera-le-reclama-a-la-nacion-mas-fondos-y-obras-para-misiones\/"},"author":{"name":"f1000024","@id":"https:\/\/cvinoticias.com\/v3\/#\/schema\/person\/2db77e3c6bc03c538495d7b2b8be9b66"},"headline":"Herrera le reclama a la Naci\u00f3n m\u00e1s fondos y obras para Misiones","datePublished":"2021-10-26T11:31:31+00:00","mainEntityOfPage":{"@id":"https:\/\/cvinoticias.com\/v3\/herrera-le-reclama-a-la-nacion-mas-fondos-y-obras-para-misiones\/"},"wordCount":661,"commentCount":0,"publisher":{"@id":"https:\/\/cvinoticias.com\/v3\/#organization"},"image":{"@id":"https:\/\/cvinoticias.com\/v3\/herrera-le-reclama-a-la-nacion-mas-fondos-y-obras-para-misiones\/#primaryimage"},"thumbnailUrl":"https:\/\/cvinoticias.com\/wp-content\/uploads\/2021\/10\/images-6.jpeg","articleSection":["Politica"],"inLanguage":"es","potentialAction":[{"@type":"CommentAction","name":"Comment","target":["https:\/\/cvinoticias.com\/v3\/herrera-le-reclama-a-la-nacion-mas-fondos-y-obras-para-misiones\/#respond"]}]},{"@type":"WebPage","@id":"https:\/\/cvinoticias.com\/v3\/herrera-le-reclama-a-la-nacion-mas-fondos-y-obras-para-misiones\/","url":"https:\/\/cvinoticias.com\/v3\/herrera-le-reclama-a-la-nacion-mas-fondos-y-obras-para-misiones\/","name":"Herrera le reclama a la Naci\u00f3n m\u00e1s fondos y obras para Misiones | CVI NOTICIAS","isPartOf":{"@id":"https:\/\/cvinoticias.com\/v3\/#website"},"primaryImageOfPage":{"@id":"https:\/\/cvinoticias.com\/v3\/herrera-le-reclama-a-la-nacion-mas-fondos-y-obras-para-misiones\/#primaryimage"},"image":{"@id":"https:\/\/cvinoticias.com\/v3\/herrera-le-reclama-a-la-nacion-mas-fondos-y-obras-para-misiones\/#primaryimage"},"thumbnailUrl":"https:\/\/cvinoticias.com\/wp-content\/uploads\/2021\/10\/images-6.jpeg","datePublished":"2021-10-26T11:31:31+00:00","breadcrumb":{"@id":"https:\/\/cvinoticias.com\/v3\/herrera-le-reclama-a-la-nacion-mas-fondos-y-obras-para-misiones\/#breadcrumb"},"inLanguage":"es","potentialAction":[{"@type":"ReadAction","target":["https:\/\/cvinoticias.com\/v3\/herrera-le-reclama-a-la-nacion-mas-fondos-y-obras-para-misiones\/"]}]},{"@type":"ImageObject","inLanguage":"es","@id":"https:\/\/cvinoticias.com\/v3\/herrera-le-reclama-a-la-nacion-mas-fondos-y-obras-para-misiones\/#primaryimage","url":"https:\/\/cvinoticias.com\/wp-content\/uploads\/2021\/10\/images-6.jpeg","contentUrl":"https:\/\/cvinoticias.com\/wp-content\/uploads\/2021\/10\/images-6.jpeg","width":276,"height":183},{"@type":"BreadcrumbList","@id":"https:\/\/cvinoticias.com\/v3\/herrera-le-reclama-a-la-nacion-mas-fondos-y-obras-para-misiones\/#breadcrumb","itemListElement":[{"@type":"ListItem","position":1,"name":"Portada","item":"https:\/\/cvinoticias.com\/v3\/"},{"@type":"ListItem","position":2,"name":"Herrera le reclama a la Naci\u00f3n m\u00e1s fondos y obras para Misiones"}]},{"@type":"WebSite","@id":"https:\/\/cvinoticias.com\/v3\/#website","url":"https:\/\/cvinoticias.com\/v3\/","name":"CVI NOTICIAS","description":"","publisher":{"@id":"https:\/\/cvinoticias.com\/v3\/#organization"},"alternateName":"CVI","potentialAction":[{"@type":"SearchAction","target":{"@type":"EntryPoint","urlTemplate":"https:\/\/cvinoticias.com\/v3\/?s={search_term_string}"},"query-input":{"@type":"PropertyValueSpecification","valueRequired":true,"valueName":"search_term_string"}}],"inLanguage":"es"},{"@type":"Organization","@id":"https:\/\/cvinoticias.com\/v3\/#organization","name":"CVI NOTICIAS","url":"https:\/\/cvinoticias.com\/v3\/","logo":{"@type":"ImageObject","inLanguage":"es","@id":"https:\/\/cvinoticias.com\/v3\/#\/schema\/logo\/image\/","url":"https:\/\/cvinoticias.com\/wp-content\/uploads\/2023\/04\/cropped-cropped-cropped-cropped-cropped-3-1.png","contentUrl":"https:\/\/cvinoticias.com\/wp-content\/uploads\/2023\/04\/cropped-cropped-cropped-cropped-cropped-3-1.png","width":95,"height":122,"caption":"CVI NOTICIAS"},"image":{"@id":"https:\/\/cvinoticias.com\/v3\/#\/schema\/logo\/image\/"},"sameAs":["https:\/\/www.facebook.com\/cvinoticias","https:\/\/www.instagram.com\/cvinoticias\/","https:\/\/www.youtube.com\/@CVINOTICIAS"]},{"@type":"Person","@id":"https:\/\/cvinoticias.com\/v3\/#\/schema\/person\/2db77e3c6bc03c538495d7b2b8be9b66","name":"f1000024","image":{"@type":"ImageObject","inLanguage":"es","@id":"https:\/\/secure.gravatar.com\/avatar\/d4fe7459cfc51ff5129ce1a732bbef5928568b8092d412ef95611616376bbeed?s=96&d=mm&r=g","url":"https:\/\/secure.gravatar.com\/avatar\/d4fe7459cfc51ff5129ce1a732bbef5928568b8092d412ef95611616376bbeed?s=96&d=mm&r=g","contentUrl":"https:\/\/secure.gravatar.com\/avatar\/d4fe7459cfc51ff5129ce1a732bbef5928568b8092d412ef95611616376bbeed?s=96&d=mm&r=g","caption":"f1000024"},"url":"https:\/\/cvinoticias.com\/v3\/author\/f1000024\/"}]}},"_links":{"self":[{"href":"https:\/\/cvinoticias.com\/v3\/wp-json\/wp\/v2\/posts\/9924","targetHints":{"allow":["GET"]}}],"collection":[{"href":"https:\/\/cvinoticias.com\/v3\/wp-json\/wp\/v2\/posts"}],"about":[{"href":"https:\/\/cvinoticias.com\/v3\/wp-json\/wp\/v2\/types\/post"}],"author":[{"embeddable":true,"href":"https:\/\/cvinoticias.com\/v3\/wp-json\/wp\/v2\/users\/2"}],"replies":[{"embeddable":true,"href":"https:\/\/cvinoticias.com\/v3\/wp-json\/wp\/v2\/comments?post=9924"}],"version-history":[{"count":1,"href":"https:\/\/cvinoticias.com\/v3\/wp-json\/wp\/v2\/posts\/9924\/revisions"}],"predecessor-version":[{"id":9926,"href":"https:\/\/cvinoticias.com\/v3\/wp-json\/wp\/v2\/posts\/9924\/revisions\/9926"}],"wp:featuredmedia":[{"embeddable":true,"href":"https:\/\/cvinoticias.com\/v3\/wp-json\/wp\/v2\/media\/9925"}],"wp:attachment":[{"href":"https:\/\/cvinoticias.com\/v3\/wp-json\/wp\/v2\/media?parent=9924"}],"wp:term":[{"taxonomy":"category","embeddable":true,"href":"https:\/\/cvinoticias.com\/v3\/wp-json\/wp\/v2\/categories?post=9924"},{"taxonomy":"post_tag","embeddable":true,"href":"https:\/\/cvinoticias.com\/v3\/wp-json\/wp\/v2\/tags?post=9924"}],"curies":[{"name":"wp","href":"https:\/\/api.w.org\/{rel}","templated":true}]}}