{"id":9867,"date":"2021-10-25T12:33:30","date_gmt":"2021-10-25T12:33:30","guid":{"rendered":"https:\/\/cvinoticias.com\/v3\/?p=9867"},"modified":"2021-10-25T12:35:42","modified_gmt":"2021-10-25T12:35:42","slug":"cerraron-el-acceso-a-los-saltos-del-mocona-por-las-intensas-lluvias","status":"publish","type":"post","link":"https:\/\/cvinoticias.com\/v3\/cerraron-el-acceso-a-los-saltos-del-mocona-por-las-intensas-lluvias\/","title":{"rendered":"Cerraron el acceso a los Saltos del Mocon\u00e1 por el desborde del arroyo Yabot\u00ed"},"content":{"rendered":"\n<p><strong><em>Debido al desborde del arroyo Yabot\u00ed, est\u00e1 inhabilitado el puente, \u00fanico acceso al atractivo tur\u00edstico.&nbsp;<\/em><\/strong><\/p>\n\n\n\n<p>Las lluvias en las \u00faltimas semanas obligaron al cierre del acceso al Parque Saltos del Mocon\u00e1, y a los paseos n\u00e1uticos. Es que el gran caudal de agua ca\u00eddo en la regi\u00f3n, tanto en Misiones como y en el vecino pa\u00eds, Brasil, influyen directamente en la posiblidad de acceder a los saltos.<br><br>El desborde del arroyo Yabot\u00ed inhabilita el puente, \u00fanico acceso al atractivo tur\u00edstico. El parque fue habilitado el jueves pasado tras varios d\u00edas de estar inaccesible y volvi\u00f3 a cerrar el s\u00e1bado.<br><br>El Pepir\u00ed Min\u00ed y el Yabot\u00ed Guaz\u00fa son los dos afluentes de mayor importancia; que circundan al parque Provincial Mocon\u00e1 y que m\u00e1s agua, reciben en temporadas de muchas lluvias. La represa brasile\u00f1a Foz do Chapec\u00f3, tambi\u00e9n es una de las arroja gran cantidad de agua para liberar sus compuertas, pero afectando a la visibilidad de los saltos.<\/p>\n","protected":false},"excerpt":{"rendered":"<p>Debido al desborde del arroyo Yabot\u00ed, est\u00e1 inhabilitado el puente, \u00fanico acceso al atractivo tur\u00edstico.&nbsp; Las lluvias en las \u00faltimas semanas obligaron al cierre del acceso al Parque Saltos del Mocon\u00e1, y a los paseos n\u00e1uticos. Es que el gran caudal de agua ca\u00eddo en la regi\u00f3n, tanto en Misiones como y en el vecino [&hellip;]<\/p>\n","protected":false},"author":2,"featured_media":9868,"comment_status":"open","ping_status":"open","sticky":false,"template":"","format":"standard","meta":{"footnotes":""},"categories":[50],"tags":[],"class_list":["post-9867","post","type-post","status-publish","format-standard","has-post-thumbnail","hentry","category-turismo"],"yoast_head":"<!-- This site is optimized with the Yoast SEO plugin v27.4 - https:\/\/yoast.com\/product\/yoast-seo-wordpress\/ -->\n<title>Cerraron el acceso a los Saltos del Mocon\u00e1 por el desborde del arroyo Yabot\u00ed | CVI NOTICIAS<\/title>\n<meta name=\"robots\" content=\"index, follow, max-snippet:-1, max-image-preview:large, max-video-preview:-1\" \/>\n<link rel=\"canonical\" href=\"https:\/\/cvinoticias.com\/v3\/cerraron-el-acceso-a-los-saltos-del-mocona-por-las-intensas-lluvias\/\" \/>\n<meta property=\"og:locale\" content=\"es_ES\" \/>\n<meta property=\"og:type\" content=\"article\" \/>\n<meta property=\"og:title\" content=\"Cerraron el acceso a los Saltos del Mocon\u00e1 por el desborde del arroyo Yabot\u00ed | CVI NOTICIAS\" \/>\n<meta property=\"og:description\" content=\"Debido al desborde del arroyo Yabot\u00ed, est\u00e1 inhabilitado el puente, \u00fanico acceso al atractivo tur\u00edstico.&nbsp; Las lluvias en las \u00faltimas semanas obligaron al cierre del acceso al Parque Saltos del Mocon\u00e1, y a los paseos n\u00e1uticos. Es que el gran caudal de agua ca\u00eddo en la regi\u00f3n, tanto en Misiones como y en el vecino [&hellip;]\" \/>\n<meta property=\"og:url\" content=\"https:\/\/cvinoticias.com\/v3\/cerraron-el-acceso-a-los-saltos-del-mocona-por-las-intensas-lluvias\/\" \/>\n<meta property=\"og:site_name\" content=\"CVI NOTICIAS\" \/>\n<meta property=\"article:publisher\" content=\"https:\/\/www.facebook.com\/cvinoticias\" \/>\n<meta property=\"article:published_time\" content=\"2021-10-25T12:33:30+00:00\" \/>\n<meta property=\"article:modified_time\" content=\"2021-10-25T12:35:42+00:00\" \/>\n<meta property=\"og:image\" content=\"https:\/\/cvinoticias.com\/wp-content\/uploads\/2021\/10\/WhatsApp-Image-2019-12-06-at-10.46.36.jpeg\" \/>\n\t<meta property=\"og:image:width\" content=\"600\" \/>\n\t<meta property=\"og:image:height\" content=\"713\" \/>\n\t<meta property=\"og:image:type\" content=\"image\/jpeg\" \/>\n<meta name=\"author\" content=\"f1000024\" \/>\n<meta name=\"twitter:card\" content=\"summary_large_image\" \/>\n<meta name=\"twitter:label1\" content=\"Escrito por\" \/>\n\t<meta name=\"twitter:data1\" content=\"f1000024\" \/>\n\t<meta name=\"twitter:label2\" content=\"Tiempo de lectura\" \/>\n\t<meta name=\"twitter:data2\" content=\"1 minuto\" \/>\n<script type=\"application\/ld+json\" class=\"yoast-schema-graph\">{\"@context\":\"https:\\\/\\\/schema.org\",\"@graph\":[{\"@type\":\"Article\",\"@id\":\"https:\\\/\\\/cvinoticias.com\\\/v3\\\/cerraron-el-acceso-a-los-saltos-del-mocona-por-las-intensas-lluvias\\\/#article\",\"isPartOf\":{\"@id\":\"https:\\\/\\\/cvinoticias.com\\\/v3\\\/cerraron-el-acceso-a-los-saltos-del-mocona-por-las-intensas-lluvias\\\/\"},\"author\":{\"name\":\"f1000024\",\"@id\":\"https:\\\/\\\/cvinoticias.com\\\/v3\\\/#\\\/schema\\\/person\\\/2db77e3c6bc03c538495d7b2b8be9b66\"},\"headline\":\"Cerraron el acceso a los Saltos del Mocon\u00e1 por el desborde del arroyo Yabot\u00ed\",\"datePublished\":\"2021-10-25T12:33:30+00:00\",\"dateModified\":\"2021-10-25T12:35:42+00:00\",\"mainEntityOfPage\":{\"@id\":\"https:\\\/\\\/cvinoticias.com\\\/v3\\\/cerraron-el-acceso-a-los-saltos-del-mocona-por-las-intensas-lluvias\\\/\"},\"wordCount\":183,\"commentCount\":0,\"publisher\":{\"@id\":\"https:\\\/\\\/cvinoticias.com\\\/v3\\\/#organization\"},\"image\":{\"@id\":\"https:\\\/\\\/cvinoticias.com\\\/v3\\\/cerraron-el-acceso-a-los-saltos-del-mocona-por-las-intensas-lluvias\\\/#primaryimage\"},\"thumbnailUrl\":\"https:\\\/\\\/cvinoticias.com\\\/wp-content\\\/uploads\\\/2021\\\/10\\\/WhatsApp-Image-2019-12-06-at-10.46.36.jpeg\",\"articleSection\":[\"Turismo\"],\"inLanguage\":\"es\",\"potentialAction\":[{\"@type\":\"CommentAction\",\"name\":\"Comment\",\"target\":[\"https:\\\/\\\/cvinoticias.com\\\/v3\\\/cerraron-el-acceso-a-los-saltos-del-mocona-por-las-intensas-lluvias\\\/#respond\"]}]},{\"@type\":\"WebPage\",\"@id\":\"https:\\\/\\\/cvinoticias.com\\\/v3\\\/cerraron-el-acceso-a-los-saltos-del-mocona-por-las-intensas-lluvias\\\/\",\"url\":\"https:\\\/\\\/cvinoticias.com\\\/v3\\\/cerraron-el-acceso-a-los-saltos-del-mocona-por-las-intensas-lluvias\\\/\",\"name\":\"Cerraron el acceso a los Saltos del Mocon\u00e1 por el desborde del arroyo Yabot\u00ed | CVI NOTICIAS\",\"isPartOf\":{\"@id\":\"https:\\\/\\\/cvinoticias.com\\\/v3\\\/#website\"},\"primaryImageOfPage\":{\"@id\":\"https:\\\/\\\/cvinoticias.com\\\/v3\\\/cerraron-el-acceso-a-los-saltos-del-mocona-por-las-intensas-lluvias\\\/#primaryimage\"},\"image\":{\"@id\":\"https:\\\/\\\/cvinoticias.com\\\/v3\\\/cerraron-el-acceso-a-los-saltos-del-mocona-por-las-intensas-lluvias\\\/#primaryimage\"},\"thumbnailUrl\":\"https:\\\/\\\/cvinoticias.com\\\/wp-content\\\/uploads\\\/2021\\\/10\\\/WhatsApp-Image-2019-12-06-at-10.46.36.jpeg\",\"datePublished\":\"2021-10-25T12:33:30+00:00\",\"dateModified\":\"2021-10-25T12:35:42+00:00\",\"breadcrumb\":{\"@id\":\"https:\\\/\\\/cvinoticias.com\\\/v3\\\/cerraron-el-acceso-a-los-saltos-del-mocona-por-las-intensas-lluvias\\\/#breadcrumb\"},\"inLanguage\":\"es\",\"potentialAction\":[{\"@type\":\"ReadAction\",\"target\":[\"https:\\\/\\\/cvinoticias.com\\\/v3\\\/cerraron-el-acceso-a-los-saltos-del-mocona-por-las-intensas-lluvias\\\/\"]}]},{\"@type\":\"ImageObject\",\"inLanguage\":\"es\",\"@id\":\"https:\\\/\\\/cvinoticias.com\\\/v3\\\/cerraron-el-acceso-a-los-saltos-del-mocona-por-las-intensas-lluvias\\\/#primaryimage\",\"url\":\"https:\\\/\\\/cvinoticias.com\\\/wp-content\\\/uploads\\\/2021\\\/10\\\/WhatsApp-Image-2019-12-06-at-10.46.36.jpeg\",\"contentUrl\":\"https:\\\/\\\/cvinoticias.com\\\/wp-content\\\/uploads\\\/2021\\\/10\\\/WhatsApp-Image-2019-12-06-at-10.46.36.jpeg\",\"width\":600,\"height\":713},{\"@type\":\"BreadcrumbList\",\"@id\":\"https:\\\/\\\/cvinoticias.com\\\/v3\\\/cerraron-el-acceso-a-los-saltos-del-mocona-por-las-intensas-lluvias\\\/#breadcrumb\",\"itemListElement\":[{\"@type\":\"ListItem\",\"position\":1,\"name\":\"Portada\",\"item\":\"https:\\\/\\\/cvinoticias.com\\\/v3\\\/\"},{\"@type\":\"ListItem\",\"position\":2,\"name\":\"Cerraron el acceso a los Saltos del Mocon\u00e1 por el desborde del arroyo Yabot\u00ed\"}]},{\"@type\":\"WebSite\",\"@id\":\"https:\\\/\\\/cvinoticias.com\\\/v3\\\/#website\",\"url\":\"https:\\\/\\\/cvinoticias.com\\\/v3\\\/\",\"name\":\"CVI NOTICIAS\",\"description\":\"\",\"publisher\":{\"@id\":\"https:\\\/\\\/cvinoticias.com\\\/v3\\\/#organization\"},\"alternateName\":\"CVI\",\"potentialAction\":[{\"@type\":\"SearchAction\",\"target\":{\"@type\":\"EntryPoint\",\"urlTemplate\":\"https:\\\/\\\/cvinoticias.com\\\/v3\\\/?s={search_term_string}\"},\"query-input\":{\"@type\":\"PropertyValueSpecification\",\"valueRequired\":true,\"valueName\":\"search_term_string\"}}],\"inLanguage\":\"es\"},{\"@type\":\"Organization\",\"@id\":\"https:\\\/\\\/cvinoticias.com\\\/v3\\\/#organization\",\"name\":\"CVI NOTICIAS\",\"url\":\"https:\\\/\\\/cvinoticias.com\\\/v3\\\/\",\"logo\":{\"@type\":\"ImageObject\",\"inLanguage\":\"es\",\"@id\":\"https:\\\/\\\/cvinoticias.com\\\/v3\\\/#\\\/schema\\\/logo\\\/image\\\/\",\"url\":\"https:\\\/\\\/cvinoticias.com\\\/wp-content\\\/uploads\\\/2023\\\/04\\\/cropped-cropped-cropped-cropped-cropped-3-1.png\",\"contentUrl\":\"https:\\\/\\\/cvinoticias.com\\\/wp-content\\\/uploads\\\/2023\\\/04\\\/cropped-cropped-cropped-cropped-cropped-3-1.png\",\"width\":95,\"height\":122,\"caption\":\"CVI NOTICIAS\"},\"image\":{\"@id\":\"https:\\\/\\\/cvinoticias.com\\\/v3\\\/#\\\/schema\\\/logo\\\/image\\\/\"},\"sameAs\":[\"https:\\\/\\\/www.facebook.com\\\/cvinoticias\",\"https:\\\/\\\/www.instagram.com\\\/cvinoticias\\\/\",\"https:\\\/\\\/www.youtube.com\\\/@CVINOTICIAS\"]},{\"@type\":\"Person\",\"@id\":\"https:\\\/\\\/cvinoticias.com\\\/v3\\\/#\\\/schema\\\/person\\\/2db77e3c6bc03c538495d7b2b8be9b66\",\"name\":\"f1000024\",\"image\":{\"@type\":\"ImageObject\",\"inLanguage\":\"es\",\"@id\":\"https:\\\/\\\/secure.gravatar.com\\\/avatar\\\/d4fe7459cfc51ff5129ce1a732bbef5928568b8092d412ef95611616376bbeed?s=96&d=mm&r=g\",\"url\":\"https:\\\/\\\/secure.gravatar.com\\\/avatar\\\/d4fe7459cfc51ff5129ce1a732bbef5928568b8092d412ef95611616376bbeed?s=96&d=mm&r=g\",\"contentUrl\":\"https:\\\/\\\/secure.gravatar.com\\\/avatar\\\/d4fe7459cfc51ff5129ce1a732bbef5928568b8092d412ef95611616376bbeed?s=96&d=mm&r=g\",\"caption\":\"f1000024\"},\"url\":\"https:\\\/\\\/cvinoticias.com\\\/v3\\\/author\\\/f1000024\\\/\"}]}<\/script>\n<!-- \/ Yoast SEO plugin. -->","yoast_head_json":{"title":"Cerraron el acceso a los Saltos del Mocon\u00e1 por el desborde del arroyo Yabot\u00ed | CVI NOTICIAS","robots":{"index":"index","follow":"follow","max-snippet":"max-snippet:-1","max-image-preview":"max-image-preview:large","max-video-preview":"max-video-preview:-1"},"canonical":"https:\/\/cvinoticias.com\/v3\/cerraron-el-acceso-a-los-saltos-del-mocona-por-las-intensas-lluvias\/","og_locale":"es_ES","og_type":"article","og_title":"Cerraron el acceso a los Saltos del Mocon\u00e1 por el desborde del arroyo Yabot\u00ed | CVI NOTICIAS","og_description":"Debido al desborde del arroyo Yabot\u00ed, est\u00e1 inhabilitado el puente, \u00fanico acceso al atractivo tur\u00edstico.&nbsp; Las lluvias en las \u00faltimas semanas obligaron al cierre del acceso al Parque Saltos del Mocon\u00e1, y a los paseos n\u00e1uticos. Es que el gran caudal de agua ca\u00eddo en la regi\u00f3n, tanto en Misiones como y en el vecino [&hellip;]","og_url":"https:\/\/cvinoticias.com\/v3\/cerraron-el-acceso-a-los-saltos-del-mocona-por-las-intensas-lluvias\/","og_site_name":"CVI NOTICIAS","article_publisher":"https:\/\/www.facebook.com\/cvinoticias","article_published_time":"2021-10-25T12:33:30+00:00","article_modified_time":"2021-10-25T12:35:42+00:00","og_image":[{"width":600,"height":713,"url":"https:\/\/cvinoticias.com\/wp-content\/uploads\/2021\/10\/WhatsApp-Image-2019-12-06-at-10.46.36.jpeg","type":"image\/jpeg"}],"author":"f1000024","twitter_card":"summary_large_image","twitter_misc":{"Escrito por":"f1000024","Tiempo de lectura":"1 minuto"},"schema":{"@context":"https:\/\/schema.org","@graph":[{"@type":"Article","@id":"https:\/\/cvinoticias.com\/v3\/cerraron-el-acceso-a-los-saltos-del-mocona-por-las-intensas-lluvias\/#article","isPartOf":{"@id":"https:\/\/cvinoticias.com\/v3\/cerraron-el-acceso-a-los-saltos-del-mocona-por-las-intensas-lluvias\/"},"author":{"name":"f1000024","@id":"https:\/\/cvinoticias.com\/v3\/#\/schema\/person\/2db77e3c6bc03c538495d7b2b8be9b66"},"headline":"Cerraron el acceso a los Saltos del Mocon\u00e1 por el desborde del arroyo Yabot\u00ed","datePublished":"2021-10-25T12:33:30+00:00","dateModified":"2021-10-25T12:35:42+00:00","mainEntityOfPage":{"@id":"https:\/\/cvinoticias.com\/v3\/cerraron-el-acceso-a-los-saltos-del-mocona-por-las-intensas-lluvias\/"},"wordCount":183,"commentCount":0,"publisher":{"@id":"https:\/\/cvinoticias.com\/v3\/#organization"},"image":{"@id":"https:\/\/cvinoticias.com\/v3\/cerraron-el-acceso-a-los-saltos-del-mocona-por-las-intensas-lluvias\/#primaryimage"},"thumbnailUrl":"https:\/\/cvinoticias.com\/wp-content\/uploads\/2021\/10\/WhatsApp-Image-2019-12-06-at-10.46.36.jpeg","articleSection":["Turismo"],"inLanguage":"es","potentialAction":[{"@type":"CommentAction","name":"Comment","target":["https:\/\/cvinoticias.com\/v3\/cerraron-el-acceso-a-los-saltos-del-mocona-por-las-intensas-lluvias\/#respond"]}]},{"@type":"WebPage","@id":"https:\/\/cvinoticias.com\/v3\/cerraron-el-acceso-a-los-saltos-del-mocona-por-las-intensas-lluvias\/","url":"https:\/\/cvinoticias.com\/v3\/cerraron-el-acceso-a-los-saltos-del-mocona-por-las-intensas-lluvias\/","name":"Cerraron el acceso a los Saltos del Mocon\u00e1 por el desborde del arroyo Yabot\u00ed | CVI NOTICIAS","isPartOf":{"@id":"https:\/\/cvinoticias.com\/v3\/#website"},"primaryImageOfPage":{"@id":"https:\/\/cvinoticias.com\/v3\/cerraron-el-acceso-a-los-saltos-del-mocona-por-las-intensas-lluvias\/#primaryimage"},"image":{"@id":"https:\/\/cvinoticias.com\/v3\/cerraron-el-acceso-a-los-saltos-del-mocona-por-las-intensas-lluvias\/#primaryimage"},"thumbnailUrl":"https:\/\/cvinoticias.com\/wp-content\/uploads\/2021\/10\/WhatsApp-Image-2019-12-06-at-10.46.36.jpeg","datePublished":"2021-10-25T12:33:30+00:00","dateModified":"2021-10-25T12:35:42+00:00","breadcrumb":{"@id":"https:\/\/cvinoticias.com\/v3\/cerraron-el-acceso-a-los-saltos-del-mocona-por-las-intensas-lluvias\/#breadcrumb"},"inLanguage":"es","potentialAction":[{"@type":"ReadAction","target":["https:\/\/cvinoticias.com\/v3\/cerraron-el-acceso-a-los-saltos-del-mocona-por-las-intensas-lluvias\/"]}]},{"@type":"ImageObject","inLanguage":"es","@id":"https:\/\/cvinoticias.com\/v3\/cerraron-el-acceso-a-los-saltos-del-mocona-por-las-intensas-lluvias\/#primaryimage","url":"https:\/\/cvinoticias.com\/wp-content\/uploads\/2021\/10\/WhatsApp-Image-2019-12-06-at-10.46.36.jpeg","contentUrl":"https:\/\/cvinoticias.com\/wp-content\/uploads\/2021\/10\/WhatsApp-Image-2019-12-06-at-10.46.36.jpeg","width":600,"height":713},{"@type":"BreadcrumbList","@id":"https:\/\/cvinoticias.com\/v3\/cerraron-el-acceso-a-los-saltos-del-mocona-por-las-intensas-lluvias\/#breadcrumb","itemListElement":[{"@type":"ListItem","position":1,"name":"Portada","item":"https:\/\/cvinoticias.com\/v3\/"},{"@type":"ListItem","position":2,"name":"Cerraron el acceso a los Saltos del Mocon\u00e1 por el desborde del arroyo Yabot\u00ed"}]},{"@type":"WebSite","@id":"https:\/\/cvinoticias.com\/v3\/#website","url":"https:\/\/cvinoticias.com\/v3\/","name":"CVI NOTICIAS","description":"","publisher":{"@id":"https:\/\/cvinoticias.com\/v3\/#organization"},"alternateName":"CVI","potentialAction":[{"@type":"SearchAction","target":{"@type":"EntryPoint","urlTemplate":"https:\/\/cvinoticias.com\/v3\/?s={search_term_string}"},"query-input":{"@type":"PropertyValueSpecification","valueRequired":true,"valueName":"search_term_string"}}],"inLanguage":"es"},{"@type":"Organization","@id":"https:\/\/cvinoticias.com\/v3\/#organization","name":"CVI NOTICIAS","url":"https:\/\/cvinoticias.com\/v3\/","logo":{"@type":"ImageObject","inLanguage":"es","@id":"https:\/\/cvinoticias.com\/v3\/#\/schema\/logo\/image\/","url":"https:\/\/cvinoticias.com\/wp-content\/uploads\/2023\/04\/cropped-cropped-cropped-cropped-cropped-3-1.png","contentUrl":"https:\/\/cvinoticias.com\/wp-content\/uploads\/2023\/04\/cropped-cropped-cropped-cropped-cropped-3-1.png","width":95,"height":122,"caption":"CVI NOTICIAS"},"image":{"@id":"https:\/\/cvinoticias.com\/v3\/#\/schema\/logo\/image\/"},"sameAs":["https:\/\/www.facebook.com\/cvinoticias","https:\/\/www.instagram.com\/cvinoticias\/","https:\/\/www.youtube.com\/@CVINOTICIAS"]},{"@type":"Person","@id":"https:\/\/cvinoticias.com\/v3\/#\/schema\/person\/2db77e3c6bc03c538495d7b2b8be9b66","name":"f1000024","image":{"@type":"ImageObject","inLanguage":"es","@id":"https:\/\/secure.gravatar.com\/avatar\/d4fe7459cfc51ff5129ce1a732bbef5928568b8092d412ef95611616376bbeed?s=96&d=mm&r=g","url":"https:\/\/secure.gravatar.com\/avatar\/d4fe7459cfc51ff5129ce1a732bbef5928568b8092d412ef95611616376bbeed?s=96&d=mm&r=g","contentUrl":"https:\/\/secure.gravatar.com\/avatar\/d4fe7459cfc51ff5129ce1a732bbef5928568b8092d412ef95611616376bbeed?s=96&d=mm&r=g","caption":"f1000024"},"url":"https:\/\/cvinoticias.com\/v3\/author\/f1000024\/"}]}},"_links":{"self":[{"href":"https:\/\/cvinoticias.com\/v3\/wp-json\/wp\/v2\/posts\/9867","targetHints":{"allow":["GET"]}}],"collection":[{"href":"https:\/\/cvinoticias.com\/v3\/wp-json\/wp\/v2\/posts"}],"about":[{"href":"https:\/\/cvinoticias.com\/v3\/wp-json\/wp\/v2\/types\/post"}],"author":[{"embeddable":true,"href":"https:\/\/cvinoticias.com\/v3\/wp-json\/wp\/v2\/users\/2"}],"replies":[{"embeddable":true,"href":"https:\/\/cvinoticias.com\/v3\/wp-json\/wp\/v2\/comments?post=9867"}],"version-history":[{"count":3,"href":"https:\/\/cvinoticias.com\/v3\/wp-json\/wp\/v2\/posts\/9867\/revisions"}],"predecessor-version":[{"id":9871,"href":"https:\/\/cvinoticias.com\/v3\/wp-json\/wp\/v2\/posts\/9867\/revisions\/9871"}],"wp:featuredmedia":[{"embeddable":true,"href":"https:\/\/cvinoticias.com\/v3\/wp-json\/wp\/v2\/media\/9868"}],"wp:attachment":[{"href":"https:\/\/cvinoticias.com\/v3\/wp-json\/wp\/v2\/media?parent=9867"}],"wp:term":[{"taxonomy":"category","embeddable":true,"href":"https:\/\/cvinoticias.com\/v3\/wp-json\/wp\/v2\/categories?post=9867"},{"taxonomy":"post_tag","embeddable":true,"href":"https:\/\/cvinoticias.com\/v3\/wp-json\/wp\/v2\/tags?post=9867"}],"curies":[{"name":"wp","href":"https:\/\/api.w.org\/{rel}","templated":true}]}}