{"id":9846,"date":"2021-10-24T22:53:28","date_gmt":"2021-10-24T22:53:28","guid":{"rendered":"https:\/\/cvinoticias.com\/v3\/?p=9846"},"modified":"2021-10-24T22:53:28","modified_gmt":"2021-10-24T22:53:28","slug":"entro-en-servicio-la-linea-argentina-n-3-de-yacyreta-al-sistema-argentino-de-interconexion","status":"publish","type":"post","link":"https:\/\/cvinoticias.com\/v3\/entro-en-servicio-la-linea-argentina-n-3-de-yacyreta-al-sistema-argentino-de-interconexion\/","title":{"rendered":"Entr\u00f3 en servicio la L\u00ednea Argentina N\u00b0 3 de Yacyret\u00e1 al Sistema Argentino de Interconexi\u00f3n"},"content":{"rendered":"\n<p><strong><em>Tras la finalizaci\u00f3n de dos importantes proyectos se llev\u00f3 a cabo la energizaci\u00f3n de la L\u00ednea Argentina\u00a0N\u00b0 3\u00a0al sistema de transmisi\u00f3n de energ\u00eda el\u00e9ctrica que vincula Yacyret\u00e1 con el Sistema Argentino De Interconexi\u00f3n (Sadi), logrando reestablecer el 100% de los v\u00ednculos f\u00edsicos el\u00e9ctricos dando nuevamente la confiabilidad original de dise\u00f1o de Yacyret\u00e1 hacia el sistema de transmisi\u00f3n de energ\u00eda.<\/em><\/strong><\/p>\n\n\n\n<p>El jefe del Departamento T\u00e9cnico de la Central Hidroel\u00e9ctrica, Ing. Marcelo Cardinali, asegur\u00f3: \u2018\u2019Hoy pudimos cumplir este hito tan importante y se pudo restablecer el transporte de energ\u00eda desde la Central Hidroel\u00e9ctrica Yacyret\u00e1 hasta el Sistema Argentino de Interconexi\u00f3n\u2019\u2019.<\/p>\n\n\n\n<p>Los trabajos consistieron en la Rehabilitaci\u00f3n del Campo 15 de la Subestaci\u00f3n de Maniobra 500kV aislada en SF6 (GIS), afectado por sobretensiones registradas durante el \u00faltimo colapso del Sistema Argentino de Interconexi\u00f3n (Sadi) y por otro, la modernizaci\u00f3n de los Sistemas de Protecci\u00f3n y Comunicaci\u00f3n asociados a dicha l\u00ednea.<\/p>\n\n\n\n<figure class=\"wp-block-image size-large\"><a href=\"https:\/\/cvinoticias.com\/wp-content\/uploads\/2021\/10\/Screenshot_20211024-194039_Facebook.jpg\"><img decoding=\"async\" width=\"566\" height=\"1024\" data-src=\"https:\/\/cvinoticias.com\/wp-content\/uploads\/2021\/10\/Screenshot_20211024-194039_Facebook-566x1024.jpg\" alt=\"\" class=\"wp-image-9847 lazyload\" data-srcset=\"https:\/\/cvinoticias.com\/wp-content\/uploads\/2021\/10\/Screenshot_20211024-194039_Facebook-566x1024.jpg 566w, https:\/\/cvinoticias.com\/wp-content\/uploads\/2021\/10\/Screenshot_20211024-194039_Facebook-166x300.jpg 166w, https:\/\/cvinoticias.com\/wp-content\/uploads\/2021\/10\/Screenshot_20211024-194039_Facebook-768x1390.jpg 768w, https:\/\/cvinoticias.com\/wp-content\/uploads\/2021\/10\/Screenshot_20211024-194039_Facebook-849x1536.jpg 849w, https:\/\/cvinoticias.com\/wp-content\/uploads\/2021\/10\/Screenshot_20211024-194039_Facebook.jpg 974w\" data-sizes=\"(max-width: 566px) 100vw, 566px\" src=\"data:image\/svg+xml;base64,PHN2ZyB3aWR0aD0iMSIgaGVpZ2h0PSIxIiB4bWxucz0iaHR0cDovL3d3dy53My5vcmcvMjAwMC9zdmciPjwvc3ZnPg==\" style=\"--smush-placeholder-width: 566px; --smush-placeholder-aspect-ratio: 566\/1024;\" \/><\/a><\/figure>\n\n\n\n<p>Luego de 113 d\u00edas de trabajo, en el cual intervinieron asesores T\u00e9cnicos Japoneses de la firma Mitsubishi (fabricante original de suministros de Partes y Servicios) adem\u00e1s de la fiscalizaci\u00f3n y mano de obra del \u00c1rea El\u00e9ctrica de la Central, contando con la asistencia y colaboraci\u00f3n de las \u00c1reas Mec\u00e1nica, Protecciones y Comunicaciones, as\u00ed como de los Sectores Log\u00edstica y Seguridad Industrial. Asimismo, se cont\u00f3 con asistencia de personal t\u00e9cnico tercerizado en el marco del Acta Complementaria N\u00ba6, que forma parte del convenio EBY-FIUNaM.<\/p>\n\n\n\n<p>El programa de Rehabilitaci\u00f3n estuvo dividido en 3 etapas principales: desmontaje, montaje y ensayos, la cual permiti\u00f3 reestablecer la capacidad y la confiabilidad de transporte de energ\u00eda el\u00e9ctrica desde la Central Hidroel\u00e9ctrica hacia el SADI.<\/p>\n\n\n\n<p>Modernizaci\u00f3n de sistemas de protecci\u00f3n<\/p>\n\n\n\n<p>La modernizaci\u00f3n de las Protecciones consisti\u00f3 en el reemplazo de los dispositivos de protecci\u00f3n de L\u00ednea Argentina N\u00ba3, Sistema 2, tanto en extremo de la Central Hidroel\u00e9ctrica como en el extremo ET Rinc\u00f3n Santa Mar\u00eda.<\/p>\n\n\n\n<p>Los nuevos equipos de protecci\u00f3n, de la marca Siemens, fueron provistos por Voith y la modernizaci\u00f3n fue llevada a cabo por el \u00c1rea Protecciones, contando con asistencia de otras \u00e1reas y sectores. As\u00ed mismo se realizaron mejoras en el sistema de comunicaci\u00f3n Yacyret\u00e1-ET Rinc\u00f3n Santa Mar\u00eda mediante el reemplazo de uno de los hilos de guardia convencionales de la L\u00ednea Argentina N\u00ba3, por otro equivalente dotado de fibra \u00f3ptica, para servicios de teleprotecci\u00f3n, comunicaci\u00f3n, voz y datos; Dicha tarea fue fiscalizada por el Sector Operaciones y el \u00c1rea Comunicaciones, mediante contratos celebrados con las firmas Transener, Litsa y Yacylec.<\/p>\n\n\n\n<figure class=\"wp-block-image size-large\"><a href=\"https:\/\/cvinoticias.com\/wp-content\/uploads\/2021\/10\/Screenshot_20211024-194120_Facebook.jpg\"><img decoding=\"async\" width=\"576\" height=\"1024\" data-src=\"https:\/\/cvinoticias.com\/wp-content\/uploads\/2021\/10\/Screenshot_20211024-194120_Facebook-576x1024.jpg\" alt=\"\" class=\"wp-image-9848 lazyload\" data-srcset=\"https:\/\/cvinoticias.com\/wp-content\/uploads\/2021\/10\/Screenshot_20211024-194120_Facebook-576x1024.jpg 576w, https:\/\/cvinoticias.com\/wp-content\/uploads\/2021\/10\/Screenshot_20211024-194120_Facebook-169x300.jpg 169w, https:\/\/cvinoticias.com\/wp-content\/uploads\/2021\/10\/Screenshot_20211024-194120_Facebook-768x1366.jpg 768w, https:\/\/cvinoticias.com\/wp-content\/uploads\/2021\/10\/Screenshot_20211024-194120_Facebook-864x1536.jpg 864w, https:\/\/cvinoticias.com\/wp-content\/uploads\/2021\/10\/Screenshot_20211024-194120_Facebook.jpg 976w\" data-sizes=\"(max-width: 576px) 100vw, 576px\" src=\"data:image\/svg+xml;base64,PHN2ZyB3aWR0aD0iMSIgaGVpZ2h0PSIxIiB4bWxucz0iaHR0cDovL3d3dy53My5vcmcvMjAwMC9zdmciPjwvc3ZnPg==\" style=\"--smush-placeholder-width: 576px; --smush-placeholder-aspect-ratio: 576\/1024;\" \/><\/a><\/figure>\n\n\n\n<p>El jefe del Sector Mantenimiento de la Central Hidroel\u00e9ctrica, Ing. Richart Pintar, destac\u00f3: \u2018\u2019A trav\u00e9s de estos trabajos completamos el 3er v\u00ednculo de Yacyret\u00e1 que completa el 100 % de la interconexi\u00f3n para ofrecer la energ\u00eda y la confiabilidad que merece el sistema\u2019\u2019.<\/p>\n\n\n\n<p>Se destaca que los suministros fueron recibidos en la Central Hidroel\u00e9ctrica en el plazo de entrega estipulado, pero a ra\u00edz de la Pandemia COVID-19 se requiri\u00f3 de la colaboraci\u00f3n de la embajada argentina en Jap\u00f3n, la Direcci\u00f3n de migraciones Argentina y la propia Direcci\u00f3n Ejecutiva para que los Asesores T\u00e9cnicos Japoneses pudieran estar en Yacyret\u00e1 en julio del presente a\u00f1o.<\/p>\n\n\n\n<figure class=\"wp-block-image size-large is-resized\"><a href=\"https:\/\/cvinoticias.com\/wp-content\/uploads\/2021\/10\/Screenshot_20211024-194131_Facebook.jpg\"><img decoding=\"async\" data-src=\"https:\/\/cvinoticias.com\/wp-content\/uploads\/2021\/10\/Screenshot_20211024-194131_Facebook-859x1024.jpg\" alt=\"\" class=\"wp-image-9849 lazyload\" width=\"672\" height=\"801\" data-srcset=\"https:\/\/cvinoticias.com\/wp-content\/uploads\/2021\/10\/Screenshot_20211024-194131_Facebook-859x1024.jpg 859w, https:\/\/cvinoticias.com\/wp-content\/uploads\/2021\/10\/Screenshot_20211024-194131_Facebook-252x300.jpg 252w, https:\/\/cvinoticias.com\/wp-content\/uploads\/2021\/10\/Screenshot_20211024-194131_Facebook-768x916.jpg 768w, https:\/\/cvinoticias.com\/wp-content\/uploads\/2021\/10\/Screenshot_20211024-194131_Facebook.jpg 989w\" data-sizes=\"(max-width: 672px) 100vw, 672px\" src=\"data:image\/svg+xml;base64,PHN2ZyB3aWR0aD0iMSIgaGVpZ2h0PSIxIiB4bWxucz0iaHR0cDovL3d3dy53My5vcmcvMjAwMC9zdmciPjwvc3ZnPg==\" style=\"--smush-placeholder-width: 672px; --smush-placeholder-aspect-ratio: 672\/801;\" \/><\/a><\/figure>\n\n\n\n<p><\/p>\n\n\n\n<p><\/p>\n\n\n\n<p><strong>PRENDA INSTITUCIONAL <\/strong><\/p>\n","protected":false},"excerpt":{"rendered":"<p>Tras la finalizaci\u00f3n de dos importantes proyectos se llev\u00f3 a cabo la energizaci\u00f3n de la L\u00ednea Argentina\u00a0N\u00b0 3\u00a0al sistema de transmisi\u00f3n de energ\u00eda el\u00e9ctrica que vincula Yacyret\u00e1 con el Sistema Argentino De Interconexi\u00f3n (Sadi), logrando reestablecer el 100% de los v\u00ednculos f\u00edsicos el\u00e9ctricos dando nuevamente la confiabilidad original de dise\u00f1o de Yacyret\u00e1 hacia el sistema [&hellip;]<\/p>\n","protected":false},"author":2,"featured_media":9851,"comment_status":"open","ping_status":"open","sticky":false,"template":"","format":"standard","meta":{"footnotes":""},"categories":[33],"tags":[],"class_list":["post-9846","post","type-post","status-publish","format-standard","has-post-thumbnail","hentry","category-energia"],"yoast_head":"<!-- This site is optimized with the Yoast SEO plugin v27.5 - https:\/\/yoast.com\/product\/yoast-seo-wordpress\/ -->\n<title>Entr\u00f3 en servicio la L\u00ednea Argentina N\u00b0 3 de Yacyret\u00e1 al Sistema Argentino de Interconexi\u00f3n | CVI NOTICIAS<\/title>\n<meta name=\"robots\" content=\"index, follow, max-snippet:-1, max-image-preview:large, max-video-preview:-1\" \/>\n<link rel=\"canonical\" href=\"https:\/\/cvinoticias.com\/v3\/entro-en-servicio-la-linea-argentina-n-3-de-yacyreta-al-sistema-argentino-de-interconexion\/\" \/>\n<meta property=\"og:locale\" content=\"es_ES\" \/>\n<meta property=\"og:type\" content=\"article\" \/>\n<meta property=\"og:title\" content=\"Entr\u00f3 en servicio la L\u00ednea Argentina N\u00b0 3 de Yacyret\u00e1 al Sistema Argentino de Interconexi\u00f3n | CVI NOTICIAS\" \/>\n<meta property=\"og:description\" content=\"Tras la finalizaci\u00f3n de dos importantes proyectos se llev\u00f3 a cabo la energizaci\u00f3n de la L\u00ednea Argentina\u00a0N\u00b0 3\u00a0al sistema de transmisi\u00f3n de energ\u00eda el\u00e9ctrica que vincula Yacyret\u00e1 con el Sistema Argentino De Interconexi\u00f3n (Sadi), logrando reestablecer el 100% de los v\u00ednculos f\u00edsicos el\u00e9ctricos dando nuevamente la confiabilidad original de dise\u00f1o de Yacyret\u00e1 hacia el sistema [&hellip;]\" \/>\n<meta property=\"og:url\" content=\"https:\/\/cvinoticias.com\/v3\/entro-en-servicio-la-linea-argentina-n-3-de-yacyreta-al-sistema-argentino-de-interconexion\/\" \/>\n<meta property=\"og:site_name\" content=\"CVI NOTICIAS\" \/>\n<meta property=\"article:publisher\" content=\"https:\/\/www.facebook.com\/cvinoticias\" \/>\n<meta property=\"article:published_time\" content=\"2021-10-24T22:53:28+00:00\" \/>\n<meta property=\"og:image\" content=\"https:\/\/cvinoticias.com\/wp-content\/uploads\/2021\/10\/Screenshot_20211024-194158_Facebook.jpg\" \/>\n\t<meta property=\"og:image:width\" content=\"1078\" \/>\n\t<meta property=\"og:image:height\" content=\"614\" \/>\n\t<meta property=\"og:image:type\" content=\"image\/jpeg\" \/>\n<meta name=\"author\" content=\"f1000024\" \/>\n<meta name=\"twitter:card\" content=\"summary_large_image\" \/>\n<meta name=\"twitter:label1\" content=\"Escrito por\" \/>\n\t<meta name=\"twitter:data1\" content=\"f1000024\" \/>\n\t<meta name=\"twitter:label2\" content=\"Tiempo de lectura\" \/>\n\t<meta name=\"twitter:data2\" content=\"3 minutos\" \/>\n<script type=\"application\/ld+json\" class=\"yoast-schema-graph\">{\"@context\":\"https:\\\/\\\/schema.org\",\"@graph\":[{\"@type\":\"Article\",\"@id\":\"https:\\\/\\\/cvinoticias.com\\\/v3\\\/entro-en-servicio-la-linea-argentina-n-3-de-yacyreta-al-sistema-argentino-de-interconexion\\\/#article\",\"isPartOf\":{\"@id\":\"https:\\\/\\\/cvinoticias.com\\\/v3\\\/entro-en-servicio-la-linea-argentina-n-3-de-yacyreta-al-sistema-argentino-de-interconexion\\\/\"},\"author\":{\"name\":\"f1000024\",\"@id\":\"https:\\\/\\\/cvinoticias.com\\\/v3\\\/#\\\/schema\\\/person\\\/2db77e3c6bc03c538495d7b2b8be9b66\"},\"headline\":\"Entr\u00f3 en servicio la L\u00ednea Argentina N\u00b0 3 de Yacyret\u00e1 al Sistema Argentino de Interconexi\u00f3n\",\"datePublished\":\"2021-10-24T22:53:28+00:00\",\"mainEntityOfPage\":{\"@id\":\"https:\\\/\\\/cvinoticias.com\\\/v3\\\/entro-en-servicio-la-linea-argentina-n-3-de-yacyreta-al-sistema-argentino-de-interconexion\\\/\"},\"wordCount\":587,\"commentCount\":0,\"publisher\":{\"@id\":\"https:\\\/\\\/cvinoticias.com\\\/v3\\\/#organization\"},\"image\":{\"@id\":\"https:\\\/\\\/cvinoticias.com\\\/v3\\\/entro-en-servicio-la-linea-argentina-n-3-de-yacyreta-al-sistema-argentino-de-interconexion\\\/#primaryimage\"},\"thumbnailUrl\":\"https:\\\/\\\/cvinoticias.com\\\/wp-content\\\/uploads\\\/2021\\\/10\\\/Screenshot_20211024-194158_Facebook.jpg\",\"articleSection\":[\"Energ\u00eda\"],\"inLanguage\":\"es\",\"potentialAction\":[{\"@type\":\"CommentAction\",\"name\":\"Comment\",\"target\":[\"https:\\\/\\\/cvinoticias.com\\\/v3\\\/entro-en-servicio-la-linea-argentina-n-3-de-yacyreta-al-sistema-argentino-de-interconexion\\\/#respond\"]}]},{\"@type\":\"WebPage\",\"@id\":\"https:\\\/\\\/cvinoticias.com\\\/v3\\\/entro-en-servicio-la-linea-argentina-n-3-de-yacyreta-al-sistema-argentino-de-interconexion\\\/\",\"url\":\"https:\\\/\\\/cvinoticias.com\\\/v3\\\/entro-en-servicio-la-linea-argentina-n-3-de-yacyreta-al-sistema-argentino-de-interconexion\\\/\",\"name\":\"Entr\u00f3 en servicio la L\u00ednea Argentina N\u00b0 3 de Yacyret\u00e1 al Sistema Argentino de Interconexi\u00f3n | CVI NOTICIAS\",\"isPartOf\":{\"@id\":\"https:\\\/\\\/cvinoticias.com\\\/v3\\\/#website\"},\"primaryImageOfPage\":{\"@id\":\"https:\\\/\\\/cvinoticias.com\\\/v3\\\/entro-en-servicio-la-linea-argentina-n-3-de-yacyreta-al-sistema-argentino-de-interconexion\\\/#primaryimage\"},\"image\":{\"@id\":\"https:\\\/\\\/cvinoticias.com\\\/v3\\\/entro-en-servicio-la-linea-argentina-n-3-de-yacyreta-al-sistema-argentino-de-interconexion\\\/#primaryimage\"},\"thumbnailUrl\":\"https:\\\/\\\/cvinoticias.com\\\/wp-content\\\/uploads\\\/2021\\\/10\\\/Screenshot_20211024-194158_Facebook.jpg\",\"datePublished\":\"2021-10-24T22:53:28+00:00\",\"breadcrumb\":{\"@id\":\"https:\\\/\\\/cvinoticias.com\\\/v3\\\/entro-en-servicio-la-linea-argentina-n-3-de-yacyreta-al-sistema-argentino-de-interconexion\\\/#breadcrumb\"},\"inLanguage\":\"es\",\"potentialAction\":[{\"@type\":\"ReadAction\",\"target\":[\"https:\\\/\\\/cvinoticias.com\\\/v3\\\/entro-en-servicio-la-linea-argentina-n-3-de-yacyreta-al-sistema-argentino-de-interconexion\\\/\"]}]},{\"@type\":\"ImageObject\",\"inLanguage\":\"es\",\"@id\":\"https:\\\/\\\/cvinoticias.com\\\/v3\\\/entro-en-servicio-la-linea-argentina-n-3-de-yacyreta-al-sistema-argentino-de-interconexion\\\/#primaryimage\",\"url\":\"https:\\\/\\\/cvinoticias.com\\\/wp-content\\\/uploads\\\/2021\\\/10\\\/Screenshot_20211024-194158_Facebook.jpg\",\"contentUrl\":\"https:\\\/\\\/cvinoticias.com\\\/wp-content\\\/uploads\\\/2021\\\/10\\\/Screenshot_20211024-194158_Facebook.jpg\",\"width\":1078,\"height\":614},{\"@type\":\"BreadcrumbList\",\"@id\":\"https:\\\/\\\/cvinoticias.com\\\/v3\\\/entro-en-servicio-la-linea-argentina-n-3-de-yacyreta-al-sistema-argentino-de-interconexion\\\/#breadcrumb\",\"itemListElement\":[{\"@type\":\"ListItem\",\"position\":1,\"name\":\"Portada\",\"item\":\"https:\\\/\\\/cvinoticias.com\\\/v3\\\/\"},{\"@type\":\"ListItem\",\"position\":2,\"name\":\"Entr\u00f3 en servicio la L\u00ednea Argentina N\u00b0 3 de Yacyret\u00e1 al Sistema Argentino de Interconexi\u00f3n\"}]},{\"@type\":\"WebSite\",\"@id\":\"https:\\\/\\\/cvinoticias.com\\\/v3\\\/#website\",\"url\":\"https:\\\/\\\/cvinoticias.com\\\/v3\\\/\",\"name\":\"CVI NOTICIAS\",\"description\":\"\",\"publisher\":{\"@id\":\"https:\\\/\\\/cvinoticias.com\\\/v3\\\/#organization\"},\"alternateName\":\"CVI\",\"potentialAction\":[{\"@type\":\"SearchAction\",\"target\":{\"@type\":\"EntryPoint\",\"urlTemplate\":\"https:\\\/\\\/cvinoticias.com\\\/v3\\\/?s={search_term_string}\"},\"query-input\":{\"@type\":\"PropertyValueSpecification\",\"valueRequired\":true,\"valueName\":\"search_term_string\"}}],\"inLanguage\":\"es\"},{\"@type\":\"Organization\",\"@id\":\"https:\\\/\\\/cvinoticias.com\\\/v3\\\/#organization\",\"name\":\"CVI NOTICIAS\",\"url\":\"https:\\\/\\\/cvinoticias.com\\\/v3\\\/\",\"logo\":{\"@type\":\"ImageObject\",\"inLanguage\":\"es\",\"@id\":\"https:\\\/\\\/cvinoticias.com\\\/v3\\\/#\\\/schema\\\/logo\\\/image\\\/\",\"url\":\"https:\\\/\\\/cvinoticias.com\\\/wp-content\\\/uploads\\\/2023\\\/04\\\/cropped-cropped-cropped-cropped-cropped-3-1.png\",\"contentUrl\":\"https:\\\/\\\/cvinoticias.com\\\/wp-content\\\/uploads\\\/2023\\\/04\\\/cropped-cropped-cropped-cropped-cropped-3-1.png\",\"width\":95,\"height\":122,\"caption\":\"CVI NOTICIAS\"},\"image\":{\"@id\":\"https:\\\/\\\/cvinoticias.com\\\/v3\\\/#\\\/schema\\\/logo\\\/image\\\/\"},\"sameAs\":[\"https:\\\/\\\/www.facebook.com\\\/cvinoticias\",\"https:\\\/\\\/www.instagram.com\\\/cvinoticias\\\/\",\"https:\\\/\\\/www.youtube.com\\\/@CVINOTICIAS\"]},{\"@type\":\"Person\",\"@id\":\"https:\\\/\\\/cvinoticias.com\\\/v3\\\/#\\\/schema\\\/person\\\/2db77e3c6bc03c538495d7b2b8be9b66\",\"name\":\"f1000024\",\"image\":{\"@type\":\"ImageObject\",\"inLanguage\":\"es\",\"@id\":\"https:\\\/\\\/secure.gravatar.com\\\/avatar\\\/d4fe7459cfc51ff5129ce1a732bbef5928568b8092d412ef95611616376bbeed?s=96&d=mm&r=g\",\"url\":\"https:\\\/\\\/secure.gravatar.com\\\/avatar\\\/d4fe7459cfc51ff5129ce1a732bbef5928568b8092d412ef95611616376bbeed?s=96&d=mm&r=g\",\"contentUrl\":\"https:\\\/\\\/secure.gravatar.com\\\/avatar\\\/d4fe7459cfc51ff5129ce1a732bbef5928568b8092d412ef95611616376bbeed?s=96&d=mm&r=g\",\"caption\":\"f1000024\"},\"url\":\"https:\\\/\\\/cvinoticias.com\\\/v3\\\/author\\\/f1000024\\\/\"}]}<\/script>\n<!-- \/ Yoast SEO plugin. -->","yoast_head_json":{"title":"Entr\u00f3 en servicio la L\u00ednea Argentina N\u00b0 3 de Yacyret\u00e1 al Sistema Argentino de Interconexi\u00f3n | CVI NOTICIAS","robots":{"index":"index","follow":"follow","max-snippet":"max-snippet:-1","max-image-preview":"max-image-preview:large","max-video-preview":"max-video-preview:-1"},"canonical":"https:\/\/cvinoticias.com\/v3\/entro-en-servicio-la-linea-argentina-n-3-de-yacyreta-al-sistema-argentino-de-interconexion\/","og_locale":"es_ES","og_type":"article","og_title":"Entr\u00f3 en servicio la L\u00ednea Argentina N\u00b0 3 de Yacyret\u00e1 al Sistema Argentino de Interconexi\u00f3n | CVI NOTICIAS","og_description":"Tras la finalizaci\u00f3n de dos importantes proyectos se llev\u00f3 a cabo la energizaci\u00f3n de la L\u00ednea Argentina\u00a0N\u00b0 3\u00a0al sistema de transmisi\u00f3n de energ\u00eda el\u00e9ctrica que vincula Yacyret\u00e1 con el Sistema Argentino De Interconexi\u00f3n (Sadi), logrando reestablecer el 100% de los v\u00ednculos f\u00edsicos el\u00e9ctricos dando nuevamente la confiabilidad original de dise\u00f1o de Yacyret\u00e1 hacia el sistema [&hellip;]","og_url":"https:\/\/cvinoticias.com\/v3\/entro-en-servicio-la-linea-argentina-n-3-de-yacyreta-al-sistema-argentino-de-interconexion\/","og_site_name":"CVI NOTICIAS","article_publisher":"https:\/\/www.facebook.com\/cvinoticias","article_published_time":"2021-10-24T22:53:28+00:00","og_image":[{"width":1078,"height":614,"url":"https:\/\/cvinoticias.com\/wp-content\/uploads\/2021\/10\/Screenshot_20211024-194158_Facebook.jpg","type":"image\/jpeg"}],"author":"f1000024","twitter_card":"summary_large_image","twitter_misc":{"Escrito por":"f1000024","Tiempo de lectura":"3 minutos"},"schema":{"@context":"https:\/\/schema.org","@graph":[{"@type":"Article","@id":"https:\/\/cvinoticias.com\/v3\/entro-en-servicio-la-linea-argentina-n-3-de-yacyreta-al-sistema-argentino-de-interconexion\/#article","isPartOf":{"@id":"https:\/\/cvinoticias.com\/v3\/entro-en-servicio-la-linea-argentina-n-3-de-yacyreta-al-sistema-argentino-de-interconexion\/"},"author":{"name":"f1000024","@id":"https:\/\/cvinoticias.com\/v3\/#\/schema\/person\/2db77e3c6bc03c538495d7b2b8be9b66"},"headline":"Entr\u00f3 en servicio la L\u00ednea Argentina N\u00b0 3 de Yacyret\u00e1 al Sistema Argentino de Interconexi\u00f3n","datePublished":"2021-10-24T22:53:28+00:00","mainEntityOfPage":{"@id":"https:\/\/cvinoticias.com\/v3\/entro-en-servicio-la-linea-argentina-n-3-de-yacyreta-al-sistema-argentino-de-interconexion\/"},"wordCount":587,"commentCount":0,"publisher":{"@id":"https:\/\/cvinoticias.com\/v3\/#organization"},"image":{"@id":"https:\/\/cvinoticias.com\/v3\/entro-en-servicio-la-linea-argentina-n-3-de-yacyreta-al-sistema-argentino-de-interconexion\/#primaryimage"},"thumbnailUrl":"https:\/\/cvinoticias.com\/wp-content\/uploads\/2021\/10\/Screenshot_20211024-194158_Facebook.jpg","articleSection":["Energ\u00eda"],"inLanguage":"es","potentialAction":[{"@type":"CommentAction","name":"Comment","target":["https:\/\/cvinoticias.com\/v3\/entro-en-servicio-la-linea-argentina-n-3-de-yacyreta-al-sistema-argentino-de-interconexion\/#respond"]}]},{"@type":"WebPage","@id":"https:\/\/cvinoticias.com\/v3\/entro-en-servicio-la-linea-argentina-n-3-de-yacyreta-al-sistema-argentino-de-interconexion\/","url":"https:\/\/cvinoticias.com\/v3\/entro-en-servicio-la-linea-argentina-n-3-de-yacyreta-al-sistema-argentino-de-interconexion\/","name":"Entr\u00f3 en servicio la L\u00ednea Argentina N\u00b0 3 de Yacyret\u00e1 al Sistema Argentino de Interconexi\u00f3n | CVI NOTICIAS","isPartOf":{"@id":"https:\/\/cvinoticias.com\/v3\/#website"},"primaryImageOfPage":{"@id":"https:\/\/cvinoticias.com\/v3\/entro-en-servicio-la-linea-argentina-n-3-de-yacyreta-al-sistema-argentino-de-interconexion\/#primaryimage"},"image":{"@id":"https:\/\/cvinoticias.com\/v3\/entro-en-servicio-la-linea-argentina-n-3-de-yacyreta-al-sistema-argentino-de-interconexion\/#primaryimage"},"thumbnailUrl":"https:\/\/cvinoticias.com\/wp-content\/uploads\/2021\/10\/Screenshot_20211024-194158_Facebook.jpg","datePublished":"2021-10-24T22:53:28+00:00","breadcrumb":{"@id":"https:\/\/cvinoticias.com\/v3\/entro-en-servicio-la-linea-argentina-n-3-de-yacyreta-al-sistema-argentino-de-interconexion\/#breadcrumb"},"inLanguage":"es","potentialAction":[{"@type":"ReadAction","target":["https:\/\/cvinoticias.com\/v3\/entro-en-servicio-la-linea-argentina-n-3-de-yacyreta-al-sistema-argentino-de-interconexion\/"]}]},{"@type":"ImageObject","inLanguage":"es","@id":"https:\/\/cvinoticias.com\/v3\/entro-en-servicio-la-linea-argentina-n-3-de-yacyreta-al-sistema-argentino-de-interconexion\/#primaryimage","url":"https:\/\/cvinoticias.com\/wp-content\/uploads\/2021\/10\/Screenshot_20211024-194158_Facebook.jpg","contentUrl":"https:\/\/cvinoticias.com\/wp-content\/uploads\/2021\/10\/Screenshot_20211024-194158_Facebook.jpg","width":1078,"height":614},{"@type":"BreadcrumbList","@id":"https:\/\/cvinoticias.com\/v3\/entro-en-servicio-la-linea-argentina-n-3-de-yacyreta-al-sistema-argentino-de-interconexion\/#breadcrumb","itemListElement":[{"@type":"ListItem","position":1,"name":"Portada","item":"https:\/\/cvinoticias.com\/v3\/"},{"@type":"ListItem","position":2,"name":"Entr\u00f3 en servicio la L\u00ednea Argentina N\u00b0 3 de Yacyret\u00e1 al Sistema Argentino de Interconexi\u00f3n"}]},{"@type":"WebSite","@id":"https:\/\/cvinoticias.com\/v3\/#website","url":"https:\/\/cvinoticias.com\/v3\/","name":"CVI NOTICIAS","description":"","publisher":{"@id":"https:\/\/cvinoticias.com\/v3\/#organization"},"alternateName":"CVI","potentialAction":[{"@type":"SearchAction","target":{"@type":"EntryPoint","urlTemplate":"https:\/\/cvinoticias.com\/v3\/?s={search_term_string}"},"query-input":{"@type":"PropertyValueSpecification","valueRequired":true,"valueName":"search_term_string"}}],"inLanguage":"es"},{"@type":"Organization","@id":"https:\/\/cvinoticias.com\/v3\/#organization","name":"CVI NOTICIAS","url":"https:\/\/cvinoticias.com\/v3\/","logo":{"@type":"ImageObject","inLanguage":"es","@id":"https:\/\/cvinoticias.com\/v3\/#\/schema\/logo\/image\/","url":"https:\/\/cvinoticias.com\/wp-content\/uploads\/2023\/04\/cropped-cropped-cropped-cropped-cropped-3-1.png","contentUrl":"https:\/\/cvinoticias.com\/wp-content\/uploads\/2023\/04\/cropped-cropped-cropped-cropped-cropped-3-1.png","width":95,"height":122,"caption":"CVI NOTICIAS"},"image":{"@id":"https:\/\/cvinoticias.com\/v3\/#\/schema\/logo\/image\/"},"sameAs":["https:\/\/www.facebook.com\/cvinoticias","https:\/\/www.instagram.com\/cvinoticias\/","https:\/\/www.youtube.com\/@CVINOTICIAS"]},{"@type":"Person","@id":"https:\/\/cvinoticias.com\/v3\/#\/schema\/person\/2db77e3c6bc03c538495d7b2b8be9b66","name":"f1000024","image":{"@type":"ImageObject","inLanguage":"es","@id":"https:\/\/secure.gravatar.com\/avatar\/d4fe7459cfc51ff5129ce1a732bbef5928568b8092d412ef95611616376bbeed?s=96&d=mm&r=g","url":"https:\/\/secure.gravatar.com\/avatar\/d4fe7459cfc51ff5129ce1a732bbef5928568b8092d412ef95611616376bbeed?s=96&d=mm&r=g","contentUrl":"https:\/\/secure.gravatar.com\/avatar\/d4fe7459cfc51ff5129ce1a732bbef5928568b8092d412ef95611616376bbeed?s=96&d=mm&r=g","caption":"f1000024"},"url":"https:\/\/cvinoticias.com\/v3\/author\/f1000024\/"}]}},"_links":{"self":[{"href":"https:\/\/cvinoticias.com\/v3\/wp-json\/wp\/v2\/posts\/9846","targetHints":{"allow":["GET"]}}],"collection":[{"href":"https:\/\/cvinoticias.com\/v3\/wp-json\/wp\/v2\/posts"}],"about":[{"href":"https:\/\/cvinoticias.com\/v3\/wp-json\/wp\/v2\/types\/post"}],"author":[{"embeddable":true,"href":"https:\/\/cvinoticias.com\/v3\/wp-json\/wp\/v2\/users\/2"}],"replies":[{"embeddable":true,"href":"https:\/\/cvinoticias.com\/v3\/wp-json\/wp\/v2\/comments?post=9846"}],"version-history":[{"count":1,"href":"https:\/\/cvinoticias.com\/v3\/wp-json\/wp\/v2\/posts\/9846\/revisions"}],"predecessor-version":[{"id":9852,"href":"https:\/\/cvinoticias.com\/v3\/wp-json\/wp\/v2\/posts\/9846\/revisions\/9852"}],"wp:featuredmedia":[{"embeddable":true,"href":"https:\/\/cvinoticias.com\/v3\/wp-json\/wp\/v2\/media\/9851"}],"wp:attachment":[{"href":"https:\/\/cvinoticias.com\/v3\/wp-json\/wp\/v2\/media?parent=9846"}],"wp:term":[{"taxonomy":"category","embeddable":true,"href":"https:\/\/cvinoticias.com\/v3\/wp-json\/wp\/v2\/categories?post=9846"},{"taxonomy":"post_tag","embeddable":true,"href":"https:\/\/cvinoticias.com\/v3\/wp-json\/wp\/v2\/tags?post=9846"}],"curies":[{"name":"wp","href":"https:\/\/api.w.org\/{rel}","templated":true}]}}