{"id":9820,"date":"2021-10-23T20:00:34","date_gmt":"2021-10-23T20:00:34","guid":{"rendered":"https:\/\/cvinoticias.com\/v3\/?p=9820"},"modified":"2021-10-23T20:00:34","modified_gmt":"2021-10-23T20:00:34","slug":"flybondi-retoma-sus-vuelos-internacionales-a-brasil-y-uruguay","status":"publish","type":"post","link":"https:\/\/cvinoticias.com\/v3\/flybondi-retoma-sus-vuelos-internacionales-a-brasil-y-uruguay\/","title":{"rendered":"Flybondi retoma sus vuelos internacionales a Brasil y Uruguay"},"content":{"rendered":"\n<p><strong><em>Flybondi, la primera aerol\u00ednea low cost del pa\u00eds, anuncia que reiniciar\u00e1 sus operaciones internacionales a Brasil y a Uruguay a partir de diciembre de 2021. La compa\u00f1\u00eda a\u00e9rea, que hoy vuela a 13 destinos dom\u00e9sticos en Argentina, retoma as\u00ed los primeros destinos regionales de Punta del Este y Florian\u00f3polis que partir\u00e1n y llegar\u00e1n desde Aeroparque Jorge Newbery y que har\u00e1n su primer vuelo el d\u00eda 17 de diciembre.<\/em><\/strong><\/p>\n\n\n\n<p>En cuanto a sus vuelos a la capital del estado de Santa Catarina, en el sur de Brasil, tendr\u00e1 3 frecuencias semanales, los d\u00edas mi\u00e9rcoles, viernes, y domingo, y los tickets ya se encuentran a la venta con tarifas promocionales desde AR$ 19.373 (tarifa final)<\/p>\n\n\n\n<p>Respecto de la ruta Buenos Aires &#8211; Punta del Este tendr\u00e1 4 frecuencias semanales, los d\u00edas lunes, viernes, s\u00e1bado y domingo. Los tickets estar\u00e1n a la venta en las pr\u00f3ximas horas y se podr\u00e1n adquirir en el sitio web de Flybondi con valores de lanzamiento desde AR$13.170 (tarifa final).<\/p>\n\n\n\n<figure class=\"wp-block-image size-large\"><a href=\"https:\/\/cvinoticias.com\/wp-content\/uploads\/2021\/10\/FB_IMG_1635018677789.jpg\"><img decoding=\"async\" width=\"1024\" height=\"576\" data-src=\"https:\/\/cvinoticias.com\/wp-content\/uploads\/2021\/10\/FB_IMG_1635018677789-1024x576.jpg\" alt=\"\" class=\"wp-image-9821 lazyload\" data-srcset=\"https:\/\/cvinoticias.com\/wp-content\/uploads\/2021\/10\/FB_IMG_1635018677789-1024x576.jpg 1024w, https:\/\/cvinoticias.com\/wp-content\/uploads\/2021\/10\/FB_IMG_1635018677789-300x169.jpg 300w, https:\/\/cvinoticias.com\/wp-content\/uploads\/2021\/10\/FB_IMG_1635018677789-768x432.jpg 768w, https:\/\/cvinoticias.com\/wp-content\/uploads\/2021\/10\/FB_IMG_1635018677789.jpg 1080w\" data-sizes=\"(max-width: 1024px) 100vw, 1024px\" src=\"data:image\/svg+xml;base64,PHN2ZyB3aWR0aD0iMSIgaGVpZ2h0PSIxIiB4bWxucz0iaHR0cDovL3d3dy53My5vcmcvMjAwMC9zdmciPjwvc3ZnPg==\" style=\"--smush-placeholder-width: 1024px; --smush-placeholder-aspect-ratio: 1024\/576;\" \/><\/a><\/figure>\n\n\n\n<p>\u201cEstamos muy entusiasmados de volver a Florian\u00f3polis y a Punta del Este, dos destinos pedidos por nuestros pasajeros argentinos, uruguayos y brasile\u00f1os.<\/p>\n\n\n\n<p>En funci\u00f3n de los niveles de venta, vemos que ser\u00e1 una temporada muy buena para todas nuestras rutas nacionales y creemos que para estos dos destinos regionales tambi\u00e9n. Volver a volar rutas internacionales es una alegr\u00eda enorme para todo el equipo de Flybondi, que estuvo esperando este momento luego de consolidar la oferta dom\u00e9stica y siendo la aerol\u00ednea con mejor nivel de ocupaci\u00f3n desde enero de este a\u00f1o. Y tal como lo anunciamos hace algunos meses, continuamos avanzando con nuestro plan de inversi\u00f3n, sumaremos flota en los pr\u00f3ximos meses, frecuencias a nuestros destinos actuales y quiz\u00e1s lancemos nuevas rutas antes de fin de a\u00f1o.\u201d, expres\u00f3 Mauricio Sana, CEO de Flybondi.<\/p>\n\n\n\n<p>Flybondi reafirma as\u00ed la importancia de la industria a\u00e9rea como pilar de la conectividad para la regi\u00f3n, y tambi\u00e9n su compromiso con la generaci\u00f3n de desarrollo econ\u00f3mico de los pa\u00edses a los que vuela, a trav\u00e9s de la inversi\u00f3n y el empleo directo e indirecto.<\/p>\n\n\n\n<p>A su vez, la compa\u00f1\u00eda low cost refuerza su prop\u00f3sito de democratizar el avi\u00f3n como medio de transporte, ofreciendo a los argentinos m\u00e1s opciones con la m\u00e1xima seguridad y los mejores precios del mercado.<\/p>\n\n\n\n<p><strong>Flybondi en n\u00fameros:<\/strong><\/p>\n\n\n\n<p>Comenz\u00f3 a operar en Argentina en 2018 y ya transport\u00f3 a m\u00e1s de 3.300.000 de personas<\/p>\n\n\n\n<p>El 20% de sus pasajeros son personas que vuelan en avi\u00f3n por primera vez en su vida.<\/p>\n\n\n\n<p>Cuenta con m\u00e1s de 520 empleados en todo el pa\u00eds.<\/p>\n\n\n\n<p>Tiene una flota de 4 aviones Boeing 737-800 NG con 189 asientos.<\/p>\n\n\n\n<p>Vuela a 13 destinos, 14 rutas nacionales y comenzar\u00e1 a volar a sus destinos internacionales a partir de diciembre de 2021.<\/p>\n\n\n\n<p>En septiembre de 2021 obtuvo una cuota de mercado de 16%, un nivel de ocupaci\u00f3n de 92% y una puntualidad de 91%.<\/p>\n\n\n\n<p>Desde enero de 2021 es la aerol\u00ednea con mayor nivel de ocupaci\u00f3n de sus vuelos en Argentina.<\/p>\n\n\n\n<p>Los precios son por tramo, incluye tasas e impuestos, y un equipaje de mano de hasta 6 kgs. En el caso de Brasil, la tarifa incluye equipaje de 10 kgs entre equipaje de mano y cabina. Los pasajes se pueden adquirir a trav\u00e9s de www.flybondi.com.<\/p>\n\n\n\n<figure class=\"wp-block-image size-large\"><a href=\"https:\/\/cvinoticias.com\/wp-content\/uploads\/2021\/10\/FB_IMG_1635018669117.jpg\"><img decoding=\"async\" width=\"1024\" height=\"916\" data-src=\"https:\/\/cvinoticias.com\/wp-content\/uploads\/2021\/10\/FB_IMG_1635018669117-1024x916.jpg\" alt=\"\" class=\"wp-image-9822 lazyload\" data-srcset=\"https:\/\/cvinoticias.com\/wp-content\/uploads\/2021\/10\/FB_IMG_1635018669117-1024x916.jpg 1024w, https:\/\/cvinoticias.com\/wp-content\/uploads\/2021\/10\/FB_IMG_1635018669117-300x268.jpg 300w, https:\/\/cvinoticias.com\/wp-content\/uploads\/2021\/10\/FB_IMG_1635018669117-768x687.jpg 768w, https:\/\/cvinoticias.com\/wp-content\/uploads\/2021\/10\/FB_IMG_1635018669117.jpg 1080w\" data-sizes=\"(max-width: 1024px) 100vw, 1024px\" src=\"data:image\/svg+xml;base64,PHN2ZyB3aWR0aD0iMSIgaGVpZ2h0PSIxIiB4bWxucz0iaHR0cDovL3d3dy53My5vcmcvMjAwMC9zdmciPjwvc3ZnPg==\" style=\"--smush-placeholder-width: 1024px; --smush-placeholder-aspect-ratio: 1024\/916;\" \/><\/a><\/figure>\n","protected":false},"excerpt":{"rendered":"<p>Flybondi, la primera aerol\u00ednea low cost del pa\u00eds, anuncia que reiniciar\u00e1 sus operaciones internacionales a Brasil y a Uruguay a partir de diciembre de 2021. La compa\u00f1\u00eda a\u00e9rea, que hoy vuela a 13 destinos dom\u00e9sticos en Argentina, retoma as\u00ed los primeros destinos regionales de Punta del Este y Florian\u00f3polis que partir\u00e1n y llegar\u00e1n desde Aeroparque [&hellip;]<\/p>\n","protected":false},"author":2,"featured_media":9823,"comment_status":"open","ping_status":"open","sticky":false,"template":"","format":"standard","meta":{"footnotes":""},"categories":[98],"tags":[],"class_list":["post-9820","post","type-post","status-publish","format-standard","has-post-thumbnail","hentry","category-conectividad"],"yoast_head":"<!-- This site is optimized with the Yoast SEO plugin v27.4 - https:\/\/yoast.com\/product\/yoast-seo-wordpress\/ -->\n<title>Flybondi retoma sus vuelos internacionales a Brasil y Uruguay | CVI NOTICIAS<\/title>\n<meta name=\"robots\" content=\"index, follow, max-snippet:-1, max-image-preview:large, max-video-preview:-1\" \/>\n<link rel=\"canonical\" href=\"https:\/\/cvinoticias.com\/v3\/flybondi-retoma-sus-vuelos-internacionales-a-brasil-y-uruguay\/\" \/>\n<meta property=\"og:locale\" content=\"es_ES\" \/>\n<meta property=\"og:type\" content=\"article\" \/>\n<meta property=\"og:title\" content=\"Flybondi retoma sus vuelos internacionales a Brasil y Uruguay | CVI NOTICIAS\" \/>\n<meta property=\"og:description\" content=\"Flybondi, la primera aerol\u00ednea low cost del pa\u00eds, anuncia que reiniciar\u00e1 sus operaciones internacionales a Brasil y a Uruguay a partir de diciembre de 2021. La compa\u00f1\u00eda a\u00e9rea, que hoy vuela a 13 destinos dom\u00e9sticos en Argentina, retoma as\u00ed los primeros destinos regionales de Punta del Este y Florian\u00f3polis que partir\u00e1n y llegar\u00e1n desde Aeroparque [&hellip;]\" \/>\n<meta property=\"og:url\" content=\"https:\/\/cvinoticias.com\/v3\/flybondi-retoma-sus-vuelos-internacionales-a-brasil-y-uruguay\/\" \/>\n<meta property=\"og:site_name\" content=\"CVI NOTICIAS\" \/>\n<meta property=\"article:publisher\" content=\"https:\/\/www.facebook.com\/cvinoticias\" \/>\n<meta property=\"article:published_time\" content=\"2021-10-23T20:00:34+00:00\" \/>\n<meta property=\"og:image\" content=\"https:\/\/cvinoticias.com\/wp-content\/uploads\/2021\/10\/FB_IMG_1635018684489.jpg\" \/>\n\t<meta property=\"og:image:width\" content=\"1080\" \/>\n\t<meta property=\"og:image:height\" content=\"607\" \/>\n\t<meta property=\"og:image:type\" content=\"image\/jpeg\" \/>\n<meta name=\"author\" content=\"f1000024\" \/>\n<meta name=\"twitter:card\" content=\"summary_large_image\" \/>\n<meta name=\"twitter:label1\" content=\"Escrito por\" \/>\n\t<meta name=\"twitter:data1\" content=\"f1000024\" \/>\n\t<meta name=\"twitter:label2\" content=\"Tiempo de lectura\" \/>\n\t<meta name=\"twitter:data2\" content=\"3 minutos\" \/>\n<script type=\"application\/ld+json\" class=\"yoast-schema-graph\">{\"@context\":\"https:\\\/\\\/schema.org\",\"@graph\":[{\"@type\":\"Article\",\"@id\":\"https:\\\/\\\/cvinoticias.com\\\/v3\\\/flybondi-retoma-sus-vuelos-internacionales-a-brasil-y-uruguay\\\/#article\",\"isPartOf\":{\"@id\":\"https:\\\/\\\/cvinoticias.com\\\/v3\\\/flybondi-retoma-sus-vuelos-internacionales-a-brasil-y-uruguay\\\/\"},\"author\":{\"name\":\"f1000024\",\"@id\":\"https:\\\/\\\/cvinoticias.com\\\/v3\\\/#\\\/schema\\\/person\\\/2db77e3c6bc03c538495d7b2b8be9b66\"},\"headline\":\"Flybondi retoma sus vuelos internacionales a Brasil y Uruguay\",\"datePublished\":\"2021-10-23T20:00:34+00:00\",\"mainEntityOfPage\":{\"@id\":\"https:\\\/\\\/cvinoticias.com\\\/v3\\\/flybondi-retoma-sus-vuelos-internacionales-a-brasil-y-uruguay\\\/\"},\"wordCount\":577,\"commentCount\":0,\"publisher\":{\"@id\":\"https:\\\/\\\/cvinoticias.com\\\/v3\\\/#organization\"},\"image\":{\"@id\":\"https:\\\/\\\/cvinoticias.com\\\/v3\\\/flybondi-retoma-sus-vuelos-internacionales-a-brasil-y-uruguay\\\/#primaryimage\"},\"thumbnailUrl\":\"https:\\\/\\\/cvinoticias.com\\\/wp-content\\\/uploads\\\/2021\\\/10\\\/FB_IMG_1635018684489.jpg\",\"articleSection\":[\"Conectividad\"],\"inLanguage\":\"es\",\"potentialAction\":[{\"@type\":\"CommentAction\",\"name\":\"Comment\",\"target\":[\"https:\\\/\\\/cvinoticias.com\\\/v3\\\/flybondi-retoma-sus-vuelos-internacionales-a-brasil-y-uruguay\\\/#respond\"]}]},{\"@type\":\"WebPage\",\"@id\":\"https:\\\/\\\/cvinoticias.com\\\/v3\\\/flybondi-retoma-sus-vuelos-internacionales-a-brasil-y-uruguay\\\/\",\"url\":\"https:\\\/\\\/cvinoticias.com\\\/v3\\\/flybondi-retoma-sus-vuelos-internacionales-a-brasil-y-uruguay\\\/\",\"name\":\"Flybondi retoma sus vuelos internacionales a Brasil y Uruguay | CVI NOTICIAS\",\"isPartOf\":{\"@id\":\"https:\\\/\\\/cvinoticias.com\\\/v3\\\/#website\"},\"primaryImageOfPage\":{\"@id\":\"https:\\\/\\\/cvinoticias.com\\\/v3\\\/flybondi-retoma-sus-vuelos-internacionales-a-brasil-y-uruguay\\\/#primaryimage\"},\"image\":{\"@id\":\"https:\\\/\\\/cvinoticias.com\\\/v3\\\/flybondi-retoma-sus-vuelos-internacionales-a-brasil-y-uruguay\\\/#primaryimage\"},\"thumbnailUrl\":\"https:\\\/\\\/cvinoticias.com\\\/wp-content\\\/uploads\\\/2021\\\/10\\\/FB_IMG_1635018684489.jpg\",\"datePublished\":\"2021-10-23T20:00:34+00:00\",\"breadcrumb\":{\"@id\":\"https:\\\/\\\/cvinoticias.com\\\/v3\\\/flybondi-retoma-sus-vuelos-internacionales-a-brasil-y-uruguay\\\/#breadcrumb\"},\"inLanguage\":\"es\",\"potentialAction\":[{\"@type\":\"ReadAction\",\"target\":[\"https:\\\/\\\/cvinoticias.com\\\/v3\\\/flybondi-retoma-sus-vuelos-internacionales-a-brasil-y-uruguay\\\/\"]}]},{\"@type\":\"ImageObject\",\"inLanguage\":\"es\",\"@id\":\"https:\\\/\\\/cvinoticias.com\\\/v3\\\/flybondi-retoma-sus-vuelos-internacionales-a-brasil-y-uruguay\\\/#primaryimage\",\"url\":\"https:\\\/\\\/cvinoticias.com\\\/wp-content\\\/uploads\\\/2021\\\/10\\\/FB_IMG_1635018684489.jpg\",\"contentUrl\":\"https:\\\/\\\/cvinoticias.com\\\/wp-content\\\/uploads\\\/2021\\\/10\\\/FB_IMG_1635018684489.jpg\",\"width\":1080,\"height\":607},{\"@type\":\"BreadcrumbList\",\"@id\":\"https:\\\/\\\/cvinoticias.com\\\/v3\\\/flybondi-retoma-sus-vuelos-internacionales-a-brasil-y-uruguay\\\/#breadcrumb\",\"itemListElement\":[{\"@type\":\"ListItem\",\"position\":1,\"name\":\"Portada\",\"item\":\"https:\\\/\\\/cvinoticias.com\\\/v3\\\/\"},{\"@type\":\"ListItem\",\"position\":2,\"name\":\"Flybondi retoma sus vuelos internacionales a Brasil y Uruguay\"}]},{\"@type\":\"WebSite\",\"@id\":\"https:\\\/\\\/cvinoticias.com\\\/v3\\\/#website\",\"url\":\"https:\\\/\\\/cvinoticias.com\\\/v3\\\/\",\"name\":\"CVI NOTICIAS\",\"description\":\"\",\"publisher\":{\"@id\":\"https:\\\/\\\/cvinoticias.com\\\/v3\\\/#organization\"},\"alternateName\":\"CVI\",\"potentialAction\":[{\"@type\":\"SearchAction\",\"target\":{\"@type\":\"EntryPoint\",\"urlTemplate\":\"https:\\\/\\\/cvinoticias.com\\\/v3\\\/?s={search_term_string}\"},\"query-input\":{\"@type\":\"PropertyValueSpecification\",\"valueRequired\":true,\"valueName\":\"search_term_string\"}}],\"inLanguage\":\"es\"},{\"@type\":\"Organization\",\"@id\":\"https:\\\/\\\/cvinoticias.com\\\/v3\\\/#organization\",\"name\":\"CVI NOTICIAS\",\"url\":\"https:\\\/\\\/cvinoticias.com\\\/v3\\\/\",\"logo\":{\"@type\":\"ImageObject\",\"inLanguage\":\"es\",\"@id\":\"https:\\\/\\\/cvinoticias.com\\\/v3\\\/#\\\/schema\\\/logo\\\/image\\\/\",\"url\":\"https:\\\/\\\/cvinoticias.com\\\/wp-content\\\/uploads\\\/2023\\\/04\\\/cropped-cropped-cropped-cropped-cropped-3-1.png\",\"contentUrl\":\"https:\\\/\\\/cvinoticias.com\\\/wp-content\\\/uploads\\\/2023\\\/04\\\/cropped-cropped-cropped-cropped-cropped-3-1.png\",\"width\":95,\"height\":122,\"caption\":\"CVI NOTICIAS\"},\"image\":{\"@id\":\"https:\\\/\\\/cvinoticias.com\\\/v3\\\/#\\\/schema\\\/logo\\\/image\\\/\"},\"sameAs\":[\"https:\\\/\\\/www.facebook.com\\\/cvinoticias\",\"https:\\\/\\\/www.instagram.com\\\/cvinoticias\\\/\",\"https:\\\/\\\/www.youtube.com\\\/@CVINOTICIAS\"]},{\"@type\":\"Person\",\"@id\":\"https:\\\/\\\/cvinoticias.com\\\/v3\\\/#\\\/schema\\\/person\\\/2db77e3c6bc03c538495d7b2b8be9b66\",\"name\":\"f1000024\",\"image\":{\"@type\":\"ImageObject\",\"inLanguage\":\"es\",\"@id\":\"https:\\\/\\\/secure.gravatar.com\\\/avatar\\\/d4fe7459cfc51ff5129ce1a732bbef5928568b8092d412ef95611616376bbeed?s=96&d=mm&r=g\",\"url\":\"https:\\\/\\\/secure.gravatar.com\\\/avatar\\\/d4fe7459cfc51ff5129ce1a732bbef5928568b8092d412ef95611616376bbeed?s=96&d=mm&r=g\",\"contentUrl\":\"https:\\\/\\\/secure.gravatar.com\\\/avatar\\\/d4fe7459cfc51ff5129ce1a732bbef5928568b8092d412ef95611616376bbeed?s=96&d=mm&r=g\",\"caption\":\"f1000024\"},\"url\":\"https:\\\/\\\/cvinoticias.com\\\/v3\\\/author\\\/f1000024\\\/\"}]}<\/script>\n<!-- \/ Yoast SEO plugin. -->","yoast_head_json":{"title":"Flybondi retoma sus vuelos internacionales a Brasil y Uruguay | CVI NOTICIAS","robots":{"index":"index","follow":"follow","max-snippet":"max-snippet:-1","max-image-preview":"max-image-preview:large","max-video-preview":"max-video-preview:-1"},"canonical":"https:\/\/cvinoticias.com\/v3\/flybondi-retoma-sus-vuelos-internacionales-a-brasil-y-uruguay\/","og_locale":"es_ES","og_type":"article","og_title":"Flybondi retoma sus vuelos internacionales a Brasil y Uruguay | CVI NOTICIAS","og_description":"Flybondi, la primera aerol\u00ednea low cost del pa\u00eds, anuncia que reiniciar\u00e1 sus operaciones internacionales a Brasil y a Uruguay a partir de diciembre de 2021. La compa\u00f1\u00eda a\u00e9rea, que hoy vuela a 13 destinos dom\u00e9sticos en Argentina, retoma as\u00ed los primeros destinos regionales de Punta del Este y Florian\u00f3polis que partir\u00e1n y llegar\u00e1n desde Aeroparque [&hellip;]","og_url":"https:\/\/cvinoticias.com\/v3\/flybondi-retoma-sus-vuelos-internacionales-a-brasil-y-uruguay\/","og_site_name":"CVI NOTICIAS","article_publisher":"https:\/\/www.facebook.com\/cvinoticias","article_published_time":"2021-10-23T20:00:34+00:00","og_image":[{"width":1080,"height":607,"url":"https:\/\/cvinoticias.com\/wp-content\/uploads\/2021\/10\/FB_IMG_1635018684489.jpg","type":"image\/jpeg"}],"author":"f1000024","twitter_card":"summary_large_image","twitter_misc":{"Escrito por":"f1000024","Tiempo de lectura":"3 minutos"},"schema":{"@context":"https:\/\/schema.org","@graph":[{"@type":"Article","@id":"https:\/\/cvinoticias.com\/v3\/flybondi-retoma-sus-vuelos-internacionales-a-brasil-y-uruguay\/#article","isPartOf":{"@id":"https:\/\/cvinoticias.com\/v3\/flybondi-retoma-sus-vuelos-internacionales-a-brasil-y-uruguay\/"},"author":{"name":"f1000024","@id":"https:\/\/cvinoticias.com\/v3\/#\/schema\/person\/2db77e3c6bc03c538495d7b2b8be9b66"},"headline":"Flybondi retoma sus vuelos internacionales a Brasil y Uruguay","datePublished":"2021-10-23T20:00:34+00:00","mainEntityOfPage":{"@id":"https:\/\/cvinoticias.com\/v3\/flybondi-retoma-sus-vuelos-internacionales-a-brasil-y-uruguay\/"},"wordCount":577,"commentCount":0,"publisher":{"@id":"https:\/\/cvinoticias.com\/v3\/#organization"},"image":{"@id":"https:\/\/cvinoticias.com\/v3\/flybondi-retoma-sus-vuelos-internacionales-a-brasil-y-uruguay\/#primaryimage"},"thumbnailUrl":"https:\/\/cvinoticias.com\/wp-content\/uploads\/2021\/10\/FB_IMG_1635018684489.jpg","articleSection":["Conectividad"],"inLanguage":"es","potentialAction":[{"@type":"CommentAction","name":"Comment","target":["https:\/\/cvinoticias.com\/v3\/flybondi-retoma-sus-vuelos-internacionales-a-brasil-y-uruguay\/#respond"]}]},{"@type":"WebPage","@id":"https:\/\/cvinoticias.com\/v3\/flybondi-retoma-sus-vuelos-internacionales-a-brasil-y-uruguay\/","url":"https:\/\/cvinoticias.com\/v3\/flybondi-retoma-sus-vuelos-internacionales-a-brasil-y-uruguay\/","name":"Flybondi retoma sus vuelos internacionales a Brasil y Uruguay | CVI NOTICIAS","isPartOf":{"@id":"https:\/\/cvinoticias.com\/v3\/#website"},"primaryImageOfPage":{"@id":"https:\/\/cvinoticias.com\/v3\/flybondi-retoma-sus-vuelos-internacionales-a-brasil-y-uruguay\/#primaryimage"},"image":{"@id":"https:\/\/cvinoticias.com\/v3\/flybondi-retoma-sus-vuelos-internacionales-a-brasil-y-uruguay\/#primaryimage"},"thumbnailUrl":"https:\/\/cvinoticias.com\/wp-content\/uploads\/2021\/10\/FB_IMG_1635018684489.jpg","datePublished":"2021-10-23T20:00:34+00:00","breadcrumb":{"@id":"https:\/\/cvinoticias.com\/v3\/flybondi-retoma-sus-vuelos-internacionales-a-brasil-y-uruguay\/#breadcrumb"},"inLanguage":"es","potentialAction":[{"@type":"ReadAction","target":["https:\/\/cvinoticias.com\/v3\/flybondi-retoma-sus-vuelos-internacionales-a-brasil-y-uruguay\/"]}]},{"@type":"ImageObject","inLanguage":"es","@id":"https:\/\/cvinoticias.com\/v3\/flybondi-retoma-sus-vuelos-internacionales-a-brasil-y-uruguay\/#primaryimage","url":"https:\/\/cvinoticias.com\/wp-content\/uploads\/2021\/10\/FB_IMG_1635018684489.jpg","contentUrl":"https:\/\/cvinoticias.com\/wp-content\/uploads\/2021\/10\/FB_IMG_1635018684489.jpg","width":1080,"height":607},{"@type":"BreadcrumbList","@id":"https:\/\/cvinoticias.com\/v3\/flybondi-retoma-sus-vuelos-internacionales-a-brasil-y-uruguay\/#breadcrumb","itemListElement":[{"@type":"ListItem","position":1,"name":"Portada","item":"https:\/\/cvinoticias.com\/v3\/"},{"@type":"ListItem","position":2,"name":"Flybondi retoma sus vuelos internacionales a Brasil y Uruguay"}]},{"@type":"WebSite","@id":"https:\/\/cvinoticias.com\/v3\/#website","url":"https:\/\/cvinoticias.com\/v3\/","name":"CVI NOTICIAS","description":"","publisher":{"@id":"https:\/\/cvinoticias.com\/v3\/#organization"},"alternateName":"CVI","potentialAction":[{"@type":"SearchAction","target":{"@type":"EntryPoint","urlTemplate":"https:\/\/cvinoticias.com\/v3\/?s={search_term_string}"},"query-input":{"@type":"PropertyValueSpecification","valueRequired":true,"valueName":"search_term_string"}}],"inLanguage":"es"},{"@type":"Organization","@id":"https:\/\/cvinoticias.com\/v3\/#organization","name":"CVI NOTICIAS","url":"https:\/\/cvinoticias.com\/v3\/","logo":{"@type":"ImageObject","inLanguage":"es","@id":"https:\/\/cvinoticias.com\/v3\/#\/schema\/logo\/image\/","url":"https:\/\/cvinoticias.com\/wp-content\/uploads\/2023\/04\/cropped-cropped-cropped-cropped-cropped-3-1.png","contentUrl":"https:\/\/cvinoticias.com\/wp-content\/uploads\/2023\/04\/cropped-cropped-cropped-cropped-cropped-3-1.png","width":95,"height":122,"caption":"CVI NOTICIAS"},"image":{"@id":"https:\/\/cvinoticias.com\/v3\/#\/schema\/logo\/image\/"},"sameAs":["https:\/\/www.facebook.com\/cvinoticias","https:\/\/www.instagram.com\/cvinoticias\/","https:\/\/www.youtube.com\/@CVINOTICIAS"]},{"@type":"Person","@id":"https:\/\/cvinoticias.com\/v3\/#\/schema\/person\/2db77e3c6bc03c538495d7b2b8be9b66","name":"f1000024","image":{"@type":"ImageObject","inLanguage":"es","@id":"https:\/\/secure.gravatar.com\/avatar\/d4fe7459cfc51ff5129ce1a732bbef5928568b8092d412ef95611616376bbeed?s=96&d=mm&r=g","url":"https:\/\/secure.gravatar.com\/avatar\/d4fe7459cfc51ff5129ce1a732bbef5928568b8092d412ef95611616376bbeed?s=96&d=mm&r=g","contentUrl":"https:\/\/secure.gravatar.com\/avatar\/d4fe7459cfc51ff5129ce1a732bbef5928568b8092d412ef95611616376bbeed?s=96&d=mm&r=g","caption":"f1000024"},"url":"https:\/\/cvinoticias.com\/v3\/author\/f1000024\/"}]}},"_links":{"self":[{"href":"https:\/\/cvinoticias.com\/v3\/wp-json\/wp\/v2\/posts\/9820","targetHints":{"allow":["GET"]}}],"collection":[{"href":"https:\/\/cvinoticias.com\/v3\/wp-json\/wp\/v2\/posts"}],"about":[{"href":"https:\/\/cvinoticias.com\/v3\/wp-json\/wp\/v2\/types\/post"}],"author":[{"embeddable":true,"href":"https:\/\/cvinoticias.com\/v3\/wp-json\/wp\/v2\/users\/2"}],"replies":[{"embeddable":true,"href":"https:\/\/cvinoticias.com\/v3\/wp-json\/wp\/v2\/comments?post=9820"}],"version-history":[{"count":1,"href":"https:\/\/cvinoticias.com\/v3\/wp-json\/wp\/v2\/posts\/9820\/revisions"}],"predecessor-version":[{"id":9824,"href":"https:\/\/cvinoticias.com\/v3\/wp-json\/wp\/v2\/posts\/9820\/revisions\/9824"}],"wp:featuredmedia":[{"embeddable":true,"href":"https:\/\/cvinoticias.com\/v3\/wp-json\/wp\/v2\/media\/9823"}],"wp:attachment":[{"href":"https:\/\/cvinoticias.com\/v3\/wp-json\/wp\/v2\/media?parent=9820"}],"wp:term":[{"taxonomy":"category","embeddable":true,"href":"https:\/\/cvinoticias.com\/v3\/wp-json\/wp\/v2\/categories?post=9820"},{"taxonomy":"post_tag","embeddable":true,"href":"https:\/\/cvinoticias.com\/v3\/wp-json\/wp\/v2\/tags?post=9820"}],"curies":[{"name":"wp","href":"https:\/\/api.w.org\/{rel}","templated":true}]}}