{"id":9794,"date":"2021-10-23T15:21:53","date_gmt":"2021-10-23T15:21:53","guid":{"rendered":"https:\/\/cvinoticias.com\/v3\/?p=9794"},"modified":"2021-10-23T15:21:53","modified_gmt":"2021-10-23T15:21:53","slug":"herrera-ahuad-vamos-a-crear-una-regional-de-vialidad-provincial-en-puerto-iguazu","status":"publish","type":"post","link":"https:\/\/cvinoticias.com\/v3\/herrera-ahuad-vamos-a-crear-una-regional-de-vialidad-provincial-en-puerto-iguazu\/","title":{"rendered":"Herrera Ahuad: \u00abVamos a crear una Regional de Vialidad Provincial en Puerto Iguaz\u00fa\u00bb"},"content":{"rendered":"\n<p><strong><em>El Gobernador Oscar Herrera Ahuad junto al intendente Claudio Filippa y el candidato a diputado nacional Carlos Fern\u00e1ndez recorrieron las obras de re asfaltado y embellecimiento en la avenida Victoria Aguirre y Tres Fronteras de nuestra ciudad.<\/em><\/strong><\/p>\n\n\n\n<p>\u00abEstamos en un m\u00e1s de 50% de avance en la obra central que es la parte fundamental y esperamos llegar al verano, al tiempo de mayor foco tur\u00edstico en nuestra ciudad con obras ya muy avanzadas y muchas de ellas ya concluidas\u00bb, expres\u00f3 el Gobernador Oscar Herrera Ahuad.<\/p>\n\n\n\n<p>En di\u00e1logo con la prensa, Oscar Herrera Ahuad se\u00f1al\u00f3 \u00abestamos cumpliendo con lo que nos comprometimos con el intendente municipal, con el presidente de Vialidad, nos acompa\u00f1a el intendente de Ober\u00e1 Carlos Fern\u00e1ndez. De la misma manera en que venimos trabajando en los barrios, donde seguimos trabajando en la obra p\u00fablica tambi\u00e9n lo estamos haciendo en el centro de Iguaz\u00fa con un diagrama moderno no solamente en lo que hace su asfaltado, se\u00f1alizaci\u00f3n y pintura sino vamos a un dise\u00f1o inteligente de la ciudad\u00bb a lo que a\u00f1adi\u00f3 \u00abme parece que es muy importante en este tiempo de ir avanzando\u00bb.<\/p>\n\n\n\n<figure class=\"wp-block-image size-large\"><a href=\"https:\/\/cvinoticias.com\/wp-content\/uploads\/2021\/10\/PicsArt_10-23-10.07.09.jpg\"><img decoding=\"async\" width=\"1024\" height=\"768\" data-src=\"https:\/\/cvinoticias.com\/wp-content\/uploads\/2021\/10\/PicsArt_10-23-10.07.09-1024x768.jpg\" alt=\"\" class=\"wp-image-9795 lazyload\" data-srcset=\"https:\/\/cvinoticias.com\/wp-content\/uploads\/2021\/10\/PicsArt_10-23-10.07.09-1024x768.jpg 1024w, https:\/\/cvinoticias.com\/wp-content\/uploads\/2021\/10\/PicsArt_10-23-10.07.09-300x225.jpg 300w, https:\/\/cvinoticias.com\/wp-content\/uploads\/2021\/10\/PicsArt_10-23-10.07.09-768x576.jpg 768w, https:\/\/cvinoticias.com\/wp-content\/uploads\/2021\/10\/PicsArt_10-23-10.07.09-1536x1152.jpg 1536w, https:\/\/cvinoticias.com\/wp-content\/uploads\/2021\/10\/PicsArt_10-23-10.07.09.jpg 1600w\" data-sizes=\"(max-width: 1024px) 100vw, 1024px\" src=\"data:image\/svg+xml;base64,PHN2ZyB3aWR0aD0iMSIgaGVpZ2h0PSIxIiB4bWxucz0iaHR0cDovL3d3dy53My5vcmcvMjAwMC9zdmciPjwvc3ZnPg==\" style=\"--smush-placeholder-width: 1024px; --smush-placeholder-aspect-ratio: 1024\/768;\" \/><\/a><\/figure>\n\n\n\n<p>Entre los anuncios el gobernador Oscar Herrera Ahuad se\u00f1al\u00f3 que a partir del pr\u00f3ximo lunes ya estar\u00e1 funcionando el Hospital Modular con sus recursos humanos y t\u00e9cnicos.<\/p>\n\n\n\n<p>\u00abPara que Iguaz\u00fa tengo un desarrollo sostenido nosotros, no podemos estar yendo y viniendo con obras, y para eso la obra vial que es fundamental en la organizaci\u00f3n de Puerto Iguaz\u00fa en materia de distribuci\u00f3n de calles, de veredas, sistemas inteligentes que queremos colocar &#8211; t\u00f3tem,\u00a0 semaforizacion nueva &#8211; para eso es necesario tener un equipo ya, que trabaje ac\u00e1 y que a lo largo de la historia Iguaz\u00fa tenga consolidado un esquema de trabajo que acompa\u00f1e en las decisiones. Por eso vamos a crear una delegaci\u00f3n, una Regional de Vialidad Provincial en Puerto Iguaz\u00fa, que en pocos d\u00edas ya estar\u00e1 funcionando y va a fortalecer el trabajo en conjunto que realizamos en conjunto con el intendente municipal. Hemos contratado cooperativas de servicios que tambi\u00e9n dependen de los recursos financieros que trabajamos conjuntamente con el municipio que son los encargados de la limpieza y embellecimiento de Puerto Iguaz\u00fa, un diagrama muy parecido al que tenemos en la ciudad de Posadas\u00bb manifest\u00f3 el gobernador Provincial.<\/p>\n\n\n\n<figure class=\"wp-block-image size-large\"><a href=\"https:\/\/cvinoticias.com\/wp-content\/uploads\/2021\/10\/IMG-20211023-WA0018.jpg\"><img decoding=\"async\" width=\"1024\" height=\"768\" data-src=\"https:\/\/cvinoticias.com\/wp-content\/uploads\/2021\/10\/IMG-20211023-WA0018-1024x768.jpg\" alt=\"\" class=\"wp-image-9796 lazyload\" data-srcset=\"https:\/\/cvinoticias.com\/wp-content\/uploads\/2021\/10\/IMG-20211023-WA0018-1024x768.jpg 1024w, https:\/\/cvinoticias.com\/wp-content\/uploads\/2021\/10\/IMG-20211023-WA0018-300x225.jpg 300w, https:\/\/cvinoticias.com\/wp-content\/uploads\/2021\/10\/IMG-20211023-WA0018-768x576.jpg 768w, https:\/\/cvinoticias.com\/wp-content\/uploads\/2021\/10\/IMG-20211023-WA0018-1536x1152.jpg 1536w, https:\/\/cvinoticias.com\/wp-content\/uploads\/2021\/10\/IMG-20211023-WA0018.jpg 1600w\" data-sizes=\"(max-width: 1024px) 100vw, 1024px\" src=\"data:image\/svg+xml;base64,PHN2ZyB3aWR0aD0iMSIgaGVpZ2h0PSIxIiB4bWxucz0iaHR0cDovL3d3dy53My5vcmcvMjAwMC9zdmciPjwvc3ZnPg==\" style=\"--smush-placeholder-width: 1024px; --smush-placeholder-aspect-ratio: 1024\/768;\" \/><\/a><\/figure>\n\n\n\n<p>\u00abHablamos con el intendente sobre el planteo de hacer una Calle Paseo, en una reducci\u00f3n de calzada pero ampliaci\u00f3n de peatonales, en esa evaluaci\u00f3n estamos trabajando con el intendente, el municipio, con la direcci\u00f3n de Vialidad Provincial, con los frentista-\u00a0 la idea es comenzar con 150 o 200 metros que es desde la rotonda de las Siete Bocas hasta la feri\u00f1a trabajar en algo innovador y de ah\u00ed veremos el comportamiento que vamos teniendo y si eso es muy positivo lo hacemos en toda la Av Brasil\u00bb, expres\u00f3 Herrera Ahuad.<\/p>\n\n\n\n<figure class=\"wp-block-image size-large\"><a href=\"https:\/\/cvinoticias.com\/wp-content\/uploads\/2021\/10\/IMG-20211023-WA0023.jpg\"><img decoding=\"async\" width=\"1024\" height=\"576\" data-src=\"https:\/\/cvinoticias.com\/wp-content\/uploads\/2021\/10\/IMG-20211023-WA0023-1024x576.jpg\" alt=\"\" class=\"wp-image-9797 lazyload\" data-srcset=\"https:\/\/cvinoticias.com\/wp-content\/uploads\/2021\/10\/IMG-20211023-WA0023-1024x576.jpg 1024w, https:\/\/cvinoticias.com\/wp-content\/uploads\/2021\/10\/IMG-20211023-WA0023-300x169.jpg 300w, https:\/\/cvinoticias.com\/wp-content\/uploads\/2021\/10\/IMG-20211023-WA0023-768x432.jpg 768w, https:\/\/cvinoticias.com\/wp-content\/uploads\/2021\/10\/IMG-20211023-WA0023.jpg 1472w\" data-sizes=\"(max-width: 1024px) 100vw, 1024px\" src=\"data:image\/svg+xml;base64,PHN2ZyB3aWR0aD0iMSIgaGVpZ2h0PSIxIiB4bWxucz0iaHR0cDovL3d3dy53My5vcmcvMjAwMC9zdmciPjwvc3ZnPg==\" style=\"--smush-placeholder-width: 1024px; --smush-placeholder-aspect-ratio: 1024\/576;\" \/><\/a><\/figure>\n\n\n\n<figure class=\"wp-block-image size-large\"><a href=\"https:\/\/cvinoticias.com\/wp-content\/uploads\/2021\/10\/PicsArt_10-23-10.09.36.jpg\"><img decoding=\"async\" width=\"1024\" height=\"768\" data-src=\"https:\/\/cvinoticias.com\/wp-content\/uploads\/2021\/10\/PicsArt_10-23-10.09.36-1024x768.jpg\" alt=\"\" class=\"wp-image-9798 lazyload\" data-srcset=\"https:\/\/cvinoticias.com\/wp-content\/uploads\/2021\/10\/PicsArt_10-23-10.09.36-1024x768.jpg 1024w, https:\/\/cvinoticias.com\/wp-content\/uploads\/2021\/10\/PicsArt_10-23-10.09.36-300x225.jpg 300w, https:\/\/cvinoticias.com\/wp-content\/uploads\/2021\/10\/PicsArt_10-23-10.09.36-768x576.jpg 768w, https:\/\/cvinoticias.com\/wp-content\/uploads\/2021\/10\/PicsArt_10-23-10.09.36-1536x1152.jpg 1536w, https:\/\/cvinoticias.com\/wp-content\/uploads\/2021\/10\/PicsArt_10-23-10.09.36.jpg 1600w\" data-sizes=\"(max-width: 1024px) 100vw, 1024px\" src=\"data:image\/svg+xml;base64,PHN2ZyB3aWR0aD0iMSIgaGVpZ2h0PSIxIiB4bWxucz0iaHR0cDovL3d3dy53My5vcmcvMjAwMC9zdmciPjwvc3ZnPg==\" style=\"--smush-placeholder-width: 1024px; --smush-placeholder-aspect-ratio: 1024\/768;\" \/><\/a><\/figure>\n\n\n\n<figure class=\"wp-block-image size-large\"><a href=\"https:\/\/cvinoticias.com\/wp-content\/uploads\/2021\/10\/IMG-20211023-WA0008.jpg\"><img decoding=\"async\" width=\"768\" height=\"1024\" data-src=\"https:\/\/cvinoticias.com\/wp-content\/uploads\/2021\/10\/IMG-20211023-WA0008-768x1024.jpg\" alt=\"\" class=\"wp-image-9799 lazyload\" data-srcset=\"https:\/\/cvinoticias.com\/wp-content\/uploads\/2021\/10\/IMG-20211023-WA0008-768x1024.jpg 768w, https:\/\/cvinoticias.com\/wp-content\/uploads\/2021\/10\/IMG-20211023-WA0008-225x300.jpg 225w, https:\/\/cvinoticias.com\/wp-content\/uploads\/2021\/10\/IMG-20211023-WA0008-1152x1536.jpg 1152w, https:\/\/cvinoticias.com\/wp-content\/uploads\/2021\/10\/IMG-20211023-WA0008.jpg 1200w\" data-sizes=\"(max-width: 768px) 100vw, 768px\" src=\"data:image\/svg+xml;base64,PHN2ZyB3aWR0aD0iMSIgaGVpZ2h0PSIxIiB4bWxucz0iaHR0cDovL3d3dy53My5vcmcvMjAwMC9zdmciPjwvc3ZnPg==\" style=\"--smush-placeholder-width: 768px; --smush-placeholder-aspect-ratio: 768\/1024;\" \/><\/a><\/figure>\n","protected":false},"excerpt":{"rendered":"<p>El Gobernador Oscar Herrera Ahuad junto al intendente Claudio Filippa y el candidato a diputado nacional Carlos Fern\u00e1ndez recorrieron las obras de re asfaltado y embellecimiento en la avenida Victoria Aguirre y Tres Fronteras de nuestra ciudad. \u00abEstamos en un m\u00e1s de 50% de avance en la obra central que es la parte fundamental y [&hellip;]<\/p>\n","protected":false},"author":2,"featured_media":9800,"comment_status":"open","ping_status":"open","sticky":false,"template":"","format":"standard","meta":{"footnotes":""},"categories":[29],"tags":[],"class_list":["post-9794","post","type-post","status-publish","format-standard","has-post-thumbnail","hentry","category-locales"],"yoast_head":"<!-- This site is optimized with the Yoast SEO plugin v27.5 - https:\/\/yoast.com\/product\/yoast-seo-wordpress\/ -->\n<title>Herrera Ahuad: &quot;Vamos a crear una Regional de Vialidad Provincial en Puerto Iguaz\u00fa&quot; | CVI NOTICIAS<\/title>\n<meta name=\"robots\" content=\"index, follow, max-snippet:-1, max-image-preview:large, max-video-preview:-1\" \/>\n<link rel=\"canonical\" href=\"https:\/\/cvinoticias.com\/v3\/herrera-ahuad-vamos-a-crear-una-regional-de-vialidad-provincial-en-puerto-iguazu\/\" \/>\n<meta property=\"og:locale\" content=\"es_ES\" \/>\n<meta property=\"og:type\" content=\"article\" \/>\n<meta property=\"og:title\" content=\"Herrera Ahuad: &quot;Vamos a crear una Regional de Vialidad Provincial en Puerto Iguaz\u00fa&quot; | CVI NOTICIAS\" \/>\n<meta property=\"og:description\" content=\"El Gobernador Oscar Herrera Ahuad junto al intendente Claudio Filippa y el candidato a diputado nacional Carlos Fern\u00e1ndez recorrieron las obras de re asfaltado y embellecimiento en la avenida Victoria Aguirre y Tres Fronteras de nuestra ciudad. \u00abEstamos en un m\u00e1s de 50% de avance en la obra central que es la parte fundamental y [&hellip;]\" \/>\n<meta property=\"og:url\" content=\"https:\/\/cvinoticias.com\/v3\/herrera-ahuad-vamos-a-crear-una-regional-de-vialidad-provincial-en-puerto-iguazu\/\" \/>\n<meta property=\"og:site_name\" content=\"CVI NOTICIAS\" \/>\n<meta property=\"article:publisher\" content=\"https:\/\/www.facebook.com\/cvinoticias\" \/>\n<meta property=\"article:published_time\" content=\"2021-10-23T15:21:53+00:00\" \/>\n<meta property=\"og:image\" content=\"https:\/\/cvinoticias.com\/wp-content\/uploads\/2021\/10\/IMG-20211023-WA0020.jpg\" \/>\n\t<meta property=\"og:image:width\" content=\"777\" \/>\n\t<meta property=\"og:image:height\" content=\"1600\" \/>\n\t<meta property=\"og:image:type\" content=\"image\/jpeg\" \/>\n<meta name=\"author\" content=\"f1000024\" \/>\n<meta name=\"twitter:card\" content=\"summary_large_image\" \/>\n<meta name=\"twitter:label1\" content=\"Escrito por\" \/>\n\t<meta name=\"twitter:data1\" content=\"f1000024\" \/>\n\t<meta name=\"twitter:label2\" content=\"Tiempo de lectura\" \/>\n\t<meta name=\"twitter:data2\" content=\"2 minutos\" \/>\n<script type=\"application\/ld+json\" class=\"yoast-schema-graph\">{\"@context\":\"https:\\\/\\\/schema.org\",\"@graph\":[{\"@type\":\"Article\",\"@id\":\"https:\\\/\\\/cvinoticias.com\\\/v3\\\/herrera-ahuad-vamos-a-crear-una-regional-de-vialidad-provincial-en-puerto-iguazu\\\/#article\",\"isPartOf\":{\"@id\":\"https:\\\/\\\/cvinoticias.com\\\/v3\\\/herrera-ahuad-vamos-a-crear-una-regional-de-vialidad-provincial-en-puerto-iguazu\\\/\"},\"author\":{\"name\":\"f1000024\",\"@id\":\"https:\\\/\\\/cvinoticias.com\\\/v3\\\/#\\\/schema\\\/person\\\/2db77e3c6bc03c538495d7b2b8be9b66\"},\"headline\":\"Herrera Ahuad: \u00abVamos a crear una Regional de Vialidad Provincial en Puerto Iguaz\u00fa\u00bb\",\"datePublished\":\"2021-10-23T15:21:53+00:00\",\"mainEntityOfPage\":{\"@id\":\"https:\\\/\\\/cvinoticias.com\\\/v3\\\/herrera-ahuad-vamos-a-crear-una-regional-de-vialidad-provincial-en-puerto-iguazu\\\/\"},\"wordCount\":504,\"commentCount\":0,\"publisher\":{\"@id\":\"https:\\\/\\\/cvinoticias.com\\\/v3\\\/#organization\"},\"image\":{\"@id\":\"https:\\\/\\\/cvinoticias.com\\\/v3\\\/herrera-ahuad-vamos-a-crear-una-regional-de-vialidad-provincial-en-puerto-iguazu\\\/#primaryimage\"},\"thumbnailUrl\":\"https:\\\/\\\/cvinoticias.com\\\/wp-content\\\/uploads\\\/2021\\\/10\\\/IMG-20211023-WA0020.jpg\",\"articleSection\":[\"Locales\"],\"inLanguage\":\"es\",\"potentialAction\":[{\"@type\":\"CommentAction\",\"name\":\"Comment\",\"target\":[\"https:\\\/\\\/cvinoticias.com\\\/v3\\\/herrera-ahuad-vamos-a-crear-una-regional-de-vialidad-provincial-en-puerto-iguazu\\\/#respond\"]}]},{\"@type\":\"WebPage\",\"@id\":\"https:\\\/\\\/cvinoticias.com\\\/v3\\\/herrera-ahuad-vamos-a-crear-una-regional-de-vialidad-provincial-en-puerto-iguazu\\\/\",\"url\":\"https:\\\/\\\/cvinoticias.com\\\/v3\\\/herrera-ahuad-vamos-a-crear-una-regional-de-vialidad-provincial-en-puerto-iguazu\\\/\",\"name\":\"Herrera Ahuad: \\\"Vamos a crear una Regional de Vialidad Provincial en Puerto Iguaz\u00fa\\\" | CVI NOTICIAS\",\"isPartOf\":{\"@id\":\"https:\\\/\\\/cvinoticias.com\\\/v3\\\/#website\"},\"primaryImageOfPage\":{\"@id\":\"https:\\\/\\\/cvinoticias.com\\\/v3\\\/herrera-ahuad-vamos-a-crear-una-regional-de-vialidad-provincial-en-puerto-iguazu\\\/#primaryimage\"},\"image\":{\"@id\":\"https:\\\/\\\/cvinoticias.com\\\/v3\\\/herrera-ahuad-vamos-a-crear-una-regional-de-vialidad-provincial-en-puerto-iguazu\\\/#primaryimage\"},\"thumbnailUrl\":\"https:\\\/\\\/cvinoticias.com\\\/wp-content\\\/uploads\\\/2021\\\/10\\\/IMG-20211023-WA0020.jpg\",\"datePublished\":\"2021-10-23T15:21:53+00:00\",\"breadcrumb\":{\"@id\":\"https:\\\/\\\/cvinoticias.com\\\/v3\\\/herrera-ahuad-vamos-a-crear-una-regional-de-vialidad-provincial-en-puerto-iguazu\\\/#breadcrumb\"},\"inLanguage\":\"es\",\"potentialAction\":[{\"@type\":\"ReadAction\",\"target\":[\"https:\\\/\\\/cvinoticias.com\\\/v3\\\/herrera-ahuad-vamos-a-crear-una-regional-de-vialidad-provincial-en-puerto-iguazu\\\/\"]}]},{\"@type\":\"ImageObject\",\"inLanguage\":\"es\",\"@id\":\"https:\\\/\\\/cvinoticias.com\\\/v3\\\/herrera-ahuad-vamos-a-crear-una-regional-de-vialidad-provincial-en-puerto-iguazu\\\/#primaryimage\",\"url\":\"https:\\\/\\\/cvinoticias.com\\\/wp-content\\\/uploads\\\/2021\\\/10\\\/IMG-20211023-WA0020.jpg\",\"contentUrl\":\"https:\\\/\\\/cvinoticias.com\\\/wp-content\\\/uploads\\\/2021\\\/10\\\/IMG-20211023-WA0020.jpg\",\"width\":777,\"height\":1600},{\"@type\":\"BreadcrumbList\",\"@id\":\"https:\\\/\\\/cvinoticias.com\\\/v3\\\/herrera-ahuad-vamos-a-crear-una-regional-de-vialidad-provincial-en-puerto-iguazu\\\/#breadcrumb\",\"itemListElement\":[{\"@type\":\"ListItem\",\"position\":1,\"name\":\"Portada\",\"item\":\"https:\\\/\\\/cvinoticias.com\\\/v3\\\/\"},{\"@type\":\"ListItem\",\"position\":2,\"name\":\"Herrera Ahuad: \u00abVamos a crear una Regional de Vialidad Provincial en Puerto Iguaz\u00fa\u00bb\"}]},{\"@type\":\"WebSite\",\"@id\":\"https:\\\/\\\/cvinoticias.com\\\/v3\\\/#website\",\"url\":\"https:\\\/\\\/cvinoticias.com\\\/v3\\\/\",\"name\":\"CVI NOTICIAS\",\"description\":\"\",\"publisher\":{\"@id\":\"https:\\\/\\\/cvinoticias.com\\\/v3\\\/#organization\"},\"alternateName\":\"CVI\",\"potentialAction\":[{\"@type\":\"SearchAction\",\"target\":{\"@type\":\"EntryPoint\",\"urlTemplate\":\"https:\\\/\\\/cvinoticias.com\\\/v3\\\/?s={search_term_string}\"},\"query-input\":{\"@type\":\"PropertyValueSpecification\",\"valueRequired\":true,\"valueName\":\"search_term_string\"}}],\"inLanguage\":\"es\"},{\"@type\":\"Organization\",\"@id\":\"https:\\\/\\\/cvinoticias.com\\\/v3\\\/#organization\",\"name\":\"CVI NOTICIAS\",\"url\":\"https:\\\/\\\/cvinoticias.com\\\/v3\\\/\",\"logo\":{\"@type\":\"ImageObject\",\"inLanguage\":\"es\",\"@id\":\"https:\\\/\\\/cvinoticias.com\\\/v3\\\/#\\\/schema\\\/logo\\\/image\\\/\",\"url\":\"https:\\\/\\\/cvinoticias.com\\\/wp-content\\\/uploads\\\/2023\\\/04\\\/cropped-cropped-cropped-cropped-cropped-3-1.png\",\"contentUrl\":\"https:\\\/\\\/cvinoticias.com\\\/wp-content\\\/uploads\\\/2023\\\/04\\\/cropped-cropped-cropped-cropped-cropped-3-1.png\",\"width\":95,\"height\":122,\"caption\":\"CVI NOTICIAS\"},\"image\":{\"@id\":\"https:\\\/\\\/cvinoticias.com\\\/v3\\\/#\\\/schema\\\/logo\\\/image\\\/\"},\"sameAs\":[\"https:\\\/\\\/www.facebook.com\\\/cvinoticias\",\"https:\\\/\\\/www.instagram.com\\\/cvinoticias\\\/\",\"https:\\\/\\\/www.youtube.com\\\/@CVINOTICIAS\"]},{\"@type\":\"Person\",\"@id\":\"https:\\\/\\\/cvinoticias.com\\\/v3\\\/#\\\/schema\\\/person\\\/2db77e3c6bc03c538495d7b2b8be9b66\",\"name\":\"f1000024\",\"image\":{\"@type\":\"ImageObject\",\"inLanguage\":\"es\",\"@id\":\"https:\\\/\\\/secure.gravatar.com\\\/avatar\\\/d4fe7459cfc51ff5129ce1a732bbef5928568b8092d412ef95611616376bbeed?s=96&d=mm&r=g\",\"url\":\"https:\\\/\\\/secure.gravatar.com\\\/avatar\\\/d4fe7459cfc51ff5129ce1a732bbef5928568b8092d412ef95611616376bbeed?s=96&d=mm&r=g\",\"contentUrl\":\"https:\\\/\\\/secure.gravatar.com\\\/avatar\\\/d4fe7459cfc51ff5129ce1a732bbef5928568b8092d412ef95611616376bbeed?s=96&d=mm&r=g\",\"caption\":\"f1000024\"},\"url\":\"https:\\\/\\\/cvinoticias.com\\\/v3\\\/author\\\/f1000024\\\/\"}]}<\/script>\n<!-- \/ Yoast SEO plugin. -->","yoast_head_json":{"title":"Herrera Ahuad: \"Vamos a crear una Regional de Vialidad Provincial en Puerto Iguaz\u00fa\" | CVI NOTICIAS","robots":{"index":"index","follow":"follow","max-snippet":"max-snippet:-1","max-image-preview":"max-image-preview:large","max-video-preview":"max-video-preview:-1"},"canonical":"https:\/\/cvinoticias.com\/v3\/herrera-ahuad-vamos-a-crear-una-regional-de-vialidad-provincial-en-puerto-iguazu\/","og_locale":"es_ES","og_type":"article","og_title":"Herrera Ahuad: \"Vamos a crear una Regional de Vialidad Provincial en Puerto Iguaz\u00fa\" | CVI NOTICIAS","og_description":"El Gobernador Oscar Herrera Ahuad junto al intendente Claudio Filippa y el candidato a diputado nacional Carlos Fern\u00e1ndez recorrieron las obras de re asfaltado y embellecimiento en la avenida Victoria Aguirre y Tres Fronteras de nuestra ciudad. \u00abEstamos en un m\u00e1s de 50% de avance en la obra central que es la parte fundamental y [&hellip;]","og_url":"https:\/\/cvinoticias.com\/v3\/herrera-ahuad-vamos-a-crear-una-regional-de-vialidad-provincial-en-puerto-iguazu\/","og_site_name":"CVI NOTICIAS","article_publisher":"https:\/\/www.facebook.com\/cvinoticias","article_published_time":"2021-10-23T15:21:53+00:00","og_image":[{"width":777,"height":1600,"url":"https:\/\/cvinoticias.com\/wp-content\/uploads\/2021\/10\/IMG-20211023-WA0020.jpg","type":"image\/jpeg"}],"author":"f1000024","twitter_card":"summary_large_image","twitter_misc":{"Escrito por":"f1000024","Tiempo de lectura":"2 minutos"},"schema":{"@context":"https:\/\/schema.org","@graph":[{"@type":"Article","@id":"https:\/\/cvinoticias.com\/v3\/herrera-ahuad-vamos-a-crear-una-regional-de-vialidad-provincial-en-puerto-iguazu\/#article","isPartOf":{"@id":"https:\/\/cvinoticias.com\/v3\/herrera-ahuad-vamos-a-crear-una-regional-de-vialidad-provincial-en-puerto-iguazu\/"},"author":{"name":"f1000024","@id":"https:\/\/cvinoticias.com\/v3\/#\/schema\/person\/2db77e3c6bc03c538495d7b2b8be9b66"},"headline":"Herrera Ahuad: \u00abVamos a crear una Regional de Vialidad Provincial en Puerto Iguaz\u00fa\u00bb","datePublished":"2021-10-23T15:21:53+00:00","mainEntityOfPage":{"@id":"https:\/\/cvinoticias.com\/v3\/herrera-ahuad-vamos-a-crear-una-regional-de-vialidad-provincial-en-puerto-iguazu\/"},"wordCount":504,"commentCount":0,"publisher":{"@id":"https:\/\/cvinoticias.com\/v3\/#organization"},"image":{"@id":"https:\/\/cvinoticias.com\/v3\/herrera-ahuad-vamos-a-crear-una-regional-de-vialidad-provincial-en-puerto-iguazu\/#primaryimage"},"thumbnailUrl":"https:\/\/cvinoticias.com\/wp-content\/uploads\/2021\/10\/IMG-20211023-WA0020.jpg","articleSection":["Locales"],"inLanguage":"es","potentialAction":[{"@type":"CommentAction","name":"Comment","target":["https:\/\/cvinoticias.com\/v3\/herrera-ahuad-vamos-a-crear-una-regional-de-vialidad-provincial-en-puerto-iguazu\/#respond"]}]},{"@type":"WebPage","@id":"https:\/\/cvinoticias.com\/v3\/herrera-ahuad-vamos-a-crear-una-regional-de-vialidad-provincial-en-puerto-iguazu\/","url":"https:\/\/cvinoticias.com\/v3\/herrera-ahuad-vamos-a-crear-una-regional-de-vialidad-provincial-en-puerto-iguazu\/","name":"Herrera Ahuad: \"Vamos a crear una Regional de Vialidad Provincial en Puerto Iguaz\u00fa\" | CVI NOTICIAS","isPartOf":{"@id":"https:\/\/cvinoticias.com\/v3\/#website"},"primaryImageOfPage":{"@id":"https:\/\/cvinoticias.com\/v3\/herrera-ahuad-vamos-a-crear-una-regional-de-vialidad-provincial-en-puerto-iguazu\/#primaryimage"},"image":{"@id":"https:\/\/cvinoticias.com\/v3\/herrera-ahuad-vamos-a-crear-una-regional-de-vialidad-provincial-en-puerto-iguazu\/#primaryimage"},"thumbnailUrl":"https:\/\/cvinoticias.com\/wp-content\/uploads\/2021\/10\/IMG-20211023-WA0020.jpg","datePublished":"2021-10-23T15:21:53+00:00","breadcrumb":{"@id":"https:\/\/cvinoticias.com\/v3\/herrera-ahuad-vamos-a-crear-una-regional-de-vialidad-provincial-en-puerto-iguazu\/#breadcrumb"},"inLanguage":"es","potentialAction":[{"@type":"ReadAction","target":["https:\/\/cvinoticias.com\/v3\/herrera-ahuad-vamos-a-crear-una-regional-de-vialidad-provincial-en-puerto-iguazu\/"]}]},{"@type":"ImageObject","inLanguage":"es","@id":"https:\/\/cvinoticias.com\/v3\/herrera-ahuad-vamos-a-crear-una-regional-de-vialidad-provincial-en-puerto-iguazu\/#primaryimage","url":"https:\/\/cvinoticias.com\/wp-content\/uploads\/2021\/10\/IMG-20211023-WA0020.jpg","contentUrl":"https:\/\/cvinoticias.com\/wp-content\/uploads\/2021\/10\/IMG-20211023-WA0020.jpg","width":777,"height":1600},{"@type":"BreadcrumbList","@id":"https:\/\/cvinoticias.com\/v3\/herrera-ahuad-vamos-a-crear-una-regional-de-vialidad-provincial-en-puerto-iguazu\/#breadcrumb","itemListElement":[{"@type":"ListItem","position":1,"name":"Portada","item":"https:\/\/cvinoticias.com\/v3\/"},{"@type":"ListItem","position":2,"name":"Herrera Ahuad: \u00abVamos a crear una Regional de Vialidad Provincial en Puerto Iguaz\u00fa\u00bb"}]},{"@type":"WebSite","@id":"https:\/\/cvinoticias.com\/v3\/#website","url":"https:\/\/cvinoticias.com\/v3\/","name":"CVI NOTICIAS","description":"","publisher":{"@id":"https:\/\/cvinoticias.com\/v3\/#organization"},"alternateName":"CVI","potentialAction":[{"@type":"SearchAction","target":{"@type":"EntryPoint","urlTemplate":"https:\/\/cvinoticias.com\/v3\/?s={search_term_string}"},"query-input":{"@type":"PropertyValueSpecification","valueRequired":true,"valueName":"search_term_string"}}],"inLanguage":"es"},{"@type":"Organization","@id":"https:\/\/cvinoticias.com\/v3\/#organization","name":"CVI NOTICIAS","url":"https:\/\/cvinoticias.com\/v3\/","logo":{"@type":"ImageObject","inLanguage":"es","@id":"https:\/\/cvinoticias.com\/v3\/#\/schema\/logo\/image\/","url":"https:\/\/cvinoticias.com\/wp-content\/uploads\/2023\/04\/cropped-cropped-cropped-cropped-cropped-3-1.png","contentUrl":"https:\/\/cvinoticias.com\/wp-content\/uploads\/2023\/04\/cropped-cropped-cropped-cropped-cropped-3-1.png","width":95,"height":122,"caption":"CVI NOTICIAS"},"image":{"@id":"https:\/\/cvinoticias.com\/v3\/#\/schema\/logo\/image\/"},"sameAs":["https:\/\/www.facebook.com\/cvinoticias","https:\/\/www.instagram.com\/cvinoticias\/","https:\/\/www.youtube.com\/@CVINOTICIAS"]},{"@type":"Person","@id":"https:\/\/cvinoticias.com\/v3\/#\/schema\/person\/2db77e3c6bc03c538495d7b2b8be9b66","name":"f1000024","image":{"@type":"ImageObject","inLanguage":"es","@id":"https:\/\/secure.gravatar.com\/avatar\/d4fe7459cfc51ff5129ce1a732bbef5928568b8092d412ef95611616376bbeed?s=96&d=mm&r=g","url":"https:\/\/secure.gravatar.com\/avatar\/d4fe7459cfc51ff5129ce1a732bbef5928568b8092d412ef95611616376bbeed?s=96&d=mm&r=g","contentUrl":"https:\/\/secure.gravatar.com\/avatar\/d4fe7459cfc51ff5129ce1a732bbef5928568b8092d412ef95611616376bbeed?s=96&d=mm&r=g","caption":"f1000024"},"url":"https:\/\/cvinoticias.com\/v3\/author\/f1000024\/"}]}},"_links":{"self":[{"href":"https:\/\/cvinoticias.com\/v3\/wp-json\/wp\/v2\/posts\/9794","targetHints":{"allow":["GET"]}}],"collection":[{"href":"https:\/\/cvinoticias.com\/v3\/wp-json\/wp\/v2\/posts"}],"about":[{"href":"https:\/\/cvinoticias.com\/v3\/wp-json\/wp\/v2\/types\/post"}],"author":[{"embeddable":true,"href":"https:\/\/cvinoticias.com\/v3\/wp-json\/wp\/v2\/users\/2"}],"replies":[{"embeddable":true,"href":"https:\/\/cvinoticias.com\/v3\/wp-json\/wp\/v2\/comments?post=9794"}],"version-history":[{"count":1,"href":"https:\/\/cvinoticias.com\/v3\/wp-json\/wp\/v2\/posts\/9794\/revisions"}],"predecessor-version":[{"id":9801,"href":"https:\/\/cvinoticias.com\/v3\/wp-json\/wp\/v2\/posts\/9794\/revisions\/9801"}],"wp:featuredmedia":[{"embeddable":true,"href":"https:\/\/cvinoticias.com\/v3\/wp-json\/wp\/v2\/media\/9800"}],"wp:attachment":[{"href":"https:\/\/cvinoticias.com\/v3\/wp-json\/wp\/v2\/media?parent=9794"}],"wp:term":[{"taxonomy":"category","embeddable":true,"href":"https:\/\/cvinoticias.com\/v3\/wp-json\/wp\/v2\/categories?post=9794"},{"taxonomy":"post_tag","embeddable":true,"href":"https:\/\/cvinoticias.com\/v3\/wp-json\/wp\/v2\/tags?post=9794"}],"curies":[{"name":"wp","href":"https:\/\/api.w.org\/{rel}","templated":true}]}}