{"id":9777,"date":"2021-10-22T20:34:26","date_gmt":"2021-10-22T20:34:26","guid":{"rendered":"https:\/\/cvinoticias.com\/v3\/?p=9777"},"modified":"2021-10-22T20:34:26","modified_gmt":"2021-10-22T20:34:26","slug":"iguazu-quema-de-basura-consecuencias-ambientales-y-desafios","status":"publish","type":"post","link":"https:\/\/cvinoticias.com\/v3\/iguazu-quema-de-basura-consecuencias-ambientales-y-desafios\/","title":{"rendered":"Iguaz\u00fa &#8211; Quema de basura: Consecuencias ambientales y desaf\u00edos"},"content":{"rendered":"\n<p><em><strong>El desmesurado crecimiento en el volumen de quejas sobre quema de basura a cielo abierto en Puerto Iguaz\u00fa est\u00e1 poniendo en peligro la capacidad de la naturaleza para mantener nuestras necesidades y la de futuras generaciones<\/strong><\/em>.<\/p>\n\n\n\n<p>Esta ma\u00f1ana la Secretaria de Gobierno Marcela Gonz\u00e1lez, el Director de Bromatolog\u00eda Lic. Daniel Ch\u00e1vez y el Director de Servicios P\u00fablicos Juan Su\u00e1rez realizaron una conferencia de prensa sobre la problem\u00e1tica que nos compete a todos.<\/p>\n\n\n\n<p>La quema de basura es una pr\u00e1ctica que est\u00e1 completamente prohibida porque es nociva para el medioambiente, la quema se encuentra prohibida por ordenanza, por lo que se pueden labrarse actas de infracci\u00f3n.&nbsp;<\/p>\n\n\n\n<p>Las personas que queman residuos cerca de las viviendas, desconocen el peligroso c\u00f3ctel de emisores liberados en la atm\u00f3sfera y la amenaza hacia el medio ambiente, pero sobre todo la salud de quienes viven y trabajan en la cercan\u00eda.<\/p>\n\n\n\n<p>Ahora es el momento de la acci\u00f3n colectiva, por eso desde el Gobierno Municipal entre las Direcciones de Bromatolog\u00eda, Obras y Servicios P\u00fablicos y Privados, Prensa y Comunicaci\u00f3n y Medio Ambiente estamos trabajando sobre estas problem\u00e1ticas ambientales para generar el cambio cultural de manera segura y responsable.&nbsp;<\/p>\n\n\n\n<p>Necesitamos la ayuda de toda la comunidad para mantener nuestro aire limpio y saludable para todos en Iguaz\u00fa.<\/p>\n\n\n\n<p>#NoQuemesBasura<br>#CuidemosElMedioAmbiente<\/p>\n\n\n\n<p><strong>Prensa Municipal<\/strong><\/p>\n","protected":false},"excerpt":{"rendered":"<p>El desmesurado crecimiento en el volumen de quejas sobre quema de basura a cielo abierto en Puerto Iguaz\u00fa est\u00e1 poniendo en peligro la capacidad de la naturaleza para mantener nuestras necesidades y la de futuras generaciones. Esta ma\u00f1ana la Secretaria de Gobierno Marcela Gonz\u00e1lez, el Director de Bromatolog\u00eda Lic. Daniel Ch\u00e1vez y el Director de [&hellip;]<\/p>\n","protected":false},"author":2,"featured_media":9778,"comment_status":"open","ping_status":"open","sticky":false,"template":"","format":"standard","meta":{"footnotes":""},"categories":[29],"tags":[],"class_list":["post-9777","post","type-post","status-publish","format-standard","has-post-thumbnail","hentry","category-locales"],"yoast_head":"<!-- This site is optimized with the Yoast SEO plugin v27.5 - https:\/\/yoast.com\/product\/yoast-seo-wordpress\/ -->\n<title>Iguaz\u00fa - Quema de basura: Consecuencias ambientales y desaf\u00edos | CVI NOTICIAS<\/title>\n<meta name=\"robots\" content=\"index, follow, max-snippet:-1, max-image-preview:large, max-video-preview:-1\" \/>\n<link rel=\"canonical\" href=\"https:\/\/cvinoticias.com\/v3\/iguazu-quema-de-basura-consecuencias-ambientales-y-desafios\/\" \/>\n<meta property=\"og:locale\" content=\"es_ES\" \/>\n<meta property=\"og:type\" content=\"article\" \/>\n<meta property=\"og:title\" content=\"Iguaz\u00fa - Quema de basura: Consecuencias ambientales y desaf\u00edos | CVI NOTICIAS\" \/>\n<meta property=\"og:description\" content=\"El desmesurado crecimiento en el volumen de quejas sobre quema de basura a cielo abierto en Puerto Iguaz\u00fa est\u00e1 poniendo en peligro la capacidad de la naturaleza para mantener nuestras necesidades y la de futuras generaciones. Esta ma\u00f1ana la Secretaria de Gobierno Marcela Gonz\u00e1lez, el Director de Bromatolog\u00eda Lic. Daniel Ch\u00e1vez y el Director de [&hellip;]\" \/>\n<meta property=\"og:url\" content=\"https:\/\/cvinoticias.com\/v3\/iguazu-quema-de-basura-consecuencias-ambientales-y-desafios\/\" \/>\n<meta property=\"og:site_name\" content=\"CVI NOTICIAS\" \/>\n<meta property=\"article:publisher\" content=\"https:\/\/www.facebook.com\/cvinoticias\" \/>\n<meta property=\"article:published_time\" content=\"2021-10-22T20:34:26+00:00\" \/>\n<meta property=\"og:image\" content=\"https:\/\/cvinoticias.com\/wp-content\/uploads\/2021\/10\/FB_IMG_1634934538138.jpg\" \/>\n\t<meta property=\"og:image:width\" content=\"960\" \/>\n\t<meta property=\"og:image:height\" content=\"720\" \/>\n\t<meta property=\"og:image:type\" content=\"image\/jpeg\" \/>\n<meta name=\"author\" content=\"f1000024\" \/>\n<meta name=\"twitter:card\" content=\"summary_large_image\" \/>\n<meta name=\"twitter:label1\" content=\"Escrito por\" \/>\n\t<meta name=\"twitter:data1\" content=\"f1000024\" \/>\n\t<meta name=\"twitter:label2\" content=\"Tiempo de lectura\" \/>\n\t<meta name=\"twitter:data2\" content=\"1 minuto\" \/>\n<script type=\"application\/ld+json\" class=\"yoast-schema-graph\">{\"@context\":\"https:\\\/\\\/schema.org\",\"@graph\":[{\"@type\":\"Article\",\"@id\":\"https:\\\/\\\/cvinoticias.com\\\/v3\\\/iguazu-quema-de-basura-consecuencias-ambientales-y-desafios\\\/#article\",\"isPartOf\":{\"@id\":\"https:\\\/\\\/cvinoticias.com\\\/v3\\\/iguazu-quema-de-basura-consecuencias-ambientales-y-desafios\\\/\"},\"author\":{\"name\":\"f1000024\",\"@id\":\"https:\\\/\\\/cvinoticias.com\\\/v3\\\/#\\\/schema\\\/person\\\/2db77e3c6bc03c538495d7b2b8be9b66\"},\"headline\":\"Iguaz\u00fa &#8211; Quema de basura: Consecuencias ambientales y desaf\u00edos\",\"datePublished\":\"2021-10-22T20:34:26+00:00\",\"mainEntityOfPage\":{\"@id\":\"https:\\\/\\\/cvinoticias.com\\\/v3\\\/iguazu-quema-de-basura-consecuencias-ambientales-y-desafios\\\/\"},\"wordCount\":242,\"commentCount\":0,\"publisher\":{\"@id\":\"https:\\\/\\\/cvinoticias.com\\\/v3\\\/#organization\"},\"image\":{\"@id\":\"https:\\\/\\\/cvinoticias.com\\\/v3\\\/iguazu-quema-de-basura-consecuencias-ambientales-y-desafios\\\/#primaryimage\"},\"thumbnailUrl\":\"https:\\\/\\\/cvinoticias.com\\\/wp-content\\\/uploads\\\/2021\\\/10\\\/FB_IMG_1634934538138.jpg\",\"articleSection\":[\"Locales\"],\"inLanguage\":\"es\",\"potentialAction\":[{\"@type\":\"CommentAction\",\"name\":\"Comment\",\"target\":[\"https:\\\/\\\/cvinoticias.com\\\/v3\\\/iguazu-quema-de-basura-consecuencias-ambientales-y-desafios\\\/#respond\"]}]},{\"@type\":\"WebPage\",\"@id\":\"https:\\\/\\\/cvinoticias.com\\\/v3\\\/iguazu-quema-de-basura-consecuencias-ambientales-y-desafios\\\/\",\"url\":\"https:\\\/\\\/cvinoticias.com\\\/v3\\\/iguazu-quema-de-basura-consecuencias-ambientales-y-desafios\\\/\",\"name\":\"Iguaz\u00fa - Quema de basura: Consecuencias ambientales y desaf\u00edos | CVI NOTICIAS\",\"isPartOf\":{\"@id\":\"https:\\\/\\\/cvinoticias.com\\\/v3\\\/#website\"},\"primaryImageOfPage\":{\"@id\":\"https:\\\/\\\/cvinoticias.com\\\/v3\\\/iguazu-quema-de-basura-consecuencias-ambientales-y-desafios\\\/#primaryimage\"},\"image\":{\"@id\":\"https:\\\/\\\/cvinoticias.com\\\/v3\\\/iguazu-quema-de-basura-consecuencias-ambientales-y-desafios\\\/#primaryimage\"},\"thumbnailUrl\":\"https:\\\/\\\/cvinoticias.com\\\/wp-content\\\/uploads\\\/2021\\\/10\\\/FB_IMG_1634934538138.jpg\",\"datePublished\":\"2021-10-22T20:34:26+00:00\",\"breadcrumb\":{\"@id\":\"https:\\\/\\\/cvinoticias.com\\\/v3\\\/iguazu-quema-de-basura-consecuencias-ambientales-y-desafios\\\/#breadcrumb\"},\"inLanguage\":\"es\",\"potentialAction\":[{\"@type\":\"ReadAction\",\"target\":[\"https:\\\/\\\/cvinoticias.com\\\/v3\\\/iguazu-quema-de-basura-consecuencias-ambientales-y-desafios\\\/\"]}]},{\"@type\":\"ImageObject\",\"inLanguage\":\"es\",\"@id\":\"https:\\\/\\\/cvinoticias.com\\\/v3\\\/iguazu-quema-de-basura-consecuencias-ambientales-y-desafios\\\/#primaryimage\",\"url\":\"https:\\\/\\\/cvinoticias.com\\\/wp-content\\\/uploads\\\/2021\\\/10\\\/FB_IMG_1634934538138.jpg\",\"contentUrl\":\"https:\\\/\\\/cvinoticias.com\\\/wp-content\\\/uploads\\\/2021\\\/10\\\/FB_IMG_1634934538138.jpg\",\"width\":960,\"height\":720},{\"@type\":\"BreadcrumbList\",\"@id\":\"https:\\\/\\\/cvinoticias.com\\\/v3\\\/iguazu-quema-de-basura-consecuencias-ambientales-y-desafios\\\/#breadcrumb\",\"itemListElement\":[{\"@type\":\"ListItem\",\"position\":1,\"name\":\"Portada\",\"item\":\"https:\\\/\\\/cvinoticias.com\\\/v3\\\/\"},{\"@type\":\"ListItem\",\"position\":2,\"name\":\"Iguaz\u00fa &#8211; Quema de basura: Consecuencias ambientales y desaf\u00edos\"}]},{\"@type\":\"WebSite\",\"@id\":\"https:\\\/\\\/cvinoticias.com\\\/v3\\\/#website\",\"url\":\"https:\\\/\\\/cvinoticias.com\\\/v3\\\/\",\"name\":\"CVI NOTICIAS\",\"description\":\"\",\"publisher\":{\"@id\":\"https:\\\/\\\/cvinoticias.com\\\/v3\\\/#organization\"},\"alternateName\":\"CVI\",\"potentialAction\":[{\"@type\":\"SearchAction\",\"target\":{\"@type\":\"EntryPoint\",\"urlTemplate\":\"https:\\\/\\\/cvinoticias.com\\\/v3\\\/?s={search_term_string}\"},\"query-input\":{\"@type\":\"PropertyValueSpecification\",\"valueRequired\":true,\"valueName\":\"search_term_string\"}}],\"inLanguage\":\"es\"},{\"@type\":\"Organization\",\"@id\":\"https:\\\/\\\/cvinoticias.com\\\/v3\\\/#organization\",\"name\":\"CVI NOTICIAS\",\"url\":\"https:\\\/\\\/cvinoticias.com\\\/v3\\\/\",\"logo\":{\"@type\":\"ImageObject\",\"inLanguage\":\"es\",\"@id\":\"https:\\\/\\\/cvinoticias.com\\\/v3\\\/#\\\/schema\\\/logo\\\/image\\\/\",\"url\":\"https:\\\/\\\/cvinoticias.com\\\/wp-content\\\/uploads\\\/2023\\\/04\\\/cropped-cropped-cropped-cropped-cropped-3-1.png\",\"contentUrl\":\"https:\\\/\\\/cvinoticias.com\\\/wp-content\\\/uploads\\\/2023\\\/04\\\/cropped-cropped-cropped-cropped-cropped-3-1.png\",\"width\":95,\"height\":122,\"caption\":\"CVI NOTICIAS\"},\"image\":{\"@id\":\"https:\\\/\\\/cvinoticias.com\\\/v3\\\/#\\\/schema\\\/logo\\\/image\\\/\"},\"sameAs\":[\"https:\\\/\\\/www.facebook.com\\\/cvinoticias\",\"https:\\\/\\\/www.instagram.com\\\/cvinoticias\\\/\",\"https:\\\/\\\/www.youtube.com\\\/@CVINOTICIAS\"]},{\"@type\":\"Person\",\"@id\":\"https:\\\/\\\/cvinoticias.com\\\/v3\\\/#\\\/schema\\\/person\\\/2db77e3c6bc03c538495d7b2b8be9b66\",\"name\":\"f1000024\",\"image\":{\"@type\":\"ImageObject\",\"inLanguage\":\"es\",\"@id\":\"https:\\\/\\\/secure.gravatar.com\\\/avatar\\\/d4fe7459cfc51ff5129ce1a732bbef5928568b8092d412ef95611616376bbeed?s=96&d=mm&r=g\",\"url\":\"https:\\\/\\\/secure.gravatar.com\\\/avatar\\\/d4fe7459cfc51ff5129ce1a732bbef5928568b8092d412ef95611616376bbeed?s=96&d=mm&r=g\",\"contentUrl\":\"https:\\\/\\\/secure.gravatar.com\\\/avatar\\\/d4fe7459cfc51ff5129ce1a732bbef5928568b8092d412ef95611616376bbeed?s=96&d=mm&r=g\",\"caption\":\"f1000024\"},\"url\":\"https:\\\/\\\/cvinoticias.com\\\/v3\\\/author\\\/f1000024\\\/\"}]}<\/script>\n<!-- \/ Yoast SEO plugin. -->","yoast_head_json":{"title":"Iguaz\u00fa - Quema de basura: Consecuencias ambientales y desaf\u00edos | CVI NOTICIAS","robots":{"index":"index","follow":"follow","max-snippet":"max-snippet:-1","max-image-preview":"max-image-preview:large","max-video-preview":"max-video-preview:-1"},"canonical":"https:\/\/cvinoticias.com\/v3\/iguazu-quema-de-basura-consecuencias-ambientales-y-desafios\/","og_locale":"es_ES","og_type":"article","og_title":"Iguaz\u00fa - Quema de basura: Consecuencias ambientales y desaf\u00edos | CVI NOTICIAS","og_description":"El desmesurado crecimiento en el volumen de quejas sobre quema de basura a cielo abierto en Puerto Iguaz\u00fa est\u00e1 poniendo en peligro la capacidad de la naturaleza para mantener nuestras necesidades y la de futuras generaciones. Esta ma\u00f1ana la Secretaria de Gobierno Marcela Gonz\u00e1lez, el Director de Bromatolog\u00eda Lic. Daniel Ch\u00e1vez y el Director de [&hellip;]","og_url":"https:\/\/cvinoticias.com\/v3\/iguazu-quema-de-basura-consecuencias-ambientales-y-desafios\/","og_site_name":"CVI NOTICIAS","article_publisher":"https:\/\/www.facebook.com\/cvinoticias","article_published_time":"2021-10-22T20:34:26+00:00","og_image":[{"width":960,"height":720,"url":"https:\/\/cvinoticias.com\/wp-content\/uploads\/2021\/10\/FB_IMG_1634934538138.jpg","type":"image\/jpeg"}],"author":"f1000024","twitter_card":"summary_large_image","twitter_misc":{"Escrito por":"f1000024","Tiempo de lectura":"1 minuto"},"schema":{"@context":"https:\/\/schema.org","@graph":[{"@type":"Article","@id":"https:\/\/cvinoticias.com\/v3\/iguazu-quema-de-basura-consecuencias-ambientales-y-desafios\/#article","isPartOf":{"@id":"https:\/\/cvinoticias.com\/v3\/iguazu-quema-de-basura-consecuencias-ambientales-y-desafios\/"},"author":{"name":"f1000024","@id":"https:\/\/cvinoticias.com\/v3\/#\/schema\/person\/2db77e3c6bc03c538495d7b2b8be9b66"},"headline":"Iguaz\u00fa &#8211; Quema de basura: Consecuencias ambientales y desaf\u00edos","datePublished":"2021-10-22T20:34:26+00:00","mainEntityOfPage":{"@id":"https:\/\/cvinoticias.com\/v3\/iguazu-quema-de-basura-consecuencias-ambientales-y-desafios\/"},"wordCount":242,"commentCount":0,"publisher":{"@id":"https:\/\/cvinoticias.com\/v3\/#organization"},"image":{"@id":"https:\/\/cvinoticias.com\/v3\/iguazu-quema-de-basura-consecuencias-ambientales-y-desafios\/#primaryimage"},"thumbnailUrl":"https:\/\/cvinoticias.com\/wp-content\/uploads\/2021\/10\/FB_IMG_1634934538138.jpg","articleSection":["Locales"],"inLanguage":"es","potentialAction":[{"@type":"CommentAction","name":"Comment","target":["https:\/\/cvinoticias.com\/v3\/iguazu-quema-de-basura-consecuencias-ambientales-y-desafios\/#respond"]}]},{"@type":"WebPage","@id":"https:\/\/cvinoticias.com\/v3\/iguazu-quema-de-basura-consecuencias-ambientales-y-desafios\/","url":"https:\/\/cvinoticias.com\/v3\/iguazu-quema-de-basura-consecuencias-ambientales-y-desafios\/","name":"Iguaz\u00fa - Quema de basura: Consecuencias ambientales y desaf\u00edos | CVI NOTICIAS","isPartOf":{"@id":"https:\/\/cvinoticias.com\/v3\/#website"},"primaryImageOfPage":{"@id":"https:\/\/cvinoticias.com\/v3\/iguazu-quema-de-basura-consecuencias-ambientales-y-desafios\/#primaryimage"},"image":{"@id":"https:\/\/cvinoticias.com\/v3\/iguazu-quema-de-basura-consecuencias-ambientales-y-desafios\/#primaryimage"},"thumbnailUrl":"https:\/\/cvinoticias.com\/wp-content\/uploads\/2021\/10\/FB_IMG_1634934538138.jpg","datePublished":"2021-10-22T20:34:26+00:00","breadcrumb":{"@id":"https:\/\/cvinoticias.com\/v3\/iguazu-quema-de-basura-consecuencias-ambientales-y-desafios\/#breadcrumb"},"inLanguage":"es","potentialAction":[{"@type":"ReadAction","target":["https:\/\/cvinoticias.com\/v3\/iguazu-quema-de-basura-consecuencias-ambientales-y-desafios\/"]}]},{"@type":"ImageObject","inLanguage":"es","@id":"https:\/\/cvinoticias.com\/v3\/iguazu-quema-de-basura-consecuencias-ambientales-y-desafios\/#primaryimage","url":"https:\/\/cvinoticias.com\/wp-content\/uploads\/2021\/10\/FB_IMG_1634934538138.jpg","contentUrl":"https:\/\/cvinoticias.com\/wp-content\/uploads\/2021\/10\/FB_IMG_1634934538138.jpg","width":960,"height":720},{"@type":"BreadcrumbList","@id":"https:\/\/cvinoticias.com\/v3\/iguazu-quema-de-basura-consecuencias-ambientales-y-desafios\/#breadcrumb","itemListElement":[{"@type":"ListItem","position":1,"name":"Portada","item":"https:\/\/cvinoticias.com\/v3\/"},{"@type":"ListItem","position":2,"name":"Iguaz\u00fa &#8211; Quema de basura: Consecuencias ambientales y desaf\u00edos"}]},{"@type":"WebSite","@id":"https:\/\/cvinoticias.com\/v3\/#website","url":"https:\/\/cvinoticias.com\/v3\/","name":"CVI NOTICIAS","description":"","publisher":{"@id":"https:\/\/cvinoticias.com\/v3\/#organization"},"alternateName":"CVI","potentialAction":[{"@type":"SearchAction","target":{"@type":"EntryPoint","urlTemplate":"https:\/\/cvinoticias.com\/v3\/?s={search_term_string}"},"query-input":{"@type":"PropertyValueSpecification","valueRequired":true,"valueName":"search_term_string"}}],"inLanguage":"es"},{"@type":"Organization","@id":"https:\/\/cvinoticias.com\/v3\/#organization","name":"CVI NOTICIAS","url":"https:\/\/cvinoticias.com\/v3\/","logo":{"@type":"ImageObject","inLanguage":"es","@id":"https:\/\/cvinoticias.com\/v3\/#\/schema\/logo\/image\/","url":"https:\/\/cvinoticias.com\/wp-content\/uploads\/2023\/04\/cropped-cropped-cropped-cropped-cropped-3-1.png","contentUrl":"https:\/\/cvinoticias.com\/wp-content\/uploads\/2023\/04\/cropped-cropped-cropped-cropped-cropped-3-1.png","width":95,"height":122,"caption":"CVI NOTICIAS"},"image":{"@id":"https:\/\/cvinoticias.com\/v3\/#\/schema\/logo\/image\/"},"sameAs":["https:\/\/www.facebook.com\/cvinoticias","https:\/\/www.instagram.com\/cvinoticias\/","https:\/\/www.youtube.com\/@CVINOTICIAS"]},{"@type":"Person","@id":"https:\/\/cvinoticias.com\/v3\/#\/schema\/person\/2db77e3c6bc03c538495d7b2b8be9b66","name":"f1000024","image":{"@type":"ImageObject","inLanguage":"es","@id":"https:\/\/secure.gravatar.com\/avatar\/d4fe7459cfc51ff5129ce1a732bbef5928568b8092d412ef95611616376bbeed?s=96&d=mm&r=g","url":"https:\/\/secure.gravatar.com\/avatar\/d4fe7459cfc51ff5129ce1a732bbef5928568b8092d412ef95611616376bbeed?s=96&d=mm&r=g","contentUrl":"https:\/\/secure.gravatar.com\/avatar\/d4fe7459cfc51ff5129ce1a732bbef5928568b8092d412ef95611616376bbeed?s=96&d=mm&r=g","caption":"f1000024"},"url":"https:\/\/cvinoticias.com\/v3\/author\/f1000024\/"}]}},"_links":{"self":[{"href":"https:\/\/cvinoticias.com\/v3\/wp-json\/wp\/v2\/posts\/9777","targetHints":{"allow":["GET"]}}],"collection":[{"href":"https:\/\/cvinoticias.com\/v3\/wp-json\/wp\/v2\/posts"}],"about":[{"href":"https:\/\/cvinoticias.com\/v3\/wp-json\/wp\/v2\/types\/post"}],"author":[{"embeddable":true,"href":"https:\/\/cvinoticias.com\/v3\/wp-json\/wp\/v2\/users\/2"}],"replies":[{"embeddable":true,"href":"https:\/\/cvinoticias.com\/v3\/wp-json\/wp\/v2\/comments?post=9777"}],"version-history":[{"count":2,"href":"https:\/\/cvinoticias.com\/v3\/wp-json\/wp\/v2\/posts\/9777\/revisions"}],"predecessor-version":[{"id":9780,"href":"https:\/\/cvinoticias.com\/v3\/wp-json\/wp\/v2\/posts\/9777\/revisions\/9780"}],"wp:featuredmedia":[{"embeddable":true,"href":"https:\/\/cvinoticias.com\/v3\/wp-json\/wp\/v2\/media\/9778"}],"wp:attachment":[{"href":"https:\/\/cvinoticias.com\/v3\/wp-json\/wp\/v2\/media?parent=9777"}],"wp:term":[{"taxonomy":"category","embeddable":true,"href":"https:\/\/cvinoticias.com\/v3\/wp-json\/wp\/v2\/categories?post=9777"},{"taxonomy":"post_tag","embeddable":true,"href":"https:\/\/cvinoticias.com\/v3\/wp-json\/wp\/v2\/tags?post=9777"}],"curies":[{"name":"wp","href":"https:\/\/api.w.org\/{rel}","templated":true}]}}