{"id":9750,"date":"2021-10-21T21:08:14","date_gmt":"2021-10-21T21:08:14","guid":{"rendered":"https:\/\/cvinoticias.com\/v3\/?p=9750"},"modified":"2021-10-21T21:08:14","modified_gmt":"2021-10-21T21:08:14","slug":"el-ciclo-lectivo-2022-comienza-el-2-de-marzo-en-misiones-y-culmina-el-19-de-diciembre","status":"publish","type":"post","link":"https:\/\/cvinoticias.com\/v3\/el-ciclo-lectivo-2022-comienza-el-2-de-marzo-en-misiones-y-culmina-el-19-de-diciembre\/","title":{"rendered":"El ciclo lectivo 2022 comienza el 2 de marzo en Misiones y culmina el 19 de diciembre"},"content":{"rendered":"\n<p><strong><em>Con un m\u00ednimo de 190 d\u00edas de clases, el ciclo lectivo 2022 comenzar\u00e1 el pr\u00f3ximo 2 de marzo en todo el pa\u00eds -con la excepci\u00f3n de la provincia de Corrientes y la ciudad de Buenos Aires, que lo har\u00e1n en febrero-, seg\u00fan se anunci\u00f3 este jueves oficialmente tras un acuerdo en el Consejo Federal de Educaci\u00f3n (CFE).<\/em><\/strong><\/p>\n\n\n\n<p>Una vez finalizada la 112\u00b0 asamblea del CFE, el ministro de Educaci\u00f3n de la Naci\u00f3n, Jaime Perczyk, quien presidi\u00f3 el encuentro, confirm\u00f3 que \u00abse resolvi\u00f3 el calendario escolar del 2022 en un acuerdo un\u00e1nime de las 25 jurisdicciones (23 provincias; ciudad de Buenos Aires y Naci\u00f3n) con una propuesta de que el a\u00f1o que viene haya un ciclo lectivo de al menos 190 d\u00edas de clase\u00bb.<\/p>\n\n\n\n<p>A este esquema se pueden sumar \u00abd\u00edas y horas\u00bb en los meses de \u00abenero, febrero, en las vacaciones de invierno o a contraturno, con el objetivo de garantizar m\u00e1s tiempo, m\u00e1s d\u00edas, m\u00e1s horas m\u00e1s calidad en ese tiempo que los chicos est\u00e1n en la escuela\u00bb, apunt\u00f3 el funcionario en declaraciones a la prensa en la sede de la cartera educativa.<\/p>\n\n\n\n<p>De esa manera, el ciclo lectivo 2022 comenzar\u00e1 el 2 de marzo y se extender\u00e1 hasta el 20 de diciembre en 22 jurisdicciones, mientras que Corrientes y la ciudad de Buenos Aires resolvieron adelantar el inicio para febrero, comenzando el 14 y 21, respectivamente.<\/p>\n\n\n\n<p>En el caso de la provincia de Misiones, el ministro de Educaci\u00f3n, Miguel Sedoff, quien particip\u00f3 de la reuni\u00f3n, indic\u00f3 que en la provincia se defini\u00f3 que las clases comenzar\u00e1n el 2 de marzo y culminar\u00e1n el 19 de diciembre.<\/p>\n\n\n\n<p>En cuanto a las vacaciones de invierno, el titular de la cartera educativa precis\u00f3 que \u00abintentamos distribuirlas para que no haya un pico en dos semanas, sino que este distribuido en cuatro y que eso tambi\u00e9n cuide el turismo\u00bb.<\/p>\n\n\n\n<p>\u00abVenimos de un a\u00f1o y medio dif\u00edcil, tenemos que lograr que los chicos vuelvan a las escuelas que es el mejor lugar para que est\u00e9n\u00bb, dijo Perczyk, quien asegur\u00f3 que para ello, el gobierno nacional destin\u00f3 \u00abfinanciamiento para la provincias a trav\u00e9s de un fondo\u00bb denominado \u00b4Volv\u00e9 a la escuela\u00b4 \u00abque es para que vuelvan los chichos y para que los espacios educativos\u00bb est\u00e9n en condiciones \u00abpara que esa vuelta sea cuidada\u00bb.<\/p>\n\n\n\n<p>Asimismo, el funcionario remarc\u00f3 que tambi\u00e9n se giraron fondos a 15.000 establecimientos educativos para arreglos y compra de equipamiento que necesitan e inform\u00f3 que se destinar\u00e1n otros 1.000 millones de pesos a escuelas t\u00e9cnicas para que garanticen la presencialidad plena, \u00abpero tambi\u00e9n los insumos\u00bb.<\/p>\n\n\n\n<p>En otro orden, el titular de la cartera educativa record\u00f3 \u00abel d\u00eda del Cooperador\u00bb, que se celebr\u00f3 el pasado viernes, y agradeci\u00f3 el trabajo que hacen las cooperadoras en las escuelas, integradas por \u00abpap\u00e1s y mam\u00e1s que se esfuerzan much\u00edsimos y trabajan por la escuela\u00bb.<\/p>\n\n\n\n<p>Destac\u00f3 que en esos \u00e1mbitos \u00abcooperan con su tiempo, energ\u00eda, entusiasmo, inteligencia, trabajo y organizaci\u00f3n comunitaria y para reforzar ese trabajo hicimos una transferencia de 900 millones de pesos, para las cooperadoras\u00bb.<\/p>\n\n\n\n<p>A trav\u00e9s de un comunicado, el Ministerio de Educaci\u00f3n detall\u00f3 que el programa \u00abVolv\u00e9 a la escuela\u00bb tiene una inversi\u00f3n de $5.000 millones y est\u00e1 destinado a \u00abacompa\u00f1ar el regreso al sistema educativo de las y los estudiantes que se desvincularon, como consecuencia de las condiciones impuestas por la pandemia, y lograr la recuperaci\u00f3n de los saberes\u00bb.<\/p>\n\n\n\n<p>Por su parte, Perczyc precis\u00f3 que a\u00fan no hay datos oficiales acerca de la cantidad de estudiantes que dejaron la escuela durante la pandemia y aclar\u00f3 que \u00aben el sentido estricto\u00bb del t\u00e9rmino \u00abno es deserci\u00f3n\u00bb, ya que tiene que ver con \u00abuna situaci\u00f3n muy dif\u00edcil, distinta, que es la vinculaci\u00f3n a trav\u00e9s de otros medios, que implica conectarse, mandar el trabajo o recibirlo\u00bb y que, durante el encuentro, hubo consenso \u00abentre las 25 jurisdicciones en llamarlo desvinculaci\u00f3n\u00bb.<\/p>\n\n\n\n<p>\u00abEsta desvinculaci\u00f3n a veces es total, a veces intermitente, algunas de ellas son por cuestiones materiales y en otros casos por cuestiones de vinculaci\u00f3n personal. Eso (en su momento) dio un n\u00famero que hoy cambi\u00f3 por la presencialidad plena y la pol\u00edtica que estamos impulsando de ir a buscarlos uno por uno, de llamarlos, de abrir las escuelas los s\u00e1bados o a contraturno\u00bb, apunt\u00f3 Perczyc.<\/p>\n\n\n\n<p>Fuente: T\u00e9lam<\/p>\n","protected":false},"excerpt":{"rendered":"<p>Con un m\u00ednimo de 190 d\u00edas de clases, el ciclo lectivo 2022 comenzar\u00e1 el pr\u00f3ximo 2 de marzo en todo el pa\u00eds -con la excepci\u00f3n de la provincia de Corrientes y la ciudad de Buenos Aires, que lo har\u00e1n en febrero-, seg\u00fan se anunci\u00f3 este jueves oficialmente tras un acuerdo en el Consejo Federal de [&hellip;]<\/p>\n","protected":false},"author":2,"featured_media":9751,"comment_status":"open","ping_status":"open","sticky":false,"template":"","format":"standard","meta":{"footnotes":""},"categories":[26],"tags":[],"class_list":["post-9750","post","type-post","status-publish","format-standard","has-post-thumbnail","hentry","category-educacion"],"yoast_head":"<!-- This site is optimized with the Yoast SEO plugin v27.5 - https:\/\/yoast.com\/product\/yoast-seo-wordpress\/ -->\n<title>El ciclo lectivo 2022 comienza el 2 de marzo en Misiones y culmina el 19 de diciembre | CVI NOTICIAS<\/title>\n<meta name=\"robots\" content=\"index, follow, max-snippet:-1, max-image-preview:large, max-video-preview:-1\" \/>\n<link rel=\"canonical\" href=\"https:\/\/cvinoticias.com\/v3\/el-ciclo-lectivo-2022-comienza-el-2-de-marzo-en-misiones-y-culmina-el-19-de-diciembre\/\" \/>\n<meta property=\"og:locale\" content=\"es_ES\" \/>\n<meta property=\"og:type\" content=\"article\" \/>\n<meta property=\"og:title\" content=\"El ciclo lectivo 2022 comienza el 2 de marzo en Misiones y culmina el 19 de diciembre | CVI NOTICIAS\" \/>\n<meta property=\"og:description\" content=\"Con un m\u00ednimo de 190 d\u00edas de clases, el ciclo lectivo 2022 comenzar\u00e1 el pr\u00f3ximo 2 de marzo en todo el pa\u00eds -con la excepci\u00f3n de la provincia de Corrientes y la ciudad de Buenos Aires, que lo har\u00e1n en febrero-, seg\u00fan se anunci\u00f3 este jueves oficialmente tras un acuerdo en el Consejo Federal de [&hellip;]\" \/>\n<meta property=\"og:url\" content=\"https:\/\/cvinoticias.com\/v3\/el-ciclo-lectivo-2022-comienza-el-2-de-marzo-en-misiones-y-culmina-el-19-de-diciembre\/\" \/>\n<meta property=\"og:site_name\" content=\"CVI NOTICIAS\" \/>\n<meta property=\"article:publisher\" content=\"https:\/\/www.facebook.com\/cvinoticias\" \/>\n<meta property=\"article:published_time\" content=\"2021-10-21T21:08:14+00:00\" \/>\n<meta property=\"og:image\" content=\"https:\/\/cvinoticias.com\/wp-content\/uploads\/2021\/10\/Screenshot_20211021-180057_Chrome.jpg\" \/>\n\t<meta property=\"og:image:width\" content=\"999\" \/>\n\t<meta property=\"og:image:height\" content=\"498\" \/>\n\t<meta property=\"og:image:type\" content=\"image\/jpeg\" \/>\n<meta name=\"author\" content=\"f1000024\" \/>\n<meta name=\"twitter:card\" content=\"summary_large_image\" \/>\n<meta name=\"twitter:label1\" content=\"Escrito por\" \/>\n\t<meta name=\"twitter:data1\" content=\"f1000024\" \/>\n\t<meta name=\"twitter:label2\" content=\"Tiempo de lectura\" \/>\n\t<meta name=\"twitter:data2\" content=\"4 minutos\" \/>\n<script type=\"application\/ld+json\" class=\"yoast-schema-graph\">{\"@context\":\"https:\\\/\\\/schema.org\",\"@graph\":[{\"@type\":\"Article\",\"@id\":\"https:\\\/\\\/cvinoticias.com\\\/v3\\\/el-ciclo-lectivo-2022-comienza-el-2-de-marzo-en-misiones-y-culmina-el-19-de-diciembre\\\/#article\",\"isPartOf\":{\"@id\":\"https:\\\/\\\/cvinoticias.com\\\/v3\\\/el-ciclo-lectivo-2022-comienza-el-2-de-marzo-en-misiones-y-culmina-el-19-de-diciembre\\\/\"},\"author\":{\"name\":\"f1000024\",\"@id\":\"https:\\\/\\\/cvinoticias.com\\\/v3\\\/#\\\/schema\\\/person\\\/2db77e3c6bc03c538495d7b2b8be9b66\"},\"headline\":\"El ciclo lectivo 2022 comienza el 2 de marzo en Misiones y culmina el 19 de diciembre\",\"datePublished\":\"2021-10-21T21:08:14+00:00\",\"mainEntityOfPage\":{\"@id\":\"https:\\\/\\\/cvinoticias.com\\\/v3\\\/el-ciclo-lectivo-2022-comienza-el-2-de-marzo-en-misiones-y-culmina-el-19-de-diciembre\\\/\"},\"wordCount\":755,\"commentCount\":0,\"publisher\":{\"@id\":\"https:\\\/\\\/cvinoticias.com\\\/v3\\\/#organization\"},\"image\":{\"@id\":\"https:\\\/\\\/cvinoticias.com\\\/v3\\\/el-ciclo-lectivo-2022-comienza-el-2-de-marzo-en-misiones-y-culmina-el-19-de-diciembre\\\/#primaryimage\"},\"thumbnailUrl\":\"https:\\\/\\\/cvinoticias.com\\\/wp-content\\\/uploads\\\/2021\\\/10\\\/Screenshot_20211021-180057_Chrome.jpg\",\"articleSection\":[\"Educacion\"],\"inLanguage\":\"es\",\"potentialAction\":[{\"@type\":\"CommentAction\",\"name\":\"Comment\",\"target\":[\"https:\\\/\\\/cvinoticias.com\\\/v3\\\/el-ciclo-lectivo-2022-comienza-el-2-de-marzo-en-misiones-y-culmina-el-19-de-diciembre\\\/#respond\"]}]},{\"@type\":\"WebPage\",\"@id\":\"https:\\\/\\\/cvinoticias.com\\\/v3\\\/el-ciclo-lectivo-2022-comienza-el-2-de-marzo-en-misiones-y-culmina-el-19-de-diciembre\\\/\",\"url\":\"https:\\\/\\\/cvinoticias.com\\\/v3\\\/el-ciclo-lectivo-2022-comienza-el-2-de-marzo-en-misiones-y-culmina-el-19-de-diciembre\\\/\",\"name\":\"El ciclo lectivo 2022 comienza el 2 de marzo en Misiones y culmina el 19 de diciembre | CVI NOTICIAS\",\"isPartOf\":{\"@id\":\"https:\\\/\\\/cvinoticias.com\\\/v3\\\/#website\"},\"primaryImageOfPage\":{\"@id\":\"https:\\\/\\\/cvinoticias.com\\\/v3\\\/el-ciclo-lectivo-2022-comienza-el-2-de-marzo-en-misiones-y-culmina-el-19-de-diciembre\\\/#primaryimage\"},\"image\":{\"@id\":\"https:\\\/\\\/cvinoticias.com\\\/v3\\\/el-ciclo-lectivo-2022-comienza-el-2-de-marzo-en-misiones-y-culmina-el-19-de-diciembre\\\/#primaryimage\"},\"thumbnailUrl\":\"https:\\\/\\\/cvinoticias.com\\\/wp-content\\\/uploads\\\/2021\\\/10\\\/Screenshot_20211021-180057_Chrome.jpg\",\"datePublished\":\"2021-10-21T21:08:14+00:00\",\"breadcrumb\":{\"@id\":\"https:\\\/\\\/cvinoticias.com\\\/v3\\\/el-ciclo-lectivo-2022-comienza-el-2-de-marzo-en-misiones-y-culmina-el-19-de-diciembre\\\/#breadcrumb\"},\"inLanguage\":\"es\",\"potentialAction\":[{\"@type\":\"ReadAction\",\"target\":[\"https:\\\/\\\/cvinoticias.com\\\/v3\\\/el-ciclo-lectivo-2022-comienza-el-2-de-marzo-en-misiones-y-culmina-el-19-de-diciembre\\\/\"]}]},{\"@type\":\"ImageObject\",\"inLanguage\":\"es\",\"@id\":\"https:\\\/\\\/cvinoticias.com\\\/v3\\\/el-ciclo-lectivo-2022-comienza-el-2-de-marzo-en-misiones-y-culmina-el-19-de-diciembre\\\/#primaryimage\",\"url\":\"https:\\\/\\\/cvinoticias.com\\\/wp-content\\\/uploads\\\/2021\\\/10\\\/Screenshot_20211021-180057_Chrome.jpg\",\"contentUrl\":\"https:\\\/\\\/cvinoticias.com\\\/wp-content\\\/uploads\\\/2021\\\/10\\\/Screenshot_20211021-180057_Chrome.jpg\",\"width\":999,\"height\":498},{\"@type\":\"BreadcrumbList\",\"@id\":\"https:\\\/\\\/cvinoticias.com\\\/v3\\\/el-ciclo-lectivo-2022-comienza-el-2-de-marzo-en-misiones-y-culmina-el-19-de-diciembre\\\/#breadcrumb\",\"itemListElement\":[{\"@type\":\"ListItem\",\"position\":1,\"name\":\"Portada\",\"item\":\"https:\\\/\\\/cvinoticias.com\\\/v3\\\/\"},{\"@type\":\"ListItem\",\"position\":2,\"name\":\"El ciclo lectivo 2022 comienza el 2 de marzo en Misiones y culmina el 19 de diciembre\"}]},{\"@type\":\"WebSite\",\"@id\":\"https:\\\/\\\/cvinoticias.com\\\/v3\\\/#website\",\"url\":\"https:\\\/\\\/cvinoticias.com\\\/v3\\\/\",\"name\":\"CVI NOTICIAS\",\"description\":\"\",\"publisher\":{\"@id\":\"https:\\\/\\\/cvinoticias.com\\\/v3\\\/#organization\"},\"alternateName\":\"CVI\",\"potentialAction\":[{\"@type\":\"SearchAction\",\"target\":{\"@type\":\"EntryPoint\",\"urlTemplate\":\"https:\\\/\\\/cvinoticias.com\\\/v3\\\/?s={search_term_string}\"},\"query-input\":{\"@type\":\"PropertyValueSpecification\",\"valueRequired\":true,\"valueName\":\"search_term_string\"}}],\"inLanguage\":\"es\"},{\"@type\":\"Organization\",\"@id\":\"https:\\\/\\\/cvinoticias.com\\\/v3\\\/#organization\",\"name\":\"CVI NOTICIAS\",\"url\":\"https:\\\/\\\/cvinoticias.com\\\/v3\\\/\",\"logo\":{\"@type\":\"ImageObject\",\"inLanguage\":\"es\",\"@id\":\"https:\\\/\\\/cvinoticias.com\\\/v3\\\/#\\\/schema\\\/logo\\\/image\\\/\",\"url\":\"https:\\\/\\\/cvinoticias.com\\\/wp-content\\\/uploads\\\/2023\\\/04\\\/cropped-cropped-cropped-cropped-cropped-3-1.png\",\"contentUrl\":\"https:\\\/\\\/cvinoticias.com\\\/wp-content\\\/uploads\\\/2023\\\/04\\\/cropped-cropped-cropped-cropped-cropped-3-1.png\",\"width\":95,\"height\":122,\"caption\":\"CVI NOTICIAS\"},\"image\":{\"@id\":\"https:\\\/\\\/cvinoticias.com\\\/v3\\\/#\\\/schema\\\/logo\\\/image\\\/\"},\"sameAs\":[\"https:\\\/\\\/www.facebook.com\\\/cvinoticias\",\"https:\\\/\\\/www.instagram.com\\\/cvinoticias\\\/\",\"https:\\\/\\\/www.youtube.com\\\/@CVINOTICIAS\"]},{\"@type\":\"Person\",\"@id\":\"https:\\\/\\\/cvinoticias.com\\\/v3\\\/#\\\/schema\\\/person\\\/2db77e3c6bc03c538495d7b2b8be9b66\",\"name\":\"f1000024\",\"image\":{\"@type\":\"ImageObject\",\"inLanguage\":\"es\",\"@id\":\"https:\\\/\\\/secure.gravatar.com\\\/avatar\\\/d4fe7459cfc51ff5129ce1a732bbef5928568b8092d412ef95611616376bbeed?s=96&d=mm&r=g\",\"url\":\"https:\\\/\\\/secure.gravatar.com\\\/avatar\\\/d4fe7459cfc51ff5129ce1a732bbef5928568b8092d412ef95611616376bbeed?s=96&d=mm&r=g\",\"contentUrl\":\"https:\\\/\\\/secure.gravatar.com\\\/avatar\\\/d4fe7459cfc51ff5129ce1a732bbef5928568b8092d412ef95611616376bbeed?s=96&d=mm&r=g\",\"caption\":\"f1000024\"},\"url\":\"https:\\\/\\\/cvinoticias.com\\\/v3\\\/author\\\/f1000024\\\/\"}]}<\/script>\n<!-- \/ Yoast SEO plugin. -->","yoast_head_json":{"title":"El ciclo lectivo 2022 comienza el 2 de marzo en Misiones y culmina el 19 de diciembre | CVI NOTICIAS","robots":{"index":"index","follow":"follow","max-snippet":"max-snippet:-1","max-image-preview":"max-image-preview:large","max-video-preview":"max-video-preview:-1"},"canonical":"https:\/\/cvinoticias.com\/v3\/el-ciclo-lectivo-2022-comienza-el-2-de-marzo-en-misiones-y-culmina-el-19-de-diciembre\/","og_locale":"es_ES","og_type":"article","og_title":"El ciclo lectivo 2022 comienza el 2 de marzo en Misiones y culmina el 19 de diciembre | CVI NOTICIAS","og_description":"Con un m\u00ednimo de 190 d\u00edas de clases, el ciclo lectivo 2022 comenzar\u00e1 el pr\u00f3ximo 2 de marzo en todo el pa\u00eds -con la excepci\u00f3n de la provincia de Corrientes y la ciudad de Buenos Aires, que lo har\u00e1n en febrero-, seg\u00fan se anunci\u00f3 este jueves oficialmente tras un acuerdo en el Consejo Federal de [&hellip;]","og_url":"https:\/\/cvinoticias.com\/v3\/el-ciclo-lectivo-2022-comienza-el-2-de-marzo-en-misiones-y-culmina-el-19-de-diciembre\/","og_site_name":"CVI NOTICIAS","article_publisher":"https:\/\/www.facebook.com\/cvinoticias","article_published_time":"2021-10-21T21:08:14+00:00","og_image":[{"width":999,"height":498,"url":"https:\/\/cvinoticias.com\/wp-content\/uploads\/2021\/10\/Screenshot_20211021-180057_Chrome.jpg","type":"image\/jpeg"}],"author":"f1000024","twitter_card":"summary_large_image","twitter_misc":{"Escrito por":"f1000024","Tiempo de lectura":"4 minutos"},"schema":{"@context":"https:\/\/schema.org","@graph":[{"@type":"Article","@id":"https:\/\/cvinoticias.com\/v3\/el-ciclo-lectivo-2022-comienza-el-2-de-marzo-en-misiones-y-culmina-el-19-de-diciembre\/#article","isPartOf":{"@id":"https:\/\/cvinoticias.com\/v3\/el-ciclo-lectivo-2022-comienza-el-2-de-marzo-en-misiones-y-culmina-el-19-de-diciembre\/"},"author":{"name":"f1000024","@id":"https:\/\/cvinoticias.com\/v3\/#\/schema\/person\/2db77e3c6bc03c538495d7b2b8be9b66"},"headline":"El ciclo lectivo 2022 comienza el 2 de marzo en Misiones y culmina el 19 de diciembre","datePublished":"2021-10-21T21:08:14+00:00","mainEntityOfPage":{"@id":"https:\/\/cvinoticias.com\/v3\/el-ciclo-lectivo-2022-comienza-el-2-de-marzo-en-misiones-y-culmina-el-19-de-diciembre\/"},"wordCount":755,"commentCount":0,"publisher":{"@id":"https:\/\/cvinoticias.com\/v3\/#organization"},"image":{"@id":"https:\/\/cvinoticias.com\/v3\/el-ciclo-lectivo-2022-comienza-el-2-de-marzo-en-misiones-y-culmina-el-19-de-diciembre\/#primaryimage"},"thumbnailUrl":"https:\/\/cvinoticias.com\/wp-content\/uploads\/2021\/10\/Screenshot_20211021-180057_Chrome.jpg","articleSection":["Educacion"],"inLanguage":"es","potentialAction":[{"@type":"CommentAction","name":"Comment","target":["https:\/\/cvinoticias.com\/v3\/el-ciclo-lectivo-2022-comienza-el-2-de-marzo-en-misiones-y-culmina-el-19-de-diciembre\/#respond"]}]},{"@type":"WebPage","@id":"https:\/\/cvinoticias.com\/v3\/el-ciclo-lectivo-2022-comienza-el-2-de-marzo-en-misiones-y-culmina-el-19-de-diciembre\/","url":"https:\/\/cvinoticias.com\/v3\/el-ciclo-lectivo-2022-comienza-el-2-de-marzo-en-misiones-y-culmina-el-19-de-diciembre\/","name":"El ciclo lectivo 2022 comienza el 2 de marzo en Misiones y culmina el 19 de diciembre | CVI NOTICIAS","isPartOf":{"@id":"https:\/\/cvinoticias.com\/v3\/#website"},"primaryImageOfPage":{"@id":"https:\/\/cvinoticias.com\/v3\/el-ciclo-lectivo-2022-comienza-el-2-de-marzo-en-misiones-y-culmina-el-19-de-diciembre\/#primaryimage"},"image":{"@id":"https:\/\/cvinoticias.com\/v3\/el-ciclo-lectivo-2022-comienza-el-2-de-marzo-en-misiones-y-culmina-el-19-de-diciembre\/#primaryimage"},"thumbnailUrl":"https:\/\/cvinoticias.com\/wp-content\/uploads\/2021\/10\/Screenshot_20211021-180057_Chrome.jpg","datePublished":"2021-10-21T21:08:14+00:00","breadcrumb":{"@id":"https:\/\/cvinoticias.com\/v3\/el-ciclo-lectivo-2022-comienza-el-2-de-marzo-en-misiones-y-culmina-el-19-de-diciembre\/#breadcrumb"},"inLanguage":"es","potentialAction":[{"@type":"ReadAction","target":["https:\/\/cvinoticias.com\/v3\/el-ciclo-lectivo-2022-comienza-el-2-de-marzo-en-misiones-y-culmina-el-19-de-diciembre\/"]}]},{"@type":"ImageObject","inLanguage":"es","@id":"https:\/\/cvinoticias.com\/v3\/el-ciclo-lectivo-2022-comienza-el-2-de-marzo-en-misiones-y-culmina-el-19-de-diciembre\/#primaryimage","url":"https:\/\/cvinoticias.com\/wp-content\/uploads\/2021\/10\/Screenshot_20211021-180057_Chrome.jpg","contentUrl":"https:\/\/cvinoticias.com\/wp-content\/uploads\/2021\/10\/Screenshot_20211021-180057_Chrome.jpg","width":999,"height":498},{"@type":"BreadcrumbList","@id":"https:\/\/cvinoticias.com\/v3\/el-ciclo-lectivo-2022-comienza-el-2-de-marzo-en-misiones-y-culmina-el-19-de-diciembre\/#breadcrumb","itemListElement":[{"@type":"ListItem","position":1,"name":"Portada","item":"https:\/\/cvinoticias.com\/v3\/"},{"@type":"ListItem","position":2,"name":"El ciclo lectivo 2022 comienza el 2 de marzo en Misiones y culmina el 19 de diciembre"}]},{"@type":"WebSite","@id":"https:\/\/cvinoticias.com\/v3\/#website","url":"https:\/\/cvinoticias.com\/v3\/","name":"CVI NOTICIAS","description":"","publisher":{"@id":"https:\/\/cvinoticias.com\/v3\/#organization"},"alternateName":"CVI","potentialAction":[{"@type":"SearchAction","target":{"@type":"EntryPoint","urlTemplate":"https:\/\/cvinoticias.com\/v3\/?s={search_term_string}"},"query-input":{"@type":"PropertyValueSpecification","valueRequired":true,"valueName":"search_term_string"}}],"inLanguage":"es"},{"@type":"Organization","@id":"https:\/\/cvinoticias.com\/v3\/#organization","name":"CVI NOTICIAS","url":"https:\/\/cvinoticias.com\/v3\/","logo":{"@type":"ImageObject","inLanguage":"es","@id":"https:\/\/cvinoticias.com\/v3\/#\/schema\/logo\/image\/","url":"https:\/\/cvinoticias.com\/wp-content\/uploads\/2023\/04\/cropped-cropped-cropped-cropped-cropped-3-1.png","contentUrl":"https:\/\/cvinoticias.com\/wp-content\/uploads\/2023\/04\/cropped-cropped-cropped-cropped-cropped-3-1.png","width":95,"height":122,"caption":"CVI NOTICIAS"},"image":{"@id":"https:\/\/cvinoticias.com\/v3\/#\/schema\/logo\/image\/"},"sameAs":["https:\/\/www.facebook.com\/cvinoticias","https:\/\/www.instagram.com\/cvinoticias\/","https:\/\/www.youtube.com\/@CVINOTICIAS"]},{"@type":"Person","@id":"https:\/\/cvinoticias.com\/v3\/#\/schema\/person\/2db77e3c6bc03c538495d7b2b8be9b66","name":"f1000024","image":{"@type":"ImageObject","inLanguage":"es","@id":"https:\/\/secure.gravatar.com\/avatar\/d4fe7459cfc51ff5129ce1a732bbef5928568b8092d412ef95611616376bbeed?s=96&d=mm&r=g","url":"https:\/\/secure.gravatar.com\/avatar\/d4fe7459cfc51ff5129ce1a732bbef5928568b8092d412ef95611616376bbeed?s=96&d=mm&r=g","contentUrl":"https:\/\/secure.gravatar.com\/avatar\/d4fe7459cfc51ff5129ce1a732bbef5928568b8092d412ef95611616376bbeed?s=96&d=mm&r=g","caption":"f1000024"},"url":"https:\/\/cvinoticias.com\/v3\/author\/f1000024\/"}]}},"_links":{"self":[{"href":"https:\/\/cvinoticias.com\/v3\/wp-json\/wp\/v2\/posts\/9750","targetHints":{"allow":["GET"]}}],"collection":[{"href":"https:\/\/cvinoticias.com\/v3\/wp-json\/wp\/v2\/posts"}],"about":[{"href":"https:\/\/cvinoticias.com\/v3\/wp-json\/wp\/v2\/types\/post"}],"author":[{"embeddable":true,"href":"https:\/\/cvinoticias.com\/v3\/wp-json\/wp\/v2\/users\/2"}],"replies":[{"embeddable":true,"href":"https:\/\/cvinoticias.com\/v3\/wp-json\/wp\/v2\/comments?post=9750"}],"version-history":[{"count":1,"href":"https:\/\/cvinoticias.com\/v3\/wp-json\/wp\/v2\/posts\/9750\/revisions"}],"predecessor-version":[{"id":9752,"href":"https:\/\/cvinoticias.com\/v3\/wp-json\/wp\/v2\/posts\/9750\/revisions\/9752"}],"wp:featuredmedia":[{"embeddable":true,"href":"https:\/\/cvinoticias.com\/v3\/wp-json\/wp\/v2\/media\/9751"}],"wp:attachment":[{"href":"https:\/\/cvinoticias.com\/v3\/wp-json\/wp\/v2\/media?parent=9750"}],"wp:term":[{"taxonomy":"category","embeddable":true,"href":"https:\/\/cvinoticias.com\/v3\/wp-json\/wp\/v2\/categories?post=9750"},{"taxonomy":"post_tag","embeddable":true,"href":"https:\/\/cvinoticias.com\/v3\/wp-json\/wp\/v2\/tags?post=9750"}],"curies":[{"name":"wp","href":"https:\/\/api.w.org\/{rel}","templated":true}]}}