{"id":9746,"date":"2021-10-21T16:34:17","date_gmt":"2021-10-21T16:34:17","guid":{"rendered":"https:\/\/cvinoticias.com\/v3\/?p=9746"},"modified":"2021-10-21T16:34:17","modified_gmt":"2021-10-21T16:34:17","slug":"iguazu-accidente-y-vuelvo-sobre-la-av-cordoba","status":"publish","type":"post","link":"https:\/\/cvinoticias.com\/v3\/iguazu-accidente-y-vuelvo-sobre-la-av-cordoba\/","title":{"rendered":"IGUAZ\u00da: Accidente y vuelvo sobre la Av. C\u00f3rdoba"},"content":{"rendered":"\n<p><strong><em>Un accidente con caracter\u00edsticas espectaculares se produjo hace instantes ( 8:45 hs) sobre l Av. C\u00f3rdoba a pocas cuadras de la terminal de \u00f3mnibus, cuando por causas que las pericias deber\u00e1n establecer un veh\u00edculo que volc\u00f3 aparatosamente, quedando de costado.<\/em><\/strong><\/p>\n\n\n\n<figure class=\"wp-block-image size-large\"><a href=\"https:\/\/cvinoticias.com\/wp-content\/uploads\/2021\/10\/PicsArt_10-21-09.32.14.jpg\"><img decoding=\"async\" width=\"1024\" height=\"811\" data-src=\"https:\/\/cvinoticias.com\/wp-content\/uploads\/2021\/10\/PicsArt_10-21-09.32.14-1024x811.jpg\" alt=\"\" class=\"wp-image-9747 lazyload\" data-srcset=\"https:\/\/cvinoticias.com\/wp-content\/uploads\/2021\/10\/PicsArt_10-21-09.32.14-1024x811.jpg 1024w, https:\/\/cvinoticias.com\/wp-content\/uploads\/2021\/10\/PicsArt_10-21-09.32.14-300x238.jpg 300w, https:\/\/cvinoticias.com\/wp-content\/uploads\/2021\/10\/PicsArt_10-21-09.32.14-768x608.jpg 768w, https:\/\/cvinoticias.com\/wp-content\/uploads\/2021\/10\/PicsArt_10-21-09.32.14.jpg 1364w\" data-sizes=\"(max-width: 1024px) 100vw, 1024px\" src=\"data:image\/svg+xml;base64,PHN2ZyB3aWR0aD0iMSIgaGVpZ2h0PSIxIiB4bWxucz0iaHR0cDovL3d3dy53My5vcmcvMjAwMC9zdmciPjwvc3ZnPg==\" style=\"--smush-placeholder-width: 1024px; --smush-placeholder-aspect-ratio: 1024\/811;\" \/><\/a><\/figure>\n\n\n\n<p>En la ma\u00f1ana de d\u00eda de hoy, jueves 21 de octubre, la guardia de Bomberos Voluntarios de Iguaz\u00fa recibe una denuncia de accidente de autos con vuelco sobre la Avenida C\u00f3rdoba.<\/p>\n\n\n\n<p>R\u00e1pidamente se dirigen hasta el lugar, y por situaci\u00f3n que est\u00e1 bajo investigaci\u00f3n dos autos colisionan sobre la avenida C\u00f3rdoba, quedando un auto volcado (kangoo) el ocupante del mismo sali\u00f3 por sus propios medios, a la vista del personal de bomberos, pero rechazando ser llevado al hospital de la ciudad.<\/p>\n\n\n\n<p>Luego de atender al conductor del autom\u00f3vil Kangoo, se ayudo a que el veh\u00edculo est\u00e9 en una gr\u00faa, girando al rodado y preparando una l\u00ednea de prevenci\u00f3n con espuma mec\u00e1nica para evitar cualquier tipo de inicio de incendio.<\/p>\n\n\n\n<p>Trabajaron en el lugar Bomberos Voluntarios de Iguazu, el 107, Polic\u00eda de Tr\u00e1nsito y Polic\u00eda de la Provincia.<\/p>\n\n\n\n<p><\/p>\n\n\n\n<p><strong>Nota Ampliada con Informe de Bomberos Voluntarios de Iguaz\u00fa<\/strong><\/p>\n","protected":false},"excerpt":{"rendered":"<p>Un accidente con caracter\u00edsticas espectaculares se produjo hace instantes ( 8:45 hs) sobre l Av. C\u00f3rdoba a pocas cuadras de la terminal de \u00f3mnibus, cuando por causas que las pericias deber\u00e1n establecer un veh\u00edculo que volc\u00f3 aparatosamente, quedando de costado. En la ma\u00f1ana de d\u00eda de hoy, jueves 21 de octubre, la guardia de Bomberos [&hellip;]<\/p>\n","protected":false},"author":2,"featured_media":9748,"comment_status":"open","ping_status":"open","sticky":false,"template":"","format":"standard","meta":{"footnotes":""},"categories":[29],"tags":[],"class_list":["post-9746","post","type-post","status-publish","format-standard","has-post-thumbnail","hentry","category-locales"],"yoast_head":"<!-- This site is optimized with the Yoast SEO plugin v27.5 - https:\/\/yoast.com\/product\/yoast-seo-wordpress\/ -->\n<title>IGUAZ\u00da: Accidente y vuelvo sobre la Av. C\u00f3rdoba | CVI NOTICIAS<\/title>\n<meta name=\"robots\" content=\"index, follow, max-snippet:-1, max-image-preview:large, max-video-preview:-1\" \/>\n<link rel=\"canonical\" href=\"https:\/\/cvinoticias.com\/v3\/iguazu-accidente-y-vuelvo-sobre-la-av-cordoba\/\" \/>\n<meta property=\"og:locale\" content=\"es_ES\" \/>\n<meta property=\"og:type\" content=\"article\" \/>\n<meta property=\"og:title\" content=\"IGUAZ\u00da: Accidente y vuelvo sobre la Av. C\u00f3rdoba | CVI NOTICIAS\" \/>\n<meta property=\"og:description\" content=\"Un accidente con caracter\u00edsticas espectaculares se produjo hace instantes ( 8:45 hs) sobre l Av. C\u00f3rdoba a pocas cuadras de la terminal de \u00f3mnibus, cuando por causas que las pericias deber\u00e1n establecer un veh\u00edculo que volc\u00f3 aparatosamente, quedando de costado. En la ma\u00f1ana de d\u00eda de hoy, jueves 21 de octubre, la guardia de Bomberos [&hellip;]\" \/>\n<meta property=\"og:url\" content=\"https:\/\/cvinoticias.com\/v3\/iguazu-accidente-y-vuelvo-sobre-la-av-cordoba\/\" \/>\n<meta property=\"og:site_name\" content=\"CVI NOTICIAS\" \/>\n<meta property=\"article:publisher\" content=\"https:\/\/www.facebook.com\/cvinoticias\" \/>\n<meta property=\"article:published_time\" content=\"2021-10-21T16:34:17+00:00\" \/>\n<meta property=\"og:image\" content=\"https:\/\/cvinoticias.com\/wp-content\/uploads\/2021\/10\/PicsArt_10-21-09.25.07.jpg\" \/>\n\t<meta property=\"og:image:width\" content=\"1080\" \/>\n\t<meta property=\"og:image:height\" content=\"2224\" \/>\n\t<meta property=\"og:image:type\" content=\"image\/jpeg\" \/>\n<meta name=\"author\" content=\"f1000024\" \/>\n<meta name=\"twitter:card\" content=\"summary_large_image\" \/>\n<meta name=\"twitter:label1\" content=\"Escrito por\" \/>\n\t<meta name=\"twitter:data1\" content=\"f1000024\" \/>\n\t<meta name=\"twitter:label2\" content=\"Tiempo de lectura\" \/>\n\t<meta name=\"twitter:data2\" content=\"1 minuto\" \/>\n<script type=\"application\/ld+json\" class=\"yoast-schema-graph\">{\"@context\":\"https:\\\/\\\/schema.org\",\"@graph\":[{\"@type\":\"Article\",\"@id\":\"https:\\\/\\\/cvinoticias.com\\\/v3\\\/iguazu-accidente-y-vuelvo-sobre-la-av-cordoba\\\/#article\",\"isPartOf\":{\"@id\":\"https:\\\/\\\/cvinoticias.com\\\/v3\\\/iguazu-accidente-y-vuelvo-sobre-la-av-cordoba\\\/\"},\"author\":{\"name\":\"f1000024\",\"@id\":\"https:\\\/\\\/cvinoticias.com\\\/v3\\\/#\\\/schema\\\/person\\\/2db77e3c6bc03c538495d7b2b8be9b66\"},\"headline\":\"IGUAZ\u00da: Accidente y vuelvo sobre la Av. C\u00f3rdoba\",\"datePublished\":\"2021-10-21T16:34:17+00:00\",\"mainEntityOfPage\":{\"@id\":\"https:\\\/\\\/cvinoticias.com\\\/v3\\\/iguazu-accidente-y-vuelvo-sobre-la-av-cordoba\\\/\"},\"wordCount\":211,\"commentCount\":0,\"publisher\":{\"@id\":\"https:\\\/\\\/cvinoticias.com\\\/v3\\\/#organization\"},\"image\":{\"@id\":\"https:\\\/\\\/cvinoticias.com\\\/v3\\\/iguazu-accidente-y-vuelvo-sobre-la-av-cordoba\\\/#primaryimage\"},\"thumbnailUrl\":\"https:\\\/\\\/cvinoticias.com\\\/wp-content\\\/uploads\\\/2021\\\/10\\\/PicsArt_10-21-09.25.07.jpg\",\"articleSection\":[\"Locales\"],\"inLanguage\":\"es\",\"potentialAction\":[{\"@type\":\"CommentAction\",\"name\":\"Comment\",\"target\":[\"https:\\\/\\\/cvinoticias.com\\\/v3\\\/iguazu-accidente-y-vuelvo-sobre-la-av-cordoba\\\/#respond\"]}]},{\"@type\":\"WebPage\",\"@id\":\"https:\\\/\\\/cvinoticias.com\\\/v3\\\/iguazu-accidente-y-vuelvo-sobre-la-av-cordoba\\\/\",\"url\":\"https:\\\/\\\/cvinoticias.com\\\/v3\\\/iguazu-accidente-y-vuelvo-sobre-la-av-cordoba\\\/\",\"name\":\"IGUAZ\u00da: Accidente y vuelvo sobre la Av. C\u00f3rdoba | CVI NOTICIAS\",\"isPartOf\":{\"@id\":\"https:\\\/\\\/cvinoticias.com\\\/v3\\\/#website\"},\"primaryImageOfPage\":{\"@id\":\"https:\\\/\\\/cvinoticias.com\\\/v3\\\/iguazu-accidente-y-vuelvo-sobre-la-av-cordoba\\\/#primaryimage\"},\"image\":{\"@id\":\"https:\\\/\\\/cvinoticias.com\\\/v3\\\/iguazu-accidente-y-vuelvo-sobre-la-av-cordoba\\\/#primaryimage\"},\"thumbnailUrl\":\"https:\\\/\\\/cvinoticias.com\\\/wp-content\\\/uploads\\\/2021\\\/10\\\/PicsArt_10-21-09.25.07.jpg\",\"datePublished\":\"2021-10-21T16:34:17+00:00\",\"breadcrumb\":{\"@id\":\"https:\\\/\\\/cvinoticias.com\\\/v3\\\/iguazu-accidente-y-vuelvo-sobre-la-av-cordoba\\\/#breadcrumb\"},\"inLanguage\":\"es\",\"potentialAction\":[{\"@type\":\"ReadAction\",\"target\":[\"https:\\\/\\\/cvinoticias.com\\\/v3\\\/iguazu-accidente-y-vuelvo-sobre-la-av-cordoba\\\/\"]}]},{\"@type\":\"ImageObject\",\"inLanguage\":\"es\",\"@id\":\"https:\\\/\\\/cvinoticias.com\\\/v3\\\/iguazu-accidente-y-vuelvo-sobre-la-av-cordoba\\\/#primaryimage\",\"url\":\"https:\\\/\\\/cvinoticias.com\\\/wp-content\\\/uploads\\\/2021\\\/10\\\/PicsArt_10-21-09.25.07.jpg\",\"contentUrl\":\"https:\\\/\\\/cvinoticias.com\\\/wp-content\\\/uploads\\\/2021\\\/10\\\/PicsArt_10-21-09.25.07.jpg\",\"width\":1080,\"height\":2224},{\"@type\":\"BreadcrumbList\",\"@id\":\"https:\\\/\\\/cvinoticias.com\\\/v3\\\/iguazu-accidente-y-vuelvo-sobre-la-av-cordoba\\\/#breadcrumb\",\"itemListElement\":[{\"@type\":\"ListItem\",\"position\":1,\"name\":\"Portada\",\"item\":\"https:\\\/\\\/cvinoticias.com\\\/v3\\\/\"},{\"@type\":\"ListItem\",\"position\":2,\"name\":\"IGUAZ\u00da: Accidente y vuelvo sobre la Av. C\u00f3rdoba\"}]},{\"@type\":\"WebSite\",\"@id\":\"https:\\\/\\\/cvinoticias.com\\\/v3\\\/#website\",\"url\":\"https:\\\/\\\/cvinoticias.com\\\/v3\\\/\",\"name\":\"CVI NOTICIAS\",\"description\":\"\",\"publisher\":{\"@id\":\"https:\\\/\\\/cvinoticias.com\\\/v3\\\/#organization\"},\"alternateName\":\"CVI\",\"potentialAction\":[{\"@type\":\"SearchAction\",\"target\":{\"@type\":\"EntryPoint\",\"urlTemplate\":\"https:\\\/\\\/cvinoticias.com\\\/v3\\\/?s={search_term_string}\"},\"query-input\":{\"@type\":\"PropertyValueSpecification\",\"valueRequired\":true,\"valueName\":\"search_term_string\"}}],\"inLanguage\":\"es\"},{\"@type\":\"Organization\",\"@id\":\"https:\\\/\\\/cvinoticias.com\\\/v3\\\/#organization\",\"name\":\"CVI NOTICIAS\",\"url\":\"https:\\\/\\\/cvinoticias.com\\\/v3\\\/\",\"logo\":{\"@type\":\"ImageObject\",\"inLanguage\":\"es\",\"@id\":\"https:\\\/\\\/cvinoticias.com\\\/v3\\\/#\\\/schema\\\/logo\\\/image\\\/\",\"url\":\"https:\\\/\\\/cvinoticias.com\\\/wp-content\\\/uploads\\\/2023\\\/04\\\/cropped-cropped-cropped-cropped-cropped-3-1.png\",\"contentUrl\":\"https:\\\/\\\/cvinoticias.com\\\/wp-content\\\/uploads\\\/2023\\\/04\\\/cropped-cropped-cropped-cropped-cropped-3-1.png\",\"width\":95,\"height\":122,\"caption\":\"CVI NOTICIAS\"},\"image\":{\"@id\":\"https:\\\/\\\/cvinoticias.com\\\/v3\\\/#\\\/schema\\\/logo\\\/image\\\/\"},\"sameAs\":[\"https:\\\/\\\/www.facebook.com\\\/cvinoticias\",\"https:\\\/\\\/www.instagram.com\\\/cvinoticias\\\/\",\"https:\\\/\\\/www.youtube.com\\\/@CVINOTICIAS\"]},{\"@type\":\"Person\",\"@id\":\"https:\\\/\\\/cvinoticias.com\\\/v3\\\/#\\\/schema\\\/person\\\/2db77e3c6bc03c538495d7b2b8be9b66\",\"name\":\"f1000024\",\"image\":{\"@type\":\"ImageObject\",\"inLanguage\":\"es\",\"@id\":\"https:\\\/\\\/secure.gravatar.com\\\/avatar\\\/d4fe7459cfc51ff5129ce1a732bbef5928568b8092d412ef95611616376bbeed?s=96&d=mm&r=g\",\"url\":\"https:\\\/\\\/secure.gravatar.com\\\/avatar\\\/d4fe7459cfc51ff5129ce1a732bbef5928568b8092d412ef95611616376bbeed?s=96&d=mm&r=g\",\"contentUrl\":\"https:\\\/\\\/secure.gravatar.com\\\/avatar\\\/d4fe7459cfc51ff5129ce1a732bbef5928568b8092d412ef95611616376bbeed?s=96&d=mm&r=g\",\"caption\":\"f1000024\"},\"url\":\"https:\\\/\\\/cvinoticias.com\\\/v3\\\/author\\\/f1000024\\\/\"}]}<\/script>\n<!-- \/ Yoast SEO plugin. -->","yoast_head_json":{"title":"IGUAZ\u00da: Accidente y vuelvo sobre la Av. C\u00f3rdoba | CVI NOTICIAS","robots":{"index":"index","follow":"follow","max-snippet":"max-snippet:-1","max-image-preview":"max-image-preview:large","max-video-preview":"max-video-preview:-1"},"canonical":"https:\/\/cvinoticias.com\/v3\/iguazu-accidente-y-vuelvo-sobre-la-av-cordoba\/","og_locale":"es_ES","og_type":"article","og_title":"IGUAZ\u00da: Accidente y vuelvo sobre la Av. C\u00f3rdoba | CVI NOTICIAS","og_description":"Un accidente con caracter\u00edsticas espectaculares se produjo hace instantes ( 8:45 hs) sobre l Av. C\u00f3rdoba a pocas cuadras de la terminal de \u00f3mnibus, cuando por causas que las pericias deber\u00e1n establecer un veh\u00edculo que volc\u00f3 aparatosamente, quedando de costado. En la ma\u00f1ana de d\u00eda de hoy, jueves 21 de octubre, la guardia de Bomberos [&hellip;]","og_url":"https:\/\/cvinoticias.com\/v3\/iguazu-accidente-y-vuelvo-sobre-la-av-cordoba\/","og_site_name":"CVI NOTICIAS","article_publisher":"https:\/\/www.facebook.com\/cvinoticias","article_published_time":"2021-10-21T16:34:17+00:00","og_image":[{"width":1080,"height":2224,"url":"https:\/\/cvinoticias.com\/wp-content\/uploads\/2021\/10\/PicsArt_10-21-09.25.07.jpg","type":"image\/jpeg"}],"author":"f1000024","twitter_card":"summary_large_image","twitter_misc":{"Escrito por":"f1000024","Tiempo de lectura":"1 minuto"},"schema":{"@context":"https:\/\/schema.org","@graph":[{"@type":"Article","@id":"https:\/\/cvinoticias.com\/v3\/iguazu-accidente-y-vuelvo-sobre-la-av-cordoba\/#article","isPartOf":{"@id":"https:\/\/cvinoticias.com\/v3\/iguazu-accidente-y-vuelvo-sobre-la-av-cordoba\/"},"author":{"name":"f1000024","@id":"https:\/\/cvinoticias.com\/v3\/#\/schema\/person\/2db77e3c6bc03c538495d7b2b8be9b66"},"headline":"IGUAZ\u00da: Accidente y vuelvo sobre la Av. C\u00f3rdoba","datePublished":"2021-10-21T16:34:17+00:00","mainEntityOfPage":{"@id":"https:\/\/cvinoticias.com\/v3\/iguazu-accidente-y-vuelvo-sobre-la-av-cordoba\/"},"wordCount":211,"commentCount":0,"publisher":{"@id":"https:\/\/cvinoticias.com\/v3\/#organization"},"image":{"@id":"https:\/\/cvinoticias.com\/v3\/iguazu-accidente-y-vuelvo-sobre-la-av-cordoba\/#primaryimage"},"thumbnailUrl":"https:\/\/cvinoticias.com\/wp-content\/uploads\/2021\/10\/PicsArt_10-21-09.25.07.jpg","articleSection":["Locales"],"inLanguage":"es","potentialAction":[{"@type":"CommentAction","name":"Comment","target":["https:\/\/cvinoticias.com\/v3\/iguazu-accidente-y-vuelvo-sobre-la-av-cordoba\/#respond"]}]},{"@type":"WebPage","@id":"https:\/\/cvinoticias.com\/v3\/iguazu-accidente-y-vuelvo-sobre-la-av-cordoba\/","url":"https:\/\/cvinoticias.com\/v3\/iguazu-accidente-y-vuelvo-sobre-la-av-cordoba\/","name":"IGUAZ\u00da: Accidente y vuelvo sobre la Av. C\u00f3rdoba | CVI NOTICIAS","isPartOf":{"@id":"https:\/\/cvinoticias.com\/v3\/#website"},"primaryImageOfPage":{"@id":"https:\/\/cvinoticias.com\/v3\/iguazu-accidente-y-vuelvo-sobre-la-av-cordoba\/#primaryimage"},"image":{"@id":"https:\/\/cvinoticias.com\/v3\/iguazu-accidente-y-vuelvo-sobre-la-av-cordoba\/#primaryimage"},"thumbnailUrl":"https:\/\/cvinoticias.com\/wp-content\/uploads\/2021\/10\/PicsArt_10-21-09.25.07.jpg","datePublished":"2021-10-21T16:34:17+00:00","breadcrumb":{"@id":"https:\/\/cvinoticias.com\/v3\/iguazu-accidente-y-vuelvo-sobre-la-av-cordoba\/#breadcrumb"},"inLanguage":"es","potentialAction":[{"@type":"ReadAction","target":["https:\/\/cvinoticias.com\/v3\/iguazu-accidente-y-vuelvo-sobre-la-av-cordoba\/"]}]},{"@type":"ImageObject","inLanguage":"es","@id":"https:\/\/cvinoticias.com\/v3\/iguazu-accidente-y-vuelvo-sobre-la-av-cordoba\/#primaryimage","url":"https:\/\/cvinoticias.com\/wp-content\/uploads\/2021\/10\/PicsArt_10-21-09.25.07.jpg","contentUrl":"https:\/\/cvinoticias.com\/wp-content\/uploads\/2021\/10\/PicsArt_10-21-09.25.07.jpg","width":1080,"height":2224},{"@type":"BreadcrumbList","@id":"https:\/\/cvinoticias.com\/v3\/iguazu-accidente-y-vuelvo-sobre-la-av-cordoba\/#breadcrumb","itemListElement":[{"@type":"ListItem","position":1,"name":"Portada","item":"https:\/\/cvinoticias.com\/v3\/"},{"@type":"ListItem","position":2,"name":"IGUAZ\u00da: Accidente y vuelvo sobre la Av. C\u00f3rdoba"}]},{"@type":"WebSite","@id":"https:\/\/cvinoticias.com\/v3\/#website","url":"https:\/\/cvinoticias.com\/v3\/","name":"CVI NOTICIAS","description":"","publisher":{"@id":"https:\/\/cvinoticias.com\/v3\/#organization"},"alternateName":"CVI","potentialAction":[{"@type":"SearchAction","target":{"@type":"EntryPoint","urlTemplate":"https:\/\/cvinoticias.com\/v3\/?s={search_term_string}"},"query-input":{"@type":"PropertyValueSpecification","valueRequired":true,"valueName":"search_term_string"}}],"inLanguage":"es"},{"@type":"Organization","@id":"https:\/\/cvinoticias.com\/v3\/#organization","name":"CVI NOTICIAS","url":"https:\/\/cvinoticias.com\/v3\/","logo":{"@type":"ImageObject","inLanguage":"es","@id":"https:\/\/cvinoticias.com\/v3\/#\/schema\/logo\/image\/","url":"https:\/\/cvinoticias.com\/wp-content\/uploads\/2023\/04\/cropped-cropped-cropped-cropped-cropped-3-1.png","contentUrl":"https:\/\/cvinoticias.com\/wp-content\/uploads\/2023\/04\/cropped-cropped-cropped-cropped-cropped-3-1.png","width":95,"height":122,"caption":"CVI NOTICIAS"},"image":{"@id":"https:\/\/cvinoticias.com\/v3\/#\/schema\/logo\/image\/"},"sameAs":["https:\/\/www.facebook.com\/cvinoticias","https:\/\/www.instagram.com\/cvinoticias\/","https:\/\/www.youtube.com\/@CVINOTICIAS"]},{"@type":"Person","@id":"https:\/\/cvinoticias.com\/v3\/#\/schema\/person\/2db77e3c6bc03c538495d7b2b8be9b66","name":"f1000024","image":{"@type":"ImageObject","inLanguage":"es","@id":"https:\/\/secure.gravatar.com\/avatar\/d4fe7459cfc51ff5129ce1a732bbef5928568b8092d412ef95611616376bbeed?s=96&d=mm&r=g","url":"https:\/\/secure.gravatar.com\/avatar\/d4fe7459cfc51ff5129ce1a732bbef5928568b8092d412ef95611616376bbeed?s=96&d=mm&r=g","contentUrl":"https:\/\/secure.gravatar.com\/avatar\/d4fe7459cfc51ff5129ce1a732bbef5928568b8092d412ef95611616376bbeed?s=96&d=mm&r=g","caption":"f1000024"},"url":"https:\/\/cvinoticias.com\/v3\/author\/f1000024\/"}]}},"_links":{"self":[{"href":"https:\/\/cvinoticias.com\/v3\/wp-json\/wp\/v2\/posts\/9746","targetHints":{"allow":["GET"]}}],"collection":[{"href":"https:\/\/cvinoticias.com\/v3\/wp-json\/wp\/v2\/posts"}],"about":[{"href":"https:\/\/cvinoticias.com\/v3\/wp-json\/wp\/v2\/types\/post"}],"author":[{"embeddable":true,"href":"https:\/\/cvinoticias.com\/v3\/wp-json\/wp\/v2\/users\/2"}],"replies":[{"embeddable":true,"href":"https:\/\/cvinoticias.com\/v3\/wp-json\/wp\/v2\/comments?post=9746"}],"version-history":[{"count":1,"href":"https:\/\/cvinoticias.com\/v3\/wp-json\/wp\/v2\/posts\/9746\/revisions"}],"predecessor-version":[{"id":9749,"href":"https:\/\/cvinoticias.com\/v3\/wp-json\/wp\/v2\/posts\/9746\/revisions\/9749"}],"wp:featuredmedia":[{"embeddable":true,"href":"https:\/\/cvinoticias.com\/v3\/wp-json\/wp\/v2\/media\/9748"}],"wp:attachment":[{"href":"https:\/\/cvinoticias.com\/v3\/wp-json\/wp\/v2\/media?parent=9746"}],"wp:term":[{"taxonomy":"category","embeddable":true,"href":"https:\/\/cvinoticias.com\/v3\/wp-json\/wp\/v2\/categories?post=9746"},{"taxonomy":"post_tag","embeddable":true,"href":"https:\/\/cvinoticias.com\/v3\/wp-json\/wp\/v2\/tags?post=9746"}],"curies":[{"name":"wp","href":"https:\/\/api.w.org\/{rel}","templated":true}]}}