{"id":9685,"date":"2021-10-20T04:57:13","date_gmt":"2021-10-20T04:57:13","guid":{"rendered":"https:\/\/cvinoticias.com\/v3\/?p=9685"},"modified":"2021-10-20T04:57:13","modified_gmt":"2021-10-20T04:57:13","slug":"consideran-necesario-reforzar-la-sociabilizacion-de-la-esi-en-misiones","status":"publish","type":"post","link":"https:\/\/cvinoticias.com\/v3\/consideran-necesario-reforzar-la-sociabilizacion-de-la-esi-en-misiones\/","title":{"rendered":"Consideran necesario reforzar la sociabilizaci\u00f3n de la ESI en Misiones"},"content":{"rendered":"\n<p><em><strong>Sobre la prevenci\u00f3n del embarazo adolescente con el plan ENIA, el subsecretario de salud, H\u00e9ctor Ant\u00fanez Proeza se\u00f1al\u00f3 que en la provincia \u00abestimamos que desde que inici\u00f3 se ha llegado a una reducci\u00f3n de un 50% de las cifras\u00bb.<\/strong><\/em><\/p>\n\n\n\n<p>A 15 a\u00f1os de la Ley 26.150 de Educaci\u00f3n Sexual Integral (ESI), se llev\u00f3 a cabo el Encuentro Provincial de Socializaci\u00f3n del Plan E.N.I.A. en el colegio provincial N\u00b0 1 \u00abMart\u00edn de Moussy\u00bb. Diversos organismos del Estado presentaron las acciones intersectoriales a las autoridades de los ministerios provinciales de Educaci\u00f3n, Salud P\u00fablica y Desarrollo Social, a cargo de la coordinadora del plan ENIA en la provincia Olga Ferreyra. Expusieron las referentes de los programas involucrados (Educaci\u00f3n Sexual Integral, Salud Sexual y Reproductiva, Salud Integral Adolescente y Base Comunitaria) y las efectoras focales territoriales del plan. Tambi\u00e9n se definieron diversas acciones para profundizar el acceso al derecho de los estudiantes a temas relacionados a sexualidad y a la prevenci\u00f3n del embarazo en ni\u00f1os, ni\u00f1as y adolescentes.<\/p>\n\n\n\n<p>Sobre la prevenci\u00f3n del embarazo adolescente con el plan ENIA, el subsecretario de salud, H\u00e9ctor Ant\u00fanez Proeza se\u00f1al\u00f3 que en la provincia \u00abestimamos que desde que inici\u00f3 se ha llegado a una reducci\u00f3n de un 50% de las cifras\u00bb. Encuestas a 400 j\u00f3venes de entre 16 y 24 a\u00f1os en cinco provincias devuelven que un 60% conoce sobre la ESI pero no lo hizo durante su escolarizaci\u00f3n, por este motivo es que la provincia se compromete a profundizar m\u00e1s la capacitaci\u00f3n a los docentes como principales responsables del derecho.<\/p>\n\n\n\n<p>Por su parte, la subsecretaria de Educaci\u00f3n Rosana Linares recalc\u00f3 la importancia de defender la ESI como se defienden todos los derechos de los ni\u00f1os, ni\u00f1as y adolescentes. \u00abNuestros estudiantes tienen que recibir informaci\u00f3n cient\u00edfica, validada, actualizada y formarse en el conocimiento de la perspectiva de g\u00e9nero y la diversidad sexual, as\u00ed tengamos que deconstruir mitos en el proceso\u00bb, subray\u00f3 la mandataria.<\/p>\n\n\n\n<p>La coordinadora del programa de ESI de la subsecretar\u00eda, Olga Ferreyra, explic\u00f3 \u00abhubo a\u00f1os dif\u00edciles, como con la campa\u00f1a &#8216;Con mis hijos no te metas&#8217;, y desde ese entonces hubo que trabajar mucho el consenso con las familias, propiciando talleres de sensibilizaci\u00f3n y concientizaci\u00f3n\u00bb. Tambi\u00e9n destac\u00f3 que siempre recuerdan a las instituciones educativas que tienen el deber de comunicar, hacer denuncias en la polic\u00eda, comisar\u00eda o juzgado ante cualquier caso de abuso, por protocolo provincial.<\/p>\n","protected":false},"excerpt":{"rendered":"<p>Sobre la prevenci\u00f3n del embarazo adolescente con el plan ENIA, el subsecretario de salud, H\u00e9ctor Ant\u00fanez Proeza se\u00f1al\u00f3 que en la provincia \u00abestimamos que desde que inici\u00f3 se ha llegado a una reducci\u00f3n de un 50% de las cifras\u00bb. A 15 a\u00f1os de la Ley 26.150 de Educaci\u00f3n Sexual Integral (ESI), se llev\u00f3 a cabo [&hellip;]<\/p>\n","protected":false},"author":2,"featured_media":9686,"comment_status":"open","ping_status":"open","sticky":false,"template":"","format":"standard","meta":{"footnotes":""},"categories":[26],"tags":[],"class_list":["post-9685","post","type-post","status-publish","format-standard","has-post-thumbnail","hentry","category-educacion"],"yoast_head":"<!-- This site is optimized with the Yoast SEO plugin v27.4 - https:\/\/yoast.com\/product\/yoast-seo-wordpress\/ -->\n<title>Consideran necesario reforzar la sociabilizaci\u00f3n de la ESI en Misiones | CVI NOTICIAS<\/title>\n<meta name=\"robots\" content=\"index, follow, max-snippet:-1, max-image-preview:large, max-video-preview:-1\" \/>\n<link rel=\"canonical\" href=\"https:\/\/cvinoticias.com\/v3\/consideran-necesario-reforzar-la-sociabilizacion-de-la-esi-en-misiones\/\" \/>\n<meta property=\"og:locale\" content=\"es_ES\" \/>\n<meta property=\"og:type\" content=\"article\" \/>\n<meta property=\"og:title\" content=\"Consideran necesario reforzar la sociabilizaci\u00f3n de la ESI en Misiones | CVI NOTICIAS\" \/>\n<meta property=\"og:description\" content=\"Sobre la prevenci\u00f3n del embarazo adolescente con el plan ENIA, el subsecretario de salud, H\u00e9ctor Ant\u00fanez Proeza se\u00f1al\u00f3 que en la provincia \u00abestimamos que desde que inici\u00f3 se ha llegado a una reducci\u00f3n de un 50% de las cifras\u00bb. A 15 a\u00f1os de la Ley 26.150 de Educaci\u00f3n Sexual Integral (ESI), se llev\u00f3 a cabo [&hellip;]\" \/>\n<meta property=\"og:url\" content=\"https:\/\/cvinoticias.com\/v3\/consideran-necesario-reforzar-la-sociabilizacion-de-la-esi-en-misiones\/\" \/>\n<meta property=\"og:site_name\" content=\"CVI NOTICIAS\" \/>\n<meta property=\"article:publisher\" content=\"https:\/\/www.facebook.com\/cvinoticias\" \/>\n<meta property=\"article:published_time\" content=\"2021-10-20T04:57:13+00:00\" \/>\n<meta property=\"og:image\" content=\"https:\/\/cvinoticias.com\/wp-content\/uploads\/2021\/10\/programa_17.jpg\" \/>\n\t<meta property=\"og:image:width\" content=\"370\" \/>\n\t<meta property=\"og:image:height\" content=\"260\" \/>\n\t<meta property=\"og:image:type\" content=\"image\/jpeg\" \/>\n<meta name=\"author\" content=\"f1000024\" \/>\n<meta name=\"twitter:card\" content=\"summary_large_image\" \/>\n<meta name=\"twitter:label1\" content=\"Escrito por\" \/>\n\t<meta name=\"twitter:data1\" content=\"f1000024\" \/>\n\t<meta name=\"twitter:label2\" content=\"Tiempo de lectura\" \/>\n\t<meta name=\"twitter:data2\" content=\"2 minutos\" \/>\n<script type=\"application\/ld+json\" class=\"yoast-schema-graph\">{\"@context\":\"https:\\\/\\\/schema.org\",\"@graph\":[{\"@type\":\"Article\",\"@id\":\"https:\\\/\\\/cvinoticias.com\\\/v3\\\/consideran-necesario-reforzar-la-sociabilizacion-de-la-esi-en-misiones\\\/#article\",\"isPartOf\":{\"@id\":\"https:\\\/\\\/cvinoticias.com\\\/v3\\\/consideran-necesario-reforzar-la-sociabilizacion-de-la-esi-en-misiones\\\/\"},\"author\":{\"name\":\"f1000024\",\"@id\":\"https:\\\/\\\/cvinoticias.com\\\/v3\\\/#\\\/schema\\\/person\\\/2db77e3c6bc03c538495d7b2b8be9b66\"},\"headline\":\"Consideran necesario reforzar la sociabilizaci\u00f3n de la ESI en Misiones\",\"datePublished\":\"2021-10-20T04:57:13+00:00\",\"mainEntityOfPage\":{\"@id\":\"https:\\\/\\\/cvinoticias.com\\\/v3\\\/consideran-necesario-reforzar-la-sociabilizacion-de-la-esi-en-misiones\\\/\"},\"wordCount\":436,\"commentCount\":0,\"publisher\":{\"@id\":\"https:\\\/\\\/cvinoticias.com\\\/v3\\\/#organization\"},\"image\":{\"@id\":\"https:\\\/\\\/cvinoticias.com\\\/v3\\\/consideran-necesario-reforzar-la-sociabilizacion-de-la-esi-en-misiones\\\/#primaryimage\"},\"thumbnailUrl\":\"https:\\\/\\\/cvinoticias.com\\\/wp-content\\\/uploads\\\/2021\\\/10\\\/programa_17.jpg\",\"articleSection\":[\"Educacion\"],\"inLanguage\":\"es\",\"potentialAction\":[{\"@type\":\"CommentAction\",\"name\":\"Comment\",\"target\":[\"https:\\\/\\\/cvinoticias.com\\\/v3\\\/consideran-necesario-reforzar-la-sociabilizacion-de-la-esi-en-misiones\\\/#respond\"]}]},{\"@type\":\"WebPage\",\"@id\":\"https:\\\/\\\/cvinoticias.com\\\/v3\\\/consideran-necesario-reforzar-la-sociabilizacion-de-la-esi-en-misiones\\\/\",\"url\":\"https:\\\/\\\/cvinoticias.com\\\/v3\\\/consideran-necesario-reforzar-la-sociabilizacion-de-la-esi-en-misiones\\\/\",\"name\":\"Consideran necesario reforzar la sociabilizaci\u00f3n de la ESI en Misiones | CVI NOTICIAS\",\"isPartOf\":{\"@id\":\"https:\\\/\\\/cvinoticias.com\\\/v3\\\/#website\"},\"primaryImageOfPage\":{\"@id\":\"https:\\\/\\\/cvinoticias.com\\\/v3\\\/consideran-necesario-reforzar-la-sociabilizacion-de-la-esi-en-misiones\\\/#primaryimage\"},\"image\":{\"@id\":\"https:\\\/\\\/cvinoticias.com\\\/v3\\\/consideran-necesario-reforzar-la-sociabilizacion-de-la-esi-en-misiones\\\/#primaryimage\"},\"thumbnailUrl\":\"https:\\\/\\\/cvinoticias.com\\\/wp-content\\\/uploads\\\/2021\\\/10\\\/programa_17.jpg\",\"datePublished\":\"2021-10-20T04:57:13+00:00\",\"breadcrumb\":{\"@id\":\"https:\\\/\\\/cvinoticias.com\\\/v3\\\/consideran-necesario-reforzar-la-sociabilizacion-de-la-esi-en-misiones\\\/#breadcrumb\"},\"inLanguage\":\"es\",\"potentialAction\":[{\"@type\":\"ReadAction\",\"target\":[\"https:\\\/\\\/cvinoticias.com\\\/v3\\\/consideran-necesario-reforzar-la-sociabilizacion-de-la-esi-en-misiones\\\/\"]}]},{\"@type\":\"ImageObject\",\"inLanguage\":\"es\",\"@id\":\"https:\\\/\\\/cvinoticias.com\\\/v3\\\/consideran-necesario-reforzar-la-sociabilizacion-de-la-esi-en-misiones\\\/#primaryimage\",\"url\":\"https:\\\/\\\/cvinoticias.com\\\/wp-content\\\/uploads\\\/2021\\\/10\\\/programa_17.jpg\",\"contentUrl\":\"https:\\\/\\\/cvinoticias.com\\\/wp-content\\\/uploads\\\/2021\\\/10\\\/programa_17.jpg\",\"width\":370,\"height\":260},{\"@type\":\"BreadcrumbList\",\"@id\":\"https:\\\/\\\/cvinoticias.com\\\/v3\\\/consideran-necesario-reforzar-la-sociabilizacion-de-la-esi-en-misiones\\\/#breadcrumb\",\"itemListElement\":[{\"@type\":\"ListItem\",\"position\":1,\"name\":\"Portada\",\"item\":\"https:\\\/\\\/cvinoticias.com\\\/v3\\\/\"},{\"@type\":\"ListItem\",\"position\":2,\"name\":\"Consideran necesario reforzar la sociabilizaci\u00f3n de la ESI en Misiones\"}]},{\"@type\":\"WebSite\",\"@id\":\"https:\\\/\\\/cvinoticias.com\\\/v3\\\/#website\",\"url\":\"https:\\\/\\\/cvinoticias.com\\\/v3\\\/\",\"name\":\"CVI NOTICIAS\",\"description\":\"\",\"publisher\":{\"@id\":\"https:\\\/\\\/cvinoticias.com\\\/v3\\\/#organization\"},\"alternateName\":\"CVI\",\"potentialAction\":[{\"@type\":\"SearchAction\",\"target\":{\"@type\":\"EntryPoint\",\"urlTemplate\":\"https:\\\/\\\/cvinoticias.com\\\/v3\\\/?s={search_term_string}\"},\"query-input\":{\"@type\":\"PropertyValueSpecification\",\"valueRequired\":true,\"valueName\":\"search_term_string\"}}],\"inLanguage\":\"es\"},{\"@type\":\"Organization\",\"@id\":\"https:\\\/\\\/cvinoticias.com\\\/v3\\\/#organization\",\"name\":\"CVI NOTICIAS\",\"url\":\"https:\\\/\\\/cvinoticias.com\\\/v3\\\/\",\"logo\":{\"@type\":\"ImageObject\",\"inLanguage\":\"es\",\"@id\":\"https:\\\/\\\/cvinoticias.com\\\/v3\\\/#\\\/schema\\\/logo\\\/image\\\/\",\"url\":\"https:\\\/\\\/cvinoticias.com\\\/wp-content\\\/uploads\\\/2023\\\/04\\\/cropped-cropped-cropped-cropped-cropped-3-1.png\",\"contentUrl\":\"https:\\\/\\\/cvinoticias.com\\\/wp-content\\\/uploads\\\/2023\\\/04\\\/cropped-cropped-cropped-cropped-cropped-3-1.png\",\"width\":95,\"height\":122,\"caption\":\"CVI NOTICIAS\"},\"image\":{\"@id\":\"https:\\\/\\\/cvinoticias.com\\\/v3\\\/#\\\/schema\\\/logo\\\/image\\\/\"},\"sameAs\":[\"https:\\\/\\\/www.facebook.com\\\/cvinoticias\",\"https:\\\/\\\/www.instagram.com\\\/cvinoticias\\\/\",\"https:\\\/\\\/www.youtube.com\\\/@CVINOTICIAS\"]},{\"@type\":\"Person\",\"@id\":\"https:\\\/\\\/cvinoticias.com\\\/v3\\\/#\\\/schema\\\/person\\\/2db77e3c6bc03c538495d7b2b8be9b66\",\"name\":\"f1000024\",\"image\":{\"@type\":\"ImageObject\",\"inLanguage\":\"es\",\"@id\":\"https:\\\/\\\/secure.gravatar.com\\\/avatar\\\/d4fe7459cfc51ff5129ce1a732bbef5928568b8092d412ef95611616376bbeed?s=96&d=mm&r=g\",\"url\":\"https:\\\/\\\/secure.gravatar.com\\\/avatar\\\/d4fe7459cfc51ff5129ce1a732bbef5928568b8092d412ef95611616376bbeed?s=96&d=mm&r=g\",\"contentUrl\":\"https:\\\/\\\/secure.gravatar.com\\\/avatar\\\/d4fe7459cfc51ff5129ce1a732bbef5928568b8092d412ef95611616376bbeed?s=96&d=mm&r=g\",\"caption\":\"f1000024\"},\"url\":\"https:\\\/\\\/cvinoticias.com\\\/v3\\\/author\\\/f1000024\\\/\"}]}<\/script>\n<!-- \/ Yoast SEO plugin. -->","yoast_head_json":{"title":"Consideran necesario reforzar la sociabilizaci\u00f3n de la ESI en Misiones | CVI NOTICIAS","robots":{"index":"index","follow":"follow","max-snippet":"max-snippet:-1","max-image-preview":"max-image-preview:large","max-video-preview":"max-video-preview:-1"},"canonical":"https:\/\/cvinoticias.com\/v3\/consideran-necesario-reforzar-la-sociabilizacion-de-la-esi-en-misiones\/","og_locale":"es_ES","og_type":"article","og_title":"Consideran necesario reforzar la sociabilizaci\u00f3n de la ESI en Misiones | CVI NOTICIAS","og_description":"Sobre la prevenci\u00f3n del embarazo adolescente con el plan ENIA, el subsecretario de salud, H\u00e9ctor Ant\u00fanez Proeza se\u00f1al\u00f3 que en la provincia \u00abestimamos que desde que inici\u00f3 se ha llegado a una reducci\u00f3n de un 50% de las cifras\u00bb. A 15 a\u00f1os de la Ley 26.150 de Educaci\u00f3n Sexual Integral (ESI), se llev\u00f3 a cabo [&hellip;]","og_url":"https:\/\/cvinoticias.com\/v3\/consideran-necesario-reforzar-la-sociabilizacion-de-la-esi-en-misiones\/","og_site_name":"CVI NOTICIAS","article_publisher":"https:\/\/www.facebook.com\/cvinoticias","article_published_time":"2021-10-20T04:57:13+00:00","og_image":[{"width":370,"height":260,"url":"https:\/\/cvinoticias.com\/wp-content\/uploads\/2021\/10\/programa_17.jpg","type":"image\/jpeg"}],"author":"f1000024","twitter_card":"summary_large_image","twitter_misc":{"Escrito por":"f1000024","Tiempo de lectura":"2 minutos"},"schema":{"@context":"https:\/\/schema.org","@graph":[{"@type":"Article","@id":"https:\/\/cvinoticias.com\/v3\/consideran-necesario-reforzar-la-sociabilizacion-de-la-esi-en-misiones\/#article","isPartOf":{"@id":"https:\/\/cvinoticias.com\/v3\/consideran-necesario-reforzar-la-sociabilizacion-de-la-esi-en-misiones\/"},"author":{"name":"f1000024","@id":"https:\/\/cvinoticias.com\/v3\/#\/schema\/person\/2db77e3c6bc03c538495d7b2b8be9b66"},"headline":"Consideran necesario reforzar la sociabilizaci\u00f3n de la ESI en Misiones","datePublished":"2021-10-20T04:57:13+00:00","mainEntityOfPage":{"@id":"https:\/\/cvinoticias.com\/v3\/consideran-necesario-reforzar-la-sociabilizacion-de-la-esi-en-misiones\/"},"wordCount":436,"commentCount":0,"publisher":{"@id":"https:\/\/cvinoticias.com\/v3\/#organization"},"image":{"@id":"https:\/\/cvinoticias.com\/v3\/consideran-necesario-reforzar-la-sociabilizacion-de-la-esi-en-misiones\/#primaryimage"},"thumbnailUrl":"https:\/\/cvinoticias.com\/wp-content\/uploads\/2021\/10\/programa_17.jpg","articleSection":["Educacion"],"inLanguage":"es","potentialAction":[{"@type":"CommentAction","name":"Comment","target":["https:\/\/cvinoticias.com\/v3\/consideran-necesario-reforzar-la-sociabilizacion-de-la-esi-en-misiones\/#respond"]}]},{"@type":"WebPage","@id":"https:\/\/cvinoticias.com\/v3\/consideran-necesario-reforzar-la-sociabilizacion-de-la-esi-en-misiones\/","url":"https:\/\/cvinoticias.com\/v3\/consideran-necesario-reforzar-la-sociabilizacion-de-la-esi-en-misiones\/","name":"Consideran necesario reforzar la sociabilizaci\u00f3n de la ESI en Misiones | CVI NOTICIAS","isPartOf":{"@id":"https:\/\/cvinoticias.com\/v3\/#website"},"primaryImageOfPage":{"@id":"https:\/\/cvinoticias.com\/v3\/consideran-necesario-reforzar-la-sociabilizacion-de-la-esi-en-misiones\/#primaryimage"},"image":{"@id":"https:\/\/cvinoticias.com\/v3\/consideran-necesario-reforzar-la-sociabilizacion-de-la-esi-en-misiones\/#primaryimage"},"thumbnailUrl":"https:\/\/cvinoticias.com\/wp-content\/uploads\/2021\/10\/programa_17.jpg","datePublished":"2021-10-20T04:57:13+00:00","breadcrumb":{"@id":"https:\/\/cvinoticias.com\/v3\/consideran-necesario-reforzar-la-sociabilizacion-de-la-esi-en-misiones\/#breadcrumb"},"inLanguage":"es","potentialAction":[{"@type":"ReadAction","target":["https:\/\/cvinoticias.com\/v3\/consideran-necesario-reforzar-la-sociabilizacion-de-la-esi-en-misiones\/"]}]},{"@type":"ImageObject","inLanguage":"es","@id":"https:\/\/cvinoticias.com\/v3\/consideran-necesario-reforzar-la-sociabilizacion-de-la-esi-en-misiones\/#primaryimage","url":"https:\/\/cvinoticias.com\/wp-content\/uploads\/2021\/10\/programa_17.jpg","contentUrl":"https:\/\/cvinoticias.com\/wp-content\/uploads\/2021\/10\/programa_17.jpg","width":370,"height":260},{"@type":"BreadcrumbList","@id":"https:\/\/cvinoticias.com\/v3\/consideran-necesario-reforzar-la-sociabilizacion-de-la-esi-en-misiones\/#breadcrumb","itemListElement":[{"@type":"ListItem","position":1,"name":"Portada","item":"https:\/\/cvinoticias.com\/v3\/"},{"@type":"ListItem","position":2,"name":"Consideran necesario reforzar la sociabilizaci\u00f3n de la ESI en Misiones"}]},{"@type":"WebSite","@id":"https:\/\/cvinoticias.com\/v3\/#website","url":"https:\/\/cvinoticias.com\/v3\/","name":"CVI NOTICIAS","description":"","publisher":{"@id":"https:\/\/cvinoticias.com\/v3\/#organization"},"alternateName":"CVI","potentialAction":[{"@type":"SearchAction","target":{"@type":"EntryPoint","urlTemplate":"https:\/\/cvinoticias.com\/v3\/?s={search_term_string}"},"query-input":{"@type":"PropertyValueSpecification","valueRequired":true,"valueName":"search_term_string"}}],"inLanguage":"es"},{"@type":"Organization","@id":"https:\/\/cvinoticias.com\/v3\/#organization","name":"CVI NOTICIAS","url":"https:\/\/cvinoticias.com\/v3\/","logo":{"@type":"ImageObject","inLanguage":"es","@id":"https:\/\/cvinoticias.com\/v3\/#\/schema\/logo\/image\/","url":"https:\/\/cvinoticias.com\/wp-content\/uploads\/2023\/04\/cropped-cropped-cropped-cropped-cropped-3-1.png","contentUrl":"https:\/\/cvinoticias.com\/wp-content\/uploads\/2023\/04\/cropped-cropped-cropped-cropped-cropped-3-1.png","width":95,"height":122,"caption":"CVI NOTICIAS"},"image":{"@id":"https:\/\/cvinoticias.com\/v3\/#\/schema\/logo\/image\/"},"sameAs":["https:\/\/www.facebook.com\/cvinoticias","https:\/\/www.instagram.com\/cvinoticias\/","https:\/\/www.youtube.com\/@CVINOTICIAS"]},{"@type":"Person","@id":"https:\/\/cvinoticias.com\/v3\/#\/schema\/person\/2db77e3c6bc03c538495d7b2b8be9b66","name":"f1000024","image":{"@type":"ImageObject","inLanguage":"es","@id":"https:\/\/secure.gravatar.com\/avatar\/d4fe7459cfc51ff5129ce1a732bbef5928568b8092d412ef95611616376bbeed?s=96&d=mm&r=g","url":"https:\/\/secure.gravatar.com\/avatar\/d4fe7459cfc51ff5129ce1a732bbef5928568b8092d412ef95611616376bbeed?s=96&d=mm&r=g","contentUrl":"https:\/\/secure.gravatar.com\/avatar\/d4fe7459cfc51ff5129ce1a732bbef5928568b8092d412ef95611616376bbeed?s=96&d=mm&r=g","caption":"f1000024"},"url":"https:\/\/cvinoticias.com\/v3\/author\/f1000024\/"}]}},"_links":{"self":[{"href":"https:\/\/cvinoticias.com\/v3\/wp-json\/wp\/v2\/posts\/9685","targetHints":{"allow":["GET"]}}],"collection":[{"href":"https:\/\/cvinoticias.com\/v3\/wp-json\/wp\/v2\/posts"}],"about":[{"href":"https:\/\/cvinoticias.com\/v3\/wp-json\/wp\/v2\/types\/post"}],"author":[{"embeddable":true,"href":"https:\/\/cvinoticias.com\/v3\/wp-json\/wp\/v2\/users\/2"}],"replies":[{"embeddable":true,"href":"https:\/\/cvinoticias.com\/v3\/wp-json\/wp\/v2\/comments?post=9685"}],"version-history":[{"count":1,"href":"https:\/\/cvinoticias.com\/v3\/wp-json\/wp\/v2\/posts\/9685\/revisions"}],"predecessor-version":[{"id":9687,"href":"https:\/\/cvinoticias.com\/v3\/wp-json\/wp\/v2\/posts\/9685\/revisions\/9687"}],"wp:featuredmedia":[{"embeddable":true,"href":"https:\/\/cvinoticias.com\/v3\/wp-json\/wp\/v2\/media\/9686"}],"wp:attachment":[{"href":"https:\/\/cvinoticias.com\/v3\/wp-json\/wp\/v2\/media?parent=9685"}],"wp:term":[{"taxonomy":"category","embeddable":true,"href":"https:\/\/cvinoticias.com\/v3\/wp-json\/wp\/v2\/categories?post=9685"},{"taxonomy":"post_tag","embeddable":true,"href":"https:\/\/cvinoticias.com\/v3\/wp-json\/wp\/v2\/tags?post=9685"}],"curies":[{"name":"wp","href":"https:\/\/api.w.org\/{rel}","templated":true}]}}