{"id":9580,"date":"2021-10-16T12:26:03","date_gmt":"2021-10-16T12:26:03","guid":{"rendered":"https:\/\/cvinoticias.com\/v3\/?p=9580"},"modified":"2021-10-16T12:26:03","modified_gmt":"2021-10-16T12:26:03","slug":"por-el-dia-de-la-madre-no-atenderan-los-vacunatorios-de-covid-19","status":"publish","type":"post","link":"https:\/\/cvinoticias.com\/v3\/por-el-dia-de-la-madre-no-atenderan-los-vacunatorios-de-covid-19\/","title":{"rendered":"Por el D\u00eda de la Madre, no atender\u00e1n los vacunatorios de Covid-19"},"content":{"rendered":"\n<p class=\"wp-block-paragraph\"><em><strong>As\u00ed lo inform\u00f3 este viernes el Ministerio de Salud P\u00fablica de Misiones. La actividad se retomar\u00e1 el pr\u00f3ximo lunes en los distintos vacunatorios de la Provincia.<\/strong><\/em><\/p>\n\n\n\n<p class=\"wp-block-paragraph\">El Ministerio de Salud P\u00fablica de Misiones comunic\u00f3 que no habr\u00e1 atenci\u00f3n al p\u00fablico en los vacunatorios Covid -19 de la Provincia, el pr\u00f3ximo&nbsp;domingo 17 de octubre por conmemorarse el D\u00eda de la Madre.&nbsp;<\/p>\n","protected":false},"excerpt":{"rendered":"<p>As\u00ed lo inform\u00f3 este viernes el Ministerio de Salud P\u00fablica de Misiones. La actividad se retomar\u00e1 el pr\u00f3ximo lunes en los distintos vacunatorios de la Provincia. El Ministerio de Salud P\u00fablica de Misiones comunic\u00f3 que no habr\u00e1 atenci\u00f3n al p\u00fablico en los vacunatorios Covid -19 de la Provincia, el pr\u00f3ximo&nbsp;domingo 17 de octubre por conmemorarse [&hellip;]<\/p>\n","protected":false},"author":2,"featured_media":9581,"comment_status":"open","ping_status":"open","sticky":false,"template":"","format":"standard","meta":{"footnotes":""},"categories":[35],"tags":[],"class_list":["post-9580","post","type-post","status-publish","format-standard","has-post-thumbnail","hentry","category-informacion-general"],"yoast_head":"<!-- This site is optimized with the Yoast SEO plugin v28.4 - https:\/\/yoast.com\/product\/yoast-seo-wordpress\/ -->\n<title>Por el D\u00eda de la Madre, no atender\u00e1n los vacunatorios de Covid-19 | CVI NOTICIAS<\/title>\n<meta name=\"robots\" content=\"index, follow, max-snippet:-1, max-image-preview:large, max-video-preview:-1\" \/>\n<link rel=\"canonical\" href=\"https:\/\/cvinoticias.com\/v3\/por-el-dia-de-la-madre-no-atenderan-los-vacunatorios-de-covid-19\/\" \/>\n<meta property=\"og:locale\" content=\"es_ES\" \/>\n<meta property=\"og:type\" content=\"article\" \/>\n<meta property=\"og:title\" content=\"Por el D\u00eda de la Madre, no atender\u00e1n los vacunatorios de Covid-19 | CVI NOTICIAS\" \/>\n<meta property=\"og:description\" content=\"As\u00ed lo inform\u00f3 este viernes el Ministerio de Salud P\u00fablica de Misiones. La actividad se retomar\u00e1 el pr\u00f3ximo lunes en los distintos vacunatorios de la Provincia. El Ministerio de Salud P\u00fablica de Misiones comunic\u00f3 que no habr\u00e1 atenci\u00f3n al p\u00fablico en los vacunatorios Covid -19 de la Provincia, el pr\u00f3ximo&nbsp;domingo 17 de octubre por conmemorarse [&hellip;]\" \/>\n<meta property=\"og:url\" content=\"https:\/\/cvinoticias.com\/v3\/por-el-dia-de-la-madre-no-atenderan-los-vacunatorios-de-covid-19\/\" \/>\n<meta property=\"og:site_name\" content=\"CVI NOTICIAS\" \/>\n<meta property=\"article:publisher\" content=\"https:\/\/www.facebook.com\/cvinoticias\" \/>\n<meta property=\"article:published_time\" content=\"2021-10-16T12:26:03+00:00\" \/>\n<meta property=\"og:image\" content=\"https:\/\/cvinoticias.com\/wp-content\/uploads\/2021\/10\/IMG-20210928-WA0039.jpg\" \/>\n\t<meta property=\"og:image:width\" content=\"1043\" \/>\n\t<meta property=\"og:image:height\" content=\"1600\" \/>\n\t<meta property=\"og:image:type\" content=\"image\/jpeg\" \/>\n<meta name=\"author\" content=\"f1000024\" \/>\n<meta name=\"twitter:card\" content=\"summary_large_image\" \/>\n<meta name=\"twitter:label1\" content=\"Escrito por\" \/>\n\t<meta name=\"twitter:data1\" content=\"f1000024\" \/>\n<script type=\"application\/ld+json\" class=\"yoast-schema-graph\">{\"@context\":\"https:\\\/\\\/schema.org\",\"@graph\":[{\"@type\":\"Article\",\"@id\":\"https:\\\/\\\/cvinoticias.com\\\/v3\\\/por-el-dia-de-la-madre-no-atenderan-los-vacunatorios-de-covid-19\\\/#article\",\"isPartOf\":{\"@id\":\"https:\\\/\\\/cvinoticias.com\\\/v3\\\/por-el-dia-de-la-madre-no-atenderan-los-vacunatorios-de-covid-19\\\/\"},\"author\":{\"name\":\"f1000024\",\"@id\":\"https:\\\/\\\/cvinoticias.com\\\/v3\\\/#\\\/schema\\\/person\\\/2db77e3c6bc03c538495d7b2b8be9b66\"},\"headline\":\"Por el D\u00eda de la Madre, no atender\u00e1n los vacunatorios de Covid-19\",\"datePublished\":\"2021-10-16T12:26:03+00:00\",\"mainEntityOfPage\":{\"@id\":\"https:\\\/\\\/cvinoticias.com\\\/v3\\\/por-el-dia-de-la-madre-no-atenderan-los-vacunatorios-de-covid-19\\\/\"},\"wordCount\":83,\"commentCount\":0,\"publisher\":{\"@id\":\"https:\\\/\\\/cvinoticias.com\\\/v3\\\/#organization\"},\"image\":{\"@id\":\"https:\\\/\\\/cvinoticias.com\\\/v3\\\/por-el-dia-de-la-madre-no-atenderan-los-vacunatorios-de-covid-19\\\/#primaryimage\"},\"thumbnailUrl\":\"https:\\\/\\\/cvinoticias.com\\\/wp-content\\\/uploads\\\/2021\\\/10\\\/IMG-20210928-WA0039.jpg\",\"articleSection\":[\"Informaci\u00f3n General\"],\"inLanguage\":\"es\",\"potentialAction\":[{\"@type\":\"CommentAction\",\"name\":\"Comment\",\"target\":[\"https:\\\/\\\/cvinoticias.com\\\/v3\\\/por-el-dia-de-la-madre-no-atenderan-los-vacunatorios-de-covid-19\\\/#respond\"]}]},{\"@type\":\"WebPage\",\"@id\":\"https:\\\/\\\/cvinoticias.com\\\/v3\\\/por-el-dia-de-la-madre-no-atenderan-los-vacunatorios-de-covid-19\\\/\",\"url\":\"https:\\\/\\\/cvinoticias.com\\\/v3\\\/por-el-dia-de-la-madre-no-atenderan-los-vacunatorios-de-covid-19\\\/\",\"name\":\"Por el D\u00eda de la Madre, no atender\u00e1n los vacunatorios de Covid-19 | CVI NOTICIAS\",\"isPartOf\":{\"@id\":\"https:\\\/\\\/cvinoticias.com\\\/v3\\\/#website\"},\"primaryImageOfPage\":{\"@id\":\"https:\\\/\\\/cvinoticias.com\\\/v3\\\/por-el-dia-de-la-madre-no-atenderan-los-vacunatorios-de-covid-19\\\/#primaryimage\"},\"image\":{\"@id\":\"https:\\\/\\\/cvinoticias.com\\\/v3\\\/por-el-dia-de-la-madre-no-atenderan-los-vacunatorios-de-covid-19\\\/#primaryimage\"},\"thumbnailUrl\":\"https:\\\/\\\/cvinoticias.com\\\/wp-content\\\/uploads\\\/2021\\\/10\\\/IMG-20210928-WA0039.jpg\",\"datePublished\":\"2021-10-16T12:26:03+00:00\",\"breadcrumb\":{\"@id\":\"https:\\\/\\\/cvinoticias.com\\\/v3\\\/por-el-dia-de-la-madre-no-atenderan-los-vacunatorios-de-covid-19\\\/#breadcrumb\"},\"inLanguage\":\"es\",\"potentialAction\":[{\"@type\":\"ReadAction\",\"target\":[\"https:\\\/\\\/cvinoticias.com\\\/v3\\\/por-el-dia-de-la-madre-no-atenderan-los-vacunatorios-de-covid-19\\\/\"]}]},{\"@type\":\"ImageObject\",\"inLanguage\":\"es\",\"@id\":\"https:\\\/\\\/cvinoticias.com\\\/v3\\\/por-el-dia-de-la-madre-no-atenderan-los-vacunatorios-de-covid-19\\\/#primaryimage\",\"url\":\"https:\\\/\\\/cvinoticias.com\\\/wp-content\\\/uploads\\\/2021\\\/10\\\/IMG-20210928-WA0039.jpg\",\"contentUrl\":\"https:\\\/\\\/cvinoticias.com\\\/wp-content\\\/uploads\\\/2021\\\/10\\\/IMG-20210928-WA0039.jpg\",\"width\":1043,\"height\":1600},{\"@type\":\"BreadcrumbList\",\"@id\":\"https:\\\/\\\/cvinoticias.com\\\/v3\\\/por-el-dia-de-la-madre-no-atenderan-los-vacunatorios-de-covid-19\\\/#breadcrumb\",\"itemListElement\":[{\"@type\":\"ListItem\",\"position\":1,\"name\":\"Portada\",\"item\":\"https:\\\/\\\/cvinoticias.com\\\/v3\\\/\"},{\"@type\":\"ListItem\",\"position\":2,\"name\":\"Por el D\u00eda de la Madre, no atender\u00e1n los vacunatorios de Covid-19\"}]},{\"@type\":\"WebSite\",\"@id\":\"https:\\\/\\\/cvinoticias.com\\\/v3\\\/#website\",\"url\":\"https:\\\/\\\/cvinoticias.com\\\/v3\\\/\",\"name\":\"CVI NOTICIAS\",\"description\":\"\",\"publisher\":{\"@id\":\"https:\\\/\\\/cvinoticias.com\\\/v3\\\/#organization\"},\"alternateName\":\"CVI\",\"potentialAction\":[{\"@type\":\"SearchAction\",\"target\":{\"@type\":\"EntryPoint\",\"urlTemplate\":\"https:\\\/\\\/cvinoticias.com\\\/v3\\\/?s={search_term_string}\"},\"query-input\":{\"@type\":\"PropertyValueSpecification\",\"valueRequired\":true,\"valueName\":\"search_term_string\"}}],\"inLanguage\":\"es\"},{\"@type\":\"Organization\",\"@id\":\"https:\\\/\\\/cvinoticias.com\\\/v3\\\/#organization\",\"name\":\"CVI NOTICIAS\",\"url\":\"https:\\\/\\\/cvinoticias.com\\\/v3\\\/\",\"logo\":{\"@type\":\"ImageObject\",\"inLanguage\":\"es\",\"@id\":\"https:\\\/\\\/cvinoticias.com\\\/v3\\\/#\\\/schema\\\/logo\\\/image\\\/\",\"url\":\"https:\\\/\\\/cvinoticias.com\\\/wp-content\\\/uploads\\\/2023\\\/04\\\/cropped-cropped-cropped-cropped-cropped-3-1.png\",\"contentUrl\":\"https:\\\/\\\/cvinoticias.com\\\/wp-content\\\/uploads\\\/2023\\\/04\\\/cropped-cropped-cropped-cropped-cropped-3-1.png\",\"width\":95,\"height\":122,\"caption\":\"CVI NOTICIAS\"},\"image\":{\"@id\":\"https:\\\/\\\/cvinoticias.com\\\/v3\\\/#\\\/schema\\\/logo\\\/image\\\/\"},\"sameAs\":[\"https:\\\/\\\/www.facebook.com\\\/cvinoticias\",\"https:\\\/\\\/www.instagram.com\\\/cvinoticias\\\/\",\"https:\\\/\\\/www.youtube.com\\\/@CVINOTICIAS\"]},{\"@type\":\"Person\",\"@id\":\"https:\\\/\\\/cvinoticias.com\\\/v3\\\/#\\\/schema\\\/person\\\/2db77e3c6bc03c538495d7b2b8be9b66\",\"name\":\"f1000024\",\"image\":{\"@type\":\"ImageObject\",\"inLanguage\":\"es\",\"@id\":\"https:\\\/\\\/secure.gravatar.com\\\/avatar\\\/d4fe7459cfc51ff5129ce1a732bbef5928568b8092d412ef95611616376bbeed?s=96&d=mm&r=g\",\"url\":\"https:\\\/\\\/secure.gravatar.com\\\/avatar\\\/d4fe7459cfc51ff5129ce1a732bbef5928568b8092d412ef95611616376bbeed?s=96&d=mm&r=g\",\"contentUrl\":\"https:\\\/\\\/secure.gravatar.com\\\/avatar\\\/d4fe7459cfc51ff5129ce1a732bbef5928568b8092d412ef95611616376bbeed?s=96&d=mm&r=g\",\"caption\":\"f1000024\"},\"url\":\"https:\\\/\\\/cvinoticias.com\\\/v3\\\/author\\\/f1000024\\\/\"}]}<\/script>\n<!-- \/ Yoast SEO plugin. -->","yoast_head_json":{"title":"Por el D\u00eda de la Madre, no atender\u00e1n los vacunatorios de Covid-19 | CVI NOTICIAS","robots":{"index":"index","follow":"follow","max-snippet":"max-snippet:-1","max-image-preview":"max-image-preview:large","max-video-preview":"max-video-preview:-1"},"canonical":"https:\/\/cvinoticias.com\/v3\/por-el-dia-de-la-madre-no-atenderan-los-vacunatorios-de-covid-19\/","og_locale":"es_ES","og_type":"article","og_title":"Por el D\u00eda de la Madre, no atender\u00e1n los vacunatorios de Covid-19 | CVI NOTICIAS","og_description":"As\u00ed lo inform\u00f3 este viernes el Ministerio de Salud P\u00fablica de Misiones. La actividad se retomar\u00e1 el pr\u00f3ximo lunes en los distintos vacunatorios de la Provincia. El Ministerio de Salud P\u00fablica de Misiones comunic\u00f3 que no habr\u00e1 atenci\u00f3n al p\u00fablico en los vacunatorios Covid -19 de la Provincia, el pr\u00f3ximo&nbsp;domingo 17 de octubre por conmemorarse [&hellip;]","og_url":"https:\/\/cvinoticias.com\/v3\/por-el-dia-de-la-madre-no-atenderan-los-vacunatorios-de-covid-19\/","og_site_name":"CVI NOTICIAS","article_publisher":"https:\/\/www.facebook.com\/cvinoticias","article_published_time":"2021-10-16T12:26:03+00:00","og_image":[{"width":1043,"height":1600,"url":"https:\/\/cvinoticias.com\/wp-content\/uploads\/2021\/10\/IMG-20210928-WA0039.jpg","type":"image\/jpeg"}],"author":"f1000024","twitter_card":"summary_large_image","twitter_misc":{"Escrito por":"f1000024"},"schema":{"@context":"https:\/\/schema.org","@graph":[{"@type":"Article","@id":"https:\/\/cvinoticias.com\/v3\/por-el-dia-de-la-madre-no-atenderan-los-vacunatorios-de-covid-19\/#article","isPartOf":{"@id":"https:\/\/cvinoticias.com\/v3\/por-el-dia-de-la-madre-no-atenderan-los-vacunatorios-de-covid-19\/"},"author":{"name":"f1000024","@id":"https:\/\/cvinoticias.com\/v3\/#\/schema\/person\/2db77e3c6bc03c538495d7b2b8be9b66"},"headline":"Por el D\u00eda de la Madre, no atender\u00e1n los vacunatorios de Covid-19","datePublished":"2021-10-16T12:26:03+00:00","mainEntityOfPage":{"@id":"https:\/\/cvinoticias.com\/v3\/por-el-dia-de-la-madre-no-atenderan-los-vacunatorios-de-covid-19\/"},"wordCount":83,"commentCount":0,"publisher":{"@id":"https:\/\/cvinoticias.com\/v3\/#organization"},"image":{"@id":"https:\/\/cvinoticias.com\/v3\/por-el-dia-de-la-madre-no-atenderan-los-vacunatorios-de-covid-19\/#primaryimage"},"thumbnailUrl":"https:\/\/cvinoticias.com\/wp-content\/uploads\/2021\/10\/IMG-20210928-WA0039.jpg","articleSection":["Informaci\u00f3n General"],"inLanguage":"es","potentialAction":[{"@type":"CommentAction","name":"Comment","target":["https:\/\/cvinoticias.com\/v3\/por-el-dia-de-la-madre-no-atenderan-los-vacunatorios-de-covid-19\/#respond"]}]},{"@type":"WebPage","@id":"https:\/\/cvinoticias.com\/v3\/por-el-dia-de-la-madre-no-atenderan-los-vacunatorios-de-covid-19\/","url":"https:\/\/cvinoticias.com\/v3\/por-el-dia-de-la-madre-no-atenderan-los-vacunatorios-de-covid-19\/","name":"Por el D\u00eda de la Madre, no atender\u00e1n los vacunatorios de Covid-19 | CVI NOTICIAS","isPartOf":{"@id":"https:\/\/cvinoticias.com\/v3\/#website"},"primaryImageOfPage":{"@id":"https:\/\/cvinoticias.com\/v3\/por-el-dia-de-la-madre-no-atenderan-los-vacunatorios-de-covid-19\/#primaryimage"},"image":{"@id":"https:\/\/cvinoticias.com\/v3\/por-el-dia-de-la-madre-no-atenderan-los-vacunatorios-de-covid-19\/#primaryimage"},"thumbnailUrl":"https:\/\/cvinoticias.com\/wp-content\/uploads\/2021\/10\/IMG-20210928-WA0039.jpg","datePublished":"2021-10-16T12:26:03+00:00","breadcrumb":{"@id":"https:\/\/cvinoticias.com\/v3\/por-el-dia-de-la-madre-no-atenderan-los-vacunatorios-de-covid-19\/#breadcrumb"},"inLanguage":"es","potentialAction":[{"@type":"ReadAction","target":["https:\/\/cvinoticias.com\/v3\/por-el-dia-de-la-madre-no-atenderan-los-vacunatorios-de-covid-19\/"]}]},{"@type":"ImageObject","inLanguage":"es","@id":"https:\/\/cvinoticias.com\/v3\/por-el-dia-de-la-madre-no-atenderan-los-vacunatorios-de-covid-19\/#primaryimage","url":"https:\/\/cvinoticias.com\/wp-content\/uploads\/2021\/10\/IMG-20210928-WA0039.jpg","contentUrl":"https:\/\/cvinoticias.com\/wp-content\/uploads\/2021\/10\/IMG-20210928-WA0039.jpg","width":1043,"height":1600},{"@type":"BreadcrumbList","@id":"https:\/\/cvinoticias.com\/v3\/por-el-dia-de-la-madre-no-atenderan-los-vacunatorios-de-covid-19\/#breadcrumb","itemListElement":[{"@type":"ListItem","position":1,"name":"Portada","item":"https:\/\/cvinoticias.com\/v3\/"},{"@type":"ListItem","position":2,"name":"Por el D\u00eda de la Madre, no atender\u00e1n los vacunatorios de Covid-19"}]},{"@type":"WebSite","@id":"https:\/\/cvinoticias.com\/v3\/#website","url":"https:\/\/cvinoticias.com\/v3\/","name":"CVI NOTICIAS","description":"","publisher":{"@id":"https:\/\/cvinoticias.com\/v3\/#organization"},"alternateName":"CVI","potentialAction":[{"@type":"SearchAction","target":{"@type":"EntryPoint","urlTemplate":"https:\/\/cvinoticias.com\/v3\/?s={search_term_string}"},"query-input":{"@type":"PropertyValueSpecification","valueRequired":true,"valueName":"search_term_string"}}],"inLanguage":"es"},{"@type":"Organization","@id":"https:\/\/cvinoticias.com\/v3\/#organization","name":"CVI NOTICIAS","url":"https:\/\/cvinoticias.com\/v3\/","logo":{"@type":"ImageObject","inLanguage":"es","@id":"https:\/\/cvinoticias.com\/v3\/#\/schema\/logo\/image\/","url":"https:\/\/cvinoticias.com\/wp-content\/uploads\/2023\/04\/cropped-cropped-cropped-cropped-cropped-3-1.png","contentUrl":"https:\/\/cvinoticias.com\/wp-content\/uploads\/2023\/04\/cropped-cropped-cropped-cropped-cropped-3-1.png","width":95,"height":122,"caption":"CVI NOTICIAS"},"image":{"@id":"https:\/\/cvinoticias.com\/v3\/#\/schema\/logo\/image\/"},"sameAs":["https:\/\/www.facebook.com\/cvinoticias","https:\/\/www.instagram.com\/cvinoticias\/","https:\/\/www.youtube.com\/@CVINOTICIAS"]},{"@type":"Person","@id":"https:\/\/cvinoticias.com\/v3\/#\/schema\/person\/2db77e3c6bc03c538495d7b2b8be9b66","name":"f1000024","image":{"@type":"ImageObject","inLanguage":"es","@id":"https:\/\/secure.gravatar.com\/avatar\/d4fe7459cfc51ff5129ce1a732bbef5928568b8092d412ef95611616376bbeed?s=96&d=mm&r=g","url":"https:\/\/secure.gravatar.com\/avatar\/d4fe7459cfc51ff5129ce1a732bbef5928568b8092d412ef95611616376bbeed?s=96&d=mm&r=g","contentUrl":"https:\/\/secure.gravatar.com\/avatar\/d4fe7459cfc51ff5129ce1a732bbef5928568b8092d412ef95611616376bbeed?s=96&d=mm&r=g","caption":"f1000024"},"url":"https:\/\/cvinoticias.com\/v3\/author\/f1000024\/"}]}},"_links":{"self":[{"href":"https:\/\/cvinoticias.com\/v3\/wp-json\/wp\/v2\/posts\/9580","targetHints":{"allow":["GET"]}}],"collection":[{"href":"https:\/\/cvinoticias.com\/v3\/wp-json\/wp\/v2\/posts"}],"about":[{"href":"https:\/\/cvinoticias.com\/v3\/wp-json\/wp\/v2\/types\/post"}],"author":[{"embeddable":true,"href":"https:\/\/cvinoticias.com\/v3\/wp-json\/wp\/v2\/users\/2"}],"replies":[{"embeddable":true,"href":"https:\/\/cvinoticias.com\/v3\/wp-json\/wp\/v2\/comments?post=9580"}],"version-history":[{"count":1,"href":"https:\/\/cvinoticias.com\/v3\/wp-json\/wp\/v2\/posts\/9580\/revisions"}],"predecessor-version":[{"id":9582,"href":"https:\/\/cvinoticias.com\/v3\/wp-json\/wp\/v2\/posts\/9580\/revisions\/9582"}],"wp:featuredmedia":[{"embeddable":true,"href":"https:\/\/cvinoticias.com\/v3\/wp-json\/wp\/v2\/media\/9581"}],"wp:attachment":[{"href":"https:\/\/cvinoticias.com\/v3\/wp-json\/wp\/v2\/media?parent=9580"}],"wp:term":[{"taxonomy":"category","embeddable":true,"href":"https:\/\/cvinoticias.com\/v3\/wp-json\/wp\/v2\/categories?post=9580"},{"taxonomy":"post_tag","embeddable":true,"href":"https:\/\/cvinoticias.com\/v3\/wp-json\/wp\/v2\/tags?post=9580"}],"curies":[{"name":"wp","href":"https:\/\/api.w.org\/{rel}","templated":true}]}}