{"id":9546,"date":"2021-10-15T01:35:10","date_gmt":"2021-10-15T01:35:10","guid":{"rendered":"https:\/\/cvinoticias.com\/v3\/?p=9546"},"modified":"2021-10-15T01:35:10","modified_gmt":"2021-10-15T01:35:10","slug":"herrera-ahuad-recorrio-las-obras-de-asfaltado-del-autodromo-de-eldorado-y-habilito-el-laboratorio-del-hospital-gardes","status":"publish","type":"post","link":"https:\/\/cvinoticias.com\/v3\/herrera-ahuad-recorrio-las-obras-de-asfaltado-del-autodromo-de-eldorado-y-habilito-el-laboratorio-del-hospital-gardes\/","title":{"rendered":"Herrera Ahuad recorri\u00f3 las obras de asfaltado del aut\u00f3dromo de Eldorado y habilit\u00f3 el Laboratorio del Hospital Gard\u00e9s"},"content":{"rendered":"\n<p><em><strong>El Gobernador visit\u00f3 esta tarde la Capital del Trabajo, all\u00ed supervis\u00f3 el inici\u00f3 de obras de asfaltado del aut\u00f3dromo de Eldorado que se ajustar\u00e1 a las exigencias de la ACTC.<\/strong><\/em><\/p>\n\n\n\n<p>Una obra que impulsar\u00e1 el desarrollo econ\u00f3mico, social, tur\u00edstico y cultural en la regi\u00f3n. Adem\u00e1s, entreg\u00f3 insumos que permitir\u00e1n habilitar el laboratorio del Hospital \u201cDr. Ram\u00f3n Gard\u00e9s\u201d, ubicado en el Km 3. Por \u00faltimo, entreg\u00f3 luminarias LED para las instalaciones del Club Sportivo y Juvenil Hogar y Selva.<br><br>El gobernador Herrera Ahuad cultiva una gesti\u00f3n cercana a la gente y con una visi\u00f3n federal, por lo que constantemente recorre la provincia. Esta tarde visit\u00f3 la localidad de Eldorado acompa\u00f1ado por el intendente local, Fabio Mart\u00ednez, supervisando personalmente obras y acciones que impactar\u00e1n directamente en la vida de los eldoradenses y de la zona norte de la provincia.<br><br>La primera parada fue en el Automoto Club Enrique Seeber, donde la provincia est\u00e1 llevando a cabo importantes obras de pavimentaci\u00f3n. El mandatario se reuni\u00f3 all\u00ed con el presidente de la Direcci\u00f3n de Vialidad Provincial, Sebasti\u00e1n Mac\u00edas, para continuar diagramando junto a los ingenieros el dise\u00f1o del trazado que ser\u00e1 asfaltado. M\u00e1s tarde, se desplaz\u00f3 al Hospital del Km 3 de la comuna donde entreg\u00f3 insumos y materiales de \u00faltima tecnolog\u00eda para la puesta en marcha del servicio de laboratorio. Durante esa visita tambi\u00e9n recorri\u00f3 las instalaciones para interiorizarse sobre sus necesidades estructurales, materiales y la labor con los pacientes en el d\u00eda a d\u00eda.<\/p>\n\n\n\n<figure class=\"wp-block-image size-large\"><a href=\"https:\/\/cvinoticias.com\/wp-content\/uploads\/2021\/10\/IMG-20211014-WA0196.jpg\"><img decoding=\"async\" width=\"1024\" height=\"682\" data-src=\"https:\/\/cvinoticias.com\/wp-content\/uploads\/2021\/10\/IMG-20211014-WA0196-1024x682.jpg\" alt=\"\" class=\"wp-image-9547 lazyload\" data-srcset=\"https:\/\/cvinoticias.com\/wp-content\/uploads\/2021\/10\/IMG-20211014-WA0196-1024x682.jpg 1024w, https:\/\/cvinoticias.com\/wp-content\/uploads\/2021\/10\/IMG-20211014-WA0196-300x200.jpg 300w, https:\/\/cvinoticias.com\/wp-content\/uploads\/2021\/10\/IMG-20211014-WA0196-768x512.jpg 768w, https:\/\/cvinoticias.com\/wp-content\/uploads\/2021\/10\/IMG-20211014-WA0196.jpg 1280w\" data-sizes=\"(max-width: 1024px) 100vw, 1024px\" src=\"data:image\/svg+xml;base64,PHN2ZyB3aWR0aD0iMSIgaGVpZ2h0PSIxIiB4bWxucz0iaHR0cDovL3d3dy53My5vcmcvMjAwMC9zdmciPjwvc3ZnPg==\" style=\"--smush-placeholder-width: 1024px; --smush-placeholder-aspect-ratio: 1024\/682;\" \/><\/a><\/figure>\n\n\n\n<p><br><br>Al finalizar la intensa jornada, Herrera Ahuad visit\u00f3 el Club Sportivo y Juvenil Hogar y Selva, una instituci\u00f3n deportiva con m\u00e1s de 80 a\u00f1os dedicada al f\u00fatbol, donde entreg\u00f3 luminarias LED para las canchas y as\u00ed extender su horario de uso para disfrute de todos los asistentes.<br><br>Acompa\u00f1aron la jornada de trabajo, en la visita al nosocomio, el ministro de Salud P\u00fablica, Oscar Alarc\u00f3n; el presidente del IFAI, Marcelo Rodr\u00edguez; el director del establecimiento, Dr. Cesar Mendoza entre otros funcionarios locales. Mientras que en el Club estuvo el presidente de la instituci\u00f3n, Amado Villalba.<br><br>POR EL DESARROLLO DE UN POLO DE ATRACCI\u00d3N EN EL ELDORADO<\/p>\n\n\n\n<p><br>En su paso por la Capital del Trabajo, Herrera Ahuad declar\u00f3 que las obras y acciones que la provincia impulsa en la ciudad tienen que ver una reparaci\u00f3n hist\u00f3rica y su compromiso como Gobernador con \u201ctodos aquellos lugares en donde nacieron nuestros pueblos y que con el tiempo experimentaron el corrimiento de su eje c\u00e9ntrico hacia otro lugar\u201d.<br><br>En relaci\u00f3n a la puesta en valor en la zona oeste de Eldorado, como las obras en el aut\u00f3dromo, resultan de suma importancia, porque \u201cel circuito va a tener cerca de 4000 metros de extensi\u00f3n, con las caracter\u00edsticas necesarias para que podamos albergar categor\u00edas nacionales\u201d.&nbsp; Y para que cumpla estos requisitos necesita de centros m\u00e9dicos cercanos, como el Hospital \u201cDr. Ram\u00f3n Gard\u00e9s\u201d y el Hospital SAMIC.<\/p>\n\n\n\n<p>Explic\u00f3 que el proyecto central es convertir a la localidad en un polo de desarrollo de actividades tur\u00edsticas, culturales, deportivas, sociales y civiles de la ciudad, integrando desde recitales hasta centro de tramitaci\u00f3n de carnets de conducir.<br>En la misma l\u00ednea se encuentra el Hospital del Km 3, que, junto a otros proyectos, \u201ces una apuesta muy importante para los pr\u00f3ximos a\u00f1os, para lograr el desarrollo urban\u00edstico de esta zona de Eldorado\u201d.<\/p>\n\n\n\n<p>Sus instalaciones \u201cdeben desarrollarse para estar a la altura de las circunstancias respecto de lo que venimos planificando, hablamos de un polo de atracci\u00f3n no s\u00f3lo porque resolver\u00e1 la problem\u00e1tica de salud, sino tambi\u00e9n tur\u00edstico, deportivo y social\u201d. Puntualiz\u00f3 que en el hospital se avanzar\u00e1 con un plan de inversiones orientadas a convertirlo en el primer Centro de Atenci\u00f3n para el trauma, en particular de los causados en eventos deportivos.<br><br>En cuanto a la entrega de luminarias LED para el Club Hogar y Selva explic\u00f3 que tiene que ver con una pol\u00edtica impulsada ya antes de la pandemia para lograr, en espacios deportivos, un horario extendido y permitir as\u00ed el uso del lugar en horas de la noche, sobre todo en verano y para paliar los efectos de las altas temperaturas t\u00edpicas de nuestra provincia.<\/p>\n\n\n\n<p><br><\/p>\n\n\n\n<figure class=\"wp-block-image size-large\"><a href=\"https:\/\/cvinoticias.com\/wp-content\/uploads\/2021\/10\/IMG-20211014-WA0203.jpg\"><img decoding=\"async\" width=\"1024\" height=\"682\" data-src=\"https:\/\/cvinoticias.com\/wp-content\/uploads\/2021\/10\/IMG-20211014-WA0203-1024x682.jpg\" alt=\"\" class=\"wp-image-9548 lazyload\" data-srcset=\"https:\/\/cvinoticias.com\/wp-content\/uploads\/2021\/10\/IMG-20211014-WA0203-1024x682.jpg 1024w, https:\/\/cvinoticias.com\/wp-content\/uploads\/2021\/10\/IMG-20211014-WA0203-300x200.jpg 300w, https:\/\/cvinoticias.com\/wp-content\/uploads\/2021\/10\/IMG-20211014-WA0203-768x512.jpg 768w, https:\/\/cvinoticias.com\/wp-content\/uploads\/2021\/10\/IMG-20211014-WA0203.jpg 1280w\" data-sizes=\"(max-width: 1024px) 100vw, 1024px\" src=\"data:image\/svg+xml;base64,PHN2ZyB3aWR0aD0iMSIgaGVpZ2h0PSIxIiB4bWxucz0iaHR0cDovL3d3dy53My5vcmcvMjAwMC9zdmciPjwvc3ZnPg==\" style=\"--smush-placeholder-width: 1024px; --smush-placeholder-aspect-ratio: 1024\/682;\" \/><\/a><\/figure>\n\n\n\n<p><br>A mismo tiempo resalt\u00f3 el rol del Mercado Concentrador inaugurado en horas de la ma\u00f1ana, otra obra y otro espacio pensado para el desarrollo de un mayor estatus productivo del norte misionero y avanzar hacia la soberan\u00eda alimentaria. Se da, dijo, en un contexto actual con 630 mil consumidores misioneros de productos de las chacras. Destac\u00f3 que todas las iniciativas que llevaron a cabo en la comuna se hicieron aun en pandemia \u201cgenerando acciones que permiten el desarrollo de la econom\u00eda de la provincia\u201d.<\/p>\n\n\n\n<p>Destac\u00f3 el Gobernador que todo lo realizado en la ciudad no es una cuesti\u00f3n electoral porque \u201cmi cari\u00f1o y afecto con Eldorado es de siempre, y cada d\u00eda que vengo me llevo nuevos desaf\u00edos. No solamente se trata de hacer cosas y obras grandes, sino tambi\u00e9n se trata de aquello que hace bien a la comunidad y no tengo dudas de que esto le hace bien a esta zona de Eldorado\u201d.<br><br>EL AUT\u00d3DROMO DE ELDORADO<br><br>Hoy el Gobernador supervis\u00f3 las tareas que lleva a cabo la Direcci\u00f3n Provincial de Vialidad en el marco del proyecto de pavimentaci\u00f3n del Automoto Club Enrique Seeber, un obra para la que ya se comenz\u00f3 a trabajar en el anteproyecto y se realizaron los estudios de prefactibilidad. Se planific\u00f3 una pista que pueda ser utilizada por las distintas categor\u00edas automovil\u00edsticas provinciales, zonales y nacionales, con las medidas de seguridad para los pilotos y el p\u00fablico asistente.<\/p>\n\n\n\n<p>Tambi\u00e9n, se proyecta una zona de boxes retirada de la pista para garantizar la continuidad de las carreras y hacer un aprovechamiento del espacio. Todo ser\u00e1 financiado por el Gobierno provincial y ejecutado por la Direcci\u00f3n Provincial de Vialidad. Se dotar\u00e1 de infraestructura al predio que podr\u00e1 garantizar nuevos e importantes espect\u00e1culos deportivos impulsando el desarrollo econ\u00f3mico y tur\u00edstico.<br><br>LA HABILITACI\u00d3N DE UN \u00c1REA ESENCIAL<br><br>Adem\u00e1s, esta tarde Herrera Ahuad dej\u00f3 habilitado el laboratorio del Hospital \u201cDr. Ram\u00f3n Gard\u00e9s\u201d. De esta manera, se entreg\u00f3 una veintena de equipos tecnol\u00f3gicos de \u00faltima generaci\u00f3n que permitir\u00e1n la habilitaci\u00f3n del servicio que ya cuenta con el recurso humano especializado. Entre los equipos que hoy quedaron en Eldorado se encuentran centrifugadoras, analizadores de sangre, destiladores de agua a insumos inform\u00e1ticos.\u00a0<br><br>El nuevo laboratorio beneficiar\u00e1 la atenci\u00f3n del hospital Nivel 1 que cubre parte de las demandas sanitarias del norte misionero. Adem\u00e1s se est\u00e1n terminando de construir las \u00e1reas de maternidad, el quir\u00f3fano, el \u00e1rea de internaci\u00f3n, 10 habitaciones nuevas y una oficina de \u201cIncluir Salud\u201d .<br><\/p>\n\n\n\n<figure class=\"wp-block-image size-large\"><a href=\"https:\/\/cvinoticias.com\/wp-content\/uploads\/2021\/10\/IMG-20211014-WA0200.jpg\"><img decoding=\"async\" width=\"1024\" height=\"682\" data-src=\"https:\/\/cvinoticias.com\/wp-content\/uploads\/2021\/10\/IMG-20211014-WA0200-1024x682.jpg\" alt=\"\" class=\"wp-image-9549 lazyload\" data-srcset=\"https:\/\/cvinoticias.com\/wp-content\/uploads\/2021\/10\/IMG-20211014-WA0200-1024x682.jpg 1024w, https:\/\/cvinoticias.com\/wp-content\/uploads\/2021\/10\/IMG-20211014-WA0200-300x200.jpg 300w, https:\/\/cvinoticias.com\/wp-content\/uploads\/2021\/10\/IMG-20211014-WA0200-768x512.jpg 768w, https:\/\/cvinoticias.com\/wp-content\/uploads\/2021\/10\/IMG-20211014-WA0200.jpg 1280w\" data-sizes=\"(max-width: 1024px) 100vw, 1024px\" src=\"data:image\/svg+xml;base64,PHN2ZyB3aWR0aD0iMSIgaGVpZ2h0PSIxIiB4bWxucz0iaHR0cDovL3d3dy53My5vcmcvMjAwMC9zdmciPjwvc3ZnPg==\" style=\"--smush-placeholder-width: 1024px; --smush-placeholder-aspect-ratio: 1024\/682;\" \/><\/a><\/figure>\n\n\n\n<figure class=\"wp-block-image size-large is-resized\"><a href=\"https:\/\/cvinoticias.com\/wp-content\/uploads\/2021\/10\/IMG-20211014-WA0206.jpg\"><img decoding=\"async\" data-src=\"https:\/\/cvinoticias.com\/wp-content\/uploads\/2021\/10\/IMG-20211014-WA0206-1024x682.jpg\" alt=\"\" class=\"wp-image-9550 lazyload\" width=\"637\" height=\"423\" data-srcset=\"https:\/\/cvinoticias.com\/wp-content\/uploads\/2021\/10\/IMG-20211014-WA0206-1024x682.jpg 1024w, https:\/\/cvinoticias.com\/wp-content\/uploads\/2021\/10\/IMG-20211014-WA0206-300x200.jpg 300w\" data-sizes=\"(max-width: 637px) 100vw, 637px\" src=\"data:image\/svg+xml;base64,PHN2ZyB3aWR0aD0iMSIgaGVpZ2h0PSIxIiB4bWxucz0iaHR0cDovL3d3dy53My5vcmcvMjAwMC9zdmciPjwvc3ZnPg==\" style=\"--smush-placeholder-width: 637px; --smush-placeholder-aspect-ratio: 637\/423;\" \/><\/a><\/figure>\n","protected":false},"excerpt":{"rendered":"<p>El Gobernador visit\u00f3 esta tarde la Capital del Trabajo, all\u00ed supervis\u00f3 el inici\u00f3 de obras de asfaltado del aut\u00f3dromo de Eldorado que se ajustar\u00e1 a las exigencias de la ACTC. Una obra que impulsar\u00e1 el desarrollo econ\u00f3mico, social, tur\u00edstico y cultural en la regi\u00f3n. Adem\u00e1s, entreg\u00f3 insumos que permitir\u00e1n habilitar el laboratorio del Hospital \u201cDr. [&hellip;]<\/p>\n","protected":false},"author":2,"featured_media":9551,"comment_status":"open","ping_status":"open","sticky":false,"template":"","format":"standard","meta":{"footnotes":""},"categories":[43],"tags":[],"class_list":["post-9546","post","type-post","status-publish","format-standard","has-post-thumbnail","hentry","category-provinciales"],"yoast_head":"<!-- This site is optimized with the Yoast SEO plugin v27.4 - https:\/\/yoast.com\/product\/yoast-seo-wordpress\/ -->\n<title>Herrera Ahuad recorri\u00f3 las obras de asfaltado del aut\u00f3dromo de Eldorado y habilit\u00f3 el Laboratorio del Hospital Gard\u00e9s | CVI NOTICIAS<\/title>\n<meta name=\"robots\" content=\"index, follow, max-snippet:-1, max-image-preview:large, max-video-preview:-1\" \/>\n<link rel=\"canonical\" href=\"https:\/\/cvinoticias.com\/v3\/herrera-ahuad-recorrio-las-obras-de-asfaltado-del-autodromo-de-eldorado-y-habilito-el-laboratorio-del-hospital-gardes\/\" \/>\n<meta property=\"og:locale\" content=\"es_ES\" \/>\n<meta property=\"og:type\" content=\"article\" \/>\n<meta property=\"og:title\" content=\"Herrera Ahuad recorri\u00f3 las obras de asfaltado del aut\u00f3dromo de Eldorado y habilit\u00f3 el Laboratorio del Hospital Gard\u00e9s | CVI NOTICIAS\" \/>\n<meta property=\"og:description\" content=\"El Gobernador visit\u00f3 esta tarde la Capital del Trabajo, all\u00ed supervis\u00f3 el inici\u00f3 de obras de asfaltado del aut\u00f3dromo de Eldorado que se ajustar\u00e1 a las exigencias de la ACTC. Una obra que impulsar\u00e1 el desarrollo econ\u00f3mico, social, tur\u00edstico y cultural en la regi\u00f3n. Adem\u00e1s, entreg\u00f3 insumos que permitir\u00e1n habilitar el laboratorio del Hospital \u201cDr. [&hellip;]\" \/>\n<meta property=\"og:url\" content=\"https:\/\/cvinoticias.com\/v3\/herrera-ahuad-recorrio-las-obras-de-asfaltado-del-autodromo-de-eldorado-y-habilito-el-laboratorio-del-hospital-gardes\/\" \/>\n<meta property=\"og:site_name\" content=\"CVI NOTICIAS\" \/>\n<meta property=\"article:publisher\" content=\"https:\/\/www.facebook.com\/cvinoticias\" \/>\n<meta property=\"article:published_time\" content=\"2021-10-15T01:35:10+00:00\" \/>\n<meta property=\"og:image\" content=\"https:\/\/cvinoticias.com\/wp-content\/uploads\/2021\/10\/IMG-20211014-WA0201.jpg\" \/>\n\t<meta property=\"og:image:width\" content=\"1280\" \/>\n\t<meta property=\"og:image:height\" content=\"853\" \/>\n\t<meta property=\"og:image:type\" content=\"image\/jpeg\" \/>\n<meta name=\"author\" content=\"f1000024\" \/>\n<meta name=\"twitter:card\" content=\"summary_large_image\" \/>\n<meta name=\"twitter:label1\" content=\"Escrito por\" \/>\n\t<meta name=\"twitter:data1\" content=\"f1000024\" \/>\n\t<meta name=\"twitter:label2\" content=\"Tiempo de lectura\" \/>\n\t<meta name=\"twitter:data2\" content=\"6 minutos\" \/>\n<script type=\"application\/ld+json\" class=\"yoast-schema-graph\">{\"@context\":\"https:\\\/\\\/schema.org\",\"@graph\":[{\"@type\":\"Article\",\"@id\":\"https:\\\/\\\/cvinoticias.com\\\/v3\\\/herrera-ahuad-recorrio-las-obras-de-asfaltado-del-autodromo-de-eldorado-y-habilito-el-laboratorio-del-hospital-gardes\\\/#article\",\"isPartOf\":{\"@id\":\"https:\\\/\\\/cvinoticias.com\\\/v3\\\/herrera-ahuad-recorrio-las-obras-de-asfaltado-del-autodromo-de-eldorado-y-habilito-el-laboratorio-del-hospital-gardes\\\/\"},\"author\":{\"name\":\"f1000024\",\"@id\":\"https:\\\/\\\/cvinoticias.com\\\/v3\\\/#\\\/schema\\\/person\\\/2db77e3c6bc03c538495d7b2b8be9b66\"},\"headline\":\"Herrera Ahuad recorri\u00f3 las obras de asfaltado del aut\u00f3dromo de Eldorado y habilit\u00f3 el Laboratorio del Hospital Gard\u00e9s\",\"datePublished\":\"2021-10-15T01:35:10+00:00\",\"mainEntityOfPage\":{\"@id\":\"https:\\\/\\\/cvinoticias.com\\\/v3\\\/herrera-ahuad-recorrio-las-obras-de-asfaltado-del-autodromo-de-eldorado-y-habilito-el-laboratorio-del-hospital-gardes\\\/\"},\"wordCount\":1188,\"commentCount\":0,\"publisher\":{\"@id\":\"https:\\\/\\\/cvinoticias.com\\\/v3\\\/#organization\"},\"image\":{\"@id\":\"https:\\\/\\\/cvinoticias.com\\\/v3\\\/herrera-ahuad-recorrio-las-obras-de-asfaltado-del-autodromo-de-eldorado-y-habilito-el-laboratorio-del-hospital-gardes\\\/#primaryimage\"},\"thumbnailUrl\":\"https:\\\/\\\/cvinoticias.com\\\/wp-content\\\/uploads\\\/2021\\\/10\\\/IMG-20211014-WA0201.jpg\",\"articleSection\":[\"Provinciales\"],\"inLanguage\":\"es\",\"potentialAction\":[{\"@type\":\"CommentAction\",\"name\":\"Comment\",\"target\":[\"https:\\\/\\\/cvinoticias.com\\\/v3\\\/herrera-ahuad-recorrio-las-obras-de-asfaltado-del-autodromo-de-eldorado-y-habilito-el-laboratorio-del-hospital-gardes\\\/#respond\"]}]},{\"@type\":\"WebPage\",\"@id\":\"https:\\\/\\\/cvinoticias.com\\\/v3\\\/herrera-ahuad-recorrio-las-obras-de-asfaltado-del-autodromo-de-eldorado-y-habilito-el-laboratorio-del-hospital-gardes\\\/\",\"url\":\"https:\\\/\\\/cvinoticias.com\\\/v3\\\/herrera-ahuad-recorrio-las-obras-de-asfaltado-del-autodromo-de-eldorado-y-habilito-el-laboratorio-del-hospital-gardes\\\/\",\"name\":\"Herrera Ahuad recorri\u00f3 las obras de asfaltado del aut\u00f3dromo de Eldorado y habilit\u00f3 el Laboratorio del Hospital Gard\u00e9s | CVI NOTICIAS\",\"isPartOf\":{\"@id\":\"https:\\\/\\\/cvinoticias.com\\\/v3\\\/#website\"},\"primaryImageOfPage\":{\"@id\":\"https:\\\/\\\/cvinoticias.com\\\/v3\\\/herrera-ahuad-recorrio-las-obras-de-asfaltado-del-autodromo-de-eldorado-y-habilito-el-laboratorio-del-hospital-gardes\\\/#primaryimage\"},\"image\":{\"@id\":\"https:\\\/\\\/cvinoticias.com\\\/v3\\\/herrera-ahuad-recorrio-las-obras-de-asfaltado-del-autodromo-de-eldorado-y-habilito-el-laboratorio-del-hospital-gardes\\\/#primaryimage\"},\"thumbnailUrl\":\"https:\\\/\\\/cvinoticias.com\\\/wp-content\\\/uploads\\\/2021\\\/10\\\/IMG-20211014-WA0201.jpg\",\"datePublished\":\"2021-10-15T01:35:10+00:00\",\"breadcrumb\":{\"@id\":\"https:\\\/\\\/cvinoticias.com\\\/v3\\\/herrera-ahuad-recorrio-las-obras-de-asfaltado-del-autodromo-de-eldorado-y-habilito-el-laboratorio-del-hospital-gardes\\\/#breadcrumb\"},\"inLanguage\":\"es\",\"potentialAction\":[{\"@type\":\"ReadAction\",\"target\":[\"https:\\\/\\\/cvinoticias.com\\\/v3\\\/herrera-ahuad-recorrio-las-obras-de-asfaltado-del-autodromo-de-eldorado-y-habilito-el-laboratorio-del-hospital-gardes\\\/\"]}]},{\"@type\":\"ImageObject\",\"inLanguage\":\"es\",\"@id\":\"https:\\\/\\\/cvinoticias.com\\\/v3\\\/herrera-ahuad-recorrio-las-obras-de-asfaltado-del-autodromo-de-eldorado-y-habilito-el-laboratorio-del-hospital-gardes\\\/#primaryimage\",\"url\":\"https:\\\/\\\/cvinoticias.com\\\/wp-content\\\/uploads\\\/2021\\\/10\\\/IMG-20211014-WA0201.jpg\",\"contentUrl\":\"https:\\\/\\\/cvinoticias.com\\\/wp-content\\\/uploads\\\/2021\\\/10\\\/IMG-20211014-WA0201.jpg\",\"width\":1280,\"height\":853},{\"@type\":\"BreadcrumbList\",\"@id\":\"https:\\\/\\\/cvinoticias.com\\\/v3\\\/herrera-ahuad-recorrio-las-obras-de-asfaltado-del-autodromo-de-eldorado-y-habilito-el-laboratorio-del-hospital-gardes\\\/#breadcrumb\",\"itemListElement\":[{\"@type\":\"ListItem\",\"position\":1,\"name\":\"Portada\",\"item\":\"https:\\\/\\\/cvinoticias.com\\\/v3\\\/\"},{\"@type\":\"ListItem\",\"position\":2,\"name\":\"Herrera Ahuad recorri\u00f3 las obras de asfaltado del aut\u00f3dromo de Eldorado y habilit\u00f3 el Laboratorio del Hospital Gard\u00e9s\"}]},{\"@type\":\"WebSite\",\"@id\":\"https:\\\/\\\/cvinoticias.com\\\/v3\\\/#website\",\"url\":\"https:\\\/\\\/cvinoticias.com\\\/v3\\\/\",\"name\":\"CVI NOTICIAS\",\"description\":\"\",\"publisher\":{\"@id\":\"https:\\\/\\\/cvinoticias.com\\\/v3\\\/#organization\"},\"alternateName\":\"CVI\",\"potentialAction\":[{\"@type\":\"SearchAction\",\"target\":{\"@type\":\"EntryPoint\",\"urlTemplate\":\"https:\\\/\\\/cvinoticias.com\\\/v3\\\/?s={search_term_string}\"},\"query-input\":{\"@type\":\"PropertyValueSpecification\",\"valueRequired\":true,\"valueName\":\"search_term_string\"}}],\"inLanguage\":\"es\"},{\"@type\":\"Organization\",\"@id\":\"https:\\\/\\\/cvinoticias.com\\\/v3\\\/#organization\",\"name\":\"CVI NOTICIAS\",\"url\":\"https:\\\/\\\/cvinoticias.com\\\/v3\\\/\",\"logo\":{\"@type\":\"ImageObject\",\"inLanguage\":\"es\",\"@id\":\"https:\\\/\\\/cvinoticias.com\\\/v3\\\/#\\\/schema\\\/logo\\\/image\\\/\",\"url\":\"https:\\\/\\\/cvinoticias.com\\\/wp-content\\\/uploads\\\/2023\\\/04\\\/cropped-cropped-cropped-cropped-cropped-3-1.png\",\"contentUrl\":\"https:\\\/\\\/cvinoticias.com\\\/wp-content\\\/uploads\\\/2023\\\/04\\\/cropped-cropped-cropped-cropped-cropped-3-1.png\",\"width\":95,\"height\":122,\"caption\":\"CVI NOTICIAS\"},\"image\":{\"@id\":\"https:\\\/\\\/cvinoticias.com\\\/v3\\\/#\\\/schema\\\/logo\\\/image\\\/\"},\"sameAs\":[\"https:\\\/\\\/www.facebook.com\\\/cvinoticias\",\"https:\\\/\\\/www.instagram.com\\\/cvinoticias\\\/\",\"https:\\\/\\\/www.youtube.com\\\/@CVINOTICIAS\"]},{\"@type\":\"Person\",\"@id\":\"https:\\\/\\\/cvinoticias.com\\\/v3\\\/#\\\/schema\\\/person\\\/2db77e3c6bc03c538495d7b2b8be9b66\",\"name\":\"f1000024\",\"image\":{\"@type\":\"ImageObject\",\"inLanguage\":\"es\",\"@id\":\"https:\\\/\\\/secure.gravatar.com\\\/avatar\\\/d4fe7459cfc51ff5129ce1a732bbef5928568b8092d412ef95611616376bbeed?s=96&d=mm&r=g\",\"url\":\"https:\\\/\\\/secure.gravatar.com\\\/avatar\\\/d4fe7459cfc51ff5129ce1a732bbef5928568b8092d412ef95611616376bbeed?s=96&d=mm&r=g\",\"contentUrl\":\"https:\\\/\\\/secure.gravatar.com\\\/avatar\\\/d4fe7459cfc51ff5129ce1a732bbef5928568b8092d412ef95611616376bbeed?s=96&d=mm&r=g\",\"caption\":\"f1000024\"},\"url\":\"https:\\\/\\\/cvinoticias.com\\\/v3\\\/author\\\/f1000024\\\/\"}]}<\/script>\n<!-- \/ Yoast SEO plugin. -->","yoast_head_json":{"title":"Herrera Ahuad recorri\u00f3 las obras de asfaltado del aut\u00f3dromo de Eldorado y habilit\u00f3 el Laboratorio del Hospital Gard\u00e9s | CVI NOTICIAS","robots":{"index":"index","follow":"follow","max-snippet":"max-snippet:-1","max-image-preview":"max-image-preview:large","max-video-preview":"max-video-preview:-1"},"canonical":"https:\/\/cvinoticias.com\/v3\/herrera-ahuad-recorrio-las-obras-de-asfaltado-del-autodromo-de-eldorado-y-habilito-el-laboratorio-del-hospital-gardes\/","og_locale":"es_ES","og_type":"article","og_title":"Herrera Ahuad recorri\u00f3 las obras de asfaltado del aut\u00f3dromo de Eldorado y habilit\u00f3 el Laboratorio del Hospital Gard\u00e9s | CVI NOTICIAS","og_description":"El Gobernador visit\u00f3 esta tarde la Capital del Trabajo, all\u00ed supervis\u00f3 el inici\u00f3 de obras de asfaltado del aut\u00f3dromo de Eldorado que se ajustar\u00e1 a las exigencias de la ACTC. Una obra que impulsar\u00e1 el desarrollo econ\u00f3mico, social, tur\u00edstico y cultural en la regi\u00f3n. Adem\u00e1s, entreg\u00f3 insumos que permitir\u00e1n habilitar el laboratorio del Hospital \u201cDr. [&hellip;]","og_url":"https:\/\/cvinoticias.com\/v3\/herrera-ahuad-recorrio-las-obras-de-asfaltado-del-autodromo-de-eldorado-y-habilito-el-laboratorio-del-hospital-gardes\/","og_site_name":"CVI NOTICIAS","article_publisher":"https:\/\/www.facebook.com\/cvinoticias","article_published_time":"2021-10-15T01:35:10+00:00","og_image":[{"width":1280,"height":853,"url":"https:\/\/cvinoticias.com\/wp-content\/uploads\/2021\/10\/IMG-20211014-WA0201.jpg","type":"image\/jpeg"}],"author":"f1000024","twitter_card":"summary_large_image","twitter_misc":{"Escrito por":"f1000024","Tiempo de lectura":"6 minutos"},"schema":{"@context":"https:\/\/schema.org","@graph":[{"@type":"Article","@id":"https:\/\/cvinoticias.com\/v3\/herrera-ahuad-recorrio-las-obras-de-asfaltado-del-autodromo-de-eldorado-y-habilito-el-laboratorio-del-hospital-gardes\/#article","isPartOf":{"@id":"https:\/\/cvinoticias.com\/v3\/herrera-ahuad-recorrio-las-obras-de-asfaltado-del-autodromo-de-eldorado-y-habilito-el-laboratorio-del-hospital-gardes\/"},"author":{"name":"f1000024","@id":"https:\/\/cvinoticias.com\/v3\/#\/schema\/person\/2db77e3c6bc03c538495d7b2b8be9b66"},"headline":"Herrera Ahuad recorri\u00f3 las obras de asfaltado del aut\u00f3dromo de Eldorado y habilit\u00f3 el Laboratorio del Hospital Gard\u00e9s","datePublished":"2021-10-15T01:35:10+00:00","mainEntityOfPage":{"@id":"https:\/\/cvinoticias.com\/v3\/herrera-ahuad-recorrio-las-obras-de-asfaltado-del-autodromo-de-eldorado-y-habilito-el-laboratorio-del-hospital-gardes\/"},"wordCount":1188,"commentCount":0,"publisher":{"@id":"https:\/\/cvinoticias.com\/v3\/#organization"},"image":{"@id":"https:\/\/cvinoticias.com\/v3\/herrera-ahuad-recorrio-las-obras-de-asfaltado-del-autodromo-de-eldorado-y-habilito-el-laboratorio-del-hospital-gardes\/#primaryimage"},"thumbnailUrl":"https:\/\/cvinoticias.com\/wp-content\/uploads\/2021\/10\/IMG-20211014-WA0201.jpg","articleSection":["Provinciales"],"inLanguage":"es","potentialAction":[{"@type":"CommentAction","name":"Comment","target":["https:\/\/cvinoticias.com\/v3\/herrera-ahuad-recorrio-las-obras-de-asfaltado-del-autodromo-de-eldorado-y-habilito-el-laboratorio-del-hospital-gardes\/#respond"]}]},{"@type":"WebPage","@id":"https:\/\/cvinoticias.com\/v3\/herrera-ahuad-recorrio-las-obras-de-asfaltado-del-autodromo-de-eldorado-y-habilito-el-laboratorio-del-hospital-gardes\/","url":"https:\/\/cvinoticias.com\/v3\/herrera-ahuad-recorrio-las-obras-de-asfaltado-del-autodromo-de-eldorado-y-habilito-el-laboratorio-del-hospital-gardes\/","name":"Herrera Ahuad recorri\u00f3 las obras de asfaltado del aut\u00f3dromo de Eldorado y habilit\u00f3 el Laboratorio del Hospital Gard\u00e9s | CVI NOTICIAS","isPartOf":{"@id":"https:\/\/cvinoticias.com\/v3\/#website"},"primaryImageOfPage":{"@id":"https:\/\/cvinoticias.com\/v3\/herrera-ahuad-recorrio-las-obras-de-asfaltado-del-autodromo-de-eldorado-y-habilito-el-laboratorio-del-hospital-gardes\/#primaryimage"},"image":{"@id":"https:\/\/cvinoticias.com\/v3\/herrera-ahuad-recorrio-las-obras-de-asfaltado-del-autodromo-de-eldorado-y-habilito-el-laboratorio-del-hospital-gardes\/#primaryimage"},"thumbnailUrl":"https:\/\/cvinoticias.com\/wp-content\/uploads\/2021\/10\/IMG-20211014-WA0201.jpg","datePublished":"2021-10-15T01:35:10+00:00","breadcrumb":{"@id":"https:\/\/cvinoticias.com\/v3\/herrera-ahuad-recorrio-las-obras-de-asfaltado-del-autodromo-de-eldorado-y-habilito-el-laboratorio-del-hospital-gardes\/#breadcrumb"},"inLanguage":"es","potentialAction":[{"@type":"ReadAction","target":["https:\/\/cvinoticias.com\/v3\/herrera-ahuad-recorrio-las-obras-de-asfaltado-del-autodromo-de-eldorado-y-habilito-el-laboratorio-del-hospital-gardes\/"]}]},{"@type":"ImageObject","inLanguage":"es","@id":"https:\/\/cvinoticias.com\/v3\/herrera-ahuad-recorrio-las-obras-de-asfaltado-del-autodromo-de-eldorado-y-habilito-el-laboratorio-del-hospital-gardes\/#primaryimage","url":"https:\/\/cvinoticias.com\/wp-content\/uploads\/2021\/10\/IMG-20211014-WA0201.jpg","contentUrl":"https:\/\/cvinoticias.com\/wp-content\/uploads\/2021\/10\/IMG-20211014-WA0201.jpg","width":1280,"height":853},{"@type":"BreadcrumbList","@id":"https:\/\/cvinoticias.com\/v3\/herrera-ahuad-recorrio-las-obras-de-asfaltado-del-autodromo-de-eldorado-y-habilito-el-laboratorio-del-hospital-gardes\/#breadcrumb","itemListElement":[{"@type":"ListItem","position":1,"name":"Portada","item":"https:\/\/cvinoticias.com\/v3\/"},{"@type":"ListItem","position":2,"name":"Herrera Ahuad recorri\u00f3 las obras de asfaltado del aut\u00f3dromo de Eldorado y habilit\u00f3 el Laboratorio del Hospital Gard\u00e9s"}]},{"@type":"WebSite","@id":"https:\/\/cvinoticias.com\/v3\/#website","url":"https:\/\/cvinoticias.com\/v3\/","name":"CVI NOTICIAS","description":"","publisher":{"@id":"https:\/\/cvinoticias.com\/v3\/#organization"},"alternateName":"CVI","potentialAction":[{"@type":"SearchAction","target":{"@type":"EntryPoint","urlTemplate":"https:\/\/cvinoticias.com\/v3\/?s={search_term_string}"},"query-input":{"@type":"PropertyValueSpecification","valueRequired":true,"valueName":"search_term_string"}}],"inLanguage":"es"},{"@type":"Organization","@id":"https:\/\/cvinoticias.com\/v3\/#organization","name":"CVI NOTICIAS","url":"https:\/\/cvinoticias.com\/v3\/","logo":{"@type":"ImageObject","inLanguage":"es","@id":"https:\/\/cvinoticias.com\/v3\/#\/schema\/logo\/image\/","url":"https:\/\/cvinoticias.com\/wp-content\/uploads\/2023\/04\/cropped-cropped-cropped-cropped-cropped-3-1.png","contentUrl":"https:\/\/cvinoticias.com\/wp-content\/uploads\/2023\/04\/cropped-cropped-cropped-cropped-cropped-3-1.png","width":95,"height":122,"caption":"CVI NOTICIAS"},"image":{"@id":"https:\/\/cvinoticias.com\/v3\/#\/schema\/logo\/image\/"},"sameAs":["https:\/\/www.facebook.com\/cvinoticias","https:\/\/www.instagram.com\/cvinoticias\/","https:\/\/www.youtube.com\/@CVINOTICIAS"]},{"@type":"Person","@id":"https:\/\/cvinoticias.com\/v3\/#\/schema\/person\/2db77e3c6bc03c538495d7b2b8be9b66","name":"f1000024","image":{"@type":"ImageObject","inLanguage":"es","@id":"https:\/\/secure.gravatar.com\/avatar\/d4fe7459cfc51ff5129ce1a732bbef5928568b8092d412ef95611616376bbeed?s=96&d=mm&r=g","url":"https:\/\/secure.gravatar.com\/avatar\/d4fe7459cfc51ff5129ce1a732bbef5928568b8092d412ef95611616376bbeed?s=96&d=mm&r=g","contentUrl":"https:\/\/secure.gravatar.com\/avatar\/d4fe7459cfc51ff5129ce1a732bbef5928568b8092d412ef95611616376bbeed?s=96&d=mm&r=g","caption":"f1000024"},"url":"https:\/\/cvinoticias.com\/v3\/author\/f1000024\/"}]}},"_links":{"self":[{"href":"https:\/\/cvinoticias.com\/v3\/wp-json\/wp\/v2\/posts\/9546","targetHints":{"allow":["GET"]}}],"collection":[{"href":"https:\/\/cvinoticias.com\/v3\/wp-json\/wp\/v2\/posts"}],"about":[{"href":"https:\/\/cvinoticias.com\/v3\/wp-json\/wp\/v2\/types\/post"}],"author":[{"embeddable":true,"href":"https:\/\/cvinoticias.com\/v3\/wp-json\/wp\/v2\/users\/2"}],"replies":[{"embeddable":true,"href":"https:\/\/cvinoticias.com\/v3\/wp-json\/wp\/v2\/comments?post=9546"}],"version-history":[{"count":1,"href":"https:\/\/cvinoticias.com\/v3\/wp-json\/wp\/v2\/posts\/9546\/revisions"}],"predecessor-version":[{"id":9552,"href":"https:\/\/cvinoticias.com\/v3\/wp-json\/wp\/v2\/posts\/9546\/revisions\/9552"}],"wp:featuredmedia":[{"embeddable":true,"href":"https:\/\/cvinoticias.com\/v3\/wp-json\/wp\/v2\/media\/9551"}],"wp:attachment":[{"href":"https:\/\/cvinoticias.com\/v3\/wp-json\/wp\/v2\/media?parent=9546"}],"wp:term":[{"taxonomy":"category","embeddable":true,"href":"https:\/\/cvinoticias.com\/v3\/wp-json\/wp\/v2\/categories?post=9546"},{"taxonomy":"post_tag","embeddable":true,"href":"https:\/\/cvinoticias.com\/v3\/wp-json\/wp\/v2\/tags?post=9546"}],"curies":[{"name":"wp","href":"https:\/\/api.w.org\/{rel}","templated":true}]}}