{"id":9522,"date":"2021-10-14T11:17:59","date_gmt":"2021-10-14T11:17:59","guid":{"rendered":"https:\/\/cvinoticias.com\/v3\/?p=9522"},"modified":"2021-10-14T11:17:59","modified_gmt":"2021-10-14T11:17:59","slug":"wanda-hospitalizaron-a-un-menor-herido-de-arma-de-fuego","status":"publish","type":"post","link":"https:\/\/cvinoticias.com\/v3\/wanda-hospitalizaron-a-un-menor-herido-de-arma-de-fuego\/","title":{"rendered":"Wanda: Hospitalizaron a un menor herido de arma de fuego"},"content":{"rendered":"\n<p><strong><em>La Polic\u00eda investiga un hecho de lesiones de arma de fuego que se registr\u00f3 ayer mi\u00e9rcoles, en el barrio Centro, del cual result\u00f3 v\u00edctima un menor de 13 a\u00f1os que fue trasladado al Hospital Samic de Eldorado por un disparo y ahora se encuentra internado en el Hospital Ram\u00f3n Madariaga de Posadas, en estado reservado.<\/em><\/strong><\/p>\n\n\n\n<p>El caso se conoci\u00f3 cuando el t\u00edo del jovencito llam\u00f3 a la Comisar\u00eda de Wanda y alert\u00f3 lo sucedido. Al llegar, los polic\u00edas establecieron que el mismo fue trasladado al centro de salud de alta complejidad por una herida de bala, pero debido a la gravedad de la lesi\u00f3n, lo derivaron de urgencia al Hospital de la ciudad Capital donde se encuentra internado.<\/p>\n\n\n\n<p>En el lugar, los efectivos de la divisi\u00f3n Polic\u00eda Cient\u00edfica de la Unidad Regional V, realizaron las pericias de rigor y secuestraron una pistola de 9mm, siete vainas servidas del mismo calibre, un rifle de aire comprimido, y prendas de vestir.<\/p>\n\n\n\n<p>Interviene en el caso el Juzgado de Instrucci\u00f3n N\u00b03 de Puerto Iguaz\u00fa.<\/p>\n","protected":false},"excerpt":{"rendered":"<p>La Polic\u00eda investiga un hecho de lesiones de arma de fuego que se registr\u00f3 ayer mi\u00e9rcoles, en el barrio Centro, del cual result\u00f3 v\u00edctima un menor de 13 a\u00f1os que fue trasladado al Hospital Samic de Eldorado por un disparo y ahora se encuentra internado en el Hospital Ram\u00f3n Madariaga de Posadas, en estado reservado. [&hellip;]<\/p>\n","protected":false},"author":2,"featured_media":9523,"comment_status":"open","ping_status":"open","sticky":false,"template":"","format":"standard","meta":{"footnotes":""},"categories":[41],"tags":[],"class_list":["post-9522","post","type-post","status-publish","format-standard","has-post-thumbnail","hentry","category-policiales"],"yoast_head":"<!-- This site is optimized with the Yoast SEO plugin v27.4 - https:\/\/yoast.com\/product\/yoast-seo-wordpress\/ -->\n<title>Wanda: Hospitalizaron a un menor herido de arma de fuego | CVI NOTICIAS<\/title>\n<meta name=\"robots\" content=\"index, follow, max-snippet:-1, max-image-preview:large, max-video-preview:-1\" \/>\n<link rel=\"canonical\" href=\"https:\/\/cvinoticias.com\/v3\/wanda-hospitalizaron-a-un-menor-herido-de-arma-de-fuego\/\" \/>\n<meta property=\"og:locale\" content=\"es_ES\" \/>\n<meta property=\"og:type\" content=\"article\" \/>\n<meta property=\"og:title\" content=\"Wanda: Hospitalizaron a un menor herido de arma de fuego | CVI NOTICIAS\" \/>\n<meta property=\"og:description\" content=\"La Polic\u00eda investiga un hecho de lesiones de arma de fuego que se registr\u00f3 ayer mi\u00e9rcoles, en el barrio Centro, del cual result\u00f3 v\u00edctima un menor de 13 a\u00f1os que fue trasladado al Hospital Samic de Eldorado por un disparo y ahora se encuentra internado en el Hospital Ram\u00f3n Madariaga de Posadas, en estado reservado. [&hellip;]\" \/>\n<meta property=\"og:url\" content=\"https:\/\/cvinoticias.com\/v3\/wanda-hospitalizaron-a-un-menor-herido-de-arma-de-fuego\/\" \/>\n<meta property=\"og:site_name\" content=\"CVI NOTICIAS\" \/>\n<meta property=\"article:publisher\" content=\"https:\/\/www.facebook.com\/cvinoticias\" \/>\n<meta property=\"article:published_time\" content=\"2021-10-14T11:17:59+00:00\" \/>\n<meta property=\"og:image\" content=\"https:\/\/cvinoticias.com\/wp-content\/uploads\/2021\/10\/FB_IMG_1634209950291.jpg\" \/>\n\t<meta property=\"og:image:width\" content=\"1080\" \/>\n\t<meta property=\"og:image:height\" content=\"810\" \/>\n\t<meta property=\"og:image:type\" content=\"image\/jpeg\" \/>\n<meta name=\"author\" content=\"f1000024\" \/>\n<meta name=\"twitter:card\" content=\"summary_large_image\" \/>\n<meta name=\"twitter:label1\" content=\"Escrito por\" \/>\n\t<meta name=\"twitter:data1\" content=\"f1000024\" \/>\n\t<meta name=\"twitter:label2\" content=\"Tiempo de lectura\" \/>\n\t<meta name=\"twitter:data2\" content=\"1 minuto\" \/>\n<script type=\"application\/ld+json\" class=\"yoast-schema-graph\">{\"@context\":\"https:\\\/\\\/schema.org\",\"@graph\":[{\"@type\":\"Article\",\"@id\":\"https:\\\/\\\/cvinoticias.com\\\/v3\\\/wanda-hospitalizaron-a-un-menor-herido-de-arma-de-fuego\\\/#article\",\"isPartOf\":{\"@id\":\"https:\\\/\\\/cvinoticias.com\\\/v3\\\/wanda-hospitalizaron-a-un-menor-herido-de-arma-de-fuego\\\/\"},\"author\":{\"name\":\"f1000024\",\"@id\":\"https:\\\/\\\/cvinoticias.com\\\/v3\\\/#\\\/schema\\\/person\\\/2db77e3c6bc03c538495d7b2b8be9b66\"},\"headline\":\"Wanda: Hospitalizaron a un menor herido de arma de fuego\",\"datePublished\":\"2021-10-14T11:17:59+00:00\",\"mainEntityOfPage\":{\"@id\":\"https:\\\/\\\/cvinoticias.com\\\/v3\\\/wanda-hospitalizaron-a-un-menor-herido-de-arma-de-fuego\\\/\"},\"wordCount\":193,\"commentCount\":0,\"publisher\":{\"@id\":\"https:\\\/\\\/cvinoticias.com\\\/v3\\\/#organization\"},\"image\":{\"@id\":\"https:\\\/\\\/cvinoticias.com\\\/v3\\\/wanda-hospitalizaron-a-un-menor-herido-de-arma-de-fuego\\\/#primaryimage\"},\"thumbnailUrl\":\"https:\\\/\\\/cvinoticias.com\\\/wp-content\\\/uploads\\\/2021\\\/10\\\/FB_IMG_1634209950291.jpg\",\"articleSection\":[\"Policiales\"],\"inLanguage\":\"es\",\"potentialAction\":[{\"@type\":\"CommentAction\",\"name\":\"Comment\",\"target\":[\"https:\\\/\\\/cvinoticias.com\\\/v3\\\/wanda-hospitalizaron-a-un-menor-herido-de-arma-de-fuego\\\/#respond\"]}]},{\"@type\":\"WebPage\",\"@id\":\"https:\\\/\\\/cvinoticias.com\\\/v3\\\/wanda-hospitalizaron-a-un-menor-herido-de-arma-de-fuego\\\/\",\"url\":\"https:\\\/\\\/cvinoticias.com\\\/v3\\\/wanda-hospitalizaron-a-un-menor-herido-de-arma-de-fuego\\\/\",\"name\":\"Wanda: Hospitalizaron a un menor herido de arma de fuego | CVI NOTICIAS\",\"isPartOf\":{\"@id\":\"https:\\\/\\\/cvinoticias.com\\\/v3\\\/#website\"},\"primaryImageOfPage\":{\"@id\":\"https:\\\/\\\/cvinoticias.com\\\/v3\\\/wanda-hospitalizaron-a-un-menor-herido-de-arma-de-fuego\\\/#primaryimage\"},\"image\":{\"@id\":\"https:\\\/\\\/cvinoticias.com\\\/v3\\\/wanda-hospitalizaron-a-un-menor-herido-de-arma-de-fuego\\\/#primaryimage\"},\"thumbnailUrl\":\"https:\\\/\\\/cvinoticias.com\\\/wp-content\\\/uploads\\\/2021\\\/10\\\/FB_IMG_1634209950291.jpg\",\"datePublished\":\"2021-10-14T11:17:59+00:00\",\"breadcrumb\":{\"@id\":\"https:\\\/\\\/cvinoticias.com\\\/v3\\\/wanda-hospitalizaron-a-un-menor-herido-de-arma-de-fuego\\\/#breadcrumb\"},\"inLanguage\":\"es\",\"potentialAction\":[{\"@type\":\"ReadAction\",\"target\":[\"https:\\\/\\\/cvinoticias.com\\\/v3\\\/wanda-hospitalizaron-a-un-menor-herido-de-arma-de-fuego\\\/\"]}]},{\"@type\":\"ImageObject\",\"inLanguage\":\"es\",\"@id\":\"https:\\\/\\\/cvinoticias.com\\\/v3\\\/wanda-hospitalizaron-a-un-menor-herido-de-arma-de-fuego\\\/#primaryimage\",\"url\":\"https:\\\/\\\/cvinoticias.com\\\/wp-content\\\/uploads\\\/2021\\\/10\\\/FB_IMG_1634209950291.jpg\",\"contentUrl\":\"https:\\\/\\\/cvinoticias.com\\\/wp-content\\\/uploads\\\/2021\\\/10\\\/FB_IMG_1634209950291.jpg\",\"width\":1080,\"height\":810},{\"@type\":\"BreadcrumbList\",\"@id\":\"https:\\\/\\\/cvinoticias.com\\\/v3\\\/wanda-hospitalizaron-a-un-menor-herido-de-arma-de-fuego\\\/#breadcrumb\",\"itemListElement\":[{\"@type\":\"ListItem\",\"position\":1,\"name\":\"Portada\",\"item\":\"https:\\\/\\\/cvinoticias.com\\\/v3\\\/\"},{\"@type\":\"ListItem\",\"position\":2,\"name\":\"Wanda: Hospitalizaron a un menor herido de arma de fuego\"}]},{\"@type\":\"WebSite\",\"@id\":\"https:\\\/\\\/cvinoticias.com\\\/v3\\\/#website\",\"url\":\"https:\\\/\\\/cvinoticias.com\\\/v3\\\/\",\"name\":\"CVI NOTICIAS\",\"description\":\"\",\"publisher\":{\"@id\":\"https:\\\/\\\/cvinoticias.com\\\/v3\\\/#organization\"},\"alternateName\":\"CVI\",\"potentialAction\":[{\"@type\":\"SearchAction\",\"target\":{\"@type\":\"EntryPoint\",\"urlTemplate\":\"https:\\\/\\\/cvinoticias.com\\\/v3\\\/?s={search_term_string}\"},\"query-input\":{\"@type\":\"PropertyValueSpecification\",\"valueRequired\":true,\"valueName\":\"search_term_string\"}}],\"inLanguage\":\"es\"},{\"@type\":\"Organization\",\"@id\":\"https:\\\/\\\/cvinoticias.com\\\/v3\\\/#organization\",\"name\":\"CVI NOTICIAS\",\"url\":\"https:\\\/\\\/cvinoticias.com\\\/v3\\\/\",\"logo\":{\"@type\":\"ImageObject\",\"inLanguage\":\"es\",\"@id\":\"https:\\\/\\\/cvinoticias.com\\\/v3\\\/#\\\/schema\\\/logo\\\/image\\\/\",\"url\":\"https:\\\/\\\/cvinoticias.com\\\/wp-content\\\/uploads\\\/2023\\\/04\\\/cropped-cropped-cropped-cropped-cropped-3-1.png\",\"contentUrl\":\"https:\\\/\\\/cvinoticias.com\\\/wp-content\\\/uploads\\\/2023\\\/04\\\/cropped-cropped-cropped-cropped-cropped-3-1.png\",\"width\":95,\"height\":122,\"caption\":\"CVI NOTICIAS\"},\"image\":{\"@id\":\"https:\\\/\\\/cvinoticias.com\\\/v3\\\/#\\\/schema\\\/logo\\\/image\\\/\"},\"sameAs\":[\"https:\\\/\\\/www.facebook.com\\\/cvinoticias\",\"https:\\\/\\\/www.instagram.com\\\/cvinoticias\\\/\",\"https:\\\/\\\/www.youtube.com\\\/@CVINOTICIAS\"]},{\"@type\":\"Person\",\"@id\":\"https:\\\/\\\/cvinoticias.com\\\/v3\\\/#\\\/schema\\\/person\\\/2db77e3c6bc03c538495d7b2b8be9b66\",\"name\":\"f1000024\",\"image\":{\"@type\":\"ImageObject\",\"inLanguage\":\"es\",\"@id\":\"https:\\\/\\\/secure.gravatar.com\\\/avatar\\\/d4fe7459cfc51ff5129ce1a732bbef5928568b8092d412ef95611616376bbeed?s=96&d=mm&r=g\",\"url\":\"https:\\\/\\\/secure.gravatar.com\\\/avatar\\\/d4fe7459cfc51ff5129ce1a732bbef5928568b8092d412ef95611616376bbeed?s=96&d=mm&r=g\",\"contentUrl\":\"https:\\\/\\\/secure.gravatar.com\\\/avatar\\\/d4fe7459cfc51ff5129ce1a732bbef5928568b8092d412ef95611616376bbeed?s=96&d=mm&r=g\",\"caption\":\"f1000024\"},\"url\":\"https:\\\/\\\/cvinoticias.com\\\/v3\\\/author\\\/f1000024\\\/\"}]}<\/script>\n<!-- \/ Yoast SEO plugin. -->","yoast_head_json":{"title":"Wanda: Hospitalizaron a un menor herido de arma de fuego | CVI NOTICIAS","robots":{"index":"index","follow":"follow","max-snippet":"max-snippet:-1","max-image-preview":"max-image-preview:large","max-video-preview":"max-video-preview:-1"},"canonical":"https:\/\/cvinoticias.com\/v3\/wanda-hospitalizaron-a-un-menor-herido-de-arma-de-fuego\/","og_locale":"es_ES","og_type":"article","og_title":"Wanda: Hospitalizaron a un menor herido de arma de fuego | CVI NOTICIAS","og_description":"La Polic\u00eda investiga un hecho de lesiones de arma de fuego que se registr\u00f3 ayer mi\u00e9rcoles, en el barrio Centro, del cual result\u00f3 v\u00edctima un menor de 13 a\u00f1os que fue trasladado al Hospital Samic de Eldorado por un disparo y ahora se encuentra internado en el Hospital Ram\u00f3n Madariaga de Posadas, en estado reservado. [&hellip;]","og_url":"https:\/\/cvinoticias.com\/v3\/wanda-hospitalizaron-a-un-menor-herido-de-arma-de-fuego\/","og_site_name":"CVI NOTICIAS","article_publisher":"https:\/\/www.facebook.com\/cvinoticias","article_published_time":"2021-10-14T11:17:59+00:00","og_image":[{"width":1080,"height":810,"url":"https:\/\/cvinoticias.com\/wp-content\/uploads\/2021\/10\/FB_IMG_1634209950291.jpg","type":"image\/jpeg"}],"author":"f1000024","twitter_card":"summary_large_image","twitter_misc":{"Escrito por":"f1000024","Tiempo de lectura":"1 minuto"},"schema":{"@context":"https:\/\/schema.org","@graph":[{"@type":"Article","@id":"https:\/\/cvinoticias.com\/v3\/wanda-hospitalizaron-a-un-menor-herido-de-arma-de-fuego\/#article","isPartOf":{"@id":"https:\/\/cvinoticias.com\/v3\/wanda-hospitalizaron-a-un-menor-herido-de-arma-de-fuego\/"},"author":{"name":"f1000024","@id":"https:\/\/cvinoticias.com\/v3\/#\/schema\/person\/2db77e3c6bc03c538495d7b2b8be9b66"},"headline":"Wanda: Hospitalizaron a un menor herido de arma de fuego","datePublished":"2021-10-14T11:17:59+00:00","mainEntityOfPage":{"@id":"https:\/\/cvinoticias.com\/v3\/wanda-hospitalizaron-a-un-menor-herido-de-arma-de-fuego\/"},"wordCount":193,"commentCount":0,"publisher":{"@id":"https:\/\/cvinoticias.com\/v3\/#organization"},"image":{"@id":"https:\/\/cvinoticias.com\/v3\/wanda-hospitalizaron-a-un-menor-herido-de-arma-de-fuego\/#primaryimage"},"thumbnailUrl":"https:\/\/cvinoticias.com\/wp-content\/uploads\/2021\/10\/FB_IMG_1634209950291.jpg","articleSection":["Policiales"],"inLanguage":"es","potentialAction":[{"@type":"CommentAction","name":"Comment","target":["https:\/\/cvinoticias.com\/v3\/wanda-hospitalizaron-a-un-menor-herido-de-arma-de-fuego\/#respond"]}]},{"@type":"WebPage","@id":"https:\/\/cvinoticias.com\/v3\/wanda-hospitalizaron-a-un-menor-herido-de-arma-de-fuego\/","url":"https:\/\/cvinoticias.com\/v3\/wanda-hospitalizaron-a-un-menor-herido-de-arma-de-fuego\/","name":"Wanda: Hospitalizaron a un menor herido de arma de fuego | CVI NOTICIAS","isPartOf":{"@id":"https:\/\/cvinoticias.com\/v3\/#website"},"primaryImageOfPage":{"@id":"https:\/\/cvinoticias.com\/v3\/wanda-hospitalizaron-a-un-menor-herido-de-arma-de-fuego\/#primaryimage"},"image":{"@id":"https:\/\/cvinoticias.com\/v3\/wanda-hospitalizaron-a-un-menor-herido-de-arma-de-fuego\/#primaryimage"},"thumbnailUrl":"https:\/\/cvinoticias.com\/wp-content\/uploads\/2021\/10\/FB_IMG_1634209950291.jpg","datePublished":"2021-10-14T11:17:59+00:00","breadcrumb":{"@id":"https:\/\/cvinoticias.com\/v3\/wanda-hospitalizaron-a-un-menor-herido-de-arma-de-fuego\/#breadcrumb"},"inLanguage":"es","potentialAction":[{"@type":"ReadAction","target":["https:\/\/cvinoticias.com\/v3\/wanda-hospitalizaron-a-un-menor-herido-de-arma-de-fuego\/"]}]},{"@type":"ImageObject","inLanguage":"es","@id":"https:\/\/cvinoticias.com\/v3\/wanda-hospitalizaron-a-un-menor-herido-de-arma-de-fuego\/#primaryimage","url":"https:\/\/cvinoticias.com\/wp-content\/uploads\/2021\/10\/FB_IMG_1634209950291.jpg","contentUrl":"https:\/\/cvinoticias.com\/wp-content\/uploads\/2021\/10\/FB_IMG_1634209950291.jpg","width":1080,"height":810},{"@type":"BreadcrumbList","@id":"https:\/\/cvinoticias.com\/v3\/wanda-hospitalizaron-a-un-menor-herido-de-arma-de-fuego\/#breadcrumb","itemListElement":[{"@type":"ListItem","position":1,"name":"Portada","item":"https:\/\/cvinoticias.com\/v3\/"},{"@type":"ListItem","position":2,"name":"Wanda: Hospitalizaron a un menor herido de arma de fuego"}]},{"@type":"WebSite","@id":"https:\/\/cvinoticias.com\/v3\/#website","url":"https:\/\/cvinoticias.com\/v3\/","name":"CVI NOTICIAS","description":"","publisher":{"@id":"https:\/\/cvinoticias.com\/v3\/#organization"},"alternateName":"CVI","potentialAction":[{"@type":"SearchAction","target":{"@type":"EntryPoint","urlTemplate":"https:\/\/cvinoticias.com\/v3\/?s={search_term_string}"},"query-input":{"@type":"PropertyValueSpecification","valueRequired":true,"valueName":"search_term_string"}}],"inLanguage":"es"},{"@type":"Organization","@id":"https:\/\/cvinoticias.com\/v3\/#organization","name":"CVI NOTICIAS","url":"https:\/\/cvinoticias.com\/v3\/","logo":{"@type":"ImageObject","inLanguage":"es","@id":"https:\/\/cvinoticias.com\/v3\/#\/schema\/logo\/image\/","url":"https:\/\/cvinoticias.com\/wp-content\/uploads\/2023\/04\/cropped-cropped-cropped-cropped-cropped-3-1.png","contentUrl":"https:\/\/cvinoticias.com\/wp-content\/uploads\/2023\/04\/cropped-cropped-cropped-cropped-cropped-3-1.png","width":95,"height":122,"caption":"CVI NOTICIAS"},"image":{"@id":"https:\/\/cvinoticias.com\/v3\/#\/schema\/logo\/image\/"},"sameAs":["https:\/\/www.facebook.com\/cvinoticias","https:\/\/www.instagram.com\/cvinoticias\/","https:\/\/www.youtube.com\/@CVINOTICIAS"]},{"@type":"Person","@id":"https:\/\/cvinoticias.com\/v3\/#\/schema\/person\/2db77e3c6bc03c538495d7b2b8be9b66","name":"f1000024","image":{"@type":"ImageObject","inLanguage":"es","@id":"https:\/\/secure.gravatar.com\/avatar\/d4fe7459cfc51ff5129ce1a732bbef5928568b8092d412ef95611616376bbeed?s=96&d=mm&r=g","url":"https:\/\/secure.gravatar.com\/avatar\/d4fe7459cfc51ff5129ce1a732bbef5928568b8092d412ef95611616376bbeed?s=96&d=mm&r=g","contentUrl":"https:\/\/secure.gravatar.com\/avatar\/d4fe7459cfc51ff5129ce1a732bbef5928568b8092d412ef95611616376bbeed?s=96&d=mm&r=g","caption":"f1000024"},"url":"https:\/\/cvinoticias.com\/v3\/author\/f1000024\/"}]}},"_links":{"self":[{"href":"https:\/\/cvinoticias.com\/v3\/wp-json\/wp\/v2\/posts\/9522","targetHints":{"allow":["GET"]}}],"collection":[{"href":"https:\/\/cvinoticias.com\/v3\/wp-json\/wp\/v2\/posts"}],"about":[{"href":"https:\/\/cvinoticias.com\/v3\/wp-json\/wp\/v2\/types\/post"}],"author":[{"embeddable":true,"href":"https:\/\/cvinoticias.com\/v3\/wp-json\/wp\/v2\/users\/2"}],"replies":[{"embeddable":true,"href":"https:\/\/cvinoticias.com\/v3\/wp-json\/wp\/v2\/comments?post=9522"}],"version-history":[{"count":1,"href":"https:\/\/cvinoticias.com\/v3\/wp-json\/wp\/v2\/posts\/9522\/revisions"}],"predecessor-version":[{"id":9524,"href":"https:\/\/cvinoticias.com\/v3\/wp-json\/wp\/v2\/posts\/9522\/revisions\/9524"}],"wp:featuredmedia":[{"embeddable":true,"href":"https:\/\/cvinoticias.com\/v3\/wp-json\/wp\/v2\/media\/9523"}],"wp:attachment":[{"href":"https:\/\/cvinoticias.com\/v3\/wp-json\/wp\/v2\/media?parent=9522"}],"wp:term":[{"taxonomy":"category","embeddable":true,"href":"https:\/\/cvinoticias.com\/v3\/wp-json\/wp\/v2\/categories?post=9522"},{"taxonomy":"post_tag","embeddable":true,"href":"https:\/\/cvinoticias.com\/v3\/wp-json\/wp\/v2\/tags?post=9522"}],"curies":[{"name":"wp","href":"https:\/\/api.w.org\/{rel}","templated":true}]}}