{"id":9511,"date":"2021-10-13T15:38:57","date_gmt":"2021-10-13T15:38:57","guid":{"rendered":"https:\/\/cvinoticias.com\/v3\/?p=9511"},"modified":"2021-10-13T15:38:57","modified_gmt":"2021-10-13T15:38:57","slug":"pacientes-oncologicos-podran-acceder-a-albergue-transporte-publico-y-energia-electrica-de-forma-gratuita","status":"publish","type":"post","link":"https:\/\/cvinoticias.com\/v3\/pacientes-oncologicos-podran-acceder-a-albergue-transporte-publico-y-energia-electrica-de-forma-gratuita\/","title":{"rendered":"Pacientes oncol\u00f3gicos podr\u00e1n acceder a albergue, transporte p\u00fablico y energ\u00eda el\u00e9ctrica de forma gratuita"},"content":{"rendered":"\n<p><strong><em>La C\u00e1mara de Representantes de Misiones aprob\u00f3 una Ley denominada \u201cLa Casa Amiga\u201d, que integr\u00f3 un paquete de proyectos legislativos que coinciden en la preocupaci\u00f3n por atender diversas necesidades que atraviesan los pacientes oncol\u00f3gicos y sus familiares m\u00e1s cercanos. Entre esas medidas, de inminente implementaci\u00f3n, se encuentran dos iniciativas que fueron presentadas e impulsadas por la diputada provincial Giuliana Perini, del Partido Agrario y Social (PAyS): el \u201cBoleto Oncol\u00f3gico Gratuito\u201d y el sistema de albergues p\u00fablicos para familiares<\/em><\/strong>.<\/p>\n\n\n\n<p><br>Perini manifest\u00f3 que antes de asumir como diputada se desempe\u00f1\u00f3 durante muchos a\u00f1os como trabajadora de la salud y record\u00f3 que en esa labor fue testigo de las enormes dificultades log\u00edsticas y materiales que deben sortear los pacientes y sus familiares durante el tratamiento contra la enfermedad en el sistema p\u00fablico de salud. Es por ello que, como parte de su agenda legislativa, asumi\u00f3 el compromiso de presentar proyectos que buscan instalar estos temas en la agenda p\u00fablica y fortalecer la intervenci\u00f3n estatal ante estas realidades.<\/p>\n\n\n\n<p><br>\u201cA la situaci\u00f3n emocional, de por s\u00ed dif\u00edcil, de enfrentar una enfermedad compleja como el c\u00e1ncer, las familias misioneras de condici\u00f3n humilde que atraviesan estas experiencias padecen muchas otras dificultades y contratiempos log\u00edsticos y materiales, como por ejemplo, los altos costos de traslado desde sus lugares de residencia hasta el hospital de Posadas donde reciben el tratamiento; al igual que la imposibilidad de afrontar los gastos de alojamiento y estad\u00eda. Muchas de estas familias pernoctan en el predio del hospital, al aire libre, expuestos a las inclemencias del tiempo y sin tener la posibilidad de acceder a comodidades b\u00e1sicas como un ba\u00f1o, una ducha, una cocina o una cama. Esa situaci\u00f3n era realmente inhumana e insostenible\u201d, expres\u00f3.<\/p>\n\n\n\n<p><br>En ese sentido, valor\u00f3 que la Ley \u201cLa Casa Amiga\u201d incorpor\u00f3 estas propuestas presentadas desde el bloque del PAyS y, mediante su aprobaci\u00f3n, ser\u00e1n beneficios a los que podr\u00edan acceder estas familias misioneras en el corto plazo. \u201cAhora esperamos su pronta y efectiva reglamentaci\u00f3n, con los recursos que se requieren para su pleno cumplimiento\u201d, sostuvo Perini.<br><br><strong>Puntos claves de la Ley<\/strong><\/p>\n\n\n\n<p><br>La Ley aprobada en la \u00faltima sesi\u00f3n ordinaria establece en su art\u00edculo primero que el espacio denominado La Casa Amiga estar\u00e1 destinado a brindar asesoramiento, contenci\u00f3n, asistencia emocional, servicios y alojamiento temporal a pacientes pedi\u00e1tricos y adultos con diagn\u00f3stico oncol\u00f3gico y a sus familiares, en el \u00e1mbito del ente p\u00fablico y descentralizado Parque de la Salud de la Provincia de Misiones Dr. Ram\u00f3n Madariaga.<\/p>\n\n\n\n<p><br>En el art\u00edculo 6 se instituye el \u201cBoleto Oncol\u00f3gico Gratuito Misionero\u201d, destinado a promover el acceso ininterrumpido al tratamiento m\u00e9dico en las diferentes etapas del mismo, para el paciente oncol\u00f3gico y un acompa\u00f1ante.<\/p>\n\n\n\n<p><br>Asimismo, se crea el hospedaje denominado El Alba, para albergar a las\u00a0personas en el transcurso de su proceso terap\u00e9utico. Este espacio, se indica, deber\u00e1 poseer una guarder\u00eda infantil para todos aquellos que ingresen con menores de diez a\u00f1os, contando adem\u00e1s con un gabinete de psic\u00f3logos para ayudar a esos ni\u00f1os a comprender el proceso por el cual pasa el adulto.<\/p>\n\n\n\n<p>El proyecto fue presentado por los diputados provinciales Isaac lenguaza y Giuliana Perini del Partido Agrario y Social.<\/p>\n","protected":false},"excerpt":{"rendered":"<p>La C\u00e1mara de Representantes de Misiones aprob\u00f3 una Ley denominada \u201cLa Casa Amiga\u201d, que integr\u00f3 un paquete de proyectos legislativos que coinciden en la preocupaci\u00f3n por atender diversas necesidades que atraviesan los pacientes oncol\u00f3gicos y sus familiares m\u00e1s cercanos. Entre esas medidas, de inminente implementaci\u00f3n, se encuentran dos iniciativas que fueron presentadas e impulsadas por [&hellip;]<\/p>\n","protected":false},"author":2,"featured_media":9512,"comment_status":"open","ping_status":"open","sticky":false,"template":"","format":"standard","meta":{"footnotes":""},"categories":[22],"tags":[],"class_list":["post-9511","post","type-post","status-publish","format-standard","has-post-thumbnail","hentry","category-salud"],"yoast_head":"<!-- This site is optimized with the Yoast SEO plugin v27.4 - https:\/\/yoast.com\/product\/yoast-seo-wordpress\/ -->\n<title>Pacientes oncol\u00f3gicos podr\u00e1n acceder a albergue, transporte p\u00fablico y energ\u00eda el\u00e9ctrica de forma gratuita | CVI NOTICIAS<\/title>\n<meta name=\"robots\" content=\"index, follow, max-snippet:-1, max-image-preview:large, max-video-preview:-1\" \/>\n<link rel=\"canonical\" href=\"https:\/\/cvinoticias.com\/v3\/pacientes-oncologicos-podran-acceder-a-albergue-transporte-publico-y-energia-electrica-de-forma-gratuita\/\" \/>\n<meta property=\"og:locale\" content=\"es_ES\" \/>\n<meta property=\"og:type\" content=\"article\" \/>\n<meta property=\"og:title\" content=\"Pacientes oncol\u00f3gicos podr\u00e1n acceder a albergue, transporte p\u00fablico y energ\u00eda el\u00e9ctrica de forma gratuita | CVI NOTICIAS\" \/>\n<meta property=\"og:description\" content=\"La C\u00e1mara de Representantes de Misiones aprob\u00f3 una Ley denominada \u201cLa Casa Amiga\u201d, que integr\u00f3 un paquete de proyectos legislativos que coinciden en la preocupaci\u00f3n por atender diversas necesidades que atraviesan los pacientes oncol\u00f3gicos y sus familiares m\u00e1s cercanos. Entre esas medidas, de inminente implementaci\u00f3n, se encuentran dos iniciativas que fueron presentadas e impulsadas por [&hellip;]\" \/>\n<meta property=\"og:url\" content=\"https:\/\/cvinoticias.com\/v3\/pacientes-oncologicos-podran-acceder-a-albergue-transporte-publico-y-energia-electrica-de-forma-gratuita\/\" \/>\n<meta property=\"og:site_name\" content=\"CVI NOTICIAS\" \/>\n<meta property=\"article:publisher\" content=\"https:\/\/www.facebook.com\/cvinoticias\" \/>\n<meta property=\"article:published_time\" content=\"2021-10-13T15:38:57+00:00\" \/>\n<meta property=\"og:image\" content=\"https:\/\/cvinoticias.com\/wp-content\/uploads\/2021\/10\/images-10.jpeg\" \/>\n\t<meta property=\"og:image:width\" content=\"275\" \/>\n\t<meta property=\"og:image:height\" content=\"183\" \/>\n\t<meta property=\"og:image:type\" content=\"image\/jpeg\" \/>\n<meta name=\"author\" content=\"f1000024\" \/>\n<meta name=\"twitter:card\" content=\"summary_large_image\" \/>\n<meta name=\"twitter:label1\" content=\"Escrito por\" \/>\n\t<meta name=\"twitter:data1\" content=\"f1000024\" \/>\n\t<meta name=\"twitter:label2\" content=\"Tiempo de lectura\" \/>\n\t<meta name=\"twitter:data2\" content=\"3 minutos\" \/>\n<script type=\"application\/ld+json\" class=\"yoast-schema-graph\">{\"@context\":\"https:\\\/\\\/schema.org\",\"@graph\":[{\"@type\":\"Article\",\"@id\":\"https:\\\/\\\/cvinoticias.com\\\/v3\\\/pacientes-oncologicos-podran-acceder-a-albergue-transporte-publico-y-energia-electrica-de-forma-gratuita\\\/#article\",\"isPartOf\":{\"@id\":\"https:\\\/\\\/cvinoticias.com\\\/v3\\\/pacientes-oncologicos-podran-acceder-a-albergue-transporte-publico-y-energia-electrica-de-forma-gratuita\\\/\"},\"author\":{\"name\":\"f1000024\",\"@id\":\"https:\\\/\\\/cvinoticias.com\\\/v3\\\/#\\\/schema\\\/person\\\/2db77e3c6bc03c538495d7b2b8be9b66\"},\"headline\":\"Pacientes oncol\u00f3gicos podr\u00e1n acceder a albergue, transporte p\u00fablico y energ\u00eda el\u00e9ctrica de forma gratuita\",\"datePublished\":\"2021-10-13T15:38:57+00:00\",\"mainEntityOfPage\":{\"@id\":\"https:\\\/\\\/cvinoticias.com\\\/v3\\\/pacientes-oncologicos-podran-acceder-a-albergue-transporte-publico-y-energia-electrica-de-forma-gratuita\\\/\"},\"wordCount\":580,\"commentCount\":0,\"publisher\":{\"@id\":\"https:\\\/\\\/cvinoticias.com\\\/v3\\\/#organization\"},\"image\":{\"@id\":\"https:\\\/\\\/cvinoticias.com\\\/v3\\\/pacientes-oncologicos-podran-acceder-a-albergue-transporte-publico-y-energia-electrica-de-forma-gratuita\\\/#primaryimage\"},\"thumbnailUrl\":\"https:\\\/\\\/cvinoticias.com\\\/wp-content\\\/uploads\\\/2021\\\/10\\\/images-10.jpeg\",\"articleSection\":[\"Salud\"],\"inLanguage\":\"es\",\"potentialAction\":[{\"@type\":\"CommentAction\",\"name\":\"Comment\",\"target\":[\"https:\\\/\\\/cvinoticias.com\\\/v3\\\/pacientes-oncologicos-podran-acceder-a-albergue-transporte-publico-y-energia-electrica-de-forma-gratuita\\\/#respond\"]}]},{\"@type\":\"WebPage\",\"@id\":\"https:\\\/\\\/cvinoticias.com\\\/v3\\\/pacientes-oncologicos-podran-acceder-a-albergue-transporte-publico-y-energia-electrica-de-forma-gratuita\\\/\",\"url\":\"https:\\\/\\\/cvinoticias.com\\\/v3\\\/pacientes-oncologicos-podran-acceder-a-albergue-transporte-publico-y-energia-electrica-de-forma-gratuita\\\/\",\"name\":\"Pacientes oncol\u00f3gicos podr\u00e1n acceder a albergue, transporte p\u00fablico y energ\u00eda el\u00e9ctrica de forma gratuita | CVI NOTICIAS\",\"isPartOf\":{\"@id\":\"https:\\\/\\\/cvinoticias.com\\\/v3\\\/#website\"},\"primaryImageOfPage\":{\"@id\":\"https:\\\/\\\/cvinoticias.com\\\/v3\\\/pacientes-oncologicos-podran-acceder-a-albergue-transporte-publico-y-energia-electrica-de-forma-gratuita\\\/#primaryimage\"},\"image\":{\"@id\":\"https:\\\/\\\/cvinoticias.com\\\/v3\\\/pacientes-oncologicos-podran-acceder-a-albergue-transporte-publico-y-energia-electrica-de-forma-gratuita\\\/#primaryimage\"},\"thumbnailUrl\":\"https:\\\/\\\/cvinoticias.com\\\/wp-content\\\/uploads\\\/2021\\\/10\\\/images-10.jpeg\",\"datePublished\":\"2021-10-13T15:38:57+00:00\",\"breadcrumb\":{\"@id\":\"https:\\\/\\\/cvinoticias.com\\\/v3\\\/pacientes-oncologicos-podran-acceder-a-albergue-transporte-publico-y-energia-electrica-de-forma-gratuita\\\/#breadcrumb\"},\"inLanguage\":\"es\",\"potentialAction\":[{\"@type\":\"ReadAction\",\"target\":[\"https:\\\/\\\/cvinoticias.com\\\/v3\\\/pacientes-oncologicos-podran-acceder-a-albergue-transporte-publico-y-energia-electrica-de-forma-gratuita\\\/\"]}]},{\"@type\":\"ImageObject\",\"inLanguage\":\"es\",\"@id\":\"https:\\\/\\\/cvinoticias.com\\\/v3\\\/pacientes-oncologicos-podran-acceder-a-albergue-transporte-publico-y-energia-electrica-de-forma-gratuita\\\/#primaryimage\",\"url\":\"https:\\\/\\\/cvinoticias.com\\\/wp-content\\\/uploads\\\/2021\\\/10\\\/images-10.jpeg\",\"contentUrl\":\"https:\\\/\\\/cvinoticias.com\\\/wp-content\\\/uploads\\\/2021\\\/10\\\/images-10.jpeg\",\"width\":275,\"height\":183},{\"@type\":\"BreadcrumbList\",\"@id\":\"https:\\\/\\\/cvinoticias.com\\\/v3\\\/pacientes-oncologicos-podran-acceder-a-albergue-transporte-publico-y-energia-electrica-de-forma-gratuita\\\/#breadcrumb\",\"itemListElement\":[{\"@type\":\"ListItem\",\"position\":1,\"name\":\"Portada\",\"item\":\"https:\\\/\\\/cvinoticias.com\\\/v3\\\/\"},{\"@type\":\"ListItem\",\"position\":2,\"name\":\"Pacientes oncol\u00f3gicos podr\u00e1n acceder a albergue, transporte p\u00fablico y energ\u00eda el\u00e9ctrica de forma gratuita\"}]},{\"@type\":\"WebSite\",\"@id\":\"https:\\\/\\\/cvinoticias.com\\\/v3\\\/#website\",\"url\":\"https:\\\/\\\/cvinoticias.com\\\/v3\\\/\",\"name\":\"CVI NOTICIAS\",\"description\":\"\",\"publisher\":{\"@id\":\"https:\\\/\\\/cvinoticias.com\\\/v3\\\/#organization\"},\"alternateName\":\"CVI\",\"potentialAction\":[{\"@type\":\"SearchAction\",\"target\":{\"@type\":\"EntryPoint\",\"urlTemplate\":\"https:\\\/\\\/cvinoticias.com\\\/v3\\\/?s={search_term_string}\"},\"query-input\":{\"@type\":\"PropertyValueSpecification\",\"valueRequired\":true,\"valueName\":\"search_term_string\"}}],\"inLanguage\":\"es\"},{\"@type\":\"Organization\",\"@id\":\"https:\\\/\\\/cvinoticias.com\\\/v3\\\/#organization\",\"name\":\"CVI NOTICIAS\",\"url\":\"https:\\\/\\\/cvinoticias.com\\\/v3\\\/\",\"logo\":{\"@type\":\"ImageObject\",\"inLanguage\":\"es\",\"@id\":\"https:\\\/\\\/cvinoticias.com\\\/v3\\\/#\\\/schema\\\/logo\\\/image\\\/\",\"url\":\"https:\\\/\\\/cvinoticias.com\\\/wp-content\\\/uploads\\\/2023\\\/04\\\/cropped-cropped-cropped-cropped-cropped-3-1.png\",\"contentUrl\":\"https:\\\/\\\/cvinoticias.com\\\/wp-content\\\/uploads\\\/2023\\\/04\\\/cropped-cropped-cropped-cropped-cropped-3-1.png\",\"width\":95,\"height\":122,\"caption\":\"CVI NOTICIAS\"},\"image\":{\"@id\":\"https:\\\/\\\/cvinoticias.com\\\/v3\\\/#\\\/schema\\\/logo\\\/image\\\/\"},\"sameAs\":[\"https:\\\/\\\/www.facebook.com\\\/cvinoticias\",\"https:\\\/\\\/www.instagram.com\\\/cvinoticias\\\/\",\"https:\\\/\\\/www.youtube.com\\\/@CVINOTICIAS\"]},{\"@type\":\"Person\",\"@id\":\"https:\\\/\\\/cvinoticias.com\\\/v3\\\/#\\\/schema\\\/person\\\/2db77e3c6bc03c538495d7b2b8be9b66\",\"name\":\"f1000024\",\"image\":{\"@type\":\"ImageObject\",\"inLanguage\":\"es\",\"@id\":\"https:\\\/\\\/secure.gravatar.com\\\/avatar\\\/d4fe7459cfc51ff5129ce1a732bbef5928568b8092d412ef95611616376bbeed?s=96&d=mm&r=g\",\"url\":\"https:\\\/\\\/secure.gravatar.com\\\/avatar\\\/d4fe7459cfc51ff5129ce1a732bbef5928568b8092d412ef95611616376bbeed?s=96&d=mm&r=g\",\"contentUrl\":\"https:\\\/\\\/secure.gravatar.com\\\/avatar\\\/d4fe7459cfc51ff5129ce1a732bbef5928568b8092d412ef95611616376bbeed?s=96&d=mm&r=g\",\"caption\":\"f1000024\"},\"url\":\"https:\\\/\\\/cvinoticias.com\\\/v3\\\/author\\\/f1000024\\\/\"}]}<\/script>\n<!-- \/ Yoast SEO plugin. -->","yoast_head_json":{"title":"Pacientes oncol\u00f3gicos podr\u00e1n acceder a albergue, transporte p\u00fablico y energ\u00eda el\u00e9ctrica de forma gratuita | CVI NOTICIAS","robots":{"index":"index","follow":"follow","max-snippet":"max-snippet:-1","max-image-preview":"max-image-preview:large","max-video-preview":"max-video-preview:-1"},"canonical":"https:\/\/cvinoticias.com\/v3\/pacientes-oncologicos-podran-acceder-a-albergue-transporte-publico-y-energia-electrica-de-forma-gratuita\/","og_locale":"es_ES","og_type":"article","og_title":"Pacientes oncol\u00f3gicos podr\u00e1n acceder a albergue, transporte p\u00fablico y energ\u00eda el\u00e9ctrica de forma gratuita | CVI NOTICIAS","og_description":"La C\u00e1mara de Representantes de Misiones aprob\u00f3 una Ley denominada \u201cLa Casa Amiga\u201d, que integr\u00f3 un paquete de proyectos legislativos que coinciden en la preocupaci\u00f3n por atender diversas necesidades que atraviesan los pacientes oncol\u00f3gicos y sus familiares m\u00e1s cercanos. Entre esas medidas, de inminente implementaci\u00f3n, se encuentran dos iniciativas que fueron presentadas e impulsadas por [&hellip;]","og_url":"https:\/\/cvinoticias.com\/v3\/pacientes-oncologicos-podran-acceder-a-albergue-transporte-publico-y-energia-electrica-de-forma-gratuita\/","og_site_name":"CVI NOTICIAS","article_publisher":"https:\/\/www.facebook.com\/cvinoticias","article_published_time":"2021-10-13T15:38:57+00:00","og_image":[{"width":275,"height":183,"url":"https:\/\/cvinoticias.com\/wp-content\/uploads\/2021\/10\/images-10.jpeg","type":"image\/jpeg"}],"author":"f1000024","twitter_card":"summary_large_image","twitter_misc":{"Escrito por":"f1000024","Tiempo de lectura":"3 minutos"},"schema":{"@context":"https:\/\/schema.org","@graph":[{"@type":"Article","@id":"https:\/\/cvinoticias.com\/v3\/pacientes-oncologicos-podran-acceder-a-albergue-transporte-publico-y-energia-electrica-de-forma-gratuita\/#article","isPartOf":{"@id":"https:\/\/cvinoticias.com\/v3\/pacientes-oncologicos-podran-acceder-a-albergue-transporte-publico-y-energia-electrica-de-forma-gratuita\/"},"author":{"name":"f1000024","@id":"https:\/\/cvinoticias.com\/v3\/#\/schema\/person\/2db77e3c6bc03c538495d7b2b8be9b66"},"headline":"Pacientes oncol\u00f3gicos podr\u00e1n acceder a albergue, transporte p\u00fablico y energ\u00eda el\u00e9ctrica de forma gratuita","datePublished":"2021-10-13T15:38:57+00:00","mainEntityOfPage":{"@id":"https:\/\/cvinoticias.com\/v3\/pacientes-oncologicos-podran-acceder-a-albergue-transporte-publico-y-energia-electrica-de-forma-gratuita\/"},"wordCount":580,"commentCount":0,"publisher":{"@id":"https:\/\/cvinoticias.com\/v3\/#organization"},"image":{"@id":"https:\/\/cvinoticias.com\/v3\/pacientes-oncologicos-podran-acceder-a-albergue-transporte-publico-y-energia-electrica-de-forma-gratuita\/#primaryimage"},"thumbnailUrl":"https:\/\/cvinoticias.com\/wp-content\/uploads\/2021\/10\/images-10.jpeg","articleSection":["Salud"],"inLanguage":"es","potentialAction":[{"@type":"CommentAction","name":"Comment","target":["https:\/\/cvinoticias.com\/v3\/pacientes-oncologicos-podran-acceder-a-albergue-transporte-publico-y-energia-electrica-de-forma-gratuita\/#respond"]}]},{"@type":"WebPage","@id":"https:\/\/cvinoticias.com\/v3\/pacientes-oncologicos-podran-acceder-a-albergue-transporte-publico-y-energia-electrica-de-forma-gratuita\/","url":"https:\/\/cvinoticias.com\/v3\/pacientes-oncologicos-podran-acceder-a-albergue-transporte-publico-y-energia-electrica-de-forma-gratuita\/","name":"Pacientes oncol\u00f3gicos podr\u00e1n acceder a albergue, transporte p\u00fablico y energ\u00eda el\u00e9ctrica de forma gratuita | CVI NOTICIAS","isPartOf":{"@id":"https:\/\/cvinoticias.com\/v3\/#website"},"primaryImageOfPage":{"@id":"https:\/\/cvinoticias.com\/v3\/pacientes-oncologicos-podran-acceder-a-albergue-transporte-publico-y-energia-electrica-de-forma-gratuita\/#primaryimage"},"image":{"@id":"https:\/\/cvinoticias.com\/v3\/pacientes-oncologicos-podran-acceder-a-albergue-transporte-publico-y-energia-electrica-de-forma-gratuita\/#primaryimage"},"thumbnailUrl":"https:\/\/cvinoticias.com\/wp-content\/uploads\/2021\/10\/images-10.jpeg","datePublished":"2021-10-13T15:38:57+00:00","breadcrumb":{"@id":"https:\/\/cvinoticias.com\/v3\/pacientes-oncologicos-podran-acceder-a-albergue-transporte-publico-y-energia-electrica-de-forma-gratuita\/#breadcrumb"},"inLanguage":"es","potentialAction":[{"@type":"ReadAction","target":["https:\/\/cvinoticias.com\/v3\/pacientes-oncologicos-podran-acceder-a-albergue-transporte-publico-y-energia-electrica-de-forma-gratuita\/"]}]},{"@type":"ImageObject","inLanguage":"es","@id":"https:\/\/cvinoticias.com\/v3\/pacientes-oncologicos-podran-acceder-a-albergue-transporte-publico-y-energia-electrica-de-forma-gratuita\/#primaryimage","url":"https:\/\/cvinoticias.com\/wp-content\/uploads\/2021\/10\/images-10.jpeg","contentUrl":"https:\/\/cvinoticias.com\/wp-content\/uploads\/2021\/10\/images-10.jpeg","width":275,"height":183},{"@type":"BreadcrumbList","@id":"https:\/\/cvinoticias.com\/v3\/pacientes-oncologicos-podran-acceder-a-albergue-transporte-publico-y-energia-electrica-de-forma-gratuita\/#breadcrumb","itemListElement":[{"@type":"ListItem","position":1,"name":"Portada","item":"https:\/\/cvinoticias.com\/v3\/"},{"@type":"ListItem","position":2,"name":"Pacientes oncol\u00f3gicos podr\u00e1n acceder a albergue, transporte p\u00fablico y energ\u00eda el\u00e9ctrica de forma gratuita"}]},{"@type":"WebSite","@id":"https:\/\/cvinoticias.com\/v3\/#website","url":"https:\/\/cvinoticias.com\/v3\/","name":"CVI NOTICIAS","description":"","publisher":{"@id":"https:\/\/cvinoticias.com\/v3\/#organization"},"alternateName":"CVI","potentialAction":[{"@type":"SearchAction","target":{"@type":"EntryPoint","urlTemplate":"https:\/\/cvinoticias.com\/v3\/?s={search_term_string}"},"query-input":{"@type":"PropertyValueSpecification","valueRequired":true,"valueName":"search_term_string"}}],"inLanguage":"es"},{"@type":"Organization","@id":"https:\/\/cvinoticias.com\/v3\/#organization","name":"CVI NOTICIAS","url":"https:\/\/cvinoticias.com\/v3\/","logo":{"@type":"ImageObject","inLanguage":"es","@id":"https:\/\/cvinoticias.com\/v3\/#\/schema\/logo\/image\/","url":"https:\/\/cvinoticias.com\/wp-content\/uploads\/2023\/04\/cropped-cropped-cropped-cropped-cropped-3-1.png","contentUrl":"https:\/\/cvinoticias.com\/wp-content\/uploads\/2023\/04\/cropped-cropped-cropped-cropped-cropped-3-1.png","width":95,"height":122,"caption":"CVI NOTICIAS"},"image":{"@id":"https:\/\/cvinoticias.com\/v3\/#\/schema\/logo\/image\/"},"sameAs":["https:\/\/www.facebook.com\/cvinoticias","https:\/\/www.instagram.com\/cvinoticias\/","https:\/\/www.youtube.com\/@CVINOTICIAS"]},{"@type":"Person","@id":"https:\/\/cvinoticias.com\/v3\/#\/schema\/person\/2db77e3c6bc03c538495d7b2b8be9b66","name":"f1000024","image":{"@type":"ImageObject","inLanguage":"es","@id":"https:\/\/secure.gravatar.com\/avatar\/d4fe7459cfc51ff5129ce1a732bbef5928568b8092d412ef95611616376bbeed?s=96&d=mm&r=g","url":"https:\/\/secure.gravatar.com\/avatar\/d4fe7459cfc51ff5129ce1a732bbef5928568b8092d412ef95611616376bbeed?s=96&d=mm&r=g","contentUrl":"https:\/\/secure.gravatar.com\/avatar\/d4fe7459cfc51ff5129ce1a732bbef5928568b8092d412ef95611616376bbeed?s=96&d=mm&r=g","caption":"f1000024"},"url":"https:\/\/cvinoticias.com\/v3\/author\/f1000024\/"}]}},"_links":{"self":[{"href":"https:\/\/cvinoticias.com\/v3\/wp-json\/wp\/v2\/posts\/9511","targetHints":{"allow":["GET"]}}],"collection":[{"href":"https:\/\/cvinoticias.com\/v3\/wp-json\/wp\/v2\/posts"}],"about":[{"href":"https:\/\/cvinoticias.com\/v3\/wp-json\/wp\/v2\/types\/post"}],"author":[{"embeddable":true,"href":"https:\/\/cvinoticias.com\/v3\/wp-json\/wp\/v2\/users\/2"}],"replies":[{"embeddable":true,"href":"https:\/\/cvinoticias.com\/v3\/wp-json\/wp\/v2\/comments?post=9511"}],"version-history":[{"count":1,"href":"https:\/\/cvinoticias.com\/v3\/wp-json\/wp\/v2\/posts\/9511\/revisions"}],"predecessor-version":[{"id":9513,"href":"https:\/\/cvinoticias.com\/v3\/wp-json\/wp\/v2\/posts\/9511\/revisions\/9513"}],"wp:featuredmedia":[{"embeddable":true,"href":"https:\/\/cvinoticias.com\/v3\/wp-json\/wp\/v2\/media\/9512"}],"wp:attachment":[{"href":"https:\/\/cvinoticias.com\/v3\/wp-json\/wp\/v2\/media?parent=9511"}],"wp:term":[{"taxonomy":"category","embeddable":true,"href":"https:\/\/cvinoticias.com\/v3\/wp-json\/wp\/v2\/categories?post=9511"},{"taxonomy":"post_tag","embeddable":true,"href":"https:\/\/cvinoticias.com\/v3\/wp-json\/wp\/v2\/tags?post=9511"}],"curies":[{"name":"wp","href":"https:\/\/api.w.org\/{rel}","templated":true}]}}