{"id":9482,"date":"2021-10-13T12:02:42","date_gmt":"2021-10-13T12:02:42","guid":{"rendered":"https:\/\/cvinoticias.com\/v3\/?p=9482"},"modified":"2021-10-13T12:02:42","modified_gmt":"2021-10-13T12:02:42","slug":"puerto-iguazu-detuvieron-a-un-duo-involucrado-en-el-robo-e-incendio-del-deposito-de-una-empresa","status":"publish","type":"post","link":"https:\/\/cvinoticias.com\/v3\/puerto-iguazu-detuvieron-a-un-duo-involucrado-en-el-robo-e-incendio-del-deposito-de-una-empresa\/","title":{"rendered":"Puerto Iguaz\u00fa: Detuvieron a un d\u00fao involucrado en el robo e incendio del dep\u00f3sito de una empresa"},"content":{"rendered":"\n<p><em><strong>Se trata de un hombre de 43 y una mujer de 21 a\u00f1os, quienes fueron sorprendidos y detenidos dentro de un colectivo con elementos probatorios para las causas.<\/strong><\/em><\/p>\n\n\n\n<p>Las pesquisas se iniciaron cuando la encargada de una empresa situada en calle Obispo Angelelli, denunci\u00f3 que sustrajeron varios elementos de dos dep\u00f3sitos e incendiaron uno de ellos. Por tal motivo, los efectivos de la divisi\u00f3n Investigaciones de la Unidad Regional V en conjunto con la Seccional 2da, realizaron varias pesquisas en el lugar del hecho y cuando recorrieron el predio, hallaron un colectivo en desuso que estaba estacionado en el patio de la empresa.<\/p>\n\n\n\n<figure class=\"wp-block-image size-full\"><a href=\"https:\/\/cvinoticias.com\/wp-content\/uploads\/2021\/10\/FB_IMG_1634126216159.jpg\"><img decoding=\"async\" width=\"818\" height=\"565\" data-src=\"https:\/\/cvinoticias.com\/wp-content\/uploads\/2021\/10\/FB_IMG_1634126216159.jpg\" alt=\"\" class=\"wp-image-9483 lazyload\" data-srcset=\"https:\/\/cvinoticias.com\/wp-content\/uploads\/2021\/10\/FB_IMG_1634126216159.jpg 818w, https:\/\/cvinoticias.com\/wp-content\/uploads\/2021\/10\/FB_IMG_1634126216159-300x207.jpg 300w, https:\/\/cvinoticias.com\/wp-content\/uploads\/2021\/10\/FB_IMG_1634126216159-768x530.jpg 768w\" data-sizes=\"(max-width: 818px) 100vw, 818px\" src=\"data:image\/svg+xml;base64,PHN2ZyB3aWR0aD0iMSIgaGVpZ2h0PSIxIiB4bWxucz0iaHR0cDovL3d3dy53My5vcmcvMjAwMC9zdmciPjwvc3ZnPg==\" style=\"--smush-placeholder-width: 818px; --smush-placeholder-aspect-ratio: 818\/565;\" \/><\/a><\/figure>\n\n\n\n<p>Entonces, los polic\u00edas ingresaron al mismo donde sorprendieron al d\u00fao delictivo con una mochila, un estabilizador, elementos conectores de electricidad, una palanca para abrir ventanas y otros objetos relevantes para la investigaci\u00f3n. Asimismo, mediante el an\u00e1lisis de las c\u00e1maras de seguridad lindantes a la compa\u00f1\u00eda, establecieron que los sospechosos organizaron d\u00edas antes las maniobras il\u00edcitas.<\/p>\n\n\n\n<p>Por orden del Juzgado de Instrucci\u00f3n N\u00b03 de Puerto Iguaz\u00fa, se secuestraron los elementos en tanto que los se\u00f1alados fueron detenidos y alojados en sede policial. Trabajaron en el lugar integrantes de las divisiones Bomberos y Polic\u00eda Cient\u00edfica de Puerto Iguaz\u00fa, adem\u00e1s Bomberos Voluntarios de esta localidad.<\/p>\n\n\n\n<figure class=\"wp-block-image size-full\"><a href=\"https:\/\/cvinoticias.com\/wp-content\/uploads\/2021\/10\/FB_IMG_1634126209465.jpg\"><img decoding=\"async\" width=\"720\" height=\"960\" data-src=\"https:\/\/cvinoticias.com\/wp-content\/uploads\/2021\/10\/FB_IMG_1634126209465.jpg\" alt=\"\" class=\"wp-image-9484 lazyload\" data-srcset=\"https:\/\/cvinoticias.com\/wp-content\/uploads\/2021\/10\/FB_IMG_1634126209465.jpg 720w, https:\/\/cvinoticias.com\/wp-content\/uploads\/2021\/10\/FB_IMG_1634126209465-225x300.jpg 225w\" data-sizes=\"(max-width: 720px) 100vw, 720px\" src=\"data:image\/svg+xml;base64,PHN2ZyB3aWR0aD0iMSIgaGVpZ2h0PSIxIiB4bWxucz0iaHR0cDovL3d3dy53My5vcmcvMjAwMC9zdmciPjwvc3ZnPg==\" style=\"--smush-placeholder-width: 720px; --smush-placeholder-aspect-ratio: 720\/960;\" \/><\/a><\/figure>\n","protected":false},"excerpt":{"rendered":"<p>Se trata de un hombre de 43 y una mujer de 21 a\u00f1os, quienes fueron sorprendidos y detenidos dentro de un colectivo con elementos probatorios para las causas. Las pesquisas se iniciaron cuando la encargada de una empresa situada en calle Obispo Angelelli, denunci\u00f3 que sustrajeron varios elementos de dos dep\u00f3sitos e incendiaron uno de [&hellip;]<\/p>\n","protected":false},"author":2,"featured_media":9485,"comment_status":"open","ping_status":"open","sticky":false,"template":"","format":"standard","meta":{"footnotes":""},"categories":[41],"tags":[],"class_list":["post-9482","post","type-post","status-publish","format-standard","has-post-thumbnail","hentry","category-policiales"],"yoast_head":"<!-- This site is optimized with the Yoast SEO plugin v27.4 - https:\/\/yoast.com\/product\/yoast-seo-wordpress\/ -->\n<title>Puerto Iguaz\u00fa: Detuvieron a un d\u00fao involucrado en el robo e incendio del dep\u00f3sito de una empresa | CVI NOTICIAS<\/title>\n<meta name=\"robots\" content=\"index, follow, max-snippet:-1, max-image-preview:large, max-video-preview:-1\" \/>\n<link rel=\"canonical\" href=\"https:\/\/cvinoticias.com\/v3\/puerto-iguazu-detuvieron-a-un-duo-involucrado-en-el-robo-e-incendio-del-deposito-de-una-empresa\/\" \/>\n<meta property=\"og:locale\" content=\"es_ES\" \/>\n<meta property=\"og:type\" content=\"article\" \/>\n<meta property=\"og:title\" content=\"Puerto Iguaz\u00fa: Detuvieron a un d\u00fao involucrado en el robo e incendio del dep\u00f3sito de una empresa | CVI NOTICIAS\" \/>\n<meta property=\"og:description\" content=\"Se trata de un hombre de 43 y una mujer de 21 a\u00f1os, quienes fueron sorprendidos y detenidos dentro de un colectivo con elementos probatorios para las causas. Las pesquisas se iniciaron cuando la encargada de una empresa situada en calle Obispo Angelelli, denunci\u00f3 que sustrajeron varios elementos de dos dep\u00f3sitos e incendiaron uno de [&hellip;]\" \/>\n<meta property=\"og:url\" content=\"https:\/\/cvinoticias.com\/v3\/puerto-iguazu-detuvieron-a-un-duo-involucrado-en-el-robo-e-incendio-del-deposito-de-una-empresa\/\" \/>\n<meta property=\"og:site_name\" content=\"CVI NOTICIAS\" \/>\n<meta property=\"article:publisher\" content=\"https:\/\/www.facebook.com\/cvinoticias\" \/>\n<meta property=\"article:published_time\" content=\"2021-10-13T12:02:42+00:00\" \/>\n<meta property=\"og:image\" content=\"https:\/\/cvinoticias.com\/wp-content\/uploads\/2021\/10\/FB_IMG_1634126201859.jpg\" \/>\n\t<meta property=\"og:image:width\" content=\"492\" \/>\n\t<meta property=\"og:image:height\" content=\"378\" \/>\n\t<meta property=\"og:image:type\" content=\"image\/jpeg\" \/>\n<meta name=\"author\" content=\"f1000024\" \/>\n<meta name=\"twitter:card\" content=\"summary_large_image\" \/>\n<meta name=\"twitter:label1\" content=\"Escrito por\" \/>\n\t<meta name=\"twitter:data1\" content=\"f1000024\" \/>\n\t<meta name=\"twitter:label2\" content=\"Tiempo de lectura\" \/>\n\t<meta name=\"twitter:data2\" content=\"1 minuto\" \/>\n<script type=\"application\/ld+json\" class=\"yoast-schema-graph\">{\"@context\":\"https:\\\/\\\/schema.org\",\"@graph\":[{\"@type\":\"Article\",\"@id\":\"https:\\\/\\\/cvinoticias.com\\\/v3\\\/puerto-iguazu-detuvieron-a-un-duo-involucrado-en-el-robo-e-incendio-del-deposito-de-una-empresa\\\/#article\",\"isPartOf\":{\"@id\":\"https:\\\/\\\/cvinoticias.com\\\/v3\\\/puerto-iguazu-detuvieron-a-un-duo-involucrado-en-el-robo-e-incendio-del-deposito-de-una-empresa\\\/\"},\"author\":{\"name\":\"f1000024\",\"@id\":\"https:\\\/\\\/cvinoticias.com\\\/v3\\\/#\\\/schema\\\/person\\\/2db77e3c6bc03c538495d7b2b8be9b66\"},\"headline\":\"Puerto Iguaz\u00fa: Detuvieron a un d\u00fao involucrado en el robo e incendio del dep\u00f3sito de una empresa\",\"datePublished\":\"2021-10-13T12:02:42+00:00\",\"mainEntityOfPage\":{\"@id\":\"https:\\\/\\\/cvinoticias.com\\\/v3\\\/puerto-iguazu-detuvieron-a-un-duo-involucrado-en-el-robo-e-incendio-del-deposito-de-una-empresa\\\/\"},\"wordCount\":238,\"commentCount\":0,\"publisher\":{\"@id\":\"https:\\\/\\\/cvinoticias.com\\\/v3\\\/#organization\"},\"image\":{\"@id\":\"https:\\\/\\\/cvinoticias.com\\\/v3\\\/puerto-iguazu-detuvieron-a-un-duo-involucrado-en-el-robo-e-incendio-del-deposito-de-una-empresa\\\/#primaryimage\"},\"thumbnailUrl\":\"https:\\\/\\\/cvinoticias.com\\\/wp-content\\\/uploads\\\/2021\\\/10\\\/FB_IMG_1634126201859.jpg\",\"articleSection\":[\"Policiales\"],\"inLanguage\":\"es\",\"potentialAction\":[{\"@type\":\"CommentAction\",\"name\":\"Comment\",\"target\":[\"https:\\\/\\\/cvinoticias.com\\\/v3\\\/puerto-iguazu-detuvieron-a-un-duo-involucrado-en-el-robo-e-incendio-del-deposito-de-una-empresa\\\/#respond\"]}]},{\"@type\":\"WebPage\",\"@id\":\"https:\\\/\\\/cvinoticias.com\\\/v3\\\/puerto-iguazu-detuvieron-a-un-duo-involucrado-en-el-robo-e-incendio-del-deposito-de-una-empresa\\\/\",\"url\":\"https:\\\/\\\/cvinoticias.com\\\/v3\\\/puerto-iguazu-detuvieron-a-un-duo-involucrado-en-el-robo-e-incendio-del-deposito-de-una-empresa\\\/\",\"name\":\"Puerto Iguaz\u00fa: Detuvieron a un d\u00fao involucrado en el robo e incendio del dep\u00f3sito de una empresa | CVI NOTICIAS\",\"isPartOf\":{\"@id\":\"https:\\\/\\\/cvinoticias.com\\\/v3\\\/#website\"},\"primaryImageOfPage\":{\"@id\":\"https:\\\/\\\/cvinoticias.com\\\/v3\\\/puerto-iguazu-detuvieron-a-un-duo-involucrado-en-el-robo-e-incendio-del-deposito-de-una-empresa\\\/#primaryimage\"},\"image\":{\"@id\":\"https:\\\/\\\/cvinoticias.com\\\/v3\\\/puerto-iguazu-detuvieron-a-un-duo-involucrado-en-el-robo-e-incendio-del-deposito-de-una-empresa\\\/#primaryimage\"},\"thumbnailUrl\":\"https:\\\/\\\/cvinoticias.com\\\/wp-content\\\/uploads\\\/2021\\\/10\\\/FB_IMG_1634126201859.jpg\",\"datePublished\":\"2021-10-13T12:02:42+00:00\",\"breadcrumb\":{\"@id\":\"https:\\\/\\\/cvinoticias.com\\\/v3\\\/puerto-iguazu-detuvieron-a-un-duo-involucrado-en-el-robo-e-incendio-del-deposito-de-una-empresa\\\/#breadcrumb\"},\"inLanguage\":\"es\",\"potentialAction\":[{\"@type\":\"ReadAction\",\"target\":[\"https:\\\/\\\/cvinoticias.com\\\/v3\\\/puerto-iguazu-detuvieron-a-un-duo-involucrado-en-el-robo-e-incendio-del-deposito-de-una-empresa\\\/\"]}]},{\"@type\":\"ImageObject\",\"inLanguage\":\"es\",\"@id\":\"https:\\\/\\\/cvinoticias.com\\\/v3\\\/puerto-iguazu-detuvieron-a-un-duo-involucrado-en-el-robo-e-incendio-del-deposito-de-una-empresa\\\/#primaryimage\",\"url\":\"https:\\\/\\\/cvinoticias.com\\\/wp-content\\\/uploads\\\/2021\\\/10\\\/FB_IMG_1634126201859.jpg\",\"contentUrl\":\"https:\\\/\\\/cvinoticias.com\\\/wp-content\\\/uploads\\\/2021\\\/10\\\/FB_IMG_1634126201859.jpg\",\"width\":492,\"height\":378},{\"@type\":\"BreadcrumbList\",\"@id\":\"https:\\\/\\\/cvinoticias.com\\\/v3\\\/puerto-iguazu-detuvieron-a-un-duo-involucrado-en-el-robo-e-incendio-del-deposito-de-una-empresa\\\/#breadcrumb\",\"itemListElement\":[{\"@type\":\"ListItem\",\"position\":1,\"name\":\"Portada\",\"item\":\"https:\\\/\\\/cvinoticias.com\\\/v3\\\/\"},{\"@type\":\"ListItem\",\"position\":2,\"name\":\"Puerto Iguaz\u00fa: Detuvieron a un d\u00fao involucrado en el robo e incendio del dep\u00f3sito de una empresa\"}]},{\"@type\":\"WebSite\",\"@id\":\"https:\\\/\\\/cvinoticias.com\\\/v3\\\/#website\",\"url\":\"https:\\\/\\\/cvinoticias.com\\\/v3\\\/\",\"name\":\"CVI NOTICIAS\",\"description\":\"\",\"publisher\":{\"@id\":\"https:\\\/\\\/cvinoticias.com\\\/v3\\\/#organization\"},\"alternateName\":\"CVI\",\"potentialAction\":[{\"@type\":\"SearchAction\",\"target\":{\"@type\":\"EntryPoint\",\"urlTemplate\":\"https:\\\/\\\/cvinoticias.com\\\/v3\\\/?s={search_term_string}\"},\"query-input\":{\"@type\":\"PropertyValueSpecification\",\"valueRequired\":true,\"valueName\":\"search_term_string\"}}],\"inLanguage\":\"es\"},{\"@type\":\"Organization\",\"@id\":\"https:\\\/\\\/cvinoticias.com\\\/v3\\\/#organization\",\"name\":\"CVI NOTICIAS\",\"url\":\"https:\\\/\\\/cvinoticias.com\\\/v3\\\/\",\"logo\":{\"@type\":\"ImageObject\",\"inLanguage\":\"es\",\"@id\":\"https:\\\/\\\/cvinoticias.com\\\/v3\\\/#\\\/schema\\\/logo\\\/image\\\/\",\"url\":\"https:\\\/\\\/cvinoticias.com\\\/wp-content\\\/uploads\\\/2023\\\/04\\\/cropped-cropped-cropped-cropped-cropped-3-1.png\",\"contentUrl\":\"https:\\\/\\\/cvinoticias.com\\\/wp-content\\\/uploads\\\/2023\\\/04\\\/cropped-cropped-cropped-cropped-cropped-3-1.png\",\"width\":95,\"height\":122,\"caption\":\"CVI NOTICIAS\"},\"image\":{\"@id\":\"https:\\\/\\\/cvinoticias.com\\\/v3\\\/#\\\/schema\\\/logo\\\/image\\\/\"},\"sameAs\":[\"https:\\\/\\\/www.facebook.com\\\/cvinoticias\",\"https:\\\/\\\/www.instagram.com\\\/cvinoticias\\\/\",\"https:\\\/\\\/www.youtube.com\\\/@CVINOTICIAS\"]},{\"@type\":\"Person\",\"@id\":\"https:\\\/\\\/cvinoticias.com\\\/v3\\\/#\\\/schema\\\/person\\\/2db77e3c6bc03c538495d7b2b8be9b66\",\"name\":\"f1000024\",\"image\":{\"@type\":\"ImageObject\",\"inLanguage\":\"es\",\"@id\":\"https:\\\/\\\/secure.gravatar.com\\\/avatar\\\/d4fe7459cfc51ff5129ce1a732bbef5928568b8092d412ef95611616376bbeed?s=96&d=mm&r=g\",\"url\":\"https:\\\/\\\/secure.gravatar.com\\\/avatar\\\/d4fe7459cfc51ff5129ce1a732bbef5928568b8092d412ef95611616376bbeed?s=96&d=mm&r=g\",\"contentUrl\":\"https:\\\/\\\/secure.gravatar.com\\\/avatar\\\/d4fe7459cfc51ff5129ce1a732bbef5928568b8092d412ef95611616376bbeed?s=96&d=mm&r=g\",\"caption\":\"f1000024\"},\"url\":\"https:\\\/\\\/cvinoticias.com\\\/v3\\\/author\\\/f1000024\\\/\"}]}<\/script>\n<!-- \/ Yoast SEO plugin. -->","yoast_head_json":{"title":"Puerto Iguaz\u00fa: Detuvieron a un d\u00fao involucrado en el robo e incendio del dep\u00f3sito de una empresa | CVI NOTICIAS","robots":{"index":"index","follow":"follow","max-snippet":"max-snippet:-1","max-image-preview":"max-image-preview:large","max-video-preview":"max-video-preview:-1"},"canonical":"https:\/\/cvinoticias.com\/v3\/puerto-iguazu-detuvieron-a-un-duo-involucrado-en-el-robo-e-incendio-del-deposito-de-una-empresa\/","og_locale":"es_ES","og_type":"article","og_title":"Puerto Iguaz\u00fa: Detuvieron a un d\u00fao involucrado en el robo e incendio del dep\u00f3sito de una empresa | CVI NOTICIAS","og_description":"Se trata de un hombre de 43 y una mujer de 21 a\u00f1os, quienes fueron sorprendidos y detenidos dentro de un colectivo con elementos probatorios para las causas. Las pesquisas se iniciaron cuando la encargada de una empresa situada en calle Obispo Angelelli, denunci\u00f3 que sustrajeron varios elementos de dos dep\u00f3sitos e incendiaron uno de [&hellip;]","og_url":"https:\/\/cvinoticias.com\/v3\/puerto-iguazu-detuvieron-a-un-duo-involucrado-en-el-robo-e-incendio-del-deposito-de-una-empresa\/","og_site_name":"CVI NOTICIAS","article_publisher":"https:\/\/www.facebook.com\/cvinoticias","article_published_time":"2021-10-13T12:02:42+00:00","og_image":[{"width":492,"height":378,"url":"https:\/\/cvinoticias.com\/wp-content\/uploads\/2021\/10\/FB_IMG_1634126201859.jpg","type":"image\/jpeg"}],"author":"f1000024","twitter_card":"summary_large_image","twitter_misc":{"Escrito por":"f1000024","Tiempo de lectura":"1 minuto"},"schema":{"@context":"https:\/\/schema.org","@graph":[{"@type":"Article","@id":"https:\/\/cvinoticias.com\/v3\/puerto-iguazu-detuvieron-a-un-duo-involucrado-en-el-robo-e-incendio-del-deposito-de-una-empresa\/#article","isPartOf":{"@id":"https:\/\/cvinoticias.com\/v3\/puerto-iguazu-detuvieron-a-un-duo-involucrado-en-el-robo-e-incendio-del-deposito-de-una-empresa\/"},"author":{"name":"f1000024","@id":"https:\/\/cvinoticias.com\/v3\/#\/schema\/person\/2db77e3c6bc03c538495d7b2b8be9b66"},"headline":"Puerto Iguaz\u00fa: Detuvieron a un d\u00fao involucrado en el robo e incendio del dep\u00f3sito de una empresa","datePublished":"2021-10-13T12:02:42+00:00","mainEntityOfPage":{"@id":"https:\/\/cvinoticias.com\/v3\/puerto-iguazu-detuvieron-a-un-duo-involucrado-en-el-robo-e-incendio-del-deposito-de-una-empresa\/"},"wordCount":238,"commentCount":0,"publisher":{"@id":"https:\/\/cvinoticias.com\/v3\/#organization"},"image":{"@id":"https:\/\/cvinoticias.com\/v3\/puerto-iguazu-detuvieron-a-un-duo-involucrado-en-el-robo-e-incendio-del-deposito-de-una-empresa\/#primaryimage"},"thumbnailUrl":"https:\/\/cvinoticias.com\/wp-content\/uploads\/2021\/10\/FB_IMG_1634126201859.jpg","articleSection":["Policiales"],"inLanguage":"es","potentialAction":[{"@type":"CommentAction","name":"Comment","target":["https:\/\/cvinoticias.com\/v3\/puerto-iguazu-detuvieron-a-un-duo-involucrado-en-el-robo-e-incendio-del-deposito-de-una-empresa\/#respond"]}]},{"@type":"WebPage","@id":"https:\/\/cvinoticias.com\/v3\/puerto-iguazu-detuvieron-a-un-duo-involucrado-en-el-robo-e-incendio-del-deposito-de-una-empresa\/","url":"https:\/\/cvinoticias.com\/v3\/puerto-iguazu-detuvieron-a-un-duo-involucrado-en-el-robo-e-incendio-del-deposito-de-una-empresa\/","name":"Puerto Iguaz\u00fa: Detuvieron a un d\u00fao involucrado en el robo e incendio del dep\u00f3sito de una empresa | CVI NOTICIAS","isPartOf":{"@id":"https:\/\/cvinoticias.com\/v3\/#website"},"primaryImageOfPage":{"@id":"https:\/\/cvinoticias.com\/v3\/puerto-iguazu-detuvieron-a-un-duo-involucrado-en-el-robo-e-incendio-del-deposito-de-una-empresa\/#primaryimage"},"image":{"@id":"https:\/\/cvinoticias.com\/v3\/puerto-iguazu-detuvieron-a-un-duo-involucrado-en-el-robo-e-incendio-del-deposito-de-una-empresa\/#primaryimage"},"thumbnailUrl":"https:\/\/cvinoticias.com\/wp-content\/uploads\/2021\/10\/FB_IMG_1634126201859.jpg","datePublished":"2021-10-13T12:02:42+00:00","breadcrumb":{"@id":"https:\/\/cvinoticias.com\/v3\/puerto-iguazu-detuvieron-a-un-duo-involucrado-en-el-robo-e-incendio-del-deposito-de-una-empresa\/#breadcrumb"},"inLanguage":"es","potentialAction":[{"@type":"ReadAction","target":["https:\/\/cvinoticias.com\/v3\/puerto-iguazu-detuvieron-a-un-duo-involucrado-en-el-robo-e-incendio-del-deposito-de-una-empresa\/"]}]},{"@type":"ImageObject","inLanguage":"es","@id":"https:\/\/cvinoticias.com\/v3\/puerto-iguazu-detuvieron-a-un-duo-involucrado-en-el-robo-e-incendio-del-deposito-de-una-empresa\/#primaryimage","url":"https:\/\/cvinoticias.com\/wp-content\/uploads\/2021\/10\/FB_IMG_1634126201859.jpg","contentUrl":"https:\/\/cvinoticias.com\/wp-content\/uploads\/2021\/10\/FB_IMG_1634126201859.jpg","width":492,"height":378},{"@type":"BreadcrumbList","@id":"https:\/\/cvinoticias.com\/v3\/puerto-iguazu-detuvieron-a-un-duo-involucrado-en-el-robo-e-incendio-del-deposito-de-una-empresa\/#breadcrumb","itemListElement":[{"@type":"ListItem","position":1,"name":"Portada","item":"https:\/\/cvinoticias.com\/v3\/"},{"@type":"ListItem","position":2,"name":"Puerto Iguaz\u00fa: Detuvieron a un d\u00fao involucrado en el robo e incendio del dep\u00f3sito de una empresa"}]},{"@type":"WebSite","@id":"https:\/\/cvinoticias.com\/v3\/#website","url":"https:\/\/cvinoticias.com\/v3\/","name":"CVI NOTICIAS","description":"","publisher":{"@id":"https:\/\/cvinoticias.com\/v3\/#organization"},"alternateName":"CVI","potentialAction":[{"@type":"SearchAction","target":{"@type":"EntryPoint","urlTemplate":"https:\/\/cvinoticias.com\/v3\/?s={search_term_string}"},"query-input":{"@type":"PropertyValueSpecification","valueRequired":true,"valueName":"search_term_string"}}],"inLanguage":"es"},{"@type":"Organization","@id":"https:\/\/cvinoticias.com\/v3\/#organization","name":"CVI NOTICIAS","url":"https:\/\/cvinoticias.com\/v3\/","logo":{"@type":"ImageObject","inLanguage":"es","@id":"https:\/\/cvinoticias.com\/v3\/#\/schema\/logo\/image\/","url":"https:\/\/cvinoticias.com\/wp-content\/uploads\/2023\/04\/cropped-cropped-cropped-cropped-cropped-3-1.png","contentUrl":"https:\/\/cvinoticias.com\/wp-content\/uploads\/2023\/04\/cropped-cropped-cropped-cropped-cropped-3-1.png","width":95,"height":122,"caption":"CVI NOTICIAS"},"image":{"@id":"https:\/\/cvinoticias.com\/v3\/#\/schema\/logo\/image\/"},"sameAs":["https:\/\/www.facebook.com\/cvinoticias","https:\/\/www.instagram.com\/cvinoticias\/","https:\/\/www.youtube.com\/@CVINOTICIAS"]},{"@type":"Person","@id":"https:\/\/cvinoticias.com\/v3\/#\/schema\/person\/2db77e3c6bc03c538495d7b2b8be9b66","name":"f1000024","image":{"@type":"ImageObject","inLanguage":"es","@id":"https:\/\/secure.gravatar.com\/avatar\/d4fe7459cfc51ff5129ce1a732bbef5928568b8092d412ef95611616376bbeed?s=96&d=mm&r=g","url":"https:\/\/secure.gravatar.com\/avatar\/d4fe7459cfc51ff5129ce1a732bbef5928568b8092d412ef95611616376bbeed?s=96&d=mm&r=g","contentUrl":"https:\/\/secure.gravatar.com\/avatar\/d4fe7459cfc51ff5129ce1a732bbef5928568b8092d412ef95611616376bbeed?s=96&d=mm&r=g","caption":"f1000024"},"url":"https:\/\/cvinoticias.com\/v3\/author\/f1000024\/"}]}},"_links":{"self":[{"href":"https:\/\/cvinoticias.com\/v3\/wp-json\/wp\/v2\/posts\/9482","targetHints":{"allow":["GET"]}}],"collection":[{"href":"https:\/\/cvinoticias.com\/v3\/wp-json\/wp\/v2\/posts"}],"about":[{"href":"https:\/\/cvinoticias.com\/v3\/wp-json\/wp\/v2\/types\/post"}],"author":[{"embeddable":true,"href":"https:\/\/cvinoticias.com\/v3\/wp-json\/wp\/v2\/users\/2"}],"replies":[{"embeddable":true,"href":"https:\/\/cvinoticias.com\/v3\/wp-json\/wp\/v2\/comments?post=9482"}],"version-history":[{"count":1,"href":"https:\/\/cvinoticias.com\/v3\/wp-json\/wp\/v2\/posts\/9482\/revisions"}],"predecessor-version":[{"id":9486,"href":"https:\/\/cvinoticias.com\/v3\/wp-json\/wp\/v2\/posts\/9482\/revisions\/9486"}],"wp:featuredmedia":[{"embeddable":true,"href":"https:\/\/cvinoticias.com\/v3\/wp-json\/wp\/v2\/media\/9485"}],"wp:attachment":[{"href":"https:\/\/cvinoticias.com\/v3\/wp-json\/wp\/v2\/media?parent=9482"}],"wp:term":[{"taxonomy":"category","embeddable":true,"href":"https:\/\/cvinoticias.com\/v3\/wp-json\/wp\/v2\/categories?post=9482"},{"taxonomy":"post_tag","embeddable":true,"href":"https:\/\/cvinoticias.com\/v3\/wp-json\/wp\/v2\/tags?post=9482"}],"curies":[{"name":"wp","href":"https:\/\/api.w.org\/{rel}","templated":true}]}}