{"id":9473,"date":"2021-10-13T11:16:19","date_gmt":"2021-10-13T11:16:19","guid":{"rendered":"https:\/\/cvinoticias.com\/v3\/?p=9473"},"modified":"2021-10-13T11:16:19","modified_gmt":"2021-10-13T11:16:19","slug":"cuarto-aniversario-de-la-localidad-de-pozo-azul","status":"publish","type":"post","link":"https:\/\/cvinoticias.com\/v3\/cuarto-aniversario-de-la-localidad-de-pozo-azul\/","title":{"rendered":"Cuarto Aniversario de la localidad de Pozo Azul"},"content":{"rendered":"\n<p><strong><em>El gobernador, Oscar Herrera Ahuad, encabez\u00f3 este martes el acto por el aniversario n\u00famero cuatro de la localidad de Pozo Azul, donde enumer\u00f3 los logros alcanzados por la joven comunidad y destac\u00f3 la tarea de los colonos que pueblan la zona.<\/em><\/strong><\/p>\n\n\n\n<p>Ante la comunidad y el intendente, Edgar \u201cConejo\u201d Gonz\u00e1lez, Herrera Ahuad anunci\u00f3 que el municipio recibir\u00e1 en los pr\u00f3ximos mes un cami\u00f3n solicitado por el municipio y record\u00f3 que en sus visitas anteriores, la provincia siempre llev\u00f3 sus aportes para acompa\u00f1a el desarrollo del municipio.<\/p>\n\n\n\n<p>\u201cHemos venido tambi\u00e9n en este tiempo a entregar t\u00edtulos de propiedad para aquellos colonos que reclamaban la pertenencia de su tierra, hemos venido tambi\u00e9n a hacer obras de pozos perforados y red de agua potable en los tiempos dif\u00edciles porque no solamente nos toc\u00f3 la pandemia sino tambi\u00e9n la sequ\u00eda y en un pueblo donde su valor agregado mayor est\u00e1 en el agro y la producci\u00f3n\u201d, describi\u00f3.<\/p>\n\n\n\n<p>En ese sentido, el mandatario provincial record\u00f3 que tanto \u00e9l como Gonz\u00e1lez, asumieron hace menos de dos a\u00f1os y que en el medio tuvieron que gestionar durante la pandemia por el coronavirus, situaci\u00f3n que alter\u00f3 los planes de gobierno que hab\u00edan trazado.<\/p>\n\n\n\n<figure class=\"wp-block-image size-full\"><a href=\"https:\/\/cvinoticias.com\/wp-content\/uploads\/2021\/10\/FB_IMG_1634123022427.jpg\"><img decoding=\"async\" width=\"854\" height=\"570\" data-src=\"https:\/\/cvinoticias.com\/wp-content\/uploads\/2021\/10\/FB_IMG_1634123022427.jpg\" alt=\"\" class=\"wp-image-9475 lazyload\" data-srcset=\"https:\/\/cvinoticias.com\/wp-content\/uploads\/2021\/10\/FB_IMG_1634123022427.jpg 854w, https:\/\/cvinoticias.com\/wp-content\/uploads\/2021\/10\/FB_IMG_1634123022427-300x200.jpg 300w, https:\/\/cvinoticias.com\/wp-content\/uploads\/2021\/10\/FB_IMG_1634123022427-768x513.jpg 768w\" data-sizes=\"(max-width: 854px) 100vw, 854px\" src=\"data:image\/svg+xml;base64,PHN2ZyB3aWR0aD0iMSIgaGVpZ2h0PSIxIiB4bWxucz0iaHR0cDovL3d3dy53My5vcmcvMjAwMC9zdmciPjwvc3ZnPg==\" style=\"--smush-placeholder-width: 854px; --smush-placeholder-aspect-ratio: 854\/570;\" \/><\/a><\/figure>\n\n\n\n<p>\u201cFue un tiempo donde los recursos que estaban destinado a la obra p\u00fablica hubo que redireccionarlos para poder cuidar a todos los misioneros y ponerlos en la salud, por eso no es casualidad que hayamos iniciado la obra del hospital de Pozo Azul que es muy importante. Todo esto lo hicimos en el momento m\u00e1s dif\u00edcil de la Argentina y del mundo y lo pudimos hacer con responsabilidad y con orden en las cuentas p\u00fablicas\u201d, describi\u00f3.<\/p>\n","protected":false},"excerpt":{"rendered":"<p>El gobernador, Oscar Herrera Ahuad, encabez\u00f3 este martes el acto por el aniversario n\u00famero cuatro de la localidad de Pozo Azul, donde enumer\u00f3 los logros alcanzados por la joven comunidad y destac\u00f3 la tarea de los colonos que pueblan la zona. Ante la comunidad y el intendente, Edgar \u201cConejo\u201d Gonz\u00e1lez, Herrera Ahuad anunci\u00f3 que el [&hellip;]<\/p>\n","protected":false},"author":2,"featured_media":9474,"comment_status":"open","ping_status":"open","sticky":false,"template":"","format":"standard","meta":{"footnotes":""},"categories":[43],"tags":[],"class_list":["post-9473","post","type-post","status-publish","format-standard","has-post-thumbnail","hentry","category-provinciales"],"yoast_head":"<!-- This site is optimized with the Yoast SEO plugin v27.4 - https:\/\/yoast.com\/product\/yoast-seo-wordpress\/ -->\n<title>Cuarto Aniversario de la localidad de Pozo Azul | CVI NOTICIAS<\/title>\n<meta name=\"robots\" content=\"index, follow, max-snippet:-1, max-image-preview:large, max-video-preview:-1\" \/>\n<link rel=\"canonical\" href=\"https:\/\/cvinoticias.com\/v3\/cuarto-aniversario-de-la-localidad-de-pozo-azul\/\" \/>\n<meta property=\"og:locale\" content=\"es_ES\" \/>\n<meta property=\"og:type\" content=\"article\" \/>\n<meta property=\"og:title\" content=\"Cuarto Aniversario de la localidad de Pozo Azul | CVI NOTICIAS\" \/>\n<meta property=\"og:description\" content=\"El gobernador, Oscar Herrera Ahuad, encabez\u00f3 este martes el acto por el aniversario n\u00famero cuatro de la localidad de Pozo Azul, donde enumer\u00f3 los logros alcanzados por la joven comunidad y destac\u00f3 la tarea de los colonos que pueblan la zona. Ante la comunidad y el intendente, Edgar \u201cConejo\u201d Gonz\u00e1lez, Herrera Ahuad anunci\u00f3 que el [&hellip;]\" \/>\n<meta property=\"og:url\" content=\"https:\/\/cvinoticias.com\/v3\/cuarto-aniversario-de-la-localidad-de-pozo-azul\/\" \/>\n<meta property=\"og:site_name\" content=\"CVI NOTICIAS\" \/>\n<meta property=\"article:publisher\" content=\"https:\/\/www.facebook.com\/cvinoticias\" \/>\n<meta property=\"article:published_time\" content=\"2021-10-13T11:16:19+00:00\" \/>\n<meta property=\"og:image\" content=\"https:\/\/cvinoticias.com\/wp-content\/uploads\/2021\/10\/FB_IMG_1634123004061.jpg\" \/>\n\t<meta property=\"og:image:width\" content=\"854\" \/>\n\t<meta property=\"og:image:height\" content=\"570\" \/>\n\t<meta property=\"og:image:type\" content=\"image\/jpeg\" \/>\n<meta name=\"author\" content=\"f1000024\" \/>\n<meta name=\"twitter:card\" content=\"summary_large_image\" \/>\n<meta name=\"twitter:label1\" content=\"Escrito por\" \/>\n\t<meta name=\"twitter:data1\" content=\"f1000024\" \/>\n\t<meta name=\"twitter:label2\" content=\"Tiempo de lectura\" \/>\n\t<meta name=\"twitter:data2\" content=\"1 minuto\" \/>\n<script type=\"application\/ld+json\" class=\"yoast-schema-graph\">{\"@context\":\"https:\\\/\\\/schema.org\",\"@graph\":[{\"@type\":\"Article\",\"@id\":\"https:\\\/\\\/cvinoticias.com\\\/v3\\\/cuarto-aniversario-de-la-localidad-de-pozo-azul\\\/#article\",\"isPartOf\":{\"@id\":\"https:\\\/\\\/cvinoticias.com\\\/v3\\\/cuarto-aniversario-de-la-localidad-de-pozo-azul\\\/\"},\"author\":{\"name\":\"f1000024\",\"@id\":\"https:\\\/\\\/cvinoticias.com\\\/v3\\\/#\\\/schema\\\/person\\\/2db77e3c6bc03c538495d7b2b8be9b66\"},\"headline\":\"Cuarto Aniversario de la localidad de Pozo Azul\",\"datePublished\":\"2021-10-13T11:16:19+00:00\",\"mainEntityOfPage\":{\"@id\":\"https:\\\/\\\/cvinoticias.com\\\/v3\\\/cuarto-aniversario-de-la-localidad-de-pozo-azul\\\/\"},\"wordCount\":299,\"commentCount\":0,\"publisher\":{\"@id\":\"https:\\\/\\\/cvinoticias.com\\\/v3\\\/#organization\"},\"image\":{\"@id\":\"https:\\\/\\\/cvinoticias.com\\\/v3\\\/cuarto-aniversario-de-la-localidad-de-pozo-azul\\\/#primaryimage\"},\"thumbnailUrl\":\"https:\\\/\\\/cvinoticias.com\\\/wp-content\\\/uploads\\\/2021\\\/10\\\/FB_IMG_1634123004061.jpg\",\"articleSection\":[\"Provinciales\"],\"inLanguage\":\"es\",\"potentialAction\":[{\"@type\":\"CommentAction\",\"name\":\"Comment\",\"target\":[\"https:\\\/\\\/cvinoticias.com\\\/v3\\\/cuarto-aniversario-de-la-localidad-de-pozo-azul\\\/#respond\"]}]},{\"@type\":\"WebPage\",\"@id\":\"https:\\\/\\\/cvinoticias.com\\\/v3\\\/cuarto-aniversario-de-la-localidad-de-pozo-azul\\\/\",\"url\":\"https:\\\/\\\/cvinoticias.com\\\/v3\\\/cuarto-aniversario-de-la-localidad-de-pozo-azul\\\/\",\"name\":\"Cuarto Aniversario de la localidad de Pozo Azul | CVI NOTICIAS\",\"isPartOf\":{\"@id\":\"https:\\\/\\\/cvinoticias.com\\\/v3\\\/#website\"},\"primaryImageOfPage\":{\"@id\":\"https:\\\/\\\/cvinoticias.com\\\/v3\\\/cuarto-aniversario-de-la-localidad-de-pozo-azul\\\/#primaryimage\"},\"image\":{\"@id\":\"https:\\\/\\\/cvinoticias.com\\\/v3\\\/cuarto-aniversario-de-la-localidad-de-pozo-azul\\\/#primaryimage\"},\"thumbnailUrl\":\"https:\\\/\\\/cvinoticias.com\\\/wp-content\\\/uploads\\\/2021\\\/10\\\/FB_IMG_1634123004061.jpg\",\"datePublished\":\"2021-10-13T11:16:19+00:00\",\"breadcrumb\":{\"@id\":\"https:\\\/\\\/cvinoticias.com\\\/v3\\\/cuarto-aniversario-de-la-localidad-de-pozo-azul\\\/#breadcrumb\"},\"inLanguage\":\"es\",\"potentialAction\":[{\"@type\":\"ReadAction\",\"target\":[\"https:\\\/\\\/cvinoticias.com\\\/v3\\\/cuarto-aniversario-de-la-localidad-de-pozo-azul\\\/\"]}]},{\"@type\":\"ImageObject\",\"inLanguage\":\"es\",\"@id\":\"https:\\\/\\\/cvinoticias.com\\\/v3\\\/cuarto-aniversario-de-la-localidad-de-pozo-azul\\\/#primaryimage\",\"url\":\"https:\\\/\\\/cvinoticias.com\\\/wp-content\\\/uploads\\\/2021\\\/10\\\/FB_IMG_1634123004061.jpg\",\"contentUrl\":\"https:\\\/\\\/cvinoticias.com\\\/wp-content\\\/uploads\\\/2021\\\/10\\\/FB_IMG_1634123004061.jpg\",\"width\":854,\"height\":570},{\"@type\":\"BreadcrumbList\",\"@id\":\"https:\\\/\\\/cvinoticias.com\\\/v3\\\/cuarto-aniversario-de-la-localidad-de-pozo-azul\\\/#breadcrumb\",\"itemListElement\":[{\"@type\":\"ListItem\",\"position\":1,\"name\":\"Portada\",\"item\":\"https:\\\/\\\/cvinoticias.com\\\/v3\\\/\"},{\"@type\":\"ListItem\",\"position\":2,\"name\":\"Cuarto Aniversario de la localidad de Pozo Azul\"}]},{\"@type\":\"WebSite\",\"@id\":\"https:\\\/\\\/cvinoticias.com\\\/v3\\\/#website\",\"url\":\"https:\\\/\\\/cvinoticias.com\\\/v3\\\/\",\"name\":\"CVI NOTICIAS\",\"description\":\"\",\"publisher\":{\"@id\":\"https:\\\/\\\/cvinoticias.com\\\/v3\\\/#organization\"},\"alternateName\":\"CVI\",\"potentialAction\":[{\"@type\":\"SearchAction\",\"target\":{\"@type\":\"EntryPoint\",\"urlTemplate\":\"https:\\\/\\\/cvinoticias.com\\\/v3\\\/?s={search_term_string}\"},\"query-input\":{\"@type\":\"PropertyValueSpecification\",\"valueRequired\":true,\"valueName\":\"search_term_string\"}}],\"inLanguage\":\"es\"},{\"@type\":\"Organization\",\"@id\":\"https:\\\/\\\/cvinoticias.com\\\/v3\\\/#organization\",\"name\":\"CVI NOTICIAS\",\"url\":\"https:\\\/\\\/cvinoticias.com\\\/v3\\\/\",\"logo\":{\"@type\":\"ImageObject\",\"inLanguage\":\"es\",\"@id\":\"https:\\\/\\\/cvinoticias.com\\\/v3\\\/#\\\/schema\\\/logo\\\/image\\\/\",\"url\":\"https:\\\/\\\/cvinoticias.com\\\/wp-content\\\/uploads\\\/2023\\\/04\\\/cropped-cropped-cropped-cropped-cropped-3-1.png\",\"contentUrl\":\"https:\\\/\\\/cvinoticias.com\\\/wp-content\\\/uploads\\\/2023\\\/04\\\/cropped-cropped-cropped-cropped-cropped-3-1.png\",\"width\":95,\"height\":122,\"caption\":\"CVI NOTICIAS\"},\"image\":{\"@id\":\"https:\\\/\\\/cvinoticias.com\\\/v3\\\/#\\\/schema\\\/logo\\\/image\\\/\"},\"sameAs\":[\"https:\\\/\\\/www.facebook.com\\\/cvinoticias\",\"https:\\\/\\\/www.instagram.com\\\/cvinoticias\\\/\",\"https:\\\/\\\/www.youtube.com\\\/@CVINOTICIAS\"]},{\"@type\":\"Person\",\"@id\":\"https:\\\/\\\/cvinoticias.com\\\/v3\\\/#\\\/schema\\\/person\\\/2db77e3c6bc03c538495d7b2b8be9b66\",\"name\":\"f1000024\",\"image\":{\"@type\":\"ImageObject\",\"inLanguage\":\"es\",\"@id\":\"https:\\\/\\\/secure.gravatar.com\\\/avatar\\\/d4fe7459cfc51ff5129ce1a732bbef5928568b8092d412ef95611616376bbeed?s=96&d=mm&r=g\",\"url\":\"https:\\\/\\\/secure.gravatar.com\\\/avatar\\\/d4fe7459cfc51ff5129ce1a732bbef5928568b8092d412ef95611616376bbeed?s=96&d=mm&r=g\",\"contentUrl\":\"https:\\\/\\\/secure.gravatar.com\\\/avatar\\\/d4fe7459cfc51ff5129ce1a732bbef5928568b8092d412ef95611616376bbeed?s=96&d=mm&r=g\",\"caption\":\"f1000024\"},\"url\":\"https:\\\/\\\/cvinoticias.com\\\/v3\\\/author\\\/f1000024\\\/\"}]}<\/script>\n<!-- \/ Yoast SEO plugin. -->","yoast_head_json":{"title":"Cuarto Aniversario de la localidad de Pozo Azul | CVI NOTICIAS","robots":{"index":"index","follow":"follow","max-snippet":"max-snippet:-1","max-image-preview":"max-image-preview:large","max-video-preview":"max-video-preview:-1"},"canonical":"https:\/\/cvinoticias.com\/v3\/cuarto-aniversario-de-la-localidad-de-pozo-azul\/","og_locale":"es_ES","og_type":"article","og_title":"Cuarto Aniversario de la localidad de Pozo Azul | CVI NOTICIAS","og_description":"El gobernador, Oscar Herrera Ahuad, encabez\u00f3 este martes el acto por el aniversario n\u00famero cuatro de la localidad de Pozo Azul, donde enumer\u00f3 los logros alcanzados por la joven comunidad y destac\u00f3 la tarea de los colonos que pueblan la zona. Ante la comunidad y el intendente, Edgar \u201cConejo\u201d Gonz\u00e1lez, Herrera Ahuad anunci\u00f3 que el [&hellip;]","og_url":"https:\/\/cvinoticias.com\/v3\/cuarto-aniversario-de-la-localidad-de-pozo-azul\/","og_site_name":"CVI NOTICIAS","article_publisher":"https:\/\/www.facebook.com\/cvinoticias","article_published_time":"2021-10-13T11:16:19+00:00","og_image":[{"width":854,"height":570,"url":"https:\/\/cvinoticias.com\/wp-content\/uploads\/2021\/10\/FB_IMG_1634123004061.jpg","type":"image\/jpeg"}],"author":"f1000024","twitter_card":"summary_large_image","twitter_misc":{"Escrito por":"f1000024","Tiempo de lectura":"1 minuto"},"schema":{"@context":"https:\/\/schema.org","@graph":[{"@type":"Article","@id":"https:\/\/cvinoticias.com\/v3\/cuarto-aniversario-de-la-localidad-de-pozo-azul\/#article","isPartOf":{"@id":"https:\/\/cvinoticias.com\/v3\/cuarto-aniversario-de-la-localidad-de-pozo-azul\/"},"author":{"name":"f1000024","@id":"https:\/\/cvinoticias.com\/v3\/#\/schema\/person\/2db77e3c6bc03c538495d7b2b8be9b66"},"headline":"Cuarto Aniversario de la localidad de Pozo Azul","datePublished":"2021-10-13T11:16:19+00:00","mainEntityOfPage":{"@id":"https:\/\/cvinoticias.com\/v3\/cuarto-aniversario-de-la-localidad-de-pozo-azul\/"},"wordCount":299,"commentCount":0,"publisher":{"@id":"https:\/\/cvinoticias.com\/v3\/#organization"},"image":{"@id":"https:\/\/cvinoticias.com\/v3\/cuarto-aniversario-de-la-localidad-de-pozo-azul\/#primaryimage"},"thumbnailUrl":"https:\/\/cvinoticias.com\/wp-content\/uploads\/2021\/10\/FB_IMG_1634123004061.jpg","articleSection":["Provinciales"],"inLanguage":"es","potentialAction":[{"@type":"CommentAction","name":"Comment","target":["https:\/\/cvinoticias.com\/v3\/cuarto-aniversario-de-la-localidad-de-pozo-azul\/#respond"]}]},{"@type":"WebPage","@id":"https:\/\/cvinoticias.com\/v3\/cuarto-aniversario-de-la-localidad-de-pozo-azul\/","url":"https:\/\/cvinoticias.com\/v3\/cuarto-aniversario-de-la-localidad-de-pozo-azul\/","name":"Cuarto Aniversario de la localidad de Pozo Azul | CVI NOTICIAS","isPartOf":{"@id":"https:\/\/cvinoticias.com\/v3\/#website"},"primaryImageOfPage":{"@id":"https:\/\/cvinoticias.com\/v3\/cuarto-aniversario-de-la-localidad-de-pozo-azul\/#primaryimage"},"image":{"@id":"https:\/\/cvinoticias.com\/v3\/cuarto-aniversario-de-la-localidad-de-pozo-azul\/#primaryimage"},"thumbnailUrl":"https:\/\/cvinoticias.com\/wp-content\/uploads\/2021\/10\/FB_IMG_1634123004061.jpg","datePublished":"2021-10-13T11:16:19+00:00","breadcrumb":{"@id":"https:\/\/cvinoticias.com\/v3\/cuarto-aniversario-de-la-localidad-de-pozo-azul\/#breadcrumb"},"inLanguage":"es","potentialAction":[{"@type":"ReadAction","target":["https:\/\/cvinoticias.com\/v3\/cuarto-aniversario-de-la-localidad-de-pozo-azul\/"]}]},{"@type":"ImageObject","inLanguage":"es","@id":"https:\/\/cvinoticias.com\/v3\/cuarto-aniversario-de-la-localidad-de-pozo-azul\/#primaryimage","url":"https:\/\/cvinoticias.com\/wp-content\/uploads\/2021\/10\/FB_IMG_1634123004061.jpg","contentUrl":"https:\/\/cvinoticias.com\/wp-content\/uploads\/2021\/10\/FB_IMG_1634123004061.jpg","width":854,"height":570},{"@type":"BreadcrumbList","@id":"https:\/\/cvinoticias.com\/v3\/cuarto-aniversario-de-la-localidad-de-pozo-azul\/#breadcrumb","itemListElement":[{"@type":"ListItem","position":1,"name":"Portada","item":"https:\/\/cvinoticias.com\/v3\/"},{"@type":"ListItem","position":2,"name":"Cuarto Aniversario de la localidad de Pozo Azul"}]},{"@type":"WebSite","@id":"https:\/\/cvinoticias.com\/v3\/#website","url":"https:\/\/cvinoticias.com\/v3\/","name":"CVI NOTICIAS","description":"","publisher":{"@id":"https:\/\/cvinoticias.com\/v3\/#organization"},"alternateName":"CVI","potentialAction":[{"@type":"SearchAction","target":{"@type":"EntryPoint","urlTemplate":"https:\/\/cvinoticias.com\/v3\/?s={search_term_string}"},"query-input":{"@type":"PropertyValueSpecification","valueRequired":true,"valueName":"search_term_string"}}],"inLanguage":"es"},{"@type":"Organization","@id":"https:\/\/cvinoticias.com\/v3\/#organization","name":"CVI NOTICIAS","url":"https:\/\/cvinoticias.com\/v3\/","logo":{"@type":"ImageObject","inLanguage":"es","@id":"https:\/\/cvinoticias.com\/v3\/#\/schema\/logo\/image\/","url":"https:\/\/cvinoticias.com\/wp-content\/uploads\/2023\/04\/cropped-cropped-cropped-cropped-cropped-3-1.png","contentUrl":"https:\/\/cvinoticias.com\/wp-content\/uploads\/2023\/04\/cropped-cropped-cropped-cropped-cropped-3-1.png","width":95,"height":122,"caption":"CVI NOTICIAS"},"image":{"@id":"https:\/\/cvinoticias.com\/v3\/#\/schema\/logo\/image\/"},"sameAs":["https:\/\/www.facebook.com\/cvinoticias","https:\/\/www.instagram.com\/cvinoticias\/","https:\/\/www.youtube.com\/@CVINOTICIAS"]},{"@type":"Person","@id":"https:\/\/cvinoticias.com\/v3\/#\/schema\/person\/2db77e3c6bc03c538495d7b2b8be9b66","name":"f1000024","image":{"@type":"ImageObject","inLanguage":"es","@id":"https:\/\/secure.gravatar.com\/avatar\/d4fe7459cfc51ff5129ce1a732bbef5928568b8092d412ef95611616376bbeed?s=96&d=mm&r=g","url":"https:\/\/secure.gravatar.com\/avatar\/d4fe7459cfc51ff5129ce1a732bbef5928568b8092d412ef95611616376bbeed?s=96&d=mm&r=g","contentUrl":"https:\/\/secure.gravatar.com\/avatar\/d4fe7459cfc51ff5129ce1a732bbef5928568b8092d412ef95611616376bbeed?s=96&d=mm&r=g","caption":"f1000024"},"url":"https:\/\/cvinoticias.com\/v3\/author\/f1000024\/"}]}},"_links":{"self":[{"href":"https:\/\/cvinoticias.com\/v3\/wp-json\/wp\/v2\/posts\/9473","targetHints":{"allow":["GET"]}}],"collection":[{"href":"https:\/\/cvinoticias.com\/v3\/wp-json\/wp\/v2\/posts"}],"about":[{"href":"https:\/\/cvinoticias.com\/v3\/wp-json\/wp\/v2\/types\/post"}],"author":[{"embeddable":true,"href":"https:\/\/cvinoticias.com\/v3\/wp-json\/wp\/v2\/users\/2"}],"replies":[{"embeddable":true,"href":"https:\/\/cvinoticias.com\/v3\/wp-json\/wp\/v2\/comments?post=9473"}],"version-history":[{"count":1,"href":"https:\/\/cvinoticias.com\/v3\/wp-json\/wp\/v2\/posts\/9473\/revisions"}],"predecessor-version":[{"id":9476,"href":"https:\/\/cvinoticias.com\/v3\/wp-json\/wp\/v2\/posts\/9473\/revisions\/9476"}],"wp:featuredmedia":[{"embeddable":true,"href":"https:\/\/cvinoticias.com\/v3\/wp-json\/wp\/v2\/media\/9474"}],"wp:attachment":[{"href":"https:\/\/cvinoticias.com\/v3\/wp-json\/wp\/v2\/media?parent=9473"}],"wp:term":[{"taxonomy":"category","embeddable":true,"href":"https:\/\/cvinoticias.com\/v3\/wp-json\/wp\/v2\/categories?post=9473"},{"taxonomy":"post_tag","embeddable":true,"href":"https:\/\/cvinoticias.com\/v3\/wp-json\/wp\/v2\/tags?post=9473"}],"curies":[{"name":"wp","href":"https:\/\/api.w.org\/{rel}","templated":true}]}}