{"id":9422,"date":"2021-10-12T10:46:17","date_gmt":"2021-10-12T10:46:17","guid":{"rendered":"https:\/\/cvinoticias.com\/v3\/?p=9422"},"modified":"2021-10-12T10:46:17","modified_gmt":"2021-10-12T10:46:17","slug":"covid-19-hoy-inicia-la-inmunizacion-en-chicos-de-3-a-11-anos","status":"publish","type":"post","link":"https:\/\/cvinoticias.com\/v3\/covid-19-hoy-inicia-la-inmunizacion-en-chicos-de-3-a-11-anos\/","title":{"rendered":"Covid-19: Hoy inicia la inmunizaci\u00f3n en chicos de 3 a 11 a\u00f1os"},"content":{"rendered":"\n<p><em><strong>Hoy inicia la inmunizaci\u00f3n en chicos de 3 a 11 a\u00f1os, si el ni\u00f1o tiene fiebre recomiendan cancelar el turno de vacunaci\u00f3n, mientras se avanza en la poblaci\u00f3n de adolescentes<\/strong><\/em> <em><strong>de 12 a 17 a\u00f1os.\u00a0<\/strong><\/em><\/p>\n\n\n\n<p>Este 12 de octubre se dar\u00e1 inicio a la inmunizaci\u00f3n preventiva contra el COVID19 en la poblaci\u00f3n pedi\u00e1trica de 3 a 11 a\u00f1os. Durante los primeros d\u00edas, se sacaron m\u00e1s de 2.500 turnos para esta franja etaria a trav\u00e9s de la aplicaci\u00f3n Alegra MED para el acceso a las dosis disponibles en los vacunatorios.<\/p>\n\n\n\n<p>En cuanto a las recomendaciones a la hora de llevar a los infantes, el subsecretario de Apoyo y Log\u00edstica del Ministerio de Salud P\u00fablica, Carlos B\u00e1ez,\u00a0detall\u00f3 que\u00a0si el ni\u00f1o \u201cest\u00e1 con congesti\u00f3n nasal y no tienen fiebre, se puede vacunar tranquilamente\u201d. En cambio,\u00a0\u201csi tuvo fiebre dos d\u00edas antes lo ideal ser\u00eda que no se vacune y cancele el turno\u201d. Avisar que no se va a concurrir es algo primordial para el plan de vacunaci\u00f3n provincial, porque se avanzar\u00e1 \u201cen funci\u00f3n de la llegada de nuevas dosis y en la asistencia\u201d, a\u00f1adi\u00f3 el doctor.<\/p>\n\n\n\n<p>B\u00e1ez\u00a0fue claro en el hecho de que, como cualquier vacuna, la que se utilizar\u00e1 en la parte pedi\u00e1trica \u201cpuede dar alg\u00fan dolor local y un poco de temperatura, porque son antivirales, pero Sinopharm no genera problemas\u201d.<\/p>\n\n\n\n<p>Sobre el avance de la inmunizaci\u00f3n en la poblaci\u00f3n, la recomendaci\u00f3n es que puedan vacunarse los diversos grupos. Sin embargo,\u00a0aclar\u00f3 que \u201caquellos ni\u00f1os que tienen alguna comorbilidad deber\u00e1n consultar con su pediatra, pero lo ideal es que se vacunen todos\u201d.<\/p>\n\n\n\n<p>En este sentido,\u00a0para tranquilidad de la poblaci\u00f3n, el subsecretario de Apoyo y Log\u00edstica remarc\u00f3 que \u201cpara el grupo etario de 3 a 11 se prob\u00f3 la vacuna en millones de personas\u201d. Para dar paso a una nueva normalidad \u201ces necesario vacunarse, es el \u00fanico camino\u201d, agreg\u00f3 y se\u00f1al\u00f3 que\u00a0\u201cel camino de salida de esta pandemia es la vacunaci\u00f3n masiva\u201d.<\/p>\n\n\n\n<p>Respecto a los\u00a0controles en el paso fronterizo del puente Tancredo Neves, que conecta Foz de Iguaz\u00fa con Misiones, Carlos B\u00e1ez asegur\u00f3 que\u00a0\u201cno hemos encontrado ning\u00fan positivo, ni siquiera en este fin de semana largo.\u00a0La medida de no cobrar el test para beneficiar el turismo fue muy buena porque ingresaron muchos brasile\u00f1os\u201d.<\/p>\n\n\n\n<p>Por otra parte,\u00a0precis\u00f3 que el equipo de Salud que estaba en el puesto de Centinela y el contenedor se trasladan al Puente Posadas \u2013 Encarnaci\u00f3n, \u201cesperando que la Naci\u00f3n abra y cerca del fin de semana tendremos todo listo\u201d. Entre los requerimientos, se mantendr\u00e1n los actuales, las dosis de vacuna, el PCR negativo y el ant\u00edgeno que es costeado por la Provincia.\u00a0\u201cLa vacunaci\u00f3n completa es un requerimiento no negociable\u201d, record\u00f3 Carlos B\u00e1ez.<\/p>\n\n\n\n<p>A nivel poblacional, Misiones tiene registrados en el sistema escolar un n\u00famero superior a 200 mil chicos de entre 3 a 11 a\u00f1os.\u00a0Asimismo,\u00a0la provincia tiene como prioridad avanzar en la inmunizaci\u00f3n de los adolescentes de 12 a 17 a\u00f1os, estimada en unos 151 mil j\u00f3venes en distintas localidades.\u00a0Por este motivo, durante este fin de semana, en los ensayos de la Estudiantina posade\u00f1a, se organizaron postas de vacunaci\u00f3n y la intenci\u00f3n es estar presentes en otros eventos p\u00fablicos para incentivar la inmunizaci\u00f3n.<\/p>\n\n\n\n<p><strong>Fuente: Primera Edici\u00f3n <\/strong><\/p>\n","protected":false},"excerpt":{"rendered":"<p>Hoy inicia la inmunizaci\u00f3n en chicos de 3 a 11 a\u00f1os, si el ni\u00f1o tiene fiebre recomiendan cancelar el turno de vacunaci\u00f3n, mientras se avanza en la poblaci\u00f3n de adolescentes de 12 a 17 a\u00f1os.\u00a0 Este 12 de octubre se dar\u00e1 inicio a la inmunizaci\u00f3n preventiva contra el COVID19 en la poblaci\u00f3n pedi\u00e1trica de 3 [&hellip;]<\/p>\n","protected":false},"author":2,"featured_media":9423,"comment_status":"open","ping_status":"open","sticky":false,"template":"","format":"standard","meta":{"footnotes":""},"categories":[23],"tags":[],"class_list":["post-9422","post","type-post","status-publish","format-standard","has-post-thumbnail","hentry","category-covid-19"],"yoast_head":"<!-- This site is optimized with the Yoast SEO plugin v27.5 - https:\/\/yoast.com\/product\/yoast-seo-wordpress\/ -->\n<title>Covid-19: Hoy inicia la inmunizaci\u00f3n en chicos de 3 a 11 a\u00f1os | CVI NOTICIAS<\/title>\n<meta name=\"robots\" content=\"index, follow, max-snippet:-1, max-image-preview:large, max-video-preview:-1\" \/>\n<link rel=\"canonical\" href=\"https:\/\/cvinoticias.com\/v3\/covid-19-hoy-inicia-la-inmunizacion-en-chicos-de-3-a-11-anos\/\" \/>\n<meta property=\"og:locale\" content=\"es_ES\" \/>\n<meta property=\"og:type\" content=\"article\" \/>\n<meta property=\"og:title\" content=\"Covid-19: Hoy inicia la inmunizaci\u00f3n en chicos de 3 a 11 a\u00f1os | CVI NOTICIAS\" \/>\n<meta property=\"og:description\" content=\"Hoy inicia la inmunizaci\u00f3n en chicos de 3 a 11 a\u00f1os, si el ni\u00f1o tiene fiebre recomiendan cancelar el turno de vacunaci\u00f3n, mientras se avanza en la poblaci\u00f3n de adolescentes de 12 a 17 a\u00f1os.\u00a0 Este 12 de octubre se dar\u00e1 inicio a la inmunizaci\u00f3n preventiva contra el COVID19 en la poblaci\u00f3n pedi\u00e1trica de 3 [&hellip;]\" \/>\n<meta property=\"og:url\" content=\"https:\/\/cvinoticias.com\/v3\/covid-19-hoy-inicia-la-inmunizacion-en-chicos-de-3-a-11-anos\/\" \/>\n<meta property=\"og:site_name\" content=\"CVI NOTICIAS\" \/>\n<meta property=\"article:publisher\" content=\"https:\/\/www.facebook.com\/cvinoticias\" \/>\n<meta property=\"article:published_time\" content=\"2021-10-12T10:46:17+00:00\" \/>\n<meta property=\"og:image\" content=\"https:\/\/cvinoticias.com\/wp-content\/uploads\/2021\/10\/multimedia.normal.9251571236707a34.6e69c3b16f7320636f7669645f6e6f726d616c2e6a7067-1.jpg\" \/>\n\t<meta property=\"og:image:width\" content=\"1068\" \/>\n\t<meta property=\"og:image:height\" content=\"580\" \/>\n\t<meta property=\"og:image:type\" content=\"image\/jpeg\" \/>\n<meta name=\"author\" content=\"f1000024\" \/>\n<meta name=\"twitter:card\" content=\"summary_large_image\" \/>\n<meta name=\"twitter:label1\" content=\"Escrito por\" \/>\n\t<meta name=\"twitter:data1\" content=\"f1000024\" \/>\n\t<meta name=\"twitter:label2\" content=\"Tiempo de lectura\" \/>\n\t<meta name=\"twitter:data2\" content=\"3 minutos\" \/>\n<script type=\"application\/ld+json\" class=\"yoast-schema-graph\">{\"@context\":\"https:\\\/\\\/schema.org\",\"@graph\":[{\"@type\":\"Article\",\"@id\":\"https:\\\/\\\/cvinoticias.com\\\/v3\\\/covid-19-hoy-inicia-la-inmunizacion-en-chicos-de-3-a-11-anos\\\/#article\",\"isPartOf\":{\"@id\":\"https:\\\/\\\/cvinoticias.com\\\/v3\\\/covid-19-hoy-inicia-la-inmunizacion-en-chicos-de-3-a-11-anos\\\/\"},\"author\":{\"name\":\"f1000024\",\"@id\":\"https:\\\/\\\/cvinoticias.com\\\/v3\\\/#\\\/schema\\\/person\\\/2db77e3c6bc03c538495d7b2b8be9b66\"},\"headline\":\"Covid-19: Hoy inicia la inmunizaci\u00f3n en chicos de 3 a 11 a\u00f1os\",\"datePublished\":\"2021-10-12T10:46:17+00:00\",\"mainEntityOfPage\":{\"@id\":\"https:\\\/\\\/cvinoticias.com\\\/v3\\\/covid-19-hoy-inicia-la-inmunizacion-en-chicos-de-3-a-11-anos\\\/\"},\"wordCount\":590,\"commentCount\":0,\"publisher\":{\"@id\":\"https:\\\/\\\/cvinoticias.com\\\/v3\\\/#organization\"},\"image\":{\"@id\":\"https:\\\/\\\/cvinoticias.com\\\/v3\\\/covid-19-hoy-inicia-la-inmunizacion-en-chicos-de-3-a-11-anos\\\/#primaryimage\"},\"thumbnailUrl\":\"https:\\\/\\\/cvinoticias.com\\\/wp-content\\\/uploads\\\/2021\\\/10\\\/multimedia.normal.9251571236707a34.6e69c3b16f7320636f7669645f6e6f726d616c2e6a7067-1.jpg\",\"articleSection\":[\"Covid-19\"],\"inLanguage\":\"es\",\"potentialAction\":[{\"@type\":\"CommentAction\",\"name\":\"Comment\",\"target\":[\"https:\\\/\\\/cvinoticias.com\\\/v3\\\/covid-19-hoy-inicia-la-inmunizacion-en-chicos-de-3-a-11-anos\\\/#respond\"]}]},{\"@type\":\"WebPage\",\"@id\":\"https:\\\/\\\/cvinoticias.com\\\/v3\\\/covid-19-hoy-inicia-la-inmunizacion-en-chicos-de-3-a-11-anos\\\/\",\"url\":\"https:\\\/\\\/cvinoticias.com\\\/v3\\\/covid-19-hoy-inicia-la-inmunizacion-en-chicos-de-3-a-11-anos\\\/\",\"name\":\"Covid-19: Hoy inicia la inmunizaci\u00f3n en chicos de 3 a 11 a\u00f1os | CVI NOTICIAS\",\"isPartOf\":{\"@id\":\"https:\\\/\\\/cvinoticias.com\\\/v3\\\/#website\"},\"primaryImageOfPage\":{\"@id\":\"https:\\\/\\\/cvinoticias.com\\\/v3\\\/covid-19-hoy-inicia-la-inmunizacion-en-chicos-de-3-a-11-anos\\\/#primaryimage\"},\"image\":{\"@id\":\"https:\\\/\\\/cvinoticias.com\\\/v3\\\/covid-19-hoy-inicia-la-inmunizacion-en-chicos-de-3-a-11-anos\\\/#primaryimage\"},\"thumbnailUrl\":\"https:\\\/\\\/cvinoticias.com\\\/wp-content\\\/uploads\\\/2021\\\/10\\\/multimedia.normal.9251571236707a34.6e69c3b16f7320636f7669645f6e6f726d616c2e6a7067-1.jpg\",\"datePublished\":\"2021-10-12T10:46:17+00:00\",\"breadcrumb\":{\"@id\":\"https:\\\/\\\/cvinoticias.com\\\/v3\\\/covid-19-hoy-inicia-la-inmunizacion-en-chicos-de-3-a-11-anos\\\/#breadcrumb\"},\"inLanguage\":\"es\",\"potentialAction\":[{\"@type\":\"ReadAction\",\"target\":[\"https:\\\/\\\/cvinoticias.com\\\/v3\\\/covid-19-hoy-inicia-la-inmunizacion-en-chicos-de-3-a-11-anos\\\/\"]}]},{\"@type\":\"ImageObject\",\"inLanguage\":\"es\",\"@id\":\"https:\\\/\\\/cvinoticias.com\\\/v3\\\/covid-19-hoy-inicia-la-inmunizacion-en-chicos-de-3-a-11-anos\\\/#primaryimage\",\"url\":\"https:\\\/\\\/cvinoticias.com\\\/wp-content\\\/uploads\\\/2021\\\/10\\\/multimedia.normal.9251571236707a34.6e69c3b16f7320636f7669645f6e6f726d616c2e6a7067-1.jpg\",\"contentUrl\":\"https:\\\/\\\/cvinoticias.com\\\/wp-content\\\/uploads\\\/2021\\\/10\\\/multimedia.normal.9251571236707a34.6e69c3b16f7320636f7669645f6e6f726d616c2e6a7067-1.jpg\",\"width\":1068,\"height\":580},{\"@type\":\"BreadcrumbList\",\"@id\":\"https:\\\/\\\/cvinoticias.com\\\/v3\\\/covid-19-hoy-inicia-la-inmunizacion-en-chicos-de-3-a-11-anos\\\/#breadcrumb\",\"itemListElement\":[{\"@type\":\"ListItem\",\"position\":1,\"name\":\"Portada\",\"item\":\"https:\\\/\\\/cvinoticias.com\\\/v3\\\/\"},{\"@type\":\"ListItem\",\"position\":2,\"name\":\"Covid-19: Hoy inicia la inmunizaci\u00f3n en chicos de 3 a 11 a\u00f1os\"}]},{\"@type\":\"WebSite\",\"@id\":\"https:\\\/\\\/cvinoticias.com\\\/v3\\\/#website\",\"url\":\"https:\\\/\\\/cvinoticias.com\\\/v3\\\/\",\"name\":\"CVI NOTICIAS\",\"description\":\"\",\"publisher\":{\"@id\":\"https:\\\/\\\/cvinoticias.com\\\/v3\\\/#organization\"},\"alternateName\":\"CVI\",\"potentialAction\":[{\"@type\":\"SearchAction\",\"target\":{\"@type\":\"EntryPoint\",\"urlTemplate\":\"https:\\\/\\\/cvinoticias.com\\\/v3\\\/?s={search_term_string}\"},\"query-input\":{\"@type\":\"PropertyValueSpecification\",\"valueRequired\":true,\"valueName\":\"search_term_string\"}}],\"inLanguage\":\"es\"},{\"@type\":\"Organization\",\"@id\":\"https:\\\/\\\/cvinoticias.com\\\/v3\\\/#organization\",\"name\":\"CVI NOTICIAS\",\"url\":\"https:\\\/\\\/cvinoticias.com\\\/v3\\\/\",\"logo\":{\"@type\":\"ImageObject\",\"inLanguage\":\"es\",\"@id\":\"https:\\\/\\\/cvinoticias.com\\\/v3\\\/#\\\/schema\\\/logo\\\/image\\\/\",\"url\":\"https:\\\/\\\/cvinoticias.com\\\/wp-content\\\/uploads\\\/2023\\\/04\\\/cropped-cropped-cropped-cropped-cropped-3-1.png\",\"contentUrl\":\"https:\\\/\\\/cvinoticias.com\\\/wp-content\\\/uploads\\\/2023\\\/04\\\/cropped-cropped-cropped-cropped-cropped-3-1.png\",\"width\":95,\"height\":122,\"caption\":\"CVI NOTICIAS\"},\"image\":{\"@id\":\"https:\\\/\\\/cvinoticias.com\\\/v3\\\/#\\\/schema\\\/logo\\\/image\\\/\"},\"sameAs\":[\"https:\\\/\\\/www.facebook.com\\\/cvinoticias\",\"https:\\\/\\\/www.instagram.com\\\/cvinoticias\\\/\",\"https:\\\/\\\/www.youtube.com\\\/@CVINOTICIAS\"]},{\"@type\":\"Person\",\"@id\":\"https:\\\/\\\/cvinoticias.com\\\/v3\\\/#\\\/schema\\\/person\\\/2db77e3c6bc03c538495d7b2b8be9b66\",\"name\":\"f1000024\",\"image\":{\"@type\":\"ImageObject\",\"inLanguage\":\"es\",\"@id\":\"https:\\\/\\\/secure.gravatar.com\\\/avatar\\\/d4fe7459cfc51ff5129ce1a732bbef5928568b8092d412ef95611616376bbeed?s=96&d=mm&r=g\",\"url\":\"https:\\\/\\\/secure.gravatar.com\\\/avatar\\\/d4fe7459cfc51ff5129ce1a732bbef5928568b8092d412ef95611616376bbeed?s=96&d=mm&r=g\",\"contentUrl\":\"https:\\\/\\\/secure.gravatar.com\\\/avatar\\\/d4fe7459cfc51ff5129ce1a732bbef5928568b8092d412ef95611616376bbeed?s=96&d=mm&r=g\",\"caption\":\"f1000024\"},\"url\":\"https:\\\/\\\/cvinoticias.com\\\/v3\\\/author\\\/f1000024\\\/\"}]}<\/script>\n<!-- \/ Yoast SEO plugin. -->","yoast_head_json":{"title":"Covid-19: Hoy inicia la inmunizaci\u00f3n en chicos de 3 a 11 a\u00f1os | CVI NOTICIAS","robots":{"index":"index","follow":"follow","max-snippet":"max-snippet:-1","max-image-preview":"max-image-preview:large","max-video-preview":"max-video-preview:-1"},"canonical":"https:\/\/cvinoticias.com\/v3\/covid-19-hoy-inicia-la-inmunizacion-en-chicos-de-3-a-11-anos\/","og_locale":"es_ES","og_type":"article","og_title":"Covid-19: Hoy inicia la inmunizaci\u00f3n en chicos de 3 a 11 a\u00f1os | CVI NOTICIAS","og_description":"Hoy inicia la inmunizaci\u00f3n en chicos de 3 a 11 a\u00f1os, si el ni\u00f1o tiene fiebre recomiendan cancelar el turno de vacunaci\u00f3n, mientras se avanza en la poblaci\u00f3n de adolescentes de 12 a 17 a\u00f1os.\u00a0 Este 12 de octubre se dar\u00e1 inicio a la inmunizaci\u00f3n preventiva contra el COVID19 en la poblaci\u00f3n pedi\u00e1trica de 3 [&hellip;]","og_url":"https:\/\/cvinoticias.com\/v3\/covid-19-hoy-inicia-la-inmunizacion-en-chicos-de-3-a-11-anos\/","og_site_name":"CVI NOTICIAS","article_publisher":"https:\/\/www.facebook.com\/cvinoticias","article_published_time":"2021-10-12T10:46:17+00:00","og_image":[{"width":1068,"height":580,"url":"https:\/\/cvinoticias.com\/wp-content\/uploads\/2021\/10\/multimedia.normal.9251571236707a34.6e69c3b16f7320636f7669645f6e6f726d616c2e6a7067-1.jpg","type":"image\/jpeg"}],"author":"f1000024","twitter_card":"summary_large_image","twitter_misc":{"Escrito por":"f1000024","Tiempo de lectura":"3 minutos"},"schema":{"@context":"https:\/\/schema.org","@graph":[{"@type":"Article","@id":"https:\/\/cvinoticias.com\/v3\/covid-19-hoy-inicia-la-inmunizacion-en-chicos-de-3-a-11-anos\/#article","isPartOf":{"@id":"https:\/\/cvinoticias.com\/v3\/covid-19-hoy-inicia-la-inmunizacion-en-chicos-de-3-a-11-anos\/"},"author":{"name":"f1000024","@id":"https:\/\/cvinoticias.com\/v3\/#\/schema\/person\/2db77e3c6bc03c538495d7b2b8be9b66"},"headline":"Covid-19: Hoy inicia la inmunizaci\u00f3n en chicos de 3 a 11 a\u00f1os","datePublished":"2021-10-12T10:46:17+00:00","mainEntityOfPage":{"@id":"https:\/\/cvinoticias.com\/v3\/covid-19-hoy-inicia-la-inmunizacion-en-chicos-de-3-a-11-anos\/"},"wordCount":590,"commentCount":0,"publisher":{"@id":"https:\/\/cvinoticias.com\/v3\/#organization"},"image":{"@id":"https:\/\/cvinoticias.com\/v3\/covid-19-hoy-inicia-la-inmunizacion-en-chicos-de-3-a-11-anos\/#primaryimage"},"thumbnailUrl":"https:\/\/cvinoticias.com\/wp-content\/uploads\/2021\/10\/multimedia.normal.9251571236707a34.6e69c3b16f7320636f7669645f6e6f726d616c2e6a7067-1.jpg","articleSection":["Covid-19"],"inLanguage":"es","potentialAction":[{"@type":"CommentAction","name":"Comment","target":["https:\/\/cvinoticias.com\/v3\/covid-19-hoy-inicia-la-inmunizacion-en-chicos-de-3-a-11-anos\/#respond"]}]},{"@type":"WebPage","@id":"https:\/\/cvinoticias.com\/v3\/covid-19-hoy-inicia-la-inmunizacion-en-chicos-de-3-a-11-anos\/","url":"https:\/\/cvinoticias.com\/v3\/covid-19-hoy-inicia-la-inmunizacion-en-chicos-de-3-a-11-anos\/","name":"Covid-19: Hoy inicia la inmunizaci\u00f3n en chicos de 3 a 11 a\u00f1os | CVI NOTICIAS","isPartOf":{"@id":"https:\/\/cvinoticias.com\/v3\/#website"},"primaryImageOfPage":{"@id":"https:\/\/cvinoticias.com\/v3\/covid-19-hoy-inicia-la-inmunizacion-en-chicos-de-3-a-11-anos\/#primaryimage"},"image":{"@id":"https:\/\/cvinoticias.com\/v3\/covid-19-hoy-inicia-la-inmunizacion-en-chicos-de-3-a-11-anos\/#primaryimage"},"thumbnailUrl":"https:\/\/cvinoticias.com\/wp-content\/uploads\/2021\/10\/multimedia.normal.9251571236707a34.6e69c3b16f7320636f7669645f6e6f726d616c2e6a7067-1.jpg","datePublished":"2021-10-12T10:46:17+00:00","breadcrumb":{"@id":"https:\/\/cvinoticias.com\/v3\/covid-19-hoy-inicia-la-inmunizacion-en-chicos-de-3-a-11-anos\/#breadcrumb"},"inLanguage":"es","potentialAction":[{"@type":"ReadAction","target":["https:\/\/cvinoticias.com\/v3\/covid-19-hoy-inicia-la-inmunizacion-en-chicos-de-3-a-11-anos\/"]}]},{"@type":"ImageObject","inLanguage":"es","@id":"https:\/\/cvinoticias.com\/v3\/covid-19-hoy-inicia-la-inmunizacion-en-chicos-de-3-a-11-anos\/#primaryimage","url":"https:\/\/cvinoticias.com\/wp-content\/uploads\/2021\/10\/multimedia.normal.9251571236707a34.6e69c3b16f7320636f7669645f6e6f726d616c2e6a7067-1.jpg","contentUrl":"https:\/\/cvinoticias.com\/wp-content\/uploads\/2021\/10\/multimedia.normal.9251571236707a34.6e69c3b16f7320636f7669645f6e6f726d616c2e6a7067-1.jpg","width":1068,"height":580},{"@type":"BreadcrumbList","@id":"https:\/\/cvinoticias.com\/v3\/covid-19-hoy-inicia-la-inmunizacion-en-chicos-de-3-a-11-anos\/#breadcrumb","itemListElement":[{"@type":"ListItem","position":1,"name":"Portada","item":"https:\/\/cvinoticias.com\/v3\/"},{"@type":"ListItem","position":2,"name":"Covid-19: Hoy inicia la inmunizaci\u00f3n en chicos de 3 a 11 a\u00f1os"}]},{"@type":"WebSite","@id":"https:\/\/cvinoticias.com\/v3\/#website","url":"https:\/\/cvinoticias.com\/v3\/","name":"CVI NOTICIAS","description":"","publisher":{"@id":"https:\/\/cvinoticias.com\/v3\/#organization"},"alternateName":"CVI","potentialAction":[{"@type":"SearchAction","target":{"@type":"EntryPoint","urlTemplate":"https:\/\/cvinoticias.com\/v3\/?s={search_term_string}"},"query-input":{"@type":"PropertyValueSpecification","valueRequired":true,"valueName":"search_term_string"}}],"inLanguage":"es"},{"@type":"Organization","@id":"https:\/\/cvinoticias.com\/v3\/#organization","name":"CVI NOTICIAS","url":"https:\/\/cvinoticias.com\/v3\/","logo":{"@type":"ImageObject","inLanguage":"es","@id":"https:\/\/cvinoticias.com\/v3\/#\/schema\/logo\/image\/","url":"https:\/\/cvinoticias.com\/wp-content\/uploads\/2023\/04\/cropped-cropped-cropped-cropped-cropped-3-1.png","contentUrl":"https:\/\/cvinoticias.com\/wp-content\/uploads\/2023\/04\/cropped-cropped-cropped-cropped-cropped-3-1.png","width":95,"height":122,"caption":"CVI NOTICIAS"},"image":{"@id":"https:\/\/cvinoticias.com\/v3\/#\/schema\/logo\/image\/"},"sameAs":["https:\/\/www.facebook.com\/cvinoticias","https:\/\/www.instagram.com\/cvinoticias\/","https:\/\/www.youtube.com\/@CVINOTICIAS"]},{"@type":"Person","@id":"https:\/\/cvinoticias.com\/v3\/#\/schema\/person\/2db77e3c6bc03c538495d7b2b8be9b66","name":"f1000024","image":{"@type":"ImageObject","inLanguage":"es","@id":"https:\/\/secure.gravatar.com\/avatar\/d4fe7459cfc51ff5129ce1a732bbef5928568b8092d412ef95611616376bbeed?s=96&d=mm&r=g","url":"https:\/\/secure.gravatar.com\/avatar\/d4fe7459cfc51ff5129ce1a732bbef5928568b8092d412ef95611616376bbeed?s=96&d=mm&r=g","contentUrl":"https:\/\/secure.gravatar.com\/avatar\/d4fe7459cfc51ff5129ce1a732bbef5928568b8092d412ef95611616376bbeed?s=96&d=mm&r=g","caption":"f1000024"},"url":"https:\/\/cvinoticias.com\/v3\/author\/f1000024\/"}]}},"_links":{"self":[{"href":"https:\/\/cvinoticias.com\/v3\/wp-json\/wp\/v2\/posts\/9422","targetHints":{"allow":["GET"]}}],"collection":[{"href":"https:\/\/cvinoticias.com\/v3\/wp-json\/wp\/v2\/posts"}],"about":[{"href":"https:\/\/cvinoticias.com\/v3\/wp-json\/wp\/v2\/types\/post"}],"author":[{"embeddable":true,"href":"https:\/\/cvinoticias.com\/v3\/wp-json\/wp\/v2\/users\/2"}],"replies":[{"embeddable":true,"href":"https:\/\/cvinoticias.com\/v3\/wp-json\/wp\/v2\/comments?post=9422"}],"version-history":[{"count":2,"href":"https:\/\/cvinoticias.com\/v3\/wp-json\/wp\/v2\/posts\/9422\/revisions"}],"predecessor-version":[{"id":9425,"href":"https:\/\/cvinoticias.com\/v3\/wp-json\/wp\/v2\/posts\/9422\/revisions\/9425"}],"wp:featuredmedia":[{"embeddable":true,"href":"https:\/\/cvinoticias.com\/v3\/wp-json\/wp\/v2\/media\/9423"}],"wp:attachment":[{"href":"https:\/\/cvinoticias.com\/v3\/wp-json\/wp\/v2\/media?parent=9422"}],"wp:term":[{"taxonomy":"category","embeddable":true,"href":"https:\/\/cvinoticias.com\/v3\/wp-json\/wp\/v2\/categories?post=9422"},{"taxonomy":"post_tag","embeddable":true,"href":"https:\/\/cvinoticias.com\/v3\/wp-json\/wp\/v2\/tags?post=9422"}],"curies":[{"name":"wp","href":"https:\/\/api.w.org\/{rel}","templated":true}]}}