{"id":9418,"date":"2021-10-12T10:33:41","date_gmt":"2021-10-12T10:33:41","guid":{"rendered":"https:\/\/cvinoticias.com\/v3\/?p=9418"},"modified":"2021-10-12T10:33:41","modified_gmt":"2021-10-12T10:33:41","slug":"la-real-academia-espanola-volvio-a-manifestarse-en-contra-del-lenguaje-inclusivo","status":"publish","type":"post","link":"https:\/\/cvinoticias.com\/v3\/la-real-academia-espanola-volvio-a-manifestarse-en-contra-del-lenguaje-inclusivo\/","title":{"rendered":"La Real Academia Espa\u00f1ola volvi\u00f3 a manifestarse en contra del lenguaje inclusivo"},"content":{"rendered":"\n<p><strong>La Real Academia Espa\u00f1ola se expres\u00f3 una vez m\u00e1s en contra de la utilizaci\u00f3n del lenguaje inclusivo,<\/strong>&nbsp;<strong>al sostener que \u201cel uso de la letra x es innecesario e impronunciable\u201d.<\/strong><ins><\/ins><\/p>\n\n\n\n<p>Su postura qued\u00f3 evidenciada nuevamente al responder un par de consultas que los usuarios llevaron a cabo en la red social Twitter con el hashtag #RAEconsultas, mediante el cual la instituci\u00f3n recibe interrogantes sobre la lengua castellana.&nbsp;<\/p>\n\n\n\n<p>\u201cHola, RAE informa, tengo una duda: este famoso lenguaje inclusivo, \u00bfEs una jerigonza o un galimat\u00edas\u201d, pregunt\u00f3 en primer lugar el usuario Claudio Ruiz, a lo que la cuenta @RAEinforma respondi\u00f3:<strong>\u00a0\u201cLo que com\u00fanmente se ha dado en llamar \u2018lenguaje inclusivo\u2019 es un conjunto de estrategias que tienen por objeto evitar el uso gen\u00e9rico del masculino gramatical, mecanismo firmemente asentado en la lengua y que no supone discriminaci\u00f3n sexista alguna\u201d.<\/strong><\/p>\n\n\n\n<p>Asimismo, la usuaria Claudia Canadas sum\u00f3 otro interrogante similar: \u201cHola @RAEinforma yo tambi\u00e9n hace unas semanas les consult\u00e9 acerca de este lenguaje inclusivo, que si \u00bfEs correcto eso de estar usando elle, todxs, nosotrxs, etc? #dudaRAE\u201d. En este caso, la instituci\u00f3n respondi\u00f3: \u201c#RAEconsultas La forma \u00abelle\u00bb y las terminaciones en \u00ab-e\u00bb en voces con flexi\u00f3n \u00ab-o\/-a\u00bb son recursos facticios promovidos en ciertos \u00e1mbitos para referirse a quienes no se identifican con ninguno de los g\u00e9neros del par binario, pero su uso no est\u00e1 generalizado ni asentado\u201d.<\/p>\n\n\n\n<p>\u201c#RAEconsultas Por otro lado, el uso de la letra \u00abx\u00bb como supuesta marca de g\u00e9nero inclusivo es ajeno a la morfolog\u00eda del espa\u00f1ol, adem\u00e1s de innecesario (e impronunciable), pues el masculino gramatical ya cumple esa funci\u00f3n como t\u00e9rmino no marcado de la oposici\u00f3n de g\u00e9nero\u201d, concluy\u00f3 la instituci\u00f3n.<\/p>\n\n\n\n<h3 class=\"wp-block-heading\">\u00abEL LENGUAJE INCLUSIVO AFEA EL IDIOMA\u00bb, DIJO EL DIRECTOR DE LA RAE<\/h3>\n\n\n\n<p>No es la primera vez que la RAE se muestra reacia a este tipo de cambios en el idioma. Por caso, en mayo de este a\u00f1o,\u00a0el director Santiago Mu\u00f1oz Machado afirm\u00f3 que el lenguaje inclusivo \u201cafea el idioma de manera insostenible\u201d.<\/p>\n\n\n\n<p><\/p>\n","protected":false},"excerpt":{"rendered":"<p>La Real Academia Espa\u00f1ola se expres\u00f3 una vez m\u00e1s en contra de la utilizaci\u00f3n del lenguaje inclusivo,&nbsp;al sostener que \u201cel uso de la letra x es innecesario e impronunciable\u201d. Su postura qued\u00f3 evidenciada nuevamente al responder un par de consultas que los usuarios llevaron a cabo en la red social Twitter con el hashtag #RAEconsultas, [&hellip;]<\/p>\n","protected":false},"author":2,"featured_media":9419,"comment_status":"open","ping_status":"open","sticky":false,"template":"","format":"standard","meta":{"footnotes":""},"categories":[47],"tags":[],"class_list":["post-9418","post","type-post","status-publish","format-standard","has-post-thumbnail","hentry","category-sociedad"],"yoast_head":"<!-- This site is optimized with the Yoast SEO plugin v27.4 - https:\/\/yoast.com\/product\/yoast-seo-wordpress\/ -->\n<title>La Real Academia Espa\u00f1ola volvi\u00f3 a manifestarse en contra del lenguaje inclusivo | CVI NOTICIAS<\/title>\n<meta name=\"robots\" content=\"index, follow, max-snippet:-1, max-image-preview:large, max-video-preview:-1\" \/>\n<link rel=\"canonical\" href=\"https:\/\/cvinoticias.com\/v3\/la-real-academia-espanola-volvio-a-manifestarse-en-contra-del-lenguaje-inclusivo\/\" \/>\n<meta property=\"og:locale\" content=\"es_ES\" \/>\n<meta property=\"og:type\" content=\"article\" \/>\n<meta property=\"og:title\" content=\"La Real Academia Espa\u00f1ola volvi\u00f3 a manifestarse en contra del lenguaje inclusivo | CVI NOTICIAS\" \/>\n<meta property=\"og:description\" content=\"La Real Academia Espa\u00f1ola se expres\u00f3 una vez m\u00e1s en contra de la utilizaci\u00f3n del lenguaje inclusivo,&nbsp;al sostener que \u201cel uso de la letra x es innecesario e impronunciable\u201d. Su postura qued\u00f3 evidenciada nuevamente al responder un par de consultas que los usuarios llevaron a cabo en la red social Twitter con el hashtag #RAEconsultas, [&hellip;]\" \/>\n<meta property=\"og:url\" content=\"https:\/\/cvinoticias.com\/v3\/la-real-academia-espanola-volvio-a-manifestarse-en-contra-del-lenguaje-inclusivo\/\" \/>\n<meta property=\"og:site_name\" content=\"CVI NOTICIAS\" \/>\n<meta property=\"article:publisher\" content=\"https:\/\/www.facebook.com\/cvinoticias\" \/>\n<meta property=\"article:published_time\" content=\"2021-10-12T10:33:41+00:00\" \/>\n<meta property=\"og:image\" content=\"https:\/\/cvinoticias.com\/wp-content\/uploads\/2021\/10\/Screenshot_20211012-073253_Facebook.jpg\" \/>\n\t<meta property=\"og:image:width\" content=\"1080\" \/>\n\t<meta property=\"og:image:height\" content=\"455\" \/>\n\t<meta property=\"og:image:type\" content=\"image\/jpeg\" \/>\n<meta name=\"author\" content=\"f1000024\" \/>\n<meta name=\"twitter:card\" content=\"summary_large_image\" \/>\n<meta name=\"twitter:label1\" content=\"Escrito por\" \/>\n\t<meta name=\"twitter:data1\" content=\"f1000024\" \/>\n\t<meta name=\"twitter:label2\" content=\"Tiempo de lectura\" \/>\n\t<meta name=\"twitter:data2\" content=\"2 minutos\" \/>\n<script type=\"application\/ld+json\" class=\"yoast-schema-graph\">{\"@context\":\"https:\\\/\\\/schema.org\",\"@graph\":[{\"@type\":\"Article\",\"@id\":\"https:\\\/\\\/cvinoticias.com\\\/v3\\\/la-real-academia-espanola-volvio-a-manifestarse-en-contra-del-lenguaje-inclusivo\\\/#article\",\"isPartOf\":{\"@id\":\"https:\\\/\\\/cvinoticias.com\\\/v3\\\/la-real-academia-espanola-volvio-a-manifestarse-en-contra-del-lenguaje-inclusivo\\\/\"},\"author\":{\"name\":\"f1000024\",\"@id\":\"https:\\\/\\\/cvinoticias.com\\\/v3\\\/#\\\/schema\\\/person\\\/2db77e3c6bc03c538495d7b2b8be9b66\"},\"headline\":\"La Real Academia Espa\u00f1ola volvi\u00f3 a manifestarse en contra del lenguaje inclusivo\",\"datePublished\":\"2021-10-12T10:33:41+00:00\",\"mainEntityOfPage\":{\"@id\":\"https:\\\/\\\/cvinoticias.com\\\/v3\\\/la-real-academia-espanola-volvio-a-manifestarse-en-contra-del-lenguaje-inclusivo\\\/\"},\"wordCount\":364,\"commentCount\":0,\"publisher\":{\"@id\":\"https:\\\/\\\/cvinoticias.com\\\/v3\\\/#organization\"},\"image\":{\"@id\":\"https:\\\/\\\/cvinoticias.com\\\/v3\\\/la-real-academia-espanola-volvio-a-manifestarse-en-contra-del-lenguaje-inclusivo\\\/#primaryimage\"},\"thumbnailUrl\":\"https:\\\/\\\/cvinoticias.com\\\/wp-content\\\/uploads\\\/2021\\\/10\\\/Screenshot_20211012-073253_Facebook.jpg\",\"articleSection\":[\"Sociedad\"],\"inLanguage\":\"es\",\"potentialAction\":[{\"@type\":\"CommentAction\",\"name\":\"Comment\",\"target\":[\"https:\\\/\\\/cvinoticias.com\\\/v3\\\/la-real-academia-espanola-volvio-a-manifestarse-en-contra-del-lenguaje-inclusivo\\\/#respond\"]}]},{\"@type\":\"WebPage\",\"@id\":\"https:\\\/\\\/cvinoticias.com\\\/v3\\\/la-real-academia-espanola-volvio-a-manifestarse-en-contra-del-lenguaje-inclusivo\\\/\",\"url\":\"https:\\\/\\\/cvinoticias.com\\\/v3\\\/la-real-academia-espanola-volvio-a-manifestarse-en-contra-del-lenguaje-inclusivo\\\/\",\"name\":\"La Real Academia Espa\u00f1ola volvi\u00f3 a manifestarse en contra del lenguaje inclusivo | CVI NOTICIAS\",\"isPartOf\":{\"@id\":\"https:\\\/\\\/cvinoticias.com\\\/v3\\\/#website\"},\"primaryImageOfPage\":{\"@id\":\"https:\\\/\\\/cvinoticias.com\\\/v3\\\/la-real-academia-espanola-volvio-a-manifestarse-en-contra-del-lenguaje-inclusivo\\\/#primaryimage\"},\"image\":{\"@id\":\"https:\\\/\\\/cvinoticias.com\\\/v3\\\/la-real-academia-espanola-volvio-a-manifestarse-en-contra-del-lenguaje-inclusivo\\\/#primaryimage\"},\"thumbnailUrl\":\"https:\\\/\\\/cvinoticias.com\\\/wp-content\\\/uploads\\\/2021\\\/10\\\/Screenshot_20211012-073253_Facebook.jpg\",\"datePublished\":\"2021-10-12T10:33:41+00:00\",\"breadcrumb\":{\"@id\":\"https:\\\/\\\/cvinoticias.com\\\/v3\\\/la-real-academia-espanola-volvio-a-manifestarse-en-contra-del-lenguaje-inclusivo\\\/#breadcrumb\"},\"inLanguage\":\"es\",\"potentialAction\":[{\"@type\":\"ReadAction\",\"target\":[\"https:\\\/\\\/cvinoticias.com\\\/v3\\\/la-real-academia-espanola-volvio-a-manifestarse-en-contra-del-lenguaje-inclusivo\\\/\"]}]},{\"@type\":\"ImageObject\",\"inLanguage\":\"es\",\"@id\":\"https:\\\/\\\/cvinoticias.com\\\/v3\\\/la-real-academia-espanola-volvio-a-manifestarse-en-contra-del-lenguaje-inclusivo\\\/#primaryimage\",\"url\":\"https:\\\/\\\/cvinoticias.com\\\/wp-content\\\/uploads\\\/2021\\\/10\\\/Screenshot_20211012-073253_Facebook.jpg\",\"contentUrl\":\"https:\\\/\\\/cvinoticias.com\\\/wp-content\\\/uploads\\\/2021\\\/10\\\/Screenshot_20211012-073253_Facebook.jpg\",\"width\":1080,\"height\":455},{\"@type\":\"BreadcrumbList\",\"@id\":\"https:\\\/\\\/cvinoticias.com\\\/v3\\\/la-real-academia-espanola-volvio-a-manifestarse-en-contra-del-lenguaje-inclusivo\\\/#breadcrumb\",\"itemListElement\":[{\"@type\":\"ListItem\",\"position\":1,\"name\":\"Portada\",\"item\":\"https:\\\/\\\/cvinoticias.com\\\/v3\\\/\"},{\"@type\":\"ListItem\",\"position\":2,\"name\":\"La Real Academia Espa\u00f1ola volvi\u00f3 a manifestarse en contra del lenguaje inclusivo\"}]},{\"@type\":\"WebSite\",\"@id\":\"https:\\\/\\\/cvinoticias.com\\\/v3\\\/#website\",\"url\":\"https:\\\/\\\/cvinoticias.com\\\/v3\\\/\",\"name\":\"CVI NOTICIAS\",\"description\":\"\",\"publisher\":{\"@id\":\"https:\\\/\\\/cvinoticias.com\\\/v3\\\/#organization\"},\"alternateName\":\"CVI\",\"potentialAction\":[{\"@type\":\"SearchAction\",\"target\":{\"@type\":\"EntryPoint\",\"urlTemplate\":\"https:\\\/\\\/cvinoticias.com\\\/v3\\\/?s={search_term_string}\"},\"query-input\":{\"@type\":\"PropertyValueSpecification\",\"valueRequired\":true,\"valueName\":\"search_term_string\"}}],\"inLanguage\":\"es\"},{\"@type\":\"Organization\",\"@id\":\"https:\\\/\\\/cvinoticias.com\\\/v3\\\/#organization\",\"name\":\"CVI NOTICIAS\",\"url\":\"https:\\\/\\\/cvinoticias.com\\\/v3\\\/\",\"logo\":{\"@type\":\"ImageObject\",\"inLanguage\":\"es\",\"@id\":\"https:\\\/\\\/cvinoticias.com\\\/v3\\\/#\\\/schema\\\/logo\\\/image\\\/\",\"url\":\"https:\\\/\\\/cvinoticias.com\\\/wp-content\\\/uploads\\\/2023\\\/04\\\/cropped-cropped-cropped-cropped-cropped-3-1.png\",\"contentUrl\":\"https:\\\/\\\/cvinoticias.com\\\/wp-content\\\/uploads\\\/2023\\\/04\\\/cropped-cropped-cropped-cropped-cropped-3-1.png\",\"width\":95,\"height\":122,\"caption\":\"CVI NOTICIAS\"},\"image\":{\"@id\":\"https:\\\/\\\/cvinoticias.com\\\/v3\\\/#\\\/schema\\\/logo\\\/image\\\/\"},\"sameAs\":[\"https:\\\/\\\/www.facebook.com\\\/cvinoticias\",\"https:\\\/\\\/www.instagram.com\\\/cvinoticias\\\/\",\"https:\\\/\\\/www.youtube.com\\\/@CVINOTICIAS\"]},{\"@type\":\"Person\",\"@id\":\"https:\\\/\\\/cvinoticias.com\\\/v3\\\/#\\\/schema\\\/person\\\/2db77e3c6bc03c538495d7b2b8be9b66\",\"name\":\"f1000024\",\"image\":{\"@type\":\"ImageObject\",\"inLanguage\":\"es\",\"@id\":\"https:\\\/\\\/secure.gravatar.com\\\/avatar\\\/d4fe7459cfc51ff5129ce1a732bbef5928568b8092d412ef95611616376bbeed?s=96&d=mm&r=g\",\"url\":\"https:\\\/\\\/secure.gravatar.com\\\/avatar\\\/d4fe7459cfc51ff5129ce1a732bbef5928568b8092d412ef95611616376bbeed?s=96&d=mm&r=g\",\"contentUrl\":\"https:\\\/\\\/secure.gravatar.com\\\/avatar\\\/d4fe7459cfc51ff5129ce1a732bbef5928568b8092d412ef95611616376bbeed?s=96&d=mm&r=g\",\"caption\":\"f1000024\"},\"url\":\"https:\\\/\\\/cvinoticias.com\\\/v3\\\/author\\\/f1000024\\\/\"}]}<\/script>\n<!-- \/ Yoast SEO plugin. -->","yoast_head_json":{"title":"La Real Academia Espa\u00f1ola volvi\u00f3 a manifestarse en contra del lenguaje inclusivo | CVI NOTICIAS","robots":{"index":"index","follow":"follow","max-snippet":"max-snippet:-1","max-image-preview":"max-image-preview:large","max-video-preview":"max-video-preview:-1"},"canonical":"https:\/\/cvinoticias.com\/v3\/la-real-academia-espanola-volvio-a-manifestarse-en-contra-del-lenguaje-inclusivo\/","og_locale":"es_ES","og_type":"article","og_title":"La Real Academia Espa\u00f1ola volvi\u00f3 a manifestarse en contra del lenguaje inclusivo | CVI NOTICIAS","og_description":"La Real Academia Espa\u00f1ola se expres\u00f3 una vez m\u00e1s en contra de la utilizaci\u00f3n del lenguaje inclusivo,&nbsp;al sostener que \u201cel uso de la letra x es innecesario e impronunciable\u201d. Su postura qued\u00f3 evidenciada nuevamente al responder un par de consultas que los usuarios llevaron a cabo en la red social Twitter con el hashtag #RAEconsultas, [&hellip;]","og_url":"https:\/\/cvinoticias.com\/v3\/la-real-academia-espanola-volvio-a-manifestarse-en-contra-del-lenguaje-inclusivo\/","og_site_name":"CVI NOTICIAS","article_publisher":"https:\/\/www.facebook.com\/cvinoticias","article_published_time":"2021-10-12T10:33:41+00:00","og_image":[{"width":1080,"height":455,"url":"https:\/\/cvinoticias.com\/wp-content\/uploads\/2021\/10\/Screenshot_20211012-073253_Facebook.jpg","type":"image\/jpeg"}],"author":"f1000024","twitter_card":"summary_large_image","twitter_misc":{"Escrito por":"f1000024","Tiempo de lectura":"2 minutos"},"schema":{"@context":"https:\/\/schema.org","@graph":[{"@type":"Article","@id":"https:\/\/cvinoticias.com\/v3\/la-real-academia-espanola-volvio-a-manifestarse-en-contra-del-lenguaje-inclusivo\/#article","isPartOf":{"@id":"https:\/\/cvinoticias.com\/v3\/la-real-academia-espanola-volvio-a-manifestarse-en-contra-del-lenguaje-inclusivo\/"},"author":{"name":"f1000024","@id":"https:\/\/cvinoticias.com\/v3\/#\/schema\/person\/2db77e3c6bc03c538495d7b2b8be9b66"},"headline":"La Real Academia Espa\u00f1ola volvi\u00f3 a manifestarse en contra del lenguaje inclusivo","datePublished":"2021-10-12T10:33:41+00:00","mainEntityOfPage":{"@id":"https:\/\/cvinoticias.com\/v3\/la-real-academia-espanola-volvio-a-manifestarse-en-contra-del-lenguaje-inclusivo\/"},"wordCount":364,"commentCount":0,"publisher":{"@id":"https:\/\/cvinoticias.com\/v3\/#organization"},"image":{"@id":"https:\/\/cvinoticias.com\/v3\/la-real-academia-espanola-volvio-a-manifestarse-en-contra-del-lenguaje-inclusivo\/#primaryimage"},"thumbnailUrl":"https:\/\/cvinoticias.com\/wp-content\/uploads\/2021\/10\/Screenshot_20211012-073253_Facebook.jpg","articleSection":["Sociedad"],"inLanguage":"es","potentialAction":[{"@type":"CommentAction","name":"Comment","target":["https:\/\/cvinoticias.com\/v3\/la-real-academia-espanola-volvio-a-manifestarse-en-contra-del-lenguaje-inclusivo\/#respond"]}]},{"@type":"WebPage","@id":"https:\/\/cvinoticias.com\/v3\/la-real-academia-espanola-volvio-a-manifestarse-en-contra-del-lenguaje-inclusivo\/","url":"https:\/\/cvinoticias.com\/v3\/la-real-academia-espanola-volvio-a-manifestarse-en-contra-del-lenguaje-inclusivo\/","name":"La Real Academia Espa\u00f1ola volvi\u00f3 a manifestarse en contra del lenguaje inclusivo | CVI NOTICIAS","isPartOf":{"@id":"https:\/\/cvinoticias.com\/v3\/#website"},"primaryImageOfPage":{"@id":"https:\/\/cvinoticias.com\/v3\/la-real-academia-espanola-volvio-a-manifestarse-en-contra-del-lenguaje-inclusivo\/#primaryimage"},"image":{"@id":"https:\/\/cvinoticias.com\/v3\/la-real-academia-espanola-volvio-a-manifestarse-en-contra-del-lenguaje-inclusivo\/#primaryimage"},"thumbnailUrl":"https:\/\/cvinoticias.com\/wp-content\/uploads\/2021\/10\/Screenshot_20211012-073253_Facebook.jpg","datePublished":"2021-10-12T10:33:41+00:00","breadcrumb":{"@id":"https:\/\/cvinoticias.com\/v3\/la-real-academia-espanola-volvio-a-manifestarse-en-contra-del-lenguaje-inclusivo\/#breadcrumb"},"inLanguage":"es","potentialAction":[{"@type":"ReadAction","target":["https:\/\/cvinoticias.com\/v3\/la-real-academia-espanola-volvio-a-manifestarse-en-contra-del-lenguaje-inclusivo\/"]}]},{"@type":"ImageObject","inLanguage":"es","@id":"https:\/\/cvinoticias.com\/v3\/la-real-academia-espanola-volvio-a-manifestarse-en-contra-del-lenguaje-inclusivo\/#primaryimage","url":"https:\/\/cvinoticias.com\/wp-content\/uploads\/2021\/10\/Screenshot_20211012-073253_Facebook.jpg","contentUrl":"https:\/\/cvinoticias.com\/wp-content\/uploads\/2021\/10\/Screenshot_20211012-073253_Facebook.jpg","width":1080,"height":455},{"@type":"BreadcrumbList","@id":"https:\/\/cvinoticias.com\/v3\/la-real-academia-espanola-volvio-a-manifestarse-en-contra-del-lenguaje-inclusivo\/#breadcrumb","itemListElement":[{"@type":"ListItem","position":1,"name":"Portada","item":"https:\/\/cvinoticias.com\/v3\/"},{"@type":"ListItem","position":2,"name":"La Real Academia Espa\u00f1ola volvi\u00f3 a manifestarse en contra del lenguaje inclusivo"}]},{"@type":"WebSite","@id":"https:\/\/cvinoticias.com\/v3\/#website","url":"https:\/\/cvinoticias.com\/v3\/","name":"CVI NOTICIAS","description":"","publisher":{"@id":"https:\/\/cvinoticias.com\/v3\/#organization"},"alternateName":"CVI","potentialAction":[{"@type":"SearchAction","target":{"@type":"EntryPoint","urlTemplate":"https:\/\/cvinoticias.com\/v3\/?s={search_term_string}"},"query-input":{"@type":"PropertyValueSpecification","valueRequired":true,"valueName":"search_term_string"}}],"inLanguage":"es"},{"@type":"Organization","@id":"https:\/\/cvinoticias.com\/v3\/#organization","name":"CVI NOTICIAS","url":"https:\/\/cvinoticias.com\/v3\/","logo":{"@type":"ImageObject","inLanguage":"es","@id":"https:\/\/cvinoticias.com\/v3\/#\/schema\/logo\/image\/","url":"https:\/\/cvinoticias.com\/wp-content\/uploads\/2023\/04\/cropped-cropped-cropped-cropped-cropped-3-1.png","contentUrl":"https:\/\/cvinoticias.com\/wp-content\/uploads\/2023\/04\/cropped-cropped-cropped-cropped-cropped-3-1.png","width":95,"height":122,"caption":"CVI NOTICIAS"},"image":{"@id":"https:\/\/cvinoticias.com\/v3\/#\/schema\/logo\/image\/"},"sameAs":["https:\/\/www.facebook.com\/cvinoticias","https:\/\/www.instagram.com\/cvinoticias\/","https:\/\/www.youtube.com\/@CVINOTICIAS"]},{"@type":"Person","@id":"https:\/\/cvinoticias.com\/v3\/#\/schema\/person\/2db77e3c6bc03c538495d7b2b8be9b66","name":"f1000024","image":{"@type":"ImageObject","inLanguage":"es","@id":"https:\/\/secure.gravatar.com\/avatar\/d4fe7459cfc51ff5129ce1a732bbef5928568b8092d412ef95611616376bbeed?s=96&d=mm&r=g","url":"https:\/\/secure.gravatar.com\/avatar\/d4fe7459cfc51ff5129ce1a732bbef5928568b8092d412ef95611616376bbeed?s=96&d=mm&r=g","contentUrl":"https:\/\/secure.gravatar.com\/avatar\/d4fe7459cfc51ff5129ce1a732bbef5928568b8092d412ef95611616376bbeed?s=96&d=mm&r=g","caption":"f1000024"},"url":"https:\/\/cvinoticias.com\/v3\/author\/f1000024\/"}]}},"_links":{"self":[{"href":"https:\/\/cvinoticias.com\/v3\/wp-json\/wp\/v2\/posts\/9418","targetHints":{"allow":["GET"]}}],"collection":[{"href":"https:\/\/cvinoticias.com\/v3\/wp-json\/wp\/v2\/posts"}],"about":[{"href":"https:\/\/cvinoticias.com\/v3\/wp-json\/wp\/v2\/types\/post"}],"author":[{"embeddable":true,"href":"https:\/\/cvinoticias.com\/v3\/wp-json\/wp\/v2\/users\/2"}],"replies":[{"embeddable":true,"href":"https:\/\/cvinoticias.com\/v3\/wp-json\/wp\/v2\/comments?post=9418"}],"version-history":[{"count":2,"href":"https:\/\/cvinoticias.com\/v3\/wp-json\/wp\/v2\/posts\/9418\/revisions"}],"predecessor-version":[{"id":9421,"href":"https:\/\/cvinoticias.com\/v3\/wp-json\/wp\/v2\/posts\/9418\/revisions\/9421"}],"wp:featuredmedia":[{"embeddable":true,"href":"https:\/\/cvinoticias.com\/v3\/wp-json\/wp\/v2\/media\/9419"}],"wp:attachment":[{"href":"https:\/\/cvinoticias.com\/v3\/wp-json\/wp\/v2\/media?parent=9418"}],"wp:term":[{"taxonomy":"category","embeddable":true,"href":"https:\/\/cvinoticias.com\/v3\/wp-json\/wp\/v2\/categories?post=9418"},{"taxonomy":"post_tag","embeddable":true,"href":"https:\/\/cvinoticias.com\/v3\/wp-json\/wp\/v2\/tags?post=9418"}],"curies":[{"name":"wp","href":"https:\/\/api.w.org\/{rel}","templated":true}]}}