{"id":9398,"date":"2021-10-12T03:14:31","date_gmt":"2021-10-12T03:14:31","guid":{"rendered":"https:\/\/cvinoticias.com\/v3\/?p=9398"},"modified":"2021-10-12T03:14:31","modified_gmt":"2021-10-12T03:14:31","slug":"iguazu-la-planta-potabilizadora-de-agua-del-b-las-lenas-quedo-oficialmente-inaugurada","status":"publish","type":"post","link":"https:\/\/cvinoticias.com\/v3\/iguazu-la-planta-potabilizadora-de-agua-del-b-las-lenas-quedo-oficialmente-inaugurada\/","title":{"rendered":"Iguaz\u00fa: La planta potabilizadora de agua del B\u00b0 Las Le\u00f1as qued\u00f3 oficialmente inaugurada"},"content":{"rendered":"\n<p><em><strong>En la tarde de lunes 11 de Octubre qued\u00f3 ofialmente inaugurado la planta potabilizadora de agua del barrio Las Le\u00f1as que abastecer\u00e1 a gran parte de los vecinos de la ciudad con agua potable que se distribuir\u00e1 desde el lugar con el trabajo de bombeo a cargo de IM\u00c1S.<\/strong><\/em><\/p>\n\n\n\n<p>La obra que se entreg\u00f3 est\u00e1 compuesta por una nueva toma de agua sobre el R\u00edo Paran\u00e1, nueva impulsi\u00f3n de agua cruda, con ca\u00f1os de hierro d\u00factil de 700 mm de di\u00e1metro y 3,5 km de longitud; mas una planta potabilizadora con una capacidad de 400 m3 \/hora (ampliable a 800 m3 \/hora en una 2\u00ba etapa y 1.600m3\/hora en una 3\u00ba etapa).<\/p>\n\n\n\n<figure class=\"wp-block-image size-large\"><a href=\"https:\/\/cvinoticias.com\/wp-content\/uploads\/2021\/10\/IMG-20211011-WA0045.jpg\"><img decoding=\"async\" width=\"1024\" height=\"768\" data-src=\"https:\/\/cvinoticias.com\/wp-content\/uploads\/2021\/10\/IMG-20211011-WA0045-1024x768.jpg\" alt=\"\" class=\"wp-image-9399 lazyload\" data-srcset=\"https:\/\/cvinoticias.com\/wp-content\/uploads\/2021\/10\/IMG-20211011-WA0045-1024x768.jpg 1024w, https:\/\/cvinoticias.com\/wp-content\/uploads\/2021\/10\/IMG-20211011-WA0045-300x225.jpg 300w, https:\/\/cvinoticias.com\/wp-content\/uploads\/2021\/10\/IMG-20211011-WA0045-768x576.jpg 768w, https:\/\/cvinoticias.com\/wp-content\/uploads\/2021\/10\/IMG-20211011-WA0045-1536x1152.jpg 1536w, https:\/\/cvinoticias.com\/wp-content\/uploads\/2021\/10\/IMG-20211011-WA0045.jpg 1600w\" data-sizes=\"(max-width: 1024px) 100vw, 1024px\" src=\"data:image\/svg+xml;base64,PHN2ZyB3aWR0aD0iMSIgaGVpZ2h0PSIxIiB4bWxucz0iaHR0cDovL3d3dy53My5vcmcvMjAwMC9zdmciPjwvc3ZnPg==\" style=\"--smush-placeholder-width: 1024px; --smush-placeholder-aspect-ratio: 1024\/768;\" \/><\/a><\/figure>\n\n\n\n<p>Con la puesta en marcha de esta obra, la provisi\u00f3n del vital l\u00edquido potabilizado ser\u00e1 un antes y un despu\u00e9s en la ciudad de Iguaz\u00fa. La financiaci\u00f3n completa de la construcci\u00f3n fue solventada con recursos del Gobierno de Misiones<\/p>\n\n\n\n<p>Tambi\u00e9n Herrera Ahuad visit\u00f3 la toma de agua sobre el r\u00edo Iguaz\u00fa, que se espera se finalice con la obra para el a\u00f1o pr\u00f3ximo. La obra, en esta primera etapa, va a abastecer de agua potable a 30.000 habitantes de la Ciudad de Puerto Iguaz\u00fa. Luego en las pr\u00f3ximas dos etapas, que una vez concluidas permitir\u00e1 que -en total- la nueva toma de agua potable cubra a alrededor de 120.000 habitantes.<\/p>\n\n\n\n<p>Por otro lado recorri\u00f3 la nueva zona fluvial en el Puerto, cedido a Cruceros Iguaz\u00fa para su mejor atenci\u00f3n a los turistas.<\/p>\n\n\n\n<figure class=\"wp-block-image size-large\"><a href=\"https:\/\/cvinoticias.com\/wp-content\/uploads\/2021\/10\/IMG-20211011-WA0117.jpg\"><img decoding=\"async\" width=\"1024\" height=\"768\" data-src=\"https:\/\/cvinoticias.com\/wp-content\/uploads\/2021\/10\/IMG-20211011-WA0117-1024x768.jpg\" alt=\"\" class=\"wp-image-9400 lazyload\" data-srcset=\"https:\/\/cvinoticias.com\/wp-content\/uploads\/2021\/10\/IMG-20211011-WA0117-1024x768.jpg 1024w, https:\/\/cvinoticias.com\/wp-content\/uploads\/2021\/10\/IMG-20211011-WA0117-300x225.jpg 300w, https:\/\/cvinoticias.com\/wp-content\/uploads\/2021\/10\/IMG-20211011-WA0117-768x576.jpg 768w, https:\/\/cvinoticias.com\/wp-content\/uploads\/2021\/10\/IMG-20211011-WA0117-1536x1152.jpg 1536w, https:\/\/cvinoticias.com\/wp-content\/uploads\/2021\/10\/IMG-20211011-WA0117.jpg 1600w\" data-sizes=\"(max-width: 1024px) 100vw, 1024px\" src=\"data:image\/svg+xml;base64,PHN2ZyB3aWR0aD0iMSIgaGVpZ2h0PSIxIiB4bWxucz0iaHR0cDovL3d3dy53My5vcmcvMjAwMC9zdmciPjwvc3ZnPg==\" style=\"--smush-placeholder-width: 1024px; --smush-placeholder-aspect-ratio: 1024\/768;\" \/><\/a><\/figure>\n\n\n\n<p>Acompa\u00f1aron al Gobernador de Misiones, el ministro de Turismo Jos\u00e9 Mar\u00eda Arr\u00faa, el Ministro de Salud Oscar Alarc\u00f3n, el intendente municipal Claudio Filippa, concejales , diputados Provinciales, el presidente del Iprodha Santiago Ros y dem\u00e1s funcionarios como as\u00ed tambi\u00e9n la prensa local, provincial y vecinos presentes.<\/p>\n\n\n\n<p><\/p>\n\n\n\n<figure class=\"wp-block-image size-large\"><a href=\"https:\/\/cvinoticias.com\/wp-content\/uploads\/2021\/10\/IMG-20211011-WA0104.jpg\"><img decoding=\"async\" width=\"498\" height=\"1024\" data-src=\"https:\/\/cvinoticias.com\/wp-content\/uploads\/2021\/10\/IMG-20211011-WA0104-498x1024.jpg\" alt=\"\" class=\"wp-image-9401 lazyload\" data-srcset=\"https:\/\/cvinoticias.com\/wp-content\/uploads\/2021\/10\/IMG-20211011-WA0104-498x1024.jpg 498w, https:\/\/cvinoticias.com\/wp-content\/uploads\/2021\/10\/IMG-20211011-WA0104-146x300.jpg 146w, https:\/\/cvinoticias.com\/wp-content\/uploads\/2021\/10\/IMG-20211011-WA0104.jpg 622w\" data-sizes=\"(max-width: 498px) 100vw, 498px\" src=\"data:image\/svg+xml;base64,PHN2ZyB3aWR0aD0iMSIgaGVpZ2h0PSIxIiB4bWxucz0iaHR0cDovL3d3dy53My5vcmcvMjAwMC9zdmciPjwvc3ZnPg==\" style=\"--smush-placeholder-width: 498px; --smush-placeholder-aspect-ratio: 498\/1024;\" \/><\/a><\/figure>\n\n\n\n<figure class=\"wp-block-image size-large\"><a href=\"https:\/\/cvinoticias.com\/wp-content\/uploads\/2021\/10\/PicsArt_10-11-04.20.59.jpg\"><img decoding=\"async\" width=\"524\" height=\"1024\" data-src=\"https:\/\/cvinoticias.com\/wp-content\/uploads\/2021\/10\/PicsArt_10-11-04.20.59-524x1024.jpg\" alt=\"\" class=\"wp-image-9402 lazyload\" data-srcset=\"https:\/\/cvinoticias.com\/wp-content\/uploads\/2021\/10\/PicsArt_10-11-04.20.59-524x1024.jpg 524w, https:\/\/cvinoticias.com\/wp-content\/uploads\/2021\/10\/PicsArt_10-11-04.20.59-153x300.jpg 153w, https:\/\/cvinoticias.com\/wp-content\/uploads\/2021\/10\/PicsArt_10-11-04.20.59-768x1502.jpg 768w, https:\/\/cvinoticias.com\/wp-content\/uploads\/2021\/10\/PicsArt_10-11-04.20.59-785x1536.jpg 785w, https:\/\/cvinoticias.com\/wp-content\/uploads\/2021\/10\/PicsArt_10-11-04.20.59.jpg 818w\" data-sizes=\"(max-width: 524px) 100vw, 524px\" src=\"data:image\/svg+xml;base64,PHN2ZyB3aWR0aD0iMSIgaGVpZ2h0PSIxIiB4bWxucz0iaHR0cDovL3d3dy53My5vcmcvMjAwMC9zdmciPjwvc3ZnPg==\" style=\"--smush-placeholder-width: 524px; --smush-placeholder-aspect-ratio: 524\/1024;\" \/><\/a><\/figure>\n","protected":false},"excerpt":{"rendered":"<p>En la tarde de lunes 11 de Octubre qued\u00f3 ofialmente inaugurado la planta potabilizadora de agua del barrio Las Le\u00f1as que abastecer\u00e1 a gran parte de los vecinos de la ciudad con agua potable que se distribuir\u00e1 desde el lugar con el trabajo de bombeo a cargo de IM\u00c1S. La obra que se entreg\u00f3 est\u00e1 [&hellip;]<\/p>\n","protected":false},"author":2,"featured_media":9403,"comment_status":"open","ping_status":"open","sticky":false,"template":"","format":"standard","meta":{"footnotes":""},"categories":[29],"tags":[],"class_list":["post-9398","post","type-post","status-publish","format-standard","has-post-thumbnail","hentry","category-locales"],"yoast_head":"<!-- This site is optimized with the Yoast SEO plugin v27.5 - https:\/\/yoast.com\/product\/yoast-seo-wordpress\/ -->\n<title>Iguaz\u00fa: La planta potabilizadora de agua del B\u00b0 Las Le\u00f1as qued\u00f3 oficialmente inaugurada | CVI NOTICIAS<\/title>\n<meta name=\"robots\" content=\"index, follow, max-snippet:-1, max-image-preview:large, max-video-preview:-1\" \/>\n<link rel=\"canonical\" href=\"https:\/\/cvinoticias.com\/v3\/iguazu-la-planta-potabilizadora-de-agua-del-b-las-lenas-quedo-oficialmente-inaugurada\/\" \/>\n<meta property=\"og:locale\" content=\"es_ES\" \/>\n<meta property=\"og:type\" content=\"article\" \/>\n<meta property=\"og:title\" content=\"Iguaz\u00fa: La planta potabilizadora de agua del B\u00b0 Las Le\u00f1as qued\u00f3 oficialmente inaugurada | CVI NOTICIAS\" \/>\n<meta property=\"og:description\" content=\"En la tarde de lunes 11 de Octubre qued\u00f3 ofialmente inaugurado la planta potabilizadora de agua del barrio Las Le\u00f1as que abastecer\u00e1 a gran parte de los vecinos de la ciudad con agua potable que se distribuir\u00e1 desde el lugar con el trabajo de bombeo a cargo de IM\u00c1S. La obra que se entreg\u00f3 est\u00e1 [&hellip;]\" \/>\n<meta property=\"og:url\" content=\"https:\/\/cvinoticias.com\/v3\/iguazu-la-planta-potabilizadora-de-agua-del-b-las-lenas-quedo-oficialmente-inaugurada\/\" \/>\n<meta property=\"og:site_name\" content=\"CVI NOTICIAS\" \/>\n<meta property=\"article:publisher\" content=\"https:\/\/www.facebook.com\/cvinoticias\" \/>\n<meta property=\"article:published_time\" content=\"2021-10-12T03:14:31+00:00\" \/>\n<meta property=\"og:image\" content=\"https:\/\/cvinoticias.com\/wp-content\/uploads\/2021\/10\/PicsArt_10-11-11.59.14.jpg\" \/>\n\t<meta property=\"og:image:width\" content=\"1625\" \/>\n\t<meta property=\"og:image:height\" content=\"1080\" \/>\n\t<meta property=\"og:image:type\" content=\"image\/jpeg\" \/>\n<meta name=\"author\" content=\"f1000024\" \/>\n<meta name=\"twitter:card\" content=\"summary_large_image\" \/>\n<meta name=\"twitter:label1\" content=\"Escrito por\" \/>\n\t<meta name=\"twitter:data1\" content=\"f1000024\" \/>\n\t<meta name=\"twitter:label2\" content=\"Tiempo de lectura\" \/>\n\t<meta name=\"twitter:data2\" content=\"2 minutos\" \/>\n<script type=\"application\/ld+json\" class=\"yoast-schema-graph\">{\"@context\":\"https:\\\/\\\/schema.org\",\"@graph\":[{\"@type\":\"Article\",\"@id\":\"https:\\\/\\\/cvinoticias.com\\\/v3\\\/iguazu-la-planta-potabilizadora-de-agua-del-b-las-lenas-quedo-oficialmente-inaugurada\\\/#article\",\"isPartOf\":{\"@id\":\"https:\\\/\\\/cvinoticias.com\\\/v3\\\/iguazu-la-planta-potabilizadora-de-agua-del-b-las-lenas-quedo-oficialmente-inaugurada\\\/\"},\"author\":{\"name\":\"f1000024\",\"@id\":\"https:\\\/\\\/cvinoticias.com\\\/v3\\\/#\\\/schema\\\/person\\\/2db77e3c6bc03c538495d7b2b8be9b66\"},\"headline\":\"Iguaz\u00fa: La planta potabilizadora de agua del B\u00b0 Las Le\u00f1as qued\u00f3 oficialmente inaugurada\",\"datePublished\":\"2021-10-12T03:14:31+00:00\",\"mainEntityOfPage\":{\"@id\":\"https:\\\/\\\/cvinoticias.com\\\/v3\\\/iguazu-la-planta-potabilizadora-de-agua-del-b-las-lenas-quedo-oficialmente-inaugurada\\\/\"},\"wordCount\":319,\"commentCount\":0,\"publisher\":{\"@id\":\"https:\\\/\\\/cvinoticias.com\\\/v3\\\/#organization\"},\"image\":{\"@id\":\"https:\\\/\\\/cvinoticias.com\\\/v3\\\/iguazu-la-planta-potabilizadora-de-agua-del-b-las-lenas-quedo-oficialmente-inaugurada\\\/#primaryimage\"},\"thumbnailUrl\":\"https:\\\/\\\/cvinoticias.com\\\/wp-content\\\/uploads\\\/2021\\\/10\\\/PicsArt_10-11-11.59.14.jpg\",\"articleSection\":[\"Locales\"],\"inLanguage\":\"es\",\"potentialAction\":[{\"@type\":\"CommentAction\",\"name\":\"Comment\",\"target\":[\"https:\\\/\\\/cvinoticias.com\\\/v3\\\/iguazu-la-planta-potabilizadora-de-agua-del-b-las-lenas-quedo-oficialmente-inaugurada\\\/#respond\"]}]},{\"@type\":\"WebPage\",\"@id\":\"https:\\\/\\\/cvinoticias.com\\\/v3\\\/iguazu-la-planta-potabilizadora-de-agua-del-b-las-lenas-quedo-oficialmente-inaugurada\\\/\",\"url\":\"https:\\\/\\\/cvinoticias.com\\\/v3\\\/iguazu-la-planta-potabilizadora-de-agua-del-b-las-lenas-quedo-oficialmente-inaugurada\\\/\",\"name\":\"Iguaz\u00fa: La planta potabilizadora de agua del B\u00b0 Las Le\u00f1as qued\u00f3 oficialmente inaugurada | CVI NOTICIAS\",\"isPartOf\":{\"@id\":\"https:\\\/\\\/cvinoticias.com\\\/v3\\\/#website\"},\"primaryImageOfPage\":{\"@id\":\"https:\\\/\\\/cvinoticias.com\\\/v3\\\/iguazu-la-planta-potabilizadora-de-agua-del-b-las-lenas-quedo-oficialmente-inaugurada\\\/#primaryimage\"},\"image\":{\"@id\":\"https:\\\/\\\/cvinoticias.com\\\/v3\\\/iguazu-la-planta-potabilizadora-de-agua-del-b-las-lenas-quedo-oficialmente-inaugurada\\\/#primaryimage\"},\"thumbnailUrl\":\"https:\\\/\\\/cvinoticias.com\\\/wp-content\\\/uploads\\\/2021\\\/10\\\/PicsArt_10-11-11.59.14.jpg\",\"datePublished\":\"2021-10-12T03:14:31+00:00\",\"breadcrumb\":{\"@id\":\"https:\\\/\\\/cvinoticias.com\\\/v3\\\/iguazu-la-planta-potabilizadora-de-agua-del-b-las-lenas-quedo-oficialmente-inaugurada\\\/#breadcrumb\"},\"inLanguage\":\"es\",\"potentialAction\":[{\"@type\":\"ReadAction\",\"target\":[\"https:\\\/\\\/cvinoticias.com\\\/v3\\\/iguazu-la-planta-potabilizadora-de-agua-del-b-las-lenas-quedo-oficialmente-inaugurada\\\/\"]}]},{\"@type\":\"ImageObject\",\"inLanguage\":\"es\",\"@id\":\"https:\\\/\\\/cvinoticias.com\\\/v3\\\/iguazu-la-planta-potabilizadora-de-agua-del-b-las-lenas-quedo-oficialmente-inaugurada\\\/#primaryimage\",\"url\":\"https:\\\/\\\/cvinoticias.com\\\/wp-content\\\/uploads\\\/2021\\\/10\\\/PicsArt_10-11-11.59.14.jpg\",\"contentUrl\":\"https:\\\/\\\/cvinoticias.com\\\/wp-content\\\/uploads\\\/2021\\\/10\\\/PicsArt_10-11-11.59.14.jpg\",\"width\":1625,\"height\":1080},{\"@type\":\"BreadcrumbList\",\"@id\":\"https:\\\/\\\/cvinoticias.com\\\/v3\\\/iguazu-la-planta-potabilizadora-de-agua-del-b-las-lenas-quedo-oficialmente-inaugurada\\\/#breadcrumb\",\"itemListElement\":[{\"@type\":\"ListItem\",\"position\":1,\"name\":\"Portada\",\"item\":\"https:\\\/\\\/cvinoticias.com\\\/v3\\\/\"},{\"@type\":\"ListItem\",\"position\":2,\"name\":\"Iguaz\u00fa: La planta potabilizadora de agua del B\u00b0 Las Le\u00f1as qued\u00f3 oficialmente inaugurada\"}]},{\"@type\":\"WebSite\",\"@id\":\"https:\\\/\\\/cvinoticias.com\\\/v3\\\/#website\",\"url\":\"https:\\\/\\\/cvinoticias.com\\\/v3\\\/\",\"name\":\"CVI NOTICIAS\",\"description\":\"\",\"publisher\":{\"@id\":\"https:\\\/\\\/cvinoticias.com\\\/v3\\\/#organization\"},\"alternateName\":\"CVI\",\"potentialAction\":[{\"@type\":\"SearchAction\",\"target\":{\"@type\":\"EntryPoint\",\"urlTemplate\":\"https:\\\/\\\/cvinoticias.com\\\/v3\\\/?s={search_term_string}\"},\"query-input\":{\"@type\":\"PropertyValueSpecification\",\"valueRequired\":true,\"valueName\":\"search_term_string\"}}],\"inLanguage\":\"es\"},{\"@type\":\"Organization\",\"@id\":\"https:\\\/\\\/cvinoticias.com\\\/v3\\\/#organization\",\"name\":\"CVI NOTICIAS\",\"url\":\"https:\\\/\\\/cvinoticias.com\\\/v3\\\/\",\"logo\":{\"@type\":\"ImageObject\",\"inLanguage\":\"es\",\"@id\":\"https:\\\/\\\/cvinoticias.com\\\/v3\\\/#\\\/schema\\\/logo\\\/image\\\/\",\"url\":\"https:\\\/\\\/cvinoticias.com\\\/wp-content\\\/uploads\\\/2023\\\/04\\\/cropped-cropped-cropped-cropped-cropped-3-1.png\",\"contentUrl\":\"https:\\\/\\\/cvinoticias.com\\\/wp-content\\\/uploads\\\/2023\\\/04\\\/cropped-cropped-cropped-cropped-cropped-3-1.png\",\"width\":95,\"height\":122,\"caption\":\"CVI NOTICIAS\"},\"image\":{\"@id\":\"https:\\\/\\\/cvinoticias.com\\\/v3\\\/#\\\/schema\\\/logo\\\/image\\\/\"},\"sameAs\":[\"https:\\\/\\\/www.facebook.com\\\/cvinoticias\",\"https:\\\/\\\/www.instagram.com\\\/cvinoticias\\\/\",\"https:\\\/\\\/www.youtube.com\\\/@CVINOTICIAS\"]},{\"@type\":\"Person\",\"@id\":\"https:\\\/\\\/cvinoticias.com\\\/v3\\\/#\\\/schema\\\/person\\\/2db77e3c6bc03c538495d7b2b8be9b66\",\"name\":\"f1000024\",\"image\":{\"@type\":\"ImageObject\",\"inLanguage\":\"es\",\"@id\":\"https:\\\/\\\/secure.gravatar.com\\\/avatar\\\/d4fe7459cfc51ff5129ce1a732bbef5928568b8092d412ef95611616376bbeed?s=96&d=mm&r=g\",\"url\":\"https:\\\/\\\/secure.gravatar.com\\\/avatar\\\/d4fe7459cfc51ff5129ce1a732bbef5928568b8092d412ef95611616376bbeed?s=96&d=mm&r=g\",\"contentUrl\":\"https:\\\/\\\/secure.gravatar.com\\\/avatar\\\/d4fe7459cfc51ff5129ce1a732bbef5928568b8092d412ef95611616376bbeed?s=96&d=mm&r=g\",\"caption\":\"f1000024\"},\"url\":\"https:\\\/\\\/cvinoticias.com\\\/v3\\\/author\\\/f1000024\\\/\"}]}<\/script>\n<!-- \/ Yoast SEO plugin. -->","yoast_head_json":{"title":"Iguaz\u00fa: La planta potabilizadora de agua del B\u00b0 Las Le\u00f1as qued\u00f3 oficialmente inaugurada | CVI NOTICIAS","robots":{"index":"index","follow":"follow","max-snippet":"max-snippet:-1","max-image-preview":"max-image-preview:large","max-video-preview":"max-video-preview:-1"},"canonical":"https:\/\/cvinoticias.com\/v3\/iguazu-la-planta-potabilizadora-de-agua-del-b-las-lenas-quedo-oficialmente-inaugurada\/","og_locale":"es_ES","og_type":"article","og_title":"Iguaz\u00fa: La planta potabilizadora de agua del B\u00b0 Las Le\u00f1as qued\u00f3 oficialmente inaugurada | CVI NOTICIAS","og_description":"En la tarde de lunes 11 de Octubre qued\u00f3 ofialmente inaugurado la planta potabilizadora de agua del barrio Las Le\u00f1as que abastecer\u00e1 a gran parte de los vecinos de la ciudad con agua potable que se distribuir\u00e1 desde el lugar con el trabajo de bombeo a cargo de IM\u00c1S. La obra que se entreg\u00f3 est\u00e1 [&hellip;]","og_url":"https:\/\/cvinoticias.com\/v3\/iguazu-la-planta-potabilizadora-de-agua-del-b-las-lenas-quedo-oficialmente-inaugurada\/","og_site_name":"CVI NOTICIAS","article_publisher":"https:\/\/www.facebook.com\/cvinoticias","article_published_time":"2021-10-12T03:14:31+00:00","og_image":[{"width":1625,"height":1080,"url":"https:\/\/cvinoticias.com\/wp-content\/uploads\/2021\/10\/PicsArt_10-11-11.59.14.jpg","type":"image\/jpeg"}],"author":"f1000024","twitter_card":"summary_large_image","twitter_misc":{"Escrito por":"f1000024","Tiempo de lectura":"2 minutos"},"schema":{"@context":"https:\/\/schema.org","@graph":[{"@type":"Article","@id":"https:\/\/cvinoticias.com\/v3\/iguazu-la-planta-potabilizadora-de-agua-del-b-las-lenas-quedo-oficialmente-inaugurada\/#article","isPartOf":{"@id":"https:\/\/cvinoticias.com\/v3\/iguazu-la-planta-potabilizadora-de-agua-del-b-las-lenas-quedo-oficialmente-inaugurada\/"},"author":{"name":"f1000024","@id":"https:\/\/cvinoticias.com\/v3\/#\/schema\/person\/2db77e3c6bc03c538495d7b2b8be9b66"},"headline":"Iguaz\u00fa: La planta potabilizadora de agua del B\u00b0 Las Le\u00f1as qued\u00f3 oficialmente inaugurada","datePublished":"2021-10-12T03:14:31+00:00","mainEntityOfPage":{"@id":"https:\/\/cvinoticias.com\/v3\/iguazu-la-planta-potabilizadora-de-agua-del-b-las-lenas-quedo-oficialmente-inaugurada\/"},"wordCount":319,"commentCount":0,"publisher":{"@id":"https:\/\/cvinoticias.com\/v3\/#organization"},"image":{"@id":"https:\/\/cvinoticias.com\/v3\/iguazu-la-planta-potabilizadora-de-agua-del-b-las-lenas-quedo-oficialmente-inaugurada\/#primaryimage"},"thumbnailUrl":"https:\/\/cvinoticias.com\/wp-content\/uploads\/2021\/10\/PicsArt_10-11-11.59.14.jpg","articleSection":["Locales"],"inLanguage":"es","potentialAction":[{"@type":"CommentAction","name":"Comment","target":["https:\/\/cvinoticias.com\/v3\/iguazu-la-planta-potabilizadora-de-agua-del-b-las-lenas-quedo-oficialmente-inaugurada\/#respond"]}]},{"@type":"WebPage","@id":"https:\/\/cvinoticias.com\/v3\/iguazu-la-planta-potabilizadora-de-agua-del-b-las-lenas-quedo-oficialmente-inaugurada\/","url":"https:\/\/cvinoticias.com\/v3\/iguazu-la-planta-potabilizadora-de-agua-del-b-las-lenas-quedo-oficialmente-inaugurada\/","name":"Iguaz\u00fa: La planta potabilizadora de agua del B\u00b0 Las Le\u00f1as qued\u00f3 oficialmente inaugurada | CVI NOTICIAS","isPartOf":{"@id":"https:\/\/cvinoticias.com\/v3\/#website"},"primaryImageOfPage":{"@id":"https:\/\/cvinoticias.com\/v3\/iguazu-la-planta-potabilizadora-de-agua-del-b-las-lenas-quedo-oficialmente-inaugurada\/#primaryimage"},"image":{"@id":"https:\/\/cvinoticias.com\/v3\/iguazu-la-planta-potabilizadora-de-agua-del-b-las-lenas-quedo-oficialmente-inaugurada\/#primaryimage"},"thumbnailUrl":"https:\/\/cvinoticias.com\/wp-content\/uploads\/2021\/10\/PicsArt_10-11-11.59.14.jpg","datePublished":"2021-10-12T03:14:31+00:00","breadcrumb":{"@id":"https:\/\/cvinoticias.com\/v3\/iguazu-la-planta-potabilizadora-de-agua-del-b-las-lenas-quedo-oficialmente-inaugurada\/#breadcrumb"},"inLanguage":"es","potentialAction":[{"@type":"ReadAction","target":["https:\/\/cvinoticias.com\/v3\/iguazu-la-planta-potabilizadora-de-agua-del-b-las-lenas-quedo-oficialmente-inaugurada\/"]}]},{"@type":"ImageObject","inLanguage":"es","@id":"https:\/\/cvinoticias.com\/v3\/iguazu-la-planta-potabilizadora-de-agua-del-b-las-lenas-quedo-oficialmente-inaugurada\/#primaryimage","url":"https:\/\/cvinoticias.com\/wp-content\/uploads\/2021\/10\/PicsArt_10-11-11.59.14.jpg","contentUrl":"https:\/\/cvinoticias.com\/wp-content\/uploads\/2021\/10\/PicsArt_10-11-11.59.14.jpg","width":1625,"height":1080},{"@type":"BreadcrumbList","@id":"https:\/\/cvinoticias.com\/v3\/iguazu-la-planta-potabilizadora-de-agua-del-b-las-lenas-quedo-oficialmente-inaugurada\/#breadcrumb","itemListElement":[{"@type":"ListItem","position":1,"name":"Portada","item":"https:\/\/cvinoticias.com\/v3\/"},{"@type":"ListItem","position":2,"name":"Iguaz\u00fa: La planta potabilizadora de agua del B\u00b0 Las Le\u00f1as qued\u00f3 oficialmente inaugurada"}]},{"@type":"WebSite","@id":"https:\/\/cvinoticias.com\/v3\/#website","url":"https:\/\/cvinoticias.com\/v3\/","name":"CVI NOTICIAS","description":"","publisher":{"@id":"https:\/\/cvinoticias.com\/v3\/#organization"},"alternateName":"CVI","potentialAction":[{"@type":"SearchAction","target":{"@type":"EntryPoint","urlTemplate":"https:\/\/cvinoticias.com\/v3\/?s={search_term_string}"},"query-input":{"@type":"PropertyValueSpecification","valueRequired":true,"valueName":"search_term_string"}}],"inLanguage":"es"},{"@type":"Organization","@id":"https:\/\/cvinoticias.com\/v3\/#organization","name":"CVI NOTICIAS","url":"https:\/\/cvinoticias.com\/v3\/","logo":{"@type":"ImageObject","inLanguage":"es","@id":"https:\/\/cvinoticias.com\/v3\/#\/schema\/logo\/image\/","url":"https:\/\/cvinoticias.com\/wp-content\/uploads\/2023\/04\/cropped-cropped-cropped-cropped-cropped-3-1.png","contentUrl":"https:\/\/cvinoticias.com\/wp-content\/uploads\/2023\/04\/cropped-cropped-cropped-cropped-cropped-3-1.png","width":95,"height":122,"caption":"CVI NOTICIAS"},"image":{"@id":"https:\/\/cvinoticias.com\/v3\/#\/schema\/logo\/image\/"},"sameAs":["https:\/\/www.facebook.com\/cvinoticias","https:\/\/www.instagram.com\/cvinoticias\/","https:\/\/www.youtube.com\/@CVINOTICIAS"]},{"@type":"Person","@id":"https:\/\/cvinoticias.com\/v3\/#\/schema\/person\/2db77e3c6bc03c538495d7b2b8be9b66","name":"f1000024","image":{"@type":"ImageObject","inLanguage":"es","@id":"https:\/\/secure.gravatar.com\/avatar\/d4fe7459cfc51ff5129ce1a732bbef5928568b8092d412ef95611616376bbeed?s=96&d=mm&r=g","url":"https:\/\/secure.gravatar.com\/avatar\/d4fe7459cfc51ff5129ce1a732bbef5928568b8092d412ef95611616376bbeed?s=96&d=mm&r=g","contentUrl":"https:\/\/secure.gravatar.com\/avatar\/d4fe7459cfc51ff5129ce1a732bbef5928568b8092d412ef95611616376bbeed?s=96&d=mm&r=g","caption":"f1000024"},"url":"https:\/\/cvinoticias.com\/v3\/author\/f1000024\/"}]}},"_links":{"self":[{"href":"https:\/\/cvinoticias.com\/v3\/wp-json\/wp\/v2\/posts\/9398","targetHints":{"allow":["GET"]}}],"collection":[{"href":"https:\/\/cvinoticias.com\/v3\/wp-json\/wp\/v2\/posts"}],"about":[{"href":"https:\/\/cvinoticias.com\/v3\/wp-json\/wp\/v2\/types\/post"}],"author":[{"embeddable":true,"href":"https:\/\/cvinoticias.com\/v3\/wp-json\/wp\/v2\/users\/2"}],"replies":[{"embeddable":true,"href":"https:\/\/cvinoticias.com\/v3\/wp-json\/wp\/v2\/comments?post=9398"}],"version-history":[{"count":1,"href":"https:\/\/cvinoticias.com\/v3\/wp-json\/wp\/v2\/posts\/9398\/revisions"}],"predecessor-version":[{"id":9404,"href":"https:\/\/cvinoticias.com\/v3\/wp-json\/wp\/v2\/posts\/9398\/revisions\/9404"}],"wp:featuredmedia":[{"embeddable":true,"href":"https:\/\/cvinoticias.com\/v3\/wp-json\/wp\/v2\/media\/9403"}],"wp:attachment":[{"href":"https:\/\/cvinoticias.com\/v3\/wp-json\/wp\/v2\/media?parent=9398"}],"wp:term":[{"taxonomy":"category","embeddable":true,"href":"https:\/\/cvinoticias.com\/v3\/wp-json\/wp\/v2\/categories?post=9398"},{"taxonomy":"post_tag","embeddable":true,"href":"https:\/\/cvinoticias.com\/v3\/wp-json\/wp\/v2\/tags?post=9398"}],"curies":[{"name":"wp","href":"https:\/\/api.w.org\/{rel}","templated":true}]}}