{"id":9395,"date":"2021-10-11T20:54:05","date_gmt":"2021-10-11T20:54:05","guid":{"rendered":"https:\/\/cvinoticias.com\/v3\/?p=9395"},"modified":"2021-10-11T20:54:05","modified_gmt":"2021-10-11T20:54:05","slug":"detuvieron-a-un-hombre-que-asalto-a-mano-armada-en-san-antonio","status":"publish","type":"post","link":"https:\/\/cvinoticias.com\/v3\/detuvieron-a-un-hombre-que-asalto-a-mano-armada-en-san-antonio\/","title":{"rendered":"Detuvieron a un hombre que asalt\u00f3 a mano armada en San Antonio"},"content":{"rendered":"\n<p><strong><em>Se trata de un hombre de 24 a\u00f1os, acusado de robarle a otro de 35 a punta de pistola, dinero en efectivo y dos tel\u00e9fonos celulares. Esta tarde, fue detenido por los efectivos de la Comisar\u00eda local en el barrio Cer\u00e1micas.<\/em><\/strong><\/p>\n\n\n\n<p>La investigaci\u00f3n del caso inici\u00f3 con la denuncia de la v\u00edctima, quien relat\u00f3 que, ayer por la noche cuando se encontraba en su domicilio del barrio Villa Alta, fue abordado por un individuo, que con un arma de fuego le sustrajo la suma de 335 mil pesos, 5 mil reales y dos celulares. Luego se dio a la fuga en una motocicleta, asimismo manifest\u00f3 que, logr\u00f3 reconocer al asaltante.<\/p>\n\n\n\n<p>Esta madrugada en el citado barrio, los efectivos de la Comisar\u00eda de San Antonio con orden del Juzgado de Instrucci\u00f3n N\u00ba 3 de Puerto Iguaz\u00fa, allanaron la casa del sospechoso donde secuestraron dos armas de fuego que ser\u00e1n sometidas a pericias, de las cuales una de ellas presuntamente fue utilizada para cometer el il\u00edcito.<\/p>\n\n\n\n<p>Finalmente, en horas de esta tarde, la dependencia local en conjunto con el Comando Radioel\u00e9ctrico, montaron un operativo en cercan\u00edas del lugar, y sobre la avenida Juan Domingo Per\u00f3n aprehendieron al implicado.<\/p>\n\n\n\n<p>El detenido fue alojado en sede policial a disposici\u00f3n de la Justicia.<\/p>\n","protected":false},"excerpt":{"rendered":"<p>Se trata de un hombre de 24 a\u00f1os, acusado de robarle a otro de 35 a punta de pistola, dinero en efectivo y dos tel\u00e9fonos celulares. Esta tarde, fue detenido por los efectivos de la Comisar\u00eda local en el barrio Cer\u00e1micas. La investigaci\u00f3n del caso inici\u00f3 con la denuncia de la v\u00edctima, quien relat\u00f3 que, [&hellip;]<\/p>\n","protected":false},"author":2,"featured_media":9396,"comment_status":"open","ping_status":"open","sticky":false,"template":"","format":"standard","meta":{"footnotes":""},"categories":[41],"tags":[],"class_list":["post-9395","post","type-post","status-publish","format-standard","has-post-thumbnail","hentry","category-policiales"],"yoast_head":"<!-- This site is optimized with the Yoast SEO plugin v27.4 - https:\/\/yoast.com\/product\/yoast-seo-wordpress\/ -->\n<title>Detuvieron a un hombre que asalt\u00f3 a mano armada en San Antonio | CVI NOTICIAS<\/title>\n<meta name=\"robots\" content=\"index, follow, max-snippet:-1, max-image-preview:large, max-video-preview:-1\" \/>\n<link rel=\"canonical\" href=\"https:\/\/cvinoticias.com\/v3\/detuvieron-a-un-hombre-que-asalto-a-mano-armada-en-san-antonio\/\" \/>\n<meta property=\"og:locale\" content=\"es_ES\" \/>\n<meta property=\"og:type\" content=\"article\" \/>\n<meta property=\"og:title\" content=\"Detuvieron a un hombre que asalt\u00f3 a mano armada en San Antonio | CVI NOTICIAS\" \/>\n<meta property=\"og:description\" content=\"Se trata de un hombre de 24 a\u00f1os, acusado de robarle a otro de 35 a punta de pistola, dinero en efectivo y dos tel\u00e9fonos celulares. Esta tarde, fue detenido por los efectivos de la Comisar\u00eda local en el barrio Cer\u00e1micas. La investigaci\u00f3n del caso inici\u00f3 con la denuncia de la v\u00edctima, quien relat\u00f3 que, [&hellip;]\" \/>\n<meta property=\"og:url\" content=\"https:\/\/cvinoticias.com\/v3\/detuvieron-a-un-hombre-que-asalto-a-mano-armada-en-san-antonio\/\" \/>\n<meta property=\"og:site_name\" content=\"CVI NOTICIAS\" \/>\n<meta property=\"article:publisher\" content=\"https:\/\/www.facebook.com\/cvinoticias\" \/>\n<meta property=\"article:published_time\" content=\"2021-10-11T20:54:05+00:00\" \/>\n<meta property=\"og:image\" content=\"https:\/\/cvinoticias.com\/wp-content\/uploads\/2021\/10\/IMG-20211011-WA0054.jpg\" \/>\n\t<meta property=\"og:image:width\" content=\"1028\" \/>\n\t<meta property=\"og:image:height\" content=\"628\" \/>\n\t<meta property=\"og:image:type\" content=\"image\/jpeg\" \/>\n<meta name=\"author\" content=\"f1000024\" \/>\n<meta name=\"twitter:card\" content=\"summary_large_image\" \/>\n<meta name=\"twitter:label1\" content=\"Escrito por\" \/>\n\t<meta name=\"twitter:data1\" content=\"f1000024\" \/>\n\t<meta name=\"twitter:label2\" content=\"Tiempo de lectura\" \/>\n\t<meta name=\"twitter:data2\" content=\"1 minuto\" \/>\n<script type=\"application\/ld+json\" class=\"yoast-schema-graph\">{\"@context\":\"https:\\\/\\\/schema.org\",\"@graph\":[{\"@type\":\"Article\",\"@id\":\"https:\\\/\\\/cvinoticias.com\\\/v3\\\/detuvieron-a-un-hombre-que-asalto-a-mano-armada-en-san-antonio\\\/#article\",\"isPartOf\":{\"@id\":\"https:\\\/\\\/cvinoticias.com\\\/v3\\\/detuvieron-a-un-hombre-que-asalto-a-mano-armada-en-san-antonio\\\/\"},\"author\":{\"name\":\"f1000024\",\"@id\":\"https:\\\/\\\/cvinoticias.com\\\/v3\\\/#\\\/schema\\\/person\\\/2db77e3c6bc03c538495d7b2b8be9b66\"},\"headline\":\"Detuvieron a un hombre que asalt\u00f3 a mano armada en San Antonio\",\"datePublished\":\"2021-10-11T20:54:05+00:00\",\"mainEntityOfPage\":{\"@id\":\"https:\\\/\\\/cvinoticias.com\\\/v3\\\/detuvieron-a-un-hombre-que-asalto-a-mano-armada-en-san-antonio\\\/\"},\"wordCount\":229,\"commentCount\":0,\"publisher\":{\"@id\":\"https:\\\/\\\/cvinoticias.com\\\/v3\\\/#organization\"},\"image\":{\"@id\":\"https:\\\/\\\/cvinoticias.com\\\/v3\\\/detuvieron-a-un-hombre-que-asalto-a-mano-armada-en-san-antonio\\\/#primaryimage\"},\"thumbnailUrl\":\"https:\\\/\\\/cvinoticias.com\\\/wp-content\\\/uploads\\\/2021\\\/10\\\/IMG-20211011-WA0054.jpg\",\"articleSection\":[\"Policiales\"],\"inLanguage\":\"es\",\"potentialAction\":[{\"@type\":\"CommentAction\",\"name\":\"Comment\",\"target\":[\"https:\\\/\\\/cvinoticias.com\\\/v3\\\/detuvieron-a-un-hombre-que-asalto-a-mano-armada-en-san-antonio\\\/#respond\"]}]},{\"@type\":\"WebPage\",\"@id\":\"https:\\\/\\\/cvinoticias.com\\\/v3\\\/detuvieron-a-un-hombre-que-asalto-a-mano-armada-en-san-antonio\\\/\",\"url\":\"https:\\\/\\\/cvinoticias.com\\\/v3\\\/detuvieron-a-un-hombre-que-asalto-a-mano-armada-en-san-antonio\\\/\",\"name\":\"Detuvieron a un hombre que asalt\u00f3 a mano armada en San Antonio | CVI NOTICIAS\",\"isPartOf\":{\"@id\":\"https:\\\/\\\/cvinoticias.com\\\/v3\\\/#website\"},\"primaryImageOfPage\":{\"@id\":\"https:\\\/\\\/cvinoticias.com\\\/v3\\\/detuvieron-a-un-hombre-que-asalto-a-mano-armada-en-san-antonio\\\/#primaryimage\"},\"image\":{\"@id\":\"https:\\\/\\\/cvinoticias.com\\\/v3\\\/detuvieron-a-un-hombre-que-asalto-a-mano-armada-en-san-antonio\\\/#primaryimage\"},\"thumbnailUrl\":\"https:\\\/\\\/cvinoticias.com\\\/wp-content\\\/uploads\\\/2021\\\/10\\\/IMG-20211011-WA0054.jpg\",\"datePublished\":\"2021-10-11T20:54:05+00:00\",\"breadcrumb\":{\"@id\":\"https:\\\/\\\/cvinoticias.com\\\/v3\\\/detuvieron-a-un-hombre-que-asalto-a-mano-armada-en-san-antonio\\\/#breadcrumb\"},\"inLanguage\":\"es\",\"potentialAction\":[{\"@type\":\"ReadAction\",\"target\":[\"https:\\\/\\\/cvinoticias.com\\\/v3\\\/detuvieron-a-un-hombre-que-asalto-a-mano-armada-en-san-antonio\\\/\"]}]},{\"@type\":\"ImageObject\",\"inLanguage\":\"es\",\"@id\":\"https:\\\/\\\/cvinoticias.com\\\/v3\\\/detuvieron-a-un-hombre-que-asalto-a-mano-armada-en-san-antonio\\\/#primaryimage\",\"url\":\"https:\\\/\\\/cvinoticias.com\\\/wp-content\\\/uploads\\\/2021\\\/10\\\/IMG-20211011-WA0054.jpg\",\"contentUrl\":\"https:\\\/\\\/cvinoticias.com\\\/wp-content\\\/uploads\\\/2021\\\/10\\\/IMG-20211011-WA0054.jpg\",\"width\":1028,\"height\":628},{\"@type\":\"BreadcrumbList\",\"@id\":\"https:\\\/\\\/cvinoticias.com\\\/v3\\\/detuvieron-a-un-hombre-que-asalto-a-mano-armada-en-san-antonio\\\/#breadcrumb\",\"itemListElement\":[{\"@type\":\"ListItem\",\"position\":1,\"name\":\"Portada\",\"item\":\"https:\\\/\\\/cvinoticias.com\\\/v3\\\/\"},{\"@type\":\"ListItem\",\"position\":2,\"name\":\"Detuvieron a un hombre que asalt\u00f3 a mano armada en San Antonio\"}]},{\"@type\":\"WebSite\",\"@id\":\"https:\\\/\\\/cvinoticias.com\\\/v3\\\/#website\",\"url\":\"https:\\\/\\\/cvinoticias.com\\\/v3\\\/\",\"name\":\"CVI NOTICIAS\",\"description\":\"\",\"publisher\":{\"@id\":\"https:\\\/\\\/cvinoticias.com\\\/v3\\\/#organization\"},\"alternateName\":\"CVI\",\"potentialAction\":[{\"@type\":\"SearchAction\",\"target\":{\"@type\":\"EntryPoint\",\"urlTemplate\":\"https:\\\/\\\/cvinoticias.com\\\/v3\\\/?s={search_term_string}\"},\"query-input\":{\"@type\":\"PropertyValueSpecification\",\"valueRequired\":true,\"valueName\":\"search_term_string\"}}],\"inLanguage\":\"es\"},{\"@type\":\"Organization\",\"@id\":\"https:\\\/\\\/cvinoticias.com\\\/v3\\\/#organization\",\"name\":\"CVI NOTICIAS\",\"url\":\"https:\\\/\\\/cvinoticias.com\\\/v3\\\/\",\"logo\":{\"@type\":\"ImageObject\",\"inLanguage\":\"es\",\"@id\":\"https:\\\/\\\/cvinoticias.com\\\/v3\\\/#\\\/schema\\\/logo\\\/image\\\/\",\"url\":\"https:\\\/\\\/cvinoticias.com\\\/wp-content\\\/uploads\\\/2023\\\/04\\\/cropped-cropped-cropped-cropped-cropped-3-1.png\",\"contentUrl\":\"https:\\\/\\\/cvinoticias.com\\\/wp-content\\\/uploads\\\/2023\\\/04\\\/cropped-cropped-cropped-cropped-cropped-3-1.png\",\"width\":95,\"height\":122,\"caption\":\"CVI NOTICIAS\"},\"image\":{\"@id\":\"https:\\\/\\\/cvinoticias.com\\\/v3\\\/#\\\/schema\\\/logo\\\/image\\\/\"},\"sameAs\":[\"https:\\\/\\\/www.facebook.com\\\/cvinoticias\",\"https:\\\/\\\/www.instagram.com\\\/cvinoticias\\\/\",\"https:\\\/\\\/www.youtube.com\\\/@CVINOTICIAS\"]},{\"@type\":\"Person\",\"@id\":\"https:\\\/\\\/cvinoticias.com\\\/v3\\\/#\\\/schema\\\/person\\\/2db77e3c6bc03c538495d7b2b8be9b66\",\"name\":\"f1000024\",\"image\":{\"@type\":\"ImageObject\",\"inLanguage\":\"es\",\"@id\":\"https:\\\/\\\/secure.gravatar.com\\\/avatar\\\/d4fe7459cfc51ff5129ce1a732bbef5928568b8092d412ef95611616376bbeed?s=96&d=mm&r=g\",\"url\":\"https:\\\/\\\/secure.gravatar.com\\\/avatar\\\/d4fe7459cfc51ff5129ce1a732bbef5928568b8092d412ef95611616376bbeed?s=96&d=mm&r=g\",\"contentUrl\":\"https:\\\/\\\/secure.gravatar.com\\\/avatar\\\/d4fe7459cfc51ff5129ce1a732bbef5928568b8092d412ef95611616376bbeed?s=96&d=mm&r=g\",\"caption\":\"f1000024\"},\"url\":\"https:\\\/\\\/cvinoticias.com\\\/v3\\\/author\\\/f1000024\\\/\"}]}<\/script>\n<!-- \/ Yoast SEO plugin. -->","yoast_head_json":{"title":"Detuvieron a un hombre que asalt\u00f3 a mano armada en San Antonio | CVI NOTICIAS","robots":{"index":"index","follow":"follow","max-snippet":"max-snippet:-1","max-image-preview":"max-image-preview:large","max-video-preview":"max-video-preview:-1"},"canonical":"https:\/\/cvinoticias.com\/v3\/detuvieron-a-un-hombre-que-asalto-a-mano-armada-en-san-antonio\/","og_locale":"es_ES","og_type":"article","og_title":"Detuvieron a un hombre que asalt\u00f3 a mano armada en San Antonio | CVI NOTICIAS","og_description":"Se trata de un hombre de 24 a\u00f1os, acusado de robarle a otro de 35 a punta de pistola, dinero en efectivo y dos tel\u00e9fonos celulares. Esta tarde, fue detenido por los efectivos de la Comisar\u00eda local en el barrio Cer\u00e1micas. La investigaci\u00f3n del caso inici\u00f3 con la denuncia de la v\u00edctima, quien relat\u00f3 que, [&hellip;]","og_url":"https:\/\/cvinoticias.com\/v3\/detuvieron-a-un-hombre-que-asalto-a-mano-armada-en-san-antonio\/","og_site_name":"CVI NOTICIAS","article_publisher":"https:\/\/www.facebook.com\/cvinoticias","article_published_time":"2021-10-11T20:54:05+00:00","og_image":[{"width":1028,"height":628,"url":"https:\/\/cvinoticias.com\/wp-content\/uploads\/2021\/10\/IMG-20211011-WA0054.jpg","type":"image\/jpeg"}],"author":"f1000024","twitter_card":"summary_large_image","twitter_misc":{"Escrito por":"f1000024","Tiempo de lectura":"1 minuto"},"schema":{"@context":"https:\/\/schema.org","@graph":[{"@type":"Article","@id":"https:\/\/cvinoticias.com\/v3\/detuvieron-a-un-hombre-que-asalto-a-mano-armada-en-san-antonio\/#article","isPartOf":{"@id":"https:\/\/cvinoticias.com\/v3\/detuvieron-a-un-hombre-que-asalto-a-mano-armada-en-san-antonio\/"},"author":{"name":"f1000024","@id":"https:\/\/cvinoticias.com\/v3\/#\/schema\/person\/2db77e3c6bc03c538495d7b2b8be9b66"},"headline":"Detuvieron a un hombre que asalt\u00f3 a mano armada en San Antonio","datePublished":"2021-10-11T20:54:05+00:00","mainEntityOfPage":{"@id":"https:\/\/cvinoticias.com\/v3\/detuvieron-a-un-hombre-que-asalto-a-mano-armada-en-san-antonio\/"},"wordCount":229,"commentCount":0,"publisher":{"@id":"https:\/\/cvinoticias.com\/v3\/#organization"},"image":{"@id":"https:\/\/cvinoticias.com\/v3\/detuvieron-a-un-hombre-que-asalto-a-mano-armada-en-san-antonio\/#primaryimage"},"thumbnailUrl":"https:\/\/cvinoticias.com\/wp-content\/uploads\/2021\/10\/IMG-20211011-WA0054.jpg","articleSection":["Policiales"],"inLanguage":"es","potentialAction":[{"@type":"CommentAction","name":"Comment","target":["https:\/\/cvinoticias.com\/v3\/detuvieron-a-un-hombre-que-asalto-a-mano-armada-en-san-antonio\/#respond"]}]},{"@type":"WebPage","@id":"https:\/\/cvinoticias.com\/v3\/detuvieron-a-un-hombre-que-asalto-a-mano-armada-en-san-antonio\/","url":"https:\/\/cvinoticias.com\/v3\/detuvieron-a-un-hombre-que-asalto-a-mano-armada-en-san-antonio\/","name":"Detuvieron a un hombre que asalt\u00f3 a mano armada en San Antonio | CVI NOTICIAS","isPartOf":{"@id":"https:\/\/cvinoticias.com\/v3\/#website"},"primaryImageOfPage":{"@id":"https:\/\/cvinoticias.com\/v3\/detuvieron-a-un-hombre-que-asalto-a-mano-armada-en-san-antonio\/#primaryimage"},"image":{"@id":"https:\/\/cvinoticias.com\/v3\/detuvieron-a-un-hombre-que-asalto-a-mano-armada-en-san-antonio\/#primaryimage"},"thumbnailUrl":"https:\/\/cvinoticias.com\/wp-content\/uploads\/2021\/10\/IMG-20211011-WA0054.jpg","datePublished":"2021-10-11T20:54:05+00:00","breadcrumb":{"@id":"https:\/\/cvinoticias.com\/v3\/detuvieron-a-un-hombre-que-asalto-a-mano-armada-en-san-antonio\/#breadcrumb"},"inLanguage":"es","potentialAction":[{"@type":"ReadAction","target":["https:\/\/cvinoticias.com\/v3\/detuvieron-a-un-hombre-que-asalto-a-mano-armada-en-san-antonio\/"]}]},{"@type":"ImageObject","inLanguage":"es","@id":"https:\/\/cvinoticias.com\/v3\/detuvieron-a-un-hombre-que-asalto-a-mano-armada-en-san-antonio\/#primaryimage","url":"https:\/\/cvinoticias.com\/wp-content\/uploads\/2021\/10\/IMG-20211011-WA0054.jpg","contentUrl":"https:\/\/cvinoticias.com\/wp-content\/uploads\/2021\/10\/IMG-20211011-WA0054.jpg","width":1028,"height":628},{"@type":"BreadcrumbList","@id":"https:\/\/cvinoticias.com\/v3\/detuvieron-a-un-hombre-que-asalto-a-mano-armada-en-san-antonio\/#breadcrumb","itemListElement":[{"@type":"ListItem","position":1,"name":"Portada","item":"https:\/\/cvinoticias.com\/v3\/"},{"@type":"ListItem","position":2,"name":"Detuvieron a un hombre que asalt\u00f3 a mano armada en San Antonio"}]},{"@type":"WebSite","@id":"https:\/\/cvinoticias.com\/v3\/#website","url":"https:\/\/cvinoticias.com\/v3\/","name":"CVI NOTICIAS","description":"","publisher":{"@id":"https:\/\/cvinoticias.com\/v3\/#organization"},"alternateName":"CVI","potentialAction":[{"@type":"SearchAction","target":{"@type":"EntryPoint","urlTemplate":"https:\/\/cvinoticias.com\/v3\/?s={search_term_string}"},"query-input":{"@type":"PropertyValueSpecification","valueRequired":true,"valueName":"search_term_string"}}],"inLanguage":"es"},{"@type":"Organization","@id":"https:\/\/cvinoticias.com\/v3\/#organization","name":"CVI NOTICIAS","url":"https:\/\/cvinoticias.com\/v3\/","logo":{"@type":"ImageObject","inLanguage":"es","@id":"https:\/\/cvinoticias.com\/v3\/#\/schema\/logo\/image\/","url":"https:\/\/cvinoticias.com\/wp-content\/uploads\/2023\/04\/cropped-cropped-cropped-cropped-cropped-3-1.png","contentUrl":"https:\/\/cvinoticias.com\/wp-content\/uploads\/2023\/04\/cropped-cropped-cropped-cropped-cropped-3-1.png","width":95,"height":122,"caption":"CVI NOTICIAS"},"image":{"@id":"https:\/\/cvinoticias.com\/v3\/#\/schema\/logo\/image\/"},"sameAs":["https:\/\/www.facebook.com\/cvinoticias","https:\/\/www.instagram.com\/cvinoticias\/","https:\/\/www.youtube.com\/@CVINOTICIAS"]},{"@type":"Person","@id":"https:\/\/cvinoticias.com\/v3\/#\/schema\/person\/2db77e3c6bc03c538495d7b2b8be9b66","name":"f1000024","image":{"@type":"ImageObject","inLanguage":"es","@id":"https:\/\/secure.gravatar.com\/avatar\/d4fe7459cfc51ff5129ce1a732bbef5928568b8092d412ef95611616376bbeed?s=96&d=mm&r=g","url":"https:\/\/secure.gravatar.com\/avatar\/d4fe7459cfc51ff5129ce1a732bbef5928568b8092d412ef95611616376bbeed?s=96&d=mm&r=g","contentUrl":"https:\/\/secure.gravatar.com\/avatar\/d4fe7459cfc51ff5129ce1a732bbef5928568b8092d412ef95611616376bbeed?s=96&d=mm&r=g","caption":"f1000024"},"url":"https:\/\/cvinoticias.com\/v3\/author\/f1000024\/"}]}},"_links":{"self":[{"href":"https:\/\/cvinoticias.com\/v3\/wp-json\/wp\/v2\/posts\/9395","targetHints":{"allow":["GET"]}}],"collection":[{"href":"https:\/\/cvinoticias.com\/v3\/wp-json\/wp\/v2\/posts"}],"about":[{"href":"https:\/\/cvinoticias.com\/v3\/wp-json\/wp\/v2\/types\/post"}],"author":[{"embeddable":true,"href":"https:\/\/cvinoticias.com\/v3\/wp-json\/wp\/v2\/users\/2"}],"replies":[{"embeddable":true,"href":"https:\/\/cvinoticias.com\/v3\/wp-json\/wp\/v2\/comments?post=9395"}],"version-history":[{"count":1,"href":"https:\/\/cvinoticias.com\/v3\/wp-json\/wp\/v2\/posts\/9395\/revisions"}],"predecessor-version":[{"id":9397,"href":"https:\/\/cvinoticias.com\/v3\/wp-json\/wp\/v2\/posts\/9395\/revisions\/9397"}],"wp:featuredmedia":[{"embeddable":true,"href":"https:\/\/cvinoticias.com\/v3\/wp-json\/wp\/v2\/media\/9396"}],"wp:attachment":[{"href":"https:\/\/cvinoticias.com\/v3\/wp-json\/wp\/v2\/media?parent=9395"}],"wp:term":[{"taxonomy":"category","embeddable":true,"href":"https:\/\/cvinoticias.com\/v3\/wp-json\/wp\/v2\/categories?post=9395"},{"taxonomy":"post_tag","embeddable":true,"href":"https:\/\/cvinoticias.com\/v3\/wp-json\/wp\/v2\/tags?post=9395"}],"curies":[{"name":"wp","href":"https:\/\/api.w.org\/{rel}","templated":true}]}}