{"id":9391,"date":"2021-10-11T18:34:35","date_gmt":"2021-10-11T18:34:35","guid":{"rendered":"https:\/\/cvinoticias.com\/v3\/?p=9391"},"modified":"2021-10-11T18:34:35","modified_gmt":"2021-10-11T18:34:35","slug":"hallaron-asesinada-a-una-joven-en-una-zanja-y-detienen-como-presunto-femicida-a-su-pareja","status":"publish","type":"post","link":"https:\/\/cvinoticias.com\/v3\/hallaron-asesinada-a-una-joven-en-una-zanja-y-detienen-como-presunto-femicida-a-su-pareja\/","title":{"rendered":"Hallaron asesinada a una joven en una zanja y detienen como presunto femicida a su pareja"},"content":{"rendered":"\n<p><strong><em>El hecho se descubri\u00f3 a las 9.50 tras un llamado al 911 que reportaba la presencia del cad\u00e1ver de la joven, de 27 a\u00f1os. Las autoridades policiales informaron que su pareja confes\u00f3 en la declaraci\u00f3n que \u00e9l fue el autor del crimen.<\/em><\/strong><\/p>\n\n\n\n<p>Una joven de 27 a\u00f1os fue hallada asesinada la ma\u00f1ana del lunes en una zanja de la localidad bonaerense de El Talar, en el partido de Tigre, y por el femicidio fue detenido un hombre de 38 que es su pareja y confes\u00f3 ante la polic\u00eda ser el autor del crimen cuando era interrogado, informaron fuentes de la investigaci\u00f3n<\/p>\n\n\n\n<p>El hecho se descubri\u00f3 a las 9.50 tras un llamado al 911 que reportaba la presencia del cad\u00e1ver de una joven, en el cruce de las calles 25 de Mayo y Las Violetas, del barrio La Paloma de la mencionada localidad del norte del conurbano, donde a\u00fan continuaban trabajando los peritos y la polic\u00eda.<\/p>\n\n\n\n<p>La v\u00edctima, luego identificada como Magal\u00ed Noelia G\u00f3mez (27), empleada del Parque de la Costa, seg\u00fan se\u00f1alaron fuentes policiales, estaba boca abajo, sin zapatillas y con un bolso y el DNI a su lado.<\/p>\n\n\n\n<p>Seg\u00fan la primera estimaci\u00f3n del m\u00e9dico policial que concurri\u00f3 al lugar del hecho,\u00a0G\u00f3mez aparentaba estar estrangulada y presentaba moretones y lesiones de defensa en los brazos,\u00a0aunque las causas fehacientes del deceso se conocer\u00e1n luego de la autopsia.<\/p>\n\n\n\n<p>Un jefe policial confi\u00f3 a T\u00e9lam que mientras el personal de la comisar\u00eda 6ta. de El Talar, trabajaba en la escena, se acercaron la pareja de G\u00f3mez y un concu\u00f1ado, ambos llorando, porque les hab\u00edan avisado los vecinos.<\/p>\n\n\n\n<p>\u201cSe estableci\u00f3 que la chica viv\u00eda a siete cuadras y cuando empezamos a hacerle preguntas a la pareja, notamos a simple vista que ten\u00eda ara\u00f1azos\u201d, dijo un jefe policial que trabaja en la pesquisa.<\/p>\n\n\n\n<p>\u201cEl hombre se quebr\u00f3 y se autoincrimin\u00f3. Confes\u00f3 y dijo que cuando la llevaba al trabajo, discutieron dentro del auto, que la mat\u00f3 y la descart\u00f3 en ese lugar\u201d, indic\u00f3 el mismo informante.<\/p>\n\n\n\n<p>El sospechoso, identificado como Agust\u00edn Iban P\u00e9rez (38),\u00a0qued\u00f3 aprehendido acusado de \u201chomicidio agravado por haber mediado violencia de g\u00e9nero\u201d\u00a0(femicidio), delito que contempla prisi\u00f3n perpetua.<\/p>\n\n\n\n<p>Si bien el primero en intervenir fue el fiscal de turno en la zona, Sebasti\u00e1n Fitipaldi, al encaminarse la investigaci\u00f3n hacia un femicidio, la causa qued\u00f3 a cargo de su colega Pablo Menteguiaga, de la Unidad Funcional de Instrucci\u00f3n (UFI) de Violencia de G\u00e9nero de Tigre.<\/p>\n\n\n\n<p>El fiscal aguardaba el informe de los peritos para determinar si el sitio del hallazgo es una escena del crimen secundaria, como se sospecha,\u00a0y era inminente el allanamiento en el domicilio de la pareja y el secuestro del autom\u00f3vil del sospechoso, para ver d\u00f3nde se cometi\u00f3 el femicidio.<\/p>\n\n\n\n<p>Al haberse autoincriminado ante personal policial, la presunta confesi\u00f3n de P\u00e9rez no tiene ning\u00fan valor judicial, por lo que tambi\u00e9n se espera que el fiscal Menteguiaga indague en las pr\u00f3ximas horas al imputado.<\/p>\n\n\n\n<p><strong>Fuente: T\u00e9lam <\/strong><\/p>\n","protected":false},"excerpt":{"rendered":"<p>El hecho se descubri\u00f3 a las 9.50 tras un llamado al 911 que reportaba la presencia del cad\u00e1ver de la joven, de 27 a\u00f1os. Las autoridades policiales informaron que su pareja confes\u00f3 en la declaraci\u00f3n que \u00e9l fue el autor del crimen. Una joven de 27 a\u00f1os fue hallada asesinada la ma\u00f1ana del lunes en [&hellip;]<\/p>\n","protected":false},"author":2,"featured_media":9392,"comment_status":"open","ping_status":"open","sticky":false,"template":"","format":"standard","meta":{"footnotes":""},"categories":[39],"tags":[],"class_list":["post-9391","post","type-post","status-publish","format-standard","has-post-thumbnail","hentry","category-nacionales"],"yoast_head":"<!-- This site is optimized with the Yoast SEO plugin v27.5 - https:\/\/yoast.com\/product\/yoast-seo-wordpress\/ -->\n<title>Hallaron asesinada a una joven en una zanja y detienen como presunto femicida a su pareja | CVI NOTICIAS<\/title>\n<meta name=\"robots\" content=\"index, follow, max-snippet:-1, max-image-preview:large, max-video-preview:-1\" \/>\n<link rel=\"canonical\" href=\"https:\/\/cvinoticias.com\/v3\/hallaron-asesinada-a-una-joven-en-una-zanja-y-detienen-como-presunto-femicida-a-su-pareja\/\" \/>\n<meta property=\"og:locale\" content=\"es_ES\" \/>\n<meta property=\"og:type\" content=\"article\" \/>\n<meta property=\"og:title\" content=\"Hallaron asesinada a una joven en una zanja y detienen como presunto femicida a su pareja | CVI NOTICIAS\" \/>\n<meta property=\"og:description\" content=\"El hecho se descubri\u00f3 a las 9.50 tras un llamado al 911 que reportaba la presencia del cad\u00e1ver de la joven, de 27 a\u00f1os. Las autoridades policiales informaron que su pareja confes\u00f3 en la declaraci\u00f3n que \u00e9l fue el autor del crimen. Una joven de 27 a\u00f1os fue hallada asesinada la ma\u00f1ana del lunes en [&hellip;]\" \/>\n<meta property=\"og:url\" content=\"https:\/\/cvinoticias.com\/v3\/hallaron-asesinada-a-una-joven-en-una-zanja-y-detienen-como-presunto-femicida-a-su-pareja\/\" \/>\n<meta property=\"og:site_name\" content=\"CVI NOTICIAS\" \/>\n<meta property=\"article:publisher\" content=\"https:\/\/www.facebook.com\/cvinoticias\" \/>\n<meta property=\"article:published_time\" content=\"2021-10-11T18:34:35+00:00\" \/>\n<meta property=\"og:image\" content=\"https:\/\/cvinoticias.com\/wp-content\/uploads\/2021\/10\/Screenshot_20211011-152843_Facebook.jpg\" \/>\n\t<meta property=\"og:image:width\" content=\"986\" \/>\n\t<meta property=\"og:image:height\" content=\"555\" \/>\n\t<meta property=\"og:image:type\" content=\"image\/jpeg\" \/>\n<meta name=\"author\" content=\"f1000024\" \/>\n<meta name=\"twitter:card\" content=\"summary_large_image\" \/>\n<meta name=\"twitter:label1\" content=\"Escrito por\" \/>\n\t<meta name=\"twitter:data1\" content=\"f1000024\" \/>\n\t<meta name=\"twitter:label2\" content=\"Tiempo de lectura\" \/>\n\t<meta name=\"twitter:data2\" content=\"3 minutos\" \/>\n<script type=\"application\/ld+json\" class=\"yoast-schema-graph\">{\"@context\":\"https:\\\/\\\/schema.org\",\"@graph\":[{\"@type\":\"Article\",\"@id\":\"https:\\\/\\\/cvinoticias.com\\\/v3\\\/hallaron-asesinada-a-una-joven-en-una-zanja-y-detienen-como-presunto-femicida-a-su-pareja\\\/#article\",\"isPartOf\":{\"@id\":\"https:\\\/\\\/cvinoticias.com\\\/v3\\\/hallaron-asesinada-a-una-joven-en-una-zanja-y-detienen-como-presunto-femicida-a-su-pareja\\\/\"},\"author\":{\"name\":\"f1000024\",\"@id\":\"https:\\\/\\\/cvinoticias.com\\\/v3\\\/#\\\/schema\\\/person\\\/2db77e3c6bc03c538495d7b2b8be9b66\"},\"headline\":\"Hallaron asesinada a una joven en una zanja y detienen como presunto femicida a su pareja\",\"datePublished\":\"2021-10-11T18:34:35+00:00\",\"mainEntityOfPage\":{\"@id\":\"https:\\\/\\\/cvinoticias.com\\\/v3\\\/hallaron-asesinada-a-una-joven-en-una-zanja-y-detienen-como-presunto-femicida-a-su-pareja\\\/\"},\"wordCount\":538,\"commentCount\":0,\"publisher\":{\"@id\":\"https:\\\/\\\/cvinoticias.com\\\/v3\\\/#organization\"},\"image\":{\"@id\":\"https:\\\/\\\/cvinoticias.com\\\/v3\\\/hallaron-asesinada-a-una-joven-en-una-zanja-y-detienen-como-presunto-femicida-a-su-pareja\\\/#primaryimage\"},\"thumbnailUrl\":\"https:\\\/\\\/cvinoticias.com\\\/wp-content\\\/uploads\\\/2021\\\/10\\\/Screenshot_20211011-152843_Facebook.jpg\",\"articleSection\":[\"Nacionales\"],\"inLanguage\":\"es\",\"potentialAction\":[{\"@type\":\"CommentAction\",\"name\":\"Comment\",\"target\":[\"https:\\\/\\\/cvinoticias.com\\\/v3\\\/hallaron-asesinada-a-una-joven-en-una-zanja-y-detienen-como-presunto-femicida-a-su-pareja\\\/#respond\"]}]},{\"@type\":\"WebPage\",\"@id\":\"https:\\\/\\\/cvinoticias.com\\\/v3\\\/hallaron-asesinada-a-una-joven-en-una-zanja-y-detienen-como-presunto-femicida-a-su-pareja\\\/\",\"url\":\"https:\\\/\\\/cvinoticias.com\\\/v3\\\/hallaron-asesinada-a-una-joven-en-una-zanja-y-detienen-como-presunto-femicida-a-su-pareja\\\/\",\"name\":\"Hallaron asesinada a una joven en una zanja y detienen como presunto femicida a su pareja | CVI NOTICIAS\",\"isPartOf\":{\"@id\":\"https:\\\/\\\/cvinoticias.com\\\/v3\\\/#website\"},\"primaryImageOfPage\":{\"@id\":\"https:\\\/\\\/cvinoticias.com\\\/v3\\\/hallaron-asesinada-a-una-joven-en-una-zanja-y-detienen-como-presunto-femicida-a-su-pareja\\\/#primaryimage\"},\"image\":{\"@id\":\"https:\\\/\\\/cvinoticias.com\\\/v3\\\/hallaron-asesinada-a-una-joven-en-una-zanja-y-detienen-como-presunto-femicida-a-su-pareja\\\/#primaryimage\"},\"thumbnailUrl\":\"https:\\\/\\\/cvinoticias.com\\\/wp-content\\\/uploads\\\/2021\\\/10\\\/Screenshot_20211011-152843_Facebook.jpg\",\"datePublished\":\"2021-10-11T18:34:35+00:00\",\"breadcrumb\":{\"@id\":\"https:\\\/\\\/cvinoticias.com\\\/v3\\\/hallaron-asesinada-a-una-joven-en-una-zanja-y-detienen-como-presunto-femicida-a-su-pareja\\\/#breadcrumb\"},\"inLanguage\":\"es\",\"potentialAction\":[{\"@type\":\"ReadAction\",\"target\":[\"https:\\\/\\\/cvinoticias.com\\\/v3\\\/hallaron-asesinada-a-una-joven-en-una-zanja-y-detienen-como-presunto-femicida-a-su-pareja\\\/\"]}]},{\"@type\":\"ImageObject\",\"inLanguage\":\"es\",\"@id\":\"https:\\\/\\\/cvinoticias.com\\\/v3\\\/hallaron-asesinada-a-una-joven-en-una-zanja-y-detienen-como-presunto-femicida-a-su-pareja\\\/#primaryimage\",\"url\":\"https:\\\/\\\/cvinoticias.com\\\/wp-content\\\/uploads\\\/2021\\\/10\\\/Screenshot_20211011-152843_Facebook.jpg\",\"contentUrl\":\"https:\\\/\\\/cvinoticias.com\\\/wp-content\\\/uploads\\\/2021\\\/10\\\/Screenshot_20211011-152843_Facebook.jpg\",\"width\":986,\"height\":555},{\"@type\":\"BreadcrumbList\",\"@id\":\"https:\\\/\\\/cvinoticias.com\\\/v3\\\/hallaron-asesinada-a-una-joven-en-una-zanja-y-detienen-como-presunto-femicida-a-su-pareja\\\/#breadcrumb\",\"itemListElement\":[{\"@type\":\"ListItem\",\"position\":1,\"name\":\"Portada\",\"item\":\"https:\\\/\\\/cvinoticias.com\\\/v3\\\/\"},{\"@type\":\"ListItem\",\"position\":2,\"name\":\"Hallaron asesinada a una joven en una zanja y detienen como presunto femicida a su pareja\"}]},{\"@type\":\"WebSite\",\"@id\":\"https:\\\/\\\/cvinoticias.com\\\/v3\\\/#website\",\"url\":\"https:\\\/\\\/cvinoticias.com\\\/v3\\\/\",\"name\":\"CVI NOTICIAS\",\"description\":\"\",\"publisher\":{\"@id\":\"https:\\\/\\\/cvinoticias.com\\\/v3\\\/#organization\"},\"alternateName\":\"CVI\",\"potentialAction\":[{\"@type\":\"SearchAction\",\"target\":{\"@type\":\"EntryPoint\",\"urlTemplate\":\"https:\\\/\\\/cvinoticias.com\\\/v3\\\/?s={search_term_string}\"},\"query-input\":{\"@type\":\"PropertyValueSpecification\",\"valueRequired\":true,\"valueName\":\"search_term_string\"}}],\"inLanguage\":\"es\"},{\"@type\":\"Organization\",\"@id\":\"https:\\\/\\\/cvinoticias.com\\\/v3\\\/#organization\",\"name\":\"CVI NOTICIAS\",\"url\":\"https:\\\/\\\/cvinoticias.com\\\/v3\\\/\",\"logo\":{\"@type\":\"ImageObject\",\"inLanguage\":\"es\",\"@id\":\"https:\\\/\\\/cvinoticias.com\\\/v3\\\/#\\\/schema\\\/logo\\\/image\\\/\",\"url\":\"https:\\\/\\\/cvinoticias.com\\\/wp-content\\\/uploads\\\/2023\\\/04\\\/cropped-cropped-cropped-cropped-cropped-3-1.png\",\"contentUrl\":\"https:\\\/\\\/cvinoticias.com\\\/wp-content\\\/uploads\\\/2023\\\/04\\\/cropped-cropped-cropped-cropped-cropped-3-1.png\",\"width\":95,\"height\":122,\"caption\":\"CVI NOTICIAS\"},\"image\":{\"@id\":\"https:\\\/\\\/cvinoticias.com\\\/v3\\\/#\\\/schema\\\/logo\\\/image\\\/\"},\"sameAs\":[\"https:\\\/\\\/www.facebook.com\\\/cvinoticias\",\"https:\\\/\\\/www.instagram.com\\\/cvinoticias\\\/\",\"https:\\\/\\\/www.youtube.com\\\/@CVINOTICIAS\"]},{\"@type\":\"Person\",\"@id\":\"https:\\\/\\\/cvinoticias.com\\\/v3\\\/#\\\/schema\\\/person\\\/2db77e3c6bc03c538495d7b2b8be9b66\",\"name\":\"f1000024\",\"image\":{\"@type\":\"ImageObject\",\"inLanguage\":\"es\",\"@id\":\"https:\\\/\\\/secure.gravatar.com\\\/avatar\\\/d4fe7459cfc51ff5129ce1a732bbef5928568b8092d412ef95611616376bbeed?s=96&d=mm&r=g\",\"url\":\"https:\\\/\\\/secure.gravatar.com\\\/avatar\\\/d4fe7459cfc51ff5129ce1a732bbef5928568b8092d412ef95611616376bbeed?s=96&d=mm&r=g\",\"contentUrl\":\"https:\\\/\\\/secure.gravatar.com\\\/avatar\\\/d4fe7459cfc51ff5129ce1a732bbef5928568b8092d412ef95611616376bbeed?s=96&d=mm&r=g\",\"caption\":\"f1000024\"},\"url\":\"https:\\\/\\\/cvinoticias.com\\\/v3\\\/author\\\/f1000024\\\/\"}]}<\/script>\n<!-- \/ Yoast SEO plugin. -->","yoast_head_json":{"title":"Hallaron asesinada a una joven en una zanja y detienen como presunto femicida a su pareja | CVI NOTICIAS","robots":{"index":"index","follow":"follow","max-snippet":"max-snippet:-1","max-image-preview":"max-image-preview:large","max-video-preview":"max-video-preview:-1"},"canonical":"https:\/\/cvinoticias.com\/v3\/hallaron-asesinada-a-una-joven-en-una-zanja-y-detienen-como-presunto-femicida-a-su-pareja\/","og_locale":"es_ES","og_type":"article","og_title":"Hallaron asesinada a una joven en una zanja y detienen como presunto femicida a su pareja | CVI NOTICIAS","og_description":"El hecho se descubri\u00f3 a las 9.50 tras un llamado al 911 que reportaba la presencia del cad\u00e1ver de la joven, de 27 a\u00f1os. Las autoridades policiales informaron que su pareja confes\u00f3 en la declaraci\u00f3n que \u00e9l fue el autor del crimen. Una joven de 27 a\u00f1os fue hallada asesinada la ma\u00f1ana del lunes en [&hellip;]","og_url":"https:\/\/cvinoticias.com\/v3\/hallaron-asesinada-a-una-joven-en-una-zanja-y-detienen-como-presunto-femicida-a-su-pareja\/","og_site_name":"CVI NOTICIAS","article_publisher":"https:\/\/www.facebook.com\/cvinoticias","article_published_time":"2021-10-11T18:34:35+00:00","og_image":[{"width":986,"height":555,"url":"https:\/\/cvinoticias.com\/wp-content\/uploads\/2021\/10\/Screenshot_20211011-152843_Facebook.jpg","type":"image\/jpeg"}],"author":"f1000024","twitter_card":"summary_large_image","twitter_misc":{"Escrito por":"f1000024","Tiempo de lectura":"3 minutos"},"schema":{"@context":"https:\/\/schema.org","@graph":[{"@type":"Article","@id":"https:\/\/cvinoticias.com\/v3\/hallaron-asesinada-a-una-joven-en-una-zanja-y-detienen-como-presunto-femicida-a-su-pareja\/#article","isPartOf":{"@id":"https:\/\/cvinoticias.com\/v3\/hallaron-asesinada-a-una-joven-en-una-zanja-y-detienen-como-presunto-femicida-a-su-pareja\/"},"author":{"name":"f1000024","@id":"https:\/\/cvinoticias.com\/v3\/#\/schema\/person\/2db77e3c6bc03c538495d7b2b8be9b66"},"headline":"Hallaron asesinada a una joven en una zanja y detienen como presunto femicida a su pareja","datePublished":"2021-10-11T18:34:35+00:00","mainEntityOfPage":{"@id":"https:\/\/cvinoticias.com\/v3\/hallaron-asesinada-a-una-joven-en-una-zanja-y-detienen-como-presunto-femicida-a-su-pareja\/"},"wordCount":538,"commentCount":0,"publisher":{"@id":"https:\/\/cvinoticias.com\/v3\/#organization"},"image":{"@id":"https:\/\/cvinoticias.com\/v3\/hallaron-asesinada-a-una-joven-en-una-zanja-y-detienen-como-presunto-femicida-a-su-pareja\/#primaryimage"},"thumbnailUrl":"https:\/\/cvinoticias.com\/wp-content\/uploads\/2021\/10\/Screenshot_20211011-152843_Facebook.jpg","articleSection":["Nacionales"],"inLanguage":"es","potentialAction":[{"@type":"CommentAction","name":"Comment","target":["https:\/\/cvinoticias.com\/v3\/hallaron-asesinada-a-una-joven-en-una-zanja-y-detienen-como-presunto-femicida-a-su-pareja\/#respond"]}]},{"@type":"WebPage","@id":"https:\/\/cvinoticias.com\/v3\/hallaron-asesinada-a-una-joven-en-una-zanja-y-detienen-como-presunto-femicida-a-su-pareja\/","url":"https:\/\/cvinoticias.com\/v3\/hallaron-asesinada-a-una-joven-en-una-zanja-y-detienen-como-presunto-femicida-a-su-pareja\/","name":"Hallaron asesinada a una joven en una zanja y detienen como presunto femicida a su pareja | CVI NOTICIAS","isPartOf":{"@id":"https:\/\/cvinoticias.com\/v3\/#website"},"primaryImageOfPage":{"@id":"https:\/\/cvinoticias.com\/v3\/hallaron-asesinada-a-una-joven-en-una-zanja-y-detienen-como-presunto-femicida-a-su-pareja\/#primaryimage"},"image":{"@id":"https:\/\/cvinoticias.com\/v3\/hallaron-asesinada-a-una-joven-en-una-zanja-y-detienen-como-presunto-femicida-a-su-pareja\/#primaryimage"},"thumbnailUrl":"https:\/\/cvinoticias.com\/wp-content\/uploads\/2021\/10\/Screenshot_20211011-152843_Facebook.jpg","datePublished":"2021-10-11T18:34:35+00:00","breadcrumb":{"@id":"https:\/\/cvinoticias.com\/v3\/hallaron-asesinada-a-una-joven-en-una-zanja-y-detienen-como-presunto-femicida-a-su-pareja\/#breadcrumb"},"inLanguage":"es","potentialAction":[{"@type":"ReadAction","target":["https:\/\/cvinoticias.com\/v3\/hallaron-asesinada-a-una-joven-en-una-zanja-y-detienen-como-presunto-femicida-a-su-pareja\/"]}]},{"@type":"ImageObject","inLanguage":"es","@id":"https:\/\/cvinoticias.com\/v3\/hallaron-asesinada-a-una-joven-en-una-zanja-y-detienen-como-presunto-femicida-a-su-pareja\/#primaryimage","url":"https:\/\/cvinoticias.com\/wp-content\/uploads\/2021\/10\/Screenshot_20211011-152843_Facebook.jpg","contentUrl":"https:\/\/cvinoticias.com\/wp-content\/uploads\/2021\/10\/Screenshot_20211011-152843_Facebook.jpg","width":986,"height":555},{"@type":"BreadcrumbList","@id":"https:\/\/cvinoticias.com\/v3\/hallaron-asesinada-a-una-joven-en-una-zanja-y-detienen-como-presunto-femicida-a-su-pareja\/#breadcrumb","itemListElement":[{"@type":"ListItem","position":1,"name":"Portada","item":"https:\/\/cvinoticias.com\/v3\/"},{"@type":"ListItem","position":2,"name":"Hallaron asesinada a una joven en una zanja y detienen como presunto femicida a su pareja"}]},{"@type":"WebSite","@id":"https:\/\/cvinoticias.com\/v3\/#website","url":"https:\/\/cvinoticias.com\/v3\/","name":"CVI NOTICIAS","description":"","publisher":{"@id":"https:\/\/cvinoticias.com\/v3\/#organization"},"alternateName":"CVI","potentialAction":[{"@type":"SearchAction","target":{"@type":"EntryPoint","urlTemplate":"https:\/\/cvinoticias.com\/v3\/?s={search_term_string}"},"query-input":{"@type":"PropertyValueSpecification","valueRequired":true,"valueName":"search_term_string"}}],"inLanguage":"es"},{"@type":"Organization","@id":"https:\/\/cvinoticias.com\/v3\/#organization","name":"CVI NOTICIAS","url":"https:\/\/cvinoticias.com\/v3\/","logo":{"@type":"ImageObject","inLanguage":"es","@id":"https:\/\/cvinoticias.com\/v3\/#\/schema\/logo\/image\/","url":"https:\/\/cvinoticias.com\/wp-content\/uploads\/2023\/04\/cropped-cropped-cropped-cropped-cropped-3-1.png","contentUrl":"https:\/\/cvinoticias.com\/wp-content\/uploads\/2023\/04\/cropped-cropped-cropped-cropped-cropped-3-1.png","width":95,"height":122,"caption":"CVI NOTICIAS"},"image":{"@id":"https:\/\/cvinoticias.com\/v3\/#\/schema\/logo\/image\/"},"sameAs":["https:\/\/www.facebook.com\/cvinoticias","https:\/\/www.instagram.com\/cvinoticias\/","https:\/\/www.youtube.com\/@CVINOTICIAS"]},{"@type":"Person","@id":"https:\/\/cvinoticias.com\/v3\/#\/schema\/person\/2db77e3c6bc03c538495d7b2b8be9b66","name":"f1000024","image":{"@type":"ImageObject","inLanguage":"es","@id":"https:\/\/secure.gravatar.com\/avatar\/d4fe7459cfc51ff5129ce1a732bbef5928568b8092d412ef95611616376bbeed?s=96&d=mm&r=g","url":"https:\/\/secure.gravatar.com\/avatar\/d4fe7459cfc51ff5129ce1a732bbef5928568b8092d412ef95611616376bbeed?s=96&d=mm&r=g","contentUrl":"https:\/\/secure.gravatar.com\/avatar\/d4fe7459cfc51ff5129ce1a732bbef5928568b8092d412ef95611616376bbeed?s=96&d=mm&r=g","caption":"f1000024"},"url":"https:\/\/cvinoticias.com\/v3\/author\/f1000024\/"}]}},"_links":{"self":[{"href":"https:\/\/cvinoticias.com\/v3\/wp-json\/wp\/v2\/posts\/9391","targetHints":{"allow":["GET"]}}],"collection":[{"href":"https:\/\/cvinoticias.com\/v3\/wp-json\/wp\/v2\/posts"}],"about":[{"href":"https:\/\/cvinoticias.com\/v3\/wp-json\/wp\/v2\/types\/post"}],"author":[{"embeddable":true,"href":"https:\/\/cvinoticias.com\/v3\/wp-json\/wp\/v2\/users\/2"}],"replies":[{"embeddable":true,"href":"https:\/\/cvinoticias.com\/v3\/wp-json\/wp\/v2\/comments?post=9391"}],"version-history":[{"count":1,"href":"https:\/\/cvinoticias.com\/v3\/wp-json\/wp\/v2\/posts\/9391\/revisions"}],"predecessor-version":[{"id":9393,"href":"https:\/\/cvinoticias.com\/v3\/wp-json\/wp\/v2\/posts\/9391\/revisions\/9393"}],"wp:featuredmedia":[{"embeddable":true,"href":"https:\/\/cvinoticias.com\/v3\/wp-json\/wp\/v2\/media\/9392"}],"wp:attachment":[{"href":"https:\/\/cvinoticias.com\/v3\/wp-json\/wp\/v2\/media?parent=9391"}],"wp:term":[{"taxonomy":"category","embeddable":true,"href":"https:\/\/cvinoticias.com\/v3\/wp-json\/wp\/v2\/categories?post=9391"},{"taxonomy":"post_tag","embeddable":true,"href":"https:\/\/cvinoticias.com\/v3\/wp-json\/wp\/v2\/tags?post=9391"}],"curies":[{"name":"wp","href":"https:\/\/api.w.org\/{rel}","templated":true}]}}