{"id":9373,"date":"2021-10-11T13:32:04","date_gmt":"2021-10-11T13:32:04","guid":{"rendered":"https:\/\/cvinoticias.com\/v3\/?p=9373"},"modified":"2021-10-11T13:32:04","modified_gmt":"2021-10-11T13:32:04","slug":"se-realizo-en-puerto-libertad-la-7ma-jornada-de-cicloturismo-provincial","status":"publish","type":"post","link":"https:\/\/cvinoticias.com\/v3\/se-realizo-en-puerto-libertad-la-7ma-jornada-de-cicloturismo-provincial\/","title":{"rendered":"Se realiz\u00f3 en Puerto Libertad la 7ma Jornada de Cicloturismo Provincial"},"content":{"rendered":"\n<p><strong><em>Puerto Libertad vivi\u00f3 con gran \u00e9xito la 7ma Jornada de Cicloturismo Provincial organizado por la municipalidad local y el grupo de ciclistas \u00abMbaret\u00e9\u00bb, estas actividades desarrolladas durante el f\u00edn de semana extra largo, tambi\u00e9n favoreci\u00f3 a los emprendedores tur\u00edsticos de la localidad quienes pudieron trabajar al 100% con sus emprendimientos de alojamientos, en caba\u00f1as, hoteles, locales de gastronom\u00eda etc.<\/em><\/strong><\/p>\n\n\n\n<p>Fueron mas de 300 Ciclistas de toda la provincia los que participaron de estas jornadas en los alrededores de la localidad, partiendo desde el Parque Acu\u00e1tico Urugua\u00ed en un circuito de 16 kil\u00f3metros.<\/p>\n\n\n\n<p>La traves\u00eda inici\u00f3 el d\u00eda s\u00e1bado, y los recorridos fueron por el Sendero del Caminante, centro urbano de la localidad, Capilla y casco hist\u00f3ricos, vuelta por el Sendero del Yaguaret\u00e9 y Salto Bella Vista, para retornar al punto de partida, el Parque Acu\u00e1tico Urugua\u00ed.<\/p>\n\n\n\n<figure class=\"wp-block-image size-large\"><a href=\"https:\/\/cvinoticias.com\/wp-content\/uploads\/2021\/10\/PicsArt_10-11-10.25.57.jpg\"><img decoding=\"async\" width=\"1024\" height=\"449\" data-src=\"https:\/\/cvinoticias.com\/wp-content\/uploads\/2021\/10\/PicsArt_10-11-10.25.57-1024x449.jpg\" alt=\"\" class=\"wp-image-9375 lazyload\" data-srcset=\"https:\/\/cvinoticias.com\/wp-content\/uploads\/2021\/10\/PicsArt_10-11-10.25.57-1024x449.jpg 1024w, https:\/\/cvinoticias.com\/wp-content\/uploads\/2021\/10\/PicsArt_10-11-10.25.57-300x132.jpg 300w, https:\/\/cvinoticias.com\/wp-content\/uploads\/2021\/10\/PicsArt_10-11-10.25.57-768x337.jpg 768w, https:\/\/cvinoticias.com\/wp-content\/uploads\/2021\/10\/PicsArt_10-11-10.25.57-1536x674.jpg 1536w, https:\/\/cvinoticias.com\/wp-content\/uploads\/2021\/10\/PicsArt_10-11-10.25.57-2048x899.jpg 2048w\" data-sizes=\"(max-width: 1024px) 100vw, 1024px\" src=\"data:image\/svg+xml;base64,PHN2ZyB3aWR0aD0iMSIgaGVpZ2h0PSIxIiB4bWxucz0iaHR0cDovL3d3dy53My5vcmcvMjAwMC9zdmciPjwvc3ZnPg==\" style=\"--smush-placeholder-width: 1024px; --smush-placeholder-aspect-ratio: 1024\/449;\" \/><\/a><\/figure>\n\n\n\n<p>En horas de la noche y para el deleite de los ciclistas y p\u00fablico en general se realiz\u00f3 un show de presentaciones art\u00edsticas con el \u00abBallet la Patria al hombro\u00bb de la ciudad de Wanda y Proyecto Ambulante de Puerto Iguaz\u00fa, adem\u00e1s de exposiciones artesanales y stand de comidas.<\/p>\n\n\n\n<p>El domingo continu\u00f3 con la segunda \u00faltima jornada, almuerzo y entrega de reconocimientos a los participantes con la presencia del Intendente Fernando Ferreira, el director de deportes municipal Jos\u00e9 Mar\u00eda Mart\u00ednez y el representante de del grupo de ciclistas \u00abmbaret\u00e9\u00bb, Alfredo Yelen.<\/p>\n\n\n\n<p>ANG<\/p>\n\n\n\n<figure class=\"wp-block-image size-large\"><a href=\"https:\/\/cvinoticias.com\/wp-content\/uploads\/2021\/10\/PicsArt_10-11-10.23.50.jpg\"><img decoding=\"async\" width=\"477\" height=\"1024\" data-src=\"https:\/\/cvinoticias.com\/wp-content\/uploads\/2021\/10\/PicsArt_10-11-10.23.50-477x1024.jpg\" alt=\"\" class=\"wp-image-9376 lazyload\" data-srcset=\"https:\/\/cvinoticias.com\/wp-content\/uploads\/2021\/10\/PicsArt_10-11-10.23.50-477x1024.jpg 477w, https:\/\/cvinoticias.com\/wp-content\/uploads\/2021\/10\/PicsArt_10-11-10.23.50-140x300.jpg 140w, https:\/\/cvinoticias.com\/wp-content\/uploads\/2021\/10\/PicsArt_10-11-10.23.50-768x1650.jpg 768w, https:\/\/cvinoticias.com\/wp-content\/uploads\/2021\/10\/PicsArt_10-11-10.23.50-715x1536.jpg 715w, https:\/\/cvinoticias.com\/wp-content\/uploads\/2021\/10\/PicsArt_10-11-10.23.50-953x2048.jpg 953w, https:\/\/cvinoticias.com\/wp-content\/uploads\/2021\/10\/PicsArt_10-11-10.23.50.jpg 1080w\" data-sizes=\"(max-width: 477px) 100vw, 477px\" src=\"data:image\/svg+xml;base64,PHN2ZyB3aWR0aD0iMSIgaGVpZ2h0PSIxIiB4bWxucz0iaHR0cDovL3d3dy53My5vcmcvMjAwMC9zdmciPjwvc3ZnPg==\" style=\"--smush-placeholder-width: 477px; --smush-placeholder-aspect-ratio: 477\/1024;\" \/><\/a><\/figure>\n","protected":false},"excerpt":{"rendered":"<p>Puerto Libertad vivi\u00f3 con gran \u00e9xito la 7ma Jornada de Cicloturismo Provincial organizado por la municipalidad local y el grupo de ciclistas \u00abMbaret\u00e9\u00bb, estas actividades desarrolladas durante el f\u00edn de semana extra largo, tambi\u00e9n favoreci\u00f3 a los emprendedores tur\u00edsticos de la localidad quienes pudieron trabajar al 100% con sus emprendimientos de alojamientos, en caba\u00f1as, hoteles, [&hellip;]<\/p>\n","protected":false},"author":2,"featured_media":9374,"comment_status":"open","ping_status":"open","sticky":false,"template":"","format":"standard","meta":{"footnotes":""},"categories":[24],"tags":[],"class_list":["post-9373","post","type-post","status-publish","format-standard","has-post-thumbnail","hentry","category-deportes"],"yoast_head":"<!-- This site is optimized with the Yoast SEO plugin v27.4 - https:\/\/yoast.com\/product\/yoast-seo-wordpress\/ -->\n<title>Se realiz\u00f3 en Puerto Libertad la 7ma Jornada de Cicloturismo Provincial | CVI NOTICIAS<\/title>\n<meta name=\"robots\" content=\"index, follow, max-snippet:-1, max-image-preview:large, max-video-preview:-1\" \/>\n<link rel=\"canonical\" href=\"https:\/\/cvinoticias.com\/v3\/se-realizo-en-puerto-libertad-la-7ma-jornada-de-cicloturismo-provincial\/\" \/>\n<meta property=\"og:locale\" content=\"es_ES\" \/>\n<meta property=\"og:type\" content=\"article\" \/>\n<meta property=\"og:title\" content=\"Se realiz\u00f3 en Puerto Libertad la 7ma Jornada de Cicloturismo Provincial | CVI NOTICIAS\" \/>\n<meta property=\"og:description\" content=\"Puerto Libertad vivi\u00f3 con gran \u00e9xito la 7ma Jornada de Cicloturismo Provincial organizado por la municipalidad local y el grupo de ciclistas \u00abMbaret\u00e9\u00bb, estas actividades desarrolladas durante el f\u00edn de semana extra largo, tambi\u00e9n favoreci\u00f3 a los emprendedores tur\u00edsticos de la localidad quienes pudieron trabajar al 100% con sus emprendimientos de alojamientos, en caba\u00f1as, hoteles, [&hellip;]\" \/>\n<meta property=\"og:url\" content=\"https:\/\/cvinoticias.com\/v3\/se-realizo-en-puerto-libertad-la-7ma-jornada-de-cicloturismo-provincial\/\" \/>\n<meta property=\"og:site_name\" content=\"CVI NOTICIAS\" \/>\n<meta property=\"article:publisher\" content=\"https:\/\/www.facebook.com\/cvinoticias\" \/>\n<meta property=\"article:published_time\" content=\"2021-10-11T13:32:04+00:00\" \/>\n<meta property=\"og:image\" content=\"https:\/\/cvinoticias.com\/wp-content\/uploads\/2021\/10\/PicsArt_10-11-10.22.47.jpg\" \/>\n\t<meta property=\"og:image:width\" content=\"1080\" \/>\n\t<meta property=\"og:image:height\" content=\"1702\" \/>\n\t<meta property=\"og:image:type\" content=\"image\/jpeg\" \/>\n<meta name=\"author\" content=\"f1000024\" \/>\n<meta name=\"twitter:card\" content=\"summary_large_image\" \/>\n<meta name=\"twitter:label1\" content=\"Escrito por\" \/>\n\t<meta name=\"twitter:data1\" content=\"f1000024\" \/>\n\t<meta name=\"twitter:label2\" content=\"Tiempo de lectura\" \/>\n\t<meta name=\"twitter:data2\" content=\"1 minuto\" \/>\n<script type=\"application\/ld+json\" class=\"yoast-schema-graph\">{\"@context\":\"https:\\\/\\\/schema.org\",\"@graph\":[{\"@type\":\"Article\",\"@id\":\"https:\\\/\\\/cvinoticias.com\\\/v3\\\/se-realizo-en-puerto-libertad-la-7ma-jornada-de-cicloturismo-provincial\\\/#article\",\"isPartOf\":{\"@id\":\"https:\\\/\\\/cvinoticias.com\\\/v3\\\/se-realizo-en-puerto-libertad-la-7ma-jornada-de-cicloturismo-provincial\\\/\"},\"author\":{\"name\":\"f1000024\",\"@id\":\"https:\\\/\\\/cvinoticias.com\\\/v3\\\/#\\\/schema\\\/person\\\/2db77e3c6bc03c538495d7b2b8be9b66\"},\"headline\":\"Se realiz\u00f3 en Puerto Libertad la 7ma Jornada de Cicloturismo Provincial\",\"datePublished\":\"2021-10-11T13:32:04+00:00\",\"mainEntityOfPage\":{\"@id\":\"https:\\\/\\\/cvinoticias.com\\\/v3\\\/se-realizo-en-puerto-libertad-la-7ma-jornada-de-cicloturismo-provincial\\\/\"},\"wordCount\":253,\"commentCount\":0,\"publisher\":{\"@id\":\"https:\\\/\\\/cvinoticias.com\\\/v3\\\/#organization\"},\"image\":{\"@id\":\"https:\\\/\\\/cvinoticias.com\\\/v3\\\/se-realizo-en-puerto-libertad-la-7ma-jornada-de-cicloturismo-provincial\\\/#primaryimage\"},\"thumbnailUrl\":\"https:\\\/\\\/cvinoticias.com\\\/wp-content\\\/uploads\\\/2021\\\/10\\\/PicsArt_10-11-10.22.47.jpg\",\"articleSection\":[\"Deportes\"],\"inLanguage\":\"es\",\"potentialAction\":[{\"@type\":\"CommentAction\",\"name\":\"Comment\",\"target\":[\"https:\\\/\\\/cvinoticias.com\\\/v3\\\/se-realizo-en-puerto-libertad-la-7ma-jornada-de-cicloturismo-provincial\\\/#respond\"]}]},{\"@type\":\"WebPage\",\"@id\":\"https:\\\/\\\/cvinoticias.com\\\/v3\\\/se-realizo-en-puerto-libertad-la-7ma-jornada-de-cicloturismo-provincial\\\/\",\"url\":\"https:\\\/\\\/cvinoticias.com\\\/v3\\\/se-realizo-en-puerto-libertad-la-7ma-jornada-de-cicloturismo-provincial\\\/\",\"name\":\"Se realiz\u00f3 en Puerto Libertad la 7ma Jornada de Cicloturismo Provincial | CVI NOTICIAS\",\"isPartOf\":{\"@id\":\"https:\\\/\\\/cvinoticias.com\\\/v3\\\/#website\"},\"primaryImageOfPage\":{\"@id\":\"https:\\\/\\\/cvinoticias.com\\\/v3\\\/se-realizo-en-puerto-libertad-la-7ma-jornada-de-cicloturismo-provincial\\\/#primaryimage\"},\"image\":{\"@id\":\"https:\\\/\\\/cvinoticias.com\\\/v3\\\/se-realizo-en-puerto-libertad-la-7ma-jornada-de-cicloturismo-provincial\\\/#primaryimage\"},\"thumbnailUrl\":\"https:\\\/\\\/cvinoticias.com\\\/wp-content\\\/uploads\\\/2021\\\/10\\\/PicsArt_10-11-10.22.47.jpg\",\"datePublished\":\"2021-10-11T13:32:04+00:00\",\"breadcrumb\":{\"@id\":\"https:\\\/\\\/cvinoticias.com\\\/v3\\\/se-realizo-en-puerto-libertad-la-7ma-jornada-de-cicloturismo-provincial\\\/#breadcrumb\"},\"inLanguage\":\"es\",\"potentialAction\":[{\"@type\":\"ReadAction\",\"target\":[\"https:\\\/\\\/cvinoticias.com\\\/v3\\\/se-realizo-en-puerto-libertad-la-7ma-jornada-de-cicloturismo-provincial\\\/\"]}]},{\"@type\":\"ImageObject\",\"inLanguage\":\"es\",\"@id\":\"https:\\\/\\\/cvinoticias.com\\\/v3\\\/se-realizo-en-puerto-libertad-la-7ma-jornada-de-cicloturismo-provincial\\\/#primaryimage\",\"url\":\"https:\\\/\\\/cvinoticias.com\\\/wp-content\\\/uploads\\\/2021\\\/10\\\/PicsArt_10-11-10.22.47.jpg\",\"contentUrl\":\"https:\\\/\\\/cvinoticias.com\\\/wp-content\\\/uploads\\\/2021\\\/10\\\/PicsArt_10-11-10.22.47.jpg\",\"width\":1080,\"height\":1702},{\"@type\":\"BreadcrumbList\",\"@id\":\"https:\\\/\\\/cvinoticias.com\\\/v3\\\/se-realizo-en-puerto-libertad-la-7ma-jornada-de-cicloturismo-provincial\\\/#breadcrumb\",\"itemListElement\":[{\"@type\":\"ListItem\",\"position\":1,\"name\":\"Portada\",\"item\":\"https:\\\/\\\/cvinoticias.com\\\/v3\\\/\"},{\"@type\":\"ListItem\",\"position\":2,\"name\":\"Se realiz\u00f3 en Puerto Libertad la 7ma Jornada de Cicloturismo Provincial\"}]},{\"@type\":\"WebSite\",\"@id\":\"https:\\\/\\\/cvinoticias.com\\\/v3\\\/#website\",\"url\":\"https:\\\/\\\/cvinoticias.com\\\/v3\\\/\",\"name\":\"CVI NOTICIAS\",\"description\":\"\",\"publisher\":{\"@id\":\"https:\\\/\\\/cvinoticias.com\\\/v3\\\/#organization\"},\"alternateName\":\"CVI\",\"potentialAction\":[{\"@type\":\"SearchAction\",\"target\":{\"@type\":\"EntryPoint\",\"urlTemplate\":\"https:\\\/\\\/cvinoticias.com\\\/v3\\\/?s={search_term_string}\"},\"query-input\":{\"@type\":\"PropertyValueSpecification\",\"valueRequired\":true,\"valueName\":\"search_term_string\"}}],\"inLanguage\":\"es\"},{\"@type\":\"Organization\",\"@id\":\"https:\\\/\\\/cvinoticias.com\\\/v3\\\/#organization\",\"name\":\"CVI NOTICIAS\",\"url\":\"https:\\\/\\\/cvinoticias.com\\\/v3\\\/\",\"logo\":{\"@type\":\"ImageObject\",\"inLanguage\":\"es\",\"@id\":\"https:\\\/\\\/cvinoticias.com\\\/v3\\\/#\\\/schema\\\/logo\\\/image\\\/\",\"url\":\"https:\\\/\\\/cvinoticias.com\\\/wp-content\\\/uploads\\\/2023\\\/04\\\/cropped-cropped-cropped-cropped-cropped-3-1.png\",\"contentUrl\":\"https:\\\/\\\/cvinoticias.com\\\/wp-content\\\/uploads\\\/2023\\\/04\\\/cropped-cropped-cropped-cropped-cropped-3-1.png\",\"width\":95,\"height\":122,\"caption\":\"CVI NOTICIAS\"},\"image\":{\"@id\":\"https:\\\/\\\/cvinoticias.com\\\/v3\\\/#\\\/schema\\\/logo\\\/image\\\/\"},\"sameAs\":[\"https:\\\/\\\/www.facebook.com\\\/cvinoticias\",\"https:\\\/\\\/www.instagram.com\\\/cvinoticias\\\/\",\"https:\\\/\\\/www.youtube.com\\\/@CVINOTICIAS\"]},{\"@type\":\"Person\",\"@id\":\"https:\\\/\\\/cvinoticias.com\\\/v3\\\/#\\\/schema\\\/person\\\/2db77e3c6bc03c538495d7b2b8be9b66\",\"name\":\"f1000024\",\"image\":{\"@type\":\"ImageObject\",\"inLanguage\":\"es\",\"@id\":\"https:\\\/\\\/secure.gravatar.com\\\/avatar\\\/d4fe7459cfc51ff5129ce1a732bbef5928568b8092d412ef95611616376bbeed?s=96&d=mm&r=g\",\"url\":\"https:\\\/\\\/secure.gravatar.com\\\/avatar\\\/d4fe7459cfc51ff5129ce1a732bbef5928568b8092d412ef95611616376bbeed?s=96&d=mm&r=g\",\"contentUrl\":\"https:\\\/\\\/secure.gravatar.com\\\/avatar\\\/d4fe7459cfc51ff5129ce1a732bbef5928568b8092d412ef95611616376bbeed?s=96&d=mm&r=g\",\"caption\":\"f1000024\"},\"url\":\"https:\\\/\\\/cvinoticias.com\\\/v3\\\/author\\\/f1000024\\\/\"}]}<\/script>\n<!-- \/ Yoast SEO plugin. -->","yoast_head_json":{"title":"Se realiz\u00f3 en Puerto Libertad la 7ma Jornada de Cicloturismo Provincial | CVI NOTICIAS","robots":{"index":"index","follow":"follow","max-snippet":"max-snippet:-1","max-image-preview":"max-image-preview:large","max-video-preview":"max-video-preview:-1"},"canonical":"https:\/\/cvinoticias.com\/v3\/se-realizo-en-puerto-libertad-la-7ma-jornada-de-cicloturismo-provincial\/","og_locale":"es_ES","og_type":"article","og_title":"Se realiz\u00f3 en Puerto Libertad la 7ma Jornada de Cicloturismo Provincial | CVI NOTICIAS","og_description":"Puerto Libertad vivi\u00f3 con gran \u00e9xito la 7ma Jornada de Cicloturismo Provincial organizado por la municipalidad local y el grupo de ciclistas \u00abMbaret\u00e9\u00bb, estas actividades desarrolladas durante el f\u00edn de semana extra largo, tambi\u00e9n favoreci\u00f3 a los emprendedores tur\u00edsticos de la localidad quienes pudieron trabajar al 100% con sus emprendimientos de alojamientos, en caba\u00f1as, hoteles, [&hellip;]","og_url":"https:\/\/cvinoticias.com\/v3\/se-realizo-en-puerto-libertad-la-7ma-jornada-de-cicloturismo-provincial\/","og_site_name":"CVI NOTICIAS","article_publisher":"https:\/\/www.facebook.com\/cvinoticias","article_published_time":"2021-10-11T13:32:04+00:00","og_image":[{"width":1080,"height":1702,"url":"https:\/\/cvinoticias.com\/wp-content\/uploads\/2021\/10\/PicsArt_10-11-10.22.47.jpg","type":"image\/jpeg"}],"author":"f1000024","twitter_card":"summary_large_image","twitter_misc":{"Escrito por":"f1000024","Tiempo de lectura":"1 minuto"},"schema":{"@context":"https:\/\/schema.org","@graph":[{"@type":"Article","@id":"https:\/\/cvinoticias.com\/v3\/se-realizo-en-puerto-libertad-la-7ma-jornada-de-cicloturismo-provincial\/#article","isPartOf":{"@id":"https:\/\/cvinoticias.com\/v3\/se-realizo-en-puerto-libertad-la-7ma-jornada-de-cicloturismo-provincial\/"},"author":{"name":"f1000024","@id":"https:\/\/cvinoticias.com\/v3\/#\/schema\/person\/2db77e3c6bc03c538495d7b2b8be9b66"},"headline":"Se realiz\u00f3 en Puerto Libertad la 7ma Jornada de Cicloturismo Provincial","datePublished":"2021-10-11T13:32:04+00:00","mainEntityOfPage":{"@id":"https:\/\/cvinoticias.com\/v3\/se-realizo-en-puerto-libertad-la-7ma-jornada-de-cicloturismo-provincial\/"},"wordCount":253,"commentCount":0,"publisher":{"@id":"https:\/\/cvinoticias.com\/v3\/#organization"},"image":{"@id":"https:\/\/cvinoticias.com\/v3\/se-realizo-en-puerto-libertad-la-7ma-jornada-de-cicloturismo-provincial\/#primaryimage"},"thumbnailUrl":"https:\/\/cvinoticias.com\/wp-content\/uploads\/2021\/10\/PicsArt_10-11-10.22.47.jpg","articleSection":["Deportes"],"inLanguage":"es","potentialAction":[{"@type":"CommentAction","name":"Comment","target":["https:\/\/cvinoticias.com\/v3\/se-realizo-en-puerto-libertad-la-7ma-jornada-de-cicloturismo-provincial\/#respond"]}]},{"@type":"WebPage","@id":"https:\/\/cvinoticias.com\/v3\/se-realizo-en-puerto-libertad-la-7ma-jornada-de-cicloturismo-provincial\/","url":"https:\/\/cvinoticias.com\/v3\/se-realizo-en-puerto-libertad-la-7ma-jornada-de-cicloturismo-provincial\/","name":"Se realiz\u00f3 en Puerto Libertad la 7ma Jornada de Cicloturismo Provincial | CVI NOTICIAS","isPartOf":{"@id":"https:\/\/cvinoticias.com\/v3\/#website"},"primaryImageOfPage":{"@id":"https:\/\/cvinoticias.com\/v3\/se-realizo-en-puerto-libertad-la-7ma-jornada-de-cicloturismo-provincial\/#primaryimage"},"image":{"@id":"https:\/\/cvinoticias.com\/v3\/se-realizo-en-puerto-libertad-la-7ma-jornada-de-cicloturismo-provincial\/#primaryimage"},"thumbnailUrl":"https:\/\/cvinoticias.com\/wp-content\/uploads\/2021\/10\/PicsArt_10-11-10.22.47.jpg","datePublished":"2021-10-11T13:32:04+00:00","breadcrumb":{"@id":"https:\/\/cvinoticias.com\/v3\/se-realizo-en-puerto-libertad-la-7ma-jornada-de-cicloturismo-provincial\/#breadcrumb"},"inLanguage":"es","potentialAction":[{"@type":"ReadAction","target":["https:\/\/cvinoticias.com\/v3\/se-realizo-en-puerto-libertad-la-7ma-jornada-de-cicloturismo-provincial\/"]}]},{"@type":"ImageObject","inLanguage":"es","@id":"https:\/\/cvinoticias.com\/v3\/se-realizo-en-puerto-libertad-la-7ma-jornada-de-cicloturismo-provincial\/#primaryimage","url":"https:\/\/cvinoticias.com\/wp-content\/uploads\/2021\/10\/PicsArt_10-11-10.22.47.jpg","contentUrl":"https:\/\/cvinoticias.com\/wp-content\/uploads\/2021\/10\/PicsArt_10-11-10.22.47.jpg","width":1080,"height":1702},{"@type":"BreadcrumbList","@id":"https:\/\/cvinoticias.com\/v3\/se-realizo-en-puerto-libertad-la-7ma-jornada-de-cicloturismo-provincial\/#breadcrumb","itemListElement":[{"@type":"ListItem","position":1,"name":"Portada","item":"https:\/\/cvinoticias.com\/v3\/"},{"@type":"ListItem","position":2,"name":"Se realiz\u00f3 en Puerto Libertad la 7ma Jornada de Cicloturismo Provincial"}]},{"@type":"WebSite","@id":"https:\/\/cvinoticias.com\/v3\/#website","url":"https:\/\/cvinoticias.com\/v3\/","name":"CVI NOTICIAS","description":"","publisher":{"@id":"https:\/\/cvinoticias.com\/v3\/#organization"},"alternateName":"CVI","potentialAction":[{"@type":"SearchAction","target":{"@type":"EntryPoint","urlTemplate":"https:\/\/cvinoticias.com\/v3\/?s={search_term_string}"},"query-input":{"@type":"PropertyValueSpecification","valueRequired":true,"valueName":"search_term_string"}}],"inLanguage":"es"},{"@type":"Organization","@id":"https:\/\/cvinoticias.com\/v3\/#organization","name":"CVI NOTICIAS","url":"https:\/\/cvinoticias.com\/v3\/","logo":{"@type":"ImageObject","inLanguage":"es","@id":"https:\/\/cvinoticias.com\/v3\/#\/schema\/logo\/image\/","url":"https:\/\/cvinoticias.com\/wp-content\/uploads\/2023\/04\/cropped-cropped-cropped-cropped-cropped-3-1.png","contentUrl":"https:\/\/cvinoticias.com\/wp-content\/uploads\/2023\/04\/cropped-cropped-cropped-cropped-cropped-3-1.png","width":95,"height":122,"caption":"CVI NOTICIAS"},"image":{"@id":"https:\/\/cvinoticias.com\/v3\/#\/schema\/logo\/image\/"},"sameAs":["https:\/\/www.facebook.com\/cvinoticias","https:\/\/www.instagram.com\/cvinoticias\/","https:\/\/www.youtube.com\/@CVINOTICIAS"]},{"@type":"Person","@id":"https:\/\/cvinoticias.com\/v3\/#\/schema\/person\/2db77e3c6bc03c538495d7b2b8be9b66","name":"f1000024","image":{"@type":"ImageObject","inLanguage":"es","@id":"https:\/\/secure.gravatar.com\/avatar\/d4fe7459cfc51ff5129ce1a732bbef5928568b8092d412ef95611616376bbeed?s=96&d=mm&r=g","url":"https:\/\/secure.gravatar.com\/avatar\/d4fe7459cfc51ff5129ce1a732bbef5928568b8092d412ef95611616376bbeed?s=96&d=mm&r=g","contentUrl":"https:\/\/secure.gravatar.com\/avatar\/d4fe7459cfc51ff5129ce1a732bbef5928568b8092d412ef95611616376bbeed?s=96&d=mm&r=g","caption":"f1000024"},"url":"https:\/\/cvinoticias.com\/v3\/author\/f1000024\/"}]}},"_links":{"self":[{"href":"https:\/\/cvinoticias.com\/v3\/wp-json\/wp\/v2\/posts\/9373","targetHints":{"allow":["GET"]}}],"collection":[{"href":"https:\/\/cvinoticias.com\/v3\/wp-json\/wp\/v2\/posts"}],"about":[{"href":"https:\/\/cvinoticias.com\/v3\/wp-json\/wp\/v2\/types\/post"}],"author":[{"embeddable":true,"href":"https:\/\/cvinoticias.com\/v3\/wp-json\/wp\/v2\/users\/2"}],"replies":[{"embeddable":true,"href":"https:\/\/cvinoticias.com\/v3\/wp-json\/wp\/v2\/comments?post=9373"}],"version-history":[{"count":1,"href":"https:\/\/cvinoticias.com\/v3\/wp-json\/wp\/v2\/posts\/9373\/revisions"}],"predecessor-version":[{"id":9377,"href":"https:\/\/cvinoticias.com\/v3\/wp-json\/wp\/v2\/posts\/9373\/revisions\/9377"}],"wp:featuredmedia":[{"embeddable":true,"href":"https:\/\/cvinoticias.com\/v3\/wp-json\/wp\/v2\/media\/9374"}],"wp:attachment":[{"href":"https:\/\/cvinoticias.com\/v3\/wp-json\/wp\/v2\/media?parent=9373"}],"wp:term":[{"taxonomy":"category","embeddable":true,"href":"https:\/\/cvinoticias.com\/v3\/wp-json\/wp\/v2\/categories?post=9373"},{"taxonomy":"post_tag","embeddable":true,"href":"https:\/\/cvinoticias.com\/v3\/wp-json\/wp\/v2\/tags?post=9373"}],"curies":[{"name":"wp","href":"https:\/\/api.w.org\/{rel}","templated":true}]}}