{"id":9359,"date":"2021-10-11T02:25:06","date_gmt":"2021-10-11T02:25:06","guid":{"rendered":"https:\/\/cvinoticias.com\/v3\/?p=9359"},"modified":"2021-10-11T02:25:06","modified_gmt":"2021-10-11T02:25:06","slug":"el-grupo-amar-azul-hizo-estallar-el-norguss-jacob-a-pura-musica-tropical","status":"publish","type":"post","link":"https:\/\/cvinoticias.com\/v3\/el-grupo-amar-azul-hizo-estallar-el-norguss-jacob-a-pura-musica-tropical\/","title":{"rendered":"El grupo \u00abAmar Azul\u00bb hizo estallar el Norguss Jacob a pura m\u00fasica tropical"},"content":{"rendered":"\n<p><strong><em>Gran show fue el que dio el grupo argentino de cumbia \u00abAmar Azul\u00bb, en la pen\u00faltima noche de la 41\u00aa edici\u00f3n de la Fiesta Nacional del Inmigrante.<\/em><\/strong><\/p>\n\n\n\n<p>Fue una gran noche a pura m\u00fasica tropical y que llen\u00f3 el cupo permitido del anfiteatro mayor del Parque de las Naciones y la FNI donde el p\u00fablico no dud\u00f3 en aprovechar que el clima brind\u00f3 una mejora por la tarde, para acercarse a recorrer el predio.<\/p>\n\n\n\n<figure class=\"wp-block-image size-large\"><a href=\"https:\/\/cvinoticias.com\/wp-content\/uploads\/2021\/10\/PicsArt_10-10-10.42.31.jpg\"><img decoding=\"async\" width=\"768\" height=\"1024\" data-src=\"https:\/\/cvinoticias.com\/wp-content\/uploads\/2021\/10\/PicsArt_10-10-10.42.31-768x1024.jpg\" alt=\"\" class=\"wp-image-9364 lazyload\" data-srcset=\"https:\/\/cvinoticias.com\/wp-content\/uploads\/2021\/10\/PicsArt_10-10-10.42.31-768x1024.jpg 768w, https:\/\/cvinoticias.com\/wp-content\/uploads\/2021\/10\/PicsArt_10-10-10.42.31-225x300.jpg 225w, https:\/\/cvinoticias.com\/wp-content\/uploads\/2021\/10\/PicsArt_10-10-10.42.31.jpg 1080w\" data-sizes=\"(max-width: 768px) 100vw, 768px\" src=\"data:image\/svg+xml;base64,PHN2ZyB3aWR0aD0iMSIgaGVpZ2h0PSIxIiB4bWxucz0iaHR0cDovL3d3dy53My5vcmcvMjAwMC9zdmciPjwvc3ZnPg==\" style=\"--smush-placeholder-width: 768px; --smush-placeholder-aspect-ratio: 768\/1024;\" \/><\/a><\/figure>\n\n\n\n<p>Las colectividades han trabajado muy bien en lo que se espera que sea un balance favorable. La Feria Comercial y la de Artesan\u00edas reciben a muchos visitantes, mientras que los peque\u00f1os \u2013 y no tanto- disfrutan de los juegos mec\u00e1nicos, visitan el Museo de Historia municipal, la casa Museo de la Colectividad Rusa Belarusa y aprovechan las ofertas en los kioscos al paso de las casas t\u00edpicas.<\/p>\n\n\n\n<p>Al mediod\u00eda y por la noche, las colectividades abrieron sus puertas para que los visitantes pudieran disfrutar de sus espl\u00e9ndidos platos t\u00edpicos y su m\u00fasica en vivo.<\/p>\n\n\n\n<figure class=\"wp-block-image size-large\"><a href=\"https:\/\/cvinoticias.com\/wp-content\/uploads\/2021\/10\/PicsArt_10-10-10.46.28-scaled.jpg\"><img decoding=\"async\" width=\"1024\" height=\"768\" data-src=\"https:\/\/cvinoticias.com\/wp-content\/uploads\/2021\/10\/PicsArt_10-10-10.46.28-1024x768.jpg\" alt=\"\" class=\"wp-image-9363 lazyload\" data-srcset=\"https:\/\/cvinoticias.com\/wp-content\/uploads\/2021\/10\/PicsArt_10-10-10.46.28-1024x768.jpg 1024w, https:\/\/cvinoticias.com\/wp-content\/uploads\/2021\/10\/PicsArt_10-10-10.46.28-300x225.jpg 300w, https:\/\/cvinoticias.com\/wp-content\/uploads\/2021\/10\/PicsArt_10-10-10.46.28-768x576.jpg 768w, https:\/\/cvinoticias.com\/wp-content\/uploads\/2021\/10\/PicsArt_10-10-10.46.28-1536x1152.jpg 1536w, https:\/\/cvinoticias.com\/wp-content\/uploads\/2021\/10\/PicsArt_10-10-10.46.28-2048x1536.jpg 2048w\" data-sizes=\"(max-width: 1024px) 100vw, 1024px\" src=\"data:image\/svg+xml;base64,PHN2ZyB3aWR0aD0iMSIgaGVpZ2h0PSIxIiB4bWxucz0iaHR0cDovL3d3dy53My5vcmcvMjAwMC9zdmciPjwvc3ZnPg==\" style=\"--smush-placeholder-width: 1024px; --smush-placeholder-aspect-ratio: 1024\/768;\" \/><\/a><\/figure>\n\n\n\n<p>Mientras tanto, en el escenario mayor se preparaba todo para el show principal de la jornada.<\/p>\n\n\n\n<p>Doble 5, la banda de m\u00fasica local, empez\u00f3 a calentar el ambiente con su popurr\u00ed de covers de grandes \u00e9xitos, y la gente respondi\u00f3, core\u00f3 y pidi\u00f3 m\u00e1s. Y todo estaba listo para el gran y esperado momento de recibir a Amar Azul.<\/p>\n\n\n\n<p><strong>\u201cTratamos de ser siempre lo m\u00e1s Amar Azul posible\u201d<\/strong><\/p>\n\n\n\n<p>Momentos antes de subir a escena, el grupo tuvo un encuentro con la prensa &#8211; donde CVINOTICIAS \u00fanico medio de Iguaz\u00fa estuvo presente &#8211; acompa\u00f1ados por la presidente de la Federaci\u00f3n de Colectividades Marta Wieremiey.<\/p>\n\n\n\n<figure class=\"wp-block-image size-large\"><a href=\"https:\/\/cvinoticias.com\/wp-content\/uploads\/2021\/10\/PicsArt_10-10-10.44.43-scaled.jpg\"><img decoding=\"async\" width=\"1024\" height=\"790\" data-src=\"https:\/\/cvinoticias.com\/wp-content\/uploads\/2021\/10\/PicsArt_10-10-10.44.43-1024x790.jpg\" alt=\"\" class=\"wp-image-9360 lazyload\" data-srcset=\"https:\/\/cvinoticias.com\/wp-content\/uploads\/2021\/10\/PicsArt_10-10-10.44.43-1024x790.jpg 1024w, https:\/\/cvinoticias.com\/wp-content\/uploads\/2021\/10\/PicsArt_10-10-10.44.43-300x232.jpg 300w, https:\/\/cvinoticias.com\/wp-content\/uploads\/2021\/10\/PicsArt_10-10-10.44.43-768x593.jpg 768w, https:\/\/cvinoticias.com\/wp-content\/uploads\/2021\/10\/PicsArt_10-10-10.44.43-1536x1185.jpg 1536w, https:\/\/cvinoticias.com\/wp-content\/uploads\/2021\/10\/PicsArt_10-10-10.44.43-2048x1580.jpg 2048w\" data-sizes=\"(max-width: 1024px) 100vw, 1024px\" src=\"data:image\/svg+xml;base64,PHN2ZyB3aWR0aD0iMSIgaGVpZ2h0PSIxIiB4bWxucz0iaHR0cDovL3d3dy53My5vcmcvMjAwMC9zdmciPjwvc3ZnPg==\" style=\"--smush-placeholder-width: 1024px; --smush-placeholder-aspect-ratio: 1024\/790;\" \/><\/a><\/figure>\n\n\n\n<p>El vocalista y fundador del grupo, Miguel D\u00b4Annibale, fue el encargado de agradecer a la organizaci\u00f3n \u201cpor volvernos a invitar una vez m\u00e1s a Ober\u00e1 despu\u00e9s de mucho tiempo\u201d.<\/p>\n\n\n\n<p>El \u00fanico integrante \u201coriginal\u201d del grupo anticip\u00f3 que el p\u00fablico de la FNI iba a poder disfrutar de sus cl\u00e1sicos, a los que denomin\u00f3 como \u201cuna mochila linda\u201d y los temas de los discos del 2000 en adelante.<\/p>\n\n\n\n<p>\u201cEs una alegr\u00eda enorme poder tocar ante el p\u00fablico de Misiones que siempre nos respet\u00f3 y nos trat\u00f3 bien, queremos divertirnos y pasarla bien\u201d.<\/p>\n\n\n\n<p>Consultado sobre c\u00f3mo es el seguir siendo una banda reconocida tras 30 a\u00f1os de trayectoria, Miguel afirm\u00f3 que \u201ctratamos de ser siempre lo m\u00e1s Amar Azul posible, eso fue lo que nos dio trabajo. Miedo ten\u00e9s siempre, los nervios de siempre. El d\u00eda que no sientas eso ten\u00e9s que retirarte porque es como que no sent\u00eds nada. No es f\u00e1cil estar ante tanto p\u00fablico pero es un miedo lindo\u201d.<\/p>\n\n\n\n<p>Y fue como lo anticip\u00f3, ni bien pisaron el escenario mayor, el p\u00fablico los recibi\u00f3 con alegr\u00eda y reconocimiento. Y cuando empezaron a sonar los primeros acordes de \u201cYo tomo licor\u201d ese p\u00fablico hizo estallar el anfiteatro, y continu\u00f3 a\u00fan m\u00e1s con \u201cYo tomo vino y cerveza\u201d, \u201cYo me enamor\u00e9\u201d y \u201cEl polvito del amor\u201d, entre tantos otros cl\u00e1sicos que hicieron que la gente no pudiera contenerse sentada en sus lugares, bailando al ritmo de la m\u00fasica pero manteniendo siempre su ubicaci\u00f3n, tal como lo indica el protocolo.<\/p>\n\n\n\n<figure class=\"wp-block-image size-large\"><a href=\"https:\/\/cvinoticias.com\/wp-content\/uploads\/2021\/10\/PicsArt_10-10-10.57.16-scaled.jpg\"><img decoding=\"async\" width=\"1024\" height=\"577\" data-src=\"https:\/\/cvinoticias.com\/wp-content\/uploads\/2021\/10\/PicsArt_10-10-10.57.16-1024x577.jpg\" alt=\"\" class=\"wp-image-9361 lazyload\" data-srcset=\"https:\/\/cvinoticias.com\/wp-content\/uploads\/2021\/10\/PicsArt_10-10-10.57.16-1024x577.jpg 1024w, https:\/\/cvinoticias.com\/wp-content\/uploads\/2021\/10\/PicsArt_10-10-10.57.16-300x169.jpg 300w, https:\/\/cvinoticias.com\/wp-content\/uploads\/2021\/10\/PicsArt_10-10-10.57.16-768x432.jpg 768w, https:\/\/cvinoticias.com\/wp-content\/uploads\/2021\/10\/PicsArt_10-10-10.57.16-1536x865.jpg 1536w, https:\/\/cvinoticias.com\/wp-content\/uploads\/2021\/10\/PicsArt_10-10-10.57.16-2048x1153.jpg 2048w\" data-sizes=\"(max-width: 1024px) 100vw, 1024px\" src=\"data:image\/svg+xml;base64,PHN2ZyB3aWR0aD0iMSIgaGVpZ2h0PSIxIiB4bWxucz0iaHR0cDovL3d3dy53My5vcmcvMjAwMC9zdmciPjwvc3ZnPg==\" style=\"--smush-placeholder-width: 1024px; --smush-placeholder-aspect-ratio: 1024\/577;\" \/><\/a><\/figure>\n\n\n\n<p>As\u00ed pas\u00f3 el \u00faltimo artista nacional de la grilla de espect\u00e1culos en el regreso de la Fiesta Nacional del Inmigrante.<\/p>\n\n\n\n<figure class=\"wp-block-image size-large\"><a href=\"https:\/\/cvinoticias.com\/wp-content\/uploads\/2021\/10\/PicsArt_10-10-11.00.15-scaled.jpg\"><img decoding=\"async\" width=\"1024\" height=\"577\" data-src=\"https:\/\/cvinoticias.com\/wp-content\/uploads\/2021\/10\/PicsArt_10-10-11.00.15-1024x577.jpg\" alt=\"\" class=\"wp-image-9362 lazyload\" data-srcset=\"https:\/\/cvinoticias.com\/wp-content\/uploads\/2021\/10\/PicsArt_10-10-11.00.15-1024x577.jpg 1024w, https:\/\/cvinoticias.com\/wp-content\/uploads\/2021\/10\/PicsArt_10-10-11.00.15-300x169.jpg 300w, https:\/\/cvinoticias.com\/wp-content\/uploads\/2021\/10\/PicsArt_10-10-11.00.15-768x432.jpg 768w, https:\/\/cvinoticias.com\/wp-content\/uploads\/2021\/10\/PicsArt_10-10-11.00.15-1536x865.jpg 1536w, https:\/\/cvinoticias.com\/wp-content\/uploads\/2021\/10\/PicsArt_10-10-11.00.15-2048x1153.jpg 2048w\" data-sizes=\"(max-width: 1024px) 100vw, 1024px\" src=\"data:image\/svg+xml;base64,PHN2ZyB3aWR0aD0iMSIgaGVpZ2h0PSIxIiB4bWxucz0iaHR0cDovL3d3dy53My5vcmcvMjAwMC9zdmciPjwvc3ZnPg==\" style=\"--smush-placeholder-width: 1024px; --smush-placeholder-aspect-ratio: 1024\/577;\" \/><\/a><\/figure>\n","protected":false},"excerpt":{"rendered":"<p>Gran show fue el que dio el grupo argentino de cumbia \u00abAmar Azul\u00bb, en la pen\u00faltima noche de la 41\u00aa edici\u00f3n de la Fiesta Nacional del Inmigrante. Fue una gran noche a pura m\u00fasica tropical y que llen\u00f3 el cupo permitido del anfiteatro mayor del Parque de las Naciones y la FNI donde el p\u00fablico [&hellip;]<\/p>\n","protected":false},"author":2,"featured_media":9365,"comment_status":"open","ping_status":"open","sticky":false,"template":"","format":"standard","meta":{"footnotes":""},"categories":[43],"tags":[],"class_list":["post-9359","post","type-post","status-publish","format-standard","has-post-thumbnail","hentry","category-provinciales"],"yoast_head":"<!-- This site is optimized with the Yoast SEO plugin v27.4 - https:\/\/yoast.com\/product\/yoast-seo-wordpress\/ -->\n<title>El grupo &quot;Amar Azul&quot; hizo estallar el Norguss Jacob a pura m\u00fasica tropical | CVI NOTICIAS<\/title>\n<meta name=\"robots\" content=\"index, follow, max-snippet:-1, max-image-preview:large, max-video-preview:-1\" \/>\n<link rel=\"canonical\" href=\"https:\/\/cvinoticias.com\/v3\/el-grupo-amar-azul-hizo-estallar-el-norguss-jacob-a-pura-musica-tropical\/\" \/>\n<meta property=\"og:locale\" content=\"es_ES\" \/>\n<meta property=\"og:type\" content=\"article\" \/>\n<meta property=\"og:title\" content=\"El grupo &quot;Amar Azul&quot; hizo estallar el Norguss Jacob a pura m\u00fasica tropical | CVI NOTICIAS\" \/>\n<meta property=\"og:description\" content=\"Gran show fue el que dio el grupo argentino de cumbia \u00abAmar Azul\u00bb, en la pen\u00faltima noche de la 41\u00aa edici\u00f3n de la Fiesta Nacional del Inmigrante. Fue una gran noche a pura m\u00fasica tropical y que llen\u00f3 el cupo permitido del anfiteatro mayor del Parque de las Naciones y la FNI donde el p\u00fablico [&hellip;]\" \/>\n<meta property=\"og:url\" content=\"https:\/\/cvinoticias.com\/v3\/el-grupo-amar-azul-hizo-estallar-el-norguss-jacob-a-pura-musica-tropical\/\" \/>\n<meta property=\"og:site_name\" content=\"CVI NOTICIAS\" \/>\n<meta property=\"article:publisher\" content=\"https:\/\/www.facebook.com\/cvinoticias\" \/>\n<meta property=\"article:published_time\" content=\"2021-10-11T02:25:06+00:00\" \/>\n<meta property=\"og:image\" content=\"https:\/\/cvinoticias.com\/wp-content\/uploads\/2021\/10\/PicsArt_10-10-11.03.34-scaled.jpg\" \/>\n\t<meta property=\"og:image:width\" content=\"2560\" \/>\n\t<meta property=\"og:image:height\" content=\"1441\" \/>\n\t<meta property=\"og:image:type\" content=\"image\/jpeg\" \/>\n<meta name=\"author\" content=\"f1000024\" \/>\n<meta name=\"twitter:card\" content=\"summary_large_image\" \/>\n<meta name=\"twitter:label1\" content=\"Escrito por\" \/>\n\t<meta name=\"twitter:data1\" content=\"f1000024\" \/>\n\t<meta name=\"twitter:label2\" content=\"Tiempo de lectura\" \/>\n\t<meta name=\"twitter:data2\" content=\"3 minutos\" \/>\n<script type=\"application\/ld+json\" class=\"yoast-schema-graph\">{\"@context\":\"https:\\\/\\\/schema.org\",\"@graph\":[{\"@type\":\"Article\",\"@id\":\"https:\\\/\\\/cvinoticias.com\\\/v3\\\/el-grupo-amar-azul-hizo-estallar-el-norguss-jacob-a-pura-musica-tropical\\\/#article\",\"isPartOf\":{\"@id\":\"https:\\\/\\\/cvinoticias.com\\\/v3\\\/el-grupo-amar-azul-hizo-estallar-el-norguss-jacob-a-pura-musica-tropical\\\/\"},\"author\":{\"name\":\"f1000024\",\"@id\":\"https:\\\/\\\/cvinoticias.com\\\/v3\\\/#\\\/schema\\\/person\\\/2db77e3c6bc03c538495d7b2b8be9b66\"},\"headline\":\"El grupo \u00abAmar Azul\u00bb hizo estallar el Norguss Jacob a pura m\u00fasica tropical\",\"datePublished\":\"2021-10-11T02:25:06+00:00\",\"mainEntityOfPage\":{\"@id\":\"https:\\\/\\\/cvinoticias.com\\\/v3\\\/el-grupo-amar-azul-hizo-estallar-el-norguss-jacob-a-pura-musica-tropical\\\/\"},\"wordCount\":591,\"commentCount\":0,\"publisher\":{\"@id\":\"https:\\\/\\\/cvinoticias.com\\\/v3\\\/#organization\"},\"image\":{\"@id\":\"https:\\\/\\\/cvinoticias.com\\\/v3\\\/el-grupo-amar-azul-hizo-estallar-el-norguss-jacob-a-pura-musica-tropical\\\/#primaryimage\"},\"thumbnailUrl\":\"https:\\\/\\\/cvinoticias.com\\\/wp-content\\\/uploads\\\/2021\\\/10\\\/PicsArt_10-10-11.03.34-scaled.jpg\",\"articleSection\":[\"Provinciales\"],\"inLanguage\":\"es\",\"potentialAction\":[{\"@type\":\"CommentAction\",\"name\":\"Comment\",\"target\":[\"https:\\\/\\\/cvinoticias.com\\\/v3\\\/el-grupo-amar-azul-hizo-estallar-el-norguss-jacob-a-pura-musica-tropical\\\/#respond\"]}]},{\"@type\":\"WebPage\",\"@id\":\"https:\\\/\\\/cvinoticias.com\\\/v3\\\/el-grupo-amar-azul-hizo-estallar-el-norguss-jacob-a-pura-musica-tropical\\\/\",\"url\":\"https:\\\/\\\/cvinoticias.com\\\/v3\\\/el-grupo-amar-azul-hizo-estallar-el-norguss-jacob-a-pura-musica-tropical\\\/\",\"name\":\"El grupo \\\"Amar Azul\\\" hizo estallar el Norguss Jacob a pura m\u00fasica tropical | CVI NOTICIAS\",\"isPartOf\":{\"@id\":\"https:\\\/\\\/cvinoticias.com\\\/v3\\\/#website\"},\"primaryImageOfPage\":{\"@id\":\"https:\\\/\\\/cvinoticias.com\\\/v3\\\/el-grupo-amar-azul-hizo-estallar-el-norguss-jacob-a-pura-musica-tropical\\\/#primaryimage\"},\"image\":{\"@id\":\"https:\\\/\\\/cvinoticias.com\\\/v3\\\/el-grupo-amar-azul-hizo-estallar-el-norguss-jacob-a-pura-musica-tropical\\\/#primaryimage\"},\"thumbnailUrl\":\"https:\\\/\\\/cvinoticias.com\\\/wp-content\\\/uploads\\\/2021\\\/10\\\/PicsArt_10-10-11.03.34-scaled.jpg\",\"datePublished\":\"2021-10-11T02:25:06+00:00\",\"breadcrumb\":{\"@id\":\"https:\\\/\\\/cvinoticias.com\\\/v3\\\/el-grupo-amar-azul-hizo-estallar-el-norguss-jacob-a-pura-musica-tropical\\\/#breadcrumb\"},\"inLanguage\":\"es\",\"potentialAction\":[{\"@type\":\"ReadAction\",\"target\":[\"https:\\\/\\\/cvinoticias.com\\\/v3\\\/el-grupo-amar-azul-hizo-estallar-el-norguss-jacob-a-pura-musica-tropical\\\/\"]}]},{\"@type\":\"ImageObject\",\"inLanguage\":\"es\",\"@id\":\"https:\\\/\\\/cvinoticias.com\\\/v3\\\/el-grupo-amar-azul-hizo-estallar-el-norguss-jacob-a-pura-musica-tropical\\\/#primaryimage\",\"url\":\"https:\\\/\\\/cvinoticias.com\\\/wp-content\\\/uploads\\\/2021\\\/10\\\/PicsArt_10-10-11.03.34-scaled.jpg\",\"contentUrl\":\"https:\\\/\\\/cvinoticias.com\\\/wp-content\\\/uploads\\\/2021\\\/10\\\/PicsArt_10-10-11.03.34-scaled.jpg\",\"width\":2560,\"height\":1441},{\"@type\":\"BreadcrumbList\",\"@id\":\"https:\\\/\\\/cvinoticias.com\\\/v3\\\/el-grupo-amar-azul-hizo-estallar-el-norguss-jacob-a-pura-musica-tropical\\\/#breadcrumb\",\"itemListElement\":[{\"@type\":\"ListItem\",\"position\":1,\"name\":\"Portada\",\"item\":\"https:\\\/\\\/cvinoticias.com\\\/v3\\\/\"},{\"@type\":\"ListItem\",\"position\":2,\"name\":\"El grupo \u00abAmar Azul\u00bb hizo estallar el Norguss Jacob a pura m\u00fasica tropical\"}]},{\"@type\":\"WebSite\",\"@id\":\"https:\\\/\\\/cvinoticias.com\\\/v3\\\/#website\",\"url\":\"https:\\\/\\\/cvinoticias.com\\\/v3\\\/\",\"name\":\"CVI NOTICIAS\",\"description\":\"\",\"publisher\":{\"@id\":\"https:\\\/\\\/cvinoticias.com\\\/v3\\\/#organization\"},\"alternateName\":\"CVI\",\"potentialAction\":[{\"@type\":\"SearchAction\",\"target\":{\"@type\":\"EntryPoint\",\"urlTemplate\":\"https:\\\/\\\/cvinoticias.com\\\/v3\\\/?s={search_term_string}\"},\"query-input\":{\"@type\":\"PropertyValueSpecification\",\"valueRequired\":true,\"valueName\":\"search_term_string\"}}],\"inLanguage\":\"es\"},{\"@type\":\"Organization\",\"@id\":\"https:\\\/\\\/cvinoticias.com\\\/v3\\\/#organization\",\"name\":\"CVI NOTICIAS\",\"url\":\"https:\\\/\\\/cvinoticias.com\\\/v3\\\/\",\"logo\":{\"@type\":\"ImageObject\",\"inLanguage\":\"es\",\"@id\":\"https:\\\/\\\/cvinoticias.com\\\/v3\\\/#\\\/schema\\\/logo\\\/image\\\/\",\"url\":\"https:\\\/\\\/cvinoticias.com\\\/wp-content\\\/uploads\\\/2023\\\/04\\\/cropped-cropped-cropped-cropped-cropped-3-1.png\",\"contentUrl\":\"https:\\\/\\\/cvinoticias.com\\\/wp-content\\\/uploads\\\/2023\\\/04\\\/cropped-cropped-cropped-cropped-cropped-3-1.png\",\"width\":95,\"height\":122,\"caption\":\"CVI NOTICIAS\"},\"image\":{\"@id\":\"https:\\\/\\\/cvinoticias.com\\\/v3\\\/#\\\/schema\\\/logo\\\/image\\\/\"},\"sameAs\":[\"https:\\\/\\\/www.facebook.com\\\/cvinoticias\",\"https:\\\/\\\/www.instagram.com\\\/cvinoticias\\\/\",\"https:\\\/\\\/www.youtube.com\\\/@CVINOTICIAS\"]},{\"@type\":\"Person\",\"@id\":\"https:\\\/\\\/cvinoticias.com\\\/v3\\\/#\\\/schema\\\/person\\\/2db77e3c6bc03c538495d7b2b8be9b66\",\"name\":\"f1000024\",\"image\":{\"@type\":\"ImageObject\",\"inLanguage\":\"es\",\"@id\":\"https:\\\/\\\/secure.gravatar.com\\\/avatar\\\/d4fe7459cfc51ff5129ce1a732bbef5928568b8092d412ef95611616376bbeed?s=96&d=mm&r=g\",\"url\":\"https:\\\/\\\/secure.gravatar.com\\\/avatar\\\/d4fe7459cfc51ff5129ce1a732bbef5928568b8092d412ef95611616376bbeed?s=96&d=mm&r=g\",\"contentUrl\":\"https:\\\/\\\/secure.gravatar.com\\\/avatar\\\/d4fe7459cfc51ff5129ce1a732bbef5928568b8092d412ef95611616376bbeed?s=96&d=mm&r=g\",\"caption\":\"f1000024\"},\"url\":\"https:\\\/\\\/cvinoticias.com\\\/v3\\\/author\\\/f1000024\\\/\"}]}<\/script>\n<!-- \/ Yoast SEO plugin. -->","yoast_head_json":{"title":"El grupo \"Amar Azul\" hizo estallar el Norguss Jacob a pura m\u00fasica tropical | CVI NOTICIAS","robots":{"index":"index","follow":"follow","max-snippet":"max-snippet:-1","max-image-preview":"max-image-preview:large","max-video-preview":"max-video-preview:-1"},"canonical":"https:\/\/cvinoticias.com\/v3\/el-grupo-amar-azul-hizo-estallar-el-norguss-jacob-a-pura-musica-tropical\/","og_locale":"es_ES","og_type":"article","og_title":"El grupo \"Amar Azul\" hizo estallar el Norguss Jacob a pura m\u00fasica tropical | CVI NOTICIAS","og_description":"Gran show fue el que dio el grupo argentino de cumbia \u00abAmar Azul\u00bb, en la pen\u00faltima noche de la 41\u00aa edici\u00f3n de la Fiesta Nacional del Inmigrante. Fue una gran noche a pura m\u00fasica tropical y que llen\u00f3 el cupo permitido del anfiteatro mayor del Parque de las Naciones y la FNI donde el p\u00fablico [&hellip;]","og_url":"https:\/\/cvinoticias.com\/v3\/el-grupo-amar-azul-hizo-estallar-el-norguss-jacob-a-pura-musica-tropical\/","og_site_name":"CVI NOTICIAS","article_publisher":"https:\/\/www.facebook.com\/cvinoticias","article_published_time":"2021-10-11T02:25:06+00:00","og_image":[{"width":2560,"height":1441,"url":"https:\/\/cvinoticias.com\/wp-content\/uploads\/2021\/10\/PicsArt_10-10-11.03.34-scaled.jpg","type":"image\/jpeg"}],"author":"f1000024","twitter_card":"summary_large_image","twitter_misc":{"Escrito por":"f1000024","Tiempo de lectura":"3 minutos"},"schema":{"@context":"https:\/\/schema.org","@graph":[{"@type":"Article","@id":"https:\/\/cvinoticias.com\/v3\/el-grupo-amar-azul-hizo-estallar-el-norguss-jacob-a-pura-musica-tropical\/#article","isPartOf":{"@id":"https:\/\/cvinoticias.com\/v3\/el-grupo-amar-azul-hizo-estallar-el-norguss-jacob-a-pura-musica-tropical\/"},"author":{"name":"f1000024","@id":"https:\/\/cvinoticias.com\/v3\/#\/schema\/person\/2db77e3c6bc03c538495d7b2b8be9b66"},"headline":"El grupo \u00abAmar Azul\u00bb hizo estallar el Norguss Jacob a pura m\u00fasica tropical","datePublished":"2021-10-11T02:25:06+00:00","mainEntityOfPage":{"@id":"https:\/\/cvinoticias.com\/v3\/el-grupo-amar-azul-hizo-estallar-el-norguss-jacob-a-pura-musica-tropical\/"},"wordCount":591,"commentCount":0,"publisher":{"@id":"https:\/\/cvinoticias.com\/v3\/#organization"},"image":{"@id":"https:\/\/cvinoticias.com\/v3\/el-grupo-amar-azul-hizo-estallar-el-norguss-jacob-a-pura-musica-tropical\/#primaryimage"},"thumbnailUrl":"https:\/\/cvinoticias.com\/wp-content\/uploads\/2021\/10\/PicsArt_10-10-11.03.34-scaled.jpg","articleSection":["Provinciales"],"inLanguage":"es","potentialAction":[{"@type":"CommentAction","name":"Comment","target":["https:\/\/cvinoticias.com\/v3\/el-grupo-amar-azul-hizo-estallar-el-norguss-jacob-a-pura-musica-tropical\/#respond"]}]},{"@type":"WebPage","@id":"https:\/\/cvinoticias.com\/v3\/el-grupo-amar-azul-hizo-estallar-el-norguss-jacob-a-pura-musica-tropical\/","url":"https:\/\/cvinoticias.com\/v3\/el-grupo-amar-azul-hizo-estallar-el-norguss-jacob-a-pura-musica-tropical\/","name":"El grupo \"Amar Azul\" hizo estallar el Norguss Jacob a pura m\u00fasica tropical | CVI NOTICIAS","isPartOf":{"@id":"https:\/\/cvinoticias.com\/v3\/#website"},"primaryImageOfPage":{"@id":"https:\/\/cvinoticias.com\/v3\/el-grupo-amar-azul-hizo-estallar-el-norguss-jacob-a-pura-musica-tropical\/#primaryimage"},"image":{"@id":"https:\/\/cvinoticias.com\/v3\/el-grupo-amar-azul-hizo-estallar-el-norguss-jacob-a-pura-musica-tropical\/#primaryimage"},"thumbnailUrl":"https:\/\/cvinoticias.com\/wp-content\/uploads\/2021\/10\/PicsArt_10-10-11.03.34-scaled.jpg","datePublished":"2021-10-11T02:25:06+00:00","breadcrumb":{"@id":"https:\/\/cvinoticias.com\/v3\/el-grupo-amar-azul-hizo-estallar-el-norguss-jacob-a-pura-musica-tropical\/#breadcrumb"},"inLanguage":"es","potentialAction":[{"@type":"ReadAction","target":["https:\/\/cvinoticias.com\/v3\/el-grupo-amar-azul-hizo-estallar-el-norguss-jacob-a-pura-musica-tropical\/"]}]},{"@type":"ImageObject","inLanguage":"es","@id":"https:\/\/cvinoticias.com\/v3\/el-grupo-amar-azul-hizo-estallar-el-norguss-jacob-a-pura-musica-tropical\/#primaryimage","url":"https:\/\/cvinoticias.com\/wp-content\/uploads\/2021\/10\/PicsArt_10-10-11.03.34-scaled.jpg","contentUrl":"https:\/\/cvinoticias.com\/wp-content\/uploads\/2021\/10\/PicsArt_10-10-11.03.34-scaled.jpg","width":2560,"height":1441},{"@type":"BreadcrumbList","@id":"https:\/\/cvinoticias.com\/v3\/el-grupo-amar-azul-hizo-estallar-el-norguss-jacob-a-pura-musica-tropical\/#breadcrumb","itemListElement":[{"@type":"ListItem","position":1,"name":"Portada","item":"https:\/\/cvinoticias.com\/v3\/"},{"@type":"ListItem","position":2,"name":"El grupo \u00abAmar Azul\u00bb hizo estallar el Norguss Jacob a pura m\u00fasica tropical"}]},{"@type":"WebSite","@id":"https:\/\/cvinoticias.com\/v3\/#website","url":"https:\/\/cvinoticias.com\/v3\/","name":"CVI NOTICIAS","description":"","publisher":{"@id":"https:\/\/cvinoticias.com\/v3\/#organization"},"alternateName":"CVI","potentialAction":[{"@type":"SearchAction","target":{"@type":"EntryPoint","urlTemplate":"https:\/\/cvinoticias.com\/v3\/?s={search_term_string}"},"query-input":{"@type":"PropertyValueSpecification","valueRequired":true,"valueName":"search_term_string"}}],"inLanguage":"es"},{"@type":"Organization","@id":"https:\/\/cvinoticias.com\/v3\/#organization","name":"CVI NOTICIAS","url":"https:\/\/cvinoticias.com\/v3\/","logo":{"@type":"ImageObject","inLanguage":"es","@id":"https:\/\/cvinoticias.com\/v3\/#\/schema\/logo\/image\/","url":"https:\/\/cvinoticias.com\/wp-content\/uploads\/2023\/04\/cropped-cropped-cropped-cropped-cropped-3-1.png","contentUrl":"https:\/\/cvinoticias.com\/wp-content\/uploads\/2023\/04\/cropped-cropped-cropped-cropped-cropped-3-1.png","width":95,"height":122,"caption":"CVI NOTICIAS"},"image":{"@id":"https:\/\/cvinoticias.com\/v3\/#\/schema\/logo\/image\/"},"sameAs":["https:\/\/www.facebook.com\/cvinoticias","https:\/\/www.instagram.com\/cvinoticias\/","https:\/\/www.youtube.com\/@CVINOTICIAS"]},{"@type":"Person","@id":"https:\/\/cvinoticias.com\/v3\/#\/schema\/person\/2db77e3c6bc03c538495d7b2b8be9b66","name":"f1000024","image":{"@type":"ImageObject","inLanguage":"es","@id":"https:\/\/secure.gravatar.com\/avatar\/d4fe7459cfc51ff5129ce1a732bbef5928568b8092d412ef95611616376bbeed?s=96&d=mm&r=g","url":"https:\/\/secure.gravatar.com\/avatar\/d4fe7459cfc51ff5129ce1a732bbef5928568b8092d412ef95611616376bbeed?s=96&d=mm&r=g","contentUrl":"https:\/\/secure.gravatar.com\/avatar\/d4fe7459cfc51ff5129ce1a732bbef5928568b8092d412ef95611616376bbeed?s=96&d=mm&r=g","caption":"f1000024"},"url":"https:\/\/cvinoticias.com\/v3\/author\/f1000024\/"}]}},"_links":{"self":[{"href":"https:\/\/cvinoticias.com\/v3\/wp-json\/wp\/v2\/posts\/9359","targetHints":{"allow":["GET"]}}],"collection":[{"href":"https:\/\/cvinoticias.com\/v3\/wp-json\/wp\/v2\/posts"}],"about":[{"href":"https:\/\/cvinoticias.com\/v3\/wp-json\/wp\/v2\/types\/post"}],"author":[{"embeddable":true,"href":"https:\/\/cvinoticias.com\/v3\/wp-json\/wp\/v2\/users\/2"}],"replies":[{"embeddable":true,"href":"https:\/\/cvinoticias.com\/v3\/wp-json\/wp\/v2\/comments?post=9359"}],"version-history":[{"count":1,"href":"https:\/\/cvinoticias.com\/v3\/wp-json\/wp\/v2\/posts\/9359\/revisions"}],"predecessor-version":[{"id":9366,"href":"https:\/\/cvinoticias.com\/v3\/wp-json\/wp\/v2\/posts\/9359\/revisions\/9366"}],"wp:featuredmedia":[{"embeddable":true,"href":"https:\/\/cvinoticias.com\/v3\/wp-json\/wp\/v2\/media\/9365"}],"wp:attachment":[{"href":"https:\/\/cvinoticias.com\/v3\/wp-json\/wp\/v2\/media?parent=9359"}],"wp:term":[{"taxonomy":"category","embeddable":true,"href":"https:\/\/cvinoticias.com\/v3\/wp-json\/wp\/v2\/categories?post=9359"},{"taxonomy":"post_tag","embeddable":true,"href":"https:\/\/cvinoticias.com\/v3\/wp-json\/wp\/v2\/tags?post=9359"}],"curies":[{"name":"wp","href":"https:\/\/api.w.org\/{rel}","templated":true}]}}