{"id":9351,"date":"2021-10-10T14:40:14","date_gmt":"2021-10-10T14:40:14","guid":{"rendered":"https:\/\/cvinoticias.com\/v3\/?p=9351"},"modified":"2021-10-10T14:40:14","modified_gmt":"2021-10-10T14:40:14","slug":"puerto-iguazu-desmantelaron-un-aguantadero-de-autopartes-y-detuvieron-a-tres-hombres-vinculados-al-robo-de-un-automovil","status":"publish","type":"post","link":"https:\/\/cvinoticias.com\/v3\/puerto-iguazu-desmantelaron-un-aguantadero-de-autopartes-y-detuvieron-a-tres-hombres-vinculados-al-robo-de-un-automovil\/","title":{"rendered":"Puerto Iguaz\u00fa: Desmantelaron un aguantadero de \u00abautopartes\u00bb y detuvieron a tres hombres vinculados al robo de un autom\u00f3vil"},"content":{"rendered":"\n<p><em><strong>La divisi\u00f3n Investigaciones de la UR-V allan\u00f3 varios inmuebles tras descubrir donde estaban ocultos accesorios de motocicletas y autos<\/strong><\/em><\/p>\n\n\n\n<p>La investigaci\u00f3n inici\u00f3 con la denuncia de un vecino, quien manifest\u00f3 que el pasado 05 de octubre, le sustrajeron su veh\u00edculo, un Peugeot 206 que se hallaba estacionado frente a su domicilio en el barrio Obrero.<\/p>\n\n\n\n<p><strong>LA INVESTIGACI\u00d3N<\/strong><\/p>\n\n\n\n<p>Las pesquisas lograron establecer que el rodado sustra\u00eddo habr\u00eda sido remolcado por un veh\u00edculo marca Fiat Uno y tras un r\u00e1pido accionar, fue hallado abandonado y desmantelado en el barrio Altos del Paran\u00e1, el cual termin\u00f3 secuestrado.<\/p>\n\n\n\n<p>Con los datos obtenidos, m\u00e1s el testimonio de personas; en las \u00faltimas horas, con orden del Juzgado de Instrucci\u00f3n 3 de Puerto Iguaz\u00fa, los investigadores allanaron la morada de unos de los sospechosos, un joven de 20 a\u00f1os, ubicado en este \u00faltimo barrio, donde se secuestraron una gran cantidad de autopartes, entre ellos un est\u00e9reo, un radiador, entre otros objetos, adem\u00e1s detuvo al sindicado.<\/p>\n\n\n\n<p>Simult\u00e1neamente, en otro inmueble del barrio Villa Alta que funcionaba como un taller mec\u00e1nico, los investigadores incautaron un Fiat Uno, varias motopartes, y se hallaron herramientas y cu\u00f1os utilizados presumiblemente para la remarcaci\u00f3n de motores. Asimismo, detuvieron a un sospechoso de 46 a\u00f1os.<\/p>\n\n\n\n<p>Posteriormente, en el barrio Bicentenario, los pesquisas detuvieron a un joven de 36 a\u00f1os, que estar\u00eda vinculado al hecho. Por estas horas se trata de establecer la propiedad de los elementos recuperados.<\/p>\n\n\n\n<p>Los detenidos, quienes adem\u00e1s ya registran antecedentes por delitos similares, fueron puestos a disposici\u00f3n de la justicia. En tanto que, los elementos secuestrados fueron depositados en sede Policial a fin de ser sometidos a las pericias correspondientes.<\/p>\n\n\n\n<p>Interviene el Juzgado de Instrucci\u00f3n N\u00ba3 de Puerto Iguaz\u00fa.<\/p>\n\n\n\n<figure class=\"wp-block-image size-full\"><a href=\"https:\/\/cvinoticias.com\/wp-content\/uploads\/2021\/10\/FB_IMG_1633876392288.jpg\"><img decoding=\"async\" width=\"720\" height=\"960\" data-src=\"https:\/\/cvinoticias.com\/wp-content\/uploads\/2021\/10\/FB_IMG_1633876392288.jpg\" alt=\"\" class=\"wp-image-9353 lazyload\" data-srcset=\"https:\/\/cvinoticias.com\/wp-content\/uploads\/2021\/10\/FB_IMG_1633876392288.jpg 720w, https:\/\/cvinoticias.com\/wp-content\/uploads\/2021\/10\/FB_IMG_1633876392288-225x300.jpg 225w\" data-sizes=\"(max-width: 720px) 100vw, 720px\" src=\"data:image\/svg+xml;base64,PHN2ZyB3aWR0aD0iMSIgaGVpZ2h0PSIxIiB4bWxucz0iaHR0cDovL3d3dy53My5vcmcvMjAwMC9zdmciPjwvc3ZnPg==\" style=\"--smush-placeholder-width: 720px; --smush-placeholder-aspect-ratio: 720\/960;\" \/><\/a><\/figure>\n\n\n\n<figure class=\"wp-block-image size-full\"><a href=\"https:\/\/cvinoticias.com\/wp-content\/uploads\/2021\/10\/FB_IMG_1633876396473.jpg\"><img decoding=\"async\" width=\"920\" height=\"960\" data-src=\"https:\/\/cvinoticias.com\/wp-content\/uploads\/2021\/10\/FB_IMG_1633876396473.jpg\" alt=\"\" class=\"wp-image-9354 lazyload\" data-srcset=\"https:\/\/cvinoticias.com\/wp-content\/uploads\/2021\/10\/FB_IMG_1633876396473.jpg 920w, https:\/\/cvinoticias.com\/wp-content\/uploads\/2021\/10\/FB_IMG_1633876396473-288x300.jpg 288w, https:\/\/cvinoticias.com\/wp-content\/uploads\/2021\/10\/FB_IMG_1633876396473-768x801.jpg 768w\" data-sizes=\"(max-width: 920px) 100vw, 920px\" src=\"data:image\/svg+xml;base64,PHN2ZyB3aWR0aD0iMSIgaGVpZ2h0PSIxIiB4bWxucz0iaHR0cDovL3d3dy53My5vcmcvMjAwMC9zdmciPjwvc3ZnPg==\" style=\"--smush-placeholder-width: 920px; --smush-placeholder-aspect-ratio: 920\/960;\" \/><\/a><\/figure>\n","protected":false},"excerpt":{"rendered":"<p>La divisi\u00f3n Investigaciones de la UR-V allan\u00f3 varios inmuebles tras descubrir donde estaban ocultos accesorios de motocicletas y autos La investigaci\u00f3n inici\u00f3 con la denuncia de un vecino, quien manifest\u00f3 que el pasado 05 de octubre, le sustrajeron su veh\u00edculo, un Peugeot 206 que se hallaba estacionado frente a su domicilio en el barrio Obrero. [&hellip;]<\/p>\n","protected":false},"author":2,"featured_media":9352,"comment_status":"open","ping_status":"open","sticky":false,"template":"","format":"standard","meta":{"footnotes":""},"categories":[41],"tags":[],"class_list":["post-9351","post","type-post","status-publish","format-standard","has-post-thumbnail","hentry","category-policiales"],"yoast_head":"<!-- This site is optimized with the Yoast SEO plugin v27.4 - https:\/\/yoast.com\/product\/yoast-seo-wordpress\/ -->\n<title>Puerto Iguaz\u00fa: Desmantelaron un aguantadero de &quot;autopartes&quot; y detuvieron a tres hombres vinculados al robo de un autom\u00f3vil | CVI NOTICIAS<\/title>\n<meta name=\"robots\" content=\"index, follow, max-snippet:-1, max-image-preview:large, max-video-preview:-1\" \/>\n<link rel=\"canonical\" href=\"https:\/\/cvinoticias.com\/v3\/puerto-iguazu-desmantelaron-un-aguantadero-de-autopartes-y-detuvieron-a-tres-hombres-vinculados-al-robo-de-un-automovil\/\" \/>\n<meta property=\"og:locale\" content=\"es_ES\" \/>\n<meta property=\"og:type\" content=\"article\" \/>\n<meta property=\"og:title\" content=\"Puerto Iguaz\u00fa: Desmantelaron un aguantadero de &quot;autopartes&quot; y detuvieron a tres hombres vinculados al robo de un autom\u00f3vil | CVI NOTICIAS\" \/>\n<meta property=\"og:description\" content=\"La divisi\u00f3n Investigaciones de la UR-V allan\u00f3 varios inmuebles tras descubrir donde estaban ocultos accesorios de motocicletas y autos La investigaci\u00f3n inici\u00f3 con la denuncia de un vecino, quien manifest\u00f3 que el pasado 05 de octubre, le sustrajeron su veh\u00edculo, un Peugeot 206 que se hallaba estacionado frente a su domicilio en el barrio Obrero. [&hellip;]\" \/>\n<meta property=\"og:url\" content=\"https:\/\/cvinoticias.com\/v3\/puerto-iguazu-desmantelaron-un-aguantadero-de-autopartes-y-detuvieron-a-tres-hombres-vinculados-al-robo-de-un-automovil\/\" \/>\n<meta property=\"og:site_name\" content=\"CVI NOTICIAS\" \/>\n<meta property=\"article:publisher\" content=\"https:\/\/www.facebook.com\/cvinoticias\" \/>\n<meta property=\"article:published_time\" content=\"2021-10-10T14:40:14+00:00\" \/>\n<meta property=\"og:image\" content=\"https:\/\/cvinoticias.com\/wp-content\/uploads\/2021\/10\/FB_IMG_1633876388036.jpg\" \/>\n\t<meta property=\"og:image:width\" content=\"947\" \/>\n\t<meta property=\"og:image:height\" content=\"960\" \/>\n\t<meta property=\"og:image:type\" content=\"image\/jpeg\" \/>\n<meta name=\"author\" content=\"f1000024\" \/>\n<meta name=\"twitter:card\" content=\"summary_large_image\" \/>\n<meta name=\"twitter:label1\" content=\"Escrito por\" \/>\n\t<meta name=\"twitter:data1\" content=\"f1000024\" \/>\n\t<meta name=\"twitter:label2\" content=\"Tiempo de lectura\" \/>\n\t<meta name=\"twitter:data2\" content=\"1 minuto\" \/>\n<script type=\"application\/ld+json\" class=\"yoast-schema-graph\">{\"@context\":\"https:\\\/\\\/schema.org\",\"@graph\":[{\"@type\":\"Article\",\"@id\":\"https:\\\/\\\/cvinoticias.com\\\/v3\\\/puerto-iguazu-desmantelaron-un-aguantadero-de-autopartes-y-detuvieron-a-tres-hombres-vinculados-al-robo-de-un-automovil\\\/#article\",\"isPartOf\":{\"@id\":\"https:\\\/\\\/cvinoticias.com\\\/v3\\\/puerto-iguazu-desmantelaron-un-aguantadero-de-autopartes-y-detuvieron-a-tres-hombres-vinculados-al-robo-de-un-automovil\\\/\"},\"author\":{\"name\":\"f1000024\",\"@id\":\"https:\\\/\\\/cvinoticias.com\\\/v3\\\/#\\\/schema\\\/person\\\/2db77e3c6bc03c538495d7b2b8be9b66\"},\"headline\":\"Puerto Iguaz\u00fa: Desmantelaron un aguantadero de \u00abautopartes\u00bb y detuvieron a tres hombres vinculados al robo de un autom\u00f3vil\",\"datePublished\":\"2021-10-10T14:40:14+00:00\",\"mainEntityOfPage\":{\"@id\":\"https:\\\/\\\/cvinoticias.com\\\/v3\\\/puerto-iguazu-desmantelaron-un-aguantadero-de-autopartes-y-detuvieron-a-tres-hombres-vinculados-al-robo-de-un-automovil\\\/\"},\"wordCount\":315,\"commentCount\":0,\"publisher\":{\"@id\":\"https:\\\/\\\/cvinoticias.com\\\/v3\\\/#organization\"},\"image\":{\"@id\":\"https:\\\/\\\/cvinoticias.com\\\/v3\\\/puerto-iguazu-desmantelaron-un-aguantadero-de-autopartes-y-detuvieron-a-tres-hombres-vinculados-al-robo-de-un-automovil\\\/#primaryimage\"},\"thumbnailUrl\":\"https:\\\/\\\/cvinoticias.com\\\/wp-content\\\/uploads\\\/2021\\\/10\\\/FB_IMG_1633876388036.jpg\",\"articleSection\":[\"Policiales\"],\"inLanguage\":\"es\",\"potentialAction\":[{\"@type\":\"CommentAction\",\"name\":\"Comment\",\"target\":[\"https:\\\/\\\/cvinoticias.com\\\/v3\\\/puerto-iguazu-desmantelaron-un-aguantadero-de-autopartes-y-detuvieron-a-tres-hombres-vinculados-al-robo-de-un-automovil\\\/#respond\"]}]},{\"@type\":\"WebPage\",\"@id\":\"https:\\\/\\\/cvinoticias.com\\\/v3\\\/puerto-iguazu-desmantelaron-un-aguantadero-de-autopartes-y-detuvieron-a-tres-hombres-vinculados-al-robo-de-un-automovil\\\/\",\"url\":\"https:\\\/\\\/cvinoticias.com\\\/v3\\\/puerto-iguazu-desmantelaron-un-aguantadero-de-autopartes-y-detuvieron-a-tres-hombres-vinculados-al-robo-de-un-automovil\\\/\",\"name\":\"Puerto Iguaz\u00fa: Desmantelaron un aguantadero de \\\"autopartes\\\" y detuvieron a tres hombres vinculados al robo de un autom\u00f3vil | CVI NOTICIAS\",\"isPartOf\":{\"@id\":\"https:\\\/\\\/cvinoticias.com\\\/v3\\\/#website\"},\"primaryImageOfPage\":{\"@id\":\"https:\\\/\\\/cvinoticias.com\\\/v3\\\/puerto-iguazu-desmantelaron-un-aguantadero-de-autopartes-y-detuvieron-a-tres-hombres-vinculados-al-robo-de-un-automovil\\\/#primaryimage\"},\"image\":{\"@id\":\"https:\\\/\\\/cvinoticias.com\\\/v3\\\/puerto-iguazu-desmantelaron-un-aguantadero-de-autopartes-y-detuvieron-a-tres-hombres-vinculados-al-robo-de-un-automovil\\\/#primaryimage\"},\"thumbnailUrl\":\"https:\\\/\\\/cvinoticias.com\\\/wp-content\\\/uploads\\\/2021\\\/10\\\/FB_IMG_1633876388036.jpg\",\"datePublished\":\"2021-10-10T14:40:14+00:00\",\"breadcrumb\":{\"@id\":\"https:\\\/\\\/cvinoticias.com\\\/v3\\\/puerto-iguazu-desmantelaron-un-aguantadero-de-autopartes-y-detuvieron-a-tres-hombres-vinculados-al-robo-de-un-automovil\\\/#breadcrumb\"},\"inLanguage\":\"es\",\"potentialAction\":[{\"@type\":\"ReadAction\",\"target\":[\"https:\\\/\\\/cvinoticias.com\\\/v3\\\/puerto-iguazu-desmantelaron-un-aguantadero-de-autopartes-y-detuvieron-a-tres-hombres-vinculados-al-robo-de-un-automovil\\\/\"]}]},{\"@type\":\"ImageObject\",\"inLanguage\":\"es\",\"@id\":\"https:\\\/\\\/cvinoticias.com\\\/v3\\\/puerto-iguazu-desmantelaron-un-aguantadero-de-autopartes-y-detuvieron-a-tres-hombres-vinculados-al-robo-de-un-automovil\\\/#primaryimage\",\"url\":\"https:\\\/\\\/cvinoticias.com\\\/wp-content\\\/uploads\\\/2021\\\/10\\\/FB_IMG_1633876388036.jpg\",\"contentUrl\":\"https:\\\/\\\/cvinoticias.com\\\/wp-content\\\/uploads\\\/2021\\\/10\\\/FB_IMG_1633876388036.jpg\",\"width\":947,\"height\":960},{\"@type\":\"BreadcrumbList\",\"@id\":\"https:\\\/\\\/cvinoticias.com\\\/v3\\\/puerto-iguazu-desmantelaron-un-aguantadero-de-autopartes-y-detuvieron-a-tres-hombres-vinculados-al-robo-de-un-automovil\\\/#breadcrumb\",\"itemListElement\":[{\"@type\":\"ListItem\",\"position\":1,\"name\":\"Portada\",\"item\":\"https:\\\/\\\/cvinoticias.com\\\/v3\\\/\"},{\"@type\":\"ListItem\",\"position\":2,\"name\":\"Puerto Iguaz\u00fa: Desmantelaron un aguantadero de \u00abautopartes\u00bb y detuvieron a tres hombres vinculados al robo de un autom\u00f3vil\"}]},{\"@type\":\"WebSite\",\"@id\":\"https:\\\/\\\/cvinoticias.com\\\/v3\\\/#website\",\"url\":\"https:\\\/\\\/cvinoticias.com\\\/v3\\\/\",\"name\":\"CVI NOTICIAS\",\"description\":\"\",\"publisher\":{\"@id\":\"https:\\\/\\\/cvinoticias.com\\\/v3\\\/#organization\"},\"alternateName\":\"CVI\",\"potentialAction\":[{\"@type\":\"SearchAction\",\"target\":{\"@type\":\"EntryPoint\",\"urlTemplate\":\"https:\\\/\\\/cvinoticias.com\\\/v3\\\/?s={search_term_string}\"},\"query-input\":{\"@type\":\"PropertyValueSpecification\",\"valueRequired\":true,\"valueName\":\"search_term_string\"}}],\"inLanguage\":\"es\"},{\"@type\":\"Organization\",\"@id\":\"https:\\\/\\\/cvinoticias.com\\\/v3\\\/#organization\",\"name\":\"CVI NOTICIAS\",\"url\":\"https:\\\/\\\/cvinoticias.com\\\/v3\\\/\",\"logo\":{\"@type\":\"ImageObject\",\"inLanguage\":\"es\",\"@id\":\"https:\\\/\\\/cvinoticias.com\\\/v3\\\/#\\\/schema\\\/logo\\\/image\\\/\",\"url\":\"https:\\\/\\\/cvinoticias.com\\\/wp-content\\\/uploads\\\/2023\\\/04\\\/cropped-cropped-cropped-cropped-cropped-3-1.png\",\"contentUrl\":\"https:\\\/\\\/cvinoticias.com\\\/wp-content\\\/uploads\\\/2023\\\/04\\\/cropped-cropped-cropped-cropped-cropped-3-1.png\",\"width\":95,\"height\":122,\"caption\":\"CVI NOTICIAS\"},\"image\":{\"@id\":\"https:\\\/\\\/cvinoticias.com\\\/v3\\\/#\\\/schema\\\/logo\\\/image\\\/\"},\"sameAs\":[\"https:\\\/\\\/www.facebook.com\\\/cvinoticias\",\"https:\\\/\\\/www.instagram.com\\\/cvinoticias\\\/\",\"https:\\\/\\\/www.youtube.com\\\/@CVINOTICIAS\"]},{\"@type\":\"Person\",\"@id\":\"https:\\\/\\\/cvinoticias.com\\\/v3\\\/#\\\/schema\\\/person\\\/2db77e3c6bc03c538495d7b2b8be9b66\",\"name\":\"f1000024\",\"image\":{\"@type\":\"ImageObject\",\"inLanguage\":\"es\",\"@id\":\"https:\\\/\\\/secure.gravatar.com\\\/avatar\\\/d4fe7459cfc51ff5129ce1a732bbef5928568b8092d412ef95611616376bbeed?s=96&d=mm&r=g\",\"url\":\"https:\\\/\\\/secure.gravatar.com\\\/avatar\\\/d4fe7459cfc51ff5129ce1a732bbef5928568b8092d412ef95611616376bbeed?s=96&d=mm&r=g\",\"contentUrl\":\"https:\\\/\\\/secure.gravatar.com\\\/avatar\\\/d4fe7459cfc51ff5129ce1a732bbef5928568b8092d412ef95611616376bbeed?s=96&d=mm&r=g\",\"caption\":\"f1000024\"},\"url\":\"https:\\\/\\\/cvinoticias.com\\\/v3\\\/author\\\/f1000024\\\/\"}]}<\/script>\n<!-- \/ Yoast SEO plugin. -->","yoast_head_json":{"title":"Puerto Iguaz\u00fa: Desmantelaron un aguantadero de \"autopartes\" y detuvieron a tres hombres vinculados al robo de un autom\u00f3vil | CVI NOTICIAS","robots":{"index":"index","follow":"follow","max-snippet":"max-snippet:-1","max-image-preview":"max-image-preview:large","max-video-preview":"max-video-preview:-1"},"canonical":"https:\/\/cvinoticias.com\/v3\/puerto-iguazu-desmantelaron-un-aguantadero-de-autopartes-y-detuvieron-a-tres-hombres-vinculados-al-robo-de-un-automovil\/","og_locale":"es_ES","og_type":"article","og_title":"Puerto Iguaz\u00fa: Desmantelaron un aguantadero de \"autopartes\" y detuvieron a tres hombres vinculados al robo de un autom\u00f3vil | CVI NOTICIAS","og_description":"La divisi\u00f3n Investigaciones de la UR-V allan\u00f3 varios inmuebles tras descubrir donde estaban ocultos accesorios de motocicletas y autos La investigaci\u00f3n inici\u00f3 con la denuncia de un vecino, quien manifest\u00f3 que el pasado 05 de octubre, le sustrajeron su veh\u00edculo, un Peugeot 206 que se hallaba estacionado frente a su domicilio en el barrio Obrero. [&hellip;]","og_url":"https:\/\/cvinoticias.com\/v3\/puerto-iguazu-desmantelaron-un-aguantadero-de-autopartes-y-detuvieron-a-tres-hombres-vinculados-al-robo-de-un-automovil\/","og_site_name":"CVI NOTICIAS","article_publisher":"https:\/\/www.facebook.com\/cvinoticias","article_published_time":"2021-10-10T14:40:14+00:00","og_image":[{"width":947,"height":960,"url":"https:\/\/cvinoticias.com\/wp-content\/uploads\/2021\/10\/FB_IMG_1633876388036.jpg","type":"image\/jpeg"}],"author":"f1000024","twitter_card":"summary_large_image","twitter_misc":{"Escrito por":"f1000024","Tiempo de lectura":"1 minuto"},"schema":{"@context":"https:\/\/schema.org","@graph":[{"@type":"Article","@id":"https:\/\/cvinoticias.com\/v3\/puerto-iguazu-desmantelaron-un-aguantadero-de-autopartes-y-detuvieron-a-tres-hombres-vinculados-al-robo-de-un-automovil\/#article","isPartOf":{"@id":"https:\/\/cvinoticias.com\/v3\/puerto-iguazu-desmantelaron-un-aguantadero-de-autopartes-y-detuvieron-a-tres-hombres-vinculados-al-robo-de-un-automovil\/"},"author":{"name":"f1000024","@id":"https:\/\/cvinoticias.com\/v3\/#\/schema\/person\/2db77e3c6bc03c538495d7b2b8be9b66"},"headline":"Puerto Iguaz\u00fa: Desmantelaron un aguantadero de \u00abautopartes\u00bb y detuvieron a tres hombres vinculados al robo de un autom\u00f3vil","datePublished":"2021-10-10T14:40:14+00:00","mainEntityOfPage":{"@id":"https:\/\/cvinoticias.com\/v3\/puerto-iguazu-desmantelaron-un-aguantadero-de-autopartes-y-detuvieron-a-tres-hombres-vinculados-al-robo-de-un-automovil\/"},"wordCount":315,"commentCount":0,"publisher":{"@id":"https:\/\/cvinoticias.com\/v3\/#organization"},"image":{"@id":"https:\/\/cvinoticias.com\/v3\/puerto-iguazu-desmantelaron-un-aguantadero-de-autopartes-y-detuvieron-a-tres-hombres-vinculados-al-robo-de-un-automovil\/#primaryimage"},"thumbnailUrl":"https:\/\/cvinoticias.com\/wp-content\/uploads\/2021\/10\/FB_IMG_1633876388036.jpg","articleSection":["Policiales"],"inLanguage":"es","potentialAction":[{"@type":"CommentAction","name":"Comment","target":["https:\/\/cvinoticias.com\/v3\/puerto-iguazu-desmantelaron-un-aguantadero-de-autopartes-y-detuvieron-a-tres-hombres-vinculados-al-robo-de-un-automovil\/#respond"]}]},{"@type":"WebPage","@id":"https:\/\/cvinoticias.com\/v3\/puerto-iguazu-desmantelaron-un-aguantadero-de-autopartes-y-detuvieron-a-tres-hombres-vinculados-al-robo-de-un-automovil\/","url":"https:\/\/cvinoticias.com\/v3\/puerto-iguazu-desmantelaron-un-aguantadero-de-autopartes-y-detuvieron-a-tres-hombres-vinculados-al-robo-de-un-automovil\/","name":"Puerto Iguaz\u00fa: Desmantelaron un aguantadero de \"autopartes\" y detuvieron a tres hombres vinculados al robo de un autom\u00f3vil | CVI NOTICIAS","isPartOf":{"@id":"https:\/\/cvinoticias.com\/v3\/#website"},"primaryImageOfPage":{"@id":"https:\/\/cvinoticias.com\/v3\/puerto-iguazu-desmantelaron-un-aguantadero-de-autopartes-y-detuvieron-a-tres-hombres-vinculados-al-robo-de-un-automovil\/#primaryimage"},"image":{"@id":"https:\/\/cvinoticias.com\/v3\/puerto-iguazu-desmantelaron-un-aguantadero-de-autopartes-y-detuvieron-a-tres-hombres-vinculados-al-robo-de-un-automovil\/#primaryimage"},"thumbnailUrl":"https:\/\/cvinoticias.com\/wp-content\/uploads\/2021\/10\/FB_IMG_1633876388036.jpg","datePublished":"2021-10-10T14:40:14+00:00","breadcrumb":{"@id":"https:\/\/cvinoticias.com\/v3\/puerto-iguazu-desmantelaron-un-aguantadero-de-autopartes-y-detuvieron-a-tres-hombres-vinculados-al-robo-de-un-automovil\/#breadcrumb"},"inLanguage":"es","potentialAction":[{"@type":"ReadAction","target":["https:\/\/cvinoticias.com\/v3\/puerto-iguazu-desmantelaron-un-aguantadero-de-autopartes-y-detuvieron-a-tres-hombres-vinculados-al-robo-de-un-automovil\/"]}]},{"@type":"ImageObject","inLanguage":"es","@id":"https:\/\/cvinoticias.com\/v3\/puerto-iguazu-desmantelaron-un-aguantadero-de-autopartes-y-detuvieron-a-tres-hombres-vinculados-al-robo-de-un-automovil\/#primaryimage","url":"https:\/\/cvinoticias.com\/wp-content\/uploads\/2021\/10\/FB_IMG_1633876388036.jpg","contentUrl":"https:\/\/cvinoticias.com\/wp-content\/uploads\/2021\/10\/FB_IMG_1633876388036.jpg","width":947,"height":960},{"@type":"BreadcrumbList","@id":"https:\/\/cvinoticias.com\/v3\/puerto-iguazu-desmantelaron-un-aguantadero-de-autopartes-y-detuvieron-a-tres-hombres-vinculados-al-robo-de-un-automovil\/#breadcrumb","itemListElement":[{"@type":"ListItem","position":1,"name":"Portada","item":"https:\/\/cvinoticias.com\/v3\/"},{"@type":"ListItem","position":2,"name":"Puerto Iguaz\u00fa: Desmantelaron un aguantadero de \u00abautopartes\u00bb y detuvieron a tres hombres vinculados al robo de un autom\u00f3vil"}]},{"@type":"WebSite","@id":"https:\/\/cvinoticias.com\/v3\/#website","url":"https:\/\/cvinoticias.com\/v3\/","name":"CVI NOTICIAS","description":"","publisher":{"@id":"https:\/\/cvinoticias.com\/v3\/#organization"},"alternateName":"CVI","potentialAction":[{"@type":"SearchAction","target":{"@type":"EntryPoint","urlTemplate":"https:\/\/cvinoticias.com\/v3\/?s={search_term_string}"},"query-input":{"@type":"PropertyValueSpecification","valueRequired":true,"valueName":"search_term_string"}}],"inLanguage":"es"},{"@type":"Organization","@id":"https:\/\/cvinoticias.com\/v3\/#organization","name":"CVI NOTICIAS","url":"https:\/\/cvinoticias.com\/v3\/","logo":{"@type":"ImageObject","inLanguage":"es","@id":"https:\/\/cvinoticias.com\/v3\/#\/schema\/logo\/image\/","url":"https:\/\/cvinoticias.com\/wp-content\/uploads\/2023\/04\/cropped-cropped-cropped-cropped-cropped-3-1.png","contentUrl":"https:\/\/cvinoticias.com\/wp-content\/uploads\/2023\/04\/cropped-cropped-cropped-cropped-cropped-3-1.png","width":95,"height":122,"caption":"CVI NOTICIAS"},"image":{"@id":"https:\/\/cvinoticias.com\/v3\/#\/schema\/logo\/image\/"},"sameAs":["https:\/\/www.facebook.com\/cvinoticias","https:\/\/www.instagram.com\/cvinoticias\/","https:\/\/www.youtube.com\/@CVINOTICIAS"]},{"@type":"Person","@id":"https:\/\/cvinoticias.com\/v3\/#\/schema\/person\/2db77e3c6bc03c538495d7b2b8be9b66","name":"f1000024","image":{"@type":"ImageObject","inLanguage":"es","@id":"https:\/\/secure.gravatar.com\/avatar\/d4fe7459cfc51ff5129ce1a732bbef5928568b8092d412ef95611616376bbeed?s=96&d=mm&r=g","url":"https:\/\/secure.gravatar.com\/avatar\/d4fe7459cfc51ff5129ce1a732bbef5928568b8092d412ef95611616376bbeed?s=96&d=mm&r=g","contentUrl":"https:\/\/secure.gravatar.com\/avatar\/d4fe7459cfc51ff5129ce1a732bbef5928568b8092d412ef95611616376bbeed?s=96&d=mm&r=g","caption":"f1000024"},"url":"https:\/\/cvinoticias.com\/v3\/author\/f1000024\/"}]}},"_links":{"self":[{"href":"https:\/\/cvinoticias.com\/v3\/wp-json\/wp\/v2\/posts\/9351","targetHints":{"allow":["GET"]}}],"collection":[{"href":"https:\/\/cvinoticias.com\/v3\/wp-json\/wp\/v2\/posts"}],"about":[{"href":"https:\/\/cvinoticias.com\/v3\/wp-json\/wp\/v2\/types\/post"}],"author":[{"embeddable":true,"href":"https:\/\/cvinoticias.com\/v3\/wp-json\/wp\/v2\/users\/2"}],"replies":[{"embeddable":true,"href":"https:\/\/cvinoticias.com\/v3\/wp-json\/wp\/v2\/comments?post=9351"}],"version-history":[{"count":1,"href":"https:\/\/cvinoticias.com\/v3\/wp-json\/wp\/v2\/posts\/9351\/revisions"}],"predecessor-version":[{"id":9355,"href":"https:\/\/cvinoticias.com\/v3\/wp-json\/wp\/v2\/posts\/9351\/revisions\/9355"}],"wp:featuredmedia":[{"embeddable":true,"href":"https:\/\/cvinoticias.com\/v3\/wp-json\/wp\/v2\/media\/9352"}],"wp:attachment":[{"href":"https:\/\/cvinoticias.com\/v3\/wp-json\/wp\/v2\/media?parent=9351"}],"wp:term":[{"taxonomy":"category","embeddable":true,"href":"https:\/\/cvinoticias.com\/v3\/wp-json\/wp\/v2\/categories?post=9351"},{"taxonomy":"post_tag","embeddable":true,"href":"https:\/\/cvinoticias.com\/v3\/wp-json\/wp\/v2\/tags?post=9351"}],"curies":[{"name":"wp","href":"https:\/\/api.w.org\/{rel}","templated":true}]}}