{"id":9339,"date":"2021-10-09T10:41:30","date_gmt":"2021-10-09T10:41:30","guid":{"rendered":"https:\/\/cvinoticias.com\/v3\/?p=9339"},"modified":"2021-10-09T10:42:50","modified_gmt":"2021-10-09T10:42:50","slug":"el-ahora-pan-quedo-sin-vigencia-y-gestionan-la-continuidad","status":"publish","type":"post","link":"https:\/\/cvinoticias.com\/v3\/el-ahora-pan-quedo-sin-vigencia-y-gestionan-la-continuidad\/","title":{"rendered":"El \u00abAhora Pan\u00bb qued\u00f3 sin vigencia y gestionan la continuidad"},"content":{"rendered":"\n<p><em><strong>Desde el sector panadero de Misiones explicaron que sin el programa el kilo del franc\u00e9s debe costar $180 aproximadamente, aunque el incremento se har\u00eda en dos etapas<\/strong><\/em>.<\/p>\n\n\n\n<p>El pasado 30 de septiembre el programa Ahora Pan qued\u00f3 sin vigencia en la provincia; por esta raz\u00f3n se gestiona su continuidad. Sin embargo,\u00a0desde el sector panadero consideraron que de no renovarse el kilo de pan estilo franc\u00e9s debe pasar de $130 -precio establecido por el programa- a $150 en una primera etapa y luego a $180.<\/p>\n\n\n\n<p>Comentaron que\u00a0los valores de la materia prima siguen escalando, pero no se puede volcar todo ese incremento a los productos de panificados, ya que las ventas \u201cest\u00e1n planchadas\u201d.\u00a0Adem\u00e1s, en la temporada estival las mismas sufren una ca\u00edda importante. Sobre estos temas se refiri\u00f3\u00a0Omar Acosta,\u00a0quien est\u00e1 al frente del Centro de Industriales Panaderos.<\/p>\n\n\n\n<p>Por un lado, dijo\u00a0\u201cestamos hablando con el Gobierno para saber qu\u00e9 hacemos con el Ahora Pan, por lo cual si no hay respuestas tendremos que subir el precio porque se acaba el respaldo de la luz\u201d.<\/p>\n\n\n\n<p>El programa establec\u00eda que el precio m\u00e1ximo para el kilo del pan estilo franc\u00e9s era de $130 cualquiera sea su forma de pago.\u00a0\u201cDe no seguir se tendr\u00eda que hacer un aumento a $150 en una primera etapa para que no sea tan grande el impacto y despu\u00e9s a $180. Es decir, se har\u00eda en etapas\u201d.<\/p>\n\n\n\n<p>En consecuencia, Acosta desliz\u00f3 que\u00a0\u201cel programa funcion\u00f3 en todos estos a\u00f1os. Fue un beneficio mutuo, tanto para el p\u00fablico como para el sector que pudo mantener el precio. Y tambi\u00e9n fue un esfuerzo del Gobierno por el beneficio de la luz\u201d.<\/p>\n\n\n\n<p><strong>Fuente: Primera Edici\u00f3n <\/strong><\/p>\n","protected":false},"excerpt":{"rendered":"<p>Desde el sector panadero de Misiones explicaron que sin el programa el kilo del franc\u00e9s debe costar $180 aproximadamente, aunque el incremento se har\u00eda en dos etapas. El pasado 30 de septiembre el programa Ahora Pan qued\u00f3 sin vigencia en la provincia; por esta raz\u00f3n se gestiona su continuidad. Sin embargo,\u00a0desde el sector panadero consideraron [&hellip;]<\/p>\n","protected":false},"author":2,"featured_media":9340,"comment_status":"open","ping_status":"open","sticky":false,"template":"","format":"standard","meta":{"footnotes":""},"categories":[32],"tags":[],"class_list":["post-9339","post","type-post","status-publish","format-standard","has-post-thumbnail","hentry","category-economia"],"yoast_head":"<!-- This site is optimized with the Yoast SEO plugin v27.4 - https:\/\/yoast.com\/product\/yoast-seo-wordpress\/ -->\n<title>El &quot;Ahora Pan&quot; qued\u00f3 sin vigencia y gestionan la continuidad | CVI NOTICIAS<\/title>\n<meta name=\"robots\" content=\"index, follow, max-snippet:-1, max-image-preview:large, max-video-preview:-1\" \/>\n<link rel=\"canonical\" href=\"https:\/\/cvinoticias.com\/v3\/el-ahora-pan-quedo-sin-vigencia-y-gestionan-la-continuidad\/\" \/>\n<meta property=\"og:locale\" content=\"es_ES\" \/>\n<meta property=\"og:type\" content=\"article\" \/>\n<meta property=\"og:title\" content=\"El &quot;Ahora Pan&quot; qued\u00f3 sin vigencia y gestionan la continuidad | CVI NOTICIAS\" \/>\n<meta property=\"og:description\" content=\"Desde el sector panadero de Misiones explicaron que sin el programa el kilo del franc\u00e9s debe costar $180 aproximadamente, aunque el incremento se har\u00eda en dos etapas. El pasado 30 de septiembre el programa Ahora Pan qued\u00f3 sin vigencia en la provincia; por esta raz\u00f3n se gestiona su continuidad. Sin embargo,\u00a0desde el sector panadero consideraron [&hellip;]\" \/>\n<meta property=\"og:url\" content=\"https:\/\/cvinoticias.com\/v3\/el-ahora-pan-quedo-sin-vigencia-y-gestionan-la-continuidad\/\" \/>\n<meta property=\"og:site_name\" content=\"CVI NOTICIAS\" \/>\n<meta property=\"article:publisher\" content=\"https:\/\/www.facebook.com\/cvinoticias\" \/>\n<meta property=\"article:published_time\" content=\"2021-10-09T10:41:30+00:00\" \/>\n<meta property=\"article:modified_time\" content=\"2021-10-09T10:42:50+00:00\" \/>\n<meta property=\"og:image\" content=\"https:\/\/cvinoticias.com\/wp-content\/uploads\/2021\/10\/pan-730x451-1.jpg\" \/>\n\t<meta property=\"og:image:width\" content=\"730\" \/>\n\t<meta property=\"og:image:height\" content=\"451\" \/>\n\t<meta property=\"og:image:type\" content=\"image\/jpeg\" \/>\n<meta name=\"author\" content=\"f1000024\" \/>\n<meta name=\"twitter:card\" content=\"summary_large_image\" \/>\n<meta name=\"twitter:label1\" content=\"Escrito por\" \/>\n\t<meta name=\"twitter:data1\" content=\"f1000024\" \/>\n\t<meta name=\"twitter:label2\" content=\"Tiempo de lectura\" \/>\n\t<meta name=\"twitter:data2\" content=\"1 minuto\" \/>\n<script type=\"application\/ld+json\" class=\"yoast-schema-graph\">{\"@context\":\"https:\\\/\\\/schema.org\",\"@graph\":[{\"@type\":\"Article\",\"@id\":\"https:\\\/\\\/cvinoticias.com\\\/v3\\\/el-ahora-pan-quedo-sin-vigencia-y-gestionan-la-continuidad\\\/#article\",\"isPartOf\":{\"@id\":\"https:\\\/\\\/cvinoticias.com\\\/v3\\\/el-ahora-pan-quedo-sin-vigencia-y-gestionan-la-continuidad\\\/\"},\"author\":{\"name\":\"f1000024\",\"@id\":\"https:\\\/\\\/cvinoticias.com\\\/v3\\\/#\\\/schema\\\/person\\\/2db77e3c6bc03c538495d7b2b8be9b66\"},\"headline\":\"El \u00abAhora Pan\u00bb qued\u00f3 sin vigencia y gestionan la continuidad\",\"datePublished\":\"2021-10-09T10:41:30+00:00\",\"dateModified\":\"2021-10-09T10:42:50+00:00\",\"mainEntityOfPage\":{\"@id\":\"https:\\\/\\\/cvinoticias.com\\\/v3\\\/el-ahora-pan-quedo-sin-vigencia-y-gestionan-la-continuidad\\\/\"},\"wordCount\":298,\"commentCount\":0,\"publisher\":{\"@id\":\"https:\\\/\\\/cvinoticias.com\\\/v3\\\/#organization\"},\"image\":{\"@id\":\"https:\\\/\\\/cvinoticias.com\\\/v3\\\/el-ahora-pan-quedo-sin-vigencia-y-gestionan-la-continuidad\\\/#primaryimage\"},\"thumbnailUrl\":\"https:\\\/\\\/cvinoticias.com\\\/wp-content\\\/uploads\\\/2021\\\/10\\\/pan-730x451-1.jpg\",\"articleSection\":[\"Econom\u00eda\"],\"inLanguage\":\"es\",\"potentialAction\":[{\"@type\":\"CommentAction\",\"name\":\"Comment\",\"target\":[\"https:\\\/\\\/cvinoticias.com\\\/v3\\\/el-ahora-pan-quedo-sin-vigencia-y-gestionan-la-continuidad\\\/#respond\"]}]},{\"@type\":\"WebPage\",\"@id\":\"https:\\\/\\\/cvinoticias.com\\\/v3\\\/el-ahora-pan-quedo-sin-vigencia-y-gestionan-la-continuidad\\\/\",\"url\":\"https:\\\/\\\/cvinoticias.com\\\/v3\\\/el-ahora-pan-quedo-sin-vigencia-y-gestionan-la-continuidad\\\/\",\"name\":\"El \\\"Ahora Pan\\\" qued\u00f3 sin vigencia y gestionan la continuidad | CVI NOTICIAS\",\"isPartOf\":{\"@id\":\"https:\\\/\\\/cvinoticias.com\\\/v3\\\/#website\"},\"primaryImageOfPage\":{\"@id\":\"https:\\\/\\\/cvinoticias.com\\\/v3\\\/el-ahora-pan-quedo-sin-vigencia-y-gestionan-la-continuidad\\\/#primaryimage\"},\"image\":{\"@id\":\"https:\\\/\\\/cvinoticias.com\\\/v3\\\/el-ahora-pan-quedo-sin-vigencia-y-gestionan-la-continuidad\\\/#primaryimage\"},\"thumbnailUrl\":\"https:\\\/\\\/cvinoticias.com\\\/wp-content\\\/uploads\\\/2021\\\/10\\\/pan-730x451-1.jpg\",\"datePublished\":\"2021-10-09T10:41:30+00:00\",\"dateModified\":\"2021-10-09T10:42:50+00:00\",\"breadcrumb\":{\"@id\":\"https:\\\/\\\/cvinoticias.com\\\/v3\\\/el-ahora-pan-quedo-sin-vigencia-y-gestionan-la-continuidad\\\/#breadcrumb\"},\"inLanguage\":\"es\",\"potentialAction\":[{\"@type\":\"ReadAction\",\"target\":[\"https:\\\/\\\/cvinoticias.com\\\/v3\\\/el-ahora-pan-quedo-sin-vigencia-y-gestionan-la-continuidad\\\/\"]}]},{\"@type\":\"ImageObject\",\"inLanguage\":\"es\",\"@id\":\"https:\\\/\\\/cvinoticias.com\\\/v3\\\/el-ahora-pan-quedo-sin-vigencia-y-gestionan-la-continuidad\\\/#primaryimage\",\"url\":\"https:\\\/\\\/cvinoticias.com\\\/wp-content\\\/uploads\\\/2021\\\/10\\\/pan-730x451-1.jpg\",\"contentUrl\":\"https:\\\/\\\/cvinoticias.com\\\/wp-content\\\/uploads\\\/2021\\\/10\\\/pan-730x451-1.jpg\",\"width\":730,\"height\":451},{\"@type\":\"BreadcrumbList\",\"@id\":\"https:\\\/\\\/cvinoticias.com\\\/v3\\\/el-ahora-pan-quedo-sin-vigencia-y-gestionan-la-continuidad\\\/#breadcrumb\",\"itemListElement\":[{\"@type\":\"ListItem\",\"position\":1,\"name\":\"Portada\",\"item\":\"https:\\\/\\\/cvinoticias.com\\\/v3\\\/\"},{\"@type\":\"ListItem\",\"position\":2,\"name\":\"El \u00abAhora Pan\u00bb qued\u00f3 sin vigencia y gestionan la continuidad\"}]},{\"@type\":\"WebSite\",\"@id\":\"https:\\\/\\\/cvinoticias.com\\\/v3\\\/#website\",\"url\":\"https:\\\/\\\/cvinoticias.com\\\/v3\\\/\",\"name\":\"CVI NOTICIAS\",\"description\":\"\",\"publisher\":{\"@id\":\"https:\\\/\\\/cvinoticias.com\\\/v3\\\/#organization\"},\"alternateName\":\"CVI\",\"potentialAction\":[{\"@type\":\"SearchAction\",\"target\":{\"@type\":\"EntryPoint\",\"urlTemplate\":\"https:\\\/\\\/cvinoticias.com\\\/v3\\\/?s={search_term_string}\"},\"query-input\":{\"@type\":\"PropertyValueSpecification\",\"valueRequired\":true,\"valueName\":\"search_term_string\"}}],\"inLanguage\":\"es\"},{\"@type\":\"Organization\",\"@id\":\"https:\\\/\\\/cvinoticias.com\\\/v3\\\/#organization\",\"name\":\"CVI NOTICIAS\",\"url\":\"https:\\\/\\\/cvinoticias.com\\\/v3\\\/\",\"logo\":{\"@type\":\"ImageObject\",\"inLanguage\":\"es\",\"@id\":\"https:\\\/\\\/cvinoticias.com\\\/v3\\\/#\\\/schema\\\/logo\\\/image\\\/\",\"url\":\"https:\\\/\\\/cvinoticias.com\\\/wp-content\\\/uploads\\\/2023\\\/04\\\/cropped-cropped-cropped-cropped-cropped-3-1.png\",\"contentUrl\":\"https:\\\/\\\/cvinoticias.com\\\/wp-content\\\/uploads\\\/2023\\\/04\\\/cropped-cropped-cropped-cropped-cropped-3-1.png\",\"width\":95,\"height\":122,\"caption\":\"CVI NOTICIAS\"},\"image\":{\"@id\":\"https:\\\/\\\/cvinoticias.com\\\/v3\\\/#\\\/schema\\\/logo\\\/image\\\/\"},\"sameAs\":[\"https:\\\/\\\/www.facebook.com\\\/cvinoticias\",\"https:\\\/\\\/www.instagram.com\\\/cvinoticias\\\/\",\"https:\\\/\\\/www.youtube.com\\\/@CVINOTICIAS\"]},{\"@type\":\"Person\",\"@id\":\"https:\\\/\\\/cvinoticias.com\\\/v3\\\/#\\\/schema\\\/person\\\/2db77e3c6bc03c538495d7b2b8be9b66\",\"name\":\"f1000024\",\"image\":{\"@type\":\"ImageObject\",\"inLanguage\":\"es\",\"@id\":\"https:\\\/\\\/secure.gravatar.com\\\/avatar\\\/d4fe7459cfc51ff5129ce1a732bbef5928568b8092d412ef95611616376bbeed?s=96&d=mm&r=g\",\"url\":\"https:\\\/\\\/secure.gravatar.com\\\/avatar\\\/d4fe7459cfc51ff5129ce1a732bbef5928568b8092d412ef95611616376bbeed?s=96&d=mm&r=g\",\"contentUrl\":\"https:\\\/\\\/secure.gravatar.com\\\/avatar\\\/d4fe7459cfc51ff5129ce1a732bbef5928568b8092d412ef95611616376bbeed?s=96&d=mm&r=g\",\"caption\":\"f1000024\"},\"url\":\"https:\\\/\\\/cvinoticias.com\\\/v3\\\/author\\\/f1000024\\\/\"}]}<\/script>\n<!-- \/ Yoast SEO plugin. -->","yoast_head_json":{"title":"El \"Ahora Pan\" qued\u00f3 sin vigencia y gestionan la continuidad | CVI NOTICIAS","robots":{"index":"index","follow":"follow","max-snippet":"max-snippet:-1","max-image-preview":"max-image-preview:large","max-video-preview":"max-video-preview:-1"},"canonical":"https:\/\/cvinoticias.com\/v3\/el-ahora-pan-quedo-sin-vigencia-y-gestionan-la-continuidad\/","og_locale":"es_ES","og_type":"article","og_title":"El \"Ahora Pan\" qued\u00f3 sin vigencia y gestionan la continuidad | CVI NOTICIAS","og_description":"Desde el sector panadero de Misiones explicaron que sin el programa el kilo del franc\u00e9s debe costar $180 aproximadamente, aunque el incremento se har\u00eda en dos etapas. El pasado 30 de septiembre el programa Ahora Pan qued\u00f3 sin vigencia en la provincia; por esta raz\u00f3n se gestiona su continuidad. Sin embargo,\u00a0desde el sector panadero consideraron [&hellip;]","og_url":"https:\/\/cvinoticias.com\/v3\/el-ahora-pan-quedo-sin-vigencia-y-gestionan-la-continuidad\/","og_site_name":"CVI NOTICIAS","article_publisher":"https:\/\/www.facebook.com\/cvinoticias","article_published_time":"2021-10-09T10:41:30+00:00","article_modified_time":"2021-10-09T10:42:50+00:00","og_image":[{"width":730,"height":451,"url":"https:\/\/cvinoticias.com\/wp-content\/uploads\/2021\/10\/pan-730x451-1.jpg","type":"image\/jpeg"}],"author":"f1000024","twitter_card":"summary_large_image","twitter_misc":{"Escrito por":"f1000024","Tiempo de lectura":"1 minuto"},"schema":{"@context":"https:\/\/schema.org","@graph":[{"@type":"Article","@id":"https:\/\/cvinoticias.com\/v3\/el-ahora-pan-quedo-sin-vigencia-y-gestionan-la-continuidad\/#article","isPartOf":{"@id":"https:\/\/cvinoticias.com\/v3\/el-ahora-pan-quedo-sin-vigencia-y-gestionan-la-continuidad\/"},"author":{"name":"f1000024","@id":"https:\/\/cvinoticias.com\/v3\/#\/schema\/person\/2db77e3c6bc03c538495d7b2b8be9b66"},"headline":"El \u00abAhora Pan\u00bb qued\u00f3 sin vigencia y gestionan la continuidad","datePublished":"2021-10-09T10:41:30+00:00","dateModified":"2021-10-09T10:42:50+00:00","mainEntityOfPage":{"@id":"https:\/\/cvinoticias.com\/v3\/el-ahora-pan-quedo-sin-vigencia-y-gestionan-la-continuidad\/"},"wordCount":298,"commentCount":0,"publisher":{"@id":"https:\/\/cvinoticias.com\/v3\/#organization"},"image":{"@id":"https:\/\/cvinoticias.com\/v3\/el-ahora-pan-quedo-sin-vigencia-y-gestionan-la-continuidad\/#primaryimage"},"thumbnailUrl":"https:\/\/cvinoticias.com\/wp-content\/uploads\/2021\/10\/pan-730x451-1.jpg","articleSection":["Econom\u00eda"],"inLanguage":"es","potentialAction":[{"@type":"CommentAction","name":"Comment","target":["https:\/\/cvinoticias.com\/v3\/el-ahora-pan-quedo-sin-vigencia-y-gestionan-la-continuidad\/#respond"]}]},{"@type":"WebPage","@id":"https:\/\/cvinoticias.com\/v3\/el-ahora-pan-quedo-sin-vigencia-y-gestionan-la-continuidad\/","url":"https:\/\/cvinoticias.com\/v3\/el-ahora-pan-quedo-sin-vigencia-y-gestionan-la-continuidad\/","name":"El \"Ahora Pan\" qued\u00f3 sin vigencia y gestionan la continuidad | CVI NOTICIAS","isPartOf":{"@id":"https:\/\/cvinoticias.com\/v3\/#website"},"primaryImageOfPage":{"@id":"https:\/\/cvinoticias.com\/v3\/el-ahora-pan-quedo-sin-vigencia-y-gestionan-la-continuidad\/#primaryimage"},"image":{"@id":"https:\/\/cvinoticias.com\/v3\/el-ahora-pan-quedo-sin-vigencia-y-gestionan-la-continuidad\/#primaryimage"},"thumbnailUrl":"https:\/\/cvinoticias.com\/wp-content\/uploads\/2021\/10\/pan-730x451-1.jpg","datePublished":"2021-10-09T10:41:30+00:00","dateModified":"2021-10-09T10:42:50+00:00","breadcrumb":{"@id":"https:\/\/cvinoticias.com\/v3\/el-ahora-pan-quedo-sin-vigencia-y-gestionan-la-continuidad\/#breadcrumb"},"inLanguage":"es","potentialAction":[{"@type":"ReadAction","target":["https:\/\/cvinoticias.com\/v3\/el-ahora-pan-quedo-sin-vigencia-y-gestionan-la-continuidad\/"]}]},{"@type":"ImageObject","inLanguage":"es","@id":"https:\/\/cvinoticias.com\/v3\/el-ahora-pan-quedo-sin-vigencia-y-gestionan-la-continuidad\/#primaryimage","url":"https:\/\/cvinoticias.com\/wp-content\/uploads\/2021\/10\/pan-730x451-1.jpg","contentUrl":"https:\/\/cvinoticias.com\/wp-content\/uploads\/2021\/10\/pan-730x451-1.jpg","width":730,"height":451},{"@type":"BreadcrumbList","@id":"https:\/\/cvinoticias.com\/v3\/el-ahora-pan-quedo-sin-vigencia-y-gestionan-la-continuidad\/#breadcrumb","itemListElement":[{"@type":"ListItem","position":1,"name":"Portada","item":"https:\/\/cvinoticias.com\/v3\/"},{"@type":"ListItem","position":2,"name":"El \u00abAhora Pan\u00bb qued\u00f3 sin vigencia y gestionan la continuidad"}]},{"@type":"WebSite","@id":"https:\/\/cvinoticias.com\/v3\/#website","url":"https:\/\/cvinoticias.com\/v3\/","name":"CVI NOTICIAS","description":"","publisher":{"@id":"https:\/\/cvinoticias.com\/v3\/#organization"},"alternateName":"CVI","potentialAction":[{"@type":"SearchAction","target":{"@type":"EntryPoint","urlTemplate":"https:\/\/cvinoticias.com\/v3\/?s={search_term_string}"},"query-input":{"@type":"PropertyValueSpecification","valueRequired":true,"valueName":"search_term_string"}}],"inLanguage":"es"},{"@type":"Organization","@id":"https:\/\/cvinoticias.com\/v3\/#organization","name":"CVI NOTICIAS","url":"https:\/\/cvinoticias.com\/v3\/","logo":{"@type":"ImageObject","inLanguage":"es","@id":"https:\/\/cvinoticias.com\/v3\/#\/schema\/logo\/image\/","url":"https:\/\/cvinoticias.com\/wp-content\/uploads\/2023\/04\/cropped-cropped-cropped-cropped-cropped-3-1.png","contentUrl":"https:\/\/cvinoticias.com\/wp-content\/uploads\/2023\/04\/cropped-cropped-cropped-cropped-cropped-3-1.png","width":95,"height":122,"caption":"CVI NOTICIAS"},"image":{"@id":"https:\/\/cvinoticias.com\/v3\/#\/schema\/logo\/image\/"},"sameAs":["https:\/\/www.facebook.com\/cvinoticias","https:\/\/www.instagram.com\/cvinoticias\/","https:\/\/www.youtube.com\/@CVINOTICIAS"]},{"@type":"Person","@id":"https:\/\/cvinoticias.com\/v3\/#\/schema\/person\/2db77e3c6bc03c538495d7b2b8be9b66","name":"f1000024","image":{"@type":"ImageObject","inLanguage":"es","@id":"https:\/\/secure.gravatar.com\/avatar\/d4fe7459cfc51ff5129ce1a732bbef5928568b8092d412ef95611616376bbeed?s=96&d=mm&r=g","url":"https:\/\/secure.gravatar.com\/avatar\/d4fe7459cfc51ff5129ce1a732bbef5928568b8092d412ef95611616376bbeed?s=96&d=mm&r=g","contentUrl":"https:\/\/secure.gravatar.com\/avatar\/d4fe7459cfc51ff5129ce1a732bbef5928568b8092d412ef95611616376bbeed?s=96&d=mm&r=g","caption":"f1000024"},"url":"https:\/\/cvinoticias.com\/v3\/author\/f1000024\/"}]}},"_links":{"self":[{"href":"https:\/\/cvinoticias.com\/v3\/wp-json\/wp\/v2\/posts\/9339","targetHints":{"allow":["GET"]}}],"collection":[{"href":"https:\/\/cvinoticias.com\/v3\/wp-json\/wp\/v2\/posts"}],"about":[{"href":"https:\/\/cvinoticias.com\/v3\/wp-json\/wp\/v2\/types\/post"}],"author":[{"embeddable":true,"href":"https:\/\/cvinoticias.com\/v3\/wp-json\/wp\/v2\/users\/2"}],"replies":[{"embeddable":true,"href":"https:\/\/cvinoticias.com\/v3\/wp-json\/wp\/v2\/comments?post=9339"}],"version-history":[{"count":2,"href":"https:\/\/cvinoticias.com\/v3\/wp-json\/wp\/v2\/posts\/9339\/revisions"}],"predecessor-version":[{"id":9342,"href":"https:\/\/cvinoticias.com\/v3\/wp-json\/wp\/v2\/posts\/9339\/revisions\/9342"}],"wp:featuredmedia":[{"embeddable":true,"href":"https:\/\/cvinoticias.com\/v3\/wp-json\/wp\/v2\/media\/9340"}],"wp:attachment":[{"href":"https:\/\/cvinoticias.com\/v3\/wp-json\/wp\/v2\/media?parent=9339"}],"wp:term":[{"taxonomy":"category","embeddable":true,"href":"https:\/\/cvinoticias.com\/v3\/wp-json\/wp\/v2\/categories?post=9339"},{"taxonomy":"post_tag","embeddable":true,"href":"https:\/\/cvinoticias.com\/v3\/wp-json\/wp\/v2\/tags?post=9339"}],"curies":[{"name":"wp","href":"https:\/\/api.w.org\/{rel}","templated":true}]}}