{"id":9330,"date":"2021-10-09T03:05:02","date_gmt":"2021-10-09T03:05:02","guid":{"rendered":"https:\/\/cvinoticias.com\/v3\/?p=9330"},"modified":"2021-10-09T03:05:02","modified_gmt":"2021-10-09T03:05:02","slug":"arranco-el-fin-de-semana-extra-largo-y-hay-una-ocupacion-hotelera-del-80","status":"publish","type":"post","link":"https:\/\/cvinoticias.com\/v3\/arranco-el-fin-de-semana-extra-largo-y-hay-una-ocupacion-hotelera-del-80\/","title":{"rendered":"Arranc\u00f3 el fin de semana extra largo y hay una ocupaci\u00f3n hotelera del 80%"},"content":{"rendered":"\n<p><em><strong>Los destinos tur\u00edsticos m\u00e1s importantes del pa\u00eds alcanzaron este viernes, una reserva \u00abdel 80% o superior para ocupar sus plazas hoteleras\u00bb, para este fin de semana extra largo, por el feriado del D\u00eda del Respeto a la Diversidad Cultural,\u00a0seg\u00fan un relevamiento del Ministerio de Turismo<\/strong><\/em><\/p>\n\n\n\n<p>En ese sentido, el ministro de Turismo, Mat\u00edas Lammens, asegur\u00f3:\u00a0\u00abEstamos viviendo un gran fin de semana largo, con un movimiento tur\u00edstico superior a la prepandemia en los principales destinos de todo el pa\u00eds, lo que demuestra que la econom\u00eda comienza a recuperarse\u00bb.<\/p>\n\n\n\n<p>\u00abLos datos alentadores de este fin de semana, el retorno del turismo receptivo y el impulso del programa PreViaje, mediante el cual m\u00e1s de un mill\u00f3n de turistas ya compraron anticipadamente sus vacaciones, nos permiten ilusionarnos con una temporada de verano hist\u00f3rica\u00bb, acot\u00f3.<\/p>\n\n\n\n<p><strong>En la provincia de Buenos Aires&nbsp;<\/strong>los principales destinos elegidos por los viajeros fueron las ciudades de la costa atl\u00e1ntica con reservas hoteleras que ya llegaron al 80% y al 75% en Mar del Plata, seg\u00fan el Ente Municipal de Turismo local (Emtur).<\/p>\n\n\n\n<p><strong>Para Chubut<\/strong>, su ministro de Turismo, N\u00e9stor Garc\u00eda, asever\u00f3 que \u00abtodos los destinos tienen una ocupaci\u00f3n del 100%\u00bb, seg\u00fan la informaci\u00f3n provista por los entes municipales.<\/p>\n\n\n\n<p><strong>En C\u00f3rdoba<\/strong>, que cuenta con 180 mil plazas hoteleras, tambi\u00e9n hay muy buena expectativa por el elevado porcentaje de reservas de sus principales destinos tur\u00edsticos, dado que en la capital, la reserva alcanza el 98%, 100% en Villa General Belgrano, lleg\u00f3 al 80% en el Valle de Traslasierra y se espera que hoy alcance el 100% de las plazas, y aguardan llegar a ese tope en Mina Clavero.<\/p>\n\n\n\n<p><strong>Desde Corrientes<\/strong>, el ministro de Turismo local, Sebasti\u00e1n Slovayen, inform\u00f3 que todas las zonas ribere\u00f1as vinculadas al r\u00edo Paran\u00e1 tiene sus plazas ya tomadas a pleno en localidades como Empedrado, Esquina, Ituzaing\u00f3, Bella Vista, Empedrado y la ciudad capital.<\/p>\n\n\n\n<p><strong>El gobernador entrerriano, Gustavo Bordet, asegur\u00f3 en Twitter que ten\u00edan reservas cubiertas en m\u00e1s de un 90%<\/strong>, mientras el vicepresidente de la C\u00e1mara de Turismo local, Sebasti\u00e1n Bel, indic\u00f3 que las plazas termales, las reservas est\u00e1n en el 100%.<\/p>\n\n\n\n<p><strong>Desde Jujuy,<\/strong>&nbsp;el ministro de Turismo, Diego Valdecantos, inform\u00f3 que \u00abquedan muy pocas plazas hoteleras en la provincia\u00bb y que el \u00abla Quebrada (de Humahuaca) ya llega al 95%\u00bb.<\/p>\n\n\n\n<p><strong>En Mendoza<\/strong>&nbsp;reportaron que \u00abeste es el mejor fin de semana largo de los \u00faltimos tres\u00bb que hubo en el a\u00f1o. Arturo Gonz\u00e1lez, presidente de la C\u00e1mara de Turismo local, inform\u00f3 que \u00abhay una alta demanda; y que algunos \u00abhoteles ya est\u00e1n al cien por cien\u00bb.<\/p>\n\n\n\n<p><strong>Desde Misiones<\/strong>, el subsecretario de Promoci\u00f3n y Marketing del Ministerio de Turismo local, Oscar Degiusti, indic\u00f3 que \u00abse acerca un excelente fin de semana con un porcentaje de reservas que se acerca al 90%\u00bb. Desde la dependencia Iguaz\u00fa Turismo Ente Municipal (Iturem), Leopoldo Lucas, afirm\u00f3 que \u00abla cupaci\u00f3n es el 100% en todos los hoteles y caba\u00f1as menos en hoteles d 5 estrellas donde quedan muy pocas plazas y es posible que ello lleve a requerir m\u00e1s plazas en localidades aleda\u00f1as\u00bb.<\/p>\n\n\n\n<p><strong>En R\u00edo Negro<\/strong>, las ciudades de Las Grutas y San Carlos de Bariloche tiene cubierta un 80% de sus plazas hoteleras, afirm\u00f3 la ministra de Turismo provincial, Martha V\u00e9lez.<\/p>\n\n\n\n<p><strong>En Salta<\/strong>&nbsp;tambi\u00e9n quedaban pocas camas disponibles, dado que seg\u00fan Gustavo Di M\u00e9cola, dirigente de la C\u00e1mara de Turismo local, la ciudad capital estaba al 80% y los Valles Calchaqu\u00edes, al 90%. \u00abY seguimos vendiendo lo poco que ya queda\u00bb, concluy\u00f3.<\/p>\n\n\n\n<p><strong>Desde Santa Cruz<\/strong>, el secretario de Turismo de El Calafate, Alexis Simunovic, asever\u00f3 que las plazas ocupadas est\u00e1n en el 75%.<\/p>\n\n\n\n<p><strong>En Santa Fe<\/strong>, el presidente de la Asociaci\u00f3n de Hoteleros y Gastron\u00f3micos, Dami\u00e1n Auzunbud inform\u00f3 que hoy est\u00e1n \u00abal 60% pero este s\u00e1bado seguramente llegaremos al 90% de ocupaci\u00f3n de nuestras plazas hoteleras\u00bb.<\/p>\n\n\n\n<p><strong>En Rosario<\/strong>, las reservas en hoteler\u00eda cinco y cuatro estrellas rondan el 85%, y en apart hoteles y alquileres tur\u00edsticos temporarios llegan al 95%, informaron fuentes de la Secretar\u00eda de Turismo local.<\/p>\n\n\n\n<p><strong>En la ciudad de Santa Fe<\/strong>&nbsp;son \u00abmuy buenas las expectativas\u00bb con un nivel de reservas del 100%, mientras que Melincu\u00e9 llega casi a la misma ocupaci\u00f3n total pero a\u00fan quedan libres algunas habitaciones en categor\u00eda superior y Reconquista muestra entre un 95 y 99% de ocupaci\u00f3n, indicaron las fuentes del sector tur\u00edstico.<\/p>\n\n\n\n<p><strong>El intendente de la ciudad tucumana de Taf\u00ed Viejo<\/strong>, Javier Noguera, advirti\u00f3 que la capacidad hotelera del distrito est\u00e1 ocupada por completo.<\/p>\n\n\n\n<p><strong>La C\u00e1mara Hotelera y Gastron\u00f3mica de Ushuaia<\/strong>, inform\u00f3 que esperaba \u00abuna ocupaci\u00f3n del 70%\u00bb para este fin de semana extra largo.<\/p>\n","protected":false},"excerpt":{"rendered":"<p>Los destinos tur\u00edsticos m\u00e1s importantes del pa\u00eds alcanzaron este viernes, una reserva \u00abdel 80% o superior para ocupar sus plazas hoteleras\u00bb, para este fin de semana extra largo, por el feriado del D\u00eda del Respeto a la Diversidad Cultural,\u00a0seg\u00fan un relevamiento del Ministerio de Turismo En ese sentido, el ministro de Turismo, Mat\u00edas Lammens, asegur\u00f3:\u00a0\u00abEstamos [&hellip;]<\/p>\n","protected":false},"author":2,"featured_media":9331,"comment_status":"open","ping_status":"open","sticky":false,"template":"","format":"standard","meta":{"footnotes":""},"categories":[50],"tags":[],"class_list":["post-9330","post","type-post","status-publish","format-standard","has-post-thumbnail","hentry","category-turismo"],"yoast_head":"<!-- This site is optimized with the Yoast SEO plugin v27.4 - https:\/\/yoast.com\/product\/yoast-seo-wordpress\/ -->\n<title>Arranc\u00f3 el fin de semana extra largo y hay una ocupaci\u00f3n hotelera del 80% | CVI NOTICIAS<\/title>\n<meta name=\"robots\" content=\"index, follow, max-snippet:-1, max-image-preview:large, max-video-preview:-1\" \/>\n<link rel=\"canonical\" href=\"https:\/\/cvinoticias.com\/v3\/arranco-el-fin-de-semana-extra-largo-y-hay-una-ocupacion-hotelera-del-80\/\" \/>\n<meta property=\"og:locale\" content=\"es_ES\" \/>\n<meta property=\"og:type\" content=\"article\" \/>\n<meta property=\"og:title\" content=\"Arranc\u00f3 el fin de semana extra largo y hay una ocupaci\u00f3n hotelera del 80% | CVI NOTICIAS\" \/>\n<meta property=\"og:description\" content=\"Los destinos tur\u00edsticos m\u00e1s importantes del pa\u00eds alcanzaron este viernes, una reserva \u00abdel 80% o superior para ocupar sus plazas hoteleras\u00bb, para este fin de semana extra largo, por el feriado del D\u00eda del Respeto a la Diversidad Cultural,\u00a0seg\u00fan un relevamiento del Ministerio de Turismo En ese sentido, el ministro de Turismo, Mat\u00edas Lammens, asegur\u00f3:\u00a0\u00abEstamos [&hellip;]\" \/>\n<meta property=\"og:url\" content=\"https:\/\/cvinoticias.com\/v3\/arranco-el-fin-de-semana-extra-largo-y-hay-una-ocupacion-hotelera-del-80\/\" \/>\n<meta property=\"og:site_name\" content=\"CVI NOTICIAS\" \/>\n<meta property=\"article:publisher\" content=\"https:\/\/www.facebook.com\/cvinoticias\" \/>\n<meta property=\"article:published_time\" content=\"2021-10-09T03:05:02+00:00\" \/>\n<meta property=\"og:image\" content=\"https:\/\/cvinoticias.com\/wp-content\/uploads\/2021\/10\/cataratas-iguazu-4-39h72hnuo7lg-3f0grtih7j60.jpg\" \/>\n\t<meta property=\"og:image:width\" content=\"816\" \/>\n\t<meta property=\"og:image:height\" content=\"500\" \/>\n\t<meta property=\"og:image:type\" content=\"image\/jpeg\" \/>\n<meta name=\"author\" content=\"f1000024\" \/>\n<meta name=\"twitter:card\" content=\"summary_large_image\" \/>\n<meta name=\"twitter:label1\" content=\"Escrito por\" \/>\n\t<meta name=\"twitter:data1\" content=\"f1000024\" \/>\n\t<meta name=\"twitter:label2\" content=\"Tiempo de lectura\" \/>\n\t<meta name=\"twitter:data2\" content=\"4 minutos\" \/>\n<script type=\"application\/ld+json\" class=\"yoast-schema-graph\">{\"@context\":\"https:\\\/\\\/schema.org\",\"@graph\":[{\"@type\":\"Article\",\"@id\":\"https:\\\/\\\/cvinoticias.com\\\/v3\\\/arranco-el-fin-de-semana-extra-largo-y-hay-una-ocupacion-hotelera-del-80\\\/#article\",\"isPartOf\":{\"@id\":\"https:\\\/\\\/cvinoticias.com\\\/v3\\\/arranco-el-fin-de-semana-extra-largo-y-hay-una-ocupacion-hotelera-del-80\\\/\"},\"author\":{\"name\":\"f1000024\",\"@id\":\"https:\\\/\\\/cvinoticias.com\\\/v3\\\/#\\\/schema\\\/person\\\/2db77e3c6bc03c538495d7b2b8be9b66\"},\"headline\":\"Arranc\u00f3 el fin de semana extra largo y hay una ocupaci\u00f3n hotelera del 80%\",\"datePublished\":\"2021-10-09T03:05:02+00:00\",\"mainEntityOfPage\":{\"@id\":\"https:\\\/\\\/cvinoticias.com\\\/v3\\\/arranco-el-fin-de-semana-extra-largo-y-hay-una-ocupacion-hotelera-del-80\\\/\"},\"wordCount\":811,\"commentCount\":0,\"publisher\":{\"@id\":\"https:\\\/\\\/cvinoticias.com\\\/v3\\\/#organization\"},\"image\":{\"@id\":\"https:\\\/\\\/cvinoticias.com\\\/v3\\\/arranco-el-fin-de-semana-extra-largo-y-hay-una-ocupacion-hotelera-del-80\\\/#primaryimage\"},\"thumbnailUrl\":\"https:\\\/\\\/cvinoticias.com\\\/wp-content\\\/uploads\\\/2021\\\/10\\\/cataratas-iguazu-4-39h72hnuo7lg-3f0grtih7j60.jpg\",\"articleSection\":[\"Turismo\"],\"inLanguage\":\"es\",\"potentialAction\":[{\"@type\":\"CommentAction\",\"name\":\"Comment\",\"target\":[\"https:\\\/\\\/cvinoticias.com\\\/v3\\\/arranco-el-fin-de-semana-extra-largo-y-hay-una-ocupacion-hotelera-del-80\\\/#respond\"]}]},{\"@type\":\"WebPage\",\"@id\":\"https:\\\/\\\/cvinoticias.com\\\/v3\\\/arranco-el-fin-de-semana-extra-largo-y-hay-una-ocupacion-hotelera-del-80\\\/\",\"url\":\"https:\\\/\\\/cvinoticias.com\\\/v3\\\/arranco-el-fin-de-semana-extra-largo-y-hay-una-ocupacion-hotelera-del-80\\\/\",\"name\":\"Arranc\u00f3 el fin de semana extra largo y hay una ocupaci\u00f3n hotelera del 80% | CVI NOTICIAS\",\"isPartOf\":{\"@id\":\"https:\\\/\\\/cvinoticias.com\\\/v3\\\/#website\"},\"primaryImageOfPage\":{\"@id\":\"https:\\\/\\\/cvinoticias.com\\\/v3\\\/arranco-el-fin-de-semana-extra-largo-y-hay-una-ocupacion-hotelera-del-80\\\/#primaryimage\"},\"image\":{\"@id\":\"https:\\\/\\\/cvinoticias.com\\\/v3\\\/arranco-el-fin-de-semana-extra-largo-y-hay-una-ocupacion-hotelera-del-80\\\/#primaryimage\"},\"thumbnailUrl\":\"https:\\\/\\\/cvinoticias.com\\\/wp-content\\\/uploads\\\/2021\\\/10\\\/cataratas-iguazu-4-39h72hnuo7lg-3f0grtih7j60.jpg\",\"datePublished\":\"2021-10-09T03:05:02+00:00\",\"breadcrumb\":{\"@id\":\"https:\\\/\\\/cvinoticias.com\\\/v3\\\/arranco-el-fin-de-semana-extra-largo-y-hay-una-ocupacion-hotelera-del-80\\\/#breadcrumb\"},\"inLanguage\":\"es\",\"potentialAction\":[{\"@type\":\"ReadAction\",\"target\":[\"https:\\\/\\\/cvinoticias.com\\\/v3\\\/arranco-el-fin-de-semana-extra-largo-y-hay-una-ocupacion-hotelera-del-80\\\/\"]}]},{\"@type\":\"ImageObject\",\"inLanguage\":\"es\",\"@id\":\"https:\\\/\\\/cvinoticias.com\\\/v3\\\/arranco-el-fin-de-semana-extra-largo-y-hay-una-ocupacion-hotelera-del-80\\\/#primaryimage\",\"url\":\"https:\\\/\\\/cvinoticias.com\\\/wp-content\\\/uploads\\\/2021\\\/10\\\/cataratas-iguazu-4-39h72hnuo7lg-3f0grtih7j60.jpg\",\"contentUrl\":\"https:\\\/\\\/cvinoticias.com\\\/wp-content\\\/uploads\\\/2021\\\/10\\\/cataratas-iguazu-4-39h72hnuo7lg-3f0grtih7j60.jpg\",\"width\":816,\"height\":500},{\"@type\":\"BreadcrumbList\",\"@id\":\"https:\\\/\\\/cvinoticias.com\\\/v3\\\/arranco-el-fin-de-semana-extra-largo-y-hay-una-ocupacion-hotelera-del-80\\\/#breadcrumb\",\"itemListElement\":[{\"@type\":\"ListItem\",\"position\":1,\"name\":\"Portada\",\"item\":\"https:\\\/\\\/cvinoticias.com\\\/v3\\\/\"},{\"@type\":\"ListItem\",\"position\":2,\"name\":\"Arranc\u00f3 el fin de semana extra largo y hay una ocupaci\u00f3n hotelera del 80%\"}]},{\"@type\":\"WebSite\",\"@id\":\"https:\\\/\\\/cvinoticias.com\\\/v3\\\/#website\",\"url\":\"https:\\\/\\\/cvinoticias.com\\\/v3\\\/\",\"name\":\"CVI NOTICIAS\",\"description\":\"\",\"publisher\":{\"@id\":\"https:\\\/\\\/cvinoticias.com\\\/v3\\\/#organization\"},\"alternateName\":\"CVI\",\"potentialAction\":[{\"@type\":\"SearchAction\",\"target\":{\"@type\":\"EntryPoint\",\"urlTemplate\":\"https:\\\/\\\/cvinoticias.com\\\/v3\\\/?s={search_term_string}\"},\"query-input\":{\"@type\":\"PropertyValueSpecification\",\"valueRequired\":true,\"valueName\":\"search_term_string\"}}],\"inLanguage\":\"es\"},{\"@type\":\"Organization\",\"@id\":\"https:\\\/\\\/cvinoticias.com\\\/v3\\\/#organization\",\"name\":\"CVI NOTICIAS\",\"url\":\"https:\\\/\\\/cvinoticias.com\\\/v3\\\/\",\"logo\":{\"@type\":\"ImageObject\",\"inLanguage\":\"es\",\"@id\":\"https:\\\/\\\/cvinoticias.com\\\/v3\\\/#\\\/schema\\\/logo\\\/image\\\/\",\"url\":\"https:\\\/\\\/cvinoticias.com\\\/wp-content\\\/uploads\\\/2023\\\/04\\\/cropped-cropped-cropped-cropped-cropped-3-1.png\",\"contentUrl\":\"https:\\\/\\\/cvinoticias.com\\\/wp-content\\\/uploads\\\/2023\\\/04\\\/cropped-cropped-cropped-cropped-cropped-3-1.png\",\"width\":95,\"height\":122,\"caption\":\"CVI NOTICIAS\"},\"image\":{\"@id\":\"https:\\\/\\\/cvinoticias.com\\\/v3\\\/#\\\/schema\\\/logo\\\/image\\\/\"},\"sameAs\":[\"https:\\\/\\\/www.facebook.com\\\/cvinoticias\",\"https:\\\/\\\/www.instagram.com\\\/cvinoticias\\\/\",\"https:\\\/\\\/www.youtube.com\\\/@CVINOTICIAS\"]},{\"@type\":\"Person\",\"@id\":\"https:\\\/\\\/cvinoticias.com\\\/v3\\\/#\\\/schema\\\/person\\\/2db77e3c6bc03c538495d7b2b8be9b66\",\"name\":\"f1000024\",\"image\":{\"@type\":\"ImageObject\",\"inLanguage\":\"es\",\"@id\":\"https:\\\/\\\/secure.gravatar.com\\\/avatar\\\/d4fe7459cfc51ff5129ce1a732bbef5928568b8092d412ef95611616376bbeed?s=96&d=mm&r=g\",\"url\":\"https:\\\/\\\/secure.gravatar.com\\\/avatar\\\/d4fe7459cfc51ff5129ce1a732bbef5928568b8092d412ef95611616376bbeed?s=96&d=mm&r=g\",\"contentUrl\":\"https:\\\/\\\/secure.gravatar.com\\\/avatar\\\/d4fe7459cfc51ff5129ce1a732bbef5928568b8092d412ef95611616376bbeed?s=96&d=mm&r=g\",\"caption\":\"f1000024\"},\"url\":\"https:\\\/\\\/cvinoticias.com\\\/v3\\\/author\\\/f1000024\\\/\"}]}<\/script>\n<!-- \/ Yoast SEO plugin. -->","yoast_head_json":{"title":"Arranc\u00f3 el fin de semana extra largo y hay una ocupaci\u00f3n hotelera del 80% | CVI NOTICIAS","robots":{"index":"index","follow":"follow","max-snippet":"max-snippet:-1","max-image-preview":"max-image-preview:large","max-video-preview":"max-video-preview:-1"},"canonical":"https:\/\/cvinoticias.com\/v3\/arranco-el-fin-de-semana-extra-largo-y-hay-una-ocupacion-hotelera-del-80\/","og_locale":"es_ES","og_type":"article","og_title":"Arranc\u00f3 el fin de semana extra largo y hay una ocupaci\u00f3n hotelera del 80% | CVI NOTICIAS","og_description":"Los destinos tur\u00edsticos m\u00e1s importantes del pa\u00eds alcanzaron este viernes, una reserva \u00abdel 80% o superior para ocupar sus plazas hoteleras\u00bb, para este fin de semana extra largo, por el feriado del D\u00eda del Respeto a la Diversidad Cultural,\u00a0seg\u00fan un relevamiento del Ministerio de Turismo En ese sentido, el ministro de Turismo, Mat\u00edas Lammens, asegur\u00f3:\u00a0\u00abEstamos [&hellip;]","og_url":"https:\/\/cvinoticias.com\/v3\/arranco-el-fin-de-semana-extra-largo-y-hay-una-ocupacion-hotelera-del-80\/","og_site_name":"CVI NOTICIAS","article_publisher":"https:\/\/www.facebook.com\/cvinoticias","article_published_time":"2021-10-09T03:05:02+00:00","og_image":[{"width":816,"height":500,"url":"https:\/\/cvinoticias.com\/wp-content\/uploads\/2021\/10\/cataratas-iguazu-4-39h72hnuo7lg-3f0grtih7j60.jpg","type":"image\/jpeg"}],"author":"f1000024","twitter_card":"summary_large_image","twitter_misc":{"Escrito por":"f1000024","Tiempo de lectura":"4 minutos"},"schema":{"@context":"https:\/\/schema.org","@graph":[{"@type":"Article","@id":"https:\/\/cvinoticias.com\/v3\/arranco-el-fin-de-semana-extra-largo-y-hay-una-ocupacion-hotelera-del-80\/#article","isPartOf":{"@id":"https:\/\/cvinoticias.com\/v3\/arranco-el-fin-de-semana-extra-largo-y-hay-una-ocupacion-hotelera-del-80\/"},"author":{"name":"f1000024","@id":"https:\/\/cvinoticias.com\/v3\/#\/schema\/person\/2db77e3c6bc03c538495d7b2b8be9b66"},"headline":"Arranc\u00f3 el fin de semana extra largo y hay una ocupaci\u00f3n hotelera del 80%","datePublished":"2021-10-09T03:05:02+00:00","mainEntityOfPage":{"@id":"https:\/\/cvinoticias.com\/v3\/arranco-el-fin-de-semana-extra-largo-y-hay-una-ocupacion-hotelera-del-80\/"},"wordCount":811,"commentCount":0,"publisher":{"@id":"https:\/\/cvinoticias.com\/v3\/#organization"},"image":{"@id":"https:\/\/cvinoticias.com\/v3\/arranco-el-fin-de-semana-extra-largo-y-hay-una-ocupacion-hotelera-del-80\/#primaryimage"},"thumbnailUrl":"https:\/\/cvinoticias.com\/wp-content\/uploads\/2021\/10\/cataratas-iguazu-4-39h72hnuo7lg-3f0grtih7j60.jpg","articleSection":["Turismo"],"inLanguage":"es","potentialAction":[{"@type":"CommentAction","name":"Comment","target":["https:\/\/cvinoticias.com\/v3\/arranco-el-fin-de-semana-extra-largo-y-hay-una-ocupacion-hotelera-del-80\/#respond"]}]},{"@type":"WebPage","@id":"https:\/\/cvinoticias.com\/v3\/arranco-el-fin-de-semana-extra-largo-y-hay-una-ocupacion-hotelera-del-80\/","url":"https:\/\/cvinoticias.com\/v3\/arranco-el-fin-de-semana-extra-largo-y-hay-una-ocupacion-hotelera-del-80\/","name":"Arranc\u00f3 el fin de semana extra largo y hay una ocupaci\u00f3n hotelera del 80% | CVI NOTICIAS","isPartOf":{"@id":"https:\/\/cvinoticias.com\/v3\/#website"},"primaryImageOfPage":{"@id":"https:\/\/cvinoticias.com\/v3\/arranco-el-fin-de-semana-extra-largo-y-hay-una-ocupacion-hotelera-del-80\/#primaryimage"},"image":{"@id":"https:\/\/cvinoticias.com\/v3\/arranco-el-fin-de-semana-extra-largo-y-hay-una-ocupacion-hotelera-del-80\/#primaryimage"},"thumbnailUrl":"https:\/\/cvinoticias.com\/wp-content\/uploads\/2021\/10\/cataratas-iguazu-4-39h72hnuo7lg-3f0grtih7j60.jpg","datePublished":"2021-10-09T03:05:02+00:00","breadcrumb":{"@id":"https:\/\/cvinoticias.com\/v3\/arranco-el-fin-de-semana-extra-largo-y-hay-una-ocupacion-hotelera-del-80\/#breadcrumb"},"inLanguage":"es","potentialAction":[{"@type":"ReadAction","target":["https:\/\/cvinoticias.com\/v3\/arranco-el-fin-de-semana-extra-largo-y-hay-una-ocupacion-hotelera-del-80\/"]}]},{"@type":"ImageObject","inLanguage":"es","@id":"https:\/\/cvinoticias.com\/v3\/arranco-el-fin-de-semana-extra-largo-y-hay-una-ocupacion-hotelera-del-80\/#primaryimage","url":"https:\/\/cvinoticias.com\/wp-content\/uploads\/2021\/10\/cataratas-iguazu-4-39h72hnuo7lg-3f0grtih7j60.jpg","contentUrl":"https:\/\/cvinoticias.com\/wp-content\/uploads\/2021\/10\/cataratas-iguazu-4-39h72hnuo7lg-3f0grtih7j60.jpg","width":816,"height":500},{"@type":"BreadcrumbList","@id":"https:\/\/cvinoticias.com\/v3\/arranco-el-fin-de-semana-extra-largo-y-hay-una-ocupacion-hotelera-del-80\/#breadcrumb","itemListElement":[{"@type":"ListItem","position":1,"name":"Portada","item":"https:\/\/cvinoticias.com\/v3\/"},{"@type":"ListItem","position":2,"name":"Arranc\u00f3 el fin de semana extra largo y hay una ocupaci\u00f3n hotelera del 80%"}]},{"@type":"WebSite","@id":"https:\/\/cvinoticias.com\/v3\/#website","url":"https:\/\/cvinoticias.com\/v3\/","name":"CVI NOTICIAS","description":"","publisher":{"@id":"https:\/\/cvinoticias.com\/v3\/#organization"},"alternateName":"CVI","potentialAction":[{"@type":"SearchAction","target":{"@type":"EntryPoint","urlTemplate":"https:\/\/cvinoticias.com\/v3\/?s={search_term_string}"},"query-input":{"@type":"PropertyValueSpecification","valueRequired":true,"valueName":"search_term_string"}}],"inLanguage":"es"},{"@type":"Organization","@id":"https:\/\/cvinoticias.com\/v3\/#organization","name":"CVI NOTICIAS","url":"https:\/\/cvinoticias.com\/v3\/","logo":{"@type":"ImageObject","inLanguage":"es","@id":"https:\/\/cvinoticias.com\/v3\/#\/schema\/logo\/image\/","url":"https:\/\/cvinoticias.com\/wp-content\/uploads\/2023\/04\/cropped-cropped-cropped-cropped-cropped-3-1.png","contentUrl":"https:\/\/cvinoticias.com\/wp-content\/uploads\/2023\/04\/cropped-cropped-cropped-cropped-cropped-3-1.png","width":95,"height":122,"caption":"CVI NOTICIAS"},"image":{"@id":"https:\/\/cvinoticias.com\/v3\/#\/schema\/logo\/image\/"},"sameAs":["https:\/\/www.facebook.com\/cvinoticias","https:\/\/www.instagram.com\/cvinoticias\/","https:\/\/www.youtube.com\/@CVINOTICIAS"]},{"@type":"Person","@id":"https:\/\/cvinoticias.com\/v3\/#\/schema\/person\/2db77e3c6bc03c538495d7b2b8be9b66","name":"f1000024","image":{"@type":"ImageObject","inLanguage":"es","@id":"https:\/\/secure.gravatar.com\/avatar\/d4fe7459cfc51ff5129ce1a732bbef5928568b8092d412ef95611616376bbeed?s=96&d=mm&r=g","url":"https:\/\/secure.gravatar.com\/avatar\/d4fe7459cfc51ff5129ce1a732bbef5928568b8092d412ef95611616376bbeed?s=96&d=mm&r=g","contentUrl":"https:\/\/secure.gravatar.com\/avatar\/d4fe7459cfc51ff5129ce1a732bbef5928568b8092d412ef95611616376bbeed?s=96&d=mm&r=g","caption":"f1000024"},"url":"https:\/\/cvinoticias.com\/v3\/author\/f1000024\/"}]}},"_links":{"self":[{"href":"https:\/\/cvinoticias.com\/v3\/wp-json\/wp\/v2\/posts\/9330","targetHints":{"allow":["GET"]}}],"collection":[{"href":"https:\/\/cvinoticias.com\/v3\/wp-json\/wp\/v2\/posts"}],"about":[{"href":"https:\/\/cvinoticias.com\/v3\/wp-json\/wp\/v2\/types\/post"}],"author":[{"embeddable":true,"href":"https:\/\/cvinoticias.com\/v3\/wp-json\/wp\/v2\/users\/2"}],"replies":[{"embeddable":true,"href":"https:\/\/cvinoticias.com\/v3\/wp-json\/wp\/v2\/comments?post=9330"}],"version-history":[{"count":1,"href":"https:\/\/cvinoticias.com\/v3\/wp-json\/wp\/v2\/posts\/9330\/revisions"}],"predecessor-version":[{"id":9332,"href":"https:\/\/cvinoticias.com\/v3\/wp-json\/wp\/v2\/posts\/9330\/revisions\/9332"}],"wp:featuredmedia":[{"embeddable":true,"href":"https:\/\/cvinoticias.com\/v3\/wp-json\/wp\/v2\/media\/9331"}],"wp:attachment":[{"href":"https:\/\/cvinoticias.com\/v3\/wp-json\/wp\/v2\/media?parent=9330"}],"wp:term":[{"taxonomy":"category","embeddable":true,"href":"https:\/\/cvinoticias.com\/v3\/wp-json\/wp\/v2\/categories?post=9330"},{"taxonomy":"post_tag","embeddable":true,"href":"https:\/\/cvinoticias.com\/v3\/wp-json\/wp\/v2\/tags?post=9330"}],"curies":[{"name":"wp","href":"https:\/\/api.w.org\/{rel}","templated":true}]}}