{"id":9326,"date":"2021-10-09T02:19:29","date_gmt":"2021-10-09T02:19:29","guid":{"rendered":"https:\/\/cvinoticias.com\/v3\/?p=9326"},"modified":"2021-10-09T02:19:29","modified_gmt":"2021-10-09T02:19:29","slug":"por-la-salud-de-esteban-bullrich-convocan-a-una-oracion-conjunta-y-a-una-peregrinacion-a-pie","status":"publish","type":"post","link":"https:\/\/cvinoticias.com\/v3\/por-la-salud-de-esteban-bullrich-convocan-a-una-oracion-conjunta-y-a-una-peregrinacion-a-pie\/","title":{"rendered":"Por la salud de Esteban Bullrich: convocan a una oraci\u00f3n conjunta y a una peregrinaci\u00f3n a pie"},"content":{"rendered":"\n<p><strong><em>Un grupo de personas realiza la invitaci\u00f3n desde las redes sociales para ir a la Virgen del Cerro en Salta; tambi\u00e9n pedir\u00e1n por quienes en el mundo sufren enfermedades como la del legislador, que fue diagnosticado con esclerosis lateral amiotr\u00f3fica<\/em><\/strong>.<\/p>\n\n\n\n<p>Un grupo de personas ha organizado una convocatoria para realizar una oraci\u00f3n conjunta y una peregrinaci\u00f3n a pie al Santuario de la Inmaculada Madre del Divino Coraz\u00f3n Eucar\u00edstico de Jes\u00fas, m\u00e1s conocida como Virgen del Cerro, en Salta, para pedir por la salud de Esteban Bullrich que padece ELA (Esclerosis Lateral amiotr\u00f3fica).<\/p>\n\n\n\n<figure class=\"wp-block-image size-large\"><a href=\"https:\/\/cvinoticias.com\/wp-content\/uploads\/2021\/10\/Screenshot_20211008-231827_Chrome.jpg\"><img decoding=\"async\" width=\"775\" height=\"1024\" data-src=\"https:\/\/cvinoticias.com\/wp-content\/uploads\/2021\/10\/Screenshot_20211008-231827_Chrome-775x1024.jpg\" alt=\"\" class=\"wp-image-9328 lazyload\" data-srcset=\"https:\/\/cvinoticias.com\/wp-content\/uploads\/2021\/10\/Screenshot_20211008-231827_Chrome-775x1024.jpg 775w, https:\/\/cvinoticias.com\/wp-content\/uploads\/2021\/10\/Screenshot_20211008-231827_Chrome-227x300.jpg 227w, https:\/\/cvinoticias.com\/wp-content\/uploads\/2021\/10\/Screenshot_20211008-231827_Chrome-768x1014.jpg 768w, https:\/\/cvinoticias.com\/wp-content\/uploads\/2021\/10\/Screenshot_20211008-231827_Chrome.jpg 964w\" data-sizes=\"(max-width: 775px) 100vw, 775px\" src=\"data:image\/svg+xml;base64,PHN2ZyB3aWR0aD0iMSIgaGVpZ2h0PSIxIiB4bWxucz0iaHR0cDovL3d3dy53My5vcmcvMjAwMC9zdmciPjwvc3ZnPg==\" style=\"--smush-placeholder-width: 775px; --smush-placeholder-aspect-ratio: 775\/1024;\" \/><\/a><\/figure>\n\n\n\n<p>Los organizadores de la peregrinaci\u00f3n, que tendr\u00e1 lugar el viernes 29 y el s\u00e1bado 30 de octubre, desde un comunicado informaron que ya son cientos quienes se han sumado a esta \u201ccruzada\u201d y que el objetivo es que \u201cmiles de personas en todo el mundo se sumen con su oraci\u00f3n para pedir por una gracia especial para Esteban\u201d.<\/p>\n\n\n\n<p>Bullrich, de 52 a\u00f1os, casado y 5 hijos, en abril pasado fue diagnosticado con ELA, una enfermedad neurodegenerativa que afecta a las neuronas motoras que son las que se encargan de controlar los m\u00fasculos del cuerpo, reduciendo considerablemente en la mayor\u00eda de los casos, la expectativa de vida.<\/p>\n\n\n\n<p>Si bien la idea de la oraci\u00f3n y la peregrinaci\u00f3n nace desde un grupo de cat\u00f3licos, ellos piden que las personas de todas las religiones se unan en oraci\u00f3n para pedir a Dios por Esteban y por todas aquellas personas en el mundo que est\u00e1n sufriendo alg\u00fan tipo de enfermedad.<\/p>\n\n\n\n<p>\u201cEl pueblo argentino es muy creyente y este grupo que se junt\u00f3 espont\u00e1neamente, tiene mucha fe que la oraci\u00f3n comunitaria es algo muy poderoso y que mueve monta\u00f1as\u201d, dijeron.<\/p>\n\n\n\n<p>Por otra parte, se inform\u00f3 que habr\u00e1 \u201cun grupo \u00edntimo, de familiares y amigos, que arrancar\u00e1 desde Jujuy haciendo el camino a Salta que comenzar\u00e1 el mi\u00e9rcoles 27 de octubre\u201d. Adem\u00e1s, se detall\u00f3 que \u201clos \u00faltimos dos d\u00edas (el 29 y el 30) podr\u00e1n sumarse todos los peregrinos que quieran\u201d.<\/p>\n\n\n\n<p>La peregrinaci\u00f3n al Santuario de la Virgen del Cerro en Salta es algo que hacen muchos creyentes ya que, seg\u00fan afirman, all\u00ed hay apariciones de la Virgen Mar\u00eda desde 1990.<\/p>\n\n\n\n<p>Para los interesados que quieran sumarse:<br>Instagram: @caminoalavirgenxesteban<\/p>\n\n\n\n<p>Correo: caminoalavirgenxesteban@gmail.com<\/p>\n","protected":false},"excerpt":{"rendered":"<p>Un grupo de personas realiza la invitaci\u00f3n desde las redes sociales para ir a la Virgen del Cerro en Salta; tambi\u00e9n pedir\u00e1n por quienes en el mundo sufren enfermedades como la del legislador, que fue diagnosticado con esclerosis lateral amiotr\u00f3fica. Un grupo de personas ha organizado una convocatoria para realizar una oraci\u00f3n conjunta y una [&hellip;]<\/p>\n","protected":false},"author":2,"featured_media":9327,"comment_status":"open","ping_status":"open","sticky":false,"template":"","format":"standard","meta":{"footnotes":""},"categories":[39],"tags":[],"class_list":["post-9326","post","type-post","status-publish","format-standard","has-post-thumbnail","hentry","category-nacionales"],"yoast_head":"<!-- This site is optimized with the Yoast SEO plugin v27.5 - https:\/\/yoast.com\/product\/yoast-seo-wordpress\/ -->\n<title>Por la salud de Esteban Bullrich: convocan a una oraci\u00f3n conjunta y a una peregrinaci\u00f3n a pie | CVI NOTICIAS<\/title>\n<meta name=\"robots\" content=\"index, follow, max-snippet:-1, max-image-preview:large, max-video-preview:-1\" \/>\n<link rel=\"canonical\" href=\"https:\/\/cvinoticias.com\/v3\/por-la-salud-de-esteban-bullrich-convocan-a-una-oracion-conjunta-y-a-una-peregrinacion-a-pie\/\" \/>\n<meta property=\"og:locale\" content=\"es_ES\" \/>\n<meta property=\"og:type\" content=\"article\" \/>\n<meta property=\"og:title\" content=\"Por la salud de Esteban Bullrich: convocan a una oraci\u00f3n conjunta y a una peregrinaci\u00f3n a pie | CVI NOTICIAS\" \/>\n<meta property=\"og:description\" content=\"Un grupo de personas realiza la invitaci\u00f3n desde las redes sociales para ir a la Virgen del Cerro en Salta; tambi\u00e9n pedir\u00e1n por quienes en el mundo sufren enfermedades como la del legislador, que fue diagnosticado con esclerosis lateral amiotr\u00f3fica. Un grupo de personas ha organizado una convocatoria para realizar una oraci\u00f3n conjunta y una [&hellip;]\" \/>\n<meta property=\"og:url\" content=\"https:\/\/cvinoticias.com\/v3\/por-la-salud-de-esteban-bullrich-convocan-a-una-oracion-conjunta-y-a-una-peregrinacion-a-pie\/\" \/>\n<meta property=\"og:site_name\" content=\"CVI NOTICIAS\" \/>\n<meta property=\"article:publisher\" content=\"https:\/\/www.facebook.com\/cvinoticias\" \/>\n<meta property=\"article:published_time\" content=\"2021-10-09T02:19:29+00:00\" \/>\n<meta property=\"og:image\" content=\"https:\/\/cvinoticias.com\/wp-content\/uploads\/2021\/10\/Screenshot_20211008-231042_Instagram.jpg\" \/>\n\t<meta property=\"og:image:width\" content=\"1078\" \/>\n\t<meta property=\"og:image:height\" content=\"1082\" \/>\n\t<meta property=\"og:image:type\" content=\"image\/jpeg\" \/>\n<meta name=\"author\" content=\"f1000024\" \/>\n<meta name=\"twitter:card\" content=\"summary_large_image\" \/>\n<meta name=\"twitter:label1\" content=\"Escrito por\" \/>\n\t<meta name=\"twitter:data1\" content=\"f1000024\" \/>\n\t<meta name=\"twitter:label2\" content=\"Tiempo de lectura\" \/>\n\t<meta name=\"twitter:data2\" content=\"2 minutos\" \/>\n<script type=\"application\/ld+json\" class=\"yoast-schema-graph\">{\"@context\":\"https:\\\/\\\/schema.org\",\"@graph\":[{\"@type\":\"Article\",\"@id\":\"https:\\\/\\\/cvinoticias.com\\\/v3\\\/por-la-salud-de-esteban-bullrich-convocan-a-una-oracion-conjunta-y-a-una-peregrinacion-a-pie\\\/#article\",\"isPartOf\":{\"@id\":\"https:\\\/\\\/cvinoticias.com\\\/v3\\\/por-la-salud-de-esteban-bullrich-convocan-a-una-oracion-conjunta-y-a-una-peregrinacion-a-pie\\\/\"},\"author\":{\"name\":\"f1000024\",\"@id\":\"https:\\\/\\\/cvinoticias.com\\\/v3\\\/#\\\/schema\\\/person\\\/2db77e3c6bc03c538495d7b2b8be9b66\"},\"headline\":\"Por la salud de Esteban Bullrich: convocan a una oraci\u00f3n conjunta y a una peregrinaci\u00f3n a pie\",\"datePublished\":\"2021-10-09T02:19:29+00:00\",\"mainEntityOfPage\":{\"@id\":\"https:\\\/\\\/cvinoticias.com\\\/v3\\\/por-la-salud-de-esteban-bullrich-convocan-a-una-oracion-conjunta-y-a-una-peregrinacion-a-pie\\\/\"},\"wordCount\":413,\"commentCount\":0,\"publisher\":{\"@id\":\"https:\\\/\\\/cvinoticias.com\\\/v3\\\/#organization\"},\"image\":{\"@id\":\"https:\\\/\\\/cvinoticias.com\\\/v3\\\/por-la-salud-de-esteban-bullrich-convocan-a-una-oracion-conjunta-y-a-una-peregrinacion-a-pie\\\/#primaryimage\"},\"thumbnailUrl\":\"https:\\\/\\\/cvinoticias.com\\\/wp-content\\\/uploads\\\/2021\\\/10\\\/Screenshot_20211008-231042_Instagram.jpg\",\"articleSection\":[\"Nacionales\"],\"inLanguage\":\"es\",\"potentialAction\":[{\"@type\":\"CommentAction\",\"name\":\"Comment\",\"target\":[\"https:\\\/\\\/cvinoticias.com\\\/v3\\\/por-la-salud-de-esteban-bullrich-convocan-a-una-oracion-conjunta-y-a-una-peregrinacion-a-pie\\\/#respond\"]}]},{\"@type\":\"WebPage\",\"@id\":\"https:\\\/\\\/cvinoticias.com\\\/v3\\\/por-la-salud-de-esteban-bullrich-convocan-a-una-oracion-conjunta-y-a-una-peregrinacion-a-pie\\\/\",\"url\":\"https:\\\/\\\/cvinoticias.com\\\/v3\\\/por-la-salud-de-esteban-bullrich-convocan-a-una-oracion-conjunta-y-a-una-peregrinacion-a-pie\\\/\",\"name\":\"Por la salud de Esteban Bullrich: convocan a una oraci\u00f3n conjunta y a una peregrinaci\u00f3n a pie | CVI NOTICIAS\",\"isPartOf\":{\"@id\":\"https:\\\/\\\/cvinoticias.com\\\/v3\\\/#website\"},\"primaryImageOfPage\":{\"@id\":\"https:\\\/\\\/cvinoticias.com\\\/v3\\\/por-la-salud-de-esteban-bullrich-convocan-a-una-oracion-conjunta-y-a-una-peregrinacion-a-pie\\\/#primaryimage\"},\"image\":{\"@id\":\"https:\\\/\\\/cvinoticias.com\\\/v3\\\/por-la-salud-de-esteban-bullrich-convocan-a-una-oracion-conjunta-y-a-una-peregrinacion-a-pie\\\/#primaryimage\"},\"thumbnailUrl\":\"https:\\\/\\\/cvinoticias.com\\\/wp-content\\\/uploads\\\/2021\\\/10\\\/Screenshot_20211008-231042_Instagram.jpg\",\"datePublished\":\"2021-10-09T02:19:29+00:00\",\"breadcrumb\":{\"@id\":\"https:\\\/\\\/cvinoticias.com\\\/v3\\\/por-la-salud-de-esteban-bullrich-convocan-a-una-oracion-conjunta-y-a-una-peregrinacion-a-pie\\\/#breadcrumb\"},\"inLanguage\":\"es\",\"potentialAction\":[{\"@type\":\"ReadAction\",\"target\":[\"https:\\\/\\\/cvinoticias.com\\\/v3\\\/por-la-salud-de-esteban-bullrich-convocan-a-una-oracion-conjunta-y-a-una-peregrinacion-a-pie\\\/\"]}]},{\"@type\":\"ImageObject\",\"inLanguage\":\"es\",\"@id\":\"https:\\\/\\\/cvinoticias.com\\\/v3\\\/por-la-salud-de-esteban-bullrich-convocan-a-una-oracion-conjunta-y-a-una-peregrinacion-a-pie\\\/#primaryimage\",\"url\":\"https:\\\/\\\/cvinoticias.com\\\/wp-content\\\/uploads\\\/2021\\\/10\\\/Screenshot_20211008-231042_Instagram.jpg\",\"contentUrl\":\"https:\\\/\\\/cvinoticias.com\\\/wp-content\\\/uploads\\\/2021\\\/10\\\/Screenshot_20211008-231042_Instagram.jpg\",\"width\":1078,\"height\":1082},{\"@type\":\"BreadcrumbList\",\"@id\":\"https:\\\/\\\/cvinoticias.com\\\/v3\\\/por-la-salud-de-esteban-bullrich-convocan-a-una-oracion-conjunta-y-a-una-peregrinacion-a-pie\\\/#breadcrumb\",\"itemListElement\":[{\"@type\":\"ListItem\",\"position\":1,\"name\":\"Portada\",\"item\":\"https:\\\/\\\/cvinoticias.com\\\/v3\\\/\"},{\"@type\":\"ListItem\",\"position\":2,\"name\":\"Por la salud de Esteban Bullrich: convocan a una oraci\u00f3n conjunta y a una peregrinaci\u00f3n a pie\"}]},{\"@type\":\"WebSite\",\"@id\":\"https:\\\/\\\/cvinoticias.com\\\/v3\\\/#website\",\"url\":\"https:\\\/\\\/cvinoticias.com\\\/v3\\\/\",\"name\":\"CVI NOTICIAS\",\"description\":\"\",\"publisher\":{\"@id\":\"https:\\\/\\\/cvinoticias.com\\\/v3\\\/#organization\"},\"alternateName\":\"CVI\",\"potentialAction\":[{\"@type\":\"SearchAction\",\"target\":{\"@type\":\"EntryPoint\",\"urlTemplate\":\"https:\\\/\\\/cvinoticias.com\\\/v3\\\/?s={search_term_string}\"},\"query-input\":{\"@type\":\"PropertyValueSpecification\",\"valueRequired\":true,\"valueName\":\"search_term_string\"}}],\"inLanguage\":\"es\"},{\"@type\":\"Organization\",\"@id\":\"https:\\\/\\\/cvinoticias.com\\\/v3\\\/#organization\",\"name\":\"CVI NOTICIAS\",\"url\":\"https:\\\/\\\/cvinoticias.com\\\/v3\\\/\",\"logo\":{\"@type\":\"ImageObject\",\"inLanguage\":\"es\",\"@id\":\"https:\\\/\\\/cvinoticias.com\\\/v3\\\/#\\\/schema\\\/logo\\\/image\\\/\",\"url\":\"https:\\\/\\\/cvinoticias.com\\\/wp-content\\\/uploads\\\/2023\\\/04\\\/cropped-cropped-cropped-cropped-cropped-3-1.png\",\"contentUrl\":\"https:\\\/\\\/cvinoticias.com\\\/wp-content\\\/uploads\\\/2023\\\/04\\\/cropped-cropped-cropped-cropped-cropped-3-1.png\",\"width\":95,\"height\":122,\"caption\":\"CVI NOTICIAS\"},\"image\":{\"@id\":\"https:\\\/\\\/cvinoticias.com\\\/v3\\\/#\\\/schema\\\/logo\\\/image\\\/\"},\"sameAs\":[\"https:\\\/\\\/www.facebook.com\\\/cvinoticias\",\"https:\\\/\\\/www.instagram.com\\\/cvinoticias\\\/\",\"https:\\\/\\\/www.youtube.com\\\/@CVINOTICIAS\"]},{\"@type\":\"Person\",\"@id\":\"https:\\\/\\\/cvinoticias.com\\\/v3\\\/#\\\/schema\\\/person\\\/2db77e3c6bc03c538495d7b2b8be9b66\",\"name\":\"f1000024\",\"image\":{\"@type\":\"ImageObject\",\"inLanguage\":\"es\",\"@id\":\"https:\\\/\\\/secure.gravatar.com\\\/avatar\\\/d4fe7459cfc51ff5129ce1a732bbef5928568b8092d412ef95611616376bbeed?s=96&d=mm&r=g\",\"url\":\"https:\\\/\\\/secure.gravatar.com\\\/avatar\\\/d4fe7459cfc51ff5129ce1a732bbef5928568b8092d412ef95611616376bbeed?s=96&d=mm&r=g\",\"contentUrl\":\"https:\\\/\\\/secure.gravatar.com\\\/avatar\\\/d4fe7459cfc51ff5129ce1a732bbef5928568b8092d412ef95611616376bbeed?s=96&d=mm&r=g\",\"caption\":\"f1000024\"},\"url\":\"https:\\\/\\\/cvinoticias.com\\\/v3\\\/author\\\/f1000024\\\/\"}]}<\/script>\n<!-- \/ Yoast SEO plugin. -->","yoast_head_json":{"title":"Por la salud de Esteban Bullrich: convocan a una oraci\u00f3n conjunta y a una peregrinaci\u00f3n a pie | CVI NOTICIAS","robots":{"index":"index","follow":"follow","max-snippet":"max-snippet:-1","max-image-preview":"max-image-preview:large","max-video-preview":"max-video-preview:-1"},"canonical":"https:\/\/cvinoticias.com\/v3\/por-la-salud-de-esteban-bullrich-convocan-a-una-oracion-conjunta-y-a-una-peregrinacion-a-pie\/","og_locale":"es_ES","og_type":"article","og_title":"Por la salud de Esteban Bullrich: convocan a una oraci\u00f3n conjunta y a una peregrinaci\u00f3n a pie | CVI NOTICIAS","og_description":"Un grupo de personas realiza la invitaci\u00f3n desde las redes sociales para ir a la Virgen del Cerro en Salta; tambi\u00e9n pedir\u00e1n por quienes en el mundo sufren enfermedades como la del legislador, que fue diagnosticado con esclerosis lateral amiotr\u00f3fica. Un grupo de personas ha organizado una convocatoria para realizar una oraci\u00f3n conjunta y una [&hellip;]","og_url":"https:\/\/cvinoticias.com\/v3\/por-la-salud-de-esteban-bullrich-convocan-a-una-oracion-conjunta-y-a-una-peregrinacion-a-pie\/","og_site_name":"CVI NOTICIAS","article_publisher":"https:\/\/www.facebook.com\/cvinoticias","article_published_time":"2021-10-09T02:19:29+00:00","og_image":[{"width":1078,"height":1082,"url":"https:\/\/cvinoticias.com\/wp-content\/uploads\/2021\/10\/Screenshot_20211008-231042_Instagram.jpg","type":"image\/jpeg"}],"author":"f1000024","twitter_card":"summary_large_image","twitter_misc":{"Escrito por":"f1000024","Tiempo de lectura":"2 minutos"},"schema":{"@context":"https:\/\/schema.org","@graph":[{"@type":"Article","@id":"https:\/\/cvinoticias.com\/v3\/por-la-salud-de-esteban-bullrich-convocan-a-una-oracion-conjunta-y-a-una-peregrinacion-a-pie\/#article","isPartOf":{"@id":"https:\/\/cvinoticias.com\/v3\/por-la-salud-de-esteban-bullrich-convocan-a-una-oracion-conjunta-y-a-una-peregrinacion-a-pie\/"},"author":{"name":"f1000024","@id":"https:\/\/cvinoticias.com\/v3\/#\/schema\/person\/2db77e3c6bc03c538495d7b2b8be9b66"},"headline":"Por la salud de Esteban Bullrich: convocan a una oraci\u00f3n conjunta y a una peregrinaci\u00f3n a pie","datePublished":"2021-10-09T02:19:29+00:00","mainEntityOfPage":{"@id":"https:\/\/cvinoticias.com\/v3\/por-la-salud-de-esteban-bullrich-convocan-a-una-oracion-conjunta-y-a-una-peregrinacion-a-pie\/"},"wordCount":413,"commentCount":0,"publisher":{"@id":"https:\/\/cvinoticias.com\/v3\/#organization"},"image":{"@id":"https:\/\/cvinoticias.com\/v3\/por-la-salud-de-esteban-bullrich-convocan-a-una-oracion-conjunta-y-a-una-peregrinacion-a-pie\/#primaryimage"},"thumbnailUrl":"https:\/\/cvinoticias.com\/wp-content\/uploads\/2021\/10\/Screenshot_20211008-231042_Instagram.jpg","articleSection":["Nacionales"],"inLanguage":"es","potentialAction":[{"@type":"CommentAction","name":"Comment","target":["https:\/\/cvinoticias.com\/v3\/por-la-salud-de-esteban-bullrich-convocan-a-una-oracion-conjunta-y-a-una-peregrinacion-a-pie\/#respond"]}]},{"@type":"WebPage","@id":"https:\/\/cvinoticias.com\/v3\/por-la-salud-de-esteban-bullrich-convocan-a-una-oracion-conjunta-y-a-una-peregrinacion-a-pie\/","url":"https:\/\/cvinoticias.com\/v3\/por-la-salud-de-esteban-bullrich-convocan-a-una-oracion-conjunta-y-a-una-peregrinacion-a-pie\/","name":"Por la salud de Esteban Bullrich: convocan a una oraci\u00f3n conjunta y a una peregrinaci\u00f3n a pie | CVI NOTICIAS","isPartOf":{"@id":"https:\/\/cvinoticias.com\/v3\/#website"},"primaryImageOfPage":{"@id":"https:\/\/cvinoticias.com\/v3\/por-la-salud-de-esteban-bullrich-convocan-a-una-oracion-conjunta-y-a-una-peregrinacion-a-pie\/#primaryimage"},"image":{"@id":"https:\/\/cvinoticias.com\/v3\/por-la-salud-de-esteban-bullrich-convocan-a-una-oracion-conjunta-y-a-una-peregrinacion-a-pie\/#primaryimage"},"thumbnailUrl":"https:\/\/cvinoticias.com\/wp-content\/uploads\/2021\/10\/Screenshot_20211008-231042_Instagram.jpg","datePublished":"2021-10-09T02:19:29+00:00","breadcrumb":{"@id":"https:\/\/cvinoticias.com\/v3\/por-la-salud-de-esteban-bullrich-convocan-a-una-oracion-conjunta-y-a-una-peregrinacion-a-pie\/#breadcrumb"},"inLanguage":"es","potentialAction":[{"@type":"ReadAction","target":["https:\/\/cvinoticias.com\/v3\/por-la-salud-de-esteban-bullrich-convocan-a-una-oracion-conjunta-y-a-una-peregrinacion-a-pie\/"]}]},{"@type":"ImageObject","inLanguage":"es","@id":"https:\/\/cvinoticias.com\/v3\/por-la-salud-de-esteban-bullrich-convocan-a-una-oracion-conjunta-y-a-una-peregrinacion-a-pie\/#primaryimage","url":"https:\/\/cvinoticias.com\/wp-content\/uploads\/2021\/10\/Screenshot_20211008-231042_Instagram.jpg","contentUrl":"https:\/\/cvinoticias.com\/wp-content\/uploads\/2021\/10\/Screenshot_20211008-231042_Instagram.jpg","width":1078,"height":1082},{"@type":"BreadcrumbList","@id":"https:\/\/cvinoticias.com\/v3\/por-la-salud-de-esteban-bullrich-convocan-a-una-oracion-conjunta-y-a-una-peregrinacion-a-pie\/#breadcrumb","itemListElement":[{"@type":"ListItem","position":1,"name":"Portada","item":"https:\/\/cvinoticias.com\/v3\/"},{"@type":"ListItem","position":2,"name":"Por la salud de Esteban Bullrich: convocan a una oraci\u00f3n conjunta y a una peregrinaci\u00f3n a pie"}]},{"@type":"WebSite","@id":"https:\/\/cvinoticias.com\/v3\/#website","url":"https:\/\/cvinoticias.com\/v3\/","name":"CVI NOTICIAS","description":"","publisher":{"@id":"https:\/\/cvinoticias.com\/v3\/#organization"},"alternateName":"CVI","potentialAction":[{"@type":"SearchAction","target":{"@type":"EntryPoint","urlTemplate":"https:\/\/cvinoticias.com\/v3\/?s={search_term_string}"},"query-input":{"@type":"PropertyValueSpecification","valueRequired":true,"valueName":"search_term_string"}}],"inLanguage":"es"},{"@type":"Organization","@id":"https:\/\/cvinoticias.com\/v3\/#organization","name":"CVI NOTICIAS","url":"https:\/\/cvinoticias.com\/v3\/","logo":{"@type":"ImageObject","inLanguage":"es","@id":"https:\/\/cvinoticias.com\/v3\/#\/schema\/logo\/image\/","url":"https:\/\/cvinoticias.com\/wp-content\/uploads\/2023\/04\/cropped-cropped-cropped-cropped-cropped-3-1.png","contentUrl":"https:\/\/cvinoticias.com\/wp-content\/uploads\/2023\/04\/cropped-cropped-cropped-cropped-cropped-3-1.png","width":95,"height":122,"caption":"CVI NOTICIAS"},"image":{"@id":"https:\/\/cvinoticias.com\/v3\/#\/schema\/logo\/image\/"},"sameAs":["https:\/\/www.facebook.com\/cvinoticias","https:\/\/www.instagram.com\/cvinoticias\/","https:\/\/www.youtube.com\/@CVINOTICIAS"]},{"@type":"Person","@id":"https:\/\/cvinoticias.com\/v3\/#\/schema\/person\/2db77e3c6bc03c538495d7b2b8be9b66","name":"f1000024","image":{"@type":"ImageObject","inLanguage":"es","@id":"https:\/\/secure.gravatar.com\/avatar\/d4fe7459cfc51ff5129ce1a732bbef5928568b8092d412ef95611616376bbeed?s=96&d=mm&r=g","url":"https:\/\/secure.gravatar.com\/avatar\/d4fe7459cfc51ff5129ce1a732bbef5928568b8092d412ef95611616376bbeed?s=96&d=mm&r=g","contentUrl":"https:\/\/secure.gravatar.com\/avatar\/d4fe7459cfc51ff5129ce1a732bbef5928568b8092d412ef95611616376bbeed?s=96&d=mm&r=g","caption":"f1000024"},"url":"https:\/\/cvinoticias.com\/v3\/author\/f1000024\/"}]}},"_links":{"self":[{"href":"https:\/\/cvinoticias.com\/v3\/wp-json\/wp\/v2\/posts\/9326","targetHints":{"allow":["GET"]}}],"collection":[{"href":"https:\/\/cvinoticias.com\/v3\/wp-json\/wp\/v2\/posts"}],"about":[{"href":"https:\/\/cvinoticias.com\/v3\/wp-json\/wp\/v2\/types\/post"}],"author":[{"embeddable":true,"href":"https:\/\/cvinoticias.com\/v3\/wp-json\/wp\/v2\/users\/2"}],"replies":[{"embeddable":true,"href":"https:\/\/cvinoticias.com\/v3\/wp-json\/wp\/v2\/comments?post=9326"}],"version-history":[{"count":1,"href":"https:\/\/cvinoticias.com\/v3\/wp-json\/wp\/v2\/posts\/9326\/revisions"}],"predecessor-version":[{"id":9329,"href":"https:\/\/cvinoticias.com\/v3\/wp-json\/wp\/v2\/posts\/9326\/revisions\/9329"}],"wp:featuredmedia":[{"embeddable":true,"href":"https:\/\/cvinoticias.com\/v3\/wp-json\/wp\/v2\/media\/9327"}],"wp:attachment":[{"href":"https:\/\/cvinoticias.com\/v3\/wp-json\/wp\/v2\/media?parent=9326"}],"wp:term":[{"taxonomy":"category","embeddable":true,"href":"https:\/\/cvinoticias.com\/v3\/wp-json\/wp\/v2\/categories?post=9326"},{"taxonomy":"post_tag","embeddable":true,"href":"https:\/\/cvinoticias.com\/v3\/wp-json\/wp\/v2\/tags?post=9326"}],"curies":[{"name":"wp","href":"https:\/\/api.w.org\/{rel}","templated":true}]}}