{"id":9246,"date":"2021-10-06T11:36:54","date_gmt":"2021-10-06T11:36:54","guid":{"rendered":"https:\/\/cvinoticias.com\/v3\/?p=9246"},"modified":"2021-10-06T11:36:54","modified_gmt":"2021-10-06T11:36:54","slug":"la-sociedad-argentina-de-pediatria-avalo-la-vacunacion-de-ninos-de-3-a-11-anos","status":"publish","type":"post","link":"https:\/\/cvinoticias.com\/v3\/la-sociedad-argentina-de-pediatria-avalo-la-vacunacion-de-ninos-de-3-a-11-anos\/","title":{"rendered":"La Sociedad Argentina de Pediatr\u00eda aval\u00f3 la vacunaci\u00f3n de ni\u00f1os de 3 a 11 a\u00f1os"},"content":{"rendered":"\n<p><strong>La Sociedad Argentina de Pediatr\u00eda reiter\u00f3 el apoyo a la vacunaci\u00f3n contra el covid-19 de ni\u00f1os de 3 a 11 a\u00f1os, luego de haber \u00abrecibido la informaci\u00f3n requerida que permitir\u00e1 de este modo comunicar la inmunizaci\u00f3n pedi\u00e1trica con m\u00e1s solidez cient\u00edfica\u00bb.\u00a0<\/strong><\/p>\n\n\n\n<p>En ese marco, la entidad inform\u00f3 que el lunes pasado tuvieron una reuni\u00f3n en la sede del Ministerio de Salud de la Naci\u00f3n con sus m\u00e1ximas autoridades, y con la presencia de las autoridades del Ministerio de Educaci\u00f3n de la Naci\u00f3n, y de la que participaron el Presidente de la SAP, Omar Tabacco, junto a \u00c1ngela Gentile, ex Presidente de la SAP, experta en vacunas e integrante del Comit\u00e9 de Infectolog\u00eda de la SAP, y Chalotte Russ, experta en vacunas, integrante del Comit\u00e9 de Infectolog\u00eda de la SAP y representante de la SAP ante la Comisi\u00f3n Nacional de Inmunizaciones (CONAIN).\u00a0<\/p>\n\n\n\n<p>\u00abReiteramos el apoyo de la Sociedad Argentina de Pediatr\u00eda a la vacunaci\u00f3n de ni\u00f1os de 3 a 11 a\u00f1os, iniciando la misma con los mismos grupos priorizados que hemos consensuado y publicado junto al MSN en oportunidad de la vacunaci\u00f3n de adolescentes de 12 a 17 a\u00f1os\u00bb, expres\u00f3 la SAP,\u00a0mediante un comunicado.<\/p>\n\n\n\n<p>La Sociedad Argentina de Pediatr\u00eda ha recibido la informaci\u00f3n requerida que permitir\u00e1 de este modo comunicar la vacunaci\u00f3n pedi\u00e1trica a nuestros socios con m\u00e1s solidez cient\u00edfica. Se ha explicitado claramente la trayectoria del trabajo que viene realizando la Anmat desde hace aproximadamente 60 d\u00edas, en colaboraci\u00f3n permanente con otras agencias regulatorias y que habida cuenta de los resultados observados hasta el momento en relaci\u00f3n a la seguridad e inmunogenicidad de Sinopharm en este grupo etario de 3 a 11 a\u00f1os, han permitido la autorizaci\u00f3n para su uso de emergencia en las condiciones epidemiol\u00f3gicas de la pandemia COVID-19.<\/p>\n\n\n\n<p>Refrendamos la estrategia de vacunaci\u00f3n planteada con eje central en las escuelas, de acuerdo a la organizaci\u00f3n dispuesta por las diferentes jurisdicciones de nuestro pa\u00eds.<\/p>\n","protected":false},"excerpt":{"rendered":"<p>La Sociedad Argentina de Pediatr\u00eda reiter\u00f3 el apoyo a la vacunaci\u00f3n contra el covid-19 de ni\u00f1os de 3 a 11 a\u00f1os, luego de haber \u00abrecibido la informaci\u00f3n requerida que permitir\u00e1 de este modo comunicar la inmunizaci\u00f3n pedi\u00e1trica con m\u00e1s solidez cient\u00edfica\u00bb.\u00a0 En ese marco, la entidad inform\u00f3 que el lunes pasado tuvieron una reuni\u00f3n en [&hellip;]<\/p>\n","protected":false},"author":2,"featured_media":9247,"comment_status":"open","ping_status":"open","sticky":false,"template":"","format":"standard","meta":{"footnotes":""},"categories":[23],"tags":[],"class_list":["post-9246","post","type-post","status-publish","format-standard","has-post-thumbnail","hentry","category-covid-19"],"yoast_head":"<!-- This site is optimized with the Yoast SEO plugin v27.4 - https:\/\/yoast.com\/product\/yoast-seo-wordpress\/ -->\n<title>La Sociedad Argentina de Pediatr\u00eda aval\u00f3 la vacunaci\u00f3n de ni\u00f1os de 3 a 11 a\u00f1os | CVI NOTICIAS<\/title>\n<meta name=\"robots\" content=\"index, follow, max-snippet:-1, max-image-preview:large, max-video-preview:-1\" \/>\n<link rel=\"canonical\" href=\"https:\/\/cvinoticias.com\/v3\/la-sociedad-argentina-de-pediatria-avalo-la-vacunacion-de-ninos-de-3-a-11-anos\/\" \/>\n<meta property=\"og:locale\" content=\"es_ES\" \/>\n<meta property=\"og:type\" content=\"article\" \/>\n<meta property=\"og:title\" content=\"La Sociedad Argentina de Pediatr\u00eda aval\u00f3 la vacunaci\u00f3n de ni\u00f1os de 3 a 11 a\u00f1os | CVI NOTICIAS\" \/>\n<meta property=\"og:description\" content=\"La Sociedad Argentina de Pediatr\u00eda reiter\u00f3 el apoyo a la vacunaci\u00f3n contra el covid-19 de ni\u00f1os de 3 a 11 a\u00f1os, luego de haber \u00abrecibido la informaci\u00f3n requerida que permitir\u00e1 de este modo comunicar la inmunizaci\u00f3n pedi\u00e1trica con m\u00e1s solidez cient\u00edfica\u00bb.\u00a0 En ese marco, la entidad inform\u00f3 que el lunes pasado tuvieron una reuni\u00f3n en [&hellip;]\" \/>\n<meta property=\"og:url\" content=\"https:\/\/cvinoticias.com\/v3\/la-sociedad-argentina-de-pediatria-avalo-la-vacunacion-de-ninos-de-3-a-11-anos\/\" \/>\n<meta property=\"og:site_name\" content=\"CVI NOTICIAS\" \/>\n<meta property=\"article:publisher\" content=\"https:\/\/www.facebook.com\/cvinoticias\" \/>\n<meta property=\"article:published_time\" content=\"2021-10-06T11:36:54+00:00\" \/>\n<meta property=\"og:image\" content=\"https:\/\/cvinoticias.com\/wp-content\/uploads\/2021\/10\/multimedia.normal.9251571236707a34.6e69c3b16f7320636f7669645f6e6f726d616c2e6a7067.jpg\" \/>\n\t<meta property=\"og:image:width\" content=\"1068\" \/>\n\t<meta property=\"og:image:height\" content=\"580\" \/>\n\t<meta property=\"og:image:type\" content=\"image\/jpeg\" \/>\n<meta name=\"author\" content=\"f1000024\" \/>\n<meta name=\"twitter:card\" content=\"summary_large_image\" \/>\n<meta name=\"twitter:label1\" content=\"Escrito por\" \/>\n\t<meta name=\"twitter:data1\" content=\"f1000024\" \/>\n\t<meta name=\"twitter:label2\" content=\"Tiempo de lectura\" \/>\n\t<meta name=\"twitter:data2\" content=\"2 minutos\" \/>\n<script type=\"application\/ld+json\" class=\"yoast-schema-graph\">{\"@context\":\"https:\\\/\\\/schema.org\",\"@graph\":[{\"@type\":\"Article\",\"@id\":\"https:\\\/\\\/cvinoticias.com\\\/v3\\\/la-sociedad-argentina-de-pediatria-avalo-la-vacunacion-de-ninos-de-3-a-11-anos\\\/#article\",\"isPartOf\":{\"@id\":\"https:\\\/\\\/cvinoticias.com\\\/v3\\\/la-sociedad-argentina-de-pediatria-avalo-la-vacunacion-de-ninos-de-3-a-11-anos\\\/\"},\"author\":{\"name\":\"f1000024\",\"@id\":\"https:\\\/\\\/cvinoticias.com\\\/v3\\\/#\\\/schema\\\/person\\\/2db77e3c6bc03c538495d7b2b8be9b66\"},\"headline\":\"La Sociedad Argentina de Pediatr\u00eda aval\u00f3 la vacunaci\u00f3n de ni\u00f1os de 3 a 11 a\u00f1os\",\"datePublished\":\"2021-10-06T11:36:54+00:00\",\"mainEntityOfPage\":{\"@id\":\"https:\\\/\\\/cvinoticias.com\\\/v3\\\/la-sociedad-argentina-de-pediatria-avalo-la-vacunacion-de-ninos-de-3-a-11-anos\\\/\"},\"wordCount\":362,\"commentCount\":0,\"publisher\":{\"@id\":\"https:\\\/\\\/cvinoticias.com\\\/v3\\\/#organization\"},\"image\":{\"@id\":\"https:\\\/\\\/cvinoticias.com\\\/v3\\\/la-sociedad-argentina-de-pediatria-avalo-la-vacunacion-de-ninos-de-3-a-11-anos\\\/#primaryimage\"},\"thumbnailUrl\":\"https:\\\/\\\/cvinoticias.com\\\/wp-content\\\/uploads\\\/2021\\\/10\\\/multimedia.normal.9251571236707a34.6e69c3b16f7320636f7669645f6e6f726d616c2e6a7067.jpg\",\"articleSection\":[\"Covid-19\"],\"inLanguage\":\"es\",\"potentialAction\":[{\"@type\":\"CommentAction\",\"name\":\"Comment\",\"target\":[\"https:\\\/\\\/cvinoticias.com\\\/v3\\\/la-sociedad-argentina-de-pediatria-avalo-la-vacunacion-de-ninos-de-3-a-11-anos\\\/#respond\"]}]},{\"@type\":\"WebPage\",\"@id\":\"https:\\\/\\\/cvinoticias.com\\\/v3\\\/la-sociedad-argentina-de-pediatria-avalo-la-vacunacion-de-ninos-de-3-a-11-anos\\\/\",\"url\":\"https:\\\/\\\/cvinoticias.com\\\/v3\\\/la-sociedad-argentina-de-pediatria-avalo-la-vacunacion-de-ninos-de-3-a-11-anos\\\/\",\"name\":\"La Sociedad Argentina de Pediatr\u00eda aval\u00f3 la vacunaci\u00f3n de ni\u00f1os de 3 a 11 a\u00f1os | CVI NOTICIAS\",\"isPartOf\":{\"@id\":\"https:\\\/\\\/cvinoticias.com\\\/v3\\\/#website\"},\"primaryImageOfPage\":{\"@id\":\"https:\\\/\\\/cvinoticias.com\\\/v3\\\/la-sociedad-argentina-de-pediatria-avalo-la-vacunacion-de-ninos-de-3-a-11-anos\\\/#primaryimage\"},\"image\":{\"@id\":\"https:\\\/\\\/cvinoticias.com\\\/v3\\\/la-sociedad-argentina-de-pediatria-avalo-la-vacunacion-de-ninos-de-3-a-11-anos\\\/#primaryimage\"},\"thumbnailUrl\":\"https:\\\/\\\/cvinoticias.com\\\/wp-content\\\/uploads\\\/2021\\\/10\\\/multimedia.normal.9251571236707a34.6e69c3b16f7320636f7669645f6e6f726d616c2e6a7067.jpg\",\"datePublished\":\"2021-10-06T11:36:54+00:00\",\"breadcrumb\":{\"@id\":\"https:\\\/\\\/cvinoticias.com\\\/v3\\\/la-sociedad-argentina-de-pediatria-avalo-la-vacunacion-de-ninos-de-3-a-11-anos\\\/#breadcrumb\"},\"inLanguage\":\"es\",\"potentialAction\":[{\"@type\":\"ReadAction\",\"target\":[\"https:\\\/\\\/cvinoticias.com\\\/v3\\\/la-sociedad-argentina-de-pediatria-avalo-la-vacunacion-de-ninos-de-3-a-11-anos\\\/\"]}]},{\"@type\":\"ImageObject\",\"inLanguage\":\"es\",\"@id\":\"https:\\\/\\\/cvinoticias.com\\\/v3\\\/la-sociedad-argentina-de-pediatria-avalo-la-vacunacion-de-ninos-de-3-a-11-anos\\\/#primaryimage\",\"url\":\"https:\\\/\\\/cvinoticias.com\\\/wp-content\\\/uploads\\\/2021\\\/10\\\/multimedia.normal.9251571236707a34.6e69c3b16f7320636f7669645f6e6f726d616c2e6a7067.jpg\",\"contentUrl\":\"https:\\\/\\\/cvinoticias.com\\\/wp-content\\\/uploads\\\/2021\\\/10\\\/multimedia.normal.9251571236707a34.6e69c3b16f7320636f7669645f6e6f726d616c2e6a7067.jpg\",\"width\":1068,\"height\":580},{\"@type\":\"BreadcrumbList\",\"@id\":\"https:\\\/\\\/cvinoticias.com\\\/v3\\\/la-sociedad-argentina-de-pediatria-avalo-la-vacunacion-de-ninos-de-3-a-11-anos\\\/#breadcrumb\",\"itemListElement\":[{\"@type\":\"ListItem\",\"position\":1,\"name\":\"Portada\",\"item\":\"https:\\\/\\\/cvinoticias.com\\\/v3\\\/\"},{\"@type\":\"ListItem\",\"position\":2,\"name\":\"La Sociedad Argentina de Pediatr\u00eda aval\u00f3 la vacunaci\u00f3n de ni\u00f1os de 3 a 11 a\u00f1os\"}]},{\"@type\":\"WebSite\",\"@id\":\"https:\\\/\\\/cvinoticias.com\\\/v3\\\/#website\",\"url\":\"https:\\\/\\\/cvinoticias.com\\\/v3\\\/\",\"name\":\"CVI NOTICIAS\",\"description\":\"\",\"publisher\":{\"@id\":\"https:\\\/\\\/cvinoticias.com\\\/v3\\\/#organization\"},\"alternateName\":\"CVI\",\"potentialAction\":[{\"@type\":\"SearchAction\",\"target\":{\"@type\":\"EntryPoint\",\"urlTemplate\":\"https:\\\/\\\/cvinoticias.com\\\/v3\\\/?s={search_term_string}\"},\"query-input\":{\"@type\":\"PropertyValueSpecification\",\"valueRequired\":true,\"valueName\":\"search_term_string\"}}],\"inLanguage\":\"es\"},{\"@type\":\"Organization\",\"@id\":\"https:\\\/\\\/cvinoticias.com\\\/v3\\\/#organization\",\"name\":\"CVI NOTICIAS\",\"url\":\"https:\\\/\\\/cvinoticias.com\\\/v3\\\/\",\"logo\":{\"@type\":\"ImageObject\",\"inLanguage\":\"es\",\"@id\":\"https:\\\/\\\/cvinoticias.com\\\/v3\\\/#\\\/schema\\\/logo\\\/image\\\/\",\"url\":\"https:\\\/\\\/cvinoticias.com\\\/wp-content\\\/uploads\\\/2023\\\/04\\\/cropped-cropped-cropped-cropped-cropped-3-1.png\",\"contentUrl\":\"https:\\\/\\\/cvinoticias.com\\\/wp-content\\\/uploads\\\/2023\\\/04\\\/cropped-cropped-cropped-cropped-cropped-3-1.png\",\"width\":95,\"height\":122,\"caption\":\"CVI NOTICIAS\"},\"image\":{\"@id\":\"https:\\\/\\\/cvinoticias.com\\\/v3\\\/#\\\/schema\\\/logo\\\/image\\\/\"},\"sameAs\":[\"https:\\\/\\\/www.facebook.com\\\/cvinoticias\",\"https:\\\/\\\/www.instagram.com\\\/cvinoticias\\\/\",\"https:\\\/\\\/www.youtube.com\\\/@CVINOTICIAS\"]},{\"@type\":\"Person\",\"@id\":\"https:\\\/\\\/cvinoticias.com\\\/v3\\\/#\\\/schema\\\/person\\\/2db77e3c6bc03c538495d7b2b8be9b66\",\"name\":\"f1000024\",\"image\":{\"@type\":\"ImageObject\",\"inLanguage\":\"es\",\"@id\":\"https:\\\/\\\/secure.gravatar.com\\\/avatar\\\/d4fe7459cfc51ff5129ce1a732bbef5928568b8092d412ef95611616376bbeed?s=96&d=mm&r=g\",\"url\":\"https:\\\/\\\/secure.gravatar.com\\\/avatar\\\/d4fe7459cfc51ff5129ce1a732bbef5928568b8092d412ef95611616376bbeed?s=96&d=mm&r=g\",\"contentUrl\":\"https:\\\/\\\/secure.gravatar.com\\\/avatar\\\/d4fe7459cfc51ff5129ce1a732bbef5928568b8092d412ef95611616376bbeed?s=96&d=mm&r=g\",\"caption\":\"f1000024\"},\"url\":\"https:\\\/\\\/cvinoticias.com\\\/v3\\\/author\\\/f1000024\\\/\"}]}<\/script>\n<!-- \/ Yoast SEO plugin. -->","yoast_head_json":{"title":"La Sociedad Argentina de Pediatr\u00eda aval\u00f3 la vacunaci\u00f3n de ni\u00f1os de 3 a 11 a\u00f1os | CVI NOTICIAS","robots":{"index":"index","follow":"follow","max-snippet":"max-snippet:-1","max-image-preview":"max-image-preview:large","max-video-preview":"max-video-preview:-1"},"canonical":"https:\/\/cvinoticias.com\/v3\/la-sociedad-argentina-de-pediatria-avalo-la-vacunacion-de-ninos-de-3-a-11-anos\/","og_locale":"es_ES","og_type":"article","og_title":"La Sociedad Argentina de Pediatr\u00eda aval\u00f3 la vacunaci\u00f3n de ni\u00f1os de 3 a 11 a\u00f1os | CVI NOTICIAS","og_description":"La Sociedad Argentina de Pediatr\u00eda reiter\u00f3 el apoyo a la vacunaci\u00f3n contra el covid-19 de ni\u00f1os de 3 a 11 a\u00f1os, luego de haber \u00abrecibido la informaci\u00f3n requerida que permitir\u00e1 de este modo comunicar la inmunizaci\u00f3n pedi\u00e1trica con m\u00e1s solidez cient\u00edfica\u00bb.\u00a0 En ese marco, la entidad inform\u00f3 que el lunes pasado tuvieron una reuni\u00f3n en [&hellip;]","og_url":"https:\/\/cvinoticias.com\/v3\/la-sociedad-argentina-de-pediatria-avalo-la-vacunacion-de-ninos-de-3-a-11-anos\/","og_site_name":"CVI NOTICIAS","article_publisher":"https:\/\/www.facebook.com\/cvinoticias","article_published_time":"2021-10-06T11:36:54+00:00","og_image":[{"width":1068,"height":580,"url":"https:\/\/cvinoticias.com\/wp-content\/uploads\/2021\/10\/multimedia.normal.9251571236707a34.6e69c3b16f7320636f7669645f6e6f726d616c2e6a7067.jpg","type":"image\/jpeg"}],"author":"f1000024","twitter_card":"summary_large_image","twitter_misc":{"Escrito por":"f1000024","Tiempo de lectura":"2 minutos"},"schema":{"@context":"https:\/\/schema.org","@graph":[{"@type":"Article","@id":"https:\/\/cvinoticias.com\/v3\/la-sociedad-argentina-de-pediatria-avalo-la-vacunacion-de-ninos-de-3-a-11-anos\/#article","isPartOf":{"@id":"https:\/\/cvinoticias.com\/v3\/la-sociedad-argentina-de-pediatria-avalo-la-vacunacion-de-ninos-de-3-a-11-anos\/"},"author":{"name":"f1000024","@id":"https:\/\/cvinoticias.com\/v3\/#\/schema\/person\/2db77e3c6bc03c538495d7b2b8be9b66"},"headline":"La Sociedad Argentina de Pediatr\u00eda aval\u00f3 la vacunaci\u00f3n de ni\u00f1os de 3 a 11 a\u00f1os","datePublished":"2021-10-06T11:36:54+00:00","mainEntityOfPage":{"@id":"https:\/\/cvinoticias.com\/v3\/la-sociedad-argentina-de-pediatria-avalo-la-vacunacion-de-ninos-de-3-a-11-anos\/"},"wordCount":362,"commentCount":0,"publisher":{"@id":"https:\/\/cvinoticias.com\/v3\/#organization"},"image":{"@id":"https:\/\/cvinoticias.com\/v3\/la-sociedad-argentina-de-pediatria-avalo-la-vacunacion-de-ninos-de-3-a-11-anos\/#primaryimage"},"thumbnailUrl":"https:\/\/cvinoticias.com\/wp-content\/uploads\/2021\/10\/multimedia.normal.9251571236707a34.6e69c3b16f7320636f7669645f6e6f726d616c2e6a7067.jpg","articleSection":["Covid-19"],"inLanguage":"es","potentialAction":[{"@type":"CommentAction","name":"Comment","target":["https:\/\/cvinoticias.com\/v3\/la-sociedad-argentina-de-pediatria-avalo-la-vacunacion-de-ninos-de-3-a-11-anos\/#respond"]}]},{"@type":"WebPage","@id":"https:\/\/cvinoticias.com\/v3\/la-sociedad-argentina-de-pediatria-avalo-la-vacunacion-de-ninos-de-3-a-11-anos\/","url":"https:\/\/cvinoticias.com\/v3\/la-sociedad-argentina-de-pediatria-avalo-la-vacunacion-de-ninos-de-3-a-11-anos\/","name":"La Sociedad Argentina de Pediatr\u00eda aval\u00f3 la vacunaci\u00f3n de ni\u00f1os de 3 a 11 a\u00f1os | CVI NOTICIAS","isPartOf":{"@id":"https:\/\/cvinoticias.com\/v3\/#website"},"primaryImageOfPage":{"@id":"https:\/\/cvinoticias.com\/v3\/la-sociedad-argentina-de-pediatria-avalo-la-vacunacion-de-ninos-de-3-a-11-anos\/#primaryimage"},"image":{"@id":"https:\/\/cvinoticias.com\/v3\/la-sociedad-argentina-de-pediatria-avalo-la-vacunacion-de-ninos-de-3-a-11-anos\/#primaryimage"},"thumbnailUrl":"https:\/\/cvinoticias.com\/wp-content\/uploads\/2021\/10\/multimedia.normal.9251571236707a34.6e69c3b16f7320636f7669645f6e6f726d616c2e6a7067.jpg","datePublished":"2021-10-06T11:36:54+00:00","breadcrumb":{"@id":"https:\/\/cvinoticias.com\/v3\/la-sociedad-argentina-de-pediatria-avalo-la-vacunacion-de-ninos-de-3-a-11-anos\/#breadcrumb"},"inLanguage":"es","potentialAction":[{"@type":"ReadAction","target":["https:\/\/cvinoticias.com\/v3\/la-sociedad-argentina-de-pediatria-avalo-la-vacunacion-de-ninos-de-3-a-11-anos\/"]}]},{"@type":"ImageObject","inLanguage":"es","@id":"https:\/\/cvinoticias.com\/v3\/la-sociedad-argentina-de-pediatria-avalo-la-vacunacion-de-ninos-de-3-a-11-anos\/#primaryimage","url":"https:\/\/cvinoticias.com\/wp-content\/uploads\/2021\/10\/multimedia.normal.9251571236707a34.6e69c3b16f7320636f7669645f6e6f726d616c2e6a7067.jpg","contentUrl":"https:\/\/cvinoticias.com\/wp-content\/uploads\/2021\/10\/multimedia.normal.9251571236707a34.6e69c3b16f7320636f7669645f6e6f726d616c2e6a7067.jpg","width":1068,"height":580},{"@type":"BreadcrumbList","@id":"https:\/\/cvinoticias.com\/v3\/la-sociedad-argentina-de-pediatria-avalo-la-vacunacion-de-ninos-de-3-a-11-anos\/#breadcrumb","itemListElement":[{"@type":"ListItem","position":1,"name":"Portada","item":"https:\/\/cvinoticias.com\/v3\/"},{"@type":"ListItem","position":2,"name":"La Sociedad Argentina de Pediatr\u00eda aval\u00f3 la vacunaci\u00f3n de ni\u00f1os de 3 a 11 a\u00f1os"}]},{"@type":"WebSite","@id":"https:\/\/cvinoticias.com\/v3\/#website","url":"https:\/\/cvinoticias.com\/v3\/","name":"CVI NOTICIAS","description":"","publisher":{"@id":"https:\/\/cvinoticias.com\/v3\/#organization"},"alternateName":"CVI","potentialAction":[{"@type":"SearchAction","target":{"@type":"EntryPoint","urlTemplate":"https:\/\/cvinoticias.com\/v3\/?s={search_term_string}"},"query-input":{"@type":"PropertyValueSpecification","valueRequired":true,"valueName":"search_term_string"}}],"inLanguage":"es"},{"@type":"Organization","@id":"https:\/\/cvinoticias.com\/v3\/#organization","name":"CVI NOTICIAS","url":"https:\/\/cvinoticias.com\/v3\/","logo":{"@type":"ImageObject","inLanguage":"es","@id":"https:\/\/cvinoticias.com\/v3\/#\/schema\/logo\/image\/","url":"https:\/\/cvinoticias.com\/wp-content\/uploads\/2023\/04\/cropped-cropped-cropped-cropped-cropped-3-1.png","contentUrl":"https:\/\/cvinoticias.com\/wp-content\/uploads\/2023\/04\/cropped-cropped-cropped-cropped-cropped-3-1.png","width":95,"height":122,"caption":"CVI NOTICIAS"},"image":{"@id":"https:\/\/cvinoticias.com\/v3\/#\/schema\/logo\/image\/"},"sameAs":["https:\/\/www.facebook.com\/cvinoticias","https:\/\/www.instagram.com\/cvinoticias\/","https:\/\/www.youtube.com\/@CVINOTICIAS"]},{"@type":"Person","@id":"https:\/\/cvinoticias.com\/v3\/#\/schema\/person\/2db77e3c6bc03c538495d7b2b8be9b66","name":"f1000024","image":{"@type":"ImageObject","inLanguage":"es","@id":"https:\/\/secure.gravatar.com\/avatar\/d4fe7459cfc51ff5129ce1a732bbef5928568b8092d412ef95611616376bbeed?s=96&d=mm&r=g","url":"https:\/\/secure.gravatar.com\/avatar\/d4fe7459cfc51ff5129ce1a732bbef5928568b8092d412ef95611616376bbeed?s=96&d=mm&r=g","contentUrl":"https:\/\/secure.gravatar.com\/avatar\/d4fe7459cfc51ff5129ce1a732bbef5928568b8092d412ef95611616376bbeed?s=96&d=mm&r=g","caption":"f1000024"},"url":"https:\/\/cvinoticias.com\/v3\/author\/f1000024\/"}]}},"_links":{"self":[{"href":"https:\/\/cvinoticias.com\/v3\/wp-json\/wp\/v2\/posts\/9246","targetHints":{"allow":["GET"]}}],"collection":[{"href":"https:\/\/cvinoticias.com\/v3\/wp-json\/wp\/v2\/posts"}],"about":[{"href":"https:\/\/cvinoticias.com\/v3\/wp-json\/wp\/v2\/types\/post"}],"author":[{"embeddable":true,"href":"https:\/\/cvinoticias.com\/v3\/wp-json\/wp\/v2\/users\/2"}],"replies":[{"embeddable":true,"href":"https:\/\/cvinoticias.com\/v3\/wp-json\/wp\/v2\/comments?post=9246"}],"version-history":[{"count":1,"href":"https:\/\/cvinoticias.com\/v3\/wp-json\/wp\/v2\/posts\/9246\/revisions"}],"predecessor-version":[{"id":9248,"href":"https:\/\/cvinoticias.com\/v3\/wp-json\/wp\/v2\/posts\/9246\/revisions\/9248"}],"wp:featuredmedia":[{"embeddable":true,"href":"https:\/\/cvinoticias.com\/v3\/wp-json\/wp\/v2\/media\/9247"}],"wp:attachment":[{"href":"https:\/\/cvinoticias.com\/v3\/wp-json\/wp\/v2\/media?parent=9246"}],"wp:term":[{"taxonomy":"category","embeddable":true,"href":"https:\/\/cvinoticias.com\/v3\/wp-json\/wp\/v2\/categories?post=9246"},{"taxonomy":"post_tag","embeddable":true,"href":"https:\/\/cvinoticias.com\/v3\/wp-json\/wp\/v2\/tags?post=9246"}],"curies":[{"name":"wp","href":"https:\/\/api.w.org\/{rel}","templated":true}]}}