{"id":9231,"date":"2021-10-05T14:54:07","date_gmt":"2021-10-05T14:54:07","guid":{"rendered":"https:\/\/cvinoticias.com\/v3\/?p=9231"},"modified":"2021-10-05T14:54:07","modified_gmt":"2021-10-05T14:54:07","slug":"iguazu-rentas-informa-nuevos-horarios-de-atencion-al-publico","status":"publish","type":"post","link":"https:\/\/cvinoticias.com\/v3\/iguazu-rentas-informa-nuevos-horarios-de-atencion-al-publico\/","title":{"rendered":"Iguaz\u00fa: Rentas informa nuevos horarios de atenci\u00f3n al p\u00fablico"},"content":{"rendered":"\n<p><em><strong>La Municipalidad a trav\u00e9s de la Direcci\u00f3n Municipal de Rentas informa nuevos horarios de atenci\u00f3n al p\u00fablico de sus distintos puestos de cobranzas, con el objetivo de ofrecer un servicio descentralizado para estar m\u00e1s cerca de los vecinos.<\/strong><\/em><\/p>\n\n\n\n<p>Se podr\u00e1n abonar de lunes a viernes en el horario de 8 a 12 hs y de 15 a 18 hs y los s\u00e1bados de 08 a 12 hs, los siguientes impuestos:<br>\u2022 Pago de tasa general de inmuebles<br>\u2022 IPA \/ Patente de Automotores<br>\u2022 Tasa de comercios<br>\u2022 Inscripci\u00f3n de veh\u00edculos en general<br>\u2022 Pago tarjetas de cr\u00e9dito y d\u00e9bito tambi\u00e9n<\/p>\n","protected":false},"excerpt":{"rendered":"<p>La Municipalidad a trav\u00e9s de la Direcci\u00f3n Municipal de Rentas informa nuevos horarios de atenci\u00f3n al p\u00fablico de sus distintos puestos de cobranzas, con el objetivo de ofrecer un servicio descentralizado para estar m\u00e1s cerca de los vecinos. Se podr\u00e1n abonar de lunes a viernes en el horario de 8 a 12 hs y de [&hellip;]<\/p>\n","protected":false},"author":2,"featured_media":9232,"comment_status":"open","ping_status":"open","sticky":false,"template":"","format":"standard","meta":{"footnotes":""},"categories":[29],"tags":[],"class_list":["post-9231","post","type-post","status-publish","format-standard","has-post-thumbnail","hentry","category-locales"],"yoast_head":"<!-- This site is optimized with the Yoast SEO plugin v27.5 - https:\/\/yoast.com\/product\/yoast-seo-wordpress\/ -->\n<title>Iguaz\u00fa: Rentas informa nuevos horarios de atenci\u00f3n al p\u00fablico | CVI NOTICIAS<\/title>\n<meta name=\"robots\" content=\"index, follow, max-snippet:-1, max-image-preview:large, max-video-preview:-1\" \/>\n<link rel=\"canonical\" href=\"https:\/\/cvinoticias.com\/v3\/iguazu-rentas-informa-nuevos-horarios-de-atencion-al-publico\/\" \/>\n<meta property=\"og:locale\" content=\"es_ES\" \/>\n<meta property=\"og:type\" content=\"article\" \/>\n<meta property=\"og:title\" content=\"Iguaz\u00fa: Rentas informa nuevos horarios de atenci\u00f3n al p\u00fablico | CVI NOTICIAS\" \/>\n<meta property=\"og:description\" content=\"La Municipalidad a trav\u00e9s de la Direcci\u00f3n Municipal de Rentas informa nuevos horarios de atenci\u00f3n al p\u00fablico de sus distintos puestos de cobranzas, con el objetivo de ofrecer un servicio descentralizado para estar m\u00e1s cerca de los vecinos. Se podr\u00e1n abonar de lunes a viernes en el horario de 8 a 12 hs y de [&hellip;]\" \/>\n<meta property=\"og:url\" content=\"https:\/\/cvinoticias.com\/v3\/iguazu-rentas-informa-nuevos-horarios-de-atencion-al-publico\/\" \/>\n<meta property=\"og:site_name\" content=\"CVI NOTICIAS\" \/>\n<meta property=\"article:publisher\" content=\"https:\/\/www.facebook.com\/cvinoticias\" \/>\n<meta property=\"article:published_time\" content=\"2021-10-05T14:54:07+00:00\" \/>\n<meta property=\"og:image\" content=\"https:\/\/cvinoticias.com\/wp-content\/uploads\/2021\/10\/FB_IMG_1633444929236.jpg\" \/>\n\t<meta property=\"og:image:width\" content=\"947\" \/>\n\t<meta property=\"og:image:height\" content=\"812\" \/>\n\t<meta property=\"og:image:type\" content=\"image\/jpeg\" \/>\n<meta name=\"author\" content=\"f1000024\" \/>\n<meta name=\"twitter:card\" content=\"summary_large_image\" \/>\n<meta name=\"twitter:label1\" content=\"Escrito por\" \/>\n\t<meta name=\"twitter:data1\" content=\"f1000024\" \/>\n\t<meta name=\"twitter:label2\" content=\"Tiempo de lectura\" \/>\n\t<meta name=\"twitter:data2\" content=\"1 minuto\" \/>\n<script type=\"application\/ld+json\" class=\"yoast-schema-graph\">{\"@context\":\"https:\\\/\\\/schema.org\",\"@graph\":[{\"@type\":\"Article\",\"@id\":\"https:\\\/\\\/cvinoticias.com\\\/v3\\\/iguazu-rentas-informa-nuevos-horarios-de-atencion-al-publico\\\/#article\",\"isPartOf\":{\"@id\":\"https:\\\/\\\/cvinoticias.com\\\/v3\\\/iguazu-rentas-informa-nuevos-horarios-de-atencion-al-publico\\\/\"},\"author\":{\"name\":\"f1000024\",\"@id\":\"https:\\\/\\\/cvinoticias.com\\\/v3\\\/#\\\/schema\\\/person\\\/2db77e3c6bc03c538495d7b2b8be9b66\"},\"headline\":\"Iguaz\u00fa: Rentas informa nuevos horarios de atenci\u00f3n al p\u00fablico\",\"datePublished\":\"2021-10-05T14:54:07+00:00\",\"mainEntityOfPage\":{\"@id\":\"https:\\\/\\\/cvinoticias.com\\\/v3\\\/iguazu-rentas-informa-nuevos-horarios-de-atencion-al-publico\\\/\"},\"wordCount\":112,\"commentCount\":0,\"publisher\":{\"@id\":\"https:\\\/\\\/cvinoticias.com\\\/v3\\\/#organization\"},\"image\":{\"@id\":\"https:\\\/\\\/cvinoticias.com\\\/v3\\\/iguazu-rentas-informa-nuevos-horarios-de-atencion-al-publico\\\/#primaryimage\"},\"thumbnailUrl\":\"https:\\\/\\\/cvinoticias.com\\\/wp-content\\\/uploads\\\/2021\\\/10\\\/FB_IMG_1633444929236.jpg\",\"articleSection\":[\"Locales\"],\"inLanguage\":\"es\",\"potentialAction\":[{\"@type\":\"CommentAction\",\"name\":\"Comment\",\"target\":[\"https:\\\/\\\/cvinoticias.com\\\/v3\\\/iguazu-rentas-informa-nuevos-horarios-de-atencion-al-publico\\\/#respond\"]}]},{\"@type\":\"WebPage\",\"@id\":\"https:\\\/\\\/cvinoticias.com\\\/v3\\\/iguazu-rentas-informa-nuevos-horarios-de-atencion-al-publico\\\/\",\"url\":\"https:\\\/\\\/cvinoticias.com\\\/v3\\\/iguazu-rentas-informa-nuevos-horarios-de-atencion-al-publico\\\/\",\"name\":\"Iguaz\u00fa: Rentas informa nuevos horarios de atenci\u00f3n al p\u00fablico | CVI NOTICIAS\",\"isPartOf\":{\"@id\":\"https:\\\/\\\/cvinoticias.com\\\/v3\\\/#website\"},\"primaryImageOfPage\":{\"@id\":\"https:\\\/\\\/cvinoticias.com\\\/v3\\\/iguazu-rentas-informa-nuevos-horarios-de-atencion-al-publico\\\/#primaryimage\"},\"image\":{\"@id\":\"https:\\\/\\\/cvinoticias.com\\\/v3\\\/iguazu-rentas-informa-nuevos-horarios-de-atencion-al-publico\\\/#primaryimage\"},\"thumbnailUrl\":\"https:\\\/\\\/cvinoticias.com\\\/wp-content\\\/uploads\\\/2021\\\/10\\\/FB_IMG_1633444929236.jpg\",\"datePublished\":\"2021-10-05T14:54:07+00:00\",\"breadcrumb\":{\"@id\":\"https:\\\/\\\/cvinoticias.com\\\/v3\\\/iguazu-rentas-informa-nuevos-horarios-de-atencion-al-publico\\\/#breadcrumb\"},\"inLanguage\":\"es\",\"potentialAction\":[{\"@type\":\"ReadAction\",\"target\":[\"https:\\\/\\\/cvinoticias.com\\\/v3\\\/iguazu-rentas-informa-nuevos-horarios-de-atencion-al-publico\\\/\"]}]},{\"@type\":\"ImageObject\",\"inLanguage\":\"es\",\"@id\":\"https:\\\/\\\/cvinoticias.com\\\/v3\\\/iguazu-rentas-informa-nuevos-horarios-de-atencion-al-publico\\\/#primaryimage\",\"url\":\"https:\\\/\\\/cvinoticias.com\\\/wp-content\\\/uploads\\\/2021\\\/10\\\/FB_IMG_1633444929236.jpg\",\"contentUrl\":\"https:\\\/\\\/cvinoticias.com\\\/wp-content\\\/uploads\\\/2021\\\/10\\\/FB_IMG_1633444929236.jpg\",\"width\":947,\"height\":812},{\"@type\":\"BreadcrumbList\",\"@id\":\"https:\\\/\\\/cvinoticias.com\\\/v3\\\/iguazu-rentas-informa-nuevos-horarios-de-atencion-al-publico\\\/#breadcrumb\",\"itemListElement\":[{\"@type\":\"ListItem\",\"position\":1,\"name\":\"Portada\",\"item\":\"https:\\\/\\\/cvinoticias.com\\\/v3\\\/\"},{\"@type\":\"ListItem\",\"position\":2,\"name\":\"Iguaz\u00fa: Rentas informa nuevos horarios de atenci\u00f3n al p\u00fablico\"}]},{\"@type\":\"WebSite\",\"@id\":\"https:\\\/\\\/cvinoticias.com\\\/v3\\\/#website\",\"url\":\"https:\\\/\\\/cvinoticias.com\\\/v3\\\/\",\"name\":\"CVI NOTICIAS\",\"description\":\"\",\"publisher\":{\"@id\":\"https:\\\/\\\/cvinoticias.com\\\/v3\\\/#organization\"},\"alternateName\":\"CVI\",\"potentialAction\":[{\"@type\":\"SearchAction\",\"target\":{\"@type\":\"EntryPoint\",\"urlTemplate\":\"https:\\\/\\\/cvinoticias.com\\\/v3\\\/?s={search_term_string}\"},\"query-input\":{\"@type\":\"PropertyValueSpecification\",\"valueRequired\":true,\"valueName\":\"search_term_string\"}}],\"inLanguage\":\"es\"},{\"@type\":\"Organization\",\"@id\":\"https:\\\/\\\/cvinoticias.com\\\/v3\\\/#organization\",\"name\":\"CVI NOTICIAS\",\"url\":\"https:\\\/\\\/cvinoticias.com\\\/v3\\\/\",\"logo\":{\"@type\":\"ImageObject\",\"inLanguage\":\"es\",\"@id\":\"https:\\\/\\\/cvinoticias.com\\\/v3\\\/#\\\/schema\\\/logo\\\/image\\\/\",\"url\":\"https:\\\/\\\/cvinoticias.com\\\/wp-content\\\/uploads\\\/2023\\\/04\\\/cropped-cropped-cropped-cropped-cropped-3-1.png\",\"contentUrl\":\"https:\\\/\\\/cvinoticias.com\\\/wp-content\\\/uploads\\\/2023\\\/04\\\/cropped-cropped-cropped-cropped-cropped-3-1.png\",\"width\":95,\"height\":122,\"caption\":\"CVI NOTICIAS\"},\"image\":{\"@id\":\"https:\\\/\\\/cvinoticias.com\\\/v3\\\/#\\\/schema\\\/logo\\\/image\\\/\"},\"sameAs\":[\"https:\\\/\\\/www.facebook.com\\\/cvinoticias\",\"https:\\\/\\\/www.instagram.com\\\/cvinoticias\\\/\",\"https:\\\/\\\/www.youtube.com\\\/@CVINOTICIAS\"]},{\"@type\":\"Person\",\"@id\":\"https:\\\/\\\/cvinoticias.com\\\/v3\\\/#\\\/schema\\\/person\\\/2db77e3c6bc03c538495d7b2b8be9b66\",\"name\":\"f1000024\",\"image\":{\"@type\":\"ImageObject\",\"inLanguage\":\"es\",\"@id\":\"https:\\\/\\\/secure.gravatar.com\\\/avatar\\\/d4fe7459cfc51ff5129ce1a732bbef5928568b8092d412ef95611616376bbeed?s=96&d=mm&r=g\",\"url\":\"https:\\\/\\\/secure.gravatar.com\\\/avatar\\\/d4fe7459cfc51ff5129ce1a732bbef5928568b8092d412ef95611616376bbeed?s=96&d=mm&r=g\",\"contentUrl\":\"https:\\\/\\\/secure.gravatar.com\\\/avatar\\\/d4fe7459cfc51ff5129ce1a732bbef5928568b8092d412ef95611616376bbeed?s=96&d=mm&r=g\",\"caption\":\"f1000024\"},\"url\":\"https:\\\/\\\/cvinoticias.com\\\/v3\\\/author\\\/f1000024\\\/\"}]}<\/script>\n<!-- \/ Yoast SEO plugin. -->","yoast_head_json":{"title":"Iguaz\u00fa: Rentas informa nuevos horarios de atenci\u00f3n al p\u00fablico | CVI NOTICIAS","robots":{"index":"index","follow":"follow","max-snippet":"max-snippet:-1","max-image-preview":"max-image-preview:large","max-video-preview":"max-video-preview:-1"},"canonical":"https:\/\/cvinoticias.com\/v3\/iguazu-rentas-informa-nuevos-horarios-de-atencion-al-publico\/","og_locale":"es_ES","og_type":"article","og_title":"Iguaz\u00fa: Rentas informa nuevos horarios de atenci\u00f3n al p\u00fablico | CVI NOTICIAS","og_description":"La Municipalidad a trav\u00e9s de la Direcci\u00f3n Municipal de Rentas informa nuevos horarios de atenci\u00f3n al p\u00fablico de sus distintos puestos de cobranzas, con el objetivo de ofrecer un servicio descentralizado para estar m\u00e1s cerca de los vecinos. Se podr\u00e1n abonar de lunes a viernes en el horario de 8 a 12 hs y de [&hellip;]","og_url":"https:\/\/cvinoticias.com\/v3\/iguazu-rentas-informa-nuevos-horarios-de-atencion-al-publico\/","og_site_name":"CVI NOTICIAS","article_publisher":"https:\/\/www.facebook.com\/cvinoticias","article_published_time":"2021-10-05T14:54:07+00:00","og_image":[{"width":947,"height":812,"url":"https:\/\/cvinoticias.com\/wp-content\/uploads\/2021\/10\/FB_IMG_1633444929236.jpg","type":"image\/jpeg"}],"author":"f1000024","twitter_card":"summary_large_image","twitter_misc":{"Escrito por":"f1000024","Tiempo de lectura":"1 minuto"},"schema":{"@context":"https:\/\/schema.org","@graph":[{"@type":"Article","@id":"https:\/\/cvinoticias.com\/v3\/iguazu-rentas-informa-nuevos-horarios-de-atencion-al-publico\/#article","isPartOf":{"@id":"https:\/\/cvinoticias.com\/v3\/iguazu-rentas-informa-nuevos-horarios-de-atencion-al-publico\/"},"author":{"name":"f1000024","@id":"https:\/\/cvinoticias.com\/v3\/#\/schema\/person\/2db77e3c6bc03c538495d7b2b8be9b66"},"headline":"Iguaz\u00fa: Rentas informa nuevos horarios de atenci\u00f3n al p\u00fablico","datePublished":"2021-10-05T14:54:07+00:00","mainEntityOfPage":{"@id":"https:\/\/cvinoticias.com\/v3\/iguazu-rentas-informa-nuevos-horarios-de-atencion-al-publico\/"},"wordCount":112,"commentCount":0,"publisher":{"@id":"https:\/\/cvinoticias.com\/v3\/#organization"},"image":{"@id":"https:\/\/cvinoticias.com\/v3\/iguazu-rentas-informa-nuevos-horarios-de-atencion-al-publico\/#primaryimage"},"thumbnailUrl":"https:\/\/cvinoticias.com\/wp-content\/uploads\/2021\/10\/FB_IMG_1633444929236.jpg","articleSection":["Locales"],"inLanguage":"es","potentialAction":[{"@type":"CommentAction","name":"Comment","target":["https:\/\/cvinoticias.com\/v3\/iguazu-rentas-informa-nuevos-horarios-de-atencion-al-publico\/#respond"]}]},{"@type":"WebPage","@id":"https:\/\/cvinoticias.com\/v3\/iguazu-rentas-informa-nuevos-horarios-de-atencion-al-publico\/","url":"https:\/\/cvinoticias.com\/v3\/iguazu-rentas-informa-nuevos-horarios-de-atencion-al-publico\/","name":"Iguaz\u00fa: Rentas informa nuevos horarios de atenci\u00f3n al p\u00fablico | CVI NOTICIAS","isPartOf":{"@id":"https:\/\/cvinoticias.com\/v3\/#website"},"primaryImageOfPage":{"@id":"https:\/\/cvinoticias.com\/v3\/iguazu-rentas-informa-nuevos-horarios-de-atencion-al-publico\/#primaryimage"},"image":{"@id":"https:\/\/cvinoticias.com\/v3\/iguazu-rentas-informa-nuevos-horarios-de-atencion-al-publico\/#primaryimage"},"thumbnailUrl":"https:\/\/cvinoticias.com\/wp-content\/uploads\/2021\/10\/FB_IMG_1633444929236.jpg","datePublished":"2021-10-05T14:54:07+00:00","breadcrumb":{"@id":"https:\/\/cvinoticias.com\/v3\/iguazu-rentas-informa-nuevos-horarios-de-atencion-al-publico\/#breadcrumb"},"inLanguage":"es","potentialAction":[{"@type":"ReadAction","target":["https:\/\/cvinoticias.com\/v3\/iguazu-rentas-informa-nuevos-horarios-de-atencion-al-publico\/"]}]},{"@type":"ImageObject","inLanguage":"es","@id":"https:\/\/cvinoticias.com\/v3\/iguazu-rentas-informa-nuevos-horarios-de-atencion-al-publico\/#primaryimage","url":"https:\/\/cvinoticias.com\/wp-content\/uploads\/2021\/10\/FB_IMG_1633444929236.jpg","contentUrl":"https:\/\/cvinoticias.com\/wp-content\/uploads\/2021\/10\/FB_IMG_1633444929236.jpg","width":947,"height":812},{"@type":"BreadcrumbList","@id":"https:\/\/cvinoticias.com\/v3\/iguazu-rentas-informa-nuevos-horarios-de-atencion-al-publico\/#breadcrumb","itemListElement":[{"@type":"ListItem","position":1,"name":"Portada","item":"https:\/\/cvinoticias.com\/v3\/"},{"@type":"ListItem","position":2,"name":"Iguaz\u00fa: Rentas informa nuevos horarios de atenci\u00f3n al p\u00fablico"}]},{"@type":"WebSite","@id":"https:\/\/cvinoticias.com\/v3\/#website","url":"https:\/\/cvinoticias.com\/v3\/","name":"CVI NOTICIAS","description":"","publisher":{"@id":"https:\/\/cvinoticias.com\/v3\/#organization"},"alternateName":"CVI","potentialAction":[{"@type":"SearchAction","target":{"@type":"EntryPoint","urlTemplate":"https:\/\/cvinoticias.com\/v3\/?s={search_term_string}"},"query-input":{"@type":"PropertyValueSpecification","valueRequired":true,"valueName":"search_term_string"}}],"inLanguage":"es"},{"@type":"Organization","@id":"https:\/\/cvinoticias.com\/v3\/#organization","name":"CVI NOTICIAS","url":"https:\/\/cvinoticias.com\/v3\/","logo":{"@type":"ImageObject","inLanguage":"es","@id":"https:\/\/cvinoticias.com\/v3\/#\/schema\/logo\/image\/","url":"https:\/\/cvinoticias.com\/wp-content\/uploads\/2023\/04\/cropped-cropped-cropped-cropped-cropped-3-1.png","contentUrl":"https:\/\/cvinoticias.com\/wp-content\/uploads\/2023\/04\/cropped-cropped-cropped-cropped-cropped-3-1.png","width":95,"height":122,"caption":"CVI NOTICIAS"},"image":{"@id":"https:\/\/cvinoticias.com\/v3\/#\/schema\/logo\/image\/"},"sameAs":["https:\/\/www.facebook.com\/cvinoticias","https:\/\/www.instagram.com\/cvinoticias\/","https:\/\/www.youtube.com\/@CVINOTICIAS"]},{"@type":"Person","@id":"https:\/\/cvinoticias.com\/v3\/#\/schema\/person\/2db77e3c6bc03c538495d7b2b8be9b66","name":"f1000024","image":{"@type":"ImageObject","inLanguage":"es","@id":"https:\/\/secure.gravatar.com\/avatar\/d4fe7459cfc51ff5129ce1a732bbef5928568b8092d412ef95611616376bbeed?s=96&d=mm&r=g","url":"https:\/\/secure.gravatar.com\/avatar\/d4fe7459cfc51ff5129ce1a732bbef5928568b8092d412ef95611616376bbeed?s=96&d=mm&r=g","contentUrl":"https:\/\/secure.gravatar.com\/avatar\/d4fe7459cfc51ff5129ce1a732bbef5928568b8092d412ef95611616376bbeed?s=96&d=mm&r=g","caption":"f1000024"},"url":"https:\/\/cvinoticias.com\/v3\/author\/f1000024\/"}]}},"_links":{"self":[{"href":"https:\/\/cvinoticias.com\/v3\/wp-json\/wp\/v2\/posts\/9231","targetHints":{"allow":["GET"]}}],"collection":[{"href":"https:\/\/cvinoticias.com\/v3\/wp-json\/wp\/v2\/posts"}],"about":[{"href":"https:\/\/cvinoticias.com\/v3\/wp-json\/wp\/v2\/types\/post"}],"author":[{"embeddable":true,"href":"https:\/\/cvinoticias.com\/v3\/wp-json\/wp\/v2\/users\/2"}],"replies":[{"embeddable":true,"href":"https:\/\/cvinoticias.com\/v3\/wp-json\/wp\/v2\/comments?post=9231"}],"version-history":[{"count":1,"href":"https:\/\/cvinoticias.com\/v3\/wp-json\/wp\/v2\/posts\/9231\/revisions"}],"predecessor-version":[{"id":9233,"href":"https:\/\/cvinoticias.com\/v3\/wp-json\/wp\/v2\/posts\/9231\/revisions\/9233"}],"wp:featuredmedia":[{"embeddable":true,"href":"https:\/\/cvinoticias.com\/v3\/wp-json\/wp\/v2\/media\/9232"}],"wp:attachment":[{"href":"https:\/\/cvinoticias.com\/v3\/wp-json\/wp\/v2\/media?parent=9231"}],"wp:term":[{"taxonomy":"category","embeddable":true,"href":"https:\/\/cvinoticias.com\/v3\/wp-json\/wp\/v2\/categories?post=9231"},{"taxonomy":"post_tag","embeddable":true,"href":"https:\/\/cvinoticias.com\/v3\/wp-json\/wp\/v2\/tags?post=9231"}],"curies":[{"name":"wp","href":"https:\/\/api.w.org\/{rel}","templated":true}]}}