{"id":9207,"date":"2021-10-04T05:04:43","date_gmt":"2021-10-04T05:04:43","guid":{"rendered":"https:\/\/cvinoticias.com\/v3\/?p=9207"},"modified":"2021-10-04T05:04:43","modified_gmt":"2021-10-04T05:04:43","slug":"la-autopsia-a-acero-cali-determino-que-murio-por-un-infarto","status":"publish","type":"post","link":"https:\/\/cvinoticias.com\/v3\/la-autopsia-a-acero-cali-determino-que-murio-por-un-infarto\/","title":{"rendered":"La autopsia a \u201cAcero\u201d Cali determin\u00f3 que muri\u00f3 por un infarto"},"content":{"rendered":"\n<p><strong><em>Este domingo por la ma\u00f1ana, el ex luchador \u201cAcero\u201d Cali fue encontrado sin vida en La Pampa.<\/em><\/strong> <em><strong>Seg\u00fan la autopsia preliminar, el ex luchador, Jorge \u201cAcero\u201d Cali\u00a0muri\u00f3 a ra\u00edz de un infarto. Los datos de la\u00a0misma\u00a0trascendieron a \u00faltima hora de este domingo.<\/strong><\/em><\/p>\n\n\n\n<p>En este contexto, fuentes de la investigaci\u00f3n confirmaron que Cali falleci\u00f3 por\u00a0\u201cun infarto agudo de miocardio\u201d. Asimismo, allegados informaron que ten\u00eda tres stents\u00a0y afecciones coronarias.<\/p>\n\n\n\n<p>Este domingo por la ma\u00f1ana, \u201cAcero\u201d fue hallado sin vida en el Hotel &amp; Spa La Campi\u00f1a, de Santa Rosa,\u00a0La Pampa.\u00a0Hab\u00eda viajado a la provincia por una velada pugil\u00edstica que se hizo el s\u00e1bado por la noche en el club Estudiantes, de dicha localidad, junto a un equipo de trabajo de la empresa\u00a0Chino Maidana Promotions (CMP).\u00a0De hecho, fue su compa\u00f1ero de habitaci\u00f3n quien avis\u00f3, pasadas las 11 am, que el hombre de 49 a\u00f1os no reaccionaba y al mediod\u00eda se llam\u00f3 al 911.<\/p>\n\n\n\n<p>De acuerdo a lo que se\u00f1alaron fuentes del caso: \u201cLos polic\u00edas hablaron con las personas de la comitiva que auspici\u00f3 la velada de boxeo y le contaron que fueron los que lo encontraron a Cali sin signos vitales en la habitaci\u00f3n donde se hospedaba. Desde CMP por la tarde informaron en un\u00a0comunicado\u00a0que, \u201cseg\u00fan informaci\u00f3n suministrada por el doctor Walter Quintero,\u00a0el compa\u00f1ero de habitaci\u00f3n de Jorge, el tano Ricci, le pidi\u00f3 que se acercara y all\u00ed constat\u00f3 la ausencia de signos vitales\u201d.<\/p>\n\n\n\n<p>En esa misma l\u00ednea, ampliaron la informaci\u00f3n explicando que se contact\u00f3 a una ambulancia para constatar la muerte del paciente, quien era de alto riesgo y hab\u00eda sido intervenido quir\u00fargicamente para la colocaci\u00f3n de varios stents hace alg\u00fan tiempo.<\/p>\n\n\n\n<p>Tras constatar el fallecimiento de Cali, intervino la Justicia. La fiscal\u00a0Maria Cecilia Martini, a cargo de la fiscal\u00eda de delitos contra las Personas, hab\u00eda manifestado que la gente de la Agencia de Investigaci\u00f3n Cient\u00edfica, y el m\u00e9dico forense, determinar\u00edan las causas de la muerte. A \u00faltima hora de la jornada, la autopsia preliminar indic\u00f3 que el ex luchador, Jorge \u201cAcero\u201d Cali, muri\u00f3 por un infarto.<\/p>\n\n\n\n<p><\/p>\n\n\n\n<p><\/p>\n","protected":false},"excerpt":{"rendered":"<p>Este domingo por la ma\u00f1ana, el ex luchador \u201cAcero\u201d Cali fue encontrado sin vida en La Pampa. Seg\u00fan la autopsia preliminar, el ex luchador, Jorge \u201cAcero\u201d Cali\u00a0muri\u00f3 a ra\u00edz de un infarto. Los datos de la\u00a0misma\u00a0trascendieron a \u00faltima hora de este domingo. En este contexto, fuentes de la investigaci\u00f3n confirmaron que Cali falleci\u00f3 por\u00a0\u201cun infarto [&hellip;]<\/p>\n","protected":false},"author":2,"featured_media":9208,"comment_status":"open","ping_status":"open","sticky":false,"template":"","format":"standard","meta":{"footnotes":""},"categories":[35],"tags":[],"class_list":["post-9207","post","type-post","status-publish","format-standard","has-post-thumbnail","hentry","category-informacion-general"],"yoast_head":"<!-- This site is optimized with the Yoast SEO plugin v27.5 - https:\/\/yoast.com\/product\/yoast-seo-wordpress\/ -->\n<title>La autopsia a \u201cAcero\u201d Cali determin\u00f3 que muri\u00f3 por un infarto | CVI NOTICIAS<\/title>\n<meta name=\"robots\" content=\"index, follow, max-snippet:-1, max-image-preview:large, max-video-preview:-1\" \/>\n<link rel=\"canonical\" href=\"https:\/\/cvinoticias.com\/v3\/la-autopsia-a-acero-cali-determino-que-murio-por-un-infarto\/\" \/>\n<meta property=\"og:locale\" content=\"es_ES\" \/>\n<meta property=\"og:type\" content=\"article\" \/>\n<meta property=\"og:title\" content=\"La autopsia a \u201cAcero\u201d Cali determin\u00f3 que muri\u00f3 por un infarto | CVI NOTICIAS\" \/>\n<meta property=\"og:description\" content=\"Este domingo por la ma\u00f1ana, el ex luchador \u201cAcero\u201d Cali fue encontrado sin vida en La Pampa. Seg\u00fan la autopsia preliminar, el ex luchador, Jorge \u201cAcero\u201d Cali\u00a0muri\u00f3 a ra\u00edz de un infarto. Los datos de la\u00a0misma\u00a0trascendieron a \u00faltima hora de este domingo. En este contexto, fuentes de la investigaci\u00f3n confirmaron que Cali falleci\u00f3 por\u00a0\u201cun infarto [&hellip;]\" \/>\n<meta property=\"og:url\" content=\"https:\/\/cvinoticias.com\/v3\/la-autopsia-a-acero-cali-determino-que-murio-por-un-infarto\/\" \/>\n<meta property=\"og:site_name\" content=\"CVI NOTICIAS\" \/>\n<meta property=\"article:publisher\" content=\"https:\/\/www.facebook.com\/cvinoticias\" \/>\n<meta property=\"article:published_time\" content=\"2021-10-04T05:04:43+00:00\" \/>\n<meta property=\"og:image\" content=\"https:\/\/cvinoticias.com\/wp-content\/uploads\/2021\/10\/1545910425385.jpg\" \/>\n\t<meta property=\"og:image:width\" content=\"1920\" \/>\n\t<meta property=\"og:image:height\" content=\"950\" \/>\n\t<meta property=\"og:image:type\" content=\"image\/jpeg\" \/>\n<meta name=\"author\" content=\"f1000024\" \/>\n<meta name=\"twitter:card\" content=\"summary_large_image\" \/>\n<meta name=\"twitter:label1\" content=\"Escrito por\" \/>\n\t<meta name=\"twitter:data1\" content=\"f1000024\" \/>\n\t<meta name=\"twitter:label2\" content=\"Tiempo de lectura\" \/>\n\t<meta name=\"twitter:data2\" content=\"2 minutos\" \/>\n<script type=\"application\/ld+json\" class=\"yoast-schema-graph\">{\"@context\":\"https:\\\/\\\/schema.org\",\"@graph\":[{\"@type\":\"Article\",\"@id\":\"https:\\\/\\\/cvinoticias.com\\\/v3\\\/la-autopsia-a-acero-cali-determino-que-murio-por-un-infarto\\\/#article\",\"isPartOf\":{\"@id\":\"https:\\\/\\\/cvinoticias.com\\\/v3\\\/la-autopsia-a-acero-cali-determino-que-murio-por-un-infarto\\\/\"},\"author\":{\"name\":\"f1000024\",\"@id\":\"https:\\\/\\\/cvinoticias.com\\\/v3\\\/#\\\/schema\\\/person\\\/2db77e3c6bc03c538495d7b2b8be9b66\"},\"headline\":\"La autopsia a \u201cAcero\u201d Cali determin\u00f3 que muri\u00f3 por un infarto\",\"datePublished\":\"2021-10-04T05:04:43+00:00\",\"mainEntityOfPage\":{\"@id\":\"https:\\\/\\\/cvinoticias.com\\\/v3\\\/la-autopsia-a-acero-cali-determino-que-murio-por-un-infarto\\\/\"},\"wordCount\":389,\"commentCount\":0,\"publisher\":{\"@id\":\"https:\\\/\\\/cvinoticias.com\\\/v3\\\/#organization\"},\"image\":{\"@id\":\"https:\\\/\\\/cvinoticias.com\\\/v3\\\/la-autopsia-a-acero-cali-determino-que-murio-por-un-infarto\\\/#primaryimage\"},\"thumbnailUrl\":\"https:\\\/\\\/cvinoticias.com\\\/wp-content\\\/uploads\\\/2021\\\/10\\\/1545910425385.jpg\",\"articleSection\":[\"Informaci\u00f3n General\"],\"inLanguage\":\"es\",\"potentialAction\":[{\"@type\":\"CommentAction\",\"name\":\"Comment\",\"target\":[\"https:\\\/\\\/cvinoticias.com\\\/v3\\\/la-autopsia-a-acero-cali-determino-que-murio-por-un-infarto\\\/#respond\"]}]},{\"@type\":\"WebPage\",\"@id\":\"https:\\\/\\\/cvinoticias.com\\\/v3\\\/la-autopsia-a-acero-cali-determino-que-murio-por-un-infarto\\\/\",\"url\":\"https:\\\/\\\/cvinoticias.com\\\/v3\\\/la-autopsia-a-acero-cali-determino-que-murio-por-un-infarto\\\/\",\"name\":\"La autopsia a \u201cAcero\u201d Cali determin\u00f3 que muri\u00f3 por un infarto | CVI NOTICIAS\",\"isPartOf\":{\"@id\":\"https:\\\/\\\/cvinoticias.com\\\/v3\\\/#website\"},\"primaryImageOfPage\":{\"@id\":\"https:\\\/\\\/cvinoticias.com\\\/v3\\\/la-autopsia-a-acero-cali-determino-que-murio-por-un-infarto\\\/#primaryimage\"},\"image\":{\"@id\":\"https:\\\/\\\/cvinoticias.com\\\/v3\\\/la-autopsia-a-acero-cali-determino-que-murio-por-un-infarto\\\/#primaryimage\"},\"thumbnailUrl\":\"https:\\\/\\\/cvinoticias.com\\\/wp-content\\\/uploads\\\/2021\\\/10\\\/1545910425385.jpg\",\"datePublished\":\"2021-10-04T05:04:43+00:00\",\"breadcrumb\":{\"@id\":\"https:\\\/\\\/cvinoticias.com\\\/v3\\\/la-autopsia-a-acero-cali-determino-que-murio-por-un-infarto\\\/#breadcrumb\"},\"inLanguage\":\"es\",\"potentialAction\":[{\"@type\":\"ReadAction\",\"target\":[\"https:\\\/\\\/cvinoticias.com\\\/v3\\\/la-autopsia-a-acero-cali-determino-que-murio-por-un-infarto\\\/\"]}]},{\"@type\":\"ImageObject\",\"inLanguage\":\"es\",\"@id\":\"https:\\\/\\\/cvinoticias.com\\\/v3\\\/la-autopsia-a-acero-cali-determino-que-murio-por-un-infarto\\\/#primaryimage\",\"url\":\"https:\\\/\\\/cvinoticias.com\\\/wp-content\\\/uploads\\\/2021\\\/10\\\/1545910425385.jpg\",\"contentUrl\":\"https:\\\/\\\/cvinoticias.com\\\/wp-content\\\/uploads\\\/2021\\\/10\\\/1545910425385.jpg\",\"width\":1920,\"height\":950},{\"@type\":\"BreadcrumbList\",\"@id\":\"https:\\\/\\\/cvinoticias.com\\\/v3\\\/la-autopsia-a-acero-cali-determino-que-murio-por-un-infarto\\\/#breadcrumb\",\"itemListElement\":[{\"@type\":\"ListItem\",\"position\":1,\"name\":\"Portada\",\"item\":\"https:\\\/\\\/cvinoticias.com\\\/v3\\\/\"},{\"@type\":\"ListItem\",\"position\":2,\"name\":\"La autopsia a \u201cAcero\u201d Cali determin\u00f3 que muri\u00f3 por un infarto\"}]},{\"@type\":\"WebSite\",\"@id\":\"https:\\\/\\\/cvinoticias.com\\\/v3\\\/#website\",\"url\":\"https:\\\/\\\/cvinoticias.com\\\/v3\\\/\",\"name\":\"CVI NOTICIAS\",\"description\":\"\",\"publisher\":{\"@id\":\"https:\\\/\\\/cvinoticias.com\\\/v3\\\/#organization\"},\"alternateName\":\"CVI\",\"potentialAction\":[{\"@type\":\"SearchAction\",\"target\":{\"@type\":\"EntryPoint\",\"urlTemplate\":\"https:\\\/\\\/cvinoticias.com\\\/v3\\\/?s={search_term_string}\"},\"query-input\":{\"@type\":\"PropertyValueSpecification\",\"valueRequired\":true,\"valueName\":\"search_term_string\"}}],\"inLanguage\":\"es\"},{\"@type\":\"Organization\",\"@id\":\"https:\\\/\\\/cvinoticias.com\\\/v3\\\/#organization\",\"name\":\"CVI NOTICIAS\",\"url\":\"https:\\\/\\\/cvinoticias.com\\\/v3\\\/\",\"logo\":{\"@type\":\"ImageObject\",\"inLanguage\":\"es\",\"@id\":\"https:\\\/\\\/cvinoticias.com\\\/v3\\\/#\\\/schema\\\/logo\\\/image\\\/\",\"url\":\"https:\\\/\\\/cvinoticias.com\\\/wp-content\\\/uploads\\\/2023\\\/04\\\/cropped-cropped-cropped-cropped-cropped-3-1.png\",\"contentUrl\":\"https:\\\/\\\/cvinoticias.com\\\/wp-content\\\/uploads\\\/2023\\\/04\\\/cropped-cropped-cropped-cropped-cropped-3-1.png\",\"width\":95,\"height\":122,\"caption\":\"CVI NOTICIAS\"},\"image\":{\"@id\":\"https:\\\/\\\/cvinoticias.com\\\/v3\\\/#\\\/schema\\\/logo\\\/image\\\/\"},\"sameAs\":[\"https:\\\/\\\/www.facebook.com\\\/cvinoticias\",\"https:\\\/\\\/www.instagram.com\\\/cvinoticias\\\/\",\"https:\\\/\\\/www.youtube.com\\\/@CVINOTICIAS\"]},{\"@type\":\"Person\",\"@id\":\"https:\\\/\\\/cvinoticias.com\\\/v3\\\/#\\\/schema\\\/person\\\/2db77e3c6bc03c538495d7b2b8be9b66\",\"name\":\"f1000024\",\"image\":{\"@type\":\"ImageObject\",\"inLanguage\":\"es\",\"@id\":\"https:\\\/\\\/secure.gravatar.com\\\/avatar\\\/d4fe7459cfc51ff5129ce1a732bbef5928568b8092d412ef95611616376bbeed?s=96&d=mm&r=g\",\"url\":\"https:\\\/\\\/secure.gravatar.com\\\/avatar\\\/d4fe7459cfc51ff5129ce1a732bbef5928568b8092d412ef95611616376bbeed?s=96&d=mm&r=g\",\"contentUrl\":\"https:\\\/\\\/secure.gravatar.com\\\/avatar\\\/d4fe7459cfc51ff5129ce1a732bbef5928568b8092d412ef95611616376bbeed?s=96&d=mm&r=g\",\"caption\":\"f1000024\"},\"url\":\"https:\\\/\\\/cvinoticias.com\\\/v3\\\/author\\\/f1000024\\\/\"}]}<\/script>\n<!-- \/ Yoast SEO plugin. -->","yoast_head_json":{"title":"La autopsia a \u201cAcero\u201d Cali determin\u00f3 que muri\u00f3 por un infarto | CVI NOTICIAS","robots":{"index":"index","follow":"follow","max-snippet":"max-snippet:-1","max-image-preview":"max-image-preview:large","max-video-preview":"max-video-preview:-1"},"canonical":"https:\/\/cvinoticias.com\/v3\/la-autopsia-a-acero-cali-determino-que-murio-por-un-infarto\/","og_locale":"es_ES","og_type":"article","og_title":"La autopsia a \u201cAcero\u201d Cali determin\u00f3 que muri\u00f3 por un infarto | CVI NOTICIAS","og_description":"Este domingo por la ma\u00f1ana, el ex luchador \u201cAcero\u201d Cali fue encontrado sin vida en La Pampa. Seg\u00fan la autopsia preliminar, el ex luchador, Jorge \u201cAcero\u201d Cali\u00a0muri\u00f3 a ra\u00edz de un infarto. Los datos de la\u00a0misma\u00a0trascendieron a \u00faltima hora de este domingo. En este contexto, fuentes de la investigaci\u00f3n confirmaron que Cali falleci\u00f3 por\u00a0\u201cun infarto [&hellip;]","og_url":"https:\/\/cvinoticias.com\/v3\/la-autopsia-a-acero-cali-determino-que-murio-por-un-infarto\/","og_site_name":"CVI NOTICIAS","article_publisher":"https:\/\/www.facebook.com\/cvinoticias","article_published_time":"2021-10-04T05:04:43+00:00","og_image":[{"width":1920,"height":950,"url":"https:\/\/cvinoticias.com\/wp-content\/uploads\/2021\/10\/1545910425385.jpg","type":"image\/jpeg"}],"author":"f1000024","twitter_card":"summary_large_image","twitter_misc":{"Escrito por":"f1000024","Tiempo de lectura":"2 minutos"},"schema":{"@context":"https:\/\/schema.org","@graph":[{"@type":"Article","@id":"https:\/\/cvinoticias.com\/v3\/la-autopsia-a-acero-cali-determino-que-murio-por-un-infarto\/#article","isPartOf":{"@id":"https:\/\/cvinoticias.com\/v3\/la-autopsia-a-acero-cali-determino-que-murio-por-un-infarto\/"},"author":{"name":"f1000024","@id":"https:\/\/cvinoticias.com\/v3\/#\/schema\/person\/2db77e3c6bc03c538495d7b2b8be9b66"},"headline":"La autopsia a \u201cAcero\u201d Cali determin\u00f3 que muri\u00f3 por un infarto","datePublished":"2021-10-04T05:04:43+00:00","mainEntityOfPage":{"@id":"https:\/\/cvinoticias.com\/v3\/la-autopsia-a-acero-cali-determino-que-murio-por-un-infarto\/"},"wordCount":389,"commentCount":0,"publisher":{"@id":"https:\/\/cvinoticias.com\/v3\/#organization"},"image":{"@id":"https:\/\/cvinoticias.com\/v3\/la-autopsia-a-acero-cali-determino-que-murio-por-un-infarto\/#primaryimage"},"thumbnailUrl":"https:\/\/cvinoticias.com\/wp-content\/uploads\/2021\/10\/1545910425385.jpg","articleSection":["Informaci\u00f3n General"],"inLanguage":"es","potentialAction":[{"@type":"CommentAction","name":"Comment","target":["https:\/\/cvinoticias.com\/v3\/la-autopsia-a-acero-cali-determino-que-murio-por-un-infarto\/#respond"]}]},{"@type":"WebPage","@id":"https:\/\/cvinoticias.com\/v3\/la-autopsia-a-acero-cali-determino-que-murio-por-un-infarto\/","url":"https:\/\/cvinoticias.com\/v3\/la-autopsia-a-acero-cali-determino-que-murio-por-un-infarto\/","name":"La autopsia a \u201cAcero\u201d Cali determin\u00f3 que muri\u00f3 por un infarto | CVI NOTICIAS","isPartOf":{"@id":"https:\/\/cvinoticias.com\/v3\/#website"},"primaryImageOfPage":{"@id":"https:\/\/cvinoticias.com\/v3\/la-autopsia-a-acero-cali-determino-que-murio-por-un-infarto\/#primaryimage"},"image":{"@id":"https:\/\/cvinoticias.com\/v3\/la-autopsia-a-acero-cali-determino-que-murio-por-un-infarto\/#primaryimage"},"thumbnailUrl":"https:\/\/cvinoticias.com\/wp-content\/uploads\/2021\/10\/1545910425385.jpg","datePublished":"2021-10-04T05:04:43+00:00","breadcrumb":{"@id":"https:\/\/cvinoticias.com\/v3\/la-autopsia-a-acero-cali-determino-que-murio-por-un-infarto\/#breadcrumb"},"inLanguage":"es","potentialAction":[{"@type":"ReadAction","target":["https:\/\/cvinoticias.com\/v3\/la-autopsia-a-acero-cali-determino-que-murio-por-un-infarto\/"]}]},{"@type":"ImageObject","inLanguage":"es","@id":"https:\/\/cvinoticias.com\/v3\/la-autopsia-a-acero-cali-determino-que-murio-por-un-infarto\/#primaryimage","url":"https:\/\/cvinoticias.com\/wp-content\/uploads\/2021\/10\/1545910425385.jpg","contentUrl":"https:\/\/cvinoticias.com\/wp-content\/uploads\/2021\/10\/1545910425385.jpg","width":1920,"height":950},{"@type":"BreadcrumbList","@id":"https:\/\/cvinoticias.com\/v3\/la-autopsia-a-acero-cali-determino-que-murio-por-un-infarto\/#breadcrumb","itemListElement":[{"@type":"ListItem","position":1,"name":"Portada","item":"https:\/\/cvinoticias.com\/v3\/"},{"@type":"ListItem","position":2,"name":"La autopsia a \u201cAcero\u201d Cali determin\u00f3 que muri\u00f3 por un infarto"}]},{"@type":"WebSite","@id":"https:\/\/cvinoticias.com\/v3\/#website","url":"https:\/\/cvinoticias.com\/v3\/","name":"CVI NOTICIAS","description":"","publisher":{"@id":"https:\/\/cvinoticias.com\/v3\/#organization"},"alternateName":"CVI","potentialAction":[{"@type":"SearchAction","target":{"@type":"EntryPoint","urlTemplate":"https:\/\/cvinoticias.com\/v3\/?s={search_term_string}"},"query-input":{"@type":"PropertyValueSpecification","valueRequired":true,"valueName":"search_term_string"}}],"inLanguage":"es"},{"@type":"Organization","@id":"https:\/\/cvinoticias.com\/v3\/#organization","name":"CVI NOTICIAS","url":"https:\/\/cvinoticias.com\/v3\/","logo":{"@type":"ImageObject","inLanguage":"es","@id":"https:\/\/cvinoticias.com\/v3\/#\/schema\/logo\/image\/","url":"https:\/\/cvinoticias.com\/wp-content\/uploads\/2023\/04\/cropped-cropped-cropped-cropped-cropped-3-1.png","contentUrl":"https:\/\/cvinoticias.com\/wp-content\/uploads\/2023\/04\/cropped-cropped-cropped-cropped-cropped-3-1.png","width":95,"height":122,"caption":"CVI NOTICIAS"},"image":{"@id":"https:\/\/cvinoticias.com\/v3\/#\/schema\/logo\/image\/"},"sameAs":["https:\/\/www.facebook.com\/cvinoticias","https:\/\/www.instagram.com\/cvinoticias\/","https:\/\/www.youtube.com\/@CVINOTICIAS"]},{"@type":"Person","@id":"https:\/\/cvinoticias.com\/v3\/#\/schema\/person\/2db77e3c6bc03c538495d7b2b8be9b66","name":"f1000024","image":{"@type":"ImageObject","inLanguage":"es","@id":"https:\/\/secure.gravatar.com\/avatar\/d4fe7459cfc51ff5129ce1a732bbef5928568b8092d412ef95611616376bbeed?s=96&d=mm&r=g","url":"https:\/\/secure.gravatar.com\/avatar\/d4fe7459cfc51ff5129ce1a732bbef5928568b8092d412ef95611616376bbeed?s=96&d=mm&r=g","contentUrl":"https:\/\/secure.gravatar.com\/avatar\/d4fe7459cfc51ff5129ce1a732bbef5928568b8092d412ef95611616376bbeed?s=96&d=mm&r=g","caption":"f1000024"},"url":"https:\/\/cvinoticias.com\/v3\/author\/f1000024\/"}]}},"_links":{"self":[{"href":"https:\/\/cvinoticias.com\/v3\/wp-json\/wp\/v2\/posts\/9207","targetHints":{"allow":["GET"]}}],"collection":[{"href":"https:\/\/cvinoticias.com\/v3\/wp-json\/wp\/v2\/posts"}],"about":[{"href":"https:\/\/cvinoticias.com\/v3\/wp-json\/wp\/v2\/types\/post"}],"author":[{"embeddable":true,"href":"https:\/\/cvinoticias.com\/v3\/wp-json\/wp\/v2\/users\/2"}],"replies":[{"embeddable":true,"href":"https:\/\/cvinoticias.com\/v3\/wp-json\/wp\/v2\/comments?post=9207"}],"version-history":[{"count":1,"href":"https:\/\/cvinoticias.com\/v3\/wp-json\/wp\/v2\/posts\/9207\/revisions"}],"predecessor-version":[{"id":9209,"href":"https:\/\/cvinoticias.com\/v3\/wp-json\/wp\/v2\/posts\/9207\/revisions\/9209"}],"wp:featuredmedia":[{"embeddable":true,"href":"https:\/\/cvinoticias.com\/v3\/wp-json\/wp\/v2\/media\/9208"}],"wp:attachment":[{"href":"https:\/\/cvinoticias.com\/v3\/wp-json\/wp\/v2\/media?parent=9207"}],"wp:term":[{"taxonomy":"category","embeddable":true,"href":"https:\/\/cvinoticias.com\/v3\/wp-json\/wp\/v2\/categories?post=9207"},{"taxonomy":"post_tag","embeddable":true,"href":"https:\/\/cvinoticias.com\/v3\/wp-json\/wp\/v2\/tags?post=9207"}],"curies":[{"name":"wp","href":"https:\/\/api.w.org\/{rel}","templated":true}]}}