{"id":9204,"date":"2021-10-04T04:37:16","date_gmt":"2021-10-04T04:37:16","guid":{"rendered":"https:\/\/cvinoticias.com\/v3\/?p=9204"},"modified":"2021-10-04T04:37:16","modified_gmt":"2021-10-04T04:37:16","slug":"misiones-se-aprobo-la-modificacion-de-la-ley-de-alojamientos-turisticos","status":"publish","type":"post","link":"https:\/\/cvinoticias.com\/v3\/misiones-se-aprobo-la-modificacion-de-la-ley-de-alojamientos-turisticos\/","title":{"rendered":"Misiones: Se aprob\u00f3 la modificaci\u00f3n de la Ley de Alojamientos Tur\u00edsticos"},"content":{"rendered":"\n<p><strong><em>A partir de las iniciativas de los diputados Anita Minder y Hugo Passalaqcua se modific\u00f3 y actualiz\u00f3 la Ley de Alojamientos Tur\u00edsticos para incluir las nuevas modalidades, actualizar la categorizaciones y promover la calidad.<\/em><\/strong><\/p>\n\n\n\n<p>Tras el Dictamen favorable en la Comisi\u00f3n de Comercio, Industria, Derechos de Usuarios y Consumidores y Turismo, se aprob\u00f3 en la \u00faltima sesi\u00f3n una modificaci\u00f3n de la Ley XXIII N\u00b0 1 conocida como Ley de Hoteler\u00eda, estableciendo as\u00ed un marco jur\u00eddico en el que se incorporar\u00e1n las nuevas modalidades de hospedaje, para que se encuentren m\u00e1s adaptadas a la realidad del turismo local.<\/p>\n\n\n\n<p>Minder dijo que \u201cestamos satisfechos con los cambios que se hicieron en varios art\u00edculos ya que ten\u00edamos una Ley que tiene m\u00e1s de 50 a\u00f1os. Ha pasado mucho tiempo y las nuevas tipolog\u00edas y modalidades requieren nuevas clasificaciones y categorizaciones para dar respuestas a las demandas del sector y del mercado, considerando la din\u00e1mica y evoluci\u00f3n de la actividad tur\u00edstica.\u201d<\/p>\n\n\n\n<p>La Legisladora, adem\u00e1s, subray\u00f3 que \u201ccelebro que se haya aprobado la modificaci\u00f3n ya que las actividades tur\u00edsticas se reiniciaron, y estamos camino a una nueva normalidad a partir de la reapertura de la frontera.\u201d Al respecto tambi\u00e9n record\u00f3 que \u201cel proyecto lo present\u00e9 el a\u00f1o pasado, pero en el marco de las restricciones de actividades tur\u00edsticas no parec\u00eda adecuado ni oportuno que trat\u00e1ramos la iniciativa.\u201d<\/p>\n\n\n\n<p>La diputada radical explic\u00f3 que la modificaci\u00f3n busca \u201cincorporar las nuevas modalidades que no estaban comprendidas en la Ley, como el caso de los alojamientos de tipo extrahotelero, que si bien no requieren categorizaci\u00f3n, deben estar registradas para garantizar los controles necesarios, promover la competencia leal y blanquear los n\u00fameros reales del turismo en la provincia, porque hay un importante mercado que utiliza este servicio\u201d.<\/p>\n\n\n\n<p>Entre las modificaciones realizadas, se ampliaron las funciones de la Autoridad de Aplicaci\u00f3n -es decir del Ministerio de Turismo-, y se cre\u00f3 el \u00abConsejo Consultivo Provincial de Alojamientos Tur\u00edsticos\u00bb, integrado por el Ministerio de Turismo, el sector privado y el profesional, para entre otras cosas, acordar est\u00e1ndares en la calidad de los servicios.<\/p>\n\n\n\n<p>Por \u00faltimo, la Vicepresidente Segunda de la C\u00e1mara de Representantes argument\u00f3 que \u00abse busca dar respuestas a las nuevas demandas del turista, protegerlo, brindarle seguridad y calidad en los servicios\u201d.<\/p>\n","protected":false},"excerpt":{"rendered":"<p>A partir de las iniciativas de los diputados Anita Minder y Hugo Passalaqcua se modific\u00f3 y actualiz\u00f3 la Ley de Alojamientos Tur\u00edsticos para incluir las nuevas modalidades, actualizar la categorizaciones y promover la calidad. Tras el Dictamen favorable en la Comisi\u00f3n de Comercio, Industria, Derechos de Usuarios y Consumidores y Turismo, se aprob\u00f3 en la [&hellip;]<\/p>\n","protected":false},"author":2,"featured_media":9205,"comment_status":"open","ping_status":"open","sticky":false,"template":"","format":"standard","meta":{"footnotes":""},"categories":[50],"tags":[],"class_list":["post-9204","post","type-post","status-publish","format-standard","has-post-thumbnail","hentry","category-turismo"],"yoast_head":"<!-- This site is optimized with the Yoast SEO plugin v27.4 - https:\/\/yoast.com\/product\/yoast-seo-wordpress\/ -->\n<title>Misiones: Se aprob\u00f3 la modificaci\u00f3n de la Ley de Alojamientos Tur\u00edsticos | CVI NOTICIAS<\/title>\n<meta name=\"robots\" content=\"index, follow, max-snippet:-1, max-image-preview:large, max-video-preview:-1\" \/>\n<link rel=\"canonical\" href=\"https:\/\/cvinoticias.com\/v3\/misiones-se-aprobo-la-modificacion-de-la-ley-de-alojamientos-turisticos\/\" \/>\n<meta property=\"og:locale\" content=\"es_ES\" \/>\n<meta property=\"og:type\" content=\"article\" \/>\n<meta property=\"og:title\" content=\"Misiones: Se aprob\u00f3 la modificaci\u00f3n de la Ley de Alojamientos Tur\u00edsticos | CVI NOTICIAS\" \/>\n<meta property=\"og:description\" content=\"A partir de las iniciativas de los diputados Anita Minder y Hugo Passalaqcua se modific\u00f3 y actualiz\u00f3 la Ley de Alojamientos Tur\u00edsticos para incluir las nuevas modalidades, actualizar la categorizaciones y promover la calidad. Tras el Dictamen favorable en la Comisi\u00f3n de Comercio, Industria, Derechos de Usuarios y Consumidores y Turismo, se aprob\u00f3 en la [&hellip;]\" \/>\n<meta property=\"og:url\" content=\"https:\/\/cvinoticias.com\/v3\/misiones-se-aprobo-la-modificacion-de-la-ley-de-alojamientos-turisticos\/\" \/>\n<meta property=\"og:site_name\" content=\"CVI NOTICIAS\" \/>\n<meta property=\"article:publisher\" content=\"https:\/\/www.facebook.com\/cvinoticias\" \/>\n<meta property=\"article:published_time\" content=\"2021-10-04T04:37:16+00:00\" \/>\n<meta property=\"og:image\" content=\"https:\/\/cvinoticias.com\/wp-content\/uploads\/2021\/10\/284485513.jpg\" \/>\n\t<meta property=\"og:image:width\" content=\"1183\" \/>\n\t<meta property=\"og:image:height\" content=\"716\" \/>\n\t<meta property=\"og:image:type\" content=\"image\/jpeg\" \/>\n<meta name=\"author\" content=\"f1000024\" \/>\n<meta name=\"twitter:card\" content=\"summary_large_image\" \/>\n<meta name=\"twitter:label1\" content=\"Escrito por\" \/>\n\t<meta name=\"twitter:data1\" content=\"f1000024\" \/>\n\t<meta name=\"twitter:label2\" content=\"Tiempo de lectura\" \/>\n\t<meta name=\"twitter:data2\" content=\"2 minutos\" \/>\n<script type=\"application\/ld+json\" class=\"yoast-schema-graph\">{\"@context\":\"https:\\\/\\\/schema.org\",\"@graph\":[{\"@type\":\"Article\",\"@id\":\"https:\\\/\\\/cvinoticias.com\\\/v3\\\/misiones-se-aprobo-la-modificacion-de-la-ley-de-alojamientos-turisticos\\\/#article\",\"isPartOf\":{\"@id\":\"https:\\\/\\\/cvinoticias.com\\\/v3\\\/misiones-se-aprobo-la-modificacion-de-la-ley-de-alojamientos-turisticos\\\/\"},\"author\":{\"name\":\"f1000024\",\"@id\":\"https:\\\/\\\/cvinoticias.com\\\/v3\\\/#\\\/schema\\\/person\\\/2db77e3c6bc03c538495d7b2b8be9b66\"},\"headline\":\"Misiones: Se aprob\u00f3 la modificaci\u00f3n de la Ley de Alojamientos Tur\u00edsticos\",\"datePublished\":\"2021-10-04T04:37:16+00:00\",\"mainEntityOfPage\":{\"@id\":\"https:\\\/\\\/cvinoticias.com\\\/v3\\\/misiones-se-aprobo-la-modificacion-de-la-ley-de-alojamientos-turisticos\\\/\"},\"wordCount\":412,\"commentCount\":0,\"publisher\":{\"@id\":\"https:\\\/\\\/cvinoticias.com\\\/v3\\\/#organization\"},\"image\":{\"@id\":\"https:\\\/\\\/cvinoticias.com\\\/v3\\\/misiones-se-aprobo-la-modificacion-de-la-ley-de-alojamientos-turisticos\\\/#primaryimage\"},\"thumbnailUrl\":\"https:\\\/\\\/cvinoticias.com\\\/wp-content\\\/uploads\\\/2021\\\/10\\\/284485513.jpg\",\"articleSection\":[\"Turismo\"],\"inLanguage\":\"es\",\"potentialAction\":[{\"@type\":\"CommentAction\",\"name\":\"Comment\",\"target\":[\"https:\\\/\\\/cvinoticias.com\\\/v3\\\/misiones-se-aprobo-la-modificacion-de-la-ley-de-alojamientos-turisticos\\\/#respond\"]}]},{\"@type\":\"WebPage\",\"@id\":\"https:\\\/\\\/cvinoticias.com\\\/v3\\\/misiones-se-aprobo-la-modificacion-de-la-ley-de-alojamientos-turisticos\\\/\",\"url\":\"https:\\\/\\\/cvinoticias.com\\\/v3\\\/misiones-se-aprobo-la-modificacion-de-la-ley-de-alojamientos-turisticos\\\/\",\"name\":\"Misiones: Se aprob\u00f3 la modificaci\u00f3n de la Ley de Alojamientos Tur\u00edsticos | CVI NOTICIAS\",\"isPartOf\":{\"@id\":\"https:\\\/\\\/cvinoticias.com\\\/v3\\\/#website\"},\"primaryImageOfPage\":{\"@id\":\"https:\\\/\\\/cvinoticias.com\\\/v3\\\/misiones-se-aprobo-la-modificacion-de-la-ley-de-alojamientos-turisticos\\\/#primaryimage\"},\"image\":{\"@id\":\"https:\\\/\\\/cvinoticias.com\\\/v3\\\/misiones-se-aprobo-la-modificacion-de-la-ley-de-alojamientos-turisticos\\\/#primaryimage\"},\"thumbnailUrl\":\"https:\\\/\\\/cvinoticias.com\\\/wp-content\\\/uploads\\\/2021\\\/10\\\/284485513.jpg\",\"datePublished\":\"2021-10-04T04:37:16+00:00\",\"breadcrumb\":{\"@id\":\"https:\\\/\\\/cvinoticias.com\\\/v3\\\/misiones-se-aprobo-la-modificacion-de-la-ley-de-alojamientos-turisticos\\\/#breadcrumb\"},\"inLanguage\":\"es\",\"potentialAction\":[{\"@type\":\"ReadAction\",\"target\":[\"https:\\\/\\\/cvinoticias.com\\\/v3\\\/misiones-se-aprobo-la-modificacion-de-la-ley-de-alojamientos-turisticos\\\/\"]}]},{\"@type\":\"ImageObject\",\"inLanguage\":\"es\",\"@id\":\"https:\\\/\\\/cvinoticias.com\\\/v3\\\/misiones-se-aprobo-la-modificacion-de-la-ley-de-alojamientos-turisticos\\\/#primaryimage\",\"url\":\"https:\\\/\\\/cvinoticias.com\\\/wp-content\\\/uploads\\\/2021\\\/10\\\/284485513.jpg\",\"contentUrl\":\"https:\\\/\\\/cvinoticias.com\\\/wp-content\\\/uploads\\\/2021\\\/10\\\/284485513.jpg\",\"width\":1183,\"height\":716},{\"@type\":\"BreadcrumbList\",\"@id\":\"https:\\\/\\\/cvinoticias.com\\\/v3\\\/misiones-se-aprobo-la-modificacion-de-la-ley-de-alojamientos-turisticos\\\/#breadcrumb\",\"itemListElement\":[{\"@type\":\"ListItem\",\"position\":1,\"name\":\"Portada\",\"item\":\"https:\\\/\\\/cvinoticias.com\\\/v3\\\/\"},{\"@type\":\"ListItem\",\"position\":2,\"name\":\"Misiones: Se aprob\u00f3 la modificaci\u00f3n de la Ley de Alojamientos Tur\u00edsticos\"}]},{\"@type\":\"WebSite\",\"@id\":\"https:\\\/\\\/cvinoticias.com\\\/v3\\\/#website\",\"url\":\"https:\\\/\\\/cvinoticias.com\\\/v3\\\/\",\"name\":\"CVI NOTICIAS\",\"description\":\"\",\"publisher\":{\"@id\":\"https:\\\/\\\/cvinoticias.com\\\/v3\\\/#organization\"},\"alternateName\":\"CVI\",\"potentialAction\":[{\"@type\":\"SearchAction\",\"target\":{\"@type\":\"EntryPoint\",\"urlTemplate\":\"https:\\\/\\\/cvinoticias.com\\\/v3\\\/?s={search_term_string}\"},\"query-input\":{\"@type\":\"PropertyValueSpecification\",\"valueRequired\":true,\"valueName\":\"search_term_string\"}}],\"inLanguage\":\"es\"},{\"@type\":\"Organization\",\"@id\":\"https:\\\/\\\/cvinoticias.com\\\/v3\\\/#organization\",\"name\":\"CVI NOTICIAS\",\"url\":\"https:\\\/\\\/cvinoticias.com\\\/v3\\\/\",\"logo\":{\"@type\":\"ImageObject\",\"inLanguage\":\"es\",\"@id\":\"https:\\\/\\\/cvinoticias.com\\\/v3\\\/#\\\/schema\\\/logo\\\/image\\\/\",\"url\":\"https:\\\/\\\/cvinoticias.com\\\/wp-content\\\/uploads\\\/2023\\\/04\\\/cropped-cropped-cropped-cropped-cropped-3-1.png\",\"contentUrl\":\"https:\\\/\\\/cvinoticias.com\\\/wp-content\\\/uploads\\\/2023\\\/04\\\/cropped-cropped-cropped-cropped-cropped-3-1.png\",\"width\":95,\"height\":122,\"caption\":\"CVI NOTICIAS\"},\"image\":{\"@id\":\"https:\\\/\\\/cvinoticias.com\\\/v3\\\/#\\\/schema\\\/logo\\\/image\\\/\"},\"sameAs\":[\"https:\\\/\\\/www.facebook.com\\\/cvinoticias\",\"https:\\\/\\\/www.instagram.com\\\/cvinoticias\\\/\",\"https:\\\/\\\/www.youtube.com\\\/@CVINOTICIAS\"]},{\"@type\":\"Person\",\"@id\":\"https:\\\/\\\/cvinoticias.com\\\/v3\\\/#\\\/schema\\\/person\\\/2db77e3c6bc03c538495d7b2b8be9b66\",\"name\":\"f1000024\",\"image\":{\"@type\":\"ImageObject\",\"inLanguage\":\"es\",\"@id\":\"https:\\\/\\\/secure.gravatar.com\\\/avatar\\\/d4fe7459cfc51ff5129ce1a732bbef5928568b8092d412ef95611616376bbeed?s=96&d=mm&r=g\",\"url\":\"https:\\\/\\\/secure.gravatar.com\\\/avatar\\\/d4fe7459cfc51ff5129ce1a732bbef5928568b8092d412ef95611616376bbeed?s=96&d=mm&r=g\",\"contentUrl\":\"https:\\\/\\\/secure.gravatar.com\\\/avatar\\\/d4fe7459cfc51ff5129ce1a732bbef5928568b8092d412ef95611616376bbeed?s=96&d=mm&r=g\",\"caption\":\"f1000024\"},\"url\":\"https:\\\/\\\/cvinoticias.com\\\/v3\\\/author\\\/f1000024\\\/\"}]}<\/script>\n<!-- \/ Yoast SEO plugin. -->","yoast_head_json":{"title":"Misiones: Se aprob\u00f3 la modificaci\u00f3n de la Ley de Alojamientos Tur\u00edsticos | CVI NOTICIAS","robots":{"index":"index","follow":"follow","max-snippet":"max-snippet:-1","max-image-preview":"max-image-preview:large","max-video-preview":"max-video-preview:-1"},"canonical":"https:\/\/cvinoticias.com\/v3\/misiones-se-aprobo-la-modificacion-de-la-ley-de-alojamientos-turisticos\/","og_locale":"es_ES","og_type":"article","og_title":"Misiones: Se aprob\u00f3 la modificaci\u00f3n de la Ley de Alojamientos Tur\u00edsticos | CVI NOTICIAS","og_description":"A partir de las iniciativas de los diputados Anita Minder y Hugo Passalaqcua se modific\u00f3 y actualiz\u00f3 la Ley de Alojamientos Tur\u00edsticos para incluir las nuevas modalidades, actualizar la categorizaciones y promover la calidad. Tras el Dictamen favorable en la Comisi\u00f3n de Comercio, Industria, Derechos de Usuarios y Consumidores y Turismo, se aprob\u00f3 en la [&hellip;]","og_url":"https:\/\/cvinoticias.com\/v3\/misiones-se-aprobo-la-modificacion-de-la-ley-de-alojamientos-turisticos\/","og_site_name":"CVI NOTICIAS","article_publisher":"https:\/\/www.facebook.com\/cvinoticias","article_published_time":"2021-10-04T04:37:16+00:00","og_image":[{"width":1183,"height":716,"url":"https:\/\/cvinoticias.com\/wp-content\/uploads\/2021\/10\/284485513.jpg","type":"image\/jpeg"}],"author":"f1000024","twitter_card":"summary_large_image","twitter_misc":{"Escrito por":"f1000024","Tiempo de lectura":"2 minutos"},"schema":{"@context":"https:\/\/schema.org","@graph":[{"@type":"Article","@id":"https:\/\/cvinoticias.com\/v3\/misiones-se-aprobo-la-modificacion-de-la-ley-de-alojamientos-turisticos\/#article","isPartOf":{"@id":"https:\/\/cvinoticias.com\/v3\/misiones-se-aprobo-la-modificacion-de-la-ley-de-alojamientos-turisticos\/"},"author":{"name":"f1000024","@id":"https:\/\/cvinoticias.com\/v3\/#\/schema\/person\/2db77e3c6bc03c538495d7b2b8be9b66"},"headline":"Misiones: Se aprob\u00f3 la modificaci\u00f3n de la Ley de Alojamientos Tur\u00edsticos","datePublished":"2021-10-04T04:37:16+00:00","mainEntityOfPage":{"@id":"https:\/\/cvinoticias.com\/v3\/misiones-se-aprobo-la-modificacion-de-la-ley-de-alojamientos-turisticos\/"},"wordCount":412,"commentCount":0,"publisher":{"@id":"https:\/\/cvinoticias.com\/v3\/#organization"},"image":{"@id":"https:\/\/cvinoticias.com\/v3\/misiones-se-aprobo-la-modificacion-de-la-ley-de-alojamientos-turisticos\/#primaryimage"},"thumbnailUrl":"https:\/\/cvinoticias.com\/wp-content\/uploads\/2021\/10\/284485513.jpg","articleSection":["Turismo"],"inLanguage":"es","potentialAction":[{"@type":"CommentAction","name":"Comment","target":["https:\/\/cvinoticias.com\/v3\/misiones-se-aprobo-la-modificacion-de-la-ley-de-alojamientos-turisticos\/#respond"]}]},{"@type":"WebPage","@id":"https:\/\/cvinoticias.com\/v3\/misiones-se-aprobo-la-modificacion-de-la-ley-de-alojamientos-turisticos\/","url":"https:\/\/cvinoticias.com\/v3\/misiones-se-aprobo-la-modificacion-de-la-ley-de-alojamientos-turisticos\/","name":"Misiones: Se aprob\u00f3 la modificaci\u00f3n de la Ley de Alojamientos Tur\u00edsticos | CVI NOTICIAS","isPartOf":{"@id":"https:\/\/cvinoticias.com\/v3\/#website"},"primaryImageOfPage":{"@id":"https:\/\/cvinoticias.com\/v3\/misiones-se-aprobo-la-modificacion-de-la-ley-de-alojamientos-turisticos\/#primaryimage"},"image":{"@id":"https:\/\/cvinoticias.com\/v3\/misiones-se-aprobo-la-modificacion-de-la-ley-de-alojamientos-turisticos\/#primaryimage"},"thumbnailUrl":"https:\/\/cvinoticias.com\/wp-content\/uploads\/2021\/10\/284485513.jpg","datePublished":"2021-10-04T04:37:16+00:00","breadcrumb":{"@id":"https:\/\/cvinoticias.com\/v3\/misiones-se-aprobo-la-modificacion-de-la-ley-de-alojamientos-turisticos\/#breadcrumb"},"inLanguage":"es","potentialAction":[{"@type":"ReadAction","target":["https:\/\/cvinoticias.com\/v3\/misiones-se-aprobo-la-modificacion-de-la-ley-de-alojamientos-turisticos\/"]}]},{"@type":"ImageObject","inLanguage":"es","@id":"https:\/\/cvinoticias.com\/v3\/misiones-se-aprobo-la-modificacion-de-la-ley-de-alojamientos-turisticos\/#primaryimage","url":"https:\/\/cvinoticias.com\/wp-content\/uploads\/2021\/10\/284485513.jpg","contentUrl":"https:\/\/cvinoticias.com\/wp-content\/uploads\/2021\/10\/284485513.jpg","width":1183,"height":716},{"@type":"BreadcrumbList","@id":"https:\/\/cvinoticias.com\/v3\/misiones-se-aprobo-la-modificacion-de-la-ley-de-alojamientos-turisticos\/#breadcrumb","itemListElement":[{"@type":"ListItem","position":1,"name":"Portada","item":"https:\/\/cvinoticias.com\/v3\/"},{"@type":"ListItem","position":2,"name":"Misiones: Se aprob\u00f3 la modificaci\u00f3n de la Ley de Alojamientos Tur\u00edsticos"}]},{"@type":"WebSite","@id":"https:\/\/cvinoticias.com\/v3\/#website","url":"https:\/\/cvinoticias.com\/v3\/","name":"CVI NOTICIAS","description":"","publisher":{"@id":"https:\/\/cvinoticias.com\/v3\/#organization"},"alternateName":"CVI","potentialAction":[{"@type":"SearchAction","target":{"@type":"EntryPoint","urlTemplate":"https:\/\/cvinoticias.com\/v3\/?s={search_term_string}"},"query-input":{"@type":"PropertyValueSpecification","valueRequired":true,"valueName":"search_term_string"}}],"inLanguage":"es"},{"@type":"Organization","@id":"https:\/\/cvinoticias.com\/v3\/#organization","name":"CVI NOTICIAS","url":"https:\/\/cvinoticias.com\/v3\/","logo":{"@type":"ImageObject","inLanguage":"es","@id":"https:\/\/cvinoticias.com\/v3\/#\/schema\/logo\/image\/","url":"https:\/\/cvinoticias.com\/wp-content\/uploads\/2023\/04\/cropped-cropped-cropped-cropped-cropped-3-1.png","contentUrl":"https:\/\/cvinoticias.com\/wp-content\/uploads\/2023\/04\/cropped-cropped-cropped-cropped-cropped-3-1.png","width":95,"height":122,"caption":"CVI NOTICIAS"},"image":{"@id":"https:\/\/cvinoticias.com\/v3\/#\/schema\/logo\/image\/"},"sameAs":["https:\/\/www.facebook.com\/cvinoticias","https:\/\/www.instagram.com\/cvinoticias\/","https:\/\/www.youtube.com\/@CVINOTICIAS"]},{"@type":"Person","@id":"https:\/\/cvinoticias.com\/v3\/#\/schema\/person\/2db77e3c6bc03c538495d7b2b8be9b66","name":"f1000024","image":{"@type":"ImageObject","inLanguage":"es","@id":"https:\/\/secure.gravatar.com\/avatar\/d4fe7459cfc51ff5129ce1a732bbef5928568b8092d412ef95611616376bbeed?s=96&d=mm&r=g","url":"https:\/\/secure.gravatar.com\/avatar\/d4fe7459cfc51ff5129ce1a732bbef5928568b8092d412ef95611616376bbeed?s=96&d=mm&r=g","contentUrl":"https:\/\/secure.gravatar.com\/avatar\/d4fe7459cfc51ff5129ce1a732bbef5928568b8092d412ef95611616376bbeed?s=96&d=mm&r=g","caption":"f1000024"},"url":"https:\/\/cvinoticias.com\/v3\/author\/f1000024\/"}]}},"_links":{"self":[{"href":"https:\/\/cvinoticias.com\/v3\/wp-json\/wp\/v2\/posts\/9204","targetHints":{"allow":["GET"]}}],"collection":[{"href":"https:\/\/cvinoticias.com\/v3\/wp-json\/wp\/v2\/posts"}],"about":[{"href":"https:\/\/cvinoticias.com\/v3\/wp-json\/wp\/v2\/types\/post"}],"author":[{"embeddable":true,"href":"https:\/\/cvinoticias.com\/v3\/wp-json\/wp\/v2\/users\/2"}],"replies":[{"embeddable":true,"href":"https:\/\/cvinoticias.com\/v3\/wp-json\/wp\/v2\/comments?post=9204"}],"version-history":[{"count":1,"href":"https:\/\/cvinoticias.com\/v3\/wp-json\/wp\/v2\/posts\/9204\/revisions"}],"predecessor-version":[{"id":9206,"href":"https:\/\/cvinoticias.com\/v3\/wp-json\/wp\/v2\/posts\/9204\/revisions\/9206"}],"wp:featuredmedia":[{"embeddable":true,"href":"https:\/\/cvinoticias.com\/v3\/wp-json\/wp\/v2\/media\/9205"}],"wp:attachment":[{"href":"https:\/\/cvinoticias.com\/v3\/wp-json\/wp\/v2\/media?parent=9204"}],"wp:term":[{"taxonomy":"category","embeddable":true,"href":"https:\/\/cvinoticias.com\/v3\/wp-json\/wp\/v2\/categories?post=9204"},{"taxonomy":"post_tag","embeddable":true,"href":"https:\/\/cvinoticias.com\/v3\/wp-json\/wp\/v2\/tags?post=9204"}],"curies":[{"name":"wp","href":"https:\/\/api.w.org\/{rel}","templated":true}]}}