{"id":9201,"date":"2021-10-04T04:19:44","date_gmt":"2021-10-04T04:19:44","guid":{"rendered":"https:\/\/cvinoticias.com\/v3\/?p=9201"},"modified":"2021-10-04T04:19:44","modified_gmt":"2021-10-04T04:19:44","slug":"river-le-gano-a-boca-en-el-super-y-se-subio-a-la-punta-de-la-liga-profesional","status":"publish","type":"post","link":"https:\/\/cvinoticias.com\/v3\/river-le-gano-a-boca-en-el-super-y-se-subio-a-la-punta-de-la-liga-profesional\/","title":{"rendered":"River le gan\u00f3 a Boca en el s\u00faper y se subi\u00f3 a la punta de la Liga Profesional"},"content":{"rendered":"\n<p><em><strong>River derrot\u00f3 a Boca por 2-1 en una nueva edici\u00f3n del Supercl\u00e1sico, jugado en el estadio Monumental en el marco de la decimocuarta fecha de la Liga Profesional de F\u00fatbol (LPF).<\/strong><\/em><\/p>\n\n\n\n<p>El equipo de N\u00fa\u00f1ez se puso en ventaja con dos goles de Juli\u00e1n \u00c1lvarez, a los 24 y 42 minutos de la primera parte, mientras que el conjunto visitante jug\u00f3 con diez debido a que a los 16 se fue expulsado el defensor Marcos Rojo.<\/p>\n\n\n\n<p>En el complemento, Sebasti\u00e1n Battaglia -que no hab\u00eda perdido desde que asumi\u00f3 al frente de Boca- meti\u00f3 cambios para torcer el rumbo del encuentro pero no le alcanz\u00f3. Cuando se jugaban los \u00faltimos minutos, Carlos Zambrano marc\u00f3 el descuento para el Xeneize, que perdi\u00f3 el invicto de la era Battaglia.<\/p>\n\n\n\n<p>Con este resultado, River se ubica como \u00fanico l\u00edder hasta que ma\u00f1ana Talleres enfrente a Defensa y Justicia.<\/p>\n","protected":false},"excerpt":{"rendered":"<p>River derrot\u00f3 a Boca por 2-1 en una nueva edici\u00f3n del Supercl\u00e1sico, jugado en el estadio Monumental en el marco de la decimocuarta fecha de la Liga Profesional de F\u00fatbol (LPF). El equipo de N\u00fa\u00f1ez se puso en ventaja con dos goles de Juli\u00e1n \u00c1lvarez, a los 24 y 42 minutos de la primera parte, [&hellip;]<\/p>\n","protected":false},"author":2,"featured_media":9202,"comment_status":"open","ping_status":"open","sticky":false,"template":"","format":"standard","meta":{"footnotes":""},"categories":[24],"tags":[],"class_list":["post-9201","post","type-post","status-publish","format-standard","has-post-thumbnail","hentry","category-deportes"],"yoast_head":"<!-- This site is optimized with the Yoast SEO plugin v27.4 - https:\/\/yoast.com\/product\/yoast-seo-wordpress\/ -->\n<title>River le gan\u00f3 a Boca en el s\u00faper y se subi\u00f3 a la punta de la Liga Profesional | CVI NOTICIAS<\/title>\n<meta name=\"robots\" content=\"index, follow, max-snippet:-1, max-image-preview:large, max-video-preview:-1\" \/>\n<link rel=\"canonical\" href=\"https:\/\/cvinoticias.com\/v3\/river-le-gano-a-boca-en-el-super-y-se-subio-a-la-punta-de-la-liga-profesional\/\" \/>\n<meta property=\"og:locale\" content=\"es_ES\" \/>\n<meta property=\"og:type\" content=\"article\" \/>\n<meta property=\"og:title\" content=\"River le gan\u00f3 a Boca en el s\u00faper y se subi\u00f3 a la punta de la Liga Profesional | CVI NOTICIAS\" \/>\n<meta property=\"og:description\" content=\"River derrot\u00f3 a Boca por 2-1 en una nueva edici\u00f3n del Supercl\u00e1sico, jugado en el estadio Monumental en el marco de la decimocuarta fecha de la Liga Profesional de F\u00fatbol (LPF). El equipo de N\u00fa\u00f1ez se puso en ventaja con dos goles de Juli\u00e1n \u00c1lvarez, a los 24 y 42 minutos de la primera parte, [&hellip;]\" \/>\n<meta property=\"og:url\" content=\"https:\/\/cvinoticias.com\/v3\/river-le-gano-a-boca-en-el-super-y-se-subio-a-la-punta-de-la-liga-profesional\/\" \/>\n<meta property=\"og:site_name\" content=\"CVI NOTICIAS\" \/>\n<meta property=\"article:publisher\" content=\"https:\/\/www.facebook.com\/cvinoticias\" \/>\n<meta property=\"article:published_time\" content=\"2021-10-04T04:19:44+00:00\" \/>\n<meta property=\"og:image\" content=\"https:\/\/cvinoticias.com\/wp-content\/uploads\/2021\/10\/descarga-4.jpeg\" \/>\n\t<meta property=\"og:image:width\" content=\"298\" \/>\n\t<meta property=\"og:image:height\" content=\"169\" \/>\n\t<meta property=\"og:image:type\" content=\"image\/jpeg\" \/>\n<meta name=\"author\" content=\"f1000024\" \/>\n<meta name=\"twitter:card\" content=\"summary_large_image\" \/>\n<meta name=\"twitter:label1\" content=\"Escrito por\" \/>\n\t<meta name=\"twitter:data1\" content=\"f1000024\" \/>\n\t<meta name=\"twitter:label2\" content=\"Tiempo de lectura\" \/>\n\t<meta name=\"twitter:data2\" content=\"1 minuto\" \/>\n<script type=\"application\/ld+json\" class=\"yoast-schema-graph\">{\"@context\":\"https:\\\/\\\/schema.org\",\"@graph\":[{\"@type\":\"Article\",\"@id\":\"https:\\\/\\\/cvinoticias.com\\\/v3\\\/river-le-gano-a-boca-en-el-super-y-se-subio-a-la-punta-de-la-liga-profesional\\\/#article\",\"isPartOf\":{\"@id\":\"https:\\\/\\\/cvinoticias.com\\\/v3\\\/river-le-gano-a-boca-en-el-super-y-se-subio-a-la-punta-de-la-liga-profesional\\\/\"},\"author\":{\"name\":\"f1000024\",\"@id\":\"https:\\\/\\\/cvinoticias.com\\\/v3\\\/#\\\/schema\\\/person\\\/2db77e3c6bc03c538495d7b2b8be9b66\"},\"headline\":\"River le gan\u00f3 a Boca en el s\u00faper y se subi\u00f3 a la punta de la Liga Profesional\",\"datePublished\":\"2021-10-04T04:19:44+00:00\",\"mainEntityOfPage\":{\"@id\":\"https:\\\/\\\/cvinoticias.com\\\/v3\\\/river-le-gano-a-boca-en-el-super-y-se-subio-a-la-punta-de-la-liga-profesional\\\/\"},\"wordCount\":169,\"commentCount\":0,\"publisher\":{\"@id\":\"https:\\\/\\\/cvinoticias.com\\\/v3\\\/#organization\"},\"image\":{\"@id\":\"https:\\\/\\\/cvinoticias.com\\\/v3\\\/river-le-gano-a-boca-en-el-super-y-se-subio-a-la-punta-de-la-liga-profesional\\\/#primaryimage\"},\"thumbnailUrl\":\"https:\\\/\\\/cvinoticias.com\\\/wp-content\\\/uploads\\\/2021\\\/10\\\/descarga-4.jpeg\",\"articleSection\":[\"Deportes\"],\"inLanguage\":\"es\",\"potentialAction\":[{\"@type\":\"CommentAction\",\"name\":\"Comment\",\"target\":[\"https:\\\/\\\/cvinoticias.com\\\/v3\\\/river-le-gano-a-boca-en-el-super-y-se-subio-a-la-punta-de-la-liga-profesional\\\/#respond\"]}]},{\"@type\":\"WebPage\",\"@id\":\"https:\\\/\\\/cvinoticias.com\\\/v3\\\/river-le-gano-a-boca-en-el-super-y-se-subio-a-la-punta-de-la-liga-profesional\\\/\",\"url\":\"https:\\\/\\\/cvinoticias.com\\\/v3\\\/river-le-gano-a-boca-en-el-super-y-se-subio-a-la-punta-de-la-liga-profesional\\\/\",\"name\":\"River le gan\u00f3 a Boca en el s\u00faper y se subi\u00f3 a la punta de la Liga Profesional | CVI NOTICIAS\",\"isPartOf\":{\"@id\":\"https:\\\/\\\/cvinoticias.com\\\/v3\\\/#website\"},\"primaryImageOfPage\":{\"@id\":\"https:\\\/\\\/cvinoticias.com\\\/v3\\\/river-le-gano-a-boca-en-el-super-y-se-subio-a-la-punta-de-la-liga-profesional\\\/#primaryimage\"},\"image\":{\"@id\":\"https:\\\/\\\/cvinoticias.com\\\/v3\\\/river-le-gano-a-boca-en-el-super-y-se-subio-a-la-punta-de-la-liga-profesional\\\/#primaryimage\"},\"thumbnailUrl\":\"https:\\\/\\\/cvinoticias.com\\\/wp-content\\\/uploads\\\/2021\\\/10\\\/descarga-4.jpeg\",\"datePublished\":\"2021-10-04T04:19:44+00:00\",\"breadcrumb\":{\"@id\":\"https:\\\/\\\/cvinoticias.com\\\/v3\\\/river-le-gano-a-boca-en-el-super-y-se-subio-a-la-punta-de-la-liga-profesional\\\/#breadcrumb\"},\"inLanguage\":\"es\",\"potentialAction\":[{\"@type\":\"ReadAction\",\"target\":[\"https:\\\/\\\/cvinoticias.com\\\/v3\\\/river-le-gano-a-boca-en-el-super-y-se-subio-a-la-punta-de-la-liga-profesional\\\/\"]}]},{\"@type\":\"ImageObject\",\"inLanguage\":\"es\",\"@id\":\"https:\\\/\\\/cvinoticias.com\\\/v3\\\/river-le-gano-a-boca-en-el-super-y-se-subio-a-la-punta-de-la-liga-profesional\\\/#primaryimage\",\"url\":\"https:\\\/\\\/cvinoticias.com\\\/wp-content\\\/uploads\\\/2021\\\/10\\\/descarga-4.jpeg\",\"contentUrl\":\"https:\\\/\\\/cvinoticias.com\\\/wp-content\\\/uploads\\\/2021\\\/10\\\/descarga-4.jpeg\",\"width\":298,\"height\":169},{\"@type\":\"BreadcrumbList\",\"@id\":\"https:\\\/\\\/cvinoticias.com\\\/v3\\\/river-le-gano-a-boca-en-el-super-y-se-subio-a-la-punta-de-la-liga-profesional\\\/#breadcrumb\",\"itemListElement\":[{\"@type\":\"ListItem\",\"position\":1,\"name\":\"Portada\",\"item\":\"https:\\\/\\\/cvinoticias.com\\\/v3\\\/\"},{\"@type\":\"ListItem\",\"position\":2,\"name\":\"River le gan\u00f3 a Boca en el s\u00faper y se subi\u00f3 a la punta de la Liga Profesional\"}]},{\"@type\":\"WebSite\",\"@id\":\"https:\\\/\\\/cvinoticias.com\\\/v3\\\/#website\",\"url\":\"https:\\\/\\\/cvinoticias.com\\\/v3\\\/\",\"name\":\"CVI NOTICIAS\",\"description\":\"\",\"publisher\":{\"@id\":\"https:\\\/\\\/cvinoticias.com\\\/v3\\\/#organization\"},\"alternateName\":\"CVI\",\"potentialAction\":[{\"@type\":\"SearchAction\",\"target\":{\"@type\":\"EntryPoint\",\"urlTemplate\":\"https:\\\/\\\/cvinoticias.com\\\/v3\\\/?s={search_term_string}\"},\"query-input\":{\"@type\":\"PropertyValueSpecification\",\"valueRequired\":true,\"valueName\":\"search_term_string\"}}],\"inLanguage\":\"es\"},{\"@type\":\"Organization\",\"@id\":\"https:\\\/\\\/cvinoticias.com\\\/v3\\\/#organization\",\"name\":\"CVI NOTICIAS\",\"url\":\"https:\\\/\\\/cvinoticias.com\\\/v3\\\/\",\"logo\":{\"@type\":\"ImageObject\",\"inLanguage\":\"es\",\"@id\":\"https:\\\/\\\/cvinoticias.com\\\/v3\\\/#\\\/schema\\\/logo\\\/image\\\/\",\"url\":\"https:\\\/\\\/cvinoticias.com\\\/wp-content\\\/uploads\\\/2023\\\/04\\\/cropped-cropped-cropped-cropped-cropped-3-1.png\",\"contentUrl\":\"https:\\\/\\\/cvinoticias.com\\\/wp-content\\\/uploads\\\/2023\\\/04\\\/cropped-cropped-cropped-cropped-cropped-3-1.png\",\"width\":95,\"height\":122,\"caption\":\"CVI NOTICIAS\"},\"image\":{\"@id\":\"https:\\\/\\\/cvinoticias.com\\\/v3\\\/#\\\/schema\\\/logo\\\/image\\\/\"},\"sameAs\":[\"https:\\\/\\\/www.facebook.com\\\/cvinoticias\",\"https:\\\/\\\/www.instagram.com\\\/cvinoticias\\\/\",\"https:\\\/\\\/www.youtube.com\\\/@CVINOTICIAS\"]},{\"@type\":\"Person\",\"@id\":\"https:\\\/\\\/cvinoticias.com\\\/v3\\\/#\\\/schema\\\/person\\\/2db77e3c6bc03c538495d7b2b8be9b66\",\"name\":\"f1000024\",\"image\":{\"@type\":\"ImageObject\",\"inLanguage\":\"es\",\"@id\":\"https:\\\/\\\/secure.gravatar.com\\\/avatar\\\/d4fe7459cfc51ff5129ce1a732bbef5928568b8092d412ef95611616376bbeed?s=96&d=mm&r=g\",\"url\":\"https:\\\/\\\/secure.gravatar.com\\\/avatar\\\/d4fe7459cfc51ff5129ce1a732bbef5928568b8092d412ef95611616376bbeed?s=96&d=mm&r=g\",\"contentUrl\":\"https:\\\/\\\/secure.gravatar.com\\\/avatar\\\/d4fe7459cfc51ff5129ce1a732bbef5928568b8092d412ef95611616376bbeed?s=96&d=mm&r=g\",\"caption\":\"f1000024\"},\"url\":\"https:\\\/\\\/cvinoticias.com\\\/v3\\\/author\\\/f1000024\\\/\"}]}<\/script>\n<!-- \/ Yoast SEO plugin. -->","yoast_head_json":{"title":"River le gan\u00f3 a Boca en el s\u00faper y se subi\u00f3 a la punta de la Liga Profesional | CVI NOTICIAS","robots":{"index":"index","follow":"follow","max-snippet":"max-snippet:-1","max-image-preview":"max-image-preview:large","max-video-preview":"max-video-preview:-1"},"canonical":"https:\/\/cvinoticias.com\/v3\/river-le-gano-a-boca-en-el-super-y-se-subio-a-la-punta-de-la-liga-profesional\/","og_locale":"es_ES","og_type":"article","og_title":"River le gan\u00f3 a Boca en el s\u00faper y se subi\u00f3 a la punta de la Liga Profesional | CVI NOTICIAS","og_description":"River derrot\u00f3 a Boca por 2-1 en una nueva edici\u00f3n del Supercl\u00e1sico, jugado en el estadio Monumental en el marco de la decimocuarta fecha de la Liga Profesional de F\u00fatbol (LPF). El equipo de N\u00fa\u00f1ez se puso en ventaja con dos goles de Juli\u00e1n \u00c1lvarez, a los 24 y 42 minutos de la primera parte, [&hellip;]","og_url":"https:\/\/cvinoticias.com\/v3\/river-le-gano-a-boca-en-el-super-y-se-subio-a-la-punta-de-la-liga-profesional\/","og_site_name":"CVI NOTICIAS","article_publisher":"https:\/\/www.facebook.com\/cvinoticias","article_published_time":"2021-10-04T04:19:44+00:00","og_image":[{"width":298,"height":169,"url":"https:\/\/cvinoticias.com\/wp-content\/uploads\/2021\/10\/descarga-4.jpeg","type":"image\/jpeg"}],"author":"f1000024","twitter_card":"summary_large_image","twitter_misc":{"Escrito por":"f1000024","Tiempo de lectura":"1 minuto"},"schema":{"@context":"https:\/\/schema.org","@graph":[{"@type":"Article","@id":"https:\/\/cvinoticias.com\/v3\/river-le-gano-a-boca-en-el-super-y-se-subio-a-la-punta-de-la-liga-profesional\/#article","isPartOf":{"@id":"https:\/\/cvinoticias.com\/v3\/river-le-gano-a-boca-en-el-super-y-se-subio-a-la-punta-de-la-liga-profesional\/"},"author":{"name":"f1000024","@id":"https:\/\/cvinoticias.com\/v3\/#\/schema\/person\/2db77e3c6bc03c538495d7b2b8be9b66"},"headline":"River le gan\u00f3 a Boca en el s\u00faper y se subi\u00f3 a la punta de la Liga Profesional","datePublished":"2021-10-04T04:19:44+00:00","mainEntityOfPage":{"@id":"https:\/\/cvinoticias.com\/v3\/river-le-gano-a-boca-en-el-super-y-se-subio-a-la-punta-de-la-liga-profesional\/"},"wordCount":169,"commentCount":0,"publisher":{"@id":"https:\/\/cvinoticias.com\/v3\/#organization"},"image":{"@id":"https:\/\/cvinoticias.com\/v3\/river-le-gano-a-boca-en-el-super-y-se-subio-a-la-punta-de-la-liga-profesional\/#primaryimage"},"thumbnailUrl":"https:\/\/cvinoticias.com\/wp-content\/uploads\/2021\/10\/descarga-4.jpeg","articleSection":["Deportes"],"inLanguage":"es","potentialAction":[{"@type":"CommentAction","name":"Comment","target":["https:\/\/cvinoticias.com\/v3\/river-le-gano-a-boca-en-el-super-y-se-subio-a-la-punta-de-la-liga-profesional\/#respond"]}]},{"@type":"WebPage","@id":"https:\/\/cvinoticias.com\/v3\/river-le-gano-a-boca-en-el-super-y-se-subio-a-la-punta-de-la-liga-profesional\/","url":"https:\/\/cvinoticias.com\/v3\/river-le-gano-a-boca-en-el-super-y-se-subio-a-la-punta-de-la-liga-profesional\/","name":"River le gan\u00f3 a Boca en el s\u00faper y se subi\u00f3 a la punta de la Liga Profesional | CVI NOTICIAS","isPartOf":{"@id":"https:\/\/cvinoticias.com\/v3\/#website"},"primaryImageOfPage":{"@id":"https:\/\/cvinoticias.com\/v3\/river-le-gano-a-boca-en-el-super-y-se-subio-a-la-punta-de-la-liga-profesional\/#primaryimage"},"image":{"@id":"https:\/\/cvinoticias.com\/v3\/river-le-gano-a-boca-en-el-super-y-se-subio-a-la-punta-de-la-liga-profesional\/#primaryimage"},"thumbnailUrl":"https:\/\/cvinoticias.com\/wp-content\/uploads\/2021\/10\/descarga-4.jpeg","datePublished":"2021-10-04T04:19:44+00:00","breadcrumb":{"@id":"https:\/\/cvinoticias.com\/v3\/river-le-gano-a-boca-en-el-super-y-se-subio-a-la-punta-de-la-liga-profesional\/#breadcrumb"},"inLanguage":"es","potentialAction":[{"@type":"ReadAction","target":["https:\/\/cvinoticias.com\/v3\/river-le-gano-a-boca-en-el-super-y-se-subio-a-la-punta-de-la-liga-profesional\/"]}]},{"@type":"ImageObject","inLanguage":"es","@id":"https:\/\/cvinoticias.com\/v3\/river-le-gano-a-boca-en-el-super-y-se-subio-a-la-punta-de-la-liga-profesional\/#primaryimage","url":"https:\/\/cvinoticias.com\/wp-content\/uploads\/2021\/10\/descarga-4.jpeg","contentUrl":"https:\/\/cvinoticias.com\/wp-content\/uploads\/2021\/10\/descarga-4.jpeg","width":298,"height":169},{"@type":"BreadcrumbList","@id":"https:\/\/cvinoticias.com\/v3\/river-le-gano-a-boca-en-el-super-y-se-subio-a-la-punta-de-la-liga-profesional\/#breadcrumb","itemListElement":[{"@type":"ListItem","position":1,"name":"Portada","item":"https:\/\/cvinoticias.com\/v3\/"},{"@type":"ListItem","position":2,"name":"River le gan\u00f3 a Boca en el s\u00faper y se subi\u00f3 a la punta de la Liga Profesional"}]},{"@type":"WebSite","@id":"https:\/\/cvinoticias.com\/v3\/#website","url":"https:\/\/cvinoticias.com\/v3\/","name":"CVI NOTICIAS","description":"","publisher":{"@id":"https:\/\/cvinoticias.com\/v3\/#organization"},"alternateName":"CVI","potentialAction":[{"@type":"SearchAction","target":{"@type":"EntryPoint","urlTemplate":"https:\/\/cvinoticias.com\/v3\/?s={search_term_string}"},"query-input":{"@type":"PropertyValueSpecification","valueRequired":true,"valueName":"search_term_string"}}],"inLanguage":"es"},{"@type":"Organization","@id":"https:\/\/cvinoticias.com\/v3\/#organization","name":"CVI NOTICIAS","url":"https:\/\/cvinoticias.com\/v3\/","logo":{"@type":"ImageObject","inLanguage":"es","@id":"https:\/\/cvinoticias.com\/v3\/#\/schema\/logo\/image\/","url":"https:\/\/cvinoticias.com\/wp-content\/uploads\/2023\/04\/cropped-cropped-cropped-cropped-cropped-3-1.png","contentUrl":"https:\/\/cvinoticias.com\/wp-content\/uploads\/2023\/04\/cropped-cropped-cropped-cropped-cropped-3-1.png","width":95,"height":122,"caption":"CVI NOTICIAS"},"image":{"@id":"https:\/\/cvinoticias.com\/v3\/#\/schema\/logo\/image\/"},"sameAs":["https:\/\/www.facebook.com\/cvinoticias","https:\/\/www.instagram.com\/cvinoticias\/","https:\/\/www.youtube.com\/@CVINOTICIAS"]},{"@type":"Person","@id":"https:\/\/cvinoticias.com\/v3\/#\/schema\/person\/2db77e3c6bc03c538495d7b2b8be9b66","name":"f1000024","image":{"@type":"ImageObject","inLanguage":"es","@id":"https:\/\/secure.gravatar.com\/avatar\/d4fe7459cfc51ff5129ce1a732bbef5928568b8092d412ef95611616376bbeed?s=96&d=mm&r=g","url":"https:\/\/secure.gravatar.com\/avatar\/d4fe7459cfc51ff5129ce1a732bbef5928568b8092d412ef95611616376bbeed?s=96&d=mm&r=g","contentUrl":"https:\/\/secure.gravatar.com\/avatar\/d4fe7459cfc51ff5129ce1a732bbef5928568b8092d412ef95611616376bbeed?s=96&d=mm&r=g","caption":"f1000024"},"url":"https:\/\/cvinoticias.com\/v3\/author\/f1000024\/"}]}},"_links":{"self":[{"href":"https:\/\/cvinoticias.com\/v3\/wp-json\/wp\/v2\/posts\/9201","targetHints":{"allow":["GET"]}}],"collection":[{"href":"https:\/\/cvinoticias.com\/v3\/wp-json\/wp\/v2\/posts"}],"about":[{"href":"https:\/\/cvinoticias.com\/v3\/wp-json\/wp\/v2\/types\/post"}],"author":[{"embeddable":true,"href":"https:\/\/cvinoticias.com\/v3\/wp-json\/wp\/v2\/users\/2"}],"replies":[{"embeddable":true,"href":"https:\/\/cvinoticias.com\/v3\/wp-json\/wp\/v2\/comments?post=9201"}],"version-history":[{"count":1,"href":"https:\/\/cvinoticias.com\/v3\/wp-json\/wp\/v2\/posts\/9201\/revisions"}],"predecessor-version":[{"id":9203,"href":"https:\/\/cvinoticias.com\/v3\/wp-json\/wp\/v2\/posts\/9201\/revisions\/9203"}],"wp:featuredmedia":[{"embeddable":true,"href":"https:\/\/cvinoticias.com\/v3\/wp-json\/wp\/v2\/media\/9202"}],"wp:attachment":[{"href":"https:\/\/cvinoticias.com\/v3\/wp-json\/wp\/v2\/media?parent=9201"}],"wp:term":[{"taxonomy":"category","embeddable":true,"href":"https:\/\/cvinoticias.com\/v3\/wp-json\/wp\/v2\/categories?post=9201"},{"taxonomy":"post_tag","embeddable":true,"href":"https:\/\/cvinoticias.com\/v3\/wp-json\/wp\/v2\/tags?post=9201"}],"curies":[{"name":"wp","href":"https:\/\/api.w.org\/{rel}","templated":true}]}}