{"id":9187,"date":"2021-10-03T20:05:49","date_gmt":"2021-10-03T20:05:49","guid":{"rendered":"https:\/\/cvinoticias.com\/v3\/?p=9187"},"modified":"2021-10-03T20:05:49","modified_gmt":"2021-10-03T20:05:49","slug":"puerto-iguazu-mons-nicolas-baisi-puso-en-posesion-al-nuevo-parroco-de-cristo-redentor","status":"publish","type":"post","link":"https:\/\/cvinoticias.com\/v3\/puerto-iguazu-mons-nicolas-baisi-puso-en-posesion-al-nuevo-parroco-de-cristo-redentor\/","title":{"rendered":"Puerto Iguaz\u00fa: Mons.Nicol\u00e1s Baisi puso en posesi\u00f3n al nuevo p\u00e1rroco de Cristo Redentor"},"content":{"rendered":"\n<p><em><strong>El obispo de la Di\u00f3cesis de Iguaz\u00fa, monse\u00f1or Nicol\u00e1s Baisi, puso en posesi\u00f3n de la parroquia Cristo Redentor de nuestra localidad al P. Hern\u00e1n Ezequiel Vigna.<\/strong><\/em><\/p>\n\n\n\n<p>Con una celebraci\u00f3n presidida por el obispo de Puerto Iguaz\u00fa, monse\u00f1or Nicol\u00e1s Baisi, este domingo 03 de octubre inici\u00f3 su ministerio al frente de la parroquia Cristo Redentor de Iguaz\u00fa, el presb\u00edtero Hern\u00e1n Vigna, por el t\u00e9rmino de 9 a\u00f1os con todas las obligaciones y derechos que le correspondan contenidas en el C\u00f3digo de Derecho Can\u00f3nico.<\/p>\n\n\n\n<figure class=\"wp-block-image size-large\"><a href=\"https:\/\/cvinoticias.com\/wp-content\/uploads\/2021\/10\/Screenshot_20211003-141549_WhatsApp.jpg\"><img decoding=\"async\" width=\"1024\" height=\"763\" data-src=\"https:\/\/cvinoticias.com\/wp-content\/uploads\/2021\/10\/Screenshot_20211003-141549_WhatsApp-1024x763.jpg\" alt=\"\" class=\"wp-image-9188 lazyload\" data-srcset=\"https:\/\/cvinoticias.com\/wp-content\/uploads\/2021\/10\/Screenshot_20211003-141549_WhatsApp-1024x763.jpg 1024w, https:\/\/cvinoticias.com\/wp-content\/uploads\/2021\/10\/Screenshot_20211003-141549_WhatsApp-300x223.jpg 300w, https:\/\/cvinoticias.com\/wp-content\/uploads\/2021\/10\/Screenshot_20211003-141549_WhatsApp-768x572.jpg 768w, https:\/\/cvinoticias.com\/wp-content\/uploads\/2021\/10\/Screenshot_20211003-141549_WhatsApp.jpg 1078w\" data-sizes=\"(max-width: 1024px) 100vw, 1024px\" src=\"data:image\/svg+xml;base64,PHN2ZyB3aWR0aD0iMSIgaGVpZ2h0PSIxIiB4bWxucz0iaHR0cDovL3d3dy53My5vcmcvMjAwMC9zdmciPjwvc3ZnPg==\" style=\"--smush-placeholder-width: 1024px; --smush-placeholder-aspect-ratio: 1024\/763;\" \/><\/a><\/figure>\n\n\n\n<p>Hasta el momento de su nombramiento, el sacerdote desempe\u00f1aba sus funciones en la parroquia San Cayetano, de la localidad de Puerto Piray.<\/p>\n\n\n\n<p>Al ponerlo en posesi\u00f3n de su cargo, el sacerdote recit\u00f3 el \u00abCredo de Nicea &#8211; Constantinopla\u00bb y realiz\u00f3 el juramento sobre los santos Evangelios como signo de la profesi\u00f3n de fe ante la iglesia y se comprometi\u00f3, jurando fidelidad al Obispo, a la iglesia y a su doctrina.<\/p>\n\n\n\n<figure class=\"wp-block-image size-large is-resized\"><a href=\"https:\/\/cvinoticias.com\/wp-content\/uploads\/2021\/10\/Screenshot_20211003-141537_WhatsApp.jpg\"><img decoding=\"async\" data-src=\"https:\/\/cvinoticias.com\/wp-content\/uploads\/2021\/10\/Screenshot_20211003-141537_WhatsApp-768x1024.jpg\" alt=\"\" class=\"wp-image-9189 lazyload\" width=\"681\" height=\"908\" data-srcset=\"https:\/\/cvinoticias.com\/wp-content\/uploads\/2021\/10\/Screenshot_20211003-141537_WhatsApp-768x1024.jpg 768w, https:\/\/cvinoticias.com\/wp-content\/uploads\/2021\/10\/Screenshot_20211003-141537_WhatsApp-225x300.jpg 225w, https:\/\/cvinoticias.com\/wp-content\/uploads\/2021\/10\/Screenshot_20211003-141537_WhatsApp.jpg 1080w\" data-sizes=\"(max-width: 681px) 100vw, 681px\" src=\"data:image\/svg+xml;base64,PHN2ZyB3aWR0aD0iMSIgaGVpZ2h0PSIxIiB4bWxucz0iaHR0cDovL3d3dy53My5vcmcvMjAwMC9zdmciPjwvc3ZnPg==\" style=\"--smush-placeholder-width: 681px; --smush-placeholder-aspect-ratio: 681\/908;\" \/><\/a><\/figure>\n\n\n\n<p>Deseamos para el P.Hern\u00e1n que esta nueva misi\u00f3n que le fue encomendada, en este tiempo in\u00e9dito- a\u00fan de pandemia, lo lleve adelante no apoyado en sus propias fuerzas, sino en la fuerza, en el poder y eficacia que viene de Cristo.<\/p>\n","protected":false},"excerpt":{"rendered":"<p>El obispo de la Di\u00f3cesis de Iguaz\u00fa, monse\u00f1or Nicol\u00e1s Baisi, puso en posesi\u00f3n de la parroquia Cristo Redentor de nuestra localidad al P. Hern\u00e1n Ezequiel Vigna. Con una celebraci\u00f3n presidida por el obispo de Puerto Iguaz\u00fa, monse\u00f1or Nicol\u00e1s Baisi, este domingo 03 de octubre inici\u00f3 su ministerio al frente de la parroquia Cristo Redentor de [&hellip;]<\/p>\n","protected":false},"author":2,"featured_media":9190,"comment_status":"open","ping_status":"open","sticky":false,"template":"","format":"standard","meta":{"footnotes":""},"categories":[47],"tags":[],"class_list":["post-9187","post","type-post","status-publish","format-standard","has-post-thumbnail","hentry","category-sociedad"],"yoast_head":"<!-- This site is optimized with the Yoast SEO plugin v27.4 - https:\/\/yoast.com\/product\/yoast-seo-wordpress\/ -->\n<title>Puerto Iguaz\u00fa: Mons.Nicol\u00e1s Baisi puso en posesi\u00f3n al nuevo p\u00e1rroco de Cristo Redentor | CVI NOTICIAS<\/title>\n<meta name=\"robots\" content=\"index, follow, max-snippet:-1, max-image-preview:large, max-video-preview:-1\" \/>\n<link rel=\"canonical\" href=\"https:\/\/cvinoticias.com\/v3\/puerto-iguazu-mons-nicolas-baisi-puso-en-posesion-al-nuevo-parroco-de-cristo-redentor\/\" \/>\n<meta property=\"og:locale\" content=\"es_ES\" \/>\n<meta property=\"og:type\" content=\"article\" \/>\n<meta property=\"og:title\" content=\"Puerto Iguaz\u00fa: Mons.Nicol\u00e1s Baisi puso en posesi\u00f3n al nuevo p\u00e1rroco de Cristo Redentor | CVI NOTICIAS\" \/>\n<meta property=\"og:description\" content=\"El obispo de la Di\u00f3cesis de Iguaz\u00fa, monse\u00f1or Nicol\u00e1s Baisi, puso en posesi\u00f3n de la parroquia Cristo Redentor de nuestra localidad al P. Hern\u00e1n Ezequiel Vigna. Con una celebraci\u00f3n presidida por el obispo de Puerto Iguaz\u00fa, monse\u00f1or Nicol\u00e1s Baisi, este domingo 03 de octubre inici\u00f3 su ministerio al frente de la parroquia Cristo Redentor de [&hellip;]\" \/>\n<meta property=\"og:url\" content=\"https:\/\/cvinoticias.com\/v3\/puerto-iguazu-mons-nicolas-baisi-puso-en-posesion-al-nuevo-parroco-de-cristo-redentor\/\" \/>\n<meta property=\"og:site_name\" content=\"CVI NOTICIAS\" \/>\n<meta property=\"article:publisher\" content=\"https:\/\/www.facebook.com\/cvinoticias\" \/>\n<meta property=\"article:published_time\" content=\"2021-10-03T20:05:49+00:00\" \/>\n<meta property=\"og:image\" content=\"https:\/\/cvinoticias.com\/wp-content\/uploads\/2021\/10\/Screenshot_20211003-141608_WhatsApp.jpg\" \/>\n\t<meta property=\"og:image:width\" content=\"1080\" \/>\n\t<meta property=\"og:image:height\" content=\"1427\" \/>\n\t<meta property=\"og:image:type\" content=\"image\/jpeg\" \/>\n<meta name=\"author\" content=\"f1000024\" \/>\n<meta name=\"twitter:card\" content=\"summary_large_image\" \/>\n<meta name=\"twitter:label1\" content=\"Escrito por\" \/>\n\t<meta name=\"twitter:data1\" content=\"f1000024\" \/>\n\t<meta name=\"twitter:label2\" content=\"Tiempo de lectura\" \/>\n\t<meta name=\"twitter:data2\" content=\"1 minuto\" \/>\n<script type=\"application\/ld+json\" class=\"yoast-schema-graph\">{\"@context\":\"https:\\\/\\\/schema.org\",\"@graph\":[{\"@type\":\"Article\",\"@id\":\"https:\\\/\\\/cvinoticias.com\\\/v3\\\/puerto-iguazu-mons-nicolas-baisi-puso-en-posesion-al-nuevo-parroco-de-cristo-redentor\\\/#article\",\"isPartOf\":{\"@id\":\"https:\\\/\\\/cvinoticias.com\\\/v3\\\/puerto-iguazu-mons-nicolas-baisi-puso-en-posesion-al-nuevo-parroco-de-cristo-redentor\\\/\"},\"author\":{\"name\":\"f1000024\",\"@id\":\"https:\\\/\\\/cvinoticias.com\\\/v3\\\/#\\\/schema\\\/person\\\/2db77e3c6bc03c538495d7b2b8be9b66\"},\"headline\":\"Puerto Iguaz\u00fa: Mons.Nicol\u00e1s Baisi puso en posesi\u00f3n al nuevo p\u00e1rroco de Cristo Redentor\",\"datePublished\":\"2021-10-03T20:05:49+00:00\",\"mainEntityOfPage\":{\"@id\":\"https:\\\/\\\/cvinoticias.com\\\/v3\\\/puerto-iguazu-mons-nicolas-baisi-puso-en-posesion-al-nuevo-parroco-de-cristo-redentor\\\/\"},\"wordCount\":230,\"commentCount\":0,\"publisher\":{\"@id\":\"https:\\\/\\\/cvinoticias.com\\\/v3\\\/#organization\"},\"image\":{\"@id\":\"https:\\\/\\\/cvinoticias.com\\\/v3\\\/puerto-iguazu-mons-nicolas-baisi-puso-en-posesion-al-nuevo-parroco-de-cristo-redentor\\\/#primaryimage\"},\"thumbnailUrl\":\"https:\\\/\\\/cvinoticias.com\\\/wp-content\\\/uploads\\\/2021\\\/10\\\/Screenshot_20211003-141608_WhatsApp.jpg\",\"articleSection\":[\"Sociedad\"],\"inLanguage\":\"es\",\"potentialAction\":[{\"@type\":\"CommentAction\",\"name\":\"Comment\",\"target\":[\"https:\\\/\\\/cvinoticias.com\\\/v3\\\/puerto-iguazu-mons-nicolas-baisi-puso-en-posesion-al-nuevo-parroco-de-cristo-redentor\\\/#respond\"]}]},{\"@type\":\"WebPage\",\"@id\":\"https:\\\/\\\/cvinoticias.com\\\/v3\\\/puerto-iguazu-mons-nicolas-baisi-puso-en-posesion-al-nuevo-parroco-de-cristo-redentor\\\/\",\"url\":\"https:\\\/\\\/cvinoticias.com\\\/v3\\\/puerto-iguazu-mons-nicolas-baisi-puso-en-posesion-al-nuevo-parroco-de-cristo-redentor\\\/\",\"name\":\"Puerto Iguaz\u00fa: Mons.Nicol\u00e1s Baisi puso en posesi\u00f3n al nuevo p\u00e1rroco de Cristo Redentor | CVI NOTICIAS\",\"isPartOf\":{\"@id\":\"https:\\\/\\\/cvinoticias.com\\\/v3\\\/#website\"},\"primaryImageOfPage\":{\"@id\":\"https:\\\/\\\/cvinoticias.com\\\/v3\\\/puerto-iguazu-mons-nicolas-baisi-puso-en-posesion-al-nuevo-parroco-de-cristo-redentor\\\/#primaryimage\"},\"image\":{\"@id\":\"https:\\\/\\\/cvinoticias.com\\\/v3\\\/puerto-iguazu-mons-nicolas-baisi-puso-en-posesion-al-nuevo-parroco-de-cristo-redentor\\\/#primaryimage\"},\"thumbnailUrl\":\"https:\\\/\\\/cvinoticias.com\\\/wp-content\\\/uploads\\\/2021\\\/10\\\/Screenshot_20211003-141608_WhatsApp.jpg\",\"datePublished\":\"2021-10-03T20:05:49+00:00\",\"breadcrumb\":{\"@id\":\"https:\\\/\\\/cvinoticias.com\\\/v3\\\/puerto-iguazu-mons-nicolas-baisi-puso-en-posesion-al-nuevo-parroco-de-cristo-redentor\\\/#breadcrumb\"},\"inLanguage\":\"es\",\"potentialAction\":[{\"@type\":\"ReadAction\",\"target\":[\"https:\\\/\\\/cvinoticias.com\\\/v3\\\/puerto-iguazu-mons-nicolas-baisi-puso-en-posesion-al-nuevo-parroco-de-cristo-redentor\\\/\"]}]},{\"@type\":\"ImageObject\",\"inLanguage\":\"es\",\"@id\":\"https:\\\/\\\/cvinoticias.com\\\/v3\\\/puerto-iguazu-mons-nicolas-baisi-puso-en-posesion-al-nuevo-parroco-de-cristo-redentor\\\/#primaryimage\",\"url\":\"https:\\\/\\\/cvinoticias.com\\\/wp-content\\\/uploads\\\/2021\\\/10\\\/Screenshot_20211003-141608_WhatsApp.jpg\",\"contentUrl\":\"https:\\\/\\\/cvinoticias.com\\\/wp-content\\\/uploads\\\/2021\\\/10\\\/Screenshot_20211003-141608_WhatsApp.jpg\",\"width\":1080,\"height\":1427},{\"@type\":\"BreadcrumbList\",\"@id\":\"https:\\\/\\\/cvinoticias.com\\\/v3\\\/puerto-iguazu-mons-nicolas-baisi-puso-en-posesion-al-nuevo-parroco-de-cristo-redentor\\\/#breadcrumb\",\"itemListElement\":[{\"@type\":\"ListItem\",\"position\":1,\"name\":\"Portada\",\"item\":\"https:\\\/\\\/cvinoticias.com\\\/v3\\\/\"},{\"@type\":\"ListItem\",\"position\":2,\"name\":\"Puerto Iguaz\u00fa: Mons.Nicol\u00e1s Baisi puso en posesi\u00f3n al nuevo p\u00e1rroco de Cristo Redentor\"}]},{\"@type\":\"WebSite\",\"@id\":\"https:\\\/\\\/cvinoticias.com\\\/v3\\\/#website\",\"url\":\"https:\\\/\\\/cvinoticias.com\\\/v3\\\/\",\"name\":\"CVI NOTICIAS\",\"description\":\"\",\"publisher\":{\"@id\":\"https:\\\/\\\/cvinoticias.com\\\/v3\\\/#organization\"},\"alternateName\":\"CVI\",\"potentialAction\":[{\"@type\":\"SearchAction\",\"target\":{\"@type\":\"EntryPoint\",\"urlTemplate\":\"https:\\\/\\\/cvinoticias.com\\\/v3\\\/?s={search_term_string}\"},\"query-input\":{\"@type\":\"PropertyValueSpecification\",\"valueRequired\":true,\"valueName\":\"search_term_string\"}}],\"inLanguage\":\"es\"},{\"@type\":\"Organization\",\"@id\":\"https:\\\/\\\/cvinoticias.com\\\/v3\\\/#organization\",\"name\":\"CVI NOTICIAS\",\"url\":\"https:\\\/\\\/cvinoticias.com\\\/v3\\\/\",\"logo\":{\"@type\":\"ImageObject\",\"inLanguage\":\"es\",\"@id\":\"https:\\\/\\\/cvinoticias.com\\\/v3\\\/#\\\/schema\\\/logo\\\/image\\\/\",\"url\":\"https:\\\/\\\/cvinoticias.com\\\/wp-content\\\/uploads\\\/2023\\\/04\\\/cropped-cropped-cropped-cropped-cropped-3-1.png\",\"contentUrl\":\"https:\\\/\\\/cvinoticias.com\\\/wp-content\\\/uploads\\\/2023\\\/04\\\/cropped-cropped-cropped-cropped-cropped-3-1.png\",\"width\":95,\"height\":122,\"caption\":\"CVI NOTICIAS\"},\"image\":{\"@id\":\"https:\\\/\\\/cvinoticias.com\\\/v3\\\/#\\\/schema\\\/logo\\\/image\\\/\"},\"sameAs\":[\"https:\\\/\\\/www.facebook.com\\\/cvinoticias\",\"https:\\\/\\\/www.instagram.com\\\/cvinoticias\\\/\",\"https:\\\/\\\/www.youtube.com\\\/@CVINOTICIAS\"]},{\"@type\":\"Person\",\"@id\":\"https:\\\/\\\/cvinoticias.com\\\/v3\\\/#\\\/schema\\\/person\\\/2db77e3c6bc03c538495d7b2b8be9b66\",\"name\":\"f1000024\",\"image\":{\"@type\":\"ImageObject\",\"inLanguage\":\"es\",\"@id\":\"https:\\\/\\\/secure.gravatar.com\\\/avatar\\\/d4fe7459cfc51ff5129ce1a732bbef5928568b8092d412ef95611616376bbeed?s=96&d=mm&r=g\",\"url\":\"https:\\\/\\\/secure.gravatar.com\\\/avatar\\\/d4fe7459cfc51ff5129ce1a732bbef5928568b8092d412ef95611616376bbeed?s=96&d=mm&r=g\",\"contentUrl\":\"https:\\\/\\\/secure.gravatar.com\\\/avatar\\\/d4fe7459cfc51ff5129ce1a732bbef5928568b8092d412ef95611616376bbeed?s=96&d=mm&r=g\",\"caption\":\"f1000024\"},\"url\":\"https:\\\/\\\/cvinoticias.com\\\/v3\\\/author\\\/f1000024\\\/\"}]}<\/script>\n<!-- \/ Yoast SEO plugin. -->","yoast_head_json":{"title":"Puerto Iguaz\u00fa: Mons.Nicol\u00e1s Baisi puso en posesi\u00f3n al nuevo p\u00e1rroco de Cristo Redentor | CVI NOTICIAS","robots":{"index":"index","follow":"follow","max-snippet":"max-snippet:-1","max-image-preview":"max-image-preview:large","max-video-preview":"max-video-preview:-1"},"canonical":"https:\/\/cvinoticias.com\/v3\/puerto-iguazu-mons-nicolas-baisi-puso-en-posesion-al-nuevo-parroco-de-cristo-redentor\/","og_locale":"es_ES","og_type":"article","og_title":"Puerto Iguaz\u00fa: Mons.Nicol\u00e1s Baisi puso en posesi\u00f3n al nuevo p\u00e1rroco de Cristo Redentor | CVI NOTICIAS","og_description":"El obispo de la Di\u00f3cesis de Iguaz\u00fa, monse\u00f1or Nicol\u00e1s Baisi, puso en posesi\u00f3n de la parroquia Cristo Redentor de nuestra localidad al P. Hern\u00e1n Ezequiel Vigna. Con una celebraci\u00f3n presidida por el obispo de Puerto Iguaz\u00fa, monse\u00f1or Nicol\u00e1s Baisi, este domingo 03 de octubre inici\u00f3 su ministerio al frente de la parroquia Cristo Redentor de [&hellip;]","og_url":"https:\/\/cvinoticias.com\/v3\/puerto-iguazu-mons-nicolas-baisi-puso-en-posesion-al-nuevo-parroco-de-cristo-redentor\/","og_site_name":"CVI NOTICIAS","article_publisher":"https:\/\/www.facebook.com\/cvinoticias","article_published_time":"2021-10-03T20:05:49+00:00","og_image":[{"width":1080,"height":1427,"url":"https:\/\/cvinoticias.com\/wp-content\/uploads\/2021\/10\/Screenshot_20211003-141608_WhatsApp.jpg","type":"image\/jpeg"}],"author":"f1000024","twitter_card":"summary_large_image","twitter_misc":{"Escrito por":"f1000024","Tiempo de lectura":"1 minuto"},"schema":{"@context":"https:\/\/schema.org","@graph":[{"@type":"Article","@id":"https:\/\/cvinoticias.com\/v3\/puerto-iguazu-mons-nicolas-baisi-puso-en-posesion-al-nuevo-parroco-de-cristo-redentor\/#article","isPartOf":{"@id":"https:\/\/cvinoticias.com\/v3\/puerto-iguazu-mons-nicolas-baisi-puso-en-posesion-al-nuevo-parroco-de-cristo-redentor\/"},"author":{"name":"f1000024","@id":"https:\/\/cvinoticias.com\/v3\/#\/schema\/person\/2db77e3c6bc03c538495d7b2b8be9b66"},"headline":"Puerto Iguaz\u00fa: Mons.Nicol\u00e1s Baisi puso en posesi\u00f3n al nuevo p\u00e1rroco de Cristo Redentor","datePublished":"2021-10-03T20:05:49+00:00","mainEntityOfPage":{"@id":"https:\/\/cvinoticias.com\/v3\/puerto-iguazu-mons-nicolas-baisi-puso-en-posesion-al-nuevo-parroco-de-cristo-redentor\/"},"wordCount":230,"commentCount":0,"publisher":{"@id":"https:\/\/cvinoticias.com\/v3\/#organization"},"image":{"@id":"https:\/\/cvinoticias.com\/v3\/puerto-iguazu-mons-nicolas-baisi-puso-en-posesion-al-nuevo-parroco-de-cristo-redentor\/#primaryimage"},"thumbnailUrl":"https:\/\/cvinoticias.com\/wp-content\/uploads\/2021\/10\/Screenshot_20211003-141608_WhatsApp.jpg","articleSection":["Sociedad"],"inLanguage":"es","potentialAction":[{"@type":"CommentAction","name":"Comment","target":["https:\/\/cvinoticias.com\/v3\/puerto-iguazu-mons-nicolas-baisi-puso-en-posesion-al-nuevo-parroco-de-cristo-redentor\/#respond"]}]},{"@type":"WebPage","@id":"https:\/\/cvinoticias.com\/v3\/puerto-iguazu-mons-nicolas-baisi-puso-en-posesion-al-nuevo-parroco-de-cristo-redentor\/","url":"https:\/\/cvinoticias.com\/v3\/puerto-iguazu-mons-nicolas-baisi-puso-en-posesion-al-nuevo-parroco-de-cristo-redentor\/","name":"Puerto Iguaz\u00fa: Mons.Nicol\u00e1s Baisi puso en posesi\u00f3n al nuevo p\u00e1rroco de Cristo Redentor | CVI NOTICIAS","isPartOf":{"@id":"https:\/\/cvinoticias.com\/v3\/#website"},"primaryImageOfPage":{"@id":"https:\/\/cvinoticias.com\/v3\/puerto-iguazu-mons-nicolas-baisi-puso-en-posesion-al-nuevo-parroco-de-cristo-redentor\/#primaryimage"},"image":{"@id":"https:\/\/cvinoticias.com\/v3\/puerto-iguazu-mons-nicolas-baisi-puso-en-posesion-al-nuevo-parroco-de-cristo-redentor\/#primaryimage"},"thumbnailUrl":"https:\/\/cvinoticias.com\/wp-content\/uploads\/2021\/10\/Screenshot_20211003-141608_WhatsApp.jpg","datePublished":"2021-10-03T20:05:49+00:00","breadcrumb":{"@id":"https:\/\/cvinoticias.com\/v3\/puerto-iguazu-mons-nicolas-baisi-puso-en-posesion-al-nuevo-parroco-de-cristo-redentor\/#breadcrumb"},"inLanguage":"es","potentialAction":[{"@type":"ReadAction","target":["https:\/\/cvinoticias.com\/v3\/puerto-iguazu-mons-nicolas-baisi-puso-en-posesion-al-nuevo-parroco-de-cristo-redentor\/"]}]},{"@type":"ImageObject","inLanguage":"es","@id":"https:\/\/cvinoticias.com\/v3\/puerto-iguazu-mons-nicolas-baisi-puso-en-posesion-al-nuevo-parroco-de-cristo-redentor\/#primaryimage","url":"https:\/\/cvinoticias.com\/wp-content\/uploads\/2021\/10\/Screenshot_20211003-141608_WhatsApp.jpg","contentUrl":"https:\/\/cvinoticias.com\/wp-content\/uploads\/2021\/10\/Screenshot_20211003-141608_WhatsApp.jpg","width":1080,"height":1427},{"@type":"BreadcrumbList","@id":"https:\/\/cvinoticias.com\/v3\/puerto-iguazu-mons-nicolas-baisi-puso-en-posesion-al-nuevo-parroco-de-cristo-redentor\/#breadcrumb","itemListElement":[{"@type":"ListItem","position":1,"name":"Portada","item":"https:\/\/cvinoticias.com\/v3\/"},{"@type":"ListItem","position":2,"name":"Puerto Iguaz\u00fa: Mons.Nicol\u00e1s Baisi puso en posesi\u00f3n al nuevo p\u00e1rroco de Cristo Redentor"}]},{"@type":"WebSite","@id":"https:\/\/cvinoticias.com\/v3\/#website","url":"https:\/\/cvinoticias.com\/v3\/","name":"CVI NOTICIAS","description":"","publisher":{"@id":"https:\/\/cvinoticias.com\/v3\/#organization"},"alternateName":"CVI","potentialAction":[{"@type":"SearchAction","target":{"@type":"EntryPoint","urlTemplate":"https:\/\/cvinoticias.com\/v3\/?s={search_term_string}"},"query-input":{"@type":"PropertyValueSpecification","valueRequired":true,"valueName":"search_term_string"}}],"inLanguage":"es"},{"@type":"Organization","@id":"https:\/\/cvinoticias.com\/v3\/#organization","name":"CVI NOTICIAS","url":"https:\/\/cvinoticias.com\/v3\/","logo":{"@type":"ImageObject","inLanguage":"es","@id":"https:\/\/cvinoticias.com\/v3\/#\/schema\/logo\/image\/","url":"https:\/\/cvinoticias.com\/wp-content\/uploads\/2023\/04\/cropped-cropped-cropped-cropped-cropped-3-1.png","contentUrl":"https:\/\/cvinoticias.com\/wp-content\/uploads\/2023\/04\/cropped-cropped-cropped-cropped-cropped-3-1.png","width":95,"height":122,"caption":"CVI NOTICIAS"},"image":{"@id":"https:\/\/cvinoticias.com\/v3\/#\/schema\/logo\/image\/"},"sameAs":["https:\/\/www.facebook.com\/cvinoticias","https:\/\/www.instagram.com\/cvinoticias\/","https:\/\/www.youtube.com\/@CVINOTICIAS"]},{"@type":"Person","@id":"https:\/\/cvinoticias.com\/v3\/#\/schema\/person\/2db77e3c6bc03c538495d7b2b8be9b66","name":"f1000024","image":{"@type":"ImageObject","inLanguage":"es","@id":"https:\/\/secure.gravatar.com\/avatar\/d4fe7459cfc51ff5129ce1a732bbef5928568b8092d412ef95611616376bbeed?s=96&d=mm&r=g","url":"https:\/\/secure.gravatar.com\/avatar\/d4fe7459cfc51ff5129ce1a732bbef5928568b8092d412ef95611616376bbeed?s=96&d=mm&r=g","contentUrl":"https:\/\/secure.gravatar.com\/avatar\/d4fe7459cfc51ff5129ce1a732bbef5928568b8092d412ef95611616376bbeed?s=96&d=mm&r=g","caption":"f1000024"},"url":"https:\/\/cvinoticias.com\/v3\/author\/f1000024\/"}]}},"_links":{"self":[{"href":"https:\/\/cvinoticias.com\/v3\/wp-json\/wp\/v2\/posts\/9187","targetHints":{"allow":["GET"]}}],"collection":[{"href":"https:\/\/cvinoticias.com\/v3\/wp-json\/wp\/v2\/posts"}],"about":[{"href":"https:\/\/cvinoticias.com\/v3\/wp-json\/wp\/v2\/types\/post"}],"author":[{"embeddable":true,"href":"https:\/\/cvinoticias.com\/v3\/wp-json\/wp\/v2\/users\/2"}],"replies":[{"embeddable":true,"href":"https:\/\/cvinoticias.com\/v3\/wp-json\/wp\/v2\/comments?post=9187"}],"version-history":[{"count":1,"href":"https:\/\/cvinoticias.com\/v3\/wp-json\/wp\/v2\/posts\/9187\/revisions"}],"predecessor-version":[{"id":9191,"href":"https:\/\/cvinoticias.com\/v3\/wp-json\/wp\/v2\/posts\/9187\/revisions\/9191"}],"wp:featuredmedia":[{"embeddable":true,"href":"https:\/\/cvinoticias.com\/v3\/wp-json\/wp\/v2\/media\/9190"}],"wp:attachment":[{"href":"https:\/\/cvinoticias.com\/v3\/wp-json\/wp\/v2\/media?parent=9187"}],"wp:term":[{"taxonomy":"category","embeddable":true,"href":"https:\/\/cvinoticias.com\/v3\/wp-json\/wp\/v2\/categories?post=9187"},{"taxonomy":"post_tag","embeddable":true,"href":"https:\/\/cvinoticias.com\/v3\/wp-json\/wp\/v2\/tags?post=9187"}],"curies":[{"name":"wp","href":"https:\/\/api.w.org\/{rel}","templated":true}]}}