{"id":9165,"date":"2021-10-03T00:08:14","date_gmt":"2021-10-03T00:08:14","guid":{"rendered":"https:\/\/cvinoticias.com\/v3\/?p=9165"},"modified":"2021-10-03T00:18:21","modified_gmt":"2021-10-03T00:18:21","slug":"2-de-octubre-por-que-se-celebra-el-dia-nacional-del-recolector-de-residuos","status":"publish","type":"post","link":"https:\/\/cvinoticias.com\/v3\/2-de-octubre-por-que-se-celebra-el-dia-nacional-del-recolector-de-residuos\/","title":{"rendered":"2 de octubre: Por qu\u00e9 se celebra el D\u00eda Nacional del Recolector de Residuos"},"content":{"rendered":"\n<p><strong><em>Tal cual sucede todos los a\u00f1os, el 2 de octubre se conmemora en todo el pa\u00eds el D\u00eda Nacional del Recolector de Residuos, luego de que se oficializara la Ley 24.854 sancionada por el Congreso Nacional, el 18 de junio de 1997.<\/em><\/strong><\/p>\n\n\n\n<p>Si bien hay pa\u00edses con sofisticados sistemas de recolecci\u00f3n de residuos, los recolectores levantan diariamente muchas toneladas de diferentes elementos que descartamos.<\/p>\n\n\n\n<p>En el caso de Argentina, en gran parte del pa\u00eds se utilizan camiones que tienen diagramadas hojas de ruta de recolecci\u00f3n espec\u00edfica. Luego, con el cargamento encima, llevan el mismo a las plantas de tratamiento.<\/p>\n\n\n\n<p>Los recolectores de residuos y los barrenderos, llevan a cabo una tarea social fundamental, ya que son ellos los encargados de mantener las ciudades limpia y en buenas condiciones sanitarias, sobre todo en estos tiempos de pandemia.<\/p>\n\n\n\n<p>De acuerdo a la ruta de recolecci\u00f3n, cambia la modalidad de trabajo, dependiendo de si hay disponibles o no contenedores de basura en las diferentes zonas.<\/p>\n\n\n\n<p>En gran parte de Argentina, hace algunos a\u00f1os, se empezaron a colocar contenedores en las diferentes cuadras y manzanas de las ciudades.<\/p>\n\n\n\n<p>Esta innovaci\u00f3n mejor\u00f3 notablemente las condiciones de trabajo de los recolectores, ya que, con esta metodolog\u00eda, dejaron de levantar las bolsas de las calles para solamente vaciar los contenedores a trav\u00e9s de los camiones.<\/p>\n\n\n\n<p>Actualmente, existen contenedores de carga trasera y tambi\u00e9n de carga lateral. Igualmente, y pese a estos avances, todav\u00eda se sigue implementando la recolecci\u00f3n manual, lo que implica que los trabajadores levantan las bolsas, para luego introducirlas en el cami\u00f3n compactador.<\/p>\n\n\n\n<p><strong>Desde la redacci\u00f3n de CVINOTICIAS, saludamos a todos los recolectores de residuos de nuestra ciudad, en su d\u00eda. <\/strong><\/p>\n","protected":false},"excerpt":{"rendered":"<p>Tal cual sucede todos los a\u00f1os, el 2 de octubre se conmemora en todo el pa\u00eds el D\u00eda Nacional del Recolector de Residuos, luego de que se oficializara la Ley 24.854 sancionada por el Congreso Nacional, el 18 de junio de 1997. Si bien hay pa\u00edses con sofisticados sistemas de recolecci\u00f3n de residuos, los recolectores [&hellip;]<\/p>\n","protected":false},"author":2,"featured_media":9166,"comment_status":"open","ping_status":"open","sticky":false,"template":"","format":"standard","meta":{"footnotes":""},"categories":[35],"tags":[],"class_list":["post-9165","post","type-post","status-publish","format-standard","has-post-thumbnail","hentry","category-informacion-general"],"yoast_head":"<!-- This site is optimized with the Yoast SEO plugin v27.5 - https:\/\/yoast.com\/product\/yoast-seo-wordpress\/ -->\n<title>2 de octubre: Por qu\u00e9 se celebra el D\u00eda Nacional del Recolector de Residuos | CVI NOTICIAS<\/title>\n<meta name=\"robots\" content=\"index, follow, max-snippet:-1, max-image-preview:large, max-video-preview:-1\" \/>\n<link rel=\"canonical\" href=\"https:\/\/cvinoticias.com\/v3\/2-de-octubre-por-que-se-celebra-el-dia-nacional-del-recolector-de-residuos\/\" \/>\n<meta property=\"og:locale\" content=\"es_ES\" \/>\n<meta property=\"og:type\" content=\"article\" \/>\n<meta property=\"og:title\" content=\"2 de octubre: Por qu\u00e9 se celebra el D\u00eda Nacional del Recolector de Residuos | CVI NOTICIAS\" \/>\n<meta property=\"og:description\" content=\"Tal cual sucede todos los a\u00f1os, el 2 de octubre se conmemora en todo el pa\u00eds el D\u00eda Nacional del Recolector de Residuos, luego de que se oficializara la Ley 24.854 sancionada por el Congreso Nacional, el 18 de junio de 1997. Si bien hay pa\u00edses con sofisticados sistemas de recolecci\u00f3n de residuos, los recolectores [&hellip;]\" \/>\n<meta property=\"og:url\" content=\"https:\/\/cvinoticias.com\/v3\/2-de-octubre-por-que-se-celebra-el-dia-nacional-del-recolector-de-residuos\/\" \/>\n<meta property=\"og:site_name\" content=\"CVI NOTICIAS\" \/>\n<meta property=\"article:publisher\" content=\"https:\/\/www.facebook.com\/cvinoticias\" \/>\n<meta property=\"article:published_time\" content=\"2021-10-03T00:08:14+00:00\" \/>\n<meta property=\"article:modified_time\" content=\"2021-10-03T00:18:21+00:00\" \/>\n<meta property=\"og:image\" content=\"https:\/\/cvinoticias.com\/wp-content\/uploads\/2021\/10\/FB_IMG_1633219564149.jpg\" \/>\n\t<meta property=\"og:image:width\" content=\"442\" \/>\n\t<meta property=\"og:image:height\" content=\"279\" \/>\n\t<meta property=\"og:image:type\" content=\"image\/jpeg\" \/>\n<meta name=\"author\" content=\"f1000024\" \/>\n<meta name=\"twitter:card\" content=\"summary_large_image\" \/>\n<meta name=\"twitter:label1\" content=\"Escrito por\" \/>\n\t<meta name=\"twitter:data1\" content=\"f1000024\" \/>\n\t<meta name=\"twitter:label2\" content=\"Tiempo de lectura\" \/>\n\t<meta name=\"twitter:data2\" content=\"1 minuto\" \/>\n<script type=\"application\/ld+json\" class=\"yoast-schema-graph\">{\"@context\":\"https:\\\/\\\/schema.org\",\"@graph\":[{\"@type\":\"Article\",\"@id\":\"https:\\\/\\\/cvinoticias.com\\\/v3\\\/2-de-octubre-por-que-se-celebra-el-dia-nacional-del-recolector-de-residuos\\\/#article\",\"isPartOf\":{\"@id\":\"https:\\\/\\\/cvinoticias.com\\\/v3\\\/2-de-octubre-por-que-se-celebra-el-dia-nacional-del-recolector-de-residuos\\\/\"},\"author\":{\"name\":\"f1000024\",\"@id\":\"https:\\\/\\\/cvinoticias.com\\\/v3\\\/#\\\/schema\\\/person\\\/2db77e3c6bc03c538495d7b2b8be9b66\"},\"headline\":\"2 de octubre: Por qu\u00e9 se celebra el D\u00eda Nacional del Recolector de Residuos\",\"datePublished\":\"2021-10-03T00:08:14+00:00\",\"dateModified\":\"2021-10-03T00:18:21+00:00\",\"mainEntityOfPage\":{\"@id\":\"https:\\\/\\\/cvinoticias.com\\\/v3\\\/2-de-octubre-por-que-se-celebra-el-dia-nacional-del-recolector-de-residuos\\\/\"},\"wordCount\":305,\"commentCount\":0,\"publisher\":{\"@id\":\"https:\\\/\\\/cvinoticias.com\\\/v3\\\/#organization\"},\"image\":{\"@id\":\"https:\\\/\\\/cvinoticias.com\\\/v3\\\/2-de-octubre-por-que-se-celebra-el-dia-nacional-del-recolector-de-residuos\\\/#primaryimage\"},\"thumbnailUrl\":\"https:\\\/\\\/cvinoticias.com\\\/wp-content\\\/uploads\\\/2021\\\/10\\\/FB_IMG_1633219564149.jpg\",\"articleSection\":[\"Informaci\u00f3n General\"],\"inLanguage\":\"es\",\"potentialAction\":[{\"@type\":\"CommentAction\",\"name\":\"Comment\",\"target\":[\"https:\\\/\\\/cvinoticias.com\\\/v3\\\/2-de-octubre-por-que-se-celebra-el-dia-nacional-del-recolector-de-residuos\\\/#respond\"]}]},{\"@type\":\"WebPage\",\"@id\":\"https:\\\/\\\/cvinoticias.com\\\/v3\\\/2-de-octubre-por-que-se-celebra-el-dia-nacional-del-recolector-de-residuos\\\/\",\"url\":\"https:\\\/\\\/cvinoticias.com\\\/v3\\\/2-de-octubre-por-que-se-celebra-el-dia-nacional-del-recolector-de-residuos\\\/\",\"name\":\"2 de octubre: Por qu\u00e9 se celebra el D\u00eda Nacional del Recolector de Residuos | CVI NOTICIAS\",\"isPartOf\":{\"@id\":\"https:\\\/\\\/cvinoticias.com\\\/v3\\\/#website\"},\"primaryImageOfPage\":{\"@id\":\"https:\\\/\\\/cvinoticias.com\\\/v3\\\/2-de-octubre-por-que-se-celebra-el-dia-nacional-del-recolector-de-residuos\\\/#primaryimage\"},\"image\":{\"@id\":\"https:\\\/\\\/cvinoticias.com\\\/v3\\\/2-de-octubre-por-que-se-celebra-el-dia-nacional-del-recolector-de-residuos\\\/#primaryimage\"},\"thumbnailUrl\":\"https:\\\/\\\/cvinoticias.com\\\/wp-content\\\/uploads\\\/2021\\\/10\\\/FB_IMG_1633219564149.jpg\",\"datePublished\":\"2021-10-03T00:08:14+00:00\",\"dateModified\":\"2021-10-03T00:18:21+00:00\",\"breadcrumb\":{\"@id\":\"https:\\\/\\\/cvinoticias.com\\\/v3\\\/2-de-octubre-por-que-se-celebra-el-dia-nacional-del-recolector-de-residuos\\\/#breadcrumb\"},\"inLanguage\":\"es\",\"potentialAction\":[{\"@type\":\"ReadAction\",\"target\":[\"https:\\\/\\\/cvinoticias.com\\\/v3\\\/2-de-octubre-por-que-se-celebra-el-dia-nacional-del-recolector-de-residuos\\\/\"]}]},{\"@type\":\"ImageObject\",\"inLanguage\":\"es\",\"@id\":\"https:\\\/\\\/cvinoticias.com\\\/v3\\\/2-de-octubre-por-que-se-celebra-el-dia-nacional-del-recolector-de-residuos\\\/#primaryimage\",\"url\":\"https:\\\/\\\/cvinoticias.com\\\/wp-content\\\/uploads\\\/2021\\\/10\\\/FB_IMG_1633219564149.jpg\",\"contentUrl\":\"https:\\\/\\\/cvinoticias.com\\\/wp-content\\\/uploads\\\/2021\\\/10\\\/FB_IMG_1633219564149.jpg\",\"width\":442,\"height\":279},{\"@type\":\"BreadcrumbList\",\"@id\":\"https:\\\/\\\/cvinoticias.com\\\/v3\\\/2-de-octubre-por-que-se-celebra-el-dia-nacional-del-recolector-de-residuos\\\/#breadcrumb\",\"itemListElement\":[{\"@type\":\"ListItem\",\"position\":1,\"name\":\"Portada\",\"item\":\"https:\\\/\\\/cvinoticias.com\\\/v3\\\/\"},{\"@type\":\"ListItem\",\"position\":2,\"name\":\"2 de octubre: Por qu\u00e9 se celebra el D\u00eda Nacional del Recolector de Residuos\"}]},{\"@type\":\"WebSite\",\"@id\":\"https:\\\/\\\/cvinoticias.com\\\/v3\\\/#website\",\"url\":\"https:\\\/\\\/cvinoticias.com\\\/v3\\\/\",\"name\":\"CVI NOTICIAS\",\"description\":\"\",\"publisher\":{\"@id\":\"https:\\\/\\\/cvinoticias.com\\\/v3\\\/#organization\"},\"alternateName\":\"CVI\",\"potentialAction\":[{\"@type\":\"SearchAction\",\"target\":{\"@type\":\"EntryPoint\",\"urlTemplate\":\"https:\\\/\\\/cvinoticias.com\\\/v3\\\/?s={search_term_string}\"},\"query-input\":{\"@type\":\"PropertyValueSpecification\",\"valueRequired\":true,\"valueName\":\"search_term_string\"}}],\"inLanguage\":\"es\"},{\"@type\":\"Organization\",\"@id\":\"https:\\\/\\\/cvinoticias.com\\\/v3\\\/#organization\",\"name\":\"CVI NOTICIAS\",\"url\":\"https:\\\/\\\/cvinoticias.com\\\/v3\\\/\",\"logo\":{\"@type\":\"ImageObject\",\"inLanguage\":\"es\",\"@id\":\"https:\\\/\\\/cvinoticias.com\\\/v3\\\/#\\\/schema\\\/logo\\\/image\\\/\",\"url\":\"https:\\\/\\\/cvinoticias.com\\\/wp-content\\\/uploads\\\/2023\\\/04\\\/cropped-cropped-cropped-cropped-cropped-3-1.png\",\"contentUrl\":\"https:\\\/\\\/cvinoticias.com\\\/wp-content\\\/uploads\\\/2023\\\/04\\\/cropped-cropped-cropped-cropped-cropped-3-1.png\",\"width\":95,\"height\":122,\"caption\":\"CVI NOTICIAS\"},\"image\":{\"@id\":\"https:\\\/\\\/cvinoticias.com\\\/v3\\\/#\\\/schema\\\/logo\\\/image\\\/\"},\"sameAs\":[\"https:\\\/\\\/www.facebook.com\\\/cvinoticias\",\"https:\\\/\\\/www.instagram.com\\\/cvinoticias\\\/\",\"https:\\\/\\\/www.youtube.com\\\/@CVINOTICIAS\"]},{\"@type\":\"Person\",\"@id\":\"https:\\\/\\\/cvinoticias.com\\\/v3\\\/#\\\/schema\\\/person\\\/2db77e3c6bc03c538495d7b2b8be9b66\",\"name\":\"f1000024\",\"image\":{\"@type\":\"ImageObject\",\"inLanguage\":\"es\",\"@id\":\"https:\\\/\\\/secure.gravatar.com\\\/avatar\\\/d4fe7459cfc51ff5129ce1a732bbef5928568b8092d412ef95611616376bbeed?s=96&d=mm&r=g\",\"url\":\"https:\\\/\\\/secure.gravatar.com\\\/avatar\\\/d4fe7459cfc51ff5129ce1a732bbef5928568b8092d412ef95611616376bbeed?s=96&d=mm&r=g\",\"contentUrl\":\"https:\\\/\\\/secure.gravatar.com\\\/avatar\\\/d4fe7459cfc51ff5129ce1a732bbef5928568b8092d412ef95611616376bbeed?s=96&d=mm&r=g\",\"caption\":\"f1000024\"},\"url\":\"https:\\\/\\\/cvinoticias.com\\\/v3\\\/author\\\/f1000024\\\/\"}]}<\/script>\n<!-- \/ Yoast SEO plugin. -->","yoast_head_json":{"title":"2 de octubre: Por qu\u00e9 se celebra el D\u00eda Nacional del Recolector de Residuos | CVI NOTICIAS","robots":{"index":"index","follow":"follow","max-snippet":"max-snippet:-1","max-image-preview":"max-image-preview:large","max-video-preview":"max-video-preview:-1"},"canonical":"https:\/\/cvinoticias.com\/v3\/2-de-octubre-por-que-se-celebra-el-dia-nacional-del-recolector-de-residuos\/","og_locale":"es_ES","og_type":"article","og_title":"2 de octubre: Por qu\u00e9 se celebra el D\u00eda Nacional del Recolector de Residuos | CVI NOTICIAS","og_description":"Tal cual sucede todos los a\u00f1os, el 2 de octubre se conmemora en todo el pa\u00eds el D\u00eda Nacional del Recolector de Residuos, luego de que se oficializara la Ley 24.854 sancionada por el Congreso Nacional, el 18 de junio de 1997. Si bien hay pa\u00edses con sofisticados sistemas de recolecci\u00f3n de residuos, los recolectores [&hellip;]","og_url":"https:\/\/cvinoticias.com\/v3\/2-de-octubre-por-que-se-celebra-el-dia-nacional-del-recolector-de-residuos\/","og_site_name":"CVI NOTICIAS","article_publisher":"https:\/\/www.facebook.com\/cvinoticias","article_published_time":"2021-10-03T00:08:14+00:00","article_modified_time":"2021-10-03T00:18:21+00:00","og_image":[{"width":442,"height":279,"url":"https:\/\/cvinoticias.com\/wp-content\/uploads\/2021\/10\/FB_IMG_1633219564149.jpg","type":"image\/jpeg"}],"author":"f1000024","twitter_card":"summary_large_image","twitter_misc":{"Escrito por":"f1000024","Tiempo de lectura":"1 minuto"},"schema":{"@context":"https:\/\/schema.org","@graph":[{"@type":"Article","@id":"https:\/\/cvinoticias.com\/v3\/2-de-octubre-por-que-se-celebra-el-dia-nacional-del-recolector-de-residuos\/#article","isPartOf":{"@id":"https:\/\/cvinoticias.com\/v3\/2-de-octubre-por-que-se-celebra-el-dia-nacional-del-recolector-de-residuos\/"},"author":{"name":"f1000024","@id":"https:\/\/cvinoticias.com\/v3\/#\/schema\/person\/2db77e3c6bc03c538495d7b2b8be9b66"},"headline":"2 de octubre: Por qu\u00e9 se celebra el D\u00eda Nacional del Recolector de Residuos","datePublished":"2021-10-03T00:08:14+00:00","dateModified":"2021-10-03T00:18:21+00:00","mainEntityOfPage":{"@id":"https:\/\/cvinoticias.com\/v3\/2-de-octubre-por-que-se-celebra-el-dia-nacional-del-recolector-de-residuos\/"},"wordCount":305,"commentCount":0,"publisher":{"@id":"https:\/\/cvinoticias.com\/v3\/#organization"},"image":{"@id":"https:\/\/cvinoticias.com\/v3\/2-de-octubre-por-que-se-celebra-el-dia-nacional-del-recolector-de-residuos\/#primaryimage"},"thumbnailUrl":"https:\/\/cvinoticias.com\/wp-content\/uploads\/2021\/10\/FB_IMG_1633219564149.jpg","articleSection":["Informaci\u00f3n General"],"inLanguage":"es","potentialAction":[{"@type":"CommentAction","name":"Comment","target":["https:\/\/cvinoticias.com\/v3\/2-de-octubre-por-que-se-celebra-el-dia-nacional-del-recolector-de-residuos\/#respond"]}]},{"@type":"WebPage","@id":"https:\/\/cvinoticias.com\/v3\/2-de-octubre-por-que-se-celebra-el-dia-nacional-del-recolector-de-residuos\/","url":"https:\/\/cvinoticias.com\/v3\/2-de-octubre-por-que-se-celebra-el-dia-nacional-del-recolector-de-residuos\/","name":"2 de octubre: Por qu\u00e9 se celebra el D\u00eda Nacional del Recolector de Residuos | CVI NOTICIAS","isPartOf":{"@id":"https:\/\/cvinoticias.com\/v3\/#website"},"primaryImageOfPage":{"@id":"https:\/\/cvinoticias.com\/v3\/2-de-octubre-por-que-se-celebra-el-dia-nacional-del-recolector-de-residuos\/#primaryimage"},"image":{"@id":"https:\/\/cvinoticias.com\/v3\/2-de-octubre-por-que-se-celebra-el-dia-nacional-del-recolector-de-residuos\/#primaryimage"},"thumbnailUrl":"https:\/\/cvinoticias.com\/wp-content\/uploads\/2021\/10\/FB_IMG_1633219564149.jpg","datePublished":"2021-10-03T00:08:14+00:00","dateModified":"2021-10-03T00:18:21+00:00","breadcrumb":{"@id":"https:\/\/cvinoticias.com\/v3\/2-de-octubre-por-que-se-celebra-el-dia-nacional-del-recolector-de-residuos\/#breadcrumb"},"inLanguage":"es","potentialAction":[{"@type":"ReadAction","target":["https:\/\/cvinoticias.com\/v3\/2-de-octubre-por-que-se-celebra-el-dia-nacional-del-recolector-de-residuos\/"]}]},{"@type":"ImageObject","inLanguage":"es","@id":"https:\/\/cvinoticias.com\/v3\/2-de-octubre-por-que-se-celebra-el-dia-nacional-del-recolector-de-residuos\/#primaryimage","url":"https:\/\/cvinoticias.com\/wp-content\/uploads\/2021\/10\/FB_IMG_1633219564149.jpg","contentUrl":"https:\/\/cvinoticias.com\/wp-content\/uploads\/2021\/10\/FB_IMG_1633219564149.jpg","width":442,"height":279},{"@type":"BreadcrumbList","@id":"https:\/\/cvinoticias.com\/v3\/2-de-octubre-por-que-se-celebra-el-dia-nacional-del-recolector-de-residuos\/#breadcrumb","itemListElement":[{"@type":"ListItem","position":1,"name":"Portada","item":"https:\/\/cvinoticias.com\/v3\/"},{"@type":"ListItem","position":2,"name":"2 de octubre: Por qu\u00e9 se celebra el D\u00eda Nacional del Recolector de Residuos"}]},{"@type":"WebSite","@id":"https:\/\/cvinoticias.com\/v3\/#website","url":"https:\/\/cvinoticias.com\/v3\/","name":"CVI NOTICIAS","description":"","publisher":{"@id":"https:\/\/cvinoticias.com\/v3\/#organization"},"alternateName":"CVI","potentialAction":[{"@type":"SearchAction","target":{"@type":"EntryPoint","urlTemplate":"https:\/\/cvinoticias.com\/v3\/?s={search_term_string}"},"query-input":{"@type":"PropertyValueSpecification","valueRequired":true,"valueName":"search_term_string"}}],"inLanguage":"es"},{"@type":"Organization","@id":"https:\/\/cvinoticias.com\/v3\/#organization","name":"CVI NOTICIAS","url":"https:\/\/cvinoticias.com\/v3\/","logo":{"@type":"ImageObject","inLanguage":"es","@id":"https:\/\/cvinoticias.com\/v3\/#\/schema\/logo\/image\/","url":"https:\/\/cvinoticias.com\/wp-content\/uploads\/2023\/04\/cropped-cropped-cropped-cropped-cropped-3-1.png","contentUrl":"https:\/\/cvinoticias.com\/wp-content\/uploads\/2023\/04\/cropped-cropped-cropped-cropped-cropped-3-1.png","width":95,"height":122,"caption":"CVI NOTICIAS"},"image":{"@id":"https:\/\/cvinoticias.com\/v3\/#\/schema\/logo\/image\/"},"sameAs":["https:\/\/www.facebook.com\/cvinoticias","https:\/\/www.instagram.com\/cvinoticias\/","https:\/\/www.youtube.com\/@CVINOTICIAS"]},{"@type":"Person","@id":"https:\/\/cvinoticias.com\/v3\/#\/schema\/person\/2db77e3c6bc03c538495d7b2b8be9b66","name":"f1000024","image":{"@type":"ImageObject","inLanguage":"es","@id":"https:\/\/secure.gravatar.com\/avatar\/d4fe7459cfc51ff5129ce1a732bbef5928568b8092d412ef95611616376bbeed?s=96&d=mm&r=g","url":"https:\/\/secure.gravatar.com\/avatar\/d4fe7459cfc51ff5129ce1a732bbef5928568b8092d412ef95611616376bbeed?s=96&d=mm&r=g","contentUrl":"https:\/\/secure.gravatar.com\/avatar\/d4fe7459cfc51ff5129ce1a732bbef5928568b8092d412ef95611616376bbeed?s=96&d=mm&r=g","caption":"f1000024"},"url":"https:\/\/cvinoticias.com\/v3\/author\/f1000024\/"}]}},"_links":{"self":[{"href":"https:\/\/cvinoticias.com\/v3\/wp-json\/wp\/v2\/posts\/9165","targetHints":{"allow":["GET"]}}],"collection":[{"href":"https:\/\/cvinoticias.com\/v3\/wp-json\/wp\/v2\/posts"}],"about":[{"href":"https:\/\/cvinoticias.com\/v3\/wp-json\/wp\/v2\/types\/post"}],"author":[{"embeddable":true,"href":"https:\/\/cvinoticias.com\/v3\/wp-json\/wp\/v2\/users\/2"}],"replies":[{"embeddable":true,"href":"https:\/\/cvinoticias.com\/v3\/wp-json\/wp\/v2\/comments?post=9165"}],"version-history":[{"count":3,"href":"https:\/\/cvinoticias.com\/v3\/wp-json\/wp\/v2\/posts\/9165\/revisions"}],"predecessor-version":[{"id":9169,"href":"https:\/\/cvinoticias.com\/v3\/wp-json\/wp\/v2\/posts\/9165\/revisions\/9169"}],"wp:featuredmedia":[{"embeddable":true,"href":"https:\/\/cvinoticias.com\/v3\/wp-json\/wp\/v2\/media\/9166"}],"wp:attachment":[{"href":"https:\/\/cvinoticias.com\/v3\/wp-json\/wp\/v2\/media?parent=9165"}],"wp:term":[{"taxonomy":"category","embeddable":true,"href":"https:\/\/cvinoticias.com\/v3\/wp-json\/wp\/v2\/categories?post=9165"},{"taxonomy":"post_tag","embeddable":true,"href":"https:\/\/cvinoticias.com\/v3\/wp-json\/wp\/v2\/tags?post=9165"}],"curies":[{"name":"wp","href":"https:\/\/api.w.org\/{rel}","templated":true}]}}