{"id":9133,"date":"2021-10-02T12:58:06","date_gmt":"2021-10-02T12:58:06","guid":{"rendered":"https:\/\/cvinoticias.com\/v3\/?p=9133"},"modified":"2021-10-02T12:58:06","modified_gmt":"2021-10-02T12:58:06","slug":"miles-de-personas-marchan-a-lujan-con-barbijos-y-cuidados-sanitarios","status":"publish","type":"post","link":"https:\/\/cvinoticias.com\/v3\/miles-de-personas-marchan-a-lujan-con-barbijos-y-cuidados-sanitarios\/","title":{"rendered":"Miles de personas marchan a Luj\u00e1n con barbijos y cuidados sanitarios"},"content":{"rendered":"\n<p><strong><em>\u00abMadre del Pueblo, te pedimos por la salud y el trabajo\u00bb, es el lema de la 47ma. de la movilizaci\u00f3n que este a\u00f1o recupera su modalidad presencial. Recomiendan no realizar el trayecto completo y que asistan s\u00f3lo quienes est\u00e9n inmunizados.<\/em><\/strong><\/p>\n\n\n\n<p>La tradicional peregrinaci\u00f3n Juvenil a Luj\u00e1n, que en su edici\u00f3n 47ma. lleva\u00a0el lema \u00abMadre del Pueblo, te pedimos por la salud y el trabajo\u00bb, comenz\u00f3\u00a0pasadas las 8 de la ma\u00f1ana\u00a0con la salida de la imagen desde la iglesia de San Cayetano, en el barrio porte\u00f1o de Liniers.<\/p>\n\n\n\n<p>Tras la bendici\u00f3n del obispo auxiliar de Buenos Aires, Juan Carlos Ares, la imagen de la Virgen que acompa\u00f1ar\u00e1 a los peregrinos, sali\u00f3 de la iglesia para ser llevada en camioneta hacia Mor\u00f3n, donde la recibir\u00e1 el obispo local, monse\u00f1or Jorge V\u00e1zquez.<\/p>\n\n\n\n<p>El obispo de Merlo-Moreno, Fernando Maletti, recibir\u00e1 la imagen a las 10.00 en la Plaza Buj\u00e1n en Paso del Rey, donde permanecer\u00e1 todo el s\u00e1bado para que la vean quienes pasen caminando, indicaron los organizadores.<\/p>\n\n\n\n<p>En torno a las 6.45 de ma\u00f1ana, domingo 3, la imagen llegar\u00e1 finalmente a Luj\u00e1n.<\/p>\n\n\n\n<p>La Imagen Peregrina de la Virgen de Luj\u00e1n que est\u00e1 caminando en esta edici\u00f3n es la que bendijo el papa Francisco en la Jornada Mundial de la Juventud del 2013 y es la que viene recorriendo toda la Argentina, incluida la Ant\u00e1rtida.<\/p>\n\n\n\n<figure class=\"wp-block-image size-full\"><a href=\"https:\/\/cvinoticias.com\/wp-content\/uploads\/2021\/10\/Screenshot_20211002-095524_Facebook.jpg\"><img decoding=\"async\" width=\"1017\" height=\"570\" data-src=\"https:\/\/cvinoticias.com\/wp-content\/uploads\/2021\/10\/Screenshot_20211002-095524_Facebook.jpg\" alt=\"\" class=\"wp-image-9135 lazyload\" data-srcset=\"https:\/\/cvinoticias.com\/wp-content\/uploads\/2021\/10\/Screenshot_20211002-095524_Facebook.jpg 1017w, https:\/\/cvinoticias.com\/wp-content\/uploads\/2021\/10\/Screenshot_20211002-095524_Facebook-300x168.jpg 300w, https:\/\/cvinoticias.com\/wp-content\/uploads\/2021\/10\/Screenshot_20211002-095524_Facebook-768x430.jpg 768w\" data-sizes=\"(max-width: 1017px) 100vw, 1017px\" src=\"data:image\/svg+xml;base64,PHN2ZyB3aWR0aD0iMSIgaGVpZ2h0PSIxIiB4bWxucz0iaHR0cDovL3d3dy53My5vcmcvMjAwMC9zdmciPjwvc3ZnPg==\" style=\"--smush-placeholder-width: 1017px; --smush-placeholder-aspect-ratio: 1017\/570;\" \/><\/a><\/figure>\n\n\n\n<p>La mayor\u00eda de las personas que llegaron a Liniers emprendieron su caminata para evitar aglomeraciones, tal como fue recomendado, y casi en su totalidad todos llevaban barbijos y elementos de higiene.<\/p>\n\n\n\n<p>Una de las peregrinas, Patricia Champerro, de 47 a\u00f1os, cont\u00f3 que lleg\u00f3 en una combi con 16 personas de la localidad de 25 de mayo, que \u00abhace 16 a\u00f1os\u00bb que participa y afirm\u00f3 que \u00abel a\u00f1o pasado estuvo muy angustiada por no poder venir\u00bb.<\/p>\n\n\n\n<p>\u00abAgradezco y estoy feliz por lo que tengo\u00bb, dijo la mujer que particip\u00f3 de la ceremonia de bendici\u00f3n de la imagen de la Virgen de Luj\u00e1n previo a su salida.<\/p>\n\n\n\n<p>Otra de las participantes, Valeria Albornoz, de 40 a\u00f1os, que lleg\u00f3 en una combi desde La Pampa, cont\u00f3 que hace 10 a\u00f1os que viene, y esta vez lo hizo junto a otras personas en una combi.<\/p>\n\n\n\n<p>La peregrinaci\u00f3n se podr\u00e9 seguir en forma virtual en las redes sociales y en la web (<a rel=\"noreferrer noopener\" href=\"http:\/\/peregrinacionlujan.org.ar\/\" target=\"_blank\">www.peregrinacionlujan.org.ar<\/a>).<\/p>\n\n\n\n<p><\/p>\n\n\n\n<p><strong>Fuente: T\u00e9lam <\/strong><\/p>\n","protected":false},"excerpt":{"rendered":"<p>\u00abMadre del Pueblo, te pedimos por la salud y el trabajo\u00bb, es el lema de la 47ma. de la movilizaci\u00f3n que este a\u00f1o recupera su modalidad presencial. Recomiendan no realizar el trayecto completo y que asistan s\u00f3lo quienes est\u00e9n inmunizados. La tradicional peregrinaci\u00f3n Juvenil a Luj\u00e1n, que en su edici\u00f3n 47ma. lleva\u00a0el lema \u00abMadre del [&hellip;]<\/p>\n","protected":false},"author":2,"featured_media":9134,"comment_status":"open","ping_status":"open","sticky":false,"template":"","format":"standard","meta":{"footnotes":""},"categories":[39],"tags":[],"class_list":["post-9133","post","type-post","status-publish","format-standard","has-post-thumbnail","hentry","category-nacionales"],"yoast_head":"<!-- This site is optimized with the Yoast SEO plugin v27.5 - https:\/\/yoast.com\/product\/yoast-seo-wordpress\/ -->\n<title>Miles de personas marchan a Luj\u00e1n con barbijos y cuidados sanitarios | CVI NOTICIAS<\/title>\n<meta name=\"robots\" content=\"index, follow, max-snippet:-1, max-image-preview:large, max-video-preview:-1\" \/>\n<link rel=\"canonical\" href=\"https:\/\/cvinoticias.com\/v3\/miles-de-personas-marchan-a-lujan-con-barbijos-y-cuidados-sanitarios\/\" \/>\n<meta property=\"og:locale\" content=\"es_ES\" \/>\n<meta property=\"og:type\" content=\"article\" \/>\n<meta property=\"og:title\" content=\"Miles de personas marchan a Luj\u00e1n con barbijos y cuidados sanitarios | CVI NOTICIAS\" \/>\n<meta property=\"og:description\" content=\"\u00abMadre del Pueblo, te pedimos por la salud y el trabajo\u00bb, es el lema de la 47ma. de la movilizaci\u00f3n que este a\u00f1o recupera su modalidad presencial. Recomiendan no realizar el trayecto completo y que asistan s\u00f3lo quienes est\u00e9n inmunizados. La tradicional peregrinaci\u00f3n Juvenil a Luj\u00e1n, que en su edici\u00f3n 47ma. lleva\u00a0el lema \u00abMadre del [&hellip;]\" \/>\n<meta property=\"og:url\" content=\"https:\/\/cvinoticias.com\/v3\/miles-de-personas-marchan-a-lujan-con-barbijos-y-cuidados-sanitarios\/\" \/>\n<meta property=\"og:site_name\" content=\"CVI NOTICIAS\" \/>\n<meta property=\"article:publisher\" content=\"https:\/\/www.facebook.com\/cvinoticias\" \/>\n<meta property=\"article:published_time\" content=\"2021-10-02T12:58:06+00:00\" \/>\n<meta property=\"og:image\" content=\"https:\/\/cvinoticias.com\/wp-content\/uploads\/2021\/10\/Screenshot_20211002-095405_Facebook.jpg\" \/>\n\t<meta property=\"og:image:width\" content=\"1014\" \/>\n\t<meta property=\"og:image:height\" content=\"572\" \/>\n\t<meta property=\"og:image:type\" content=\"image\/jpeg\" \/>\n<meta name=\"author\" content=\"f1000024\" \/>\n<meta name=\"twitter:card\" content=\"summary_large_image\" \/>\n<meta name=\"twitter:label1\" content=\"Escrito por\" \/>\n\t<meta name=\"twitter:data1\" content=\"f1000024\" \/>\n\t<meta name=\"twitter:label2\" content=\"Tiempo de lectura\" \/>\n\t<meta name=\"twitter:data2\" content=\"2 minutos\" \/>\n<script type=\"application\/ld+json\" class=\"yoast-schema-graph\">{\"@context\":\"https:\\\/\\\/schema.org\",\"@graph\":[{\"@type\":\"Article\",\"@id\":\"https:\\\/\\\/cvinoticias.com\\\/v3\\\/miles-de-personas-marchan-a-lujan-con-barbijos-y-cuidados-sanitarios\\\/#article\",\"isPartOf\":{\"@id\":\"https:\\\/\\\/cvinoticias.com\\\/v3\\\/miles-de-personas-marchan-a-lujan-con-barbijos-y-cuidados-sanitarios\\\/\"},\"author\":{\"name\":\"f1000024\",\"@id\":\"https:\\\/\\\/cvinoticias.com\\\/v3\\\/#\\\/schema\\\/person\\\/2db77e3c6bc03c538495d7b2b8be9b66\"},\"headline\":\"Miles de personas marchan a Luj\u00e1n con barbijos y cuidados sanitarios\",\"datePublished\":\"2021-10-02T12:58:06+00:00\",\"mainEntityOfPage\":{\"@id\":\"https:\\\/\\\/cvinoticias.com\\\/v3\\\/miles-de-personas-marchan-a-lujan-con-barbijos-y-cuidados-sanitarios\\\/\"},\"wordCount\":419,\"commentCount\":0,\"publisher\":{\"@id\":\"https:\\\/\\\/cvinoticias.com\\\/v3\\\/#organization\"},\"image\":{\"@id\":\"https:\\\/\\\/cvinoticias.com\\\/v3\\\/miles-de-personas-marchan-a-lujan-con-barbijos-y-cuidados-sanitarios\\\/#primaryimage\"},\"thumbnailUrl\":\"https:\\\/\\\/cvinoticias.com\\\/wp-content\\\/uploads\\\/2021\\\/10\\\/Screenshot_20211002-095405_Facebook.jpg\",\"articleSection\":[\"Nacionales\"],\"inLanguage\":\"es\",\"potentialAction\":[{\"@type\":\"CommentAction\",\"name\":\"Comment\",\"target\":[\"https:\\\/\\\/cvinoticias.com\\\/v3\\\/miles-de-personas-marchan-a-lujan-con-barbijos-y-cuidados-sanitarios\\\/#respond\"]}]},{\"@type\":\"WebPage\",\"@id\":\"https:\\\/\\\/cvinoticias.com\\\/v3\\\/miles-de-personas-marchan-a-lujan-con-barbijos-y-cuidados-sanitarios\\\/\",\"url\":\"https:\\\/\\\/cvinoticias.com\\\/v3\\\/miles-de-personas-marchan-a-lujan-con-barbijos-y-cuidados-sanitarios\\\/\",\"name\":\"Miles de personas marchan a Luj\u00e1n con barbijos y cuidados sanitarios | CVI NOTICIAS\",\"isPartOf\":{\"@id\":\"https:\\\/\\\/cvinoticias.com\\\/v3\\\/#website\"},\"primaryImageOfPage\":{\"@id\":\"https:\\\/\\\/cvinoticias.com\\\/v3\\\/miles-de-personas-marchan-a-lujan-con-barbijos-y-cuidados-sanitarios\\\/#primaryimage\"},\"image\":{\"@id\":\"https:\\\/\\\/cvinoticias.com\\\/v3\\\/miles-de-personas-marchan-a-lujan-con-barbijos-y-cuidados-sanitarios\\\/#primaryimage\"},\"thumbnailUrl\":\"https:\\\/\\\/cvinoticias.com\\\/wp-content\\\/uploads\\\/2021\\\/10\\\/Screenshot_20211002-095405_Facebook.jpg\",\"datePublished\":\"2021-10-02T12:58:06+00:00\",\"breadcrumb\":{\"@id\":\"https:\\\/\\\/cvinoticias.com\\\/v3\\\/miles-de-personas-marchan-a-lujan-con-barbijos-y-cuidados-sanitarios\\\/#breadcrumb\"},\"inLanguage\":\"es\",\"potentialAction\":[{\"@type\":\"ReadAction\",\"target\":[\"https:\\\/\\\/cvinoticias.com\\\/v3\\\/miles-de-personas-marchan-a-lujan-con-barbijos-y-cuidados-sanitarios\\\/\"]}]},{\"@type\":\"ImageObject\",\"inLanguage\":\"es\",\"@id\":\"https:\\\/\\\/cvinoticias.com\\\/v3\\\/miles-de-personas-marchan-a-lujan-con-barbijos-y-cuidados-sanitarios\\\/#primaryimage\",\"url\":\"https:\\\/\\\/cvinoticias.com\\\/wp-content\\\/uploads\\\/2021\\\/10\\\/Screenshot_20211002-095405_Facebook.jpg\",\"contentUrl\":\"https:\\\/\\\/cvinoticias.com\\\/wp-content\\\/uploads\\\/2021\\\/10\\\/Screenshot_20211002-095405_Facebook.jpg\",\"width\":1014,\"height\":572},{\"@type\":\"BreadcrumbList\",\"@id\":\"https:\\\/\\\/cvinoticias.com\\\/v3\\\/miles-de-personas-marchan-a-lujan-con-barbijos-y-cuidados-sanitarios\\\/#breadcrumb\",\"itemListElement\":[{\"@type\":\"ListItem\",\"position\":1,\"name\":\"Portada\",\"item\":\"https:\\\/\\\/cvinoticias.com\\\/v3\\\/\"},{\"@type\":\"ListItem\",\"position\":2,\"name\":\"Miles de personas marchan a Luj\u00e1n con barbijos y cuidados sanitarios\"}]},{\"@type\":\"WebSite\",\"@id\":\"https:\\\/\\\/cvinoticias.com\\\/v3\\\/#website\",\"url\":\"https:\\\/\\\/cvinoticias.com\\\/v3\\\/\",\"name\":\"CVI NOTICIAS\",\"description\":\"\",\"publisher\":{\"@id\":\"https:\\\/\\\/cvinoticias.com\\\/v3\\\/#organization\"},\"alternateName\":\"CVI\",\"potentialAction\":[{\"@type\":\"SearchAction\",\"target\":{\"@type\":\"EntryPoint\",\"urlTemplate\":\"https:\\\/\\\/cvinoticias.com\\\/v3\\\/?s={search_term_string}\"},\"query-input\":{\"@type\":\"PropertyValueSpecification\",\"valueRequired\":true,\"valueName\":\"search_term_string\"}}],\"inLanguage\":\"es\"},{\"@type\":\"Organization\",\"@id\":\"https:\\\/\\\/cvinoticias.com\\\/v3\\\/#organization\",\"name\":\"CVI NOTICIAS\",\"url\":\"https:\\\/\\\/cvinoticias.com\\\/v3\\\/\",\"logo\":{\"@type\":\"ImageObject\",\"inLanguage\":\"es\",\"@id\":\"https:\\\/\\\/cvinoticias.com\\\/v3\\\/#\\\/schema\\\/logo\\\/image\\\/\",\"url\":\"https:\\\/\\\/cvinoticias.com\\\/wp-content\\\/uploads\\\/2023\\\/04\\\/cropped-cropped-cropped-cropped-cropped-3-1.png\",\"contentUrl\":\"https:\\\/\\\/cvinoticias.com\\\/wp-content\\\/uploads\\\/2023\\\/04\\\/cropped-cropped-cropped-cropped-cropped-3-1.png\",\"width\":95,\"height\":122,\"caption\":\"CVI NOTICIAS\"},\"image\":{\"@id\":\"https:\\\/\\\/cvinoticias.com\\\/v3\\\/#\\\/schema\\\/logo\\\/image\\\/\"},\"sameAs\":[\"https:\\\/\\\/www.facebook.com\\\/cvinoticias\",\"https:\\\/\\\/www.instagram.com\\\/cvinoticias\\\/\",\"https:\\\/\\\/www.youtube.com\\\/@CVINOTICIAS\"]},{\"@type\":\"Person\",\"@id\":\"https:\\\/\\\/cvinoticias.com\\\/v3\\\/#\\\/schema\\\/person\\\/2db77e3c6bc03c538495d7b2b8be9b66\",\"name\":\"f1000024\",\"image\":{\"@type\":\"ImageObject\",\"inLanguage\":\"es\",\"@id\":\"https:\\\/\\\/secure.gravatar.com\\\/avatar\\\/d4fe7459cfc51ff5129ce1a732bbef5928568b8092d412ef95611616376bbeed?s=96&d=mm&r=g\",\"url\":\"https:\\\/\\\/secure.gravatar.com\\\/avatar\\\/d4fe7459cfc51ff5129ce1a732bbef5928568b8092d412ef95611616376bbeed?s=96&d=mm&r=g\",\"contentUrl\":\"https:\\\/\\\/secure.gravatar.com\\\/avatar\\\/d4fe7459cfc51ff5129ce1a732bbef5928568b8092d412ef95611616376bbeed?s=96&d=mm&r=g\",\"caption\":\"f1000024\"},\"url\":\"https:\\\/\\\/cvinoticias.com\\\/v3\\\/author\\\/f1000024\\\/\"}]}<\/script>\n<!-- \/ Yoast SEO plugin. -->","yoast_head_json":{"title":"Miles de personas marchan a Luj\u00e1n con barbijos y cuidados sanitarios | CVI NOTICIAS","robots":{"index":"index","follow":"follow","max-snippet":"max-snippet:-1","max-image-preview":"max-image-preview:large","max-video-preview":"max-video-preview:-1"},"canonical":"https:\/\/cvinoticias.com\/v3\/miles-de-personas-marchan-a-lujan-con-barbijos-y-cuidados-sanitarios\/","og_locale":"es_ES","og_type":"article","og_title":"Miles de personas marchan a Luj\u00e1n con barbijos y cuidados sanitarios | CVI NOTICIAS","og_description":"\u00abMadre del Pueblo, te pedimos por la salud y el trabajo\u00bb, es el lema de la 47ma. de la movilizaci\u00f3n que este a\u00f1o recupera su modalidad presencial. Recomiendan no realizar el trayecto completo y que asistan s\u00f3lo quienes est\u00e9n inmunizados. La tradicional peregrinaci\u00f3n Juvenil a Luj\u00e1n, que en su edici\u00f3n 47ma. lleva\u00a0el lema \u00abMadre del [&hellip;]","og_url":"https:\/\/cvinoticias.com\/v3\/miles-de-personas-marchan-a-lujan-con-barbijos-y-cuidados-sanitarios\/","og_site_name":"CVI NOTICIAS","article_publisher":"https:\/\/www.facebook.com\/cvinoticias","article_published_time":"2021-10-02T12:58:06+00:00","og_image":[{"width":1014,"height":572,"url":"https:\/\/cvinoticias.com\/wp-content\/uploads\/2021\/10\/Screenshot_20211002-095405_Facebook.jpg","type":"image\/jpeg"}],"author":"f1000024","twitter_card":"summary_large_image","twitter_misc":{"Escrito por":"f1000024","Tiempo de lectura":"2 minutos"},"schema":{"@context":"https:\/\/schema.org","@graph":[{"@type":"Article","@id":"https:\/\/cvinoticias.com\/v3\/miles-de-personas-marchan-a-lujan-con-barbijos-y-cuidados-sanitarios\/#article","isPartOf":{"@id":"https:\/\/cvinoticias.com\/v3\/miles-de-personas-marchan-a-lujan-con-barbijos-y-cuidados-sanitarios\/"},"author":{"name":"f1000024","@id":"https:\/\/cvinoticias.com\/v3\/#\/schema\/person\/2db77e3c6bc03c538495d7b2b8be9b66"},"headline":"Miles de personas marchan a Luj\u00e1n con barbijos y cuidados sanitarios","datePublished":"2021-10-02T12:58:06+00:00","mainEntityOfPage":{"@id":"https:\/\/cvinoticias.com\/v3\/miles-de-personas-marchan-a-lujan-con-barbijos-y-cuidados-sanitarios\/"},"wordCount":419,"commentCount":0,"publisher":{"@id":"https:\/\/cvinoticias.com\/v3\/#organization"},"image":{"@id":"https:\/\/cvinoticias.com\/v3\/miles-de-personas-marchan-a-lujan-con-barbijos-y-cuidados-sanitarios\/#primaryimage"},"thumbnailUrl":"https:\/\/cvinoticias.com\/wp-content\/uploads\/2021\/10\/Screenshot_20211002-095405_Facebook.jpg","articleSection":["Nacionales"],"inLanguage":"es","potentialAction":[{"@type":"CommentAction","name":"Comment","target":["https:\/\/cvinoticias.com\/v3\/miles-de-personas-marchan-a-lujan-con-barbijos-y-cuidados-sanitarios\/#respond"]}]},{"@type":"WebPage","@id":"https:\/\/cvinoticias.com\/v3\/miles-de-personas-marchan-a-lujan-con-barbijos-y-cuidados-sanitarios\/","url":"https:\/\/cvinoticias.com\/v3\/miles-de-personas-marchan-a-lujan-con-barbijos-y-cuidados-sanitarios\/","name":"Miles de personas marchan a Luj\u00e1n con barbijos y cuidados sanitarios | CVI NOTICIAS","isPartOf":{"@id":"https:\/\/cvinoticias.com\/v3\/#website"},"primaryImageOfPage":{"@id":"https:\/\/cvinoticias.com\/v3\/miles-de-personas-marchan-a-lujan-con-barbijos-y-cuidados-sanitarios\/#primaryimage"},"image":{"@id":"https:\/\/cvinoticias.com\/v3\/miles-de-personas-marchan-a-lujan-con-barbijos-y-cuidados-sanitarios\/#primaryimage"},"thumbnailUrl":"https:\/\/cvinoticias.com\/wp-content\/uploads\/2021\/10\/Screenshot_20211002-095405_Facebook.jpg","datePublished":"2021-10-02T12:58:06+00:00","breadcrumb":{"@id":"https:\/\/cvinoticias.com\/v3\/miles-de-personas-marchan-a-lujan-con-barbijos-y-cuidados-sanitarios\/#breadcrumb"},"inLanguage":"es","potentialAction":[{"@type":"ReadAction","target":["https:\/\/cvinoticias.com\/v3\/miles-de-personas-marchan-a-lujan-con-barbijos-y-cuidados-sanitarios\/"]}]},{"@type":"ImageObject","inLanguage":"es","@id":"https:\/\/cvinoticias.com\/v3\/miles-de-personas-marchan-a-lujan-con-barbijos-y-cuidados-sanitarios\/#primaryimage","url":"https:\/\/cvinoticias.com\/wp-content\/uploads\/2021\/10\/Screenshot_20211002-095405_Facebook.jpg","contentUrl":"https:\/\/cvinoticias.com\/wp-content\/uploads\/2021\/10\/Screenshot_20211002-095405_Facebook.jpg","width":1014,"height":572},{"@type":"BreadcrumbList","@id":"https:\/\/cvinoticias.com\/v3\/miles-de-personas-marchan-a-lujan-con-barbijos-y-cuidados-sanitarios\/#breadcrumb","itemListElement":[{"@type":"ListItem","position":1,"name":"Portada","item":"https:\/\/cvinoticias.com\/v3\/"},{"@type":"ListItem","position":2,"name":"Miles de personas marchan a Luj\u00e1n con barbijos y cuidados sanitarios"}]},{"@type":"WebSite","@id":"https:\/\/cvinoticias.com\/v3\/#website","url":"https:\/\/cvinoticias.com\/v3\/","name":"CVI NOTICIAS","description":"","publisher":{"@id":"https:\/\/cvinoticias.com\/v3\/#organization"},"alternateName":"CVI","potentialAction":[{"@type":"SearchAction","target":{"@type":"EntryPoint","urlTemplate":"https:\/\/cvinoticias.com\/v3\/?s={search_term_string}"},"query-input":{"@type":"PropertyValueSpecification","valueRequired":true,"valueName":"search_term_string"}}],"inLanguage":"es"},{"@type":"Organization","@id":"https:\/\/cvinoticias.com\/v3\/#organization","name":"CVI NOTICIAS","url":"https:\/\/cvinoticias.com\/v3\/","logo":{"@type":"ImageObject","inLanguage":"es","@id":"https:\/\/cvinoticias.com\/v3\/#\/schema\/logo\/image\/","url":"https:\/\/cvinoticias.com\/wp-content\/uploads\/2023\/04\/cropped-cropped-cropped-cropped-cropped-3-1.png","contentUrl":"https:\/\/cvinoticias.com\/wp-content\/uploads\/2023\/04\/cropped-cropped-cropped-cropped-cropped-3-1.png","width":95,"height":122,"caption":"CVI NOTICIAS"},"image":{"@id":"https:\/\/cvinoticias.com\/v3\/#\/schema\/logo\/image\/"},"sameAs":["https:\/\/www.facebook.com\/cvinoticias","https:\/\/www.instagram.com\/cvinoticias\/","https:\/\/www.youtube.com\/@CVINOTICIAS"]},{"@type":"Person","@id":"https:\/\/cvinoticias.com\/v3\/#\/schema\/person\/2db77e3c6bc03c538495d7b2b8be9b66","name":"f1000024","image":{"@type":"ImageObject","inLanguage":"es","@id":"https:\/\/secure.gravatar.com\/avatar\/d4fe7459cfc51ff5129ce1a732bbef5928568b8092d412ef95611616376bbeed?s=96&d=mm&r=g","url":"https:\/\/secure.gravatar.com\/avatar\/d4fe7459cfc51ff5129ce1a732bbef5928568b8092d412ef95611616376bbeed?s=96&d=mm&r=g","contentUrl":"https:\/\/secure.gravatar.com\/avatar\/d4fe7459cfc51ff5129ce1a732bbef5928568b8092d412ef95611616376bbeed?s=96&d=mm&r=g","caption":"f1000024"},"url":"https:\/\/cvinoticias.com\/v3\/author\/f1000024\/"}]}},"_links":{"self":[{"href":"https:\/\/cvinoticias.com\/v3\/wp-json\/wp\/v2\/posts\/9133","targetHints":{"allow":["GET"]}}],"collection":[{"href":"https:\/\/cvinoticias.com\/v3\/wp-json\/wp\/v2\/posts"}],"about":[{"href":"https:\/\/cvinoticias.com\/v3\/wp-json\/wp\/v2\/types\/post"}],"author":[{"embeddable":true,"href":"https:\/\/cvinoticias.com\/v3\/wp-json\/wp\/v2\/users\/2"}],"replies":[{"embeddable":true,"href":"https:\/\/cvinoticias.com\/v3\/wp-json\/wp\/v2\/comments?post=9133"}],"version-history":[{"count":1,"href":"https:\/\/cvinoticias.com\/v3\/wp-json\/wp\/v2\/posts\/9133\/revisions"}],"predecessor-version":[{"id":9136,"href":"https:\/\/cvinoticias.com\/v3\/wp-json\/wp\/v2\/posts\/9133\/revisions\/9136"}],"wp:featuredmedia":[{"embeddable":true,"href":"https:\/\/cvinoticias.com\/v3\/wp-json\/wp\/v2\/media\/9134"}],"wp:attachment":[{"href":"https:\/\/cvinoticias.com\/v3\/wp-json\/wp\/v2\/media?parent=9133"}],"wp:term":[{"taxonomy":"category","embeddable":true,"href":"https:\/\/cvinoticias.com\/v3\/wp-json\/wp\/v2\/categories?post=9133"},{"taxonomy":"post_tag","embeddable":true,"href":"https:\/\/cvinoticias.com\/v3\/wp-json\/wp\/v2\/tags?post=9133"}],"curies":[{"name":"wp","href":"https:\/\/api.w.org\/{rel}","templated":true}]}}