{"id":9127,"date":"2021-10-02T02:48:50","date_gmt":"2021-10-02T02:48:50","guid":{"rendered":"https:\/\/cvinoticias.com\/v3\/?p=9127"},"modified":"2021-10-02T02:48:50","modified_gmt":"2021-10-02T02:48:50","slug":"atropellaron-y-mataron-a-un-ocelote-sobre-la-ruta-101","status":"publish","type":"post","link":"https:\/\/cvinoticias.com\/v3\/atropellaron-y-mataron-a-un-ocelote-sobre-la-ruta-101\/","title":{"rendered":"Atropellaron y mataron a un ocelote sobre la ruta 101."},"content":{"rendered":"\n<p><strong><em>El ocelote fue atropellado en la tarde no de este viernes 01 de octubre, entre el puesto de Gendarmer\u00eda de ruta 101 y la entrada al Parque Nacional. El hecho provoc\u00f3 la muerte en el acto del animal.<\/em><\/strong><\/p>\n\n\n\n<p>Esta especie est\u00e1 considerada como vulnerable por la Administraci\u00f3n de Parques Nacionales ya que cuenta con escasa presencia en otras \u00e1reas protegidas.<\/p>\n\n\n\n<p>Con el fin de evitar su extinci\u00f3n est\u00e1 estipulado que el l\u00edmite de velocidad es de 60 kil\u00f3metros por hora en reservas ecol\u00f3gicas. Sin embargo, los conductores no respetan estas restricciones de circulaci\u00f3n para preservar la fauna nativa pese a que las rutas en las \u00e1reas naturales protegidas est\u00e1n se\u00f1alizadas con carteles, cintas sonoras y c\u00e1maras foto multas.<\/p>\n\n\n\n<p><strong>Fotos Gentileza Nicol\u00e1s Aranda<\/strong><\/p>\n","protected":false},"excerpt":{"rendered":"<p>El ocelote fue atropellado en la tarde no de este viernes 01 de octubre, entre el puesto de Gendarmer\u00eda de ruta 101 y la entrada al Parque Nacional. El hecho provoc\u00f3 la muerte en el acto del animal. Esta especie est\u00e1 considerada como vulnerable por la Administraci\u00f3n de Parques Nacionales ya que cuenta con escasa [&hellip;]<\/p>\n","protected":false},"author":2,"featured_media":9128,"comment_status":"open","ping_status":"open","sticky":false,"template":"","format":"standard","meta":{"footnotes":""},"categories":[35],"tags":[],"class_list":["post-9127","post","type-post","status-publish","format-standard","has-post-thumbnail","hentry","category-informacion-general"],"yoast_head":"<!-- This site is optimized with the Yoast SEO plugin v27.5 - https:\/\/yoast.com\/product\/yoast-seo-wordpress\/ -->\n<title>Atropellaron y mataron a un ocelote sobre la ruta 101. | CVI NOTICIAS<\/title>\n<meta name=\"robots\" content=\"index, follow, max-snippet:-1, max-image-preview:large, max-video-preview:-1\" \/>\n<link rel=\"canonical\" href=\"https:\/\/cvinoticias.com\/v3\/atropellaron-y-mataron-a-un-ocelote-sobre-la-ruta-101\/\" \/>\n<meta property=\"og:locale\" content=\"es_ES\" \/>\n<meta property=\"og:type\" content=\"article\" \/>\n<meta property=\"og:title\" content=\"Atropellaron y mataron a un ocelote sobre la ruta 101. | CVI NOTICIAS\" \/>\n<meta property=\"og:description\" content=\"El ocelote fue atropellado en la tarde no de este viernes 01 de octubre, entre el puesto de Gendarmer\u00eda de ruta 101 y la entrada al Parque Nacional. El hecho provoc\u00f3 la muerte en el acto del animal. Esta especie est\u00e1 considerada como vulnerable por la Administraci\u00f3n de Parques Nacionales ya que cuenta con escasa [&hellip;]\" \/>\n<meta property=\"og:url\" content=\"https:\/\/cvinoticias.com\/v3\/atropellaron-y-mataron-a-un-ocelote-sobre-la-ruta-101\/\" \/>\n<meta property=\"og:site_name\" content=\"CVI NOTICIAS\" \/>\n<meta property=\"article:publisher\" content=\"https:\/\/www.facebook.com\/cvinoticias\" \/>\n<meta property=\"article:published_time\" content=\"2021-10-02T02:48:50+00:00\" \/>\n<meta property=\"og:image\" content=\"https:\/\/cvinoticias.com\/wp-content\/uploads\/2021\/10\/PicsArt_10-01-11.19.51-scaled.jpg\" \/>\n\t<meta property=\"og:image:width\" content=\"2560\" \/>\n\t<meta property=\"og:image:height\" content=\"2560\" \/>\n\t<meta property=\"og:image:type\" content=\"image\/jpeg\" \/>\n<meta name=\"author\" content=\"f1000024\" \/>\n<meta name=\"twitter:card\" content=\"summary_large_image\" \/>\n<meta name=\"twitter:label1\" content=\"Escrito por\" \/>\n\t<meta name=\"twitter:data1\" content=\"f1000024\" \/>\n\t<meta name=\"twitter:label2\" content=\"Tiempo de lectura\" \/>\n\t<meta name=\"twitter:data2\" content=\"1 minuto\" \/>\n<script type=\"application\/ld+json\" class=\"yoast-schema-graph\">{\"@context\":\"https:\\\/\\\/schema.org\",\"@graph\":[{\"@type\":\"Article\",\"@id\":\"https:\\\/\\\/cvinoticias.com\\\/v3\\\/atropellaron-y-mataron-a-un-ocelote-sobre-la-ruta-101\\\/#article\",\"isPartOf\":{\"@id\":\"https:\\\/\\\/cvinoticias.com\\\/v3\\\/atropellaron-y-mataron-a-un-ocelote-sobre-la-ruta-101\\\/\"},\"author\":{\"name\":\"f1000024\",\"@id\":\"https:\\\/\\\/cvinoticias.com\\\/v3\\\/#\\\/schema\\\/person\\\/2db77e3c6bc03c538495d7b2b8be9b66\"},\"headline\":\"Atropellaron y mataron a un ocelote sobre la ruta 101.\",\"datePublished\":\"2021-10-02T02:48:50+00:00\",\"mainEntityOfPage\":{\"@id\":\"https:\\\/\\\/cvinoticias.com\\\/v3\\\/atropellaron-y-mataron-a-un-ocelote-sobre-la-ruta-101\\\/\"},\"wordCount\":139,\"commentCount\":0,\"publisher\":{\"@id\":\"https:\\\/\\\/cvinoticias.com\\\/v3\\\/#organization\"},\"image\":{\"@id\":\"https:\\\/\\\/cvinoticias.com\\\/v3\\\/atropellaron-y-mataron-a-un-ocelote-sobre-la-ruta-101\\\/#primaryimage\"},\"thumbnailUrl\":\"https:\\\/\\\/cvinoticias.com\\\/wp-content\\\/uploads\\\/2021\\\/10\\\/PicsArt_10-01-11.19.51-scaled.jpg\",\"articleSection\":[\"Informaci\u00f3n General\"],\"inLanguage\":\"es\",\"potentialAction\":[{\"@type\":\"CommentAction\",\"name\":\"Comment\",\"target\":[\"https:\\\/\\\/cvinoticias.com\\\/v3\\\/atropellaron-y-mataron-a-un-ocelote-sobre-la-ruta-101\\\/#respond\"]}]},{\"@type\":\"WebPage\",\"@id\":\"https:\\\/\\\/cvinoticias.com\\\/v3\\\/atropellaron-y-mataron-a-un-ocelote-sobre-la-ruta-101\\\/\",\"url\":\"https:\\\/\\\/cvinoticias.com\\\/v3\\\/atropellaron-y-mataron-a-un-ocelote-sobre-la-ruta-101\\\/\",\"name\":\"Atropellaron y mataron a un ocelote sobre la ruta 101. | CVI NOTICIAS\",\"isPartOf\":{\"@id\":\"https:\\\/\\\/cvinoticias.com\\\/v3\\\/#website\"},\"primaryImageOfPage\":{\"@id\":\"https:\\\/\\\/cvinoticias.com\\\/v3\\\/atropellaron-y-mataron-a-un-ocelote-sobre-la-ruta-101\\\/#primaryimage\"},\"image\":{\"@id\":\"https:\\\/\\\/cvinoticias.com\\\/v3\\\/atropellaron-y-mataron-a-un-ocelote-sobre-la-ruta-101\\\/#primaryimage\"},\"thumbnailUrl\":\"https:\\\/\\\/cvinoticias.com\\\/wp-content\\\/uploads\\\/2021\\\/10\\\/PicsArt_10-01-11.19.51-scaled.jpg\",\"datePublished\":\"2021-10-02T02:48:50+00:00\",\"breadcrumb\":{\"@id\":\"https:\\\/\\\/cvinoticias.com\\\/v3\\\/atropellaron-y-mataron-a-un-ocelote-sobre-la-ruta-101\\\/#breadcrumb\"},\"inLanguage\":\"es\",\"potentialAction\":[{\"@type\":\"ReadAction\",\"target\":[\"https:\\\/\\\/cvinoticias.com\\\/v3\\\/atropellaron-y-mataron-a-un-ocelote-sobre-la-ruta-101\\\/\"]}]},{\"@type\":\"ImageObject\",\"inLanguage\":\"es\",\"@id\":\"https:\\\/\\\/cvinoticias.com\\\/v3\\\/atropellaron-y-mataron-a-un-ocelote-sobre-la-ruta-101\\\/#primaryimage\",\"url\":\"https:\\\/\\\/cvinoticias.com\\\/wp-content\\\/uploads\\\/2021\\\/10\\\/PicsArt_10-01-11.19.51-scaled.jpg\",\"contentUrl\":\"https:\\\/\\\/cvinoticias.com\\\/wp-content\\\/uploads\\\/2021\\\/10\\\/PicsArt_10-01-11.19.51-scaled.jpg\",\"width\":2560,\"height\":2560},{\"@type\":\"BreadcrumbList\",\"@id\":\"https:\\\/\\\/cvinoticias.com\\\/v3\\\/atropellaron-y-mataron-a-un-ocelote-sobre-la-ruta-101\\\/#breadcrumb\",\"itemListElement\":[{\"@type\":\"ListItem\",\"position\":1,\"name\":\"Portada\",\"item\":\"https:\\\/\\\/cvinoticias.com\\\/v3\\\/\"},{\"@type\":\"ListItem\",\"position\":2,\"name\":\"Atropellaron y mataron a un ocelote sobre la ruta 101.\"}]},{\"@type\":\"WebSite\",\"@id\":\"https:\\\/\\\/cvinoticias.com\\\/v3\\\/#website\",\"url\":\"https:\\\/\\\/cvinoticias.com\\\/v3\\\/\",\"name\":\"CVI NOTICIAS\",\"description\":\"\",\"publisher\":{\"@id\":\"https:\\\/\\\/cvinoticias.com\\\/v3\\\/#organization\"},\"alternateName\":\"CVI\",\"potentialAction\":[{\"@type\":\"SearchAction\",\"target\":{\"@type\":\"EntryPoint\",\"urlTemplate\":\"https:\\\/\\\/cvinoticias.com\\\/v3\\\/?s={search_term_string}\"},\"query-input\":{\"@type\":\"PropertyValueSpecification\",\"valueRequired\":true,\"valueName\":\"search_term_string\"}}],\"inLanguage\":\"es\"},{\"@type\":\"Organization\",\"@id\":\"https:\\\/\\\/cvinoticias.com\\\/v3\\\/#organization\",\"name\":\"CVI NOTICIAS\",\"url\":\"https:\\\/\\\/cvinoticias.com\\\/v3\\\/\",\"logo\":{\"@type\":\"ImageObject\",\"inLanguage\":\"es\",\"@id\":\"https:\\\/\\\/cvinoticias.com\\\/v3\\\/#\\\/schema\\\/logo\\\/image\\\/\",\"url\":\"https:\\\/\\\/cvinoticias.com\\\/wp-content\\\/uploads\\\/2023\\\/04\\\/cropped-cropped-cropped-cropped-cropped-3-1.png\",\"contentUrl\":\"https:\\\/\\\/cvinoticias.com\\\/wp-content\\\/uploads\\\/2023\\\/04\\\/cropped-cropped-cropped-cropped-cropped-3-1.png\",\"width\":95,\"height\":122,\"caption\":\"CVI NOTICIAS\"},\"image\":{\"@id\":\"https:\\\/\\\/cvinoticias.com\\\/v3\\\/#\\\/schema\\\/logo\\\/image\\\/\"},\"sameAs\":[\"https:\\\/\\\/www.facebook.com\\\/cvinoticias\",\"https:\\\/\\\/www.instagram.com\\\/cvinoticias\\\/\",\"https:\\\/\\\/www.youtube.com\\\/@CVINOTICIAS\"]},{\"@type\":\"Person\",\"@id\":\"https:\\\/\\\/cvinoticias.com\\\/v3\\\/#\\\/schema\\\/person\\\/2db77e3c6bc03c538495d7b2b8be9b66\",\"name\":\"f1000024\",\"image\":{\"@type\":\"ImageObject\",\"inLanguage\":\"es\",\"@id\":\"https:\\\/\\\/secure.gravatar.com\\\/avatar\\\/d4fe7459cfc51ff5129ce1a732bbef5928568b8092d412ef95611616376bbeed?s=96&d=mm&r=g\",\"url\":\"https:\\\/\\\/secure.gravatar.com\\\/avatar\\\/d4fe7459cfc51ff5129ce1a732bbef5928568b8092d412ef95611616376bbeed?s=96&d=mm&r=g\",\"contentUrl\":\"https:\\\/\\\/secure.gravatar.com\\\/avatar\\\/d4fe7459cfc51ff5129ce1a732bbef5928568b8092d412ef95611616376bbeed?s=96&d=mm&r=g\",\"caption\":\"f1000024\"},\"url\":\"https:\\\/\\\/cvinoticias.com\\\/v3\\\/author\\\/f1000024\\\/\"}]}<\/script>\n<!-- \/ Yoast SEO plugin. -->","yoast_head_json":{"title":"Atropellaron y mataron a un ocelote sobre la ruta 101. | CVI NOTICIAS","robots":{"index":"index","follow":"follow","max-snippet":"max-snippet:-1","max-image-preview":"max-image-preview:large","max-video-preview":"max-video-preview:-1"},"canonical":"https:\/\/cvinoticias.com\/v3\/atropellaron-y-mataron-a-un-ocelote-sobre-la-ruta-101\/","og_locale":"es_ES","og_type":"article","og_title":"Atropellaron y mataron a un ocelote sobre la ruta 101. | CVI NOTICIAS","og_description":"El ocelote fue atropellado en la tarde no de este viernes 01 de octubre, entre el puesto de Gendarmer\u00eda de ruta 101 y la entrada al Parque Nacional. El hecho provoc\u00f3 la muerte en el acto del animal. Esta especie est\u00e1 considerada como vulnerable por la Administraci\u00f3n de Parques Nacionales ya que cuenta con escasa [&hellip;]","og_url":"https:\/\/cvinoticias.com\/v3\/atropellaron-y-mataron-a-un-ocelote-sobre-la-ruta-101\/","og_site_name":"CVI NOTICIAS","article_publisher":"https:\/\/www.facebook.com\/cvinoticias","article_published_time":"2021-10-02T02:48:50+00:00","og_image":[{"width":2560,"height":2560,"url":"https:\/\/cvinoticias.com\/wp-content\/uploads\/2021\/10\/PicsArt_10-01-11.19.51-scaled.jpg","type":"image\/jpeg"}],"author":"f1000024","twitter_card":"summary_large_image","twitter_misc":{"Escrito por":"f1000024","Tiempo de lectura":"1 minuto"},"schema":{"@context":"https:\/\/schema.org","@graph":[{"@type":"Article","@id":"https:\/\/cvinoticias.com\/v3\/atropellaron-y-mataron-a-un-ocelote-sobre-la-ruta-101\/#article","isPartOf":{"@id":"https:\/\/cvinoticias.com\/v3\/atropellaron-y-mataron-a-un-ocelote-sobre-la-ruta-101\/"},"author":{"name":"f1000024","@id":"https:\/\/cvinoticias.com\/v3\/#\/schema\/person\/2db77e3c6bc03c538495d7b2b8be9b66"},"headline":"Atropellaron y mataron a un ocelote sobre la ruta 101.","datePublished":"2021-10-02T02:48:50+00:00","mainEntityOfPage":{"@id":"https:\/\/cvinoticias.com\/v3\/atropellaron-y-mataron-a-un-ocelote-sobre-la-ruta-101\/"},"wordCount":139,"commentCount":0,"publisher":{"@id":"https:\/\/cvinoticias.com\/v3\/#organization"},"image":{"@id":"https:\/\/cvinoticias.com\/v3\/atropellaron-y-mataron-a-un-ocelote-sobre-la-ruta-101\/#primaryimage"},"thumbnailUrl":"https:\/\/cvinoticias.com\/wp-content\/uploads\/2021\/10\/PicsArt_10-01-11.19.51-scaled.jpg","articleSection":["Informaci\u00f3n General"],"inLanguage":"es","potentialAction":[{"@type":"CommentAction","name":"Comment","target":["https:\/\/cvinoticias.com\/v3\/atropellaron-y-mataron-a-un-ocelote-sobre-la-ruta-101\/#respond"]}]},{"@type":"WebPage","@id":"https:\/\/cvinoticias.com\/v3\/atropellaron-y-mataron-a-un-ocelote-sobre-la-ruta-101\/","url":"https:\/\/cvinoticias.com\/v3\/atropellaron-y-mataron-a-un-ocelote-sobre-la-ruta-101\/","name":"Atropellaron y mataron a un ocelote sobre la ruta 101. | CVI NOTICIAS","isPartOf":{"@id":"https:\/\/cvinoticias.com\/v3\/#website"},"primaryImageOfPage":{"@id":"https:\/\/cvinoticias.com\/v3\/atropellaron-y-mataron-a-un-ocelote-sobre-la-ruta-101\/#primaryimage"},"image":{"@id":"https:\/\/cvinoticias.com\/v3\/atropellaron-y-mataron-a-un-ocelote-sobre-la-ruta-101\/#primaryimage"},"thumbnailUrl":"https:\/\/cvinoticias.com\/wp-content\/uploads\/2021\/10\/PicsArt_10-01-11.19.51-scaled.jpg","datePublished":"2021-10-02T02:48:50+00:00","breadcrumb":{"@id":"https:\/\/cvinoticias.com\/v3\/atropellaron-y-mataron-a-un-ocelote-sobre-la-ruta-101\/#breadcrumb"},"inLanguage":"es","potentialAction":[{"@type":"ReadAction","target":["https:\/\/cvinoticias.com\/v3\/atropellaron-y-mataron-a-un-ocelote-sobre-la-ruta-101\/"]}]},{"@type":"ImageObject","inLanguage":"es","@id":"https:\/\/cvinoticias.com\/v3\/atropellaron-y-mataron-a-un-ocelote-sobre-la-ruta-101\/#primaryimage","url":"https:\/\/cvinoticias.com\/wp-content\/uploads\/2021\/10\/PicsArt_10-01-11.19.51-scaled.jpg","contentUrl":"https:\/\/cvinoticias.com\/wp-content\/uploads\/2021\/10\/PicsArt_10-01-11.19.51-scaled.jpg","width":2560,"height":2560},{"@type":"BreadcrumbList","@id":"https:\/\/cvinoticias.com\/v3\/atropellaron-y-mataron-a-un-ocelote-sobre-la-ruta-101\/#breadcrumb","itemListElement":[{"@type":"ListItem","position":1,"name":"Portada","item":"https:\/\/cvinoticias.com\/v3\/"},{"@type":"ListItem","position":2,"name":"Atropellaron y mataron a un ocelote sobre la ruta 101."}]},{"@type":"WebSite","@id":"https:\/\/cvinoticias.com\/v3\/#website","url":"https:\/\/cvinoticias.com\/v3\/","name":"CVI NOTICIAS","description":"","publisher":{"@id":"https:\/\/cvinoticias.com\/v3\/#organization"},"alternateName":"CVI","potentialAction":[{"@type":"SearchAction","target":{"@type":"EntryPoint","urlTemplate":"https:\/\/cvinoticias.com\/v3\/?s={search_term_string}"},"query-input":{"@type":"PropertyValueSpecification","valueRequired":true,"valueName":"search_term_string"}}],"inLanguage":"es"},{"@type":"Organization","@id":"https:\/\/cvinoticias.com\/v3\/#organization","name":"CVI NOTICIAS","url":"https:\/\/cvinoticias.com\/v3\/","logo":{"@type":"ImageObject","inLanguage":"es","@id":"https:\/\/cvinoticias.com\/v3\/#\/schema\/logo\/image\/","url":"https:\/\/cvinoticias.com\/wp-content\/uploads\/2023\/04\/cropped-cropped-cropped-cropped-cropped-3-1.png","contentUrl":"https:\/\/cvinoticias.com\/wp-content\/uploads\/2023\/04\/cropped-cropped-cropped-cropped-cropped-3-1.png","width":95,"height":122,"caption":"CVI NOTICIAS"},"image":{"@id":"https:\/\/cvinoticias.com\/v3\/#\/schema\/logo\/image\/"},"sameAs":["https:\/\/www.facebook.com\/cvinoticias","https:\/\/www.instagram.com\/cvinoticias\/","https:\/\/www.youtube.com\/@CVINOTICIAS"]},{"@type":"Person","@id":"https:\/\/cvinoticias.com\/v3\/#\/schema\/person\/2db77e3c6bc03c538495d7b2b8be9b66","name":"f1000024","image":{"@type":"ImageObject","inLanguage":"es","@id":"https:\/\/secure.gravatar.com\/avatar\/d4fe7459cfc51ff5129ce1a732bbef5928568b8092d412ef95611616376bbeed?s=96&d=mm&r=g","url":"https:\/\/secure.gravatar.com\/avatar\/d4fe7459cfc51ff5129ce1a732bbef5928568b8092d412ef95611616376bbeed?s=96&d=mm&r=g","contentUrl":"https:\/\/secure.gravatar.com\/avatar\/d4fe7459cfc51ff5129ce1a732bbef5928568b8092d412ef95611616376bbeed?s=96&d=mm&r=g","caption":"f1000024"},"url":"https:\/\/cvinoticias.com\/v3\/author\/f1000024\/"}]}},"_links":{"self":[{"href":"https:\/\/cvinoticias.com\/v3\/wp-json\/wp\/v2\/posts\/9127","targetHints":{"allow":["GET"]}}],"collection":[{"href":"https:\/\/cvinoticias.com\/v3\/wp-json\/wp\/v2\/posts"}],"about":[{"href":"https:\/\/cvinoticias.com\/v3\/wp-json\/wp\/v2\/types\/post"}],"author":[{"embeddable":true,"href":"https:\/\/cvinoticias.com\/v3\/wp-json\/wp\/v2\/users\/2"}],"replies":[{"embeddable":true,"href":"https:\/\/cvinoticias.com\/v3\/wp-json\/wp\/v2\/comments?post=9127"}],"version-history":[{"count":1,"href":"https:\/\/cvinoticias.com\/v3\/wp-json\/wp\/v2\/posts\/9127\/revisions"}],"predecessor-version":[{"id":9129,"href":"https:\/\/cvinoticias.com\/v3\/wp-json\/wp\/v2\/posts\/9127\/revisions\/9129"}],"wp:featuredmedia":[{"embeddable":true,"href":"https:\/\/cvinoticias.com\/v3\/wp-json\/wp\/v2\/media\/9128"}],"wp:attachment":[{"href":"https:\/\/cvinoticias.com\/v3\/wp-json\/wp\/v2\/media?parent=9127"}],"wp:term":[{"taxonomy":"category","embeddable":true,"href":"https:\/\/cvinoticias.com\/v3\/wp-json\/wp\/v2\/categories?post=9127"},{"taxonomy":"post_tag","embeddable":true,"href":"https:\/\/cvinoticias.com\/v3\/wp-json\/wp\/v2\/tags?post=9127"}],"curies":[{"name":"wp","href":"https:\/\/api.w.org\/{rel}","templated":true}]}}