{"id":9124,"date":"2021-10-01T20:19:43","date_gmt":"2021-10-01T20:19:43","guid":{"rendered":"https:\/\/cvinoticias.com\/v3\/?p=9124"},"modified":"2021-10-01T20:19:43","modified_gmt":"2021-10-01T20:19:43","slug":"coronavirus-anuncian-la-vacunacion-de-ninos-de-3-a-11-anos-en-argentina","status":"publish","type":"post","link":"https:\/\/cvinoticias.com\/v3\/coronavirus-anuncian-la-vacunacion-de-ninos-de-3-a-11-anos-en-argentina\/","title":{"rendered":"Coronavirus: Anuncian la vacunaci\u00f3n de ni\u00f1os de 3 a 11 a\u00f1os en Argentina"},"content":{"rendered":"\n<p><strong><em>La ministra de Salud, Carla Vizzotti confirm\u00f3 este viernes que\u00a0el Gobierno aprob\u00f3 el uso de la vacuna Sinopharm contra el coronavirus para menores y comenzar\u00e1 la vacunaci\u00f3n de chicos de entre 3 y 11 a\u00f1os. Se trata de un universo de 5 millones de chicos, confirm\u00f3, en una conferencia junto al ministro de Educaci\u00f3n, Jaime Perzyck.<\/em><\/strong><\/p>\n\n\n\n<p>Vizzotti asegur\u00f3 que la argentina contar\u00e1 con un total de 12 millones de vacunas de Sinopharm en octubre. \u201cEs para esto que guard\u00e1bamos las vacunas, el stock estrat\u00e9gico de vacunas que ten\u00edan la posibilidad de ser aplicadas en ni\u00f1os y ni\u00f1as\u201d, afirm\u00f3.<\/p>\n\n\n\n<p>\u201cEl\u00a0lunes vamos a convocar al Consejo Federal de Salud, para poder avanzar con los ministros de las provincias. Seg\u00fan los planes estrat\u00e9gicos provinciales se podr\u00e1 empezar con la vacunaci\u00f3n universal, con la vacunaci\u00f3n de ni\u00f1os priorizados. Y luego de la reuni\u00f3n\u00a0iniciaremos la distribuci\u00f3n de las vacunas\u201d, anunci\u00f3 la ministra.<\/p>\n\n\n\n<p>Mientras para la vacunaci\u00f3n de chicos de 3 a 11 a\u00f1os se utilizar\u00e1 Sinopharm, para los de 12 a 17 a\u00f1os se seguir\u00e1 priorizando el uso de Pfizer y Moderna, confirm\u00f3 Vizzotti. La ministra tambi\u00e9n inform\u00f3 que ya fueron vacunados con una dosis 700.000 adolescentes de 12 a 17 a\u00f1os, del universo estimado de 5 millones.<\/p>\n\n\n\n<p>Por su parte, el ministro de Educaci\u00f3n, Jaime Perzyck, afirm\u00f3 que \u201cla vacunaci\u00f3n de chicos tiene efectos educativos\u201d. \u201cTambi\u00e9n aporta a recuperar a los chicos que se fueron del sistema educativo. Estamos convencidos de que invit\u00e1ndolos a vacunarse muchos van a volver a la escuela\u201d, agreg\u00f3.<\/p>\n\n\n\n<p><strong>Al menos un mill\u00f3n de chicos perdieron contacto con la escuela durante la cuarentena<\/strong><\/p>\n\n\n\n<p>El ministro de Educaci\u00f3n, Jaime Perzyck mantuvo esta ma\u00f1ana una reuni\u00f3n de trabajo con el jefe de Gabinete, Juan Manzur. En di\u00e1logo con la prensa acreditada en Casa de Gobierno, el ministro de Educaci\u00f3n explic\u00f3 que el encuentro con Manzur sirvi\u00f3 para tratar los temas de m\u00e1s urgencia, como el de\u00a0la revinculaci\u00f3n escolar.<\/p>\n\n\n\n<p>El ministro afirm\u00f3 que la Argentina tiene al rededor de 15 millones de alumnos y alumnas, y se\u00f1al\u00f3 que, en el marco de la pandemia de coronavirus, han tenido\u00a0dificultades aproximadamente un mill\u00f3n de chicos.<\/p>\n\n\n\n<p>\u201dNo es exactamente que est\u00e1n afuera (de la escuela), sino que algunos est\u00e1n afuera, y es una responsabilidad buscarlos, pero hay quienes tuvieron una vinculaci\u00f3n intermitente. Hay que recuperarlos, ir a buscarlos, abrazarlos y construir espacios que nos permitan priorizar contenidos garantizar aprendizajes\u201d, a\u00f1adi\u00f3 el titular de la cartera educativa.<\/p>\n\n\n\n<p><\/p>\n\n\n\n<p><a href=\"https:\/\/tn.com.ar\/politica\/2021\/10\/01\/el-gobierno-confirmo-que-eliminara-todas-las-restricciones-de-ingresos-al-pais-desde-el-1-de-noviembre\/\"><\/a><\/p>\n","protected":false},"excerpt":{"rendered":"<p>La ministra de Salud, Carla Vizzotti confirm\u00f3 este viernes que\u00a0el Gobierno aprob\u00f3 el uso de la vacuna Sinopharm contra el coronavirus para menores y comenzar\u00e1 la vacunaci\u00f3n de chicos de entre 3 y 11 a\u00f1os. Se trata de un universo de 5 millones de chicos, confirm\u00f3, en una conferencia junto al ministro de Educaci\u00f3n, Jaime [&hellip;]<\/p>\n","protected":false},"author":2,"featured_media":9125,"comment_status":"open","ping_status":"open","sticky":false,"template":"","format":"standard","meta":{"footnotes":""},"categories":[23],"tags":[],"class_list":["post-9124","post","type-post","status-publish","format-standard","has-post-thumbnail","hentry","category-covid-19"],"yoast_head":"<!-- This site is optimized with the Yoast SEO plugin v27.4 - https:\/\/yoast.com\/product\/yoast-seo-wordpress\/ -->\n<title>Coronavirus: Anuncian la vacunaci\u00f3n de ni\u00f1os de 3 a 11 a\u00f1os en Argentina | CVI NOTICIAS<\/title>\n<meta name=\"robots\" content=\"index, follow, max-snippet:-1, max-image-preview:large, max-video-preview:-1\" \/>\n<link rel=\"canonical\" href=\"https:\/\/cvinoticias.com\/v3\/coronavirus-anuncian-la-vacunacion-de-ninos-de-3-a-11-anos-en-argentina\/\" \/>\n<meta property=\"og:locale\" content=\"es_ES\" \/>\n<meta property=\"og:type\" content=\"article\" \/>\n<meta property=\"og:title\" content=\"Coronavirus: Anuncian la vacunaci\u00f3n de ni\u00f1os de 3 a 11 a\u00f1os en Argentina | CVI NOTICIAS\" \/>\n<meta property=\"og:description\" content=\"La ministra de Salud, Carla Vizzotti confirm\u00f3 este viernes que\u00a0el Gobierno aprob\u00f3 el uso de la vacuna Sinopharm contra el coronavirus para menores y comenzar\u00e1 la vacunaci\u00f3n de chicos de entre 3 y 11 a\u00f1os. Se trata de un universo de 5 millones de chicos, confirm\u00f3, en una conferencia junto al ministro de Educaci\u00f3n, Jaime [&hellip;]\" \/>\n<meta property=\"og:url\" content=\"https:\/\/cvinoticias.com\/v3\/coronavirus-anuncian-la-vacunacion-de-ninos-de-3-a-11-anos-en-argentina\/\" \/>\n<meta property=\"og:site_name\" content=\"CVI NOTICIAS\" \/>\n<meta property=\"article:publisher\" content=\"https:\/\/www.facebook.com\/cvinoticias\" \/>\n<meta property=\"article:published_time\" content=\"2021-10-01T20:19:43+00:00\" \/>\n<meta property=\"og:image\" content=\"https:\/\/cvinoticias.com\/wp-content\/uploads\/2021\/10\/87d2bfb7-6bf2-4400-ab0a-32d654914ae5_16-9-discover-aspect-ratio_default_0.jpg\" \/>\n\t<meta property=\"og:image:width\" content=\"1200\" \/>\n\t<meta property=\"og:image:height\" content=\"675\" \/>\n\t<meta property=\"og:image:type\" content=\"image\/jpeg\" \/>\n<meta name=\"author\" content=\"f1000024\" \/>\n<meta name=\"twitter:card\" content=\"summary_large_image\" \/>\n<meta name=\"twitter:label1\" content=\"Escrito por\" \/>\n\t<meta name=\"twitter:data1\" content=\"f1000024\" \/>\n\t<meta name=\"twitter:label2\" content=\"Tiempo de lectura\" \/>\n\t<meta name=\"twitter:data2\" content=\"2 minutos\" \/>\n<script type=\"application\/ld+json\" class=\"yoast-schema-graph\">{\"@context\":\"https:\\\/\\\/schema.org\",\"@graph\":[{\"@type\":\"Article\",\"@id\":\"https:\\\/\\\/cvinoticias.com\\\/v3\\\/coronavirus-anuncian-la-vacunacion-de-ninos-de-3-a-11-anos-en-argentina\\\/#article\",\"isPartOf\":{\"@id\":\"https:\\\/\\\/cvinoticias.com\\\/v3\\\/coronavirus-anuncian-la-vacunacion-de-ninos-de-3-a-11-anos-en-argentina\\\/\"},\"author\":{\"name\":\"f1000024\",\"@id\":\"https:\\\/\\\/cvinoticias.com\\\/v3\\\/#\\\/schema\\\/person\\\/2db77e3c6bc03c538495d7b2b8be9b66\"},\"headline\":\"Coronavirus: Anuncian la vacunaci\u00f3n de ni\u00f1os de 3 a 11 a\u00f1os en Argentina\",\"datePublished\":\"2021-10-01T20:19:43+00:00\",\"mainEntityOfPage\":{\"@id\":\"https:\\\/\\\/cvinoticias.com\\\/v3\\\/coronavirus-anuncian-la-vacunacion-de-ninos-de-3-a-11-anos-en-argentina\\\/\"},\"wordCount\":444,\"commentCount\":0,\"publisher\":{\"@id\":\"https:\\\/\\\/cvinoticias.com\\\/v3\\\/#organization\"},\"image\":{\"@id\":\"https:\\\/\\\/cvinoticias.com\\\/v3\\\/coronavirus-anuncian-la-vacunacion-de-ninos-de-3-a-11-anos-en-argentina\\\/#primaryimage\"},\"thumbnailUrl\":\"https:\\\/\\\/cvinoticias.com\\\/wp-content\\\/uploads\\\/2021\\\/10\\\/87d2bfb7-6bf2-4400-ab0a-32d654914ae5_16-9-discover-aspect-ratio_default_0.jpg\",\"articleSection\":[\"Covid-19\"],\"inLanguage\":\"es\",\"potentialAction\":[{\"@type\":\"CommentAction\",\"name\":\"Comment\",\"target\":[\"https:\\\/\\\/cvinoticias.com\\\/v3\\\/coronavirus-anuncian-la-vacunacion-de-ninos-de-3-a-11-anos-en-argentina\\\/#respond\"]}]},{\"@type\":\"WebPage\",\"@id\":\"https:\\\/\\\/cvinoticias.com\\\/v3\\\/coronavirus-anuncian-la-vacunacion-de-ninos-de-3-a-11-anos-en-argentina\\\/\",\"url\":\"https:\\\/\\\/cvinoticias.com\\\/v3\\\/coronavirus-anuncian-la-vacunacion-de-ninos-de-3-a-11-anos-en-argentina\\\/\",\"name\":\"Coronavirus: Anuncian la vacunaci\u00f3n de ni\u00f1os de 3 a 11 a\u00f1os en Argentina | CVI NOTICIAS\",\"isPartOf\":{\"@id\":\"https:\\\/\\\/cvinoticias.com\\\/v3\\\/#website\"},\"primaryImageOfPage\":{\"@id\":\"https:\\\/\\\/cvinoticias.com\\\/v3\\\/coronavirus-anuncian-la-vacunacion-de-ninos-de-3-a-11-anos-en-argentina\\\/#primaryimage\"},\"image\":{\"@id\":\"https:\\\/\\\/cvinoticias.com\\\/v3\\\/coronavirus-anuncian-la-vacunacion-de-ninos-de-3-a-11-anos-en-argentina\\\/#primaryimage\"},\"thumbnailUrl\":\"https:\\\/\\\/cvinoticias.com\\\/wp-content\\\/uploads\\\/2021\\\/10\\\/87d2bfb7-6bf2-4400-ab0a-32d654914ae5_16-9-discover-aspect-ratio_default_0.jpg\",\"datePublished\":\"2021-10-01T20:19:43+00:00\",\"breadcrumb\":{\"@id\":\"https:\\\/\\\/cvinoticias.com\\\/v3\\\/coronavirus-anuncian-la-vacunacion-de-ninos-de-3-a-11-anos-en-argentina\\\/#breadcrumb\"},\"inLanguage\":\"es\",\"potentialAction\":[{\"@type\":\"ReadAction\",\"target\":[\"https:\\\/\\\/cvinoticias.com\\\/v3\\\/coronavirus-anuncian-la-vacunacion-de-ninos-de-3-a-11-anos-en-argentina\\\/\"]}]},{\"@type\":\"ImageObject\",\"inLanguage\":\"es\",\"@id\":\"https:\\\/\\\/cvinoticias.com\\\/v3\\\/coronavirus-anuncian-la-vacunacion-de-ninos-de-3-a-11-anos-en-argentina\\\/#primaryimage\",\"url\":\"https:\\\/\\\/cvinoticias.com\\\/wp-content\\\/uploads\\\/2021\\\/10\\\/87d2bfb7-6bf2-4400-ab0a-32d654914ae5_16-9-discover-aspect-ratio_default_0.jpg\",\"contentUrl\":\"https:\\\/\\\/cvinoticias.com\\\/wp-content\\\/uploads\\\/2021\\\/10\\\/87d2bfb7-6bf2-4400-ab0a-32d654914ae5_16-9-discover-aspect-ratio_default_0.jpg\",\"width\":1200,\"height\":675},{\"@type\":\"BreadcrumbList\",\"@id\":\"https:\\\/\\\/cvinoticias.com\\\/v3\\\/coronavirus-anuncian-la-vacunacion-de-ninos-de-3-a-11-anos-en-argentina\\\/#breadcrumb\",\"itemListElement\":[{\"@type\":\"ListItem\",\"position\":1,\"name\":\"Portada\",\"item\":\"https:\\\/\\\/cvinoticias.com\\\/v3\\\/\"},{\"@type\":\"ListItem\",\"position\":2,\"name\":\"Coronavirus: Anuncian la vacunaci\u00f3n de ni\u00f1os de 3 a 11 a\u00f1os en Argentina\"}]},{\"@type\":\"WebSite\",\"@id\":\"https:\\\/\\\/cvinoticias.com\\\/v3\\\/#website\",\"url\":\"https:\\\/\\\/cvinoticias.com\\\/v3\\\/\",\"name\":\"CVI NOTICIAS\",\"description\":\"\",\"publisher\":{\"@id\":\"https:\\\/\\\/cvinoticias.com\\\/v3\\\/#organization\"},\"alternateName\":\"CVI\",\"potentialAction\":[{\"@type\":\"SearchAction\",\"target\":{\"@type\":\"EntryPoint\",\"urlTemplate\":\"https:\\\/\\\/cvinoticias.com\\\/v3\\\/?s={search_term_string}\"},\"query-input\":{\"@type\":\"PropertyValueSpecification\",\"valueRequired\":true,\"valueName\":\"search_term_string\"}}],\"inLanguage\":\"es\"},{\"@type\":\"Organization\",\"@id\":\"https:\\\/\\\/cvinoticias.com\\\/v3\\\/#organization\",\"name\":\"CVI NOTICIAS\",\"url\":\"https:\\\/\\\/cvinoticias.com\\\/v3\\\/\",\"logo\":{\"@type\":\"ImageObject\",\"inLanguage\":\"es\",\"@id\":\"https:\\\/\\\/cvinoticias.com\\\/v3\\\/#\\\/schema\\\/logo\\\/image\\\/\",\"url\":\"https:\\\/\\\/cvinoticias.com\\\/wp-content\\\/uploads\\\/2023\\\/04\\\/cropped-cropped-cropped-cropped-cropped-3-1.png\",\"contentUrl\":\"https:\\\/\\\/cvinoticias.com\\\/wp-content\\\/uploads\\\/2023\\\/04\\\/cropped-cropped-cropped-cropped-cropped-3-1.png\",\"width\":95,\"height\":122,\"caption\":\"CVI NOTICIAS\"},\"image\":{\"@id\":\"https:\\\/\\\/cvinoticias.com\\\/v3\\\/#\\\/schema\\\/logo\\\/image\\\/\"},\"sameAs\":[\"https:\\\/\\\/www.facebook.com\\\/cvinoticias\",\"https:\\\/\\\/www.instagram.com\\\/cvinoticias\\\/\",\"https:\\\/\\\/www.youtube.com\\\/@CVINOTICIAS\"]},{\"@type\":\"Person\",\"@id\":\"https:\\\/\\\/cvinoticias.com\\\/v3\\\/#\\\/schema\\\/person\\\/2db77e3c6bc03c538495d7b2b8be9b66\",\"name\":\"f1000024\",\"image\":{\"@type\":\"ImageObject\",\"inLanguage\":\"es\",\"@id\":\"https:\\\/\\\/secure.gravatar.com\\\/avatar\\\/d4fe7459cfc51ff5129ce1a732bbef5928568b8092d412ef95611616376bbeed?s=96&d=mm&r=g\",\"url\":\"https:\\\/\\\/secure.gravatar.com\\\/avatar\\\/d4fe7459cfc51ff5129ce1a732bbef5928568b8092d412ef95611616376bbeed?s=96&d=mm&r=g\",\"contentUrl\":\"https:\\\/\\\/secure.gravatar.com\\\/avatar\\\/d4fe7459cfc51ff5129ce1a732bbef5928568b8092d412ef95611616376bbeed?s=96&d=mm&r=g\",\"caption\":\"f1000024\"},\"url\":\"https:\\\/\\\/cvinoticias.com\\\/v3\\\/author\\\/f1000024\\\/\"}]}<\/script>\n<!-- \/ Yoast SEO plugin. -->","yoast_head_json":{"title":"Coronavirus: Anuncian la vacunaci\u00f3n de ni\u00f1os de 3 a 11 a\u00f1os en Argentina | CVI NOTICIAS","robots":{"index":"index","follow":"follow","max-snippet":"max-snippet:-1","max-image-preview":"max-image-preview:large","max-video-preview":"max-video-preview:-1"},"canonical":"https:\/\/cvinoticias.com\/v3\/coronavirus-anuncian-la-vacunacion-de-ninos-de-3-a-11-anos-en-argentina\/","og_locale":"es_ES","og_type":"article","og_title":"Coronavirus: Anuncian la vacunaci\u00f3n de ni\u00f1os de 3 a 11 a\u00f1os en Argentina | CVI NOTICIAS","og_description":"La ministra de Salud, Carla Vizzotti confirm\u00f3 este viernes que\u00a0el Gobierno aprob\u00f3 el uso de la vacuna Sinopharm contra el coronavirus para menores y comenzar\u00e1 la vacunaci\u00f3n de chicos de entre 3 y 11 a\u00f1os. Se trata de un universo de 5 millones de chicos, confirm\u00f3, en una conferencia junto al ministro de Educaci\u00f3n, Jaime [&hellip;]","og_url":"https:\/\/cvinoticias.com\/v3\/coronavirus-anuncian-la-vacunacion-de-ninos-de-3-a-11-anos-en-argentina\/","og_site_name":"CVI NOTICIAS","article_publisher":"https:\/\/www.facebook.com\/cvinoticias","article_published_time":"2021-10-01T20:19:43+00:00","og_image":[{"width":1200,"height":675,"url":"https:\/\/cvinoticias.com\/wp-content\/uploads\/2021\/10\/87d2bfb7-6bf2-4400-ab0a-32d654914ae5_16-9-discover-aspect-ratio_default_0.jpg","type":"image\/jpeg"}],"author":"f1000024","twitter_card":"summary_large_image","twitter_misc":{"Escrito por":"f1000024","Tiempo de lectura":"2 minutos"},"schema":{"@context":"https:\/\/schema.org","@graph":[{"@type":"Article","@id":"https:\/\/cvinoticias.com\/v3\/coronavirus-anuncian-la-vacunacion-de-ninos-de-3-a-11-anos-en-argentina\/#article","isPartOf":{"@id":"https:\/\/cvinoticias.com\/v3\/coronavirus-anuncian-la-vacunacion-de-ninos-de-3-a-11-anos-en-argentina\/"},"author":{"name":"f1000024","@id":"https:\/\/cvinoticias.com\/v3\/#\/schema\/person\/2db77e3c6bc03c538495d7b2b8be9b66"},"headline":"Coronavirus: Anuncian la vacunaci\u00f3n de ni\u00f1os de 3 a 11 a\u00f1os en Argentina","datePublished":"2021-10-01T20:19:43+00:00","mainEntityOfPage":{"@id":"https:\/\/cvinoticias.com\/v3\/coronavirus-anuncian-la-vacunacion-de-ninos-de-3-a-11-anos-en-argentina\/"},"wordCount":444,"commentCount":0,"publisher":{"@id":"https:\/\/cvinoticias.com\/v3\/#organization"},"image":{"@id":"https:\/\/cvinoticias.com\/v3\/coronavirus-anuncian-la-vacunacion-de-ninos-de-3-a-11-anos-en-argentina\/#primaryimage"},"thumbnailUrl":"https:\/\/cvinoticias.com\/wp-content\/uploads\/2021\/10\/87d2bfb7-6bf2-4400-ab0a-32d654914ae5_16-9-discover-aspect-ratio_default_0.jpg","articleSection":["Covid-19"],"inLanguage":"es","potentialAction":[{"@type":"CommentAction","name":"Comment","target":["https:\/\/cvinoticias.com\/v3\/coronavirus-anuncian-la-vacunacion-de-ninos-de-3-a-11-anos-en-argentina\/#respond"]}]},{"@type":"WebPage","@id":"https:\/\/cvinoticias.com\/v3\/coronavirus-anuncian-la-vacunacion-de-ninos-de-3-a-11-anos-en-argentina\/","url":"https:\/\/cvinoticias.com\/v3\/coronavirus-anuncian-la-vacunacion-de-ninos-de-3-a-11-anos-en-argentina\/","name":"Coronavirus: Anuncian la vacunaci\u00f3n de ni\u00f1os de 3 a 11 a\u00f1os en Argentina | CVI NOTICIAS","isPartOf":{"@id":"https:\/\/cvinoticias.com\/v3\/#website"},"primaryImageOfPage":{"@id":"https:\/\/cvinoticias.com\/v3\/coronavirus-anuncian-la-vacunacion-de-ninos-de-3-a-11-anos-en-argentina\/#primaryimage"},"image":{"@id":"https:\/\/cvinoticias.com\/v3\/coronavirus-anuncian-la-vacunacion-de-ninos-de-3-a-11-anos-en-argentina\/#primaryimage"},"thumbnailUrl":"https:\/\/cvinoticias.com\/wp-content\/uploads\/2021\/10\/87d2bfb7-6bf2-4400-ab0a-32d654914ae5_16-9-discover-aspect-ratio_default_0.jpg","datePublished":"2021-10-01T20:19:43+00:00","breadcrumb":{"@id":"https:\/\/cvinoticias.com\/v3\/coronavirus-anuncian-la-vacunacion-de-ninos-de-3-a-11-anos-en-argentina\/#breadcrumb"},"inLanguage":"es","potentialAction":[{"@type":"ReadAction","target":["https:\/\/cvinoticias.com\/v3\/coronavirus-anuncian-la-vacunacion-de-ninos-de-3-a-11-anos-en-argentina\/"]}]},{"@type":"ImageObject","inLanguage":"es","@id":"https:\/\/cvinoticias.com\/v3\/coronavirus-anuncian-la-vacunacion-de-ninos-de-3-a-11-anos-en-argentina\/#primaryimage","url":"https:\/\/cvinoticias.com\/wp-content\/uploads\/2021\/10\/87d2bfb7-6bf2-4400-ab0a-32d654914ae5_16-9-discover-aspect-ratio_default_0.jpg","contentUrl":"https:\/\/cvinoticias.com\/wp-content\/uploads\/2021\/10\/87d2bfb7-6bf2-4400-ab0a-32d654914ae5_16-9-discover-aspect-ratio_default_0.jpg","width":1200,"height":675},{"@type":"BreadcrumbList","@id":"https:\/\/cvinoticias.com\/v3\/coronavirus-anuncian-la-vacunacion-de-ninos-de-3-a-11-anos-en-argentina\/#breadcrumb","itemListElement":[{"@type":"ListItem","position":1,"name":"Portada","item":"https:\/\/cvinoticias.com\/v3\/"},{"@type":"ListItem","position":2,"name":"Coronavirus: Anuncian la vacunaci\u00f3n de ni\u00f1os de 3 a 11 a\u00f1os en Argentina"}]},{"@type":"WebSite","@id":"https:\/\/cvinoticias.com\/v3\/#website","url":"https:\/\/cvinoticias.com\/v3\/","name":"CVI NOTICIAS","description":"","publisher":{"@id":"https:\/\/cvinoticias.com\/v3\/#organization"},"alternateName":"CVI","potentialAction":[{"@type":"SearchAction","target":{"@type":"EntryPoint","urlTemplate":"https:\/\/cvinoticias.com\/v3\/?s={search_term_string}"},"query-input":{"@type":"PropertyValueSpecification","valueRequired":true,"valueName":"search_term_string"}}],"inLanguage":"es"},{"@type":"Organization","@id":"https:\/\/cvinoticias.com\/v3\/#organization","name":"CVI NOTICIAS","url":"https:\/\/cvinoticias.com\/v3\/","logo":{"@type":"ImageObject","inLanguage":"es","@id":"https:\/\/cvinoticias.com\/v3\/#\/schema\/logo\/image\/","url":"https:\/\/cvinoticias.com\/wp-content\/uploads\/2023\/04\/cropped-cropped-cropped-cropped-cropped-3-1.png","contentUrl":"https:\/\/cvinoticias.com\/wp-content\/uploads\/2023\/04\/cropped-cropped-cropped-cropped-cropped-3-1.png","width":95,"height":122,"caption":"CVI NOTICIAS"},"image":{"@id":"https:\/\/cvinoticias.com\/v3\/#\/schema\/logo\/image\/"},"sameAs":["https:\/\/www.facebook.com\/cvinoticias","https:\/\/www.instagram.com\/cvinoticias\/","https:\/\/www.youtube.com\/@CVINOTICIAS"]},{"@type":"Person","@id":"https:\/\/cvinoticias.com\/v3\/#\/schema\/person\/2db77e3c6bc03c538495d7b2b8be9b66","name":"f1000024","image":{"@type":"ImageObject","inLanguage":"es","@id":"https:\/\/secure.gravatar.com\/avatar\/d4fe7459cfc51ff5129ce1a732bbef5928568b8092d412ef95611616376bbeed?s=96&d=mm&r=g","url":"https:\/\/secure.gravatar.com\/avatar\/d4fe7459cfc51ff5129ce1a732bbef5928568b8092d412ef95611616376bbeed?s=96&d=mm&r=g","contentUrl":"https:\/\/secure.gravatar.com\/avatar\/d4fe7459cfc51ff5129ce1a732bbef5928568b8092d412ef95611616376bbeed?s=96&d=mm&r=g","caption":"f1000024"},"url":"https:\/\/cvinoticias.com\/v3\/author\/f1000024\/"}]}},"_links":{"self":[{"href":"https:\/\/cvinoticias.com\/v3\/wp-json\/wp\/v2\/posts\/9124","targetHints":{"allow":["GET"]}}],"collection":[{"href":"https:\/\/cvinoticias.com\/v3\/wp-json\/wp\/v2\/posts"}],"about":[{"href":"https:\/\/cvinoticias.com\/v3\/wp-json\/wp\/v2\/types\/post"}],"author":[{"embeddable":true,"href":"https:\/\/cvinoticias.com\/v3\/wp-json\/wp\/v2\/users\/2"}],"replies":[{"embeddable":true,"href":"https:\/\/cvinoticias.com\/v3\/wp-json\/wp\/v2\/comments?post=9124"}],"version-history":[{"count":1,"href":"https:\/\/cvinoticias.com\/v3\/wp-json\/wp\/v2\/posts\/9124\/revisions"}],"predecessor-version":[{"id":9126,"href":"https:\/\/cvinoticias.com\/v3\/wp-json\/wp\/v2\/posts\/9124\/revisions\/9126"}],"wp:featuredmedia":[{"embeddable":true,"href":"https:\/\/cvinoticias.com\/v3\/wp-json\/wp\/v2\/media\/9125"}],"wp:attachment":[{"href":"https:\/\/cvinoticias.com\/v3\/wp-json\/wp\/v2\/media?parent=9124"}],"wp:term":[{"taxonomy":"category","embeddable":true,"href":"https:\/\/cvinoticias.com\/v3\/wp-json\/wp\/v2\/categories?post=9124"},{"taxonomy":"post_tag","embeddable":true,"href":"https:\/\/cvinoticias.com\/v3\/wp-json\/wp\/v2\/tags?post=9124"}],"curies":[{"name":"wp","href":"https:\/\/api.w.org\/{rel}","templated":true}]}}