{"id":9118,"date":"2021-10-01T16:31:56","date_gmt":"2021-10-01T16:31:56","guid":{"rendered":"https:\/\/cvinoticias.com\/v3\/?p=9118"},"modified":"2021-10-01T16:31:56","modified_gmt":"2021-10-01T16:31:56","slug":"el-parque-nacional-iguazu-abrira-sin-cupo-ni-aforo-desde-este-1-de-octubre","status":"publish","type":"post","link":"https:\/\/cvinoticias.com\/v3\/el-parque-nacional-iguazu-abrira-sin-cupo-ni-aforo-desde-este-1-de-octubre\/","title":{"rendered":"El Parque Nacional Iguaz\u00fa abrir\u00e1 sin cupo ni aforo desde este 1 de octubre"},"content":{"rendered":"\n<p><strong><em>Como resultado de la reuni\u00f3n de la Mesa Coordinadora de operatoria del \u00e1rea Cataratas del Parque Nacional Iguaz\u00fa, sus integrantes comunican:<\/em><\/strong><\/p>\n\n\n\n<p>De acuerdo con lo manifestado por el Sr ministro de Medio Ambiente y Desarrollo Sostenible, Juan Cabandi\u00e9, el Parque Nacional Iguaz\u00fa abrir\u00e1 sin cupo ni aforo desde el 1 de octubre de 2021.<\/p>\n\n\n\n<p>Las partes insisten en recomendar enf\u00e1ticamente a los visitantes que saquen sus tickets v\u00eda web, a la vez que se garantiza que todos quienes quieran acceder al Parque lo podr\u00e1 hacer.<\/p>\n\n\n\n<p>Por otro lado, se comunica la reapertura de un sector del Sendero Inferior, que hab\u00eda sido clausurado por un episodio geol\u00f3gico, con limitaci\u00f3n de asistentes simult\u00e1neos por cuestiones de seguridad referidas a dicho evento.<\/p>\n\n\n\n<p>Firmantes:<br>Pedro Lunello, Intendente Parque Nacional Iguaz\u00fa<br>Ing Marcelo Zuliani, Gerente General de Iguaz\u00fa Argentina SA; Ignacio Acha, Gerente General Iguaz\u00fa Jungle; \u00c1ngel Palma, Asociaci\u00f3n Gu\u00edas de Turismo de Iguaz\u00fa; Ana Goti, Gerenta General Hotel Gran Meli\u00e1; Jorge Bordin, gerente Fort\u00edn Cataratas.<\/p>\n","protected":false},"excerpt":{"rendered":"<p>Como resultado de la reuni\u00f3n de la Mesa Coordinadora de operatoria del \u00e1rea Cataratas del Parque Nacional Iguaz\u00fa, sus integrantes comunican: De acuerdo con lo manifestado por el Sr ministro de Medio Ambiente y Desarrollo Sostenible, Juan Cabandi\u00e9, el Parque Nacional Iguaz\u00fa abrir\u00e1 sin cupo ni aforo desde el 1 de octubre de 2021. Las [&hellip;]<\/p>\n","protected":false},"author":2,"featured_media":9119,"comment_status":"open","ping_status":"open","sticky":false,"template":"","format":"standard","meta":{"footnotes":""},"categories":[50],"tags":[],"class_list":["post-9118","post","type-post","status-publish","format-standard","has-post-thumbnail","hentry","category-turismo"],"yoast_head":"<!-- This site is optimized with the Yoast SEO plugin v27.4 - https:\/\/yoast.com\/product\/yoast-seo-wordpress\/ -->\n<title>El Parque Nacional Iguaz\u00fa abrir\u00e1 sin cupo ni aforo desde este 1 de octubre | CVI NOTICIAS<\/title>\n<meta name=\"robots\" content=\"index, follow, max-snippet:-1, max-image-preview:large, max-video-preview:-1\" \/>\n<link rel=\"canonical\" href=\"https:\/\/cvinoticias.com\/v3\/el-parque-nacional-iguazu-abrira-sin-cupo-ni-aforo-desde-este-1-de-octubre\/\" \/>\n<meta property=\"og:locale\" content=\"es_ES\" \/>\n<meta property=\"og:type\" content=\"article\" \/>\n<meta property=\"og:title\" content=\"El Parque Nacional Iguaz\u00fa abrir\u00e1 sin cupo ni aforo desde este 1 de octubre | CVI NOTICIAS\" \/>\n<meta property=\"og:description\" content=\"Como resultado de la reuni\u00f3n de la Mesa Coordinadora de operatoria del \u00e1rea Cataratas del Parque Nacional Iguaz\u00fa, sus integrantes comunican: De acuerdo con lo manifestado por el Sr ministro de Medio Ambiente y Desarrollo Sostenible, Juan Cabandi\u00e9, el Parque Nacional Iguaz\u00fa abrir\u00e1 sin cupo ni aforo desde el 1 de octubre de 2021. Las [&hellip;]\" \/>\n<meta property=\"og:url\" content=\"https:\/\/cvinoticias.com\/v3\/el-parque-nacional-iguazu-abrira-sin-cupo-ni-aforo-desde-este-1-de-octubre\/\" \/>\n<meta property=\"og:site_name\" content=\"CVI NOTICIAS\" \/>\n<meta property=\"article:publisher\" content=\"https:\/\/www.facebook.com\/cvinoticias\" \/>\n<meta property=\"article:published_time\" content=\"2021-10-01T16:31:56+00:00\" \/>\n<meta property=\"og:image\" content=\"https:\/\/cvinoticias.com\/wp-content\/uploads\/2021\/10\/ingreso-parque-nacional-iguazu.jpg\" \/>\n\t<meta property=\"og:image:width\" content=\"764\" \/>\n\t<meta property=\"og:image:height\" content=\"526\" \/>\n\t<meta property=\"og:image:type\" content=\"image\/jpeg\" \/>\n<meta name=\"author\" content=\"f1000024\" \/>\n<meta name=\"twitter:card\" content=\"summary_large_image\" \/>\n<meta name=\"twitter:label1\" content=\"Escrito por\" \/>\n\t<meta name=\"twitter:data1\" content=\"f1000024\" \/>\n\t<meta name=\"twitter:label2\" content=\"Tiempo de lectura\" \/>\n\t<meta name=\"twitter:data2\" content=\"1 minuto\" \/>\n<script type=\"application\/ld+json\" class=\"yoast-schema-graph\">{\"@context\":\"https:\\\/\\\/schema.org\",\"@graph\":[{\"@type\":\"Article\",\"@id\":\"https:\\\/\\\/cvinoticias.com\\\/v3\\\/el-parque-nacional-iguazu-abrira-sin-cupo-ni-aforo-desde-este-1-de-octubre\\\/#article\",\"isPartOf\":{\"@id\":\"https:\\\/\\\/cvinoticias.com\\\/v3\\\/el-parque-nacional-iguazu-abrira-sin-cupo-ni-aforo-desde-este-1-de-octubre\\\/\"},\"author\":{\"name\":\"f1000024\",\"@id\":\"https:\\\/\\\/cvinoticias.com\\\/v3\\\/#\\\/schema\\\/person\\\/2db77e3c6bc03c538495d7b2b8be9b66\"},\"headline\":\"El Parque Nacional Iguaz\u00fa abrir\u00e1 sin cupo ni aforo desde este 1 de octubre\",\"datePublished\":\"2021-10-01T16:31:56+00:00\",\"mainEntityOfPage\":{\"@id\":\"https:\\\/\\\/cvinoticias.com\\\/v3\\\/el-parque-nacional-iguazu-abrira-sin-cupo-ni-aforo-desde-este-1-de-octubre\\\/\"},\"wordCount\":182,\"commentCount\":0,\"publisher\":{\"@id\":\"https:\\\/\\\/cvinoticias.com\\\/v3\\\/#organization\"},\"image\":{\"@id\":\"https:\\\/\\\/cvinoticias.com\\\/v3\\\/el-parque-nacional-iguazu-abrira-sin-cupo-ni-aforo-desde-este-1-de-octubre\\\/#primaryimage\"},\"thumbnailUrl\":\"https:\\\/\\\/cvinoticias.com\\\/wp-content\\\/uploads\\\/2021\\\/10\\\/ingreso-parque-nacional-iguazu.jpg\",\"articleSection\":[\"Turismo\"],\"inLanguage\":\"es\",\"potentialAction\":[{\"@type\":\"CommentAction\",\"name\":\"Comment\",\"target\":[\"https:\\\/\\\/cvinoticias.com\\\/v3\\\/el-parque-nacional-iguazu-abrira-sin-cupo-ni-aforo-desde-este-1-de-octubre\\\/#respond\"]}]},{\"@type\":\"WebPage\",\"@id\":\"https:\\\/\\\/cvinoticias.com\\\/v3\\\/el-parque-nacional-iguazu-abrira-sin-cupo-ni-aforo-desde-este-1-de-octubre\\\/\",\"url\":\"https:\\\/\\\/cvinoticias.com\\\/v3\\\/el-parque-nacional-iguazu-abrira-sin-cupo-ni-aforo-desde-este-1-de-octubre\\\/\",\"name\":\"El Parque Nacional Iguaz\u00fa abrir\u00e1 sin cupo ni aforo desde este 1 de octubre | CVI NOTICIAS\",\"isPartOf\":{\"@id\":\"https:\\\/\\\/cvinoticias.com\\\/v3\\\/#website\"},\"primaryImageOfPage\":{\"@id\":\"https:\\\/\\\/cvinoticias.com\\\/v3\\\/el-parque-nacional-iguazu-abrira-sin-cupo-ni-aforo-desde-este-1-de-octubre\\\/#primaryimage\"},\"image\":{\"@id\":\"https:\\\/\\\/cvinoticias.com\\\/v3\\\/el-parque-nacional-iguazu-abrira-sin-cupo-ni-aforo-desde-este-1-de-octubre\\\/#primaryimage\"},\"thumbnailUrl\":\"https:\\\/\\\/cvinoticias.com\\\/wp-content\\\/uploads\\\/2021\\\/10\\\/ingreso-parque-nacional-iguazu.jpg\",\"datePublished\":\"2021-10-01T16:31:56+00:00\",\"breadcrumb\":{\"@id\":\"https:\\\/\\\/cvinoticias.com\\\/v3\\\/el-parque-nacional-iguazu-abrira-sin-cupo-ni-aforo-desde-este-1-de-octubre\\\/#breadcrumb\"},\"inLanguage\":\"es\",\"potentialAction\":[{\"@type\":\"ReadAction\",\"target\":[\"https:\\\/\\\/cvinoticias.com\\\/v3\\\/el-parque-nacional-iguazu-abrira-sin-cupo-ni-aforo-desde-este-1-de-octubre\\\/\"]}]},{\"@type\":\"ImageObject\",\"inLanguage\":\"es\",\"@id\":\"https:\\\/\\\/cvinoticias.com\\\/v3\\\/el-parque-nacional-iguazu-abrira-sin-cupo-ni-aforo-desde-este-1-de-octubre\\\/#primaryimage\",\"url\":\"https:\\\/\\\/cvinoticias.com\\\/wp-content\\\/uploads\\\/2021\\\/10\\\/ingreso-parque-nacional-iguazu.jpg\",\"contentUrl\":\"https:\\\/\\\/cvinoticias.com\\\/wp-content\\\/uploads\\\/2021\\\/10\\\/ingreso-parque-nacional-iguazu.jpg\",\"width\":764,\"height\":526},{\"@type\":\"BreadcrumbList\",\"@id\":\"https:\\\/\\\/cvinoticias.com\\\/v3\\\/el-parque-nacional-iguazu-abrira-sin-cupo-ni-aforo-desde-este-1-de-octubre\\\/#breadcrumb\",\"itemListElement\":[{\"@type\":\"ListItem\",\"position\":1,\"name\":\"Portada\",\"item\":\"https:\\\/\\\/cvinoticias.com\\\/v3\\\/\"},{\"@type\":\"ListItem\",\"position\":2,\"name\":\"El Parque Nacional Iguaz\u00fa abrir\u00e1 sin cupo ni aforo desde este 1 de octubre\"}]},{\"@type\":\"WebSite\",\"@id\":\"https:\\\/\\\/cvinoticias.com\\\/v3\\\/#website\",\"url\":\"https:\\\/\\\/cvinoticias.com\\\/v3\\\/\",\"name\":\"CVI NOTICIAS\",\"description\":\"\",\"publisher\":{\"@id\":\"https:\\\/\\\/cvinoticias.com\\\/v3\\\/#organization\"},\"alternateName\":\"CVI\",\"potentialAction\":[{\"@type\":\"SearchAction\",\"target\":{\"@type\":\"EntryPoint\",\"urlTemplate\":\"https:\\\/\\\/cvinoticias.com\\\/v3\\\/?s={search_term_string}\"},\"query-input\":{\"@type\":\"PropertyValueSpecification\",\"valueRequired\":true,\"valueName\":\"search_term_string\"}}],\"inLanguage\":\"es\"},{\"@type\":\"Organization\",\"@id\":\"https:\\\/\\\/cvinoticias.com\\\/v3\\\/#organization\",\"name\":\"CVI NOTICIAS\",\"url\":\"https:\\\/\\\/cvinoticias.com\\\/v3\\\/\",\"logo\":{\"@type\":\"ImageObject\",\"inLanguage\":\"es\",\"@id\":\"https:\\\/\\\/cvinoticias.com\\\/v3\\\/#\\\/schema\\\/logo\\\/image\\\/\",\"url\":\"https:\\\/\\\/cvinoticias.com\\\/wp-content\\\/uploads\\\/2023\\\/04\\\/cropped-cropped-cropped-cropped-cropped-3-1.png\",\"contentUrl\":\"https:\\\/\\\/cvinoticias.com\\\/wp-content\\\/uploads\\\/2023\\\/04\\\/cropped-cropped-cropped-cropped-cropped-3-1.png\",\"width\":95,\"height\":122,\"caption\":\"CVI NOTICIAS\"},\"image\":{\"@id\":\"https:\\\/\\\/cvinoticias.com\\\/v3\\\/#\\\/schema\\\/logo\\\/image\\\/\"},\"sameAs\":[\"https:\\\/\\\/www.facebook.com\\\/cvinoticias\",\"https:\\\/\\\/www.instagram.com\\\/cvinoticias\\\/\",\"https:\\\/\\\/www.youtube.com\\\/@CVINOTICIAS\"]},{\"@type\":\"Person\",\"@id\":\"https:\\\/\\\/cvinoticias.com\\\/v3\\\/#\\\/schema\\\/person\\\/2db77e3c6bc03c538495d7b2b8be9b66\",\"name\":\"f1000024\",\"image\":{\"@type\":\"ImageObject\",\"inLanguage\":\"es\",\"@id\":\"https:\\\/\\\/secure.gravatar.com\\\/avatar\\\/d4fe7459cfc51ff5129ce1a732bbef5928568b8092d412ef95611616376bbeed?s=96&d=mm&r=g\",\"url\":\"https:\\\/\\\/secure.gravatar.com\\\/avatar\\\/d4fe7459cfc51ff5129ce1a732bbef5928568b8092d412ef95611616376bbeed?s=96&d=mm&r=g\",\"contentUrl\":\"https:\\\/\\\/secure.gravatar.com\\\/avatar\\\/d4fe7459cfc51ff5129ce1a732bbef5928568b8092d412ef95611616376bbeed?s=96&d=mm&r=g\",\"caption\":\"f1000024\"},\"url\":\"https:\\\/\\\/cvinoticias.com\\\/v3\\\/author\\\/f1000024\\\/\"}]}<\/script>\n<!-- \/ Yoast SEO plugin. -->","yoast_head_json":{"title":"El Parque Nacional Iguaz\u00fa abrir\u00e1 sin cupo ni aforo desde este 1 de octubre | CVI NOTICIAS","robots":{"index":"index","follow":"follow","max-snippet":"max-snippet:-1","max-image-preview":"max-image-preview:large","max-video-preview":"max-video-preview:-1"},"canonical":"https:\/\/cvinoticias.com\/v3\/el-parque-nacional-iguazu-abrira-sin-cupo-ni-aforo-desde-este-1-de-octubre\/","og_locale":"es_ES","og_type":"article","og_title":"El Parque Nacional Iguaz\u00fa abrir\u00e1 sin cupo ni aforo desde este 1 de octubre | CVI NOTICIAS","og_description":"Como resultado de la reuni\u00f3n de la Mesa Coordinadora de operatoria del \u00e1rea Cataratas del Parque Nacional Iguaz\u00fa, sus integrantes comunican: De acuerdo con lo manifestado por el Sr ministro de Medio Ambiente y Desarrollo Sostenible, Juan Cabandi\u00e9, el Parque Nacional Iguaz\u00fa abrir\u00e1 sin cupo ni aforo desde el 1 de octubre de 2021. Las [&hellip;]","og_url":"https:\/\/cvinoticias.com\/v3\/el-parque-nacional-iguazu-abrira-sin-cupo-ni-aforo-desde-este-1-de-octubre\/","og_site_name":"CVI NOTICIAS","article_publisher":"https:\/\/www.facebook.com\/cvinoticias","article_published_time":"2021-10-01T16:31:56+00:00","og_image":[{"width":764,"height":526,"url":"https:\/\/cvinoticias.com\/wp-content\/uploads\/2021\/10\/ingreso-parque-nacional-iguazu.jpg","type":"image\/jpeg"}],"author":"f1000024","twitter_card":"summary_large_image","twitter_misc":{"Escrito por":"f1000024","Tiempo de lectura":"1 minuto"},"schema":{"@context":"https:\/\/schema.org","@graph":[{"@type":"Article","@id":"https:\/\/cvinoticias.com\/v3\/el-parque-nacional-iguazu-abrira-sin-cupo-ni-aforo-desde-este-1-de-octubre\/#article","isPartOf":{"@id":"https:\/\/cvinoticias.com\/v3\/el-parque-nacional-iguazu-abrira-sin-cupo-ni-aforo-desde-este-1-de-octubre\/"},"author":{"name":"f1000024","@id":"https:\/\/cvinoticias.com\/v3\/#\/schema\/person\/2db77e3c6bc03c538495d7b2b8be9b66"},"headline":"El Parque Nacional Iguaz\u00fa abrir\u00e1 sin cupo ni aforo desde este 1 de octubre","datePublished":"2021-10-01T16:31:56+00:00","mainEntityOfPage":{"@id":"https:\/\/cvinoticias.com\/v3\/el-parque-nacional-iguazu-abrira-sin-cupo-ni-aforo-desde-este-1-de-octubre\/"},"wordCount":182,"commentCount":0,"publisher":{"@id":"https:\/\/cvinoticias.com\/v3\/#organization"},"image":{"@id":"https:\/\/cvinoticias.com\/v3\/el-parque-nacional-iguazu-abrira-sin-cupo-ni-aforo-desde-este-1-de-octubre\/#primaryimage"},"thumbnailUrl":"https:\/\/cvinoticias.com\/wp-content\/uploads\/2021\/10\/ingreso-parque-nacional-iguazu.jpg","articleSection":["Turismo"],"inLanguage":"es","potentialAction":[{"@type":"CommentAction","name":"Comment","target":["https:\/\/cvinoticias.com\/v3\/el-parque-nacional-iguazu-abrira-sin-cupo-ni-aforo-desde-este-1-de-octubre\/#respond"]}]},{"@type":"WebPage","@id":"https:\/\/cvinoticias.com\/v3\/el-parque-nacional-iguazu-abrira-sin-cupo-ni-aforo-desde-este-1-de-octubre\/","url":"https:\/\/cvinoticias.com\/v3\/el-parque-nacional-iguazu-abrira-sin-cupo-ni-aforo-desde-este-1-de-octubre\/","name":"El Parque Nacional Iguaz\u00fa abrir\u00e1 sin cupo ni aforo desde este 1 de octubre | CVI NOTICIAS","isPartOf":{"@id":"https:\/\/cvinoticias.com\/v3\/#website"},"primaryImageOfPage":{"@id":"https:\/\/cvinoticias.com\/v3\/el-parque-nacional-iguazu-abrira-sin-cupo-ni-aforo-desde-este-1-de-octubre\/#primaryimage"},"image":{"@id":"https:\/\/cvinoticias.com\/v3\/el-parque-nacional-iguazu-abrira-sin-cupo-ni-aforo-desde-este-1-de-octubre\/#primaryimage"},"thumbnailUrl":"https:\/\/cvinoticias.com\/wp-content\/uploads\/2021\/10\/ingreso-parque-nacional-iguazu.jpg","datePublished":"2021-10-01T16:31:56+00:00","breadcrumb":{"@id":"https:\/\/cvinoticias.com\/v3\/el-parque-nacional-iguazu-abrira-sin-cupo-ni-aforo-desde-este-1-de-octubre\/#breadcrumb"},"inLanguage":"es","potentialAction":[{"@type":"ReadAction","target":["https:\/\/cvinoticias.com\/v3\/el-parque-nacional-iguazu-abrira-sin-cupo-ni-aforo-desde-este-1-de-octubre\/"]}]},{"@type":"ImageObject","inLanguage":"es","@id":"https:\/\/cvinoticias.com\/v3\/el-parque-nacional-iguazu-abrira-sin-cupo-ni-aforo-desde-este-1-de-octubre\/#primaryimage","url":"https:\/\/cvinoticias.com\/wp-content\/uploads\/2021\/10\/ingreso-parque-nacional-iguazu.jpg","contentUrl":"https:\/\/cvinoticias.com\/wp-content\/uploads\/2021\/10\/ingreso-parque-nacional-iguazu.jpg","width":764,"height":526},{"@type":"BreadcrumbList","@id":"https:\/\/cvinoticias.com\/v3\/el-parque-nacional-iguazu-abrira-sin-cupo-ni-aforo-desde-este-1-de-octubre\/#breadcrumb","itemListElement":[{"@type":"ListItem","position":1,"name":"Portada","item":"https:\/\/cvinoticias.com\/v3\/"},{"@type":"ListItem","position":2,"name":"El Parque Nacional Iguaz\u00fa abrir\u00e1 sin cupo ni aforo desde este 1 de octubre"}]},{"@type":"WebSite","@id":"https:\/\/cvinoticias.com\/v3\/#website","url":"https:\/\/cvinoticias.com\/v3\/","name":"CVI NOTICIAS","description":"","publisher":{"@id":"https:\/\/cvinoticias.com\/v3\/#organization"},"alternateName":"CVI","potentialAction":[{"@type":"SearchAction","target":{"@type":"EntryPoint","urlTemplate":"https:\/\/cvinoticias.com\/v3\/?s={search_term_string}"},"query-input":{"@type":"PropertyValueSpecification","valueRequired":true,"valueName":"search_term_string"}}],"inLanguage":"es"},{"@type":"Organization","@id":"https:\/\/cvinoticias.com\/v3\/#organization","name":"CVI NOTICIAS","url":"https:\/\/cvinoticias.com\/v3\/","logo":{"@type":"ImageObject","inLanguage":"es","@id":"https:\/\/cvinoticias.com\/v3\/#\/schema\/logo\/image\/","url":"https:\/\/cvinoticias.com\/wp-content\/uploads\/2023\/04\/cropped-cropped-cropped-cropped-cropped-3-1.png","contentUrl":"https:\/\/cvinoticias.com\/wp-content\/uploads\/2023\/04\/cropped-cropped-cropped-cropped-cropped-3-1.png","width":95,"height":122,"caption":"CVI NOTICIAS"},"image":{"@id":"https:\/\/cvinoticias.com\/v3\/#\/schema\/logo\/image\/"},"sameAs":["https:\/\/www.facebook.com\/cvinoticias","https:\/\/www.instagram.com\/cvinoticias\/","https:\/\/www.youtube.com\/@CVINOTICIAS"]},{"@type":"Person","@id":"https:\/\/cvinoticias.com\/v3\/#\/schema\/person\/2db77e3c6bc03c538495d7b2b8be9b66","name":"f1000024","image":{"@type":"ImageObject","inLanguage":"es","@id":"https:\/\/secure.gravatar.com\/avatar\/d4fe7459cfc51ff5129ce1a732bbef5928568b8092d412ef95611616376bbeed?s=96&d=mm&r=g","url":"https:\/\/secure.gravatar.com\/avatar\/d4fe7459cfc51ff5129ce1a732bbef5928568b8092d412ef95611616376bbeed?s=96&d=mm&r=g","contentUrl":"https:\/\/secure.gravatar.com\/avatar\/d4fe7459cfc51ff5129ce1a732bbef5928568b8092d412ef95611616376bbeed?s=96&d=mm&r=g","caption":"f1000024"},"url":"https:\/\/cvinoticias.com\/v3\/author\/f1000024\/"}]}},"_links":{"self":[{"href":"https:\/\/cvinoticias.com\/v3\/wp-json\/wp\/v2\/posts\/9118","targetHints":{"allow":["GET"]}}],"collection":[{"href":"https:\/\/cvinoticias.com\/v3\/wp-json\/wp\/v2\/posts"}],"about":[{"href":"https:\/\/cvinoticias.com\/v3\/wp-json\/wp\/v2\/types\/post"}],"author":[{"embeddable":true,"href":"https:\/\/cvinoticias.com\/v3\/wp-json\/wp\/v2\/users\/2"}],"replies":[{"embeddable":true,"href":"https:\/\/cvinoticias.com\/v3\/wp-json\/wp\/v2\/comments?post=9118"}],"version-history":[{"count":1,"href":"https:\/\/cvinoticias.com\/v3\/wp-json\/wp\/v2\/posts\/9118\/revisions"}],"predecessor-version":[{"id":9120,"href":"https:\/\/cvinoticias.com\/v3\/wp-json\/wp\/v2\/posts\/9118\/revisions\/9120"}],"wp:featuredmedia":[{"embeddable":true,"href":"https:\/\/cvinoticias.com\/v3\/wp-json\/wp\/v2\/media\/9119"}],"wp:attachment":[{"href":"https:\/\/cvinoticias.com\/v3\/wp-json\/wp\/v2\/media?parent=9118"}],"wp:term":[{"taxonomy":"category","embeddable":true,"href":"https:\/\/cvinoticias.com\/v3\/wp-json\/wp\/v2\/categories?post=9118"},{"taxonomy":"post_tag","embeddable":true,"href":"https:\/\/cvinoticias.com\/v3\/wp-json\/wp\/v2\/tags?post=9118"}],"curies":[{"name":"wp","href":"https:\/\/api.w.org\/{rel}","templated":true}]}}