{"id":9102,"date":"2021-10-01T05:13:33","date_gmt":"2021-10-01T05:13:33","guid":{"rendered":"https:\/\/cvinoticias.com\/v3\/?p=9102"},"modified":"2021-10-01T05:13:33","modified_gmt":"2021-10-01T05:13:33","slug":"desde-este-viernes-rigen-nuevas-medidas-sanitarias-hasta-diciembre","status":"publish","type":"post","link":"https:\/\/cvinoticias.com\/v3\/desde-este-viernes-rigen-nuevas-medidas-sanitarias-hasta-diciembre\/","title":{"rendered":"Desde este viernes rigen nuevas medidas sanitarias hasta diciembre"},"content":{"rendered":"\n<p><strong><em>El Gobierno nacional public\u00f3 este jueves por la noche el texto del\u00a0Decreto 678\/21 que fija las nuevas medidas sanitarias contra el Covid-19, que regir\u00e1n desde el 1 de octubre hasta el 31 de diciembre de este a\u00f1o.<\/em><\/strong><\/p>\n\n\n\n<p>El texto incluye las flexibilizaciones que fueron anunciadas la semana pasada por el jefe de Gabinete, Juan Manzur, en su primera conferencia de prensa tras la asunci\u00f3n, junto a la ministra de Salud, Carla Vizzoti.<\/p>\n\n\n\n<p><strong>LAS MEDIDAS QUE RIGEN DESDE ESTE VIERNES<\/strong><\/p>\n\n\n\n<p>El distanciamiento social de al menos dos metros entre las personas contin\u00faa vigente as\u00ed como tambi\u00e9n el uso de tapabocas en espacios compartidos cerrados y abiertos.\u00a0Lo nuevo es que ya no es necesario cuando se circule al aire libre a m\u00e1s de dos metros de otra persona.<\/p>\n\n\n\n<p>A\u00fan se requiere mantener ventilados los ambientes y limpiarlos de forma adecuado. Tambi\u00e9n el lavado de manos debe ser constante y el adecuado.<\/p>\n\n\n\n<p>Las personas que revistan la condici\u00f3n de \u201ccaso confirmado\u201d, \u201ccaso sospechoso\u201d o \u201ccontacto estrecho\u201d de covid-19 no pueden circular.<\/p>\n\n\n\n<p>En ese sentido, el Ejecutivo autoriza la realizaci\u00f3n de las actividades consideradas de mayor riesgo epidemiol\u00f3gico y sanitario, que deber\u00e1n cumplir con las siguientes condiciones de acuerdo al\u00a0rubro: <\/p>\n\n\n\n<p>&#8211; En el caso de los viajes de egresados, deben presentar autorizaci\u00f3n de las jurisdicciones provinciales de destino y permanencia. Mientras que todas los integrantes del grupo tienen que contar con un test de ant\u00edgeno negativo al embarcar y al retorno realizar un test de ant\u00edgeno previo al abordaje del transporte. Si uno de los test resulta positivo se coordinar\u00e1 con las autoridades locales para el aislamiento de los casos y sus contactos estrechos.<\/p>\n\n\n\n<p>Las personas del contingente que no cuenten con esquema completo de vacunaci\u00f3n dos semanas previas al viaje, deben realizar una cuarentena de siete d\u00edas y, por su cuenta, un nuevo testeo que deber\u00e1 ser informado al Sistema Nacional de Vigilancia por el laboratorio. El control de la realizaci\u00f3n del testeo estar\u00e1 a cargo de la empresa de viajes.<\/p>\n\n\n\n<p>&#8211;<strong>Para los viajes de jubilados,<\/strong>&nbsp;todo el grupo presentar\u00e1 un esquema de vacunaci\u00f3n completo ocurrido por lo menos 14 d\u00edas previos al inicio del viaje.<\/p>\n\n\n\n<p>&#8211;<strong>Las actividades en boliches cerrados tienen un l\u00edmite de aforo del 50% de la capacidad autorizada<\/strong>. Los asistentes deben tener el esquema de vacunaci\u00f3n completo.<\/p>\n\n\n\n<p>&#8211;<strong>Para los salones de fiestas<\/strong>, alternativamente al esquema de vacunaci\u00f3n, podr\u00e1n solicitar un test diagn\u00f3stico negativo realizado con una antelaci\u00f3n no mayor a 48.<\/p>\n\n\n\n<p>&#8211;<strong>Los<\/strong> <strong>eventos masivos de m\u00e1s de mil personas en espacios cerrados podr\u00e1n utilizar como l\u00edmite el 50% de la capacidad autorizada<\/strong>. Asimismo, para ingresar se requiere el esquema de vacunaci\u00f3n completo o al menos una dosis de vacuna m\u00e1s test diagn\u00f3stico negativo. Si el evento se realiza al aire libre, el concurren mayor de 18 a\u00f1os solamente debe contar con una dosis.<\/p>\n\n\n\n<p>Los gobiernos provinciales y de la Ciudad de Buenos Aires pueden establecer medidas sanitarias temporarias y focalizadas adicionales para contener los contagios.<\/p>\n\n\n\n<p>En tanto que\u00a0<strong>las actividades econ\u00f3micas, industriales, comerciales, de servicios, tur\u00edsticas, religiosas, culturales, deportivas, recreativas y sociales, deben realizarse bajo un protocolo de funcionamiento aprobado por la autoridad sanitaria nacional, provincial o de la Ciudad.<\/strong><\/p>\n\n\n\n<p>Los empleadores deben garantizar las condiciones de higiene y seguridad establecidas por la autoridad sanitaria para preservar la salud de los trabajadores.<\/p>\n\n\n\n<p><strong>Estar\u00e1n exentos de concurrir los trabajadores con inmunodeficiencias<\/strong>: cong\u00e9nita, asplenia funcional o anat\u00f3mica (incluida anemia drepanoc\u00edtica) y desnutrici\u00f3n grave, VIH dependiendo del status y personas con medicaci\u00f3n inmunosupresora o corticoides en altas dosis; pacientes oncol\u00f3gicos y trasplantados: con enfermedad oncohematol\u00f3gica hasta seis meses posteriores a la remisi\u00f3n completa, con tumor de \u00f3rgano s\u00f3lido en tratamiento y trasplantados de \u00f3rganos s\u00f3lidos o de precursores hematopoy\u00e9ticos.<\/p>\n\n\n\n<p>Los agentes de todas las jurisdicciones, organismos y entidades de la administraci\u00f3n p\u00fablica nacional deben retornar a la presencialidad.<\/p>\n\n\n\n<p>Las provincias y la Ciudad Aut\u00f3noma de Buenos Aires tienen que realizar, en forma conjunta con el Ministerio de Salud nacional, el monitoreo de la evoluci\u00f3n epidemiol\u00f3gica y de las condiciones sanitarias.<\/p>\n\n\n\n<p><strong>A partir del 1 de noviembre de 2021, se restablece el ingreso al territorio nacional de extranjeros no residentes, siempre que cumplan con los requisitos migratorios y sanitarios vigentes o que se establezcan en el futuro.&nbsp;<\/strong>El mismo se realizar\u00e1 por los corredores seguros establecidos en los t\u00e9rminos del art\u00edculo 16 del Decreto N\u00b0 260\/20<\/p>\n\n\n\n<p>El jefe de Gabinete de ministros puede suspender o modificar las normas previstas, de acuerdo a la evaluaci\u00f3n del riesgo epidemiol\u00f3gico y sanitario y del avance de la vacunaci\u00f3n contra el Covid-19, previa intervenci\u00f3n de la autoridad sanitaria nacional.<\/p>\n\n\n\n<p>El Ministerio de Salud definir\u00e1 los corredores seguros a\u00e9reos, mar\u00edtimos, fluviales y terrestres, determinando los puntos de entrada al pa\u00eds, trayectos o lugares que re\u00fanen las mejores capacidades para responder a las necesidades sanitarias y epidemiol\u00f3gicas, los cuales ser\u00e1n notificados a las autoridades competentes para su implementaci\u00f3n. Mientras est\u00e9 vigente la prohibici\u00f3n de ingreso al territorio nacional de personas extranjeras no residentes en el pa\u00eds, la Direcci\u00f3n Nacional de Migraciones podr\u00e1 autorizar el tr\u00e1nsito vecinal fronterizo cuando se verifiquen las condiciones epidemiol\u00f3gicas y los requisitos que la autoridad sanitaria nacional considere necesarios.<\/p>\n","protected":false},"excerpt":{"rendered":"<p>El Gobierno nacional public\u00f3 este jueves por la noche el texto del\u00a0Decreto 678\/21 que fija las nuevas medidas sanitarias contra el Covid-19, que regir\u00e1n desde el 1 de octubre hasta el 31 de diciembre de este a\u00f1o. El texto incluye las flexibilizaciones que fueron anunciadas la semana pasada por el jefe de Gabinete, Juan Manzur, [&hellip;]<\/p>\n","protected":false},"author":2,"featured_media":9103,"comment_status":"open","ping_status":"open","sticky":false,"template":"","format":"standard","meta":{"footnotes":""},"categories":[39],"tags":[],"class_list":["post-9102","post","type-post","status-publish","format-standard","has-post-thumbnail","hentry","category-nacionales"],"yoast_head":"<!-- This site is optimized with the Yoast SEO plugin v27.5 - https:\/\/yoast.com\/product\/yoast-seo-wordpress\/ -->\n<title>Desde este viernes rigen nuevas medidas sanitarias hasta diciembre | CVI NOTICIAS<\/title>\n<meta name=\"robots\" content=\"index, follow, max-snippet:-1, max-image-preview:large, max-video-preview:-1\" \/>\n<link rel=\"canonical\" href=\"https:\/\/cvinoticias.com\/v3\/desde-este-viernes-rigen-nuevas-medidas-sanitarias-hasta-diciembre\/\" \/>\n<meta property=\"og:locale\" content=\"es_ES\" \/>\n<meta property=\"og:type\" content=\"article\" \/>\n<meta property=\"og:title\" content=\"Desde este viernes rigen nuevas medidas sanitarias hasta diciembre | CVI NOTICIAS\" \/>\n<meta property=\"og:description\" content=\"El Gobierno nacional public\u00f3 este jueves por la noche el texto del\u00a0Decreto 678\/21 que fija las nuevas medidas sanitarias contra el Covid-19, que regir\u00e1n desde el 1 de octubre hasta el 31 de diciembre de este a\u00f1o. El texto incluye las flexibilizaciones que fueron anunciadas la semana pasada por el jefe de Gabinete, Juan Manzur, [&hellip;]\" \/>\n<meta property=\"og:url\" content=\"https:\/\/cvinoticias.com\/v3\/desde-este-viernes-rigen-nuevas-medidas-sanitarias-hasta-diciembre\/\" \/>\n<meta property=\"og:site_name\" content=\"CVI NOTICIAS\" \/>\n<meta property=\"article:publisher\" content=\"https:\/\/www.facebook.com\/cvinoticias\" \/>\n<meta property=\"article:published_time\" content=\"2021-10-01T05:13:33+00:00\" \/>\n<meta property=\"og:image\" content=\"https:\/\/cvinoticias.com\/wp-content\/uploads\/2021\/10\/PicsArt_10-01-02.12.51.jpg\" \/>\n\t<meta property=\"og:image:width\" content=\"1080\" \/>\n\t<meta property=\"og:image:height\" content=\"1440\" \/>\n\t<meta property=\"og:image:type\" content=\"image\/jpeg\" \/>\n<meta name=\"author\" content=\"f1000024\" \/>\n<meta name=\"twitter:card\" content=\"summary_large_image\" \/>\n<meta name=\"twitter:label1\" content=\"Escrito por\" \/>\n\t<meta name=\"twitter:data1\" content=\"f1000024\" \/>\n\t<meta name=\"twitter:label2\" content=\"Tiempo de lectura\" \/>\n\t<meta name=\"twitter:data2\" content=\"5 minutos\" \/>\n<script type=\"application\/ld+json\" class=\"yoast-schema-graph\">{\"@context\":\"https:\\\/\\\/schema.org\",\"@graph\":[{\"@type\":\"Article\",\"@id\":\"https:\\\/\\\/cvinoticias.com\\\/v3\\\/desde-este-viernes-rigen-nuevas-medidas-sanitarias-hasta-diciembre\\\/#article\",\"isPartOf\":{\"@id\":\"https:\\\/\\\/cvinoticias.com\\\/v3\\\/desde-este-viernes-rigen-nuevas-medidas-sanitarias-hasta-diciembre\\\/\"},\"author\":{\"name\":\"f1000024\",\"@id\":\"https:\\\/\\\/cvinoticias.com\\\/v3\\\/#\\\/schema\\\/person\\\/2db77e3c6bc03c538495d7b2b8be9b66\"},\"headline\":\"Desde este viernes rigen nuevas medidas sanitarias hasta diciembre\",\"datePublished\":\"2021-10-01T05:13:33+00:00\",\"mainEntityOfPage\":{\"@id\":\"https:\\\/\\\/cvinoticias.com\\\/v3\\\/desde-este-viernes-rigen-nuevas-medidas-sanitarias-hasta-diciembre\\\/\"},\"wordCount\":916,\"commentCount\":0,\"publisher\":{\"@id\":\"https:\\\/\\\/cvinoticias.com\\\/v3\\\/#organization\"},\"image\":{\"@id\":\"https:\\\/\\\/cvinoticias.com\\\/v3\\\/desde-este-viernes-rigen-nuevas-medidas-sanitarias-hasta-diciembre\\\/#primaryimage\"},\"thumbnailUrl\":\"https:\\\/\\\/cvinoticias.com\\\/wp-content\\\/uploads\\\/2021\\\/10\\\/PicsArt_10-01-02.12.51.jpg\",\"articleSection\":[\"Nacionales\"],\"inLanguage\":\"es\",\"potentialAction\":[{\"@type\":\"CommentAction\",\"name\":\"Comment\",\"target\":[\"https:\\\/\\\/cvinoticias.com\\\/v3\\\/desde-este-viernes-rigen-nuevas-medidas-sanitarias-hasta-diciembre\\\/#respond\"]}]},{\"@type\":\"WebPage\",\"@id\":\"https:\\\/\\\/cvinoticias.com\\\/v3\\\/desde-este-viernes-rigen-nuevas-medidas-sanitarias-hasta-diciembre\\\/\",\"url\":\"https:\\\/\\\/cvinoticias.com\\\/v3\\\/desde-este-viernes-rigen-nuevas-medidas-sanitarias-hasta-diciembre\\\/\",\"name\":\"Desde este viernes rigen nuevas medidas sanitarias hasta diciembre | CVI NOTICIAS\",\"isPartOf\":{\"@id\":\"https:\\\/\\\/cvinoticias.com\\\/v3\\\/#website\"},\"primaryImageOfPage\":{\"@id\":\"https:\\\/\\\/cvinoticias.com\\\/v3\\\/desde-este-viernes-rigen-nuevas-medidas-sanitarias-hasta-diciembre\\\/#primaryimage\"},\"image\":{\"@id\":\"https:\\\/\\\/cvinoticias.com\\\/v3\\\/desde-este-viernes-rigen-nuevas-medidas-sanitarias-hasta-diciembre\\\/#primaryimage\"},\"thumbnailUrl\":\"https:\\\/\\\/cvinoticias.com\\\/wp-content\\\/uploads\\\/2021\\\/10\\\/PicsArt_10-01-02.12.51.jpg\",\"datePublished\":\"2021-10-01T05:13:33+00:00\",\"breadcrumb\":{\"@id\":\"https:\\\/\\\/cvinoticias.com\\\/v3\\\/desde-este-viernes-rigen-nuevas-medidas-sanitarias-hasta-diciembre\\\/#breadcrumb\"},\"inLanguage\":\"es\",\"potentialAction\":[{\"@type\":\"ReadAction\",\"target\":[\"https:\\\/\\\/cvinoticias.com\\\/v3\\\/desde-este-viernes-rigen-nuevas-medidas-sanitarias-hasta-diciembre\\\/\"]}]},{\"@type\":\"ImageObject\",\"inLanguage\":\"es\",\"@id\":\"https:\\\/\\\/cvinoticias.com\\\/v3\\\/desde-este-viernes-rigen-nuevas-medidas-sanitarias-hasta-diciembre\\\/#primaryimage\",\"url\":\"https:\\\/\\\/cvinoticias.com\\\/wp-content\\\/uploads\\\/2021\\\/10\\\/PicsArt_10-01-02.12.51.jpg\",\"contentUrl\":\"https:\\\/\\\/cvinoticias.com\\\/wp-content\\\/uploads\\\/2021\\\/10\\\/PicsArt_10-01-02.12.51.jpg\",\"width\":1080,\"height\":1440},{\"@type\":\"BreadcrumbList\",\"@id\":\"https:\\\/\\\/cvinoticias.com\\\/v3\\\/desde-este-viernes-rigen-nuevas-medidas-sanitarias-hasta-diciembre\\\/#breadcrumb\",\"itemListElement\":[{\"@type\":\"ListItem\",\"position\":1,\"name\":\"Portada\",\"item\":\"https:\\\/\\\/cvinoticias.com\\\/v3\\\/\"},{\"@type\":\"ListItem\",\"position\":2,\"name\":\"Desde este viernes rigen nuevas medidas sanitarias hasta diciembre\"}]},{\"@type\":\"WebSite\",\"@id\":\"https:\\\/\\\/cvinoticias.com\\\/v3\\\/#website\",\"url\":\"https:\\\/\\\/cvinoticias.com\\\/v3\\\/\",\"name\":\"CVI NOTICIAS\",\"description\":\"\",\"publisher\":{\"@id\":\"https:\\\/\\\/cvinoticias.com\\\/v3\\\/#organization\"},\"alternateName\":\"CVI\",\"potentialAction\":[{\"@type\":\"SearchAction\",\"target\":{\"@type\":\"EntryPoint\",\"urlTemplate\":\"https:\\\/\\\/cvinoticias.com\\\/v3\\\/?s={search_term_string}\"},\"query-input\":{\"@type\":\"PropertyValueSpecification\",\"valueRequired\":true,\"valueName\":\"search_term_string\"}}],\"inLanguage\":\"es\"},{\"@type\":\"Organization\",\"@id\":\"https:\\\/\\\/cvinoticias.com\\\/v3\\\/#organization\",\"name\":\"CVI NOTICIAS\",\"url\":\"https:\\\/\\\/cvinoticias.com\\\/v3\\\/\",\"logo\":{\"@type\":\"ImageObject\",\"inLanguage\":\"es\",\"@id\":\"https:\\\/\\\/cvinoticias.com\\\/v3\\\/#\\\/schema\\\/logo\\\/image\\\/\",\"url\":\"https:\\\/\\\/cvinoticias.com\\\/wp-content\\\/uploads\\\/2023\\\/04\\\/cropped-cropped-cropped-cropped-cropped-3-1.png\",\"contentUrl\":\"https:\\\/\\\/cvinoticias.com\\\/wp-content\\\/uploads\\\/2023\\\/04\\\/cropped-cropped-cropped-cropped-cropped-3-1.png\",\"width\":95,\"height\":122,\"caption\":\"CVI NOTICIAS\"},\"image\":{\"@id\":\"https:\\\/\\\/cvinoticias.com\\\/v3\\\/#\\\/schema\\\/logo\\\/image\\\/\"},\"sameAs\":[\"https:\\\/\\\/www.facebook.com\\\/cvinoticias\",\"https:\\\/\\\/www.instagram.com\\\/cvinoticias\\\/\",\"https:\\\/\\\/www.youtube.com\\\/@CVINOTICIAS\"]},{\"@type\":\"Person\",\"@id\":\"https:\\\/\\\/cvinoticias.com\\\/v3\\\/#\\\/schema\\\/person\\\/2db77e3c6bc03c538495d7b2b8be9b66\",\"name\":\"f1000024\",\"image\":{\"@type\":\"ImageObject\",\"inLanguage\":\"es\",\"@id\":\"https:\\\/\\\/secure.gravatar.com\\\/avatar\\\/d4fe7459cfc51ff5129ce1a732bbef5928568b8092d412ef95611616376bbeed?s=96&d=mm&r=g\",\"url\":\"https:\\\/\\\/secure.gravatar.com\\\/avatar\\\/d4fe7459cfc51ff5129ce1a732bbef5928568b8092d412ef95611616376bbeed?s=96&d=mm&r=g\",\"contentUrl\":\"https:\\\/\\\/secure.gravatar.com\\\/avatar\\\/d4fe7459cfc51ff5129ce1a732bbef5928568b8092d412ef95611616376bbeed?s=96&d=mm&r=g\",\"caption\":\"f1000024\"},\"url\":\"https:\\\/\\\/cvinoticias.com\\\/v3\\\/author\\\/f1000024\\\/\"}]}<\/script>\n<!-- \/ Yoast SEO plugin. -->","yoast_head_json":{"title":"Desde este viernes rigen nuevas medidas sanitarias hasta diciembre | CVI NOTICIAS","robots":{"index":"index","follow":"follow","max-snippet":"max-snippet:-1","max-image-preview":"max-image-preview:large","max-video-preview":"max-video-preview:-1"},"canonical":"https:\/\/cvinoticias.com\/v3\/desde-este-viernes-rigen-nuevas-medidas-sanitarias-hasta-diciembre\/","og_locale":"es_ES","og_type":"article","og_title":"Desde este viernes rigen nuevas medidas sanitarias hasta diciembre | CVI NOTICIAS","og_description":"El Gobierno nacional public\u00f3 este jueves por la noche el texto del\u00a0Decreto 678\/21 que fija las nuevas medidas sanitarias contra el Covid-19, que regir\u00e1n desde el 1 de octubre hasta el 31 de diciembre de este a\u00f1o. El texto incluye las flexibilizaciones que fueron anunciadas la semana pasada por el jefe de Gabinete, Juan Manzur, [&hellip;]","og_url":"https:\/\/cvinoticias.com\/v3\/desde-este-viernes-rigen-nuevas-medidas-sanitarias-hasta-diciembre\/","og_site_name":"CVI NOTICIAS","article_publisher":"https:\/\/www.facebook.com\/cvinoticias","article_published_time":"2021-10-01T05:13:33+00:00","og_image":[{"width":1080,"height":1440,"url":"https:\/\/cvinoticias.com\/wp-content\/uploads\/2021\/10\/PicsArt_10-01-02.12.51.jpg","type":"image\/jpeg"}],"author":"f1000024","twitter_card":"summary_large_image","twitter_misc":{"Escrito por":"f1000024","Tiempo de lectura":"5 minutos"},"schema":{"@context":"https:\/\/schema.org","@graph":[{"@type":"Article","@id":"https:\/\/cvinoticias.com\/v3\/desde-este-viernes-rigen-nuevas-medidas-sanitarias-hasta-diciembre\/#article","isPartOf":{"@id":"https:\/\/cvinoticias.com\/v3\/desde-este-viernes-rigen-nuevas-medidas-sanitarias-hasta-diciembre\/"},"author":{"name":"f1000024","@id":"https:\/\/cvinoticias.com\/v3\/#\/schema\/person\/2db77e3c6bc03c538495d7b2b8be9b66"},"headline":"Desde este viernes rigen nuevas medidas sanitarias hasta diciembre","datePublished":"2021-10-01T05:13:33+00:00","mainEntityOfPage":{"@id":"https:\/\/cvinoticias.com\/v3\/desde-este-viernes-rigen-nuevas-medidas-sanitarias-hasta-diciembre\/"},"wordCount":916,"commentCount":0,"publisher":{"@id":"https:\/\/cvinoticias.com\/v3\/#organization"},"image":{"@id":"https:\/\/cvinoticias.com\/v3\/desde-este-viernes-rigen-nuevas-medidas-sanitarias-hasta-diciembre\/#primaryimage"},"thumbnailUrl":"https:\/\/cvinoticias.com\/wp-content\/uploads\/2021\/10\/PicsArt_10-01-02.12.51.jpg","articleSection":["Nacionales"],"inLanguage":"es","potentialAction":[{"@type":"CommentAction","name":"Comment","target":["https:\/\/cvinoticias.com\/v3\/desde-este-viernes-rigen-nuevas-medidas-sanitarias-hasta-diciembre\/#respond"]}]},{"@type":"WebPage","@id":"https:\/\/cvinoticias.com\/v3\/desde-este-viernes-rigen-nuevas-medidas-sanitarias-hasta-diciembre\/","url":"https:\/\/cvinoticias.com\/v3\/desde-este-viernes-rigen-nuevas-medidas-sanitarias-hasta-diciembre\/","name":"Desde este viernes rigen nuevas medidas sanitarias hasta diciembre | CVI NOTICIAS","isPartOf":{"@id":"https:\/\/cvinoticias.com\/v3\/#website"},"primaryImageOfPage":{"@id":"https:\/\/cvinoticias.com\/v3\/desde-este-viernes-rigen-nuevas-medidas-sanitarias-hasta-diciembre\/#primaryimage"},"image":{"@id":"https:\/\/cvinoticias.com\/v3\/desde-este-viernes-rigen-nuevas-medidas-sanitarias-hasta-diciembre\/#primaryimage"},"thumbnailUrl":"https:\/\/cvinoticias.com\/wp-content\/uploads\/2021\/10\/PicsArt_10-01-02.12.51.jpg","datePublished":"2021-10-01T05:13:33+00:00","breadcrumb":{"@id":"https:\/\/cvinoticias.com\/v3\/desde-este-viernes-rigen-nuevas-medidas-sanitarias-hasta-diciembre\/#breadcrumb"},"inLanguage":"es","potentialAction":[{"@type":"ReadAction","target":["https:\/\/cvinoticias.com\/v3\/desde-este-viernes-rigen-nuevas-medidas-sanitarias-hasta-diciembre\/"]}]},{"@type":"ImageObject","inLanguage":"es","@id":"https:\/\/cvinoticias.com\/v3\/desde-este-viernes-rigen-nuevas-medidas-sanitarias-hasta-diciembre\/#primaryimage","url":"https:\/\/cvinoticias.com\/wp-content\/uploads\/2021\/10\/PicsArt_10-01-02.12.51.jpg","contentUrl":"https:\/\/cvinoticias.com\/wp-content\/uploads\/2021\/10\/PicsArt_10-01-02.12.51.jpg","width":1080,"height":1440},{"@type":"BreadcrumbList","@id":"https:\/\/cvinoticias.com\/v3\/desde-este-viernes-rigen-nuevas-medidas-sanitarias-hasta-diciembre\/#breadcrumb","itemListElement":[{"@type":"ListItem","position":1,"name":"Portada","item":"https:\/\/cvinoticias.com\/v3\/"},{"@type":"ListItem","position":2,"name":"Desde este viernes rigen nuevas medidas sanitarias hasta diciembre"}]},{"@type":"WebSite","@id":"https:\/\/cvinoticias.com\/v3\/#website","url":"https:\/\/cvinoticias.com\/v3\/","name":"CVI NOTICIAS","description":"","publisher":{"@id":"https:\/\/cvinoticias.com\/v3\/#organization"},"alternateName":"CVI","potentialAction":[{"@type":"SearchAction","target":{"@type":"EntryPoint","urlTemplate":"https:\/\/cvinoticias.com\/v3\/?s={search_term_string}"},"query-input":{"@type":"PropertyValueSpecification","valueRequired":true,"valueName":"search_term_string"}}],"inLanguage":"es"},{"@type":"Organization","@id":"https:\/\/cvinoticias.com\/v3\/#organization","name":"CVI NOTICIAS","url":"https:\/\/cvinoticias.com\/v3\/","logo":{"@type":"ImageObject","inLanguage":"es","@id":"https:\/\/cvinoticias.com\/v3\/#\/schema\/logo\/image\/","url":"https:\/\/cvinoticias.com\/wp-content\/uploads\/2023\/04\/cropped-cropped-cropped-cropped-cropped-3-1.png","contentUrl":"https:\/\/cvinoticias.com\/wp-content\/uploads\/2023\/04\/cropped-cropped-cropped-cropped-cropped-3-1.png","width":95,"height":122,"caption":"CVI NOTICIAS"},"image":{"@id":"https:\/\/cvinoticias.com\/v3\/#\/schema\/logo\/image\/"},"sameAs":["https:\/\/www.facebook.com\/cvinoticias","https:\/\/www.instagram.com\/cvinoticias\/","https:\/\/www.youtube.com\/@CVINOTICIAS"]},{"@type":"Person","@id":"https:\/\/cvinoticias.com\/v3\/#\/schema\/person\/2db77e3c6bc03c538495d7b2b8be9b66","name":"f1000024","image":{"@type":"ImageObject","inLanguage":"es","@id":"https:\/\/secure.gravatar.com\/avatar\/d4fe7459cfc51ff5129ce1a732bbef5928568b8092d412ef95611616376bbeed?s=96&d=mm&r=g","url":"https:\/\/secure.gravatar.com\/avatar\/d4fe7459cfc51ff5129ce1a732bbef5928568b8092d412ef95611616376bbeed?s=96&d=mm&r=g","contentUrl":"https:\/\/secure.gravatar.com\/avatar\/d4fe7459cfc51ff5129ce1a732bbef5928568b8092d412ef95611616376bbeed?s=96&d=mm&r=g","caption":"f1000024"},"url":"https:\/\/cvinoticias.com\/v3\/author\/f1000024\/"}]}},"_links":{"self":[{"href":"https:\/\/cvinoticias.com\/v3\/wp-json\/wp\/v2\/posts\/9102","targetHints":{"allow":["GET"]}}],"collection":[{"href":"https:\/\/cvinoticias.com\/v3\/wp-json\/wp\/v2\/posts"}],"about":[{"href":"https:\/\/cvinoticias.com\/v3\/wp-json\/wp\/v2\/types\/post"}],"author":[{"embeddable":true,"href":"https:\/\/cvinoticias.com\/v3\/wp-json\/wp\/v2\/users\/2"}],"replies":[{"embeddable":true,"href":"https:\/\/cvinoticias.com\/v3\/wp-json\/wp\/v2\/comments?post=9102"}],"version-history":[{"count":1,"href":"https:\/\/cvinoticias.com\/v3\/wp-json\/wp\/v2\/posts\/9102\/revisions"}],"predecessor-version":[{"id":9104,"href":"https:\/\/cvinoticias.com\/v3\/wp-json\/wp\/v2\/posts\/9102\/revisions\/9104"}],"wp:featuredmedia":[{"embeddable":true,"href":"https:\/\/cvinoticias.com\/v3\/wp-json\/wp\/v2\/media\/9103"}],"wp:attachment":[{"href":"https:\/\/cvinoticias.com\/v3\/wp-json\/wp\/v2\/media?parent=9102"}],"wp:term":[{"taxonomy":"category","embeddable":true,"href":"https:\/\/cvinoticias.com\/v3\/wp-json\/wp\/v2\/categories?post=9102"},{"taxonomy":"post_tag","embeddable":true,"href":"https:\/\/cvinoticias.com\/v3\/wp-json\/wp\/v2\/tags?post=9102"}],"curies":[{"name":"wp","href":"https:\/\/api.w.org\/{rel}","templated":true}]}}