{"id":9098,"date":"2021-10-01T02:44:19","date_gmt":"2021-10-01T02:44:19","guid":{"rendered":"https:\/\/cvinoticias.com\/v3\/?p=9098"},"modified":"2021-10-01T02:44:19","modified_gmt":"2021-10-01T02:44:19","slug":"aval-legislativo-al-pedido-del-gobernador-de-una-area-aduanera-especial-para-misiones","status":"publish","type":"post","link":"https:\/\/cvinoticias.com\/v3\/aval-legislativo-al-pedido-del-gobernador-de-una-area-aduanera-especial-para-misiones\/","title":{"rendered":"Aval legislativo al pedido del Gobernador de una \u00c1rea Aduanera Especial para Misiones"},"content":{"rendered":"\n<p><em><strong>La C\u00e1mara de Representantes de Misiones respald\u00f3 hoy el pedido que el 17 de septiembre pasado el Gobierno le hizo a la Naci\u00f3n sobre la Zona Aduanera Especial.<\/strong><\/em><\/p>\n\n\n\n<p>En la sesi\u00f3n de este jueves, los Legisladores misioneros expresaron su apoyo formal a esta iniciativa del mandatario provincial Oscar Herrera Ahuad en consonancia con el Presidente de la Legislatura, Carlos Rovira.<\/p>\n\n\n\n<figure class=\"wp-block-image size-full\"><a href=\"https:\/\/cvinoticias.com\/wp-content\/uploads\/2021\/10\/FB_IMG_1633056038704.jpg\"><img decoding=\"async\" width=\"640\" height=\"960\" data-src=\"https:\/\/cvinoticias.com\/wp-content\/uploads\/2021\/10\/FB_IMG_1633056038704.jpg\" alt=\"\" class=\"wp-image-9099 lazyload\" data-srcset=\"https:\/\/cvinoticias.com\/wp-content\/uploads\/2021\/10\/FB_IMG_1633056038704.jpg 640w, https:\/\/cvinoticias.com\/wp-content\/uploads\/2021\/10\/FB_IMG_1633056038704-200x300.jpg 200w\" data-sizes=\"(max-width: 640px) 100vw, 640px\" src=\"data:image\/svg+xml;base64,PHN2ZyB3aWR0aD0iMSIgaGVpZ2h0PSIxIiB4bWxucz0iaHR0cDovL3d3dy53My5vcmcvMjAwMC9zdmciPjwvc3ZnPg==\" style=\"--smush-placeholder-width: 640px; --smush-placeholder-aspect-ratio: 640\/960;\" \/><\/a><\/figure>\n\n\n\n<p>As\u00ed Misiones, vuelve a insistir con la ley que fuera promovida oportunamente el a\u00f1o pasado, aprobada en el Presupuesto Nacional pero vetada durante la reglamentaci\u00f3n. Ahora se vuelve al ruedo con la insistencia, de forma institucional, de la importancia de un r\u00e9gimen impositivo m\u00e1s justo ante las asimetr\u00edas econ\u00f3micas en una provincia donde el 90% de sus l\u00edmites son internacionales.<\/p>\n\n\n\n<p>En la misiva enviada d\u00edas atr\u00e1s al Presidente de la C\u00e1mara de Diputados de la Naci\u00f3n, Sergio Masa, se le solicita puntualmente que se incluya en el tratamiento de la Ley de Leyes un \u00c1rea Aduanera Especial y la posibilidad de extensi\u00f3n de zonas francas habilitadas.<\/p>\n\n\n\n<p>\u201cLa adopci\u00f3n de tales previsiones permitir\u00e1 corregir las asimetr\u00edas existentes en el intercambio bilateral fronterizo con los vecinos Brasil y Paraguay poniendo a los misioneros en pie de igualdad competitiva con sus pares de los hermanos pa\u00edses, lo que redundar\u00e1 sin dudas, en mayor desarrollo y prosperidad, objetivo que es nuestro deber velar\u201d, le explic\u00f3 a Massa el gobernador misionero.<\/p>\n\n\n\n<p>En la nota le cuenta que instruy\u00f3 a los legisladores de la tierra colorada la redacci\u00f3n normativa correspondiente.<\/p>\n","protected":false},"excerpt":{"rendered":"<p>La C\u00e1mara de Representantes de Misiones respald\u00f3 hoy el pedido que el 17 de septiembre pasado el Gobierno le hizo a la Naci\u00f3n sobre la Zona Aduanera Especial. En la sesi\u00f3n de este jueves, los Legisladores misioneros expresaron su apoyo formal a esta iniciativa del mandatario provincial Oscar Herrera Ahuad en consonancia con el Presidente [&hellip;]<\/p>\n","protected":false},"author":2,"featured_media":9100,"comment_status":"open","ping_status":"open","sticky":false,"template":"","format":"standard","meta":{"footnotes":""},"categories":[42],"tags":[],"class_list":["post-9098","post","type-post","status-publish","format-standard","has-post-thumbnail","hentry","category-politica"],"yoast_head":"<!-- This site is optimized with the Yoast SEO plugin v27.4 - https:\/\/yoast.com\/product\/yoast-seo-wordpress\/ -->\n<title>Aval legislativo al pedido del Gobernador de una \u00c1rea Aduanera Especial para Misiones | CVI NOTICIAS<\/title>\n<meta name=\"robots\" content=\"index, follow, max-snippet:-1, max-image-preview:large, max-video-preview:-1\" \/>\n<link rel=\"canonical\" href=\"https:\/\/cvinoticias.com\/v3\/aval-legislativo-al-pedido-del-gobernador-de-una-area-aduanera-especial-para-misiones\/\" \/>\n<meta property=\"og:locale\" content=\"es_ES\" \/>\n<meta property=\"og:type\" content=\"article\" \/>\n<meta property=\"og:title\" content=\"Aval legislativo al pedido del Gobernador de una \u00c1rea Aduanera Especial para Misiones | CVI NOTICIAS\" \/>\n<meta property=\"og:description\" content=\"La C\u00e1mara de Representantes de Misiones respald\u00f3 hoy el pedido que el 17 de septiembre pasado el Gobierno le hizo a la Naci\u00f3n sobre la Zona Aduanera Especial. En la sesi\u00f3n de este jueves, los Legisladores misioneros expresaron su apoyo formal a esta iniciativa del mandatario provincial Oscar Herrera Ahuad en consonancia con el Presidente [&hellip;]\" \/>\n<meta property=\"og:url\" content=\"https:\/\/cvinoticias.com\/v3\/aval-legislativo-al-pedido-del-gobernador-de-una-area-aduanera-especial-para-misiones\/\" \/>\n<meta property=\"og:site_name\" content=\"CVI NOTICIAS\" \/>\n<meta property=\"article:publisher\" content=\"https:\/\/www.facebook.com\/cvinoticias\" \/>\n<meta property=\"article:published_time\" content=\"2021-10-01T02:44:19+00:00\" \/>\n<meta property=\"og:image\" content=\"https:\/\/cvinoticias.com\/wp-content\/uploads\/2021\/10\/FB_IMG_1633056047176.jpg\" \/>\n\t<meta property=\"og:image:width\" content=\"720\" \/>\n\t<meta property=\"og:image:height\" content=\"406\" \/>\n\t<meta property=\"og:image:type\" content=\"image\/jpeg\" \/>\n<meta name=\"author\" content=\"f1000024\" \/>\n<meta name=\"twitter:card\" content=\"summary_large_image\" \/>\n<meta name=\"twitter:label1\" content=\"Escrito por\" \/>\n\t<meta name=\"twitter:data1\" content=\"f1000024\" \/>\n\t<meta name=\"twitter:label2\" content=\"Tiempo de lectura\" \/>\n\t<meta name=\"twitter:data2\" content=\"1 minuto\" \/>\n<script type=\"application\/ld+json\" class=\"yoast-schema-graph\">{\"@context\":\"https:\\\/\\\/schema.org\",\"@graph\":[{\"@type\":\"Article\",\"@id\":\"https:\\\/\\\/cvinoticias.com\\\/v3\\\/aval-legislativo-al-pedido-del-gobernador-de-una-area-aduanera-especial-para-misiones\\\/#article\",\"isPartOf\":{\"@id\":\"https:\\\/\\\/cvinoticias.com\\\/v3\\\/aval-legislativo-al-pedido-del-gobernador-de-una-area-aduanera-especial-para-misiones\\\/\"},\"author\":{\"name\":\"f1000024\",\"@id\":\"https:\\\/\\\/cvinoticias.com\\\/v3\\\/#\\\/schema\\\/person\\\/2db77e3c6bc03c538495d7b2b8be9b66\"},\"headline\":\"Aval legislativo al pedido del Gobernador de una \u00c1rea Aduanera Especial para Misiones\",\"datePublished\":\"2021-10-01T02:44:19+00:00\",\"mainEntityOfPage\":{\"@id\":\"https:\\\/\\\/cvinoticias.com\\\/v3\\\/aval-legislativo-al-pedido-del-gobernador-de-una-area-aduanera-especial-para-misiones\\\/\"},\"wordCount\":274,\"commentCount\":0,\"publisher\":{\"@id\":\"https:\\\/\\\/cvinoticias.com\\\/v3\\\/#organization\"},\"image\":{\"@id\":\"https:\\\/\\\/cvinoticias.com\\\/v3\\\/aval-legislativo-al-pedido-del-gobernador-de-una-area-aduanera-especial-para-misiones\\\/#primaryimage\"},\"thumbnailUrl\":\"https:\\\/\\\/cvinoticias.com\\\/wp-content\\\/uploads\\\/2021\\\/10\\\/FB_IMG_1633056047176.jpg\",\"articleSection\":[\"Politica\"],\"inLanguage\":\"es\",\"potentialAction\":[{\"@type\":\"CommentAction\",\"name\":\"Comment\",\"target\":[\"https:\\\/\\\/cvinoticias.com\\\/v3\\\/aval-legislativo-al-pedido-del-gobernador-de-una-area-aduanera-especial-para-misiones\\\/#respond\"]}]},{\"@type\":\"WebPage\",\"@id\":\"https:\\\/\\\/cvinoticias.com\\\/v3\\\/aval-legislativo-al-pedido-del-gobernador-de-una-area-aduanera-especial-para-misiones\\\/\",\"url\":\"https:\\\/\\\/cvinoticias.com\\\/v3\\\/aval-legislativo-al-pedido-del-gobernador-de-una-area-aduanera-especial-para-misiones\\\/\",\"name\":\"Aval legislativo al pedido del Gobernador de una \u00c1rea Aduanera Especial para Misiones | CVI NOTICIAS\",\"isPartOf\":{\"@id\":\"https:\\\/\\\/cvinoticias.com\\\/v3\\\/#website\"},\"primaryImageOfPage\":{\"@id\":\"https:\\\/\\\/cvinoticias.com\\\/v3\\\/aval-legislativo-al-pedido-del-gobernador-de-una-area-aduanera-especial-para-misiones\\\/#primaryimage\"},\"image\":{\"@id\":\"https:\\\/\\\/cvinoticias.com\\\/v3\\\/aval-legislativo-al-pedido-del-gobernador-de-una-area-aduanera-especial-para-misiones\\\/#primaryimage\"},\"thumbnailUrl\":\"https:\\\/\\\/cvinoticias.com\\\/wp-content\\\/uploads\\\/2021\\\/10\\\/FB_IMG_1633056047176.jpg\",\"datePublished\":\"2021-10-01T02:44:19+00:00\",\"breadcrumb\":{\"@id\":\"https:\\\/\\\/cvinoticias.com\\\/v3\\\/aval-legislativo-al-pedido-del-gobernador-de-una-area-aduanera-especial-para-misiones\\\/#breadcrumb\"},\"inLanguage\":\"es\",\"potentialAction\":[{\"@type\":\"ReadAction\",\"target\":[\"https:\\\/\\\/cvinoticias.com\\\/v3\\\/aval-legislativo-al-pedido-del-gobernador-de-una-area-aduanera-especial-para-misiones\\\/\"]}]},{\"@type\":\"ImageObject\",\"inLanguage\":\"es\",\"@id\":\"https:\\\/\\\/cvinoticias.com\\\/v3\\\/aval-legislativo-al-pedido-del-gobernador-de-una-area-aduanera-especial-para-misiones\\\/#primaryimage\",\"url\":\"https:\\\/\\\/cvinoticias.com\\\/wp-content\\\/uploads\\\/2021\\\/10\\\/FB_IMG_1633056047176.jpg\",\"contentUrl\":\"https:\\\/\\\/cvinoticias.com\\\/wp-content\\\/uploads\\\/2021\\\/10\\\/FB_IMG_1633056047176.jpg\",\"width\":720,\"height\":406},{\"@type\":\"BreadcrumbList\",\"@id\":\"https:\\\/\\\/cvinoticias.com\\\/v3\\\/aval-legislativo-al-pedido-del-gobernador-de-una-area-aduanera-especial-para-misiones\\\/#breadcrumb\",\"itemListElement\":[{\"@type\":\"ListItem\",\"position\":1,\"name\":\"Portada\",\"item\":\"https:\\\/\\\/cvinoticias.com\\\/v3\\\/\"},{\"@type\":\"ListItem\",\"position\":2,\"name\":\"Aval legislativo al pedido del Gobernador de una \u00c1rea Aduanera Especial para Misiones\"}]},{\"@type\":\"WebSite\",\"@id\":\"https:\\\/\\\/cvinoticias.com\\\/v3\\\/#website\",\"url\":\"https:\\\/\\\/cvinoticias.com\\\/v3\\\/\",\"name\":\"CVI NOTICIAS\",\"description\":\"\",\"publisher\":{\"@id\":\"https:\\\/\\\/cvinoticias.com\\\/v3\\\/#organization\"},\"alternateName\":\"CVI\",\"potentialAction\":[{\"@type\":\"SearchAction\",\"target\":{\"@type\":\"EntryPoint\",\"urlTemplate\":\"https:\\\/\\\/cvinoticias.com\\\/v3\\\/?s={search_term_string}\"},\"query-input\":{\"@type\":\"PropertyValueSpecification\",\"valueRequired\":true,\"valueName\":\"search_term_string\"}}],\"inLanguage\":\"es\"},{\"@type\":\"Organization\",\"@id\":\"https:\\\/\\\/cvinoticias.com\\\/v3\\\/#organization\",\"name\":\"CVI NOTICIAS\",\"url\":\"https:\\\/\\\/cvinoticias.com\\\/v3\\\/\",\"logo\":{\"@type\":\"ImageObject\",\"inLanguage\":\"es\",\"@id\":\"https:\\\/\\\/cvinoticias.com\\\/v3\\\/#\\\/schema\\\/logo\\\/image\\\/\",\"url\":\"https:\\\/\\\/cvinoticias.com\\\/wp-content\\\/uploads\\\/2023\\\/04\\\/cropped-cropped-cropped-cropped-cropped-3-1.png\",\"contentUrl\":\"https:\\\/\\\/cvinoticias.com\\\/wp-content\\\/uploads\\\/2023\\\/04\\\/cropped-cropped-cropped-cropped-cropped-3-1.png\",\"width\":95,\"height\":122,\"caption\":\"CVI NOTICIAS\"},\"image\":{\"@id\":\"https:\\\/\\\/cvinoticias.com\\\/v3\\\/#\\\/schema\\\/logo\\\/image\\\/\"},\"sameAs\":[\"https:\\\/\\\/www.facebook.com\\\/cvinoticias\",\"https:\\\/\\\/www.instagram.com\\\/cvinoticias\\\/\",\"https:\\\/\\\/www.youtube.com\\\/@CVINOTICIAS\"]},{\"@type\":\"Person\",\"@id\":\"https:\\\/\\\/cvinoticias.com\\\/v3\\\/#\\\/schema\\\/person\\\/2db77e3c6bc03c538495d7b2b8be9b66\",\"name\":\"f1000024\",\"image\":{\"@type\":\"ImageObject\",\"inLanguage\":\"es\",\"@id\":\"https:\\\/\\\/secure.gravatar.com\\\/avatar\\\/d4fe7459cfc51ff5129ce1a732bbef5928568b8092d412ef95611616376bbeed?s=96&d=mm&r=g\",\"url\":\"https:\\\/\\\/secure.gravatar.com\\\/avatar\\\/d4fe7459cfc51ff5129ce1a732bbef5928568b8092d412ef95611616376bbeed?s=96&d=mm&r=g\",\"contentUrl\":\"https:\\\/\\\/secure.gravatar.com\\\/avatar\\\/d4fe7459cfc51ff5129ce1a732bbef5928568b8092d412ef95611616376bbeed?s=96&d=mm&r=g\",\"caption\":\"f1000024\"},\"url\":\"https:\\\/\\\/cvinoticias.com\\\/v3\\\/author\\\/f1000024\\\/\"}]}<\/script>\n<!-- \/ Yoast SEO plugin. -->","yoast_head_json":{"title":"Aval legislativo al pedido del Gobernador de una \u00c1rea Aduanera Especial para Misiones | CVI NOTICIAS","robots":{"index":"index","follow":"follow","max-snippet":"max-snippet:-1","max-image-preview":"max-image-preview:large","max-video-preview":"max-video-preview:-1"},"canonical":"https:\/\/cvinoticias.com\/v3\/aval-legislativo-al-pedido-del-gobernador-de-una-area-aduanera-especial-para-misiones\/","og_locale":"es_ES","og_type":"article","og_title":"Aval legislativo al pedido del Gobernador de una \u00c1rea Aduanera Especial para Misiones | CVI NOTICIAS","og_description":"La C\u00e1mara de Representantes de Misiones respald\u00f3 hoy el pedido que el 17 de septiembre pasado el Gobierno le hizo a la Naci\u00f3n sobre la Zona Aduanera Especial. En la sesi\u00f3n de este jueves, los Legisladores misioneros expresaron su apoyo formal a esta iniciativa del mandatario provincial Oscar Herrera Ahuad en consonancia con el Presidente [&hellip;]","og_url":"https:\/\/cvinoticias.com\/v3\/aval-legislativo-al-pedido-del-gobernador-de-una-area-aduanera-especial-para-misiones\/","og_site_name":"CVI NOTICIAS","article_publisher":"https:\/\/www.facebook.com\/cvinoticias","article_published_time":"2021-10-01T02:44:19+00:00","og_image":[{"width":720,"height":406,"url":"https:\/\/cvinoticias.com\/wp-content\/uploads\/2021\/10\/FB_IMG_1633056047176.jpg","type":"image\/jpeg"}],"author":"f1000024","twitter_card":"summary_large_image","twitter_misc":{"Escrito por":"f1000024","Tiempo de lectura":"1 minuto"},"schema":{"@context":"https:\/\/schema.org","@graph":[{"@type":"Article","@id":"https:\/\/cvinoticias.com\/v3\/aval-legislativo-al-pedido-del-gobernador-de-una-area-aduanera-especial-para-misiones\/#article","isPartOf":{"@id":"https:\/\/cvinoticias.com\/v3\/aval-legislativo-al-pedido-del-gobernador-de-una-area-aduanera-especial-para-misiones\/"},"author":{"name":"f1000024","@id":"https:\/\/cvinoticias.com\/v3\/#\/schema\/person\/2db77e3c6bc03c538495d7b2b8be9b66"},"headline":"Aval legislativo al pedido del Gobernador de una \u00c1rea Aduanera Especial para Misiones","datePublished":"2021-10-01T02:44:19+00:00","mainEntityOfPage":{"@id":"https:\/\/cvinoticias.com\/v3\/aval-legislativo-al-pedido-del-gobernador-de-una-area-aduanera-especial-para-misiones\/"},"wordCount":274,"commentCount":0,"publisher":{"@id":"https:\/\/cvinoticias.com\/v3\/#organization"},"image":{"@id":"https:\/\/cvinoticias.com\/v3\/aval-legislativo-al-pedido-del-gobernador-de-una-area-aduanera-especial-para-misiones\/#primaryimage"},"thumbnailUrl":"https:\/\/cvinoticias.com\/wp-content\/uploads\/2021\/10\/FB_IMG_1633056047176.jpg","articleSection":["Politica"],"inLanguage":"es","potentialAction":[{"@type":"CommentAction","name":"Comment","target":["https:\/\/cvinoticias.com\/v3\/aval-legislativo-al-pedido-del-gobernador-de-una-area-aduanera-especial-para-misiones\/#respond"]}]},{"@type":"WebPage","@id":"https:\/\/cvinoticias.com\/v3\/aval-legislativo-al-pedido-del-gobernador-de-una-area-aduanera-especial-para-misiones\/","url":"https:\/\/cvinoticias.com\/v3\/aval-legislativo-al-pedido-del-gobernador-de-una-area-aduanera-especial-para-misiones\/","name":"Aval legislativo al pedido del Gobernador de una \u00c1rea Aduanera Especial para Misiones | CVI NOTICIAS","isPartOf":{"@id":"https:\/\/cvinoticias.com\/v3\/#website"},"primaryImageOfPage":{"@id":"https:\/\/cvinoticias.com\/v3\/aval-legislativo-al-pedido-del-gobernador-de-una-area-aduanera-especial-para-misiones\/#primaryimage"},"image":{"@id":"https:\/\/cvinoticias.com\/v3\/aval-legislativo-al-pedido-del-gobernador-de-una-area-aduanera-especial-para-misiones\/#primaryimage"},"thumbnailUrl":"https:\/\/cvinoticias.com\/wp-content\/uploads\/2021\/10\/FB_IMG_1633056047176.jpg","datePublished":"2021-10-01T02:44:19+00:00","breadcrumb":{"@id":"https:\/\/cvinoticias.com\/v3\/aval-legislativo-al-pedido-del-gobernador-de-una-area-aduanera-especial-para-misiones\/#breadcrumb"},"inLanguage":"es","potentialAction":[{"@type":"ReadAction","target":["https:\/\/cvinoticias.com\/v3\/aval-legislativo-al-pedido-del-gobernador-de-una-area-aduanera-especial-para-misiones\/"]}]},{"@type":"ImageObject","inLanguage":"es","@id":"https:\/\/cvinoticias.com\/v3\/aval-legislativo-al-pedido-del-gobernador-de-una-area-aduanera-especial-para-misiones\/#primaryimage","url":"https:\/\/cvinoticias.com\/wp-content\/uploads\/2021\/10\/FB_IMG_1633056047176.jpg","contentUrl":"https:\/\/cvinoticias.com\/wp-content\/uploads\/2021\/10\/FB_IMG_1633056047176.jpg","width":720,"height":406},{"@type":"BreadcrumbList","@id":"https:\/\/cvinoticias.com\/v3\/aval-legislativo-al-pedido-del-gobernador-de-una-area-aduanera-especial-para-misiones\/#breadcrumb","itemListElement":[{"@type":"ListItem","position":1,"name":"Portada","item":"https:\/\/cvinoticias.com\/v3\/"},{"@type":"ListItem","position":2,"name":"Aval legislativo al pedido del Gobernador de una \u00c1rea Aduanera Especial para Misiones"}]},{"@type":"WebSite","@id":"https:\/\/cvinoticias.com\/v3\/#website","url":"https:\/\/cvinoticias.com\/v3\/","name":"CVI NOTICIAS","description":"","publisher":{"@id":"https:\/\/cvinoticias.com\/v3\/#organization"},"alternateName":"CVI","potentialAction":[{"@type":"SearchAction","target":{"@type":"EntryPoint","urlTemplate":"https:\/\/cvinoticias.com\/v3\/?s={search_term_string}"},"query-input":{"@type":"PropertyValueSpecification","valueRequired":true,"valueName":"search_term_string"}}],"inLanguage":"es"},{"@type":"Organization","@id":"https:\/\/cvinoticias.com\/v3\/#organization","name":"CVI NOTICIAS","url":"https:\/\/cvinoticias.com\/v3\/","logo":{"@type":"ImageObject","inLanguage":"es","@id":"https:\/\/cvinoticias.com\/v3\/#\/schema\/logo\/image\/","url":"https:\/\/cvinoticias.com\/wp-content\/uploads\/2023\/04\/cropped-cropped-cropped-cropped-cropped-3-1.png","contentUrl":"https:\/\/cvinoticias.com\/wp-content\/uploads\/2023\/04\/cropped-cropped-cropped-cropped-cropped-3-1.png","width":95,"height":122,"caption":"CVI NOTICIAS"},"image":{"@id":"https:\/\/cvinoticias.com\/v3\/#\/schema\/logo\/image\/"},"sameAs":["https:\/\/www.facebook.com\/cvinoticias","https:\/\/www.instagram.com\/cvinoticias\/","https:\/\/www.youtube.com\/@CVINOTICIAS"]},{"@type":"Person","@id":"https:\/\/cvinoticias.com\/v3\/#\/schema\/person\/2db77e3c6bc03c538495d7b2b8be9b66","name":"f1000024","image":{"@type":"ImageObject","inLanguage":"es","@id":"https:\/\/secure.gravatar.com\/avatar\/d4fe7459cfc51ff5129ce1a732bbef5928568b8092d412ef95611616376bbeed?s=96&d=mm&r=g","url":"https:\/\/secure.gravatar.com\/avatar\/d4fe7459cfc51ff5129ce1a732bbef5928568b8092d412ef95611616376bbeed?s=96&d=mm&r=g","contentUrl":"https:\/\/secure.gravatar.com\/avatar\/d4fe7459cfc51ff5129ce1a732bbef5928568b8092d412ef95611616376bbeed?s=96&d=mm&r=g","caption":"f1000024"},"url":"https:\/\/cvinoticias.com\/v3\/author\/f1000024\/"}]}},"_links":{"self":[{"href":"https:\/\/cvinoticias.com\/v3\/wp-json\/wp\/v2\/posts\/9098","targetHints":{"allow":["GET"]}}],"collection":[{"href":"https:\/\/cvinoticias.com\/v3\/wp-json\/wp\/v2\/posts"}],"about":[{"href":"https:\/\/cvinoticias.com\/v3\/wp-json\/wp\/v2\/types\/post"}],"author":[{"embeddable":true,"href":"https:\/\/cvinoticias.com\/v3\/wp-json\/wp\/v2\/users\/2"}],"replies":[{"embeddable":true,"href":"https:\/\/cvinoticias.com\/v3\/wp-json\/wp\/v2\/comments?post=9098"}],"version-history":[{"count":1,"href":"https:\/\/cvinoticias.com\/v3\/wp-json\/wp\/v2\/posts\/9098\/revisions"}],"predecessor-version":[{"id":9101,"href":"https:\/\/cvinoticias.com\/v3\/wp-json\/wp\/v2\/posts\/9098\/revisions\/9101"}],"wp:featuredmedia":[{"embeddable":true,"href":"https:\/\/cvinoticias.com\/v3\/wp-json\/wp\/v2\/media\/9100"}],"wp:attachment":[{"href":"https:\/\/cvinoticias.com\/v3\/wp-json\/wp\/v2\/media?parent=9098"}],"wp:term":[{"taxonomy":"category","embeddable":true,"href":"https:\/\/cvinoticias.com\/v3\/wp-json\/wp\/v2\/categories?post=9098"},{"taxonomy":"post_tag","embeddable":true,"href":"https:\/\/cvinoticias.com\/v3\/wp-json\/wp\/v2\/tags?post=9098"}],"curies":[{"name":"wp","href":"https:\/\/api.w.org\/{rel}","templated":true}]}}