{"id":9094,"date":"2021-10-01T00:04:03","date_gmt":"2021-10-01T00:04:03","guid":{"rendered":"https:\/\/cvinoticias.com\/v3\/?p=9094"},"modified":"2021-10-01T00:04:03","modified_gmt":"2021-10-01T00:04:03","slug":"inauguran-la-primera-casa-comunitaria-para-mujeres-y-personas-lgtbiq","status":"publish","type":"post","link":"https:\/\/cvinoticias.com\/v3\/inauguran-la-primera-casa-comunitaria-para-mujeres-y-personas-lgtbiq\/","title":{"rendered":"Inauguran la primera casa comunitaria para mujeres y personas LGTBIQ"},"content":{"rendered":"\n<p><strong><em>La secretaria de Pol\u00edticas Integrales sobre Drogas de la Naci\u00f3n Argentina y el intendente Fernando Moreira, encabezaron acto de apertura de la casa convivencial, que se suma a la red de atenci\u00f3n que ya cuenta con 50 lugares de alojamiento.\u00a0<\/em><\/strong><\/p>\n\n\n\n<p>La secretaria de Pol\u00edticas Integrales sobre Drogas de la Naci\u00f3n Argentina (Sedronar), Gabriela Torres, y el intendente de San Mart\u00edn, Fernando Moreira, encabezaron este jueves el acto de inauguraci\u00f3n de la&nbsp;<strong>casa convivencial comunitaria &#8216;La Marabunta&#8217;<\/strong>&nbsp;para mujeres, lesbianas, travestis y trans, que se suma a la red de atenci\u00f3n, que ya cuenta con 50 lugares de alojamiento en todo el territorio nacional.<\/p>\n\n\n\n<p>\u00abDesde Sedronar hemos aprendido que con los problemas de consumo es muy necesario acompa\u00f1ar la vida toda de alguien, con tratamiento psicol\u00f3gico, con restablecer lazos, con entusiasmarse con algo en la vida de nuevo, con volver a entablar entornos afectivos. Y eso no es posible si nosotros no estamos en los territorios, si no ponemos lugares\u00bb, explic\u00f3 Torres tras la inauguraci\u00f3n formal de este espacio.<\/p>\n\n\n\n<p>\u00abTenemos ya 50 casas convivenciales que integran la enorme red de Sedronar, que viene creciendo d\u00eda a d\u00eda porque\u00a0queremos estar en todos los territorios para poder mejorarle la vida a las personas que m\u00e1s lo necesitan\u00bb, se\u00f1al\u00f3.<\/p>\n\n\n\n<p>En esa l\u00ednea, Torres explic\u00f3 que \u00abesta casa convivencial para mujeres con hijos, es un lugar que se suma a la red que tiene el municipio de San Mart\u00edn, donde adem\u00e1s contamos con un mont\u00f3n de casas comunitarias en los barrios m\u00e1s vulnerables, y eso es lo que aprendimos, a tener diferentes dispositivos para ir acompa\u00f1ando mejor. As\u00ed que es una alegr\u00eda enorme estar inaugurando este espacio\u00bb.<\/p>\n\n\n\n<figure class=\"wp-block-image size-full\"><a href=\"https:\/\/cvinoticias.com\/wp-content\/uploads\/2021\/10\/Screenshot_20210930-210143_Facebook.jpg\"><img decoding=\"async\" width=\"989\" height=\"564\" data-src=\"https:\/\/cvinoticias.com\/wp-content\/uploads\/2021\/10\/Screenshot_20210930-210143_Facebook.jpg\" alt=\"\" class=\"wp-image-9096 lazyload\" data-srcset=\"https:\/\/cvinoticias.com\/wp-content\/uploads\/2021\/10\/Screenshot_20210930-210143_Facebook.jpg 989w, https:\/\/cvinoticias.com\/wp-content\/uploads\/2021\/10\/Screenshot_20210930-210143_Facebook-300x171.jpg 300w, https:\/\/cvinoticias.com\/wp-content\/uploads\/2021\/10\/Screenshot_20210930-210143_Facebook-768x438.jpg 768w\" data-sizes=\"(max-width: 989px) 100vw, 989px\" src=\"data:image\/svg+xml;base64,PHN2ZyB3aWR0aD0iMSIgaGVpZ2h0PSIxIiB4bWxucz0iaHR0cDovL3d3dy53My5vcmcvMjAwMC9zdmciPjwvc3ZnPg==\" style=\"--smush-placeholder-width: 989px; --smush-placeholder-aspect-ratio: 989\/564;\" \/><\/a><\/figure>\n\n\n\n<p>Por su parte, el intendente Moreira expres\u00f3: \u00abQuiero felicitar a todos los que trabajaron por este sue\u00f1o, que es este hogar convivencial, y que tiene un\u00a0objetivo muy claro que es la ayuda a las mujeres y mujeres trans que est\u00e1n pasando por una situaci\u00f3n de consumo problem\u00e1tico, y poder acompa\u00f1arlas y fortalecerlas para que puedan recuperar un camino mejor\u00bb.<\/p>\n\n\n\n<p>El jefe comunal explic\u00f3 que \u00abcon la articulaci\u00f3n de la Iglesia, de las organizaciones sociales, del Estado Nacional, a trav\u00e9s de la Sedronar, y del Ministerio de las Mujeres, se logr\u00f3 cumplir este sue\u00f1o y, desde el municipio, nuestro objetivo es que las\u00a0intervenciones que podamos tener en nuestros barrios, con nuestras vecinos y vecinas surjan siempre conjuntamente\u00bb.<\/p>\n\n\n\n<p>La casa &#8216;La Marabunta&#8217; se gest\u00f3 en articulaci\u00f3n con Sedronar debido a la creciente demanda de espacios de acompa\u00f1amiento de los consumos problem\u00e1ticos con perspectiva de g\u00e9nero que existen, dado que las condiciones materiales de gran parte de las mujeres y poblaci\u00f3n LGTBIQ, que atraviesan situaciones de consumo, se encuentran en situaciones de extrema vulnerabilidad social y habitacional.<\/p>\n\n\n\n<p>En esa l\u00ednea, esta casa cuenta con capacidad para alojar a 20 mujeres con sus hijos y a personas del colectivo LGTBIQ que as\u00ed lo requieran.<\/p>\n\n\n\n<p><\/p>\n\n\n\n<p><\/p>\n\n\n\n<p><strong>Fuente: T\u00e9lam <\/strong><\/p>\n","protected":false},"excerpt":{"rendered":"<p>La secretaria de Pol\u00edticas Integrales sobre Drogas de la Naci\u00f3n Argentina y el intendente Fernando Moreira, encabezaron acto de apertura de la casa convivencial, que se suma a la red de atenci\u00f3n que ya cuenta con 50 lugares de alojamiento.\u00a0 La secretaria de Pol\u00edticas Integrales sobre Drogas de la Naci\u00f3n Argentina (Sedronar), Gabriela Torres, y [&hellip;]<\/p>\n","protected":false},"author":2,"featured_media":9095,"comment_status":"open","ping_status":"open","sticky":false,"template":"","format":"standard","meta":{"footnotes":""},"categories":[39],"tags":[],"class_list":["post-9094","post","type-post","status-publish","format-standard","has-post-thumbnail","hentry","category-nacionales"],"yoast_head":"<!-- This site is optimized with the Yoast SEO plugin v27.5 - https:\/\/yoast.com\/product\/yoast-seo-wordpress\/ -->\n<title>Inauguran la primera casa comunitaria para mujeres y personas LGTBIQ | CVI NOTICIAS<\/title>\n<meta name=\"robots\" content=\"index, follow, max-snippet:-1, max-image-preview:large, max-video-preview:-1\" \/>\n<link rel=\"canonical\" href=\"https:\/\/cvinoticias.com\/v3\/inauguran-la-primera-casa-comunitaria-para-mujeres-y-personas-lgtbiq\/\" \/>\n<meta property=\"og:locale\" content=\"es_ES\" \/>\n<meta property=\"og:type\" content=\"article\" \/>\n<meta property=\"og:title\" content=\"Inauguran la primera casa comunitaria para mujeres y personas LGTBIQ | CVI NOTICIAS\" \/>\n<meta property=\"og:description\" content=\"La secretaria de Pol\u00edticas Integrales sobre Drogas de la Naci\u00f3n Argentina y el intendente Fernando Moreira, encabezaron acto de apertura de la casa convivencial, que se suma a la red de atenci\u00f3n que ya cuenta con 50 lugares de alojamiento.\u00a0 La secretaria de Pol\u00edticas Integrales sobre Drogas de la Naci\u00f3n Argentina (Sedronar), Gabriela Torres, y [&hellip;]\" \/>\n<meta property=\"og:url\" content=\"https:\/\/cvinoticias.com\/v3\/inauguran-la-primera-casa-comunitaria-para-mujeres-y-personas-lgtbiq\/\" \/>\n<meta property=\"og:site_name\" content=\"CVI NOTICIAS\" \/>\n<meta property=\"article:publisher\" content=\"https:\/\/www.facebook.com\/cvinoticias\" \/>\n<meta property=\"article:published_time\" content=\"2021-10-01T00:04:03+00:00\" \/>\n<meta property=\"og:image\" content=\"https:\/\/cvinoticias.com\/wp-content\/uploads\/2021\/10\/Screenshot_20210930-210112_Facebook.jpg\" \/>\n\t<meta property=\"og:image:width\" content=\"997\" \/>\n\t<meta property=\"og:image:height\" content=\"554\" \/>\n\t<meta property=\"og:image:type\" content=\"image\/jpeg\" \/>\n<meta name=\"author\" content=\"f1000024\" \/>\n<meta name=\"twitter:card\" content=\"summary_large_image\" \/>\n<meta name=\"twitter:label1\" content=\"Escrito por\" \/>\n\t<meta name=\"twitter:data1\" content=\"f1000024\" \/>\n\t<meta name=\"twitter:label2\" content=\"Tiempo de lectura\" \/>\n\t<meta name=\"twitter:data2\" content=\"3 minutos\" \/>\n<script type=\"application\/ld+json\" class=\"yoast-schema-graph\">{\"@context\":\"https:\\\/\\\/schema.org\",\"@graph\":[{\"@type\":\"Article\",\"@id\":\"https:\\\/\\\/cvinoticias.com\\\/v3\\\/inauguran-la-primera-casa-comunitaria-para-mujeres-y-personas-lgtbiq\\\/#article\",\"isPartOf\":{\"@id\":\"https:\\\/\\\/cvinoticias.com\\\/v3\\\/inauguran-la-primera-casa-comunitaria-para-mujeres-y-personas-lgtbiq\\\/\"},\"author\":{\"name\":\"f1000024\",\"@id\":\"https:\\\/\\\/cvinoticias.com\\\/v3\\\/#\\\/schema\\\/person\\\/2db77e3c6bc03c538495d7b2b8be9b66\"},\"headline\":\"Inauguran la primera casa comunitaria para mujeres y personas LGTBIQ\",\"datePublished\":\"2021-10-01T00:04:03+00:00\",\"mainEntityOfPage\":{\"@id\":\"https:\\\/\\\/cvinoticias.com\\\/v3\\\/inauguran-la-primera-casa-comunitaria-para-mujeres-y-personas-lgtbiq\\\/\"},\"wordCount\":522,\"commentCount\":0,\"publisher\":{\"@id\":\"https:\\\/\\\/cvinoticias.com\\\/v3\\\/#organization\"},\"image\":{\"@id\":\"https:\\\/\\\/cvinoticias.com\\\/v3\\\/inauguran-la-primera-casa-comunitaria-para-mujeres-y-personas-lgtbiq\\\/#primaryimage\"},\"thumbnailUrl\":\"https:\\\/\\\/cvinoticias.com\\\/wp-content\\\/uploads\\\/2021\\\/10\\\/Screenshot_20210930-210112_Facebook.jpg\",\"articleSection\":[\"Nacionales\"],\"inLanguage\":\"es\",\"potentialAction\":[{\"@type\":\"CommentAction\",\"name\":\"Comment\",\"target\":[\"https:\\\/\\\/cvinoticias.com\\\/v3\\\/inauguran-la-primera-casa-comunitaria-para-mujeres-y-personas-lgtbiq\\\/#respond\"]}]},{\"@type\":\"WebPage\",\"@id\":\"https:\\\/\\\/cvinoticias.com\\\/v3\\\/inauguran-la-primera-casa-comunitaria-para-mujeres-y-personas-lgtbiq\\\/\",\"url\":\"https:\\\/\\\/cvinoticias.com\\\/v3\\\/inauguran-la-primera-casa-comunitaria-para-mujeres-y-personas-lgtbiq\\\/\",\"name\":\"Inauguran la primera casa comunitaria para mujeres y personas LGTBIQ | CVI NOTICIAS\",\"isPartOf\":{\"@id\":\"https:\\\/\\\/cvinoticias.com\\\/v3\\\/#website\"},\"primaryImageOfPage\":{\"@id\":\"https:\\\/\\\/cvinoticias.com\\\/v3\\\/inauguran-la-primera-casa-comunitaria-para-mujeres-y-personas-lgtbiq\\\/#primaryimage\"},\"image\":{\"@id\":\"https:\\\/\\\/cvinoticias.com\\\/v3\\\/inauguran-la-primera-casa-comunitaria-para-mujeres-y-personas-lgtbiq\\\/#primaryimage\"},\"thumbnailUrl\":\"https:\\\/\\\/cvinoticias.com\\\/wp-content\\\/uploads\\\/2021\\\/10\\\/Screenshot_20210930-210112_Facebook.jpg\",\"datePublished\":\"2021-10-01T00:04:03+00:00\",\"breadcrumb\":{\"@id\":\"https:\\\/\\\/cvinoticias.com\\\/v3\\\/inauguran-la-primera-casa-comunitaria-para-mujeres-y-personas-lgtbiq\\\/#breadcrumb\"},\"inLanguage\":\"es\",\"potentialAction\":[{\"@type\":\"ReadAction\",\"target\":[\"https:\\\/\\\/cvinoticias.com\\\/v3\\\/inauguran-la-primera-casa-comunitaria-para-mujeres-y-personas-lgtbiq\\\/\"]}]},{\"@type\":\"ImageObject\",\"inLanguage\":\"es\",\"@id\":\"https:\\\/\\\/cvinoticias.com\\\/v3\\\/inauguran-la-primera-casa-comunitaria-para-mujeres-y-personas-lgtbiq\\\/#primaryimage\",\"url\":\"https:\\\/\\\/cvinoticias.com\\\/wp-content\\\/uploads\\\/2021\\\/10\\\/Screenshot_20210930-210112_Facebook.jpg\",\"contentUrl\":\"https:\\\/\\\/cvinoticias.com\\\/wp-content\\\/uploads\\\/2021\\\/10\\\/Screenshot_20210930-210112_Facebook.jpg\",\"width\":997,\"height\":554},{\"@type\":\"BreadcrumbList\",\"@id\":\"https:\\\/\\\/cvinoticias.com\\\/v3\\\/inauguran-la-primera-casa-comunitaria-para-mujeres-y-personas-lgtbiq\\\/#breadcrumb\",\"itemListElement\":[{\"@type\":\"ListItem\",\"position\":1,\"name\":\"Portada\",\"item\":\"https:\\\/\\\/cvinoticias.com\\\/v3\\\/\"},{\"@type\":\"ListItem\",\"position\":2,\"name\":\"Inauguran la primera casa comunitaria para mujeres y personas LGTBIQ\"}]},{\"@type\":\"WebSite\",\"@id\":\"https:\\\/\\\/cvinoticias.com\\\/v3\\\/#website\",\"url\":\"https:\\\/\\\/cvinoticias.com\\\/v3\\\/\",\"name\":\"CVI NOTICIAS\",\"description\":\"\",\"publisher\":{\"@id\":\"https:\\\/\\\/cvinoticias.com\\\/v3\\\/#organization\"},\"alternateName\":\"CVI\",\"potentialAction\":[{\"@type\":\"SearchAction\",\"target\":{\"@type\":\"EntryPoint\",\"urlTemplate\":\"https:\\\/\\\/cvinoticias.com\\\/v3\\\/?s={search_term_string}\"},\"query-input\":{\"@type\":\"PropertyValueSpecification\",\"valueRequired\":true,\"valueName\":\"search_term_string\"}}],\"inLanguage\":\"es\"},{\"@type\":\"Organization\",\"@id\":\"https:\\\/\\\/cvinoticias.com\\\/v3\\\/#organization\",\"name\":\"CVI NOTICIAS\",\"url\":\"https:\\\/\\\/cvinoticias.com\\\/v3\\\/\",\"logo\":{\"@type\":\"ImageObject\",\"inLanguage\":\"es\",\"@id\":\"https:\\\/\\\/cvinoticias.com\\\/v3\\\/#\\\/schema\\\/logo\\\/image\\\/\",\"url\":\"https:\\\/\\\/cvinoticias.com\\\/wp-content\\\/uploads\\\/2023\\\/04\\\/cropped-cropped-cropped-cropped-cropped-3-1.png\",\"contentUrl\":\"https:\\\/\\\/cvinoticias.com\\\/wp-content\\\/uploads\\\/2023\\\/04\\\/cropped-cropped-cropped-cropped-cropped-3-1.png\",\"width\":95,\"height\":122,\"caption\":\"CVI NOTICIAS\"},\"image\":{\"@id\":\"https:\\\/\\\/cvinoticias.com\\\/v3\\\/#\\\/schema\\\/logo\\\/image\\\/\"},\"sameAs\":[\"https:\\\/\\\/www.facebook.com\\\/cvinoticias\",\"https:\\\/\\\/www.instagram.com\\\/cvinoticias\\\/\",\"https:\\\/\\\/www.youtube.com\\\/@CVINOTICIAS\"]},{\"@type\":\"Person\",\"@id\":\"https:\\\/\\\/cvinoticias.com\\\/v3\\\/#\\\/schema\\\/person\\\/2db77e3c6bc03c538495d7b2b8be9b66\",\"name\":\"f1000024\",\"image\":{\"@type\":\"ImageObject\",\"inLanguage\":\"es\",\"@id\":\"https:\\\/\\\/secure.gravatar.com\\\/avatar\\\/d4fe7459cfc51ff5129ce1a732bbef5928568b8092d412ef95611616376bbeed?s=96&d=mm&r=g\",\"url\":\"https:\\\/\\\/secure.gravatar.com\\\/avatar\\\/d4fe7459cfc51ff5129ce1a732bbef5928568b8092d412ef95611616376bbeed?s=96&d=mm&r=g\",\"contentUrl\":\"https:\\\/\\\/secure.gravatar.com\\\/avatar\\\/d4fe7459cfc51ff5129ce1a732bbef5928568b8092d412ef95611616376bbeed?s=96&d=mm&r=g\",\"caption\":\"f1000024\"},\"url\":\"https:\\\/\\\/cvinoticias.com\\\/v3\\\/author\\\/f1000024\\\/\"}]}<\/script>\n<!-- \/ Yoast SEO plugin. -->","yoast_head_json":{"title":"Inauguran la primera casa comunitaria para mujeres y personas LGTBIQ | CVI NOTICIAS","robots":{"index":"index","follow":"follow","max-snippet":"max-snippet:-1","max-image-preview":"max-image-preview:large","max-video-preview":"max-video-preview:-1"},"canonical":"https:\/\/cvinoticias.com\/v3\/inauguran-la-primera-casa-comunitaria-para-mujeres-y-personas-lgtbiq\/","og_locale":"es_ES","og_type":"article","og_title":"Inauguran la primera casa comunitaria para mujeres y personas LGTBIQ | CVI NOTICIAS","og_description":"La secretaria de Pol\u00edticas Integrales sobre Drogas de la Naci\u00f3n Argentina y el intendente Fernando Moreira, encabezaron acto de apertura de la casa convivencial, que se suma a la red de atenci\u00f3n que ya cuenta con 50 lugares de alojamiento.\u00a0 La secretaria de Pol\u00edticas Integrales sobre Drogas de la Naci\u00f3n Argentina (Sedronar), Gabriela Torres, y [&hellip;]","og_url":"https:\/\/cvinoticias.com\/v3\/inauguran-la-primera-casa-comunitaria-para-mujeres-y-personas-lgtbiq\/","og_site_name":"CVI NOTICIAS","article_publisher":"https:\/\/www.facebook.com\/cvinoticias","article_published_time":"2021-10-01T00:04:03+00:00","og_image":[{"width":997,"height":554,"url":"https:\/\/cvinoticias.com\/wp-content\/uploads\/2021\/10\/Screenshot_20210930-210112_Facebook.jpg","type":"image\/jpeg"}],"author":"f1000024","twitter_card":"summary_large_image","twitter_misc":{"Escrito por":"f1000024","Tiempo de lectura":"3 minutos"},"schema":{"@context":"https:\/\/schema.org","@graph":[{"@type":"Article","@id":"https:\/\/cvinoticias.com\/v3\/inauguran-la-primera-casa-comunitaria-para-mujeres-y-personas-lgtbiq\/#article","isPartOf":{"@id":"https:\/\/cvinoticias.com\/v3\/inauguran-la-primera-casa-comunitaria-para-mujeres-y-personas-lgtbiq\/"},"author":{"name":"f1000024","@id":"https:\/\/cvinoticias.com\/v3\/#\/schema\/person\/2db77e3c6bc03c538495d7b2b8be9b66"},"headline":"Inauguran la primera casa comunitaria para mujeres y personas LGTBIQ","datePublished":"2021-10-01T00:04:03+00:00","mainEntityOfPage":{"@id":"https:\/\/cvinoticias.com\/v3\/inauguran-la-primera-casa-comunitaria-para-mujeres-y-personas-lgtbiq\/"},"wordCount":522,"commentCount":0,"publisher":{"@id":"https:\/\/cvinoticias.com\/v3\/#organization"},"image":{"@id":"https:\/\/cvinoticias.com\/v3\/inauguran-la-primera-casa-comunitaria-para-mujeres-y-personas-lgtbiq\/#primaryimage"},"thumbnailUrl":"https:\/\/cvinoticias.com\/wp-content\/uploads\/2021\/10\/Screenshot_20210930-210112_Facebook.jpg","articleSection":["Nacionales"],"inLanguage":"es","potentialAction":[{"@type":"CommentAction","name":"Comment","target":["https:\/\/cvinoticias.com\/v3\/inauguran-la-primera-casa-comunitaria-para-mujeres-y-personas-lgtbiq\/#respond"]}]},{"@type":"WebPage","@id":"https:\/\/cvinoticias.com\/v3\/inauguran-la-primera-casa-comunitaria-para-mujeres-y-personas-lgtbiq\/","url":"https:\/\/cvinoticias.com\/v3\/inauguran-la-primera-casa-comunitaria-para-mujeres-y-personas-lgtbiq\/","name":"Inauguran la primera casa comunitaria para mujeres y personas LGTBIQ | CVI NOTICIAS","isPartOf":{"@id":"https:\/\/cvinoticias.com\/v3\/#website"},"primaryImageOfPage":{"@id":"https:\/\/cvinoticias.com\/v3\/inauguran-la-primera-casa-comunitaria-para-mujeres-y-personas-lgtbiq\/#primaryimage"},"image":{"@id":"https:\/\/cvinoticias.com\/v3\/inauguran-la-primera-casa-comunitaria-para-mujeres-y-personas-lgtbiq\/#primaryimage"},"thumbnailUrl":"https:\/\/cvinoticias.com\/wp-content\/uploads\/2021\/10\/Screenshot_20210930-210112_Facebook.jpg","datePublished":"2021-10-01T00:04:03+00:00","breadcrumb":{"@id":"https:\/\/cvinoticias.com\/v3\/inauguran-la-primera-casa-comunitaria-para-mujeres-y-personas-lgtbiq\/#breadcrumb"},"inLanguage":"es","potentialAction":[{"@type":"ReadAction","target":["https:\/\/cvinoticias.com\/v3\/inauguran-la-primera-casa-comunitaria-para-mujeres-y-personas-lgtbiq\/"]}]},{"@type":"ImageObject","inLanguage":"es","@id":"https:\/\/cvinoticias.com\/v3\/inauguran-la-primera-casa-comunitaria-para-mujeres-y-personas-lgtbiq\/#primaryimage","url":"https:\/\/cvinoticias.com\/wp-content\/uploads\/2021\/10\/Screenshot_20210930-210112_Facebook.jpg","contentUrl":"https:\/\/cvinoticias.com\/wp-content\/uploads\/2021\/10\/Screenshot_20210930-210112_Facebook.jpg","width":997,"height":554},{"@type":"BreadcrumbList","@id":"https:\/\/cvinoticias.com\/v3\/inauguran-la-primera-casa-comunitaria-para-mujeres-y-personas-lgtbiq\/#breadcrumb","itemListElement":[{"@type":"ListItem","position":1,"name":"Portada","item":"https:\/\/cvinoticias.com\/v3\/"},{"@type":"ListItem","position":2,"name":"Inauguran la primera casa comunitaria para mujeres y personas LGTBIQ"}]},{"@type":"WebSite","@id":"https:\/\/cvinoticias.com\/v3\/#website","url":"https:\/\/cvinoticias.com\/v3\/","name":"CVI NOTICIAS","description":"","publisher":{"@id":"https:\/\/cvinoticias.com\/v3\/#organization"},"alternateName":"CVI","potentialAction":[{"@type":"SearchAction","target":{"@type":"EntryPoint","urlTemplate":"https:\/\/cvinoticias.com\/v3\/?s={search_term_string}"},"query-input":{"@type":"PropertyValueSpecification","valueRequired":true,"valueName":"search_term_string"}}],"inLanguage":"es"},{"@type":"Organization","@id":"https:\/\/cvinoticias.com\/v3\/#organization","name":"CVI NOTICIAS","url":"https:\/\/cvinoticias.com\/v3\/","logo":{"@type":"ImageObject","inLanguage":"es","@id":"https:\/\/cvinoticias.com\/v3\/#\/schema\/logo\/image\/","url":"https:\/\/cvinoticias.com\/wp-content\/uploads\/2023\/04\/cropped-cropped-cropped-cropped-cropped-3-1.png","contentUrl":"https:\/\/cvinoticias.com\/wp-content\/uploads\/2023\/04\/cropped-cropped-cropped-cropped-cropped-3-1.png","width":95,"height":122,"caption":"CVI NOTICIAS"},"image":{"@id":"https:\/\/cvinoticias.com\/v3\/#\/schema\/logo\/image\/"},"sameAs":["https:\/\/www.facebook.com\/cvinoticias","https:\/\/www.instagram.com\/cvinoticias\/","https:\/\/www.youtube.com\/@CVINOTICIAS"]},{"@type":"Person","@id":"https:\/\/cvinoticias.com\/v3\/#\/schema\/person\/2db77e3c6bc03c538495d7b2b8be9b66","name":"f1000024","image":{"@type":"ImageObject","inLanguage":"es","@id":"https:\/\/secure.gravatar.com\/avatar\/d4fe7459cfc51ff5129ce1a732bbef5928568b8092d412ef95611616376bbeed?s=96&d=mm&r=g","url":"https:\/\/secure.gravatar.com\/avatar\/d4fe7459cfc51ff5129ce1a732bbef5928568b8092d412ef95611616376bbeed?s=96&d=mm&r=g","contentUrl":"https:\/\/secure.gravatar.com\/avatar\/d4fe7459cfc51ff5129ce1a732bbef5928568b8092d412ef95611616376bbeed?s=96&d=mm&r=g","caption":"f1000024"},"url":"https:\/\/cvinoticias.com\/v3\/author\/f1000024\/"}]}},"_links":{"self":[{"href":"https:\/\/cvinoticias.com\/v3\/wp-json\/wp\/v2\/posts\/9094","targetHints":{"allow":["GET"]}}],"collection":[{"href":"https:\/\/cvinoticias.com\/v3\/wp-json\/wp\/v2\/posts"}],"about":[{"href":"https:\/\/cvinoticias.com\/v3\/wp-json\/wp\/v2\/types\/post"}],"author":[{"embeddable":true,"href":"https:\/\/cvinoticias.com\/v3\/wp-json\/wp\/v2\/users\/2"}],"replies":[{"embeddable":true,"href":"https:\/\/cvinoticias.com\/v3\/wp-json\/wp\/v2\/comments?post=9094"}],"version-history":[{"count":1,"href":"https:\/\/cvinoticias.com\/v3\/wp-json\/wp\/v2\/posts\/9094\/revisions"}],"predecessor-version":[{"id":9097,"href":"https:\/\/cvinoticias.com\/v3\/wp-json\/wp\/v2\/posts\/9094\/revisions\/9097"}],"wp:featuredmedia":[{"embeddable":true,"href":"https:\/\/cvinoticias.com\/v3\/wp-json\/wp\/v2\/media\/9095"}],"wp:attachment":[{"href":"https:\/\/cvinoticias.com\/v3\/wp-json\/wp\/v2\/media?parent=9094"}],"wp:term":[{"taxonomy":"category","embeddable":true,"href":"https:\/\/cvinoticias.com\/v3\/wp-json\/wp\/v2\/categories?post=9094"},{"taxonomy":"post_tag","embeddable":true,"href":"https:\/\/cvinoticias.com\/v3\/wp-json\/wp\/v2\/tags?post=9094"}],"curies":[{"name":"wp","href":"https:\/\/api.w.org\/{rel}","templated":true}]}}