{"id":9041,"date":"2021-09-30T11:59:57","date_gmt":"2021-09-30T11:59:57","guid":{"rendered":"https:\/\/cvinoticias.com\/v3\/?p=9041"},"modified":"2021-09-30T11:59:57","modified_gmt":"2021-09-30T11:59:57","slug":"este-viernes-se-abren-las-fronteras-para-turistas-de-paises-limitrofes","status":"publish","type":"post","link":"https:\/\/cvinoticias.com\/v3\/este-viernes-se-abren-las-fronteras-para-turistas-de-paises-limitrofes\/","title":{"rendered":"Este viernes se abren las fronteras para turistas de pa\u00edses lim\u00edtrofes"},"content":{"rendered":"\n<p><em><strong>El Gobierno habilitar\u00e1 este viernes la apertura formal de las fronteras para turistas provenientes de pa\u00edses lim\u00edtrofes, luego de la prueba piloto implementada la semana pasada. El objetivo es recomponer la actividad tur\u00edstica, a partir de la fuerte disminuci\u00f3n de casos de Covid-19 en todo el pa\u00eds.<\/strong><\/em><\/p>\n\n\n\n<p>Con la llegada el viernes pasado de un pu\u00f1ado de residentes extranjeros provenientes de Brasil, el paso fronterizo de Iguaz\u00fa se transform\u00f3 en la base de pruebas de una apertura gradual\u00a0que el presidente Alberto Fern\u00e1ndez orden\u00f3 comenzar a implementar semanas atr\u00e1s, luego de reuniones con distintos gobernadores de provincias linderas a pa\u00edses lim\u00edtrofes.<\/p>\n\n\n\n<p>Precisamente a trav\u00e9s de la Decisi\u00f3n Administrativa 935,\u00a0el Poder Ejecutivo dio comienzo a la primera etapa del plan de reapertura de fronteras que rige desde el lunes hasta este jueves 30 de septiembre.<\/p>\n\n\n\n<p>Durante esta fase, se autoriza el ingreso de turistas desde Chile y Brasil a trav\u00e9s de dos corredores seguros: uno en Misiones (en el puente binacional Tancredo Neves y en el aeropuerto de Puerto Iguaz\u00fa) y otro en Mendoza en el paso internacional Los Libertadores (Cristo Redentor).<\/p>\n\n\n\n<p>A partir de entonces, se habilit\u00f3 el ingreso al pa\u00eds de argentinos varados, residentes extranjeros de pa\u00edses lim\u00edtrofes y extranjeros que requieren pisar suelo argentino por motivos laborales, siempre y cuando hayan permanecido en Brasil o Chile durante los \u00faltimos 14 d\u00edas.<\/p>\n\n\n\n<p>La primera de las tres etapas continuar\u00e1 este viernes con la segunda fase que implicar\u00e1 una reapertura formal a partir de la cual se permitir\u00e1 a turistas extranjeros provenientes de Brasil y Chile, sin necesidad de que realicen cuarentena, siempre y cuando cumplan con los requisitos establecidos por la autoridad migratoria argentina.<\/p>\n\n\n\n<p><strong>CU\u00c1LES SON LOS REQUISITOS PARA EL INGRESO DE TURISTAS DE PA\u00cdSES LIM\u00cdTROFES<\/strong><\/p>\n\n\n\n<p>1) Haber completado el esquema de vacunaci\u00f3n por lo menos 14 d\u00edas antes de su ingreso al pa\u00eds.<\/p>\n\n\n\n<p>2) Prueba PCR negativa en origen, realizada dentro de las 72 horas previas al ingreso y test de ant\u00edgenos al ingresar al pa\u00eds.<\/p>\n\n\n\n<p>3) Para menores de edad sin esquema de vacunaci\u00f3n, se estipula que, adem\u00e1s de la prueba PCR, se les realizar\u00e1 el test de ant\u00edgenos al ingreso al pa\u00eds. Los ni\u00f1os deber\u00e1n realizar aislamiento y un nuevo PCR entre el d\u00eda quinto y s\u00e9ptimo, desde su arribo.<\/p>\n\n\n\n<p>4) Las personas vacunadas con esquema completo y que resulten negativo en los tests estar\u00e1n eximidas de realizar cuarentena, pero s\u00ed deben someterse a una PCR entre el d\u00eda quinto y s\u00e9ptimo desde su arribo.<\/p>\n\n\n\n<p>5) Si se detectan casos positivos, las muestras ser\u00e1n enviadas a secuenciar al Laboratorio de referencia del Instituto Malbr\u00e1n y los turistas deber\u00e1n cumplir con el aislamiento de 10 d\u00edas en el distrito en el que se encuentren.<\/p>\n\n\n\n<p>La tercera etapa del plan de fronteras seguras permitir\u00e1 el ingreso al pa\u00eds de extranjeros de pa\u00edses no lim\u00edtrofes, desde el 1 de noviembre, con lo cual dar\u00e1 pie a una expansi\u00f3n de turismo receptivo internacional,\u00a0mediante el cual se buscar\u00e1 recuperar la actividad del sector, uno de los m\u00e1s golpeados por la pandemia.<\/p>\n","protected":false},"excerpt":{"rendered":"<p>El Gobierno habilitar\u00e1 este viernes la apertura formal de las fronteras para turistas provenientes de pa\u00edses lim\u00edtrofes, luego de la prueba piloto implementada la semana pasada. El objetivo es recomponer la actividad tur\u00edstica, a partir de la fuerte disminuci\u00f3n de casos de Covid-19 en todo el pa\u00eds. Con la llegada el viernes pasado de un [&hellip;]<\/p>\n","protected":false},"author":2,"featured_media":9042,"comment_status":"open","ping_status":"open","sticky":false,"template":"","format":"standard","meta":{"footnotes":""},"categories":[50],"tags":[],"class_list":["post-9041","post","type-post","status-publish","format-standard","has-post-thumbnail","hentry","category-turismo"],"yoast_head":"<!-- This site is optimized with the Yoast SEO plugin v27.4 - https:\/\/yoast.com\/product\/yoast-seo-wordpress\/ -->\n<title>Este viernes se abren las fronteras para turistas de pa\u00edses lim\u00edtrofes | CVI NOTICIAS<\/title>\n<meta name=\"robots\" content=\"index, follow, max-snippet:-1, max-image-preview:large, max-video-preview:-1\" \/>\n<link rel=\"canonical\" href=\"https:\/\/cvinoticias.com\/v3\/este-viernes-se-abren-las-fronteras-para-turistas-de-paises-limitrofes\/\" \/>\n<meta property=\"og:locale\" content=\"es_ES\" \/>\n<meta property=\"og:type\" content=\"article\" \/>\n<meta property=\"og:title\" content=\"Este viernes se abren las fronteras para turistas de pa\u00edses lim\u00edtrofes | CVI NOTICIAS\" \/>\n<meta property=\"og:description\" content=\"El Gobierno habilitar\u00e1 este viernes la apertura formal de las fronteras para turistas provenientes de pa\u00edses lim\u00edtrofes, luego de la prueba piloto implementada la semana pasada. El objetivo es recomponer la actividad tur\u00edstica, a partir de la fuerte disminuci\u00f3n de casos de Covid-19 en todo el pa\u00eds. Con la llegada el viernes pasado de un [&hellip;]\" \/>\n<meta property=\"og:url\" content=\"https:\/\/cvinoticias.com\/v3\/este-viernes-se-abren-las-fronteras-para-turistas-de-paises-limitrofes\/\" \/>\n<meta property=\"og:site_name\" content=\"CVI NOTICIAS\" \/>\n<meta property=\"article:publisher\" content=\"https:\/\/www.facebook.com\/cvinoticias\" \/>\n<meta property=\"article:published_time\" content=\"2021-09-30T11:59:57+00:00\" \/>\n<meta property=\"og:image\" content=\"https:\/\/cvinoticias.com\/wp-content\/uploads\/2021\/09\/IMG-20210927-WA0098.jpg\" \/>\n\t<meta property=\"og:image:width\" content=\"622\" \/>\n\t<meta property=\"og:image:height\" content=\"1280\" \/>\n\t<meta property=\"og:image:type\" content=\"image\/jpeg\" \/>\n<meta name=\"author\" content=\"f1000024\" \/>\n<meta name=\"twitter:card\" content=\"summary_large_image\" \/>\n<meta name=\"twitter:label1\" content=\"Escrito por\" \/>\n\t<meta name=\"twitter:data1\" content=\"f1000024\" \/>\n\t<meta name=\"twitter:label2\" content=\"Tiempo de lectura\" \/>\n\t<meta name=\"twitter:data2\" content=\"3 minutos\" \/>\n<script type=\"application\/ld+json\" class=\"yoast-schema-graph\">{\"@context\":\"https:\\\/\\\/schema.org\",\"@graph\":[{\"@type\":\"Article\",\"@id\":\"https:\\\/\\\/cvinoticias.com\\\/v3\\\/este-viernes-se-abren-las-fronteras-para-turistas-de-paises-limitrofes\\\/#article\",\"isPartOf\":{\"@id\":\"https:\\\/\\\/cvinoticias.com\\\/v3\\\/este-viernes-se-abren-las-fronteras-para-turistas-de-paises-limitrofes\\\/\"},\"author\":{\"name\":\"f1000024\",\"@id\":\"https:\\\/\\\/cvinoticias.com\\\/v3\\\/#\\\/schema\\\/person\\\/2db77e3c6bc03c538495d7b2b8be9b66\"},\"headline\":\"Este viernes se abren las fronteras para turistas de pa\u00edses lim\u00edtrofes\",\"datePublished\":\"2021-09-30T11:59:57+00:00\",\"mainEntityOfPage\":{\"@id\":\"https:\\\/\\\/cvinoticias.com\\\/v3\\\/este-viernes-se-abren-las-fronteras-para-turistas-de-paises-limitrofes\\\/\"},\"wordCount\":548,\"commentCount\":0,\"publisher\":{\"@id\":\"https:\\\/\\\/cvinoticias.com\\\/v3\\\/#organization\"},\"image\":{\"@id\":\"https:\\\/\\\/cvinoticias.com\\\/v3\\\/este-viernes-se-abren-las-fronteras-para-turistas-de-paises-limitrofes\\\/#primaryimage\"},\"thumbnailUrl\":\"https:\\\/\\\/cvinoticias.com\\\/wp-content\\\/uploads\\\/2021\\\/09\\\/IMG-20210927-WA0098.jpg\",\"articleSection\":[\"Turismo\"],\"inLanguage\":\"es\",\"potentialAction\":[{\"@type\":\"CommentAction\",\"name\":\"Comment\",\"target\":[\"https:\\\/\\\/cvinoticias.com\\\/v3\\\/este-viernes-se-abren-las-fronteras-para-turistas-de-paises-limitrofes\\\/#respond\"]}]},{\"@type\":\"WebPage\",\"@id\":\"https:\\\/\\\/cvinoticias.com\\\/v3\\\/este-viernes-se-abren-las-fronteras-para-turistas-de-paises-limitrofes\\\/\",\"url\":\"https:\\\/\\\/cvinoticias.com\\\/v3\\\/este-viernes-se-abren-las-fronteras-para-turistas-de-paises-limitrofes\\\/\",\"name\":\"Este viernes se abren las fronteras para turistas de pa\u00edses lim\u00edtrofes | CVI NOTICIAS\",\"isPartOf\":{\"@id\":\"https:\\\/\\\/cvinoticias.com\\\/v3\\\/#website\"},\"primaryImageOfPage\":{\"@id\":\"https:\\\/\\\/cvinoticias.com\\\/v3\\\/este-viernes-se-abren-las-fronteras-para-turistas-de-paises-limitrofes\\\/#primaryimage\"},\"image\":{\"@id\":\"https:\\\/\\\/cvinoticias.com\\\/v3\\\/este-viernes-se-abren-las-fronteras-para-turistas-de-paises-limitrofes\\\/#primaryimage\"},\"thumbnailUrl\":\"https:\\\/\\\/cvinoticias.com\\\/wp-content\\\/uploads\\\/2021\\\/09\\\/IMG-20210927-WA0098.jpg\",\"datePublished\":\"2021-09-30T11:59:57+00:00\",\"breadcrumb\":{\"@id\":\"https:\\\/\\\/cvinoticias.com\\\/v3\\\/este-viernes-se-abren-las-fronteras-para-turistas-de-paises-limitrofes\\\/#breadcrumb\"},\"inLanguage\":\"es\",\"potentialAction\":[{\"@type\":\"ReadAction\",\"target\":[\"https:\\\/\\\/cvinoticias.com\\\/v3\\\/este-viernes-se-abren-las-fronteras-para-turistas-de-paises-limitrofes\\\/\"]}]},{\"@type\":\"ImageObject\",\"inLanguage\":\"es\",\"@id\":\"https:\\\/\\\/cvinoticias.com\\\/v3\\\/este-viernes-se-abren-las-fronteras-para-turistas-de-paises-limitrofes\\\/#primaryimage\",\"url\":\"https:\\\/\\\/cvinoticias.com\\\/wp-content\\\/uploads\\\/2021\\\/09\\\/IMG-20210927-WA0098.jpg\",\"contentUrl\":\"https:\\\/\\\/cvinoticias.com\\\/wp-content\\\/uploads\\\/2021\\\/09\\\/IMG-20210927-WA0098.jpg\",\"width\":622,\"height\":1280},{\"@type\":\"BreadcrumbList\",\"@id\":\"https:\\\/\\\/cvinoticias.com\\\/v3\\\/este-viernes-se-abren-las-fronteras-para-turistas-de-paises-limitrofes\\\/#breadcrumb\",\"itemListElement\":[{\"@type\":\"ListItem\",\"position\":1,\"name\":\"Portada\",\"item\":\"https:\\\/\\\/cvinoticias.com\\\/v3\\\/\"},{\"@type\":\"ListItem\",\"position\":2,\"name\":\"Este viernes se abren las fronteras para turistas de pa\u00edses lim\u00edtrofes\"}]},{\"@type\":\"WebSite\",\"@id\":\"https:\\\/\\\/cvinoticias.com\\\/v3\\\/#website\",\"url\":\"https:\\\/\\\/cvinoticias.com\\\/v3\\\/\",\"name\":\"CVI NOTICIAS\",\"description\":\"\",\"publisher\":{\"@id\":\"https:\\\/\\\/cvinoticias.com\\\/v3\\\/#organization\"},\"alternateName\":\"CVI\",\"potentialAction\":[{\"@type\":\"SearchAction\",\"target\":{\"@type\":\"EntryPoint\",\"urlTemplate\":\"https:\\\/\\\/cvinoticias.com\\\/v3\\\/?s={search_term_string}\"},\"query-input\":{\"@type\":\"PropertyValueSpecification\",\"valueRequired\":true,\"valueName\":\"search_term_string\"}}],\"inLanguage\":\"es\"},{\"@type\":\"Organization\",\"@id\":\"https:\\\/\\\/cvinoticias.com\\\/v3\\\/#organization\",\"name\":\"CVI NOTICIAS\",\"url\":\"https:\\\/\\\/cvinoticias.com\\\/v3\\\/\",\"logo\":{\"@type\":\"ImageObject\",\"inLanguage\":\"es\",\"@id\":\"https:\\\/\\\/cvinoticias.com\\\/v3\\\/#\\\/schema\\\/logo\\\/image\\\/\",\"url\":\"https:\\\/\\\/cvinoticias.com\\\/wp-content\\\/uploads\\\/2023\\\/04\\\/cropped-cropped-cropped-cropped-cropped-3-1.png\",\"contentUrl\":\"https:\\\/\\\/cvinoticias.com\\\/wp-content\\\/uploads\\\/2023\\\/04\\\/cropped-cropped-cropped-cropped-cropped-3-1.png\",\"width\":95,\"height\":122,\"caption\":\"CVI NOTICIAS\"},\"image\":{\"@id\":\"https:\\\/\\\/cvinoticias.com\\\/v3\\\/#\\\/schema\\\/logo\\\/image\\\/\"},\"sameAs\":[\"https:\\\/\\\/www.facebook.com\\\/cvinoticias\",\"https:\\\/\\\/www.instagram.com\\\/cvinoticias\\\/\",\"https:\\\/\\\/www.youtube.com\\\/@CVINOTICIAS\"]},{\"@type\":\"Person\",\"@id\":\"https:\\\/\\\/cvinoticias.com\\\/v3\\\/#\\\/schema\\\/person\\\/2db77e3c6bc03c538495d7b2b8be9b66\",\"name\":\"f1000024\",\"image\":{\"@type\":\"ImageObject\",\"inLanguage\":\"es\",\"@id\":\"https:\\\/\\\/secure.gravatar.com\\\/avatar\\\/d4fe7459cfc51ff5129ce1a732bbef5928568b8092d412ef95611616376bbeed?s=96&d=mm&r=g\",\"url\":\"https:\\\/\\\/secure.gravatar.com\\\/avatar\\\/d4fe7459cfc51ff5129ce1a732bbef5928568b8092d412ef95611616376bbeed?s=96&d=mm&r=g\",\"contentUrl\":\"https:\\\/\\\/secure.gravatar.com\\\/avatar\\\/d4fe7459cfc51ff5129ce1a732bbef5928568b8092d412ef95611616376bbeed?s=96&d=mm&r=g\",\"caption\":\"f1000024\"},\"url\":\"https:\\\/\\\/cvinoticias.com\\\/v3\\\/author\\\/f1000024\\\/\"}]}<\/script>\n<!-- \/ Yoast SEO plugin. -->","yoast_head_json":{"title":"Este viernes se abren las fronteras para turistas de pa\u00edses lim\u00edtrofes | CVI NOTICIAS","robots":{"index":"index","follow":"follow","max-snippet":"max-snippet:-1","max-image-preview":"max-image-preview:large","max-video-preview":"max-video-preview:-1"},"canonical":"https:\/\/cvinoticias.com\/v3\/este-viernes-se-abren-las-fronteras-para-turistas-de-paises-limitrofes\/","og_locale":"es_ES","og_type":"article","og_title":"Este viernes se abren las fronteras para turistas de pa\u00edses lim\u00edtrofes | CVI NOTICIAS","og_description":"El Gobierno habilitar\u00e1 este viernes la apertura formal de las fronteras para turistas provenientes de pa\u00edses lim\u00edtrofes, luego de la prueba piloto implementada la semana pasada. El objetivo es recomponer la actividad tur\u00edstica, a partir de la fuerte disminuci\u00f3n de casos de Covid-19 en todo el pa\u00eds. Con la llegada el viernes pasado de un [&hellip;]","og_url":"https:\/\/cvinoticias.com\/v3\/este-viernes-se-abren-las-fronteras-para-turistas-de-paises-limitrofes\/","og_site_name":"CVI NOTICIAS","article_publisher":"https:\/\/www.facebook.com\/cvinoticias","article_published_time":"2021-09-30T11:59:57+00:00","og_image":[{"width":622,"height":1280,"url":"https:\/\/cvinoticias.com\/wp-content\/uploads\/2021\/09\/IMG-20210927-WA0098.jpg","type":"image\/jpeg"}],"author":"f1000024","twitter_card":"summary_large_image","twitter_misc":{"Escrito por":"f1000024","Tiempo de lectura":"3 minutos"},"schema":{"@context":"https:\/\/schema.org","@graph":[{"@type":"Article","@id":"https:\/\/cvinoticias.com\/v3\/este-viernes-se-abren-las-fronteras-para-turistas-de-paises-limitrofes\/#article","isPartOf":{"@id":"https:\/\/cvinoticias.com\/v3\/este-viernes-se-abren-las-fronteras-para-turistas-de-paises-limitrofes\/"},"author":{"name":"f1000024","@id":"https:\/\/cvinoticias.com\/v3\/#\/schema\/person\/2db77e3c6bc03c538495d7b2b8be9b66"},"headline":"Este viernes se abren las fronteras para turistas de pa\u00edses lim\u00edtrofes","datePublished":"2021-09-30T11:59:57+00:00","mainEntityOfPage":{"@id":"https:\/\/cvinoticias.com\/v3\/este-viernes-se-abren-las-fronteras-para-turistas-de-paises-limitrofes\/"},"wordCount":548,"commentCount":0,"publisher":{"@id":"https:\/\/cvinoticias.com\/v3\/#organization"},"image":{"@id":"https:\/\/cvinoticias.com\/v3\/este-viernes-se-abren-las-fronteras-para-turistas-de-paises-limitrofes\/#primaryimage"},"thumbnailUrl":"https:\/\/cvinoticias.com\/wp-content\/uploads\/2021\/09\/IMG-20210927-WA0098.jpg","articleSection":["Turismo"],"inLanguage":"es","potentialAction":[{"@type":"CommentAction","name":"Comment","target":["https:\/\/cvinoticias.com\/v3\/este-viernes-se-abren-las-fronteras-para-turistas-de-paises-limitrofes\/#respond"]}]},{"@type":"WebPage","@id":"https:\/\/cvinoticias.com\/v3\/este-viernes-se-abren-las-fronteras-para-turistas-de-paises-limitrofes\/","url":"https:\/\/cvinoticias.com\/v3\/este-viernes-se-abren-las-fronteras-para-turistas-de-paises-limitrofes\/","name":"Este viernes se abren las fronteras para turistas de pa\u00edses lim\u00edtrofes | CVI NOTICIAS","isPartOf":{"@id":"https:\/\/cvinoticias.com\/v3\/#website"},"primaryImageOfPage":{"@id":"https:\/\/cvinoticias.com\/v3\/este-viernes-se-abren-las-fronteras-para-turistas-de-paises-limitrofes\/#primaryimage"},"image":{"@id":"https:\/\/cvinoticias.com\/v3\/este-viernes-se-abren-las-fronteras-para-turistas-de-paises-limitrofes\/#primaryimage"},"thumbnailUrl":"https:\/\/cvinoticias.com\/wp-content\/uploads\/2021\/09\/IMG-20210927-WA0098.jpg","datePublished":"2021-09-30T11:59:57+00:00","breadcrumb":{"@id":"https:\/\/cvinoticias.com\/v3\/este-viernes-se-abren-las-fronteras-para-turistas-de-paises-limitrofes\/#breadcrumb"},"inLanguage":"es","potentialAction":[{"@type":"ReadAction","target":["https:\/\/cvinoticias.com\/v3\/este-viernes-se-abren-las-fronteras-para-turistas-de-paises-limitrofes\/"]}]},{"@type":"ImageObject","inLanguage":"es","@id":"https:\/\/cvinoticias.com\/v3\/este-viernes-se-abren-las-fronteras-para-turistas-de-paises-limitrofes\/#primaryimage","url":"https:\/\/cvinoticias.com\/wp-content\/uploads\/2021\/09\/IMG-20210927-WA0098.jpg","contentUrl":"https:\/\/cvinoticias.com\/wp-content\/uploads\/2021\/09\/IMG-20210927-WA0098.jpg","width":622,"height":1280},{"@type":"BreadcrumbList","@id":"https:\/\/cvinoticias.com\/v3\/este-viernes-se-abren-las-fronteras-para-turistas-de-paises-limitrofes\/#breadcrumb","itemListElement":[{"@type":"ListItem","position":1,"name":"Portada","item":"https:\/\/cvinoticias.com\/v3\/"},{"@type":"ListItem","position":2,"name":"Este viernes se abren las fronteras para turistas de pa\u00edses lim\u00edtrofes"}]},{"@type":"WebSite","@id":"https:\/\/cvinoticias.com\/v3\/#website","url":"https:\/\/cvinoticias.com\/v3\/","name":"CVI NOTICIAS","description":"","publisher":{"@id":"https:\/\/cvinoticias.com\/v3\/#organization"},"alternateName":"CVI","potentialAction":[{"@type":"SearchAction","target":{"@type":"EntryPoint","urlTemplate":"https:\/\/cvinoticias.com\/v3\/?s={search_term_string}"},"query-input":{"@type":"PropertyValueSpecification","valueRequired":true,"valueName":"search_term_string"}}],"inLanguage":"es"},{"@type":"Organization","@id":"https:\/\/cvinoticias.com\/v3\/#organization","name":"CVI NOTICIAS","url":"https:\/\/cvinoticias.com\/v3\/","logo":{"@type":"ImageObject","inLanguage":"es","@id":"https:\/\/cvinoticias.com\/v3\/#\/schema\/logo\/image\/","url":"https:\/\/cvinoticias.com\/wp-content\/uploads\/2023\/04\/cropped-cropped-cropped-cropped-cropped-3-1.png","contentUrl":"https:\/\/cvinoticias.com\/wp-content\/uploads\/2023\/04\/cropped-cropped-cropped-cropped-cropped-3-1.png","width":95,"height":122,"caption":"CVI NOTICIAS"},"image":{"@id":"https:\/\/cvinoticias.com\/v3\/#\/schema\/logo\/image\/"},"sameAs":["https:\/\/www.facebook.com\/cvinoticias","https:\/\/www.instagram.com\/cvinoticias\/","https:\/\/www.youtube.com\/@CVINOTICIAS"]},{"@type":"Person","@id":"https:\/\/cvinoticias.com\/v3\/#\/schema\/person\/2db77e3c6bc03c538495d7b2b8be9b66","name":"f1000024","image":{"@type":"ImageObject","inLanguage":"es","@id":"https:\/\/secure.gravatar.com\/avatar\/d4fe7459cfc51ff5129ce1a732bbef5928568b8092d412ef95611616376bbeed?s=96&d=mm&r=g","url":"https:\/\/secure.gravatar.com\/avatar\/d4fe7459cfc51ff5129ce1a732bbef5928568b8092d412ef95611616376bbeed?s=96&d=mm&r=g","contentUrl":"https:\/\/secure.gravatar.com\/avatar\/d4fe7459cfc51ff5129ce1a732bbef5928568b8092d412ef95611616376bbeed?s=96&d=mm&r=g","caption":"f1000024"},"url":"https:\/\/cvinoticias.com\/v3\/author\/f1000024\/"}]}},"_links":{"self":[{"href":"https:\/\/cvinoticias.com\/v3\/wp-json\/wp\/v2\/posts\/9041","targetHints":{"allow":["GET"]}}],"collection":[{"href":"https:\/\/cvinoticias.com\/v3\/wp-json\/wp\/v2\/posts"}],"about":[{"href":"https:\/\/cvinoticias.com\/v3\/wp-json\/wp\/v2\/types\/post"}],"author":[{"embeddable":true,"href":"https:\/\/cvinoticias.com\/v3\/wp-json\/wp\/v2\/users\/2"}],"replies":[{"embeddable":true,"href":"https:\/\/cvinoticias.com\/v3\/wp-json\/wp\/v2\/comments?post=9041"}],"version-history":[{"count":1,"href":"https:\/\/cvinoticias.com\/v3\/wp-json\/wp\/v2\/posts\/9041\/revisions"}],"predecessor-version":[{"id":9043,"href":"https:\/\/cvinoticias.com\/v3\/wp-json\/wp\/v2\/posts\/9041\/revisions\/9043"}],"wp:featuredmedia":[{"embeddable":true,"href":"https:\/\/cvinoticias.com\/v3\/wp-json\/wp\/v2\/media\/9042"}],"wp:attachment":[{"href":"https:\/\/cvinoticias.com\/v3\/wp-json\/wp\/v2\/media?parent=9041"}],"wp:term":[{"taxonomy":"category","embeddable":true,"href":"https:\/\/cvinoticias.com\/v3\/wp-json\/wp\/v2\/categories?post=9041"},{"taxonomy":"post_tag","embeddable":true,"href":"https:\/\/cvinoticias.com\/v3\/wp-json\/wp\/v2\/tags?post=9041"}],"curies":[{"name":"wp","href":"https:\/\/api.w.org\/{rel}","templated":true}]}}