{"id":9018,"date":"2021-09-29T13:07:45","date_gmt":"2021-09-29T13:07:45","guid":{"rendered":"https:\/\/cvinoticias.com\/v3\/?p=9018"},"modified":"2021-09-29T13:07:45","modified_gmt":"2021-09-29T13:07:45","slug":"vuelta-del-publico-a-la-cancha-solo-si-estas-vacunado","status":"publish","type":"post","link":"https:\/\/cvinoticias.com\/v3\/vuelta-del-publico-a-la-cancha-solo-si-estas-vacunado\/","title":{"rendered":"Vuelta del p\u00fablico: A la cancha, solo si est\u00e1s vacunado"},"content":{"rendered":"\n<p><strong><em>El ministro de Turismo y Deportes, Mat\u00edas Lammens, anticip\u00f3 este martes que se requerir\u00e1 tener aplicada al menos una dosis de la vacuna contra el coronavirus a las personas mayores de 18 a\u00f1os para poder ingresar desde este viernes a los estadios de f\u00fatbol, mientras que los ni\u00f1os podr\u00e1n hacerlo sin estar vacunados.<\/em><\/strong><\/p>\n\n\n\n<p>El ministro de Turismo y Deportes, Mat\u00edas Lammens, dijo que en los ingresos se controlar\u00e1 el plan vacunatorio v\u00eda la app CUIDAR y que se exigir\u00e1 al menos una dosis. En cuanto a los menores, no se exigir\u00e1 la vacunaci\u00f3n. Estudian en estas horas si los que no est\u00e9n vacunados podr\u00e1n entrar presentando un test de ant\u00edgenos.<\/p>\n\n\n\n<p>\u201cEl miedo ac\u00e1 es que haya m\u00e1s aglomeraci\u00f3n de gente sobre todo en las cabeceras y en las populares, donde hay m\u00e1s gente junta. El hecho de tener al menos una dosis de la vacuna ayuda a la inmunizaci\u00f3n\u201d, argument\u00f3 el funcionario.<\/p>\n\n\n\n<p>Por otro lado, indic\u00f3 que el resto del protocolo ser\u00e1 el mismo que se utiliz\u00f3 en el partido entre Argentina y Bolivia, en el Monumental, que se llev\u00f3 a cabo en septiembre por las Eliminatorias Sudamericanas.<\/p>\n\n\n\n<p>Entre los requisitos salientes para ingresar al estadio, los espectadores deber\u00e1n presentar DNI, entrada y tener habilitada la aplicaci\u00f3n CUIDAR. Adem\u00e1s, ser\u00e1 obligatorio el uso permanente y correcto del tapaboca en las inmediaciones del estadio, una vez que la persona se encuentra en el \u00e1rea definida por los anillos de control.<\/p>\n\n\n\n<p>Todos los accesos habilitados para el ingreso deber\u00e1n favorecer la circulaci\u00f3n, minimizando las instancias de aglomeraci\u00f3n y -en los diferentes puntos habr\u00e1 voluntarios con dispositivos de soluciones sanitizantes que permitan la higiene de manos.<\/p>\n\n\n\n<p>El protocolo final lo rubricar\u00edan en las pr\u00f3ximas horas AFA y Liga Profesional. La habilitaci\u00f3n final para que haya p\u00fablico se publicar\u00eda entre jueves y viernes en le Bolet\u00edn Oficial.<\/p>\n\n\n\n<p>AFORO<\/p>\n\n\n\n<p>En cuanto al aforo habilitado, Lammens ratific\u00f3 que ser\u00e1 del 50 por ciento, \u00abseg\u00fan lo autoriz\u00f3 el Ministerio de Salud\u201d. Asimismo se\u00f1al\u00f3 que \u00abhoy mismo (por este martes) el Gobierno nacional dar\u00e1 a conocer todos los requisitos para los protocolos sanitarios en torno al f\u00fatbol\u00bb.<\/p>\n\n\n\n<p>Lammens se\u00f1al\u00f3 que estos protocolos se terminaron de definir en la reuni\u00f3n del Consejo Federal de Salud (COFESA) en la ciudad Mar del Plata, que lunes y martes encabeza la ministra de Salud, Carla Vizzotti.<\/p>\n\n\n\n<p>Las fuerzas de seguridad p\u00fablicas que se ubiquen en las cercan\u00edas de los estadios ser\u00e1n las encargadas de controlar que las personas tengan en sus tel\u00e9fonos celulares el certificado de la aplicaci\u00f3n de la vacuna contra el coronavirus.<\/p>\n\n\n\n<p>De esta forma, el p\u00fablico podr\u00e1 volver a los estadios a nivel local. En la Copa Libertadores se permiti\u00f3 la asistencia de los hinchas, despu\u00e9s de un a\u00f1o y medio. El regreso coincide con el desarrollo del Supercl\u00e1sico del domingo pr\u00f3ximo entre River y Boca, en el Monumental, por la 14t.a fecha de la Liga Profesional de f\u00fatbol (LPF).<\/p>\n","protected":false},"excerpt":{"rendered":"<p>El ministro de Turismo y Deportes, Mat\u00edas Lammens, anticip\u00f3 este martes que se requerir\u00e1 tener aplicada al menos una dosis de la vacuna contra el coronavirus a las personas mayores de 18 a\u00f1os para poder ingresar desde este viernes a los estadios de f\u00fatbol, mientras que los ni\u00f1os podr\u00e1n hacerlo sin estar vacunados. El ministro [&hellip;]<\/p>\n","protected":false},"author":2,"featured_media":9019,"comment_status":"open","ping_status":"open","sticky":false,"template":"","format":"standard","meta":{"footnotes":""},"categories":[24],"tags":[],"class_list":["post-9018","post","type-post","status-publish","format-standard","has-post-thumbnail","hentry","category-deportes"],"yoast_head":"<!-- This site is optimized with the Yoast SEO plugin v27.4 - https:\/\/yoast.com\/product\/yoast-seo-wordpress\/ -->\n<title>Vuelta del p\u00fablico: A la cancha, solo si est\u00e1s vacunado | CVI NOTICIAS<\/title>\n<meta name=\"robots\" content=\"index, follow, max-snippet:-1, max-image-preview:large, max-video-preview:-1\" \/>\n<link rel=\"canonical\" href=\"https:\/\/cvinoticias.com\/v3\/vuelta-del-publico-a-la-cancha-solo-si-estas-vacunado\/\" \/>\n<meta property=\"og:locale\" content=\"es_ES\" \/>\n<meta property=\"og:type\" content=\"article\" \/>\n<meta property=\"og:title\" content=\"Vuelta del p\u00fablico: A la cancha, solo si est\u00e1s vacunado | CVI NOTICIAS\" \/>\n<meta property=\"og:description\" content=\"El ministro de Turismo y Deportes, Mat\u00edas Lammens, anticip\u00f3 este martes que se requerir\u00e1 tener aplicada al menos una dosis de la vacuna contra el coronavirus a las personas mayores de 18 a\u00f1os para poder ingresar desde este viernes a los estadios de f\u00fatbol, mientras que los ni\u00f1os podr\u00e1n hacerlo sin estar vacunados. El ministro [&hellip;]\" \/>\n<meta property=\"og:url\" content=\"https:\/\/cvinoticias.com\/v3\/vuelta-del-publico-a-la-cancha-solo-si-estas-vacunado\/\" \/>\n<meta property=\"og:site_name\" content=\"CVI NOTICIAS\" \/>\n<meta property=\"article:publisher\" content=\"https:\/\/www.facebook.com\/cvinoticias\" \/>\n<meta property=\"article:published_time\" content=\"2021-09-29T13:07:45+00:00\" \/>\n<meta property=\"og:image\" content=\"https:\/\/cvinoticias.com\/wp-content\/uploads\/2021\/09\/PicsArt_09-29-10.05.37.jpg\" \/>\n\t<meta property=\"og:image:width\" content=\"1236\" \/>\n\t<meta property=\"og:image:height\" content=\"1080\" \/>\n\t<meta property=\"og:image:type\" content=\"image\/jpeg\" \/>\n<meta name=\"author\" content=\"f1000024\" \/>\n<meta name=\"twitter:card\" content=\"summary_large_image\" \/>\n<meta name=\"twitter:label1\" content=\"Escrito por\" \/>\n\t<meta name=\"twitter:data1\" content=\"f1000024\" \/>\n\t<meta name=\"twitter:label2\" content=\"Tiempo de lectura\" \/>\n\t<meta name=\"twitter:data2\" content=\"3 minutos\" \/>\n<script type=\"application\/ld+json\" class=\"yoast-schema-graph\">{\"@context\":\"https:\\\/\\\/schema.org\",\"@graph\":[{\"@type\":\"Article\",\"@id\":\"https:\\\/\\\/cvinoticias.com\\\/v3\\\/vuelta-del-publico-a-la-cancha-solo-si-estas-vacunado\\\/#article\",\"isPartOf\":{\"@id\":\"https:\\\/\\\/cvinoticias.com\\\/v3\\\/vuelta-del-publico-a-la-cancha-solo-si-estas-vacunado\\\/\"},\"author\":{\"name\":\"f1000024\",\"@id\":\"https:\\\/\\\/cvinoticias.com\\\/v3\\\/#\\\/schema\\\/person\\\/2db77e3c6bc03c538495d7b2b8be9b66\"},\"headline\":\"Vuelta del p\u00fablico: A la cancha, solo si est\u00e1s vacunado\",\"datePublished\":\"2021-09-29T13:07:45+00:00\",\"mainEntityOfPage\":{\"@id\":\"https:\\\/\\\/cvinoticias.com\\\/v3\\\/vuelta-del-publico-a-la-cancha-solo-si-estas-vacunado\\\/\"},\"wordCount\":535,\"commentCount\":0,\"publisher\":{\"@id\":\"https:\\\/\\\/cvinoticias.com\\\/v3\\\/#organization\"},\"image\":{\"@id\":\"https:\\\/\\\/cvinoticias.com\\\/v3\\\/vuelta-del-publico-a-la-cancha-solo-si-estas-vacunado\\\/#primaryimage\"},\"thumbnailUrl\":\"https:\\\/\\\/cvinoticias.com\\\/wp-content\\\/uploads\\\/2021\\\/09\\\/PicsArt_09-29-10.05.37.jpg\",\"articleSection\":[\"Deportes\"],\"inLanguage\":\"es\",\"potentialAction\":[{\"@type\":\"CommentAction\",\"name\":\"Comment\",\"target\":[\"https:\\\/\\\/cvinoticias.com\\\/v3\\\/vuelta-del-publico-a-la-cancha-solo-si-estas-vacunado\\\/#respond\"]}]},{\"@type\":\"WebPage\",\"@id\":\"https:\\\/\\\/cvinoticias.com\\\/v3\\\/vuelta-del-publico-a-la-cancha-solo-si-estas-vacunado\\\/\",\"url\":\"https:\\\/\\\/cvinoticias.com\\\/v3\\\/vuelta-del-publico-a-la-cancha-solo-si-estas-vacunado\\\/\",\"name\":\"Vuelta del p\u00fablico: A la cancha, solo si est\u00e1s vacunado | CVI NOTICIAS\",\"isPartOf\":{\"@id\":\"https:\\\/\\\/cvinoticias.com\\\/v3\\\/#website\"},\"primaryImageOfPage\":{\"@id\":\"https:\\\/\\\/cvinoticias.com\\\/v3\\\/vuelta-del-publico-a-la-cancha-solo-si-estas-vacunado\\\/#primaryimage\"},\"image\":{\"@id\":\"https:\\\/\\\/cvinoticias.com\\\/v3\\\/vuelta-del-publico-a-la-cancha-solo-si-estas-vacunado\\\/#primaryimage\"},\"thumbnailUrl\":\"https:\\\/\\\/cvinoticias.com\\\/wp-content\\\/uploads\\\/2021\\\/09\\\/PicsArt_09-29-10.05.37.jpg\",\"datePublished\":\"2021-09-29T13:07:45+00:00\",\"breadcrumb\":{\"@id\":\"https:\\\/\\\/cvinoticias.com\\\/v3\\\/vuelta-del-publico-a-la-cancha-solo-si-estas-vacunado\\\/#breadcrumb\"},\"inLanguage\":\"es\",\"potentialAction\":[{\"@type\":\"ReadAction\",\"target\":[\"https:\\\/\\\/cvinoticias.com\\\/v3\\\/vuelta-del-publico-a-la-cancha-solo-si-estas-vacunado\\\/\"]}]},{\"@type\":\"ImageObject\",\"inLanguage\":\"es\",\"@id\":\"https:\\\/\\\/cvinoticias.com\\\/v3\\\/vuelta-del-publico-a-la-cancha-solo-si-estas-vacunado\\\/#primaryimage\",\"url\":\"https:\\\/\\\/cvinoticias.com\\\/wp-content\\\/uploads\\\/2021\\\/09\\\/PicsArt_09-29-10.05.37.jpg\",\"contentUrl\":\"https:\\\/\\\/cvinoticias.com\\\/wp-content\\\/uploads\\\/2021\\\/09\\\/PicsArt_09-29-10.05.37.jpg\",\"width\":1236,\"height\":1080},{\"@type\":\"BreadcrumbList\",\"@id\":\"https:\\\/\\\/cvinoticias.com\\\/v3\\\/vuelta-del-publico-a-la-cancha-solo-si-estas-vacunado\\\/#breadcrumb\",\"itemListElement\":[{\"@type\":\"ListItem\",\"position\":1,\"name\":\"Portada\",\"item\":\"https:\\\/\\\/cvinoticias.com\\\/v3\\\/\"},{\"@type\":\"ListItem\",\"position\":2,\"name\":\"Vuelta del p\u00fablico: A la cancha, solo si est\u00e1s vacunado\"}]},{\"@type\":\"WebSite\",\"@id\":\"https:\\\/\\\/cvinoticias.com\\\/v3\\\/#website\",\"url\":\"https:\\\/\\\/cvinoticias.com\\\/v3\\\/\",\"name\":\"CVI NOTICIAS\",\"description\":\"\",\"publisher\":{\"@id\":\"https:\\\/\\\/cvinoticias.com\\\/v3\\\/#organization\"},\"alternateName\":\"CVI\",\"potentialAction\":[{\"@type\":\"SearchAction\",\"target\":{\"@type\":\"EntryPoint\",\"urlTemplate\":\"https:\\\/\\\/cvinoticias.com\\\/v3\\\/?s={search_term_string}\"},\"query-input\":{\"@type\":\"PropertyValueSpecification\",\"valueRequired\":true,\"valueName\":\"search_term_string\"}}],\"inLanguage\":\"es\"},{\"@type\":\"Organization\",\"@id\":\"https:\\\/\\\/cvinoticias.com\\\/v3\\\/#organization\",\"name\":\"CVI NOTICIAS\",\"url\":\"https:\\\/\\\/cvinoticias.com\\\/v3\\\/\",\"logo\":{\"@type\":\"ImageObject\",\"inLanguage\":\"es\",\"@id\":\"https:\\\/\\\/cvinoticias.com\\\/v3\\\/#\\\/schema\\\/logo\\\/image\\\/\",\"url\":\"https:\\\/\\\/cvinoticias.com\\\/wp-content\\\/uploads\\\/2023\\\/04\\\/cropped-cropped-cropped-cropped-cropped-3-1.png\",\"contentUrl\":\"https:\\\/\\\/cvinoticias.com\\\/wp-content\\\/uploads\\\/2023\\\/04\\\/cropped-cropped-cropped-cropped-cropped-3-1.png\",\"width\":95,\"height\":122,\"caption\":\"CVI NOTICIAS\"},\"image\":{\"@id\":\"https:\\\/\\\/cvinoticias.com\\\/v3\\\/#\\\/schema\\\/logo\\\/image\\\/\"},\"sameAs\":[\"https:\\\/\\\/www.facebook.com\\\/cvinoticias\",\"https:\\\/\\\/www.instagram.com\\\/cvinoticias\\\/\",\"https:\\\/\\\/www.youtube.com\\\/@CVINOTICIAS\"]},{\"@type\":\"Person\",\"@id\":\"https:\\\/\\\/cvinoticias.com\\\/v3\\\/#\\\/schema\\\/person\\\/2db77e3c6bc03c538495d7b2b8be9b66\",\"name\":\"f1000024\",\"image\":{\"@type\":\"ImageObject\",\"inLanguage\":\"es\",\"@id\":\"https:\\\/\\\/secure.gravatar.com\\\/avatar\\\/d4fe7459cfc51ff5129ce1a732bbef5928568b8092d412ef95611616376bbeed?s=96&d=mm&r=g\",\"url\":\"https:\\\/\\\/secure.gravatar.com\\\/avatar\\\/d4fe7459cfc51ff5129ce1a732bbef5928568b8092d412ef95611616376bbeed?s=96&d=mm&r=g\",\"contentUrl\":\"https:\\\/\\\/secure.gravatar.com\\\/avatar\\\/d4fe7459cfc51ff5129ce1a732bbef5928568b8092d412ef95611616376bbeed?s=96&d=mm&r=g\",\"caption\":\"f1000024\"},\"url\":\"https:\\\/\\\/cvinoticias.com\\\/v3\\\/author\\\/f1000024\\\/\"}]}<\/script>\n<!-- \/ Yoast SEO plugin. -->","yoast_head_json":{"title":"Vuelta del p\u00fablico: A la cancha, solo si est\u00e1s vacunado | CVI NOTICIAS","robots":{"index":"index","follow":"follow","max-snippet":"max-snippet:-1","max-image-preview":"max-image-preview:large","max-video-preview":"max-video-preview:-1"},"canonical":"https:\/\/cvinoticias.com\/v3\/vuelta-del-publico-a-la-cancha-solo-si-estas-vacunado\/","og_locale":"es_ES","og_type":"article","og_title":"Vuelta del p\u00fablico: A la cancha, solo si est\u00e1s vacunado | CVI NOTICIAS","og_description":"El ministro de Turismo y Deportes, Mat\u00edas Lammens, anticip\u00f3 este martes que se requerir\u00e1 tener aplicada al menos una dosis de la vacuna contra el coronavirus a las personas mayores de 18 a\u00f1os para poder ingresar desde este viernes a los estadios de f\u00fatbol, mientras que los ni\u00f1os podr\u00e1n hacerlo sin estar vacunados. El ministro [&hellip;]","og_url":"https:\/\/cvinoticias.com\/v3\/vuelta-del-publico-a-la-cancha-solo-si-estas-vacunado\/","og_site_name":"CVI NOTICIAS","article_publisher":"https:\/\/www.facebook.com\/cvinoticias","article_published_time":"2021-09-29T13:07:45+00:00","og_image":[{"width":1236,"height":1080,"url":"https:\/\/cvinoticias.com\/wp-content\/uploads\/2021\/09\/PicsArt_09-29-10.05.37.jpg","type":"image\/jpeg"}],"author":"f1000024","twitter_card":"summary_large_image","twitter_misc":{"Escrito por":"f1000024","Tiempo de lectura":"3 minutos"},"schema":{"@context":"https:\/\/schema.org","@graph":[{"@type":"Article","@id":"https:\/\/cvinoticias.com\/v3\/vuelta-del-publico-a-la-cancha-solo-si-estas-vacunado\/#article","isPartOf":{"@id":"https:\/\/cvinoticias.com\/v3\/vuelta-del-publico-a-la-cancha-solo-si-estas-vacunado\/"},"author":{"name":"f1000024","@id":"https:\/\/cvinoticias.com\/v3\/#\/schema\/person\/2db77e3c6bc03c538495d7b2b8be9b66"},"headline":"Vuelta del p\u00fablico: A la cancha, solo si est\u00e1s vacunado","datePublished":"2021-09-29T13:07:45+00:00","mainEntityOfPage":{"@id":"https:\/\/cvinoticias.com\/v3\/vuelta-del-publico-a-la-cancha-solo-si-estas-vacunado\/"},"wordCount":535,"commentCount":0,"publisher":{"@id":"https:\/\/cvinoticias.com\/v3\/#organization"},"image":{"@id":"https:\/\/cvinoticias.com\/v3\/vuelta-del-publico-a-la-cancha-solo-si-estas-vacunado\/#primaryimage"},"thumbnailUrl":"https:\/\/cvinoticias.com\/wp-content\/uploads\/2021\/09\/PicsArt_09-29-10.05.37.jpg","articleSection":["Deportes"],"inLanguage":"es","potentialAction":[{"@type":"CommentAction","name":"Comment","target":["https:\/\/cvinoticias.com\/v3\/vuelta-del-publico-a-la-cancha-solo-si-estas-vacunado\/#respond"]}]},{"@type":"WebPage","@id":"https:\/\/cvinoticias.com\/v3\/vuelta-del-publico-a-la-cancha-solo-si-estas-vacunado\/","url":"https:\/\/cvinoticias.com\/v3\/vuelta-del-publico-a-la-cancha-solo-si-estas-vacunado\/","name":"Vuelta del p\u00fablico: A la cancha, solo si est\u00e1s vacunado | CVI NOTICIAS","isPartOf":{"@id":"https:\/\/cvinoticias.com\/v3\/#website"},"primaryImageOfPage":{"@id":"https:\/\/cvinoticias.com\/v3\/vuelta-del-publico-a-la-cancha-solo-si-estas-vacunado\/#primaryimage"},"image":{"@id":"https:\/\/cvinoticias.com\/v3\/vuelta-del-publico-a-la-cancha-solo-si-estas-vacunado\/#primaryimage"},"thumbnailUrl":"https:\/\/cvinoticias.com\/wp-content\/uploads\/2021\/09\/PicsArt_09-29-10.05.37.jpg","datePublished":"2021-09-29T13:07:45+00:00","breadcrumb":{"@id":"https:\/\/cvinoticias.com\/v3\/vuelta-del-publico-a-la-cancha-solo-si-estas-vacunado\/#breadcrumb"},"inLanguage":"es","potentialAction":[{"@type":"ReadAction","target":["https:\/\/cvinoticias.com\/v3\/vuelta-del-publico-a-la-cancha-solo-si-estas-vacunado\/"]}]},{"@type":"ImageObject","inLanguage":"es","@id":"https:\/\/cvinoticias.com\/v3\/vuelta-del-publico-a-la-cancha-solo-si-estas-vacunado\/#primaryimage","url":"https:\/\/cvinoticias.com\/wp-content\/uploads\/2021\/09\/PicsArt_09-29-10.05.37.jpg","contentUrl":"https:\/\/cvinoticias.com\/wp-content\/uploads\/2021\/09\/PicsArt_09-29-10.05.37.jpg","width":1236,"height":1080},{"@type":"BreadcrumbList","@id":"https:\/\/cvinoticias.com\/v3\/vuelta-del-publico-a-la-cancha-solo-si-estas-vacunado\/#breadcrumb","itemListElement":[{"@type":"ListItem","position":1,"name":"Portada","item":"https:\/\/cvinoticias.com\/v3\/"},{"@type":"ListItem","position":2,"name":"Vuelta del p\u00fablico: A la cancha, solo si est\u00e1s vacunado"}]},{"@type":"WebSite","@id":"https:\/\/cvinoticias.com\/v3\/#website","url":"https:\/\/cvinoticias.com\/v3\/","name":"CVI NOTICIAS","description":"","publisher":{"@id":"https:\/\/cvinoticias.com\/v3\/#organization"},"alternateName":"CVI","potentialAction":[{"@type":"SearchAction","target":{"@type":"EntryPoint","urlTemplate":"https:\/\/cvinoticias.com\/v3\/?s={search_term_string}"},"query-input":{"@type":"PropertyValueSpecification","valueRequired":true,"valueName":"search_term_string"}}],"inLanguage":"es"},{"@type":"Organization","@id":"https:\/\/cvinoticias.com\/v3\/#organization","name":"CVI NOTICIAS","url":"https:\/\/cvinoticias.com\/v3\/","logo":{"@type":"ImageObject","inLanguage":"es","@id":"https:\/\/cvinoticias.com\/v3\/#\/schema\/logo\/image\/","url":"https:\/\/cvinoticias.com\/wp-content\/uploads\/2023\/04\/cropped-cropped-cropped-cropped-cropped-3-1.png","contentUrl":"https:\/\/cvinoticias.com\/wp-content\/uploads\/2023\/04\/cropped-cropped-cropped-cropped-cropped-3-1.png","width":95,"height":122,"caption":"CVI NOTICIAS"},"image":{"@id":"https:\/\/cvinoticias.com\/v3\/#\/schema\/logo\/image\/"},"sameAs":["https:\/\/www.facebook.com\/cvinoticias","https:\/\/www.instagram.com\/cvinoticias\/","https:\/\/www.youtube.com\/@CVINOTICIAS"]},{"@type":"Person","@id":"https:\/\/cvinoticias.com\/v3\/#\/schema\/person\/2db77e3c6bc03c538495d7b2b8be9b66","name":"f1000024","image":{"@type":"ImageObject","inLanguage":"es","@id":"https:\/\/secure.gravatar.com\/avatar\/d4fe7459cfc51ff5129ce1a732bbef5928568b8092d412ef95611616376bbeed?s=96&d=mm&r=g","url":"https:\/\/secure.gravatar.com\/avatar\/d4fe7459cfc51ff5129ce1a732bbef5928568b8092d412ef95611616376bbeed?s=96&d=mm&r=g","contentUrl":"https:\/\/secure.gravatar.com\/avatar\/d4fe7459cfc51ff5129ce1a732bbef5928568b8092d412ef95611616376bbeed?s=96&d=mm&r=g","caption":"f1000024"},"url":"https:\/\/cvinoticias.com\/v3\/author\/f1000024\/"}]}},"_links":{"self":[{"href":"https:\/\/cvinoticias.com\/v3\/wp-json\/wp\/v2\/posts\/9018","targetHints":{"allow":["GET"]}}],"collection":[{"href":"https:\/\/cvinoticias.com\/v3\/wp-json\/wp\/v2\/posts"}],"about":[{"href":"https:\/\/cvinoticias.com\/v3\/wp-json\/wp\/v2\/types\/post"}],"author":[{"embeddable":true,"href":"https:\/\/cvinoticias.com\/v3\/wp-json\/wp\/v2\/users\/2"}],"replies":[{"embeddable":true,"href":"https:\/\/cvinoticias.com\/v3\/wp-json\/wp\/v2\/comments?post=9018"}],"version-history":[{"count":1,"href":"https:\/\/cvinoticias.com\/v3\/wp-json\/wp\/v2\/posts\/9018\/revisions"}],"predecessor-version":[{"id":9020,"href":"https:\/\/cvinoticias.com\/v3\/wp-json\/wp\/v2\/posts\/9018\/revisions\/9020"}],"wp:featuredmedia":[{"embeddable":true,"href":"https:\/\/cvinoticias.com\/v3\/wp-json\/wp\/v2\/media\/9019"}],"wp:attachment":[{"href":"https:\/\/cvinoticias.com\/v3\/wp-json\/wp\/v2\/media?parent=9018"}],"wp:term":[{"taxonomy":"category","embeddable":true,"href":"https:\/\/cvinoticias.com\/v3\/wp-json\/wp\/v2\/categories?post=9018"},{"taxonomy":"post_tag","embeddable":true,"href":"https:\/\/cvinoticias.com\/v3\/wp-json\/wp\/v2\/tags?post=9018"}],"curies":[{"name":"wp","href":"https:\/\/api.w.org\/{rel}","templated":true}]}}