{"id":8975,"date":"2021-09-28T16:19:49","date_gmt":"2021-09-28T16:19:49","guid":{"rendered":"https:\/\/cvinoticias.com\/v3\/?p=8975"},"modified":"2021-09-28T16:20:59","modified_gmt":"2021-09-28T16:20:59","slug":"dia-internacional-del-derecho-de-acceso-universal-a-la-informacion","status":"publish","type":"post","link":"https:\/\/cvinoticias.com\/v3\/dia-internacional-del-derecho-de-acceso-universal-a-la-informacion\/","title":{"rendered":"D\u00eda Internacional del Derecho de Acceso Universal a la Informaci\u00f3n"},"content":{"rendered":"\n<p><strong><em>El 28 de septiembre se celebra el D\u00eda Internacional del Derecho de Acceso Universal a la Informaci\u00f3n, una fecha cuyo prop\u00f3sito es procurar el acceso a la informaci\u00f3n digital (principalmente), como veh\u00edculo para garantizar otros derechos y poner en evidencia algunas violaciones que ocurren en el mundo.<\/em><\/strong><\/p>\n\n\n\n<p>A pesar de que este d\u00eda oficial fue declarado por la UNESCO en su Asamblea General en diciembre de 2015 y conmemorado por primera vez en 2016, lo cierto es que su historia empieza mucho antes, exactamente en el a\u00f1o 2002. Entonces se le conoc\u00eda con el nombre de D\u00eda del Internacional del Derecho a Saber. No fue hasta 2012 cuando la Internacional de Defensores de la Sociedad Civil le cambi\u00f3 el nombre al que conocemos en la actualidad.<\/p>\n\n\n\n<p><strong>\u00bfQu\u00e9 es el derecho a la informaci\u00f3n?<\/strong><\/p>\n\n\n\n<p>El derecho a la informaci\u00f3n es un derecho humano, que resulta ser el componente clave para el derecho a la libertad de pensamiento y de expresi\u00f3n.<\/p>\n\n\n\n<p>Este derecho consiste en que toda persona puede buscar cualquier tipo de informaci\u00f3n de inter\u00e9s que se encuentre en poder de entidades, organismos y empresas p\u00fablicas, mientras dicha informaci\u00f3n no sea clasificada o de acceso restringido seg\u00fan las leyes de su pa\u00eds.<\/p>\n\n\n\n<p>En realidad, el derecho a la informaci\u00f3n es la base para muchos otros derechos civiles y universales, puesto que no solo garantiza que los seres humanos est\u00e9n en pleno conocimiento de la verdad, sino que adem\u00e1s, exige la transparencia en las gestiones de los gobiernos para evitar cr\u00edmenes de lesa humanidad y actos de corrupci\u00f3n, por nombrar algunos ejemplos b\u00e1sicos.<\/p>\n\n\n\n<p><strong>\u00bfC\u00f3mo podemos celebrar este d\u00eda?<\/strong><\/p>\n\n\n\n<p>La forma m\u00e1s sencilla de celebrarlo es compartiendo informaci\u00f3n de inter\u00e9s dentro de la web, pero ser\u00eda a\u00fan mejor si asisti\u00e9semos a charlas y conferencias, donde se nos informe el tipo de informaci\u00f3n a la cual tenemos derecho de acceder sin restricciones, para poder ejercer cambios tanto a nivel local como mundial.<\/p>\n\n\n\n<p>Otra manera de celebrar este d\u00eda, ser\u00eda compartiendo conocimiento con otras personas. En realidad, desde que se cre\u00f3 Internet, el D\u00eda Internacional del Derecho de Acceso Universal a la Informaci\u00f3n, pareciera ser todos los d\u00edas.<\/p>\n","protected":false},"excerpt":{"rendered":"<p>El 28 de septiembre se celebra el D\u00eda Internacional del Derecho de Acceso Universal a la Informaci\u00f3n, una fecha cuyo prop\u00f3sito es procurar el acceso a la informaci\u00f3n digital (principalmente), como veh\u00edculo para garantizar otros derechos y poner en evidencia algunas violaciones que ocurren en el mundo. A pesar de que este d\u00eda oficial fue [&hellip;]<\/p>\n","protected":false},"author":2,"featured_media":8976,"comment_status":"open","ping_status":"open","sticky":false,"template":"","format":"standard","meta":{"footnotes":""},"categories":[35],"tags":[],"class_list":["post-8975","post","type-post","status-publish","format-standard","has-post-thumbnail","hentry","category-informacion-general"],"yoast_head":"<!-- This site is optimized with the Yoast SEO plugin v27.4 - https:\/\/yoast.com\/product\/yoast-seo-wordpress\/ -->\n<title>D\u00eda Internacional del Derecho de Acceso Universal a la Informaci\u00f3n | CVI NOTICIAS<\/title>\n<meta name=\"robots\" content=\"index, follow, max-snippet:-1, max-image-preview:large, max-video-preview:-1\" \/>\n<link rel=\"canonical\" href=\"https:\/\/cvinoticias.com\/v3\/dia-internacional-del-derecho-de-acceso-universal-a-la-informacion\/\" \/>\n<meta property=\"og:locale\" content=\"es_ES\" \/>\n<meta property=\"og:type\" content=\"article\" \/>\n<meta property=\"og:title\" content=\"D\u00eda Internacional del Derecho de Acceso Universal a la Informaci\u00f3n | CVI NOTICIAS\" \/>\n<meta property=\"og:description\" content=\"El 28 de septiembre se celebra el D\u00eda Internacional del Derecho de Acceso Universal a la Informaci\u00f3n, una fecha cuyo prop\u00f3sito es procurar el acceso a la informaci\u00f3n digital (principalmente), como veh\u00edculo para garantizar otros derechos y poner en evidencia algunas violaciones que ocurren en el mundo. A pesar de que este d\u00eda oficial fue [&hellip;]\" \/>\n<meta property=\"og:url\" content=\"https:\/\/cvinoticias.com\/v3\/dia-internacional-del-derecho-de-acceso-universal-a-la-informacion\/\" \/>\n<meta property=\"og:site_name\" content=\"CVI NOTICIAS\" \/>\n<meta property=\"article:publisher\" content=\"https:\/\/www.facebook.com\/cvinoticias\" \/>\n<meta property=\"article:published_time\" content=\"2021-09-28T16:19:49+00:00\" \/>\n<meta property=\"article:modified_time\" content=\"2021-09-28T16:20:59+00:00\" \/>\n<meta property=\"og:image\" content=\"https:\/\/cvinoticias.com\/wp-content\/uploads\/2021\/09\/diamundialderechoasaberaccesouniversalalainformacionblancaliliaibarraopinionlasillarota.jpg\" \/>\n\t<meta property=\"og:image:width\" content=\"1287\" \/>\n\t<meta property=\"og:image:height\" content=\"900\" \/>\n\t<meta property=\"og:image:type\" content=\"image\/jpeg\" \/>\n<meta name=\"author\" content=\"f1000024\" \/>\n<meta name=\"twitter:card\" content=\"summary_large_image\" \/>\n<meta name=\"twitter:label1\" content=\"Escrito por\" \/>\n\t<meta name=\"twitter:data1\" content=\"f1000024\" \/>\n\t<meta name=\"twitter:label2\" content=\"Tiempo de lectura\" \/>\n\t<meta name=\"twitter:data2\" content=\"2 minutos\" \/>\n<script type=\"application\/ld+json\" class=\"yoast-schema-graph\">{\"@context\":\"https:\\\/\\\/schema.org\",\"@graph\":[{\"@type\":\"Article\",\"@id\":\"https:\\\/\\\/cvinoticias.com\\\/v3\\\/dia-internacional-del-derecho-de-acceso-universal-a-la-informacion\\\/#article\",\"isPartOf\":{\"@id\":\"https:\\\/\\\/cvinoticias.com\\\/v3\\\/dia-internacional-del-derecho-de-acceso-universal-a-la-informacion\\\/\"},\"author\":{\"name\":\"f1000024\",\"@id\":\"https:\\\/\\\/cvinoticias.com\\\/v3\\\/#\\\/schema\\\/person\\\/2db77e3c6bc03c538495d7b2b8be9b66\"},\"headline\":\"D\u00eda Internacional del Derecho de Acceso Universal a la Informaci\u00f3n\",\"datePublished\":\"2021-09-28T16:19:49+00:00\",\"dateModified\":\"2021-09-28T16:20:59+00:00\",\"mainEntityOfPage\":{\"@id\":\"https:\\\/\\\/cvinoticias.com\\\/v3\\\/dia-internacional-del-derecho-de-acceso-universal-a-la-informacion\\\/\"},\"wordCount\":398,\"commentCount\":0,\"publisher\":{\"@id\":\"https:\\\/\\\/cvinoticias.com\\\/v3\\\/#organization\"},\"image\":{\"@id\":\"https:\\\/\\\/cvinoticias.com\\\/v3\\\/dia-internacional-del-derecho-de-acceso-universal-a-la-informacion\\\/#primaryimage\"},\"thumbnailUrl\":\"https:\\\/\\\/cvinoticias.com\\\/wp-content\\\/uploads\\\/2021\\\/09\\\/diamundialderechoasaberaccesouniversalalainformacionblancaliliaibarraopinionlasillarota.jpg\",\"articleSection\":[\"Informaci\u00f3n General\"],\"inLanguage\":\"es\",\"potentialAction\":[{\"@type\":\"CommentAction\",\"name\":\"Comment\",\"target\":[\"https:\\\/\\\/cvinoticias.com\\\/v3\\\/dia-internacional-del-derecho-de-acceso-universal-a-la-informacion\\\/#respond\"]}]},{\"@type\":\"WebPage\",\"@id\":\"https:\\\/\\\/cvinoticias.com\\\/v3\\\/dia-internacional-del-derecho-de-acceso-universal-a-la-informacion\\\/\",\"url\":\"https:\\\/\\\/cvinoticias.com\\\/v3\\\/dia-internacional-del-derecho-de-acceso-universal-a-la-informacion\\\/\",\"name\":\"D\u00eda Internacional del Derecho de Acceso Universal a la Informaci\u00f3n | CVI NOTICIAS\",\"isPartOf\":{\"@id\":\"https:\\\/\\\/cvinoticias.com\\\/v3\\\/#website\"},\"primaryImageOfPage\":{\"@id\":\"https:\\\/\\\/cvinoticias.com\\\/v3\\\/dia-internacional-del-derecho-de-acceso-universal-a-la-informacion\\\/#primaryimage\"},\"image\":{\"@id\":\"https:\\\/\\\/cvinoticias.com\\\/v3\\\/dia-internacional-del-derecho-de-acceso-universal-a-la-informacion\\\/#primaryimage\"},\"thumbnailUrl\":\"https:\\\/\\\/cvinoticias.com\\\/wp-content\\\/uploads\\\/2021\\\/09\\\/diamundialderechoasaberaccesouniversalalainformacionblancaliliaibarraopinionlasillarota.jpg\",\"datePublished\":\"2021-09-28T16:19:49+00:00\",\"dateModified\":\"2021-09-28T16:20:59+00:00\",\"breadcrumb\":{\"@id\":\"https:\\\/\\\/cvinoticias.com\\\/v3\\\/dia-internacional-del-derecho-de-acceso-universal-a-la-informacion\\\/#breadcrumb\"},\"inLanguage\":\"es\",\"potentialAction\":[{\"@type\":\"ReadAction\",\"target\":[\"https:\\\/\\\/cvinoticias.com\\\/v3\\\/dia-internacional-del-derecho-de-acceso-universal-a-la-informacion\\\/\"]}]},{\"@type\":\"ImageObject\",\"inLanguage\":\"es\",\"@id\":\"https:\\\/\\\/cvinoticias.com\\\/v3\\\/dia-internacional-del-derecho-de-acceso-universal-a-la-informacion\\\/#primaryimage\",\"url\":\"https:\\\/\\\/cvinoticias.com\\\/wp-content\\\/uploads\\\/2021\\\/09\\\/diamundialderechoasaberaccesouniversalalainformacionblancaliliaibarraopinionlasillarota.jpg\",\"contentUrl\":\"https:\\\/\\\/cvinoticias.com\\\/wp-content\\\/uploads\\\/2021\\\/09\\\/diamundialderechoasaberaccesouniversalalainformacionblancaliliaibarraopinionlasillarota.jpg\",\"width\":1287,\"height\":900},{\"@type\":\"BreadcrumbList\",\"@id\":\"https:\\\/\\\/cvinoticias.com\\\/v3\\\/dia-internacional-del-derecho-de-acceso-universal-a-la-informacion\\\/#breadcrumb\",\"itemListElement\":[{\"@type\":\"ListItem\",\"position\":1,\"name\":\"Portada\",\"item\":\"https:\\\/\\\/cvinoticias.com\\\/v3\\\/\"},{\"@type\":\"ListItem\",\"position\":2,\"name\":\"D\u00eda Internacional del Derecho de Acceso Universal a la Informaci\u00f3n\"}]},{\"@type\":\"WebSite\",\"@id\":\"https:\\\/\\\/cvinoticias.com\\\/v3\\\/#website\",\"url\":\"https:\\\/\\\/cvinoticias.com\\\/v3\\\/\",\"name\":\"CVI NOTICIAS\",\"description\":\"\",\"publisher\":{\"@id\":\"https:\\\/\\\/cvinoticias.com\\\/v3\\\/#organization\"},\"alternateName\":\"CVI\",\"potentialAction\":[{\"@type\":\"SearchAction\",\"target\":{\"@type\":\"EntryPoint\",\"urlTemplate\":\"https:\\\/\\\/cvinoticias.com\\\/v3\\\/?s={search_term_string}\"},\"query-input\":{\"@type\":\"PropertyValueSpecification\",\"valueRequired\":true,\"valueName\":\"search_term_string\"}}],\"inLanguage\":\"es\"},{\"@type\":\"Organization\",\"@id\":\"https:\\\/\\\/cvinoticias.com\\\/v3\\\/#organization\",\"name\":\"CVI NOTICIAS\",\"url\":\"https:\\\/\\\/cvinoticias.com\\\/v3\\\/\",\"logo\":{\"@type\":\"ImageObject\",\"inLanguage\":\"es\",\"@id\":\"https:\\\/\\\/cvinoticias.com\\\/v3\\\/#\\\/schema\\\/logo\\\/image\\\/\",\"url\":\"https:\\\/\\\/cvinoticias.com\\\/wp-content\\\/uploads\\\/2023\\\/04\\\/cropped-cropped-cropped-cropped-cropped-3-1.png\",\"contentUrl\":\"https:\\\/\\\/cvinoticias.com\\\/wp-content\\\/uploads\\\/2023\\\/04\\\/cropped-cropped-cropped-cropped-cropped-3-1.png\",\"width\":95,\"height\":122,\"caption\":\"CVI NOTICIAS\"},\"image\":{\"@id\":\"https:\\\/\\\/cvinoticias.com\\\/v3\\\/#\\\/schema\\\/logo\\\/image\\\/\"},\"sameAs\":[\"https:\\\/\\\/www.facebook.com\\\/cvinoticias\",\"https:\\\/\\\/www.instagram.com\\\/cvinoticias\\\/\",\"https:\\\/\\\/www.youtube.com\\\/@CVINOTICIAS\"]},{\"@type\":\"Person\",\"@id\":\"https:\\\/\\\/cvinoticias.com\\\/v3\\\/#\\\/schema\\\/person\\\/2db77e3c6bc03c538495d7b2b8be9b66\",\"name\":\"f1000024\",\"image\":{\"@type\":\"ImageObject\",\"inLanguage\":\"es\",\"@id\":\"https:\\\/\\\/secure.gravatar.com\\\/avatar\\\/d4fe7459cfc51ff5129ce1a732bbef5928568b8092d412ef95611616376bbeed?s=96&d=mm&r=g\",\"url\":\"https:\\\/\\\/secure.gravatar.com\\\/avatar\\\/d4fe7459cfc51ff5129ce1a732bbef5928568b8092d412ef95611616376bbeed?s=96&d=mm&r=g\",\"contentUrl\":\"https:\\\/\\\/secure.gravatar.com\\\/avatar\\\/d4fe7459cfc51ff5129ce1a732bbef5928568b8092d412ef95611616376bbeed?s=96&d=mm&r=g\",\"caption\":\"f1000024\"},\"url\":\"https:\\\/\\\/cvinoticias.com\\\/v3\\\/author\\\/f1000024\\\/\"}]}<\/script>\n<!-- \/ Yoast SEO plugin. -->","yoast_head_json":{"title":"D\u00eda Internacional del Derecho de Acceso Universal a la Informaci\u00f3n | CVI NOTICIAS","robots":{"index":"index","follow":"follow","max-snippet":"max-snippet:-1","max-image-preview":"max-image-preview:large","max-video-preview":"max-video-preview:-1"},"canonical":"https:\/\/cvinoticias.com\/v3\/dia-internacional-del-derecho-de-acceso-universal-a-la-informacion\/","og_locale":"es_ES","og_type":"article","og_title":"D\u00eda Internacional del Derecho de Acceso Universal a la Informaci\u00f3n | CVI NOTICIAS","og_description":"El 28 de septiembre se celebra el D\u00eda Internacional del Derecho de Acceso Universal a la Informaci\u00f3n, una fecha cuyo prop\u00f3sito es procurar el acceso a la informaci\u00f3n digital (principalmente), como veh\u00edculo para garantizar otros derechos y poner en evidencia algunas violaciones que ocurren en el mundo. A pesar de que este d\u00eda oficial fue [&hellip;]","og_url":"https:\/\/cvinoticias.com\/v3\/dia-internacional-del-derecho-de-acceso-universal-a-la-informacion\/","og_site_name":"CVI NOTICIAS","article_publisher":"https:\/\/www.facebook.com\/cvinoticias","article_published_time":"2021-09-28T16:19:49+00:00","article_modified_time":"2021-09-28T16:20:59+00:00","og_image":[{"width":1287,"height":900,"url":"https:\/\/cvinoticias.com\/wp-content\/uploads\/2021\/09\/diamundialderechoasaberaccesouniversalalainformacionblancaliliaibarraopinionlasillarota.jpg","type":"image\/jpeg"}],"author":"f1000024","twitter_card":"summary_large_image","twitter_misc":{"Escrito por":"f1000024","Tiempo de lectura":"2 minutos"},"schema":{"@context":"https:\/\/schema.org","@graph":[{"@type":"Article","@id":"https:\/\/cvinoticias.com\/v3\/dia-internacional-del-derecho-de-acceso-universal-a-la-informacion\/#article","isPartOf":{"@id":"https:\/\/cvinoticias.com\/v3\/dia-internacional-del-derecho-de-acceso-universal-a-la-informacion\/"},"author":{"name":"f1000024","@id":"https:\/\/cvinoticias.com\/v3\/#\/schema\/person\/2db77e3c6bc03c538495d7b2b8be9b66"},"headline":"D\u00eda Internacional del Derecho de Acceso Universal a la Informaci\u00f3n","datePublished":"2021-09-28T16:19:49+00:00","dateModified":"2021-09-28T16:20:59+00:00","mainEntityOfPage":{"@id":"https:\/\/cvinoticias.com\/v3\/dia-internacional-del-derecho-de-acceso-universal-a-la-informacion\/"},"wordCount":398,"commentCount":0,"publisher":{"@id":"https:\/\/cvinoticias.com\/v3\/#organization"},"image":{"@id":"https:\/\/cvinoticias.com\/v3\/dia-internacional-del-derecho-de-acceso-universal-a-la-informacion\/#primaryimage"},"thumbnailUrl":"https:\/\/cvinoticias.com\/wp-content\/uploads\/2021\/09\/diamundialderechoasaberaccesouniversalalainformacionblancaliliaibarraopinionlasillarota.jpg","articleSection":["Informaci\u00f3n General"],"inLanguage":"es","potentialAction":[{"@type":"CommentAction","name":"Comment","target":["https:\/\/cvinoticias.com\/v3\/dia-internacional-del-derecho-de-acceso-universal-a-la-informacion\/#respond"]}]},{"@type":"WebPage","@id":"https:\/\/cvinoticias.com\/v3\/dia-internacional-del-derecho-de-acceso-universal-a-la-informacion\/","url":"https:\/\/cvinoticias.com\/v3\/dia-internacional-del-derecho-de-acceso-universal-a-la-informacion\/","name":"D\u00eda Internacional del Derecho de Acceso Universal a la Informaci\u00f3n | CVI NOTICIAS","isPartOf":{"@id":"https:\/\/cvinoticias.com\/v3\/#website"},"primaryImageOfPage":{"@id":"https:\/\/cvinoticias.com\/v3\/dia-internacional-del-derecho-de-acceso-universal-a-la-informacion\/#primaryimage"},"image":{"@id":"https:\/\/cvinoticias.com\/v3\/dia-internacional-del-derecho-de-acceso-universal-a-la-informacion\/#primaryimage"},"thumbnailUrl":"https:\/\/cvinoticias.com\/wp-content\/uploads\/2021\/09\/diamundialderechoasaberaccesouniversalalainformacionblancaliliaibarraopinionlasillarota.jpg","datePublished":"2021-09-28T16:19:49+00:00","dateModified":"2021-09-28T16:20:59+00:00","breadcrumb":{"@id":"https:\/\/cvinoticias.com\/v3\/dia-internacional-del-derecho-de-acceso-universal-a-la-informacion\/#breadcrumb"},"inLanguage":"es","potentialAction":[{"@type":"ReadAction","target":["https:\/\/cvinoticias.com\/v3\/dia-internacional-del-derecho-de-acceso-universal-a-la-informacion\/"]}]},{"@type":"ImageObject","inLanguage":"es","@id":"https:\/\/cvinoticias.com\/v3\/dia-internacional-del-derecho-de-acceso-universal-a-la-informacion\/#primaryimage","url":"https:\/\/cvinoticias.com\/wp-content\/uploads\/2021\/09\/diamundialderechoasaberaccesouniversalalainformacionblancaliliaibarraopinionlasillarota.jpg","contentUrl":"https:\/\/cvinoticias.com\/wp-content\/uploads\/2021\/09\/diamundialderechoasaberaccesouniversalalainformacionblancaliliaibarraopinionlasillarota.jpg","width":1287,"height":900},{"@type":"BreadcrumbList","@id":"https:\/\/cvinoticias.com\/v3\/dia-internacional-del-derecho-de-acceso-universal-a-la-informacion\/#breadcrumb","itemListElement":[{"@type":"ListItem","position":1,"name":"Portada","item":"https:\/\/cvinoticias.com\/v3\/"},{"@type":"ListItem","position":2,"name":"D\u00eda Internacional del Derecho de Acceso Universal a la Informaci\u00f3n"}]},{"@type":"WebSite","@id":"https:\/\/cvinoticias.com\/v3\/#website","url":"https:\/\/cvinoticias.com\/v3\/","name":"CVI NOTICIAS","description":"","publisher":{"@id":"https:\/\/cvinoticias.com\/v3\/#organization"},"alternateName":"CVI","potentialAction":[{"@type":"SearchAction","target":{"@type":"EntryPoint","urlTemplate":"https:\/\/cvinoticias.com\/v3\/?s={search_term_string}"},"query-input":{"@type":"PropertyValueSpecification","valueRequired":true,"valueName":"search_term_string"}}],"inLanguage":"es"},{"@type":"Organization","@id":"https:\/\/cvinoticias.com\/v3\/#organization","name":"CVI NOTICIAS","url":"https:\/\/cvinoticias.com\/v3\/","logo":{"@type":"ImageObject","inLanguage":"es","@id":"https:\/\/cvinoticias.com\/v3\/#\/schema\/logo\/image\/","url":"https:\/\/cvinoticias.com\/wp-content\/uploads\/2023\/04\/cropped-cropped-cropped-cropped-cropped-3-1.png","contentUrl":"https:\/\/cvinoticias.com\/wp-content\/uploads\/2023\/04\/cropped-cropped-cropped-cropped-cropped-3-1.png","width":95,"height":122,"caption":"CVI NOTICIAS"},"image":{"@id":"https:\/\/cvinoticias.com\/v3\/#\/schema\/logo\/image\/"},"sameAs":["https:\/\/www.facebook.com\/cvinoticias","https:\/\/www.instagram.com\/cvinoticias\/","https:\/\/www.youtube.com\/@CVINOTICIAS"]},{"@type":"Person","@id":"https:\/\/cvinoticias.com\/v3\/#\/schema\/person\/2db77e3c6bc03c538495d7b2b8be9b66","name":"f1000024","image":{"@type":"ImageObject","inLanguage":"es","@id":"https:\/\/secure.gravatar.com\/avatar\/d4fe7459cfc51ff5129ce1a732bbef5928568b8092d412ef95611616376bbeed?s=96&d=mm&r=g","url":"https:\/\/secure.gravatar.com\/avatar\/d4fe7459cfc51ff5129ce1a732bbef5928568b8092d412ef95611616376bbeed?s=96&d=mm&r=g","contentUrl":"https:\/\/secure.gravatar.com\/avatar\/d4fe7459cfc51ff5129ce1a732bbef5928568b8092d412ef95611616376bbeed?s=96&d=mm&r=g","caption":"f1000024"},"url":"https:\/\/cvinoticias.com\/v3\/author\/f1000024\/"}]}},"_links":{"self":[{"href":"https:\/\/cvinoticias.com\/v3\/wp-json\/wp\/v2\/posts\/8975","targetHints":{"allow":["GET"]}}],"collection":[{"href":"https:\/\/cvinoticias.com\/v3\/wp-json\/wp\/v2\/posts"}],"about":[{"href":"https:\/\/cvinoticias.com\/v3\/wp-json\/wp\/v2\/types\/post"}],"author":[{"embeddable":true,"href":"https:\/\/cvinoticias.com\/v3\/wp-json\/wp\/v2\/users\/2"}],"replies":[{"embeddable":true,"href":"https:\/\/cvinoticias.com\/v3\/wp-json\/wp\/v2\/comments?post=8975"}],"version-history":[{"count":2,"href":"https:\/\/cvinoticias.com\/v3\/wp-json\/wp\/v2\/posts\/8975\/revisions"}],"predecessor-version":[{"id":8978,"href":"https:\/\/cvinoticias.com\/v3\/wp-json\/wp\/v2\/posts\/8975\/revisions\/8978"}],"wp:featuredmedia":[{"embeddable":true,"href":"https:\/\/cvinoticias.com\/v3\/wp-json\/wp\/v2\/media\/8976"}],"wp:attachment":[{"href":"https:\/\/cvinoticias.com\/v3\/wp-json\/wp\/v2\/media?parent=8975"}],"wp:term":[{"taxonomy":"category","embeddable":true,"href":"https:\/\/cvinoticias.com\/v3\/wp-json\/wp\/v2\/categories?post=8975"},{"taxonomy":"post_tag","embeddable":true,"href":"https:\/\/cvinoticias.com\/v3\/wp-json\/wp\/v2\/tags?post=8975"}],"curies":[{"name":"wp","href":"https:\/\/api.w.org\/{rel}","templated":true}]}}