{"id":8938,"date":"2021-09-28T02:13:58","date_gmt":"2021-09-28T02:13:58","guid":{"rendered":"https:\/\/cvinoticias.com\/v3\/?p=8938"},"modified":"2021-09-28T02:13:58","modified_gmt":"2021-09-28T02:13:58","slug":"lanzaron-registradas-el-programa-para-reducir-la-informalidad-en-el-servicio-domestico","status":"publish","type":"post","link":"https:\/\/cvinoticias.com\/v3\/lanzaron-registradas-el-programa-para-reducir-la-informalidad-en-el-servicio-domestico\/","title":{"rendered":"Lanzaron \u00abRegistradas\u00bb, el programa para reducir la informalidad en el servicio dom\u00e9stico"},"content":{"rendered":"\n<p><em><strong>El gobierno nacional puso formalmente en marcha el Programa \u00abRegistradas\u00bb, que busca incentivar la registraci\u00f3n de empleadas de casas particulares a trav\u00e9s de distintos beneficios, entre los que se destaca el pago de hasta el 50 por ciento del salario de las nuevas trabajadoras durante un plazo de seis meses.<\/strong><\/em><\/p>\n\n\n\n<p>El anuncio se realiz\u00f3 este lunes al mediod\u00eda luego de que la ministra de las Mujeres, Elizabeth G\u00f3mez Alcorta; los ministros de Econom\u00eda, Mart\u00edn Guzm\u00e1n y de Trabajo, Claudio Moroni; el presidente del Banco Naci\u00f3n, Eduardo Hecker, y la titular de AFIP, Mercedes Marc\u00f3 del Pont, mantuvieran una reuni\u00f3n con el presidente Alberto Fern\u00e1ndez.<\/p>\n\n\n\n<p>Seg\u00fan se explic\u00f3 oficialmente, la inscripci\u00f3n al programa permanecer\u00e1 abierta durante octubre, noviembre y diciembre a trav\u00e9s del sitio web de la AFIP. Adem\u00e1s se aclar\u00f3 que, para el trabajador, el beneficio no es contradictorio con la Asignaci\u00f3n Universal por Hijo, la Asignaci\u00f3n por Embarazo, el Progresar, el Potenciar Trabajo o la Tarjeta Alimentar.<\/p>\n\n\n\n<p>La medida implica la transferencia por parte del Estado nacional de una suma por mes equivalente al 50 o 30 por ciento de la remuneraci\u00f3n neta mensual declarada por el empleador al momento de la inscripci\u00f3n al programa.<\/p>\n\n\n\n<p>En di\u00e1logo con la prensa acreditada en Casa Rosada, G\u00f3mez Alcorta record\u00f3 que la medida apunta a un sector \u00aben el que una de cada cinco mujeres del pa\u00eds trabaja y donde cay\u00f3 la contrataci\u00f3n porque hubo un impacto muy fuerte durante la pandemia\u00bb de coronavirus.<\/p>\n\n\n\n<p>La funcionaria se\u00f1al\u00f3 que el Estado nacional pagar\u00e1 una parte del sueldo de la trabajadora (por un monto de hasta 15.000 pesos) durante seis meses, mientras la parte empleadora deber\u00e1 registrarla, pagar sus aportes, contribuciones, ART y el porcentaje del sueldo restante, siempre comprometi\u00e9ndose \u00aba mantener la ocupaci\u00f3n durante cuatro meses m\u00e1s luego de concluir\u00bb el plazo del Programa, explic\u00f3.<\/p>\n\n\n\n<p>Tampoco se podr\u00e1 despedir a una trabajadora registrada para volverla a contratar y el salario deber\u00e1 depositarse obligatoriamente en una cuenta bancaria.<\/p>\n\n\n\n<p>\u00bfEn qu\u00e9 consiste?<\/p>\n\n\n\n<ul class=\"wp-block-list\"><li>Transferencia a las nuevas trabajadoras que sean registradas por sus empleadores de una suma entre el 30% y 50% del salario durante 6 meses.<\/li><li>Se har\u00e1 a una cuenta sueldo gratuita a nombre de la trabajadora en el Banco de la Naci\u00f3n de la Argentina. La parte empleadora deber\u00e1 transferir a la trabajadora el porcentaje restante del sueldo que corresponda.<\/li><li>La parte empleadora debe inscribir a la trabajadora en la p\u00e1gina web de la AFIP y pagar la ART, los aportes y contribuciones. Una vez realizada el alta de la relaci\u00f3n laboral podr\u00e1 tramitar el beneficio.<\/li><li>Las trabajadoras deben dedicar un m\u00ednimo de 12 horas semanales declaradas por la parte empleadora y desempe\u00f1ar tareas enmarcadas dentro de las categor\u00edas \u201cPersonal para tareas espec\u00edficas\u201d, \u201dCaseros y caseras\u201d, \u201dAsistencia y cuidado de personas\u201d o \u201cPersonal para tareas generales\u201d.<\/li><\/ul>\n\n\n\n<p>\u00bfCu\u00e1nto cubre el Estado del sueldo de las trabajadoras?<\/p>\n\n\n\n<p>Depender\u00e1 del ingreso mensual de las y los empleadores:<\/p>\n\n\n\n<ul class=\"wp-block-list\"><li>Cuando los ingresos brutos mensuales sean menores a $122.500, la transferencia ser\u00e1 del 50% de la remuneraci\u00f3n neta mensual.<\/li><li>En los casos que el ingreso se ubique entre $122.500 y $175.000, ser\u00e1 del 30% de la remuneraci\u00f3n neta mensual.<br>En todos los casos, el beneficio no podr\u00e1 superar los $15.000 mensuales.<\/li><\/ul>\n\n\n\n<p>Registradas es compatible con la AUH, la Asignaci\u00f3n Universal por Embarazo, la Tarjeta Alimentar, el Progresar y Potenciar Trabajo.<\/p>\n","protected":false},"excerpt":{"rendered":"<p>El gobierno nacional puso formalmente en marcha el Programa \u00abRegistradas\u00bb, que busca incentivar la registraci\u00f3n de empleadas de casas particulares a trav\u00e9s de distintos beneficios, entre los que se destaca el pago de hasta el 50 por ciento del salario de las nuevas trabajadoras durante un plazo de seis meses. El anuncio se realiz\u00f3 este [&hellip;]<\/p>\n","protected":false},"author":2,"featured_media":8939,"comment_status":"open","ping_status":"open","sticky":false,"template":"","format":"standard","meta":{"footnotes":""},"categories":[35],"tags":[],"class_list":["post-8938","post","type-post","status-publish","format-standard","has-post-thumbnail","hentry","category-informacion-general"],"yoast_head":"<!-- This site is optimized with the Yoast SEO plugin v27.4 - https:\/\/yoast.com\/product\/yoast-seo-wordpress\/ -->\n<title>Lanzaron &quot;Registradas&quot;, el programa para reducir la informalidad en el servicio dom\u00e9stico | CVI NOTICIAS<\/title>\n<meta name=\"robots\" content=\"index, follow, max-snippet:-1, max-image-preview:large, max-video-preview:-1\" \/>\n<link rel=\"canonical\" href=\"https:\/\/cvinoticias.com\/v3\/lanzaron-registradas-el-programa-para-reducir-la-informalidad-en-el-servicio-domestico\/\" \/>\n<meta property=\"og:locale\" content=\"es_ES\" \/>\n<meta property=\"og:type\" content=\"article\" \/>\n<meta property=\"og:title\" content=\"Lanzaron &quot;Registradas&quot;, el programa para reducir la informalidad en el servicio dom\u00e9stico | CVI NOTICIAS\" \/>\n<meta property=\"og:description\" content=\"El gobierno nacional puso formalmente en marcha el Programa \u00abRegistradas\u00bb, que busca incentivar la registraci\u00f3n de empleadas de casas particulares a trav\u00e9s de distintos beneficios, entre los que se destaca el pago de hasta el 50 por ciento del salario de las nuevas trabajadoras durante un plazo de seis meses. El anuncio se realiz\u00f3 este [&hellip;]\" \/>\n<meta property=\"og:url\" content=\"https:\/\/cvinoticias.com\/v3\/lanzaron-registradas-el-programa-para-reducir-la-informalidad-en-el-servicio-domestico\/\" \/>\n<meta property=\"og:site_name\" content=\"CVI NOTICIAS\" \/>\n<meta property=\"article:publisher\" content=\"https:\/\/www.facebook.com\/cvinoticias\" \/>\n<meta property=\"article:published_time\" content=\"2021-09-28T02:13:58+00:00\" \/>\n<meta property=\"og:image\" content=\"https:\/\/cvinoticias.com\/wp-content\/uploads\/2021\/09\/Screenshot_20210927-230631_Chrome.jpg\" \/>\n\t<meta property=\"og:image:width\" content=\"873\" \/>\n\t<meta property=\"og:image:height\" content=\"584\" \/>\n\t<meta property=\"og:image:type\" content=\"image\/jpeg\" \/>\n<meta name=\"author\" content=\"f1000024\" \/>\n<meta name=\"twitter:card\" content=\"summary_large_image\" \/>\n<meta name=\"twitter:label1\" content=\"Escrito por\" \/>\n\t<meta name=\"twitter:data1\" content=\"f1000024\" \/>\n\t<meta name=\"twitter:label2\" content=\"Tiempo de lectura\" \/>\n\t<meta name=\"twitter:data2\" content=\"3 minutos\" \/>\n<script type=\"application\/ld+json\" class=\"yoast-schema-graph\">{\"@context\":\"https:\\\/\\\/schema.org\",\"@graph\":[{\"@type\":\"Article\",\"@id\":\"https:\\\/\\\/cvinoticias.com\\\/v3\\\/lanzaron-registradas-el-programa-para-reducir-la-informalidad-en-el-servicio-domestico\\\/#article\",\"isPartOf\":{\"@id\":\"https:\\\/\\\/cvinoticias.com\\\/v3\\\/lanzaron-registradas-el-programa-para-reducir-la-informalidad-en-el-servicio-domestico\\\/\"},\"author\":{\"name\":\"f1000024\",\"@id\":\"https:\\\/\\\/cvinoticias.com\\\/v3\\\/#\\\/schema\\\/person\\\/2db77e3c6bc03c538495d7b2b8be9b66\"},\"headline\":\"Lanzaron \u00abRegistradas\u00bb, el programa para reducir la informalidad en el servicio dom\u00e9stico\",\"datePublished\":\"2021-09-28T02:13:58+00:00\",\"mainEntityOfPage\":{\"@id\":\"https:\\\/\\\/cvinoticias.com\\\/v3\\\/lanzaron-registradas-el-programa-para-reducir-la-informalidad-en-el-servicio-domestico\\\/\"},\"wordCount\":587,\"commentCount\":0,\"publisher\":{\"@id\":\"https:\\\/\\\/cvinoticias.com\\\/v3\\\/#organization\"},\"image\":{\"@id\":\"https:\\\/\\\/cvinoticias.com\\\/v3\\\/lanzaron-registradas-el-programa-para-reducir-la-informalidad-en-el-servicio-domestico\\\/#primaryimage\"},\"thumbnailUrl\":\"https:\\\/\\\/cvinoticias.com\\\/wp-content\\\/uploads\\\/2021\\\/09\\\/Screenshot_20210927-230631_Chrome.jpg\",\"articleSection\":[\"Informaci\u00f3n General\"],\"inLanguage\":\"es\",\"potentialAction\":[{\"@type\":\"CommentAction\",\"name\":\"Comment\",\"target\":[\"https:\\\/\\\/cvinoticias.com\\\/v3\\\/lanzaron-registradas-el-programa-para-reducir-la-informalidad-en-el-servicio-domestico\\\/#respond\"]}]},{\"@type\":\"WebPage\",\"@id\":\"https:\\\/\\\/cvinoticias.com\\\/v3\\\/lanzaron-registradas-el-programa-para-reducir-la-informalidad-en-el-servicio-domestico\\\/\",\"url\":\"https:\\\/\\\/cvinoticias.com\\\/v3\\\/lanzaron-registradas-el-programa-para-reducir-la-informalidad-en-el-servicio-domestico\\\/\",\"name\":\"Lanzaron \\\"Registradas\\\", el programa para reducir la informalidad en el servicio dom\u00e9stico | CVI NOTICIAS\",\"isPartOf\":{\"@id\":\"https:\\\/\\\/cvinoticias.com\\\/v3\\\/#website\"},\"primaryImageOfPage\":{\"@id\":\"https:\\\/\\\/cvinoticias.com\\\/v3\\\/lanzaron-registradas-el-programa-para-reducir-la-informalidad-en-el-servicio-domestico\\\/#primaryimage\"},\"image\":{\"@id\":\"https:\\\/\\\/cvinoticias.com\\\/v3\\\/lanzaron-registradas-el-programa-para-reducir-la-informalidad-en-el-servicio-domestico\\\/#primaryimage\"},\"thumbnailUrl\":\"https:\\\/\\\/cvinoticias.com\\\/wp-content\\\/uploads\\\/2021\\\/09\\\/Screenshot_20210927-230631_Chrome.jpg\",\"datePublished\":\"2021-09-28T02:13:58+00:00\",\"breadcrumb\":{\"@id\":\"https:\\\/\\\/cvinoticias.com\\\/v3\\\/lanzaron-registradas-el-programa-para-reducir-la-informalidad-en-el-servicio-domestico\\\/#breadcrumb\"},\"inLanguage\":\"es\",\"potentialAction\":[{\"@type\":\"ReadAction\",\"target\":[\"https:\\\/\\\/cvinoticias.com\\\/v3\\\/lanzaron-registradas-el-programa-para-reducir-la-informalidad-en-el-servicio-domestico\\\/\"]}]},{\"@type\":\"ImageObject\",\"inLanguage\":\"es\",\"@id\":\"https:\\\/\\\/cvinoticias.com\\\/v3\\\/lanzaron-registradas-el-programa-para-reducir-la-informalidad-en-el-servicio-domestico\\\/#primaryimage\",\"url\":\"https:\\\/\\\/cvinoticias.com\\\/wp-content\\\/uploads\\\/2021\\\/09\\\/Screenshot_20210927-230631_Chrome.jpg\",\"contentUrl\":\"https:\\\/\\\/cvinoticias.com\\\/wp-content\\\/uploads\\\/2021\\\/09\\\/Screenshot_20210927-230631_Chrome.jpg\",\"width\":873,\"height\":584},{\"@type\":\"BreadcrumbList\",\"@id\":\"https:\\\/\\\/cvinoticias.com\\\/v3\\\/lanzaron-registradas-el-programa-para-reducir-la-informalidad-en-el-servicio-domestico\\\/#breadcrumb\",\"itemListElement\":[{\"@type\":\"ListItem\",\"position\":1,\"name\":\"Portada\",\"item\":\"https:\\\/\\\/cvinoticias.com\\\/v3\\\/\"},{\"@type\":\"ListItem\",\"position\":2,\"name\":\"Lanzaron \u00abRegistradas\u00bb, el programa para reducir la informalidad en el servicio dom\u00e9stico\"}]},{\"@type\":\"WebSite\",\"@id\":\"https:\\\/\\\/cvinoticias.com\\\/v3\\\/#website\",\"url\":\"https:\\\/\\\/cvinoticias.com\\\/v3\\\/\",\"name\":\"CVI NOTICIAS\",\"description\":\"\",\"publisher\":{\"@id\":\"https:\\\/\\\/cvinoticias.com\\\/v3\\\/#organization\"},\"alternateName\":\"CVI\",\"potentialAction\":[{\"@type\":\"SearchAction\",\"target\":{\"@type\":\"EntryPoint\",\"urlTemplate\":\"https:\\\/\\\/cvinoticias.com\\\/v3\\\/?s={search_term_string}\"},\"query-input\":{\"@type\":\"PropertyValueSpecification\",\"valueRequired\":true,\"valueName\":\"search_term_string\"}}],\"inLanguage\":\"es\"},{\"@type\":\"Organization\",\"@id\":\"https:\\\/\\\/cvinoticias.com\\\/v3\\\/#organization\",\"name\":\"CVI NOTICIAS\",\"url\":\"https:\\\/\\\/cvinoticias.com\\\/v3\\\/\",\"logo\":{\"@type\":\"ImageObject\",\"inLanguage\":\"es\",\"@id\":\"https:\\\/\\\/cvinoticias.com\\\/v3\\\/#\\\/schema\\\/logo\\\/image\\\/\",\"url\":\"https:\\\/\\\/cvinoticias.com\\\/wp-content\\\/uploads\\\/2023\\\/04\\\/cropped-cropped-cropped-cropped-cropped-3-1.png\",\"contentUrl\":\"https:\\\/\\\/cvinoticias.com\\\/wp-content\\\/uploads\\\/2023\\\/04\\\/cropped-cropped-cropped-cropped-cropped-3-1.png\",\"width\":95,\"height\":122,\"caption\":\"CVI NOTICIAS\"},\"image\":{\"@id\":\"https:\\\/\\\/cvinoticias.com\\\/v3\\\/#\\\/schema\\\/logo\\\/image\\\/\"},\"sameAs\":[\"https:\\\/\\\/www.facebook.com\\\/cvinoticias\",\"https:\\\/\\\/www.instagram.com\\\/cvinoticias\\\/\",\"https:\\\/\\\/www.youtube.com\\\/@CVINOTICIAS\"]},{\"@type\":\"Person\",\"@id\":\"https:\\\/\\\/cvinoticias.com\\\/v3\\\/#\\\/schema\\\/person\\\/2db77e3c6bc03c538495d7b2b8be9b66\",\"name\":\"f1000024\",\"image\":{\"@type\":\"ImageObject\",\"inLanguage\":\"es\",\"@id\":\"https:\\\/\\\/secure.gravatar.com\\\/avatar\\\/d4fe7459cfc51ff5129ce1a732bbef5928568b8092d412ef95611616376bbeed?s=96&d=mm&r=g\",\"url\":\"https:\\\/\\\/secure.gravatar.com\\\/avatar\\\/d4fe7459cfc51ff5129ce1a732bbef5928568b8092d412ef95611616376bbeed?s=96&d=mm&r=g\",\"contentUrl\":\"https:\\\/\\\/secure.gravatar.com\\\/avatar\\\/d4fe7459cfc51ff5129ce1a732bbef5928568b8092d412ef95611616376bbeed?s=96&d=mm&r=g\",\"caption\":\"f1000024\"},\"url\":\"https:\\\/\\\/cvinoticias.com\\\/v3\\\/author\\\/f1000024\\\/\"}]}<\/script>\n<!-- \/ Yoast SEO plugin. -->","yoast_head_json":{"title":"Lanzaron \"Registradas\", el programa para reducir la informalidad en el servicio dom\u00e9stico | CVI NOTICIAS","robots":{"index":"index","follow":"follow","max-snippet":"max-snippet:-1","max-image-preview":"max-image-preview:large","max-video-preview":"max-video-preview:-1"},"canonical":"https:\/\/cvinoticias.com\/v3\/lanzaron-registradas-el-programa-para-reducir-la-informalidad-en-el-servicio-domestico\/","og_locale":"es_ES","og_type":"article","og_title":"Lanzaron \"Registradas\", el programa para reducir la informalidad en el servicio dom\u00e9stico | CVI NOTICIAS","og_description":"El gobierno nacional puso formalmente en marcha el Programa \u00abRegistradas\u00bb, que busca incentivar la registraci\u00f3n de empleadas de casas particulares a trav\u00e9s de distintos beneficios, entre los que se destaca el pago de hasta el 50 por ciento del salario de las nuevas trabajadoras durante un plazo de seis meses. El anuncio se realiz\u00f3 este [&hellip;]","og_url":"https:\/\/cvinoticias.com\/v3\/lanzaron-registradas-el-programa-para-reducir-la-informalidad-en-el-servicio-domestico\/","og_site_name":"CVI NOTICIAS","article_publisher":"https:\/\/www.facebook.com\/cvinoticias","article_published_time":"2021-09-28T02:13:58+00:00","og_image":[{"width":873,"height":584,"url":"https:\/\/cvinoticias.com\/wp-content\/uploads\/2021\/09\/Screenshot_20210927-230631_Chrome.jpg","type":"image\/jpeg"}],"author":"f1000024","twitter_card":"summary_large_image","twitter_misc":{"Escrito por":"f1000024","Tiempo de lectura":"3 minutos"},"schema":{"@context":"https:\/\/schema.org","@graph":[{"@type":"Article","@id":"https:\/\/cvinoticias.com\/v3\/lanzaron-registradas-el-programa-para-reducir-la-informalidad-en-el-servicio-domestico\/#article","isPartOf":{"@id":"https:\/\/cvinoticias.com\/v3\/lanzaron-registradas-el-programa-para-reducir-la-informalidad-en-el-servicio-domestico\/"},"author":{"name":"f1000024","@id":"https:\/\/cvinoticias.com\/v3\/#\/schema\/person\/2db77e3c6bc03c538495d7b2b8be9b66"},"headline":"Lanzaron \u00abRegistradas\u00bb, el programa para reducir la informalidad en el servicio dom\u00e9stico","datePublished":"2021-09-28T02:13:58+00:00","mainEntityOfPage":{"@id":"https:\/\/cvinoticias.com\/v3\/lanzaron-registradas-el-programa-para-reducir-la-informalidad-en-el-servicio-domestico\/"},"wordCount":587,"commentCount":0,"publisher":{"@id":"https:\/\/cvinoticias.com\/v3\/#organization"},"image":{"@id":"https:\/\/cvinoticias.com\/v3\/lanzaron-registradas-el-programa-para-reducir-la-informalidad-en-el-servicio-domestico\/#primaryimage"},"thumbnailUrl":"https:\/\/cvinoticias.com\/wp-content\/uploads\/2021\/09\/Screenshot_20210927-230631_Chrome.jpg","articleSection":["Informaci\u00f3n General"],"inLanguage":"es","potentialAction":[{"@type":"CommentAction","name":"Comment","target":["https:\/\/cvinoticias.com\/v3\/lanzaron-registradas-el-programa-para-reducir-la-informalidad-en-el-servicio-domestico\/#respond"]}]},{"@type":"WebPage","@id":"https:\/\/cvinoticias.com\/v3\/lanzaron-registradas-el-programa-para-reducir-la-informalidad-en-el-servicio-domestico\/","url":"https:\/\/cvinoticias.com\/v3\/lanzaron-registradas-el-programa-para-reducir-la-informalidad-en-el-servicio-domestico\/","name":"Lanzaron \"Registradas\", el programa para reducir la informalidad en el servicio dom\u00e9stico | CVI NOTICIAS","isPartOf":{"@id":"https:\/\/cvinoticias.com\/v3\/#website"},"primaryImageOfPage":{"@id":"https:\/\/cvinoticias.com\/v3\/lanzaron-registradas-el-programa-para-reducir-la-informalidad-en-el-servicio-domestico\/#primaryimage"},"image":{"@id":"https:\/\/cvinoticias.com\/v3\/lanzaron-registradas-el-programa-para-reducir-la-informalidad-en-el-servicio-domestico\/#primaryimage"},"thumbnailUrl":"https:\/\/cvinoticias.com\/wp-content\/uploads\/2021\/09\/Screenshot_20210927-230631_Chrome.jpg","datePublished":"2021-09-28T02:13:58+00:00","breadcrumb":{"@id":"https:\/\/cvinoticias.com\/v3\/lanzaron-registradas-el-programa-para-reducir-la-informalidad-en-el-servicio-domestico\/#breadcrumb"},"inLanguage":"es","potentialAction":[{"@type":"ReadAction","target":["https:\/\/cvinoticias.com\/v3\/lanzaron-registradas-el-programa-para-reducir-la-informalidad-en-el-servicio-domestico\/"]}]},{"@type":"ImageObject","inLanguage":"es","@id":"https:\/\/cvinoticias.com\/v3\/lanzaron-registradas-el-programa-para-reducir-la-informalidad-en-el-servicio-domestico\/#primaryimage","url":"https:\/\/cvinoticias.com\/wp-content\/uploads\/2021\/09\/Screenshot_20210927-230631_Chrome.jpg","contentUrl":"https:\/\/cvinoticias.com\/wp-content\/uploads\/2021\/09\/Screenshot_20210927-230631_Chrome.jpg","width":873,"height":584},{"@type":"BreadcrumbList","@id":"https:\/\/cvinoticias.com\/v3\/lanzaron-registradas-el-programa-para-reducir-la-informalidad-en-el-servicio-domestico\/#breadcrumb","itemListElement":[{"@type":"ListItem","position":1,"name":"Portada","item":"https:\/\/cvinoticias.com\/v3\/"},{"@type":"ListItem","position":2,"name":"Lanzaron \u00abRegistradas\u00bb, el programa para reducir la informalidad en el servicio dom\u00e9stico"}]},{"@type":"WebSite","@id":"https:\/\/cvinoticias.com\/v3\/#website","url":"https:\/\/cvinoticias.com\/v3\/","name":"CVI NOTICIAS","description":"","publisher":{"@id":"https:\/\/cvinoticias.com\/v3\/#organization"},"alternateName":"CVI","potentialAction":[{"@type":"SearchAction","target":{"@type":"EntryPoint","urlTemplate":"https:\/\/cvinoticias.com\/v3\/?s={search_term_string}"},"query-input":{"@type":"PropertyValueSpecification","valueRequired":true,"valueName":"search_term_string"}}],"inLanguage":"es"},{"@type":"Organization","@id":"https:\/\/cvinoticias.com\/v3\/#organization","name":"CVI NOTICIAS","url":"https:\/\/cvinoticias.com\/v3\/","logo":{"@type":"ImageObject","inLanguage":"es","@id":"https:\/\/cvinoticias.com\/v3\/#\/schema\/logo\/image\/","url":"https:\/\/cvinoticias.com\/wp-content\/uploads\/2023\/04\/cropped-cropped-cropped-cropped-cropped-3-1.png","contentUrl":"https:\/\/cvinoticias.com\/wp-content\/uploads\/2023\/04\/cropped-cropped-cropped-cropped-cropped-3-1.png","width":95,"height":122,"caption":"CVI NOTICIAS"},"image":{"@id":"https:\/\/cvinoticias.com\/v3\/#\/schema\/logo\/image\/"},"sameAs":["https:\/\/www.facebook.com\/cvinoticias","https:\/\/www.instagram.com\/cvinoticias\/","https:\/\/www.youtube.com\/@CVINOTICIAS"]},{"@type":"Person","@id":"https:\/\/cvinoticias.com\/v3\/#\/schema\/person\/2db77e3c6bc03c538495d7b2b8be9b66","name":"f1000024","image":{"@type":"ImageObject","inLanguage":"es","@id":"https:\/\/secure.gravatar.com\/avatar\/d4fe7459cfc51ff5129ce1a732bbef5928568b8092d412ef95611616376bbeed?s=96&d=mm&r=g","url":"https:\/\/secure.gravatar.com\/avatar\/d4fe7459cfc51ff5129ce1a732bbef5928568b8092d412ef95611616376bbeed?s=96&d=mm&r=g","contentUrl":"https:\/\/secure.gravatar.com\/avatar\/d4fe7459cfc51ff5129ce1a732bbef5928568b8092d412ef95611616376bbeed?s=96&d=mm&r=g","caption":"f1000024"},"url":"https:\/\/cvinoticias.com\/v3\/author\/f1000024\/"}]}},"_links":{"self":[{"href":"https:\/\/cvinoticias.com\/v3\/wp-json\/wp\/v2\/posts\/8938","targetHints":{"allow":["GET"]}}],"collection":[{"href":"https:\/\/cvinoticias.com\/v3\/wp-json\/wp\/v2\/posts"}],"about":[{"href":"https:\/\/cvinoticias.com\/v3\/wp-json\/wp\/v2\/types\/post"}],"author":[{"embeddable":true,"href":"https:\/\/cvinoticias.com\/v3\/wp-json\/wp\/v2\/users\/2"}],"replies":[{"embeddable":true,"href":"https:\/\/cvinoticias.com\/v3\/wp-json\/wp\/v2\/comments?post=8938"}],"version-history":[{"count":1,"href":"https:\/\/cvinoticias.com\/v3\/wp-json\/wp\/v2\/posts\/8938\/revisions"}],"predecessor-version":[{"id":8940,"href":"https:\/\/cvinoticias.com\/v3\/wp-json\/wp\/v2\/posts\/8938\/revisions\/8940"}],"wp:featuredmedia":[{"embeddable":true,"href":"https:\/\/cvinoticias.com\/v3\/wp-json\/wp\/v2\/media\/8939"}],"wp:attachment":[{"href":"https:\/\/cvinoticias.com\/v3\/wp-json\/wp\/v2\/media?parent=8938"}],"wp:term":[{"taxonomy":"category","embeddable":true,"href":"https:\/\/cvinoticias.com\/v3\/wp-json\/wp\/v2\/categories?post=8938"},{"taxonomy":"post_tag","embeddable":true,"href":"https:\/\/cvinoticias.com\/v3\/wp-json\/wp\/v2\/tags?post=8938"}],"curies":[{"name":"wp","href":"https:\/\/api.w.org\/{rel}","templated":true}]}}