{"id":8900,"date":"2021-09-27T10:08:27","date_gmt":"2021-09-27T10:08:27","guid":{"rendered":"https:\/\/cvinoticias.com\/v3\/?p=8900"},"modified":"2021-09-27T10:08:27","modified_gmt":"2021-09-27T10:08:27","slug":"en-medio-de-las-expectativas-por-las-aperturas-vizzotti-se-reune-con-ministros-de-salud-de-todo-el-pais","status":"publish","type":"post","link":"https:\/\/cvinoticias.com\/v3\/en-medio-de-las-expectativas-por-las-aperturas-vizzotti-se-reune-con-ministros-de-salud-de-todo-el-pais\/","title":{"rendered":"En medio de las expectativas por las aperturas, Vizzotti se re\u00fane con ministros de Salud de todo el pa\u00eds"},"content":{"rendered":"\n<p><strong><em>El encuentro ser\u00e1 entre el lunes y martes en la ciudad de Mar del Plata para analizar la situaci\u00f3n epidemiol\u00f3gica por el coronavirus en el pa\u00eds y el avance de las principales pol\u00edticas sanitarias.<\/em><\/strong><\/p>\n\n\n\n<p>El Consejo Federal de Salud (Cofesa) se reunir\u00e1 este lunes y martes en la ciudad de Mar del Plata para analizar la situaci\u00f3n epidemiol\u00f3gica por el coronavirus en el pa\u00eds y el avance de las principales pol\u00edticas sanitarias,\u00a0entre ellas el plan de vacunaci\u00f3n, d\u00edas antes de que comiencen las nuevas medidas de flexibilizaci\u00f3n anunciadas por el Gobierno nacional a partir del 1 de octubre.<\/p>\n\n\n\n<p>El nuevo encuentro presencial, que estar\u00e1 encabezado por la ministra de Salud, Carla Vizzotti, reunir\u00e1 a los ministros del \u00e1rea de las 24 jurisdicciones.<\/p>\n\n\n\n<p>De acuerdo con la Sala de Situaci\u00f3n Nacional,\u00a0Argentina registra un descenso constante del n\u00famero de casos de coronavirus desde hace 16 semanas,\u00a0mientras se acelera la vacunaci\u00f3n contra la Covid-19, indic\u00f3 el viernes la cartera de Salud nacional en un comunicado.<\/p>\n\n\n\n<p>En ese sentido, report\u00f3 que\u00a0el 64% de la poblaci\u00f3n tiene al menos una dosis de vacuna contra el coronavirus, mientras que el 45,8% ya complet\u00f3 su esquema.<\/p>\n\n\n\n<p>En el encuentro se analizar\u00e1, adem\u00e1s, el avance del plan estrat\u00e9gico de vacunaci\u00f3n, la situaci\u00f3n epidemiol\u00f3gica y de las fronteras.<\/p>\n\n\n\n<p>Otros ejes de la reuni\u00f3n ser\u00e1n las estrategias sobre donaci\u00f3n y trasplante, el plan de conectividad federal y el control de enfermedades transmitidas por el mosquito de Aedes Aegypti.<\/p>\n\n\n\n<p>La reuni\u00f3n comenzar\u00e1 este lunes, desde las 9 en el Hotel Provincial de Mar del Plata, donde el ministro de Salud de la provincia de Buenos Aires, Nicol\u00e1s Kreplak, dar\u00e1 la bienvenida formal.<\/p>\n\n\n\n<p>Adem\u00e1s, se presentar\u00e1 el Plan Nacional de Pol\u00edticas de G\u00e9neros y Diversidad en Salud P\u00fablica, orientado a transformar las desigualdades estructurales de g\u00e9nero y promover condiciones de igualdad en las instituciones y las pol\u00edticas p\u00fablicas para prevenir, sancionar y erradicar toda forma de discriminaci\u00f3n y violencias, consign\u00f3 el informe de prensa.<\/p>\n","protected":false},"excerpt":{"rendered":"<p>El encuentro ser\u00e1 entre el lunes y martes en la ciudad de Mar del Plata para analizar la situaci\u00f3n epidemiol\u00f3gica por el coronavirus en el pa\u00eds y el avance de las principales pol\u00edticas sanitarias. El Consejo Federal de Salud (Cofesa) se reunir\u00e1 este lunes y martes en la ciudad de Mar del Plata para analizar [&hellip;]<\/p>\n","protected":false},"author":2,"featured_media":8901,"comment_status":"open","ping_status":"open","sticky":false,"template":"","format":"standard","meta":{"footnotes":""},"categories":[35],"tags":[],"class_list":["post-8900","post","type-post","status-publish","format-standard","has-post-thumbnail","hentry","category-informacion-general"],"yoast_head":"<!-- This site is optimized with the Yoast SEO plugin v27.4 - https:\/\/yoast.com\/product\/yoast-seo-wordpress\/ -->\n<title>En medio de las expectativas por las aperturas, Vizzotti se re\u00fane con ministros de Salud de todo el pa\u00eds | CVI NOTICIAS<\/title>\n<meta name=\"robots\" content=\"index, follow, max-snippet:-1, max-image-preview:large, max-video-preview:-1\" \/>\n<link rel=\"canonical\" href=\"https:\/\/cvinoticias.com\/v3\/en-medio-de-las-expectativas-por-las-aperturas-vizzotti-se-reune-con-ministros-de-salud-de-todo-el-pais\/\" \/>\n<meta property=\"og:locale\" content=\"es_ES\" \/>\n<meta property=\"og:type\" content=\"article\" \/>\n<meta property=\"og:title\" content=\"En medio de las expectativas por las aperturas, Vizzotti se re\u00fane con ministros de Salud de todo el pa\u00eds | CVI NOTICIAS\" \/>\n<meta property=\"og:description\" content=\"El encuentro ser\u00e1 entre el lunes y martes en la ciudad de Mar del Plata para analizar la situaci\u00f3n epidemiol\u00f3gica por el coronavirus en el pa\u00eds y el avance de las principales pol\u00edticas sanitarias. El Consejo Federal de Salud (Cofesa) se reunir\u00e1 este lunes y martes en la ciudad de Mar del Plata para analizar [&hellip;]\" \/>\n<meta property=\"og:url\" content=\"https:\/\/cvinoticias.com\/v3\/en-medio-de-las-expectativas-por-las-aperturas-vizzotti-se-reune-con-ministros-de-salud-de-todo-el-pais\/\" \/>\n<meta property=\"og:site_name\" content=\"CVI NOTICIAS\" \/>\n<meta property=\"article:publisher\" content=\"https:\/\/www.facebook.com\/cvinoticias\" \/>\n<meta property=\"article:published_time\" content=\"2021-09-27T10:08:27+00:00\" \/>\n<meta property=\"og:image\" content=\"https:\/\/cvinoticias.com\/wp-content\/uploads\/2021\/09\/multimedia.normal.818bd8a4ee56e415.436f66657361206279204e415f6e6f726d616c2e6a7067.jpg\" \/>\n\t<meta property=\"og:image:width\" content=\"1148\" \/>\n\t<meta property=\"og:image:height\" content=\"796\" \/>\n\t<meta property=\"og:image:type\" content=\"image\/jpeg\" \/>\n<meta name=\"author\" content=\"f1000024\" \/>\n<meta name=\"twitter:card\" content=\"summary_large_image\" \/>\n<meta name=\"twitter:label1\" content=\"Escrito por\" \/>\n\t<meta name=\"twitter:data1\" content=\"f1000024\" \/>\n\t<meta name=\"twitter:label2\" content=\"Tiempo de lectura\" \/>\n\t<meta name=\"twitter:data2\" content=\"2 minutos\" \/>\n<script type=\"application\/ld+json\" class=\"yoast-schema-graph\">{\"@context\":\"https:\\\/\\\/schema.org\",\"@graph\":[{\"@type\":\"Article\",\"@id\":\"https:\\\/\\\/cvinoticias.com\\\/v3\\\/en-medio-de-las-expectativas-por-las-aperturas-vizzotti-se-reune-con-ministros-de-salud-de-todo-el-pais\\\/#article\",\"isPartOf\":{\"@id\":\"https:\\\/\\\/cvinoticias.com\\\/v3\\\/en-medio-de-las-expectativas-por-las-aperturas-vizzotti-se-reune-con-ministros-de-salud-de-todo-el-pais\\\/\"},\"author\":{\"name\":\"f1000024\",\"@id\":\"https:\\\/\\\/cvinoticias.com\\\/v3\\\/#\\\/schema\\\/person\\\/2db77e3c6bc03c538495d7b2b8be9b66\"},\"headline\":\"En medio de las expectativas por las aperturas, Vizzotti se re\u00fane con ministros de Salud de todo el pa\u00eds\",\"datePublished\":\"2021-09-27T10:08:27+00:00\",\"mainEntityOfPage\":{\"@id\":\"https:\\\/\\\/cvinoticias.com\\\/v3\\\/en-medio-de-las-expectativas-por-las-aperturas-vizzotti-se-reune-con-ministros-de-salud-de-todo-el-pais\\\/\"},\"wordCount\":374,\"commentCount\":0,\"publisher\":{\"@id\":\"https:\\\/\\\/cvinoticias.com\\\/v3\\\/#organization\"},\"image\":{\"@id\":\"https:\\\/\\\/cvinoticias.com\\\/v3\\\/en-medio-de-las-expectativas-por-las-aperturas-vizzotti-se-reune-con-ministros-de-salud-de-todo-el-pais\\\/#primaryimage\"},\"thumbnailUrl\":\"https:\\\/\\\/cvinoticias.com\\\/wp-content\\\/uploads\\\/2021\\\/09\\\/multimedia.normal.818bd8a4ee56e415.436f66657361206279204e415f6e6f726d616c2e6a7067.jpg\",\"articleSection\":[\"Informaci\u00f3n General\"],\"inLanguage\":\"es\",\"potentialAction\":[{\"@type\":\"CommentAction\",\"name\":\"Comment\",\"target\":[\"https:\\\/\\\/cvinoticias.com\\\/v3\\\/en-medio-de-las-expectativas-por-las-aperturas-vizzotti-se-reune-con-ministros-de-salud-de-todo-el-pais\\\/#respond\"]}]},{\"@type\":\"WebPage\",\"@id\":\"https:\\\/\\\/cvinoticias.com\\\/v3\\\/en-medio-de-las-expectativas-por-las-aperturas-vizzotti-se-reune-con-ministros-de-salud-de-todo-el-pais\\\/\",\"url\":\"https:\\\/\\\/cvinoticias.com\\\/v3\\\/en-medio-de-las-expectativas-por-las-aperturas-vizzotti-se-reune-con-ministros-de-salud-de-todo-el-pais\\\/\",\"name\":\"En medio de las expectativas por las aperturas, Vizzotti se re\u00fane con ministros de Salud de todo el pa\u00eds | CVI NOTICIAS\",\"isPartOf\":{\"@id\":\"https:\\\/\\\/cvinoticias.com\\\/v3\\\/#website\"},\"primaryImageOfPage\":{\"@id\":\"https:\\\/\\\/cvinoticias.com\\\/v3\\\/en-medio-de-las-expectativas-por-las-aperturas-vizzotti-se-reune-con-ministros-de-salud-de-todo-el-pais\\\/#primaryimage\"},\"image\":{\"@id\":\"https:\\\/\\\/cvinoticias.com\\\/v3\\\/en-medio-de-las-expectativas-por-las-aperturas-vizzotti-se-reune-con-ministros-de-salud-de-todo-el-pais\\\/#primaryimage\"},\"thumbnailUrl\":\"https:\\\/\\\/cvinoticias.com\\\/wp-content\\\/uploads\\\/2021\\\/09\\\/multimedia.normal.818bd8a4ee56e415.436f66657361206279204e415f6e6f726d616c2e6a7067.jpg\",\"datePublished\":\"2021-09-27T10:08:27+00:00\",\"breadcrumb\":{\"@id\":\"https:\\\/\\\/cvinoticias.com\\\/v3\\\/en-medio-de-las-expectativas-por-las-aperturas-vizzotti-se-reune-con-ministros-de-salud-de-todo-el-pais\\\/#breadcrumb\"},\"inLanguage\":\"es\",\"potentialAction\":[{\"@type\":\"ReadAction\",\"target\":[\"https:\\\/\\\/cvinoticias.com\\\/v3\\\/en-medio-de-las-expectativas-por-las-aperturas-vizzotti-se-reune-con-ministros-de-salud-de-todo-el-pais\\\/\"]}]},{\"@type\":\"ImageObject\",\"inLanguage\":\"es\",\"@id\":\"https:\\\/\\\/cvinoticias.com\\\/v3\\\/en-medio-de-las-expectativas-por-las-aperturas-vizzotti-se-reune-con-ministros-de-salud-de-todo-el-pais\\\/#primaryimage\",\"url\":\"https:\\\/\\\/cvinoticias.com\\\/wp-content\\\/uploads\\\/2021\\\/09\\\/multimedia.normal.818bd8a4ee56e415.436f66657361206279204e415f6e6f726d616c2e6a7067.jpg\",\"contentUrl\":\"https:\\\/\\\/cvinoticias.com\\\/wp-content\\\/uploads\\\/2021\\\/09\\\/multimedia.normal.818bd8a4ee56e415.436f66657361206279204e415f6e6f726d616c2e6a7067.jpg\",\"width\":1148,\"height\":796},{\"@type\":\"BreadcrumbList\",\"@id\":\"https:\\\/\\\/cvinoticias.com\\\/v3\\\/en-medio-de-las-expectativas-por-las-aperturas-vizzotti-se-reune-con-ministros-de-salud-de-todo-el-pais\\\/#breadcrumb\",\"itemListElement\":[{\"@type\":\"ListItem\",\"position\":1,\"name\":\"Portada\",\"item\":\"https:\\\/\\\/cvinoticias.com\\\/v3\\\/\"},{\"@type\":\"ListItem\",\"position\":2,\"name\":\"En medio de las expectativas por las aperturas, Vizzotti se re\u00fane con ministros de Salud de todo el pa\u00eds\"}]},{\"@type\":\"WebSite\",\"@id\":\"https:\\\/\\\/cvinoticias.com\\\/v3\\\/#website\",\"url\":\"https:\\\/\\\/cvinoticias.com\\\/v3\\\/\",\"name\":\"CVI NOTICIAS\",\"description\":\"\",\"publisher\":{\"@id\":\"https:\\\/\\\/cvinoticias.com\\\/v3\\\/#organization\"},\"alternateName\":\"CVI\",\"potentialAction\":[{\"@type\":\"SearchAction\",\"target\":{\"@type\":\"EntryPoint\",\"urlTemplate\":\"https:\\\/\\\/cvinoticias.com\\\/v3\\\/?s={search_term_string}\"},\"query-input\":{\"@type\":\"PropertyValueSpecification\",\"valueRequired\":true,\"valueName\":\"search_term_string\"}}],\"inLanguage\":\"es\"},{\"@type\":\"Organization\",\"@id\":\"https:\\\/\\\/cvinoticias.com\\\/v3\\\/#organization\",\"name\":\"CVI NOTICIAS\",\"url\":\"https:\\\/\\\/cvinoticias.com\\\/v3\\\/\",\"logo\":{\"@type\":\"ImageObject\",\"inLanguage\":\"es\",\"@id\":\"https:\\\/\\\/cvinoticias.com\\\/v3\\\/#\\\/schema\\\/logo\\\/image\\\/\",\"url\":\"https:\\\/\\\/cvinoticias.com\\\/wp-content\\\/uploads\\\/2023\\\/04\\\/cropped-cropped-cropped-cropped-cropped-3-1.png\",\"contentUrl\":\"https:\\\/\\\/cvinoticias.com\\\/wp-content\\\/uploads\\\/2023\\\/04\\\/cropped-cropped-cropped-cropped-cropped-3-1.png\",\"width\":95,\"height\":122,\"caption\":\"CVI NOTICIAS\"},\"image\":{\"@id\":\"https:\\\/\\\/cvinoticias.com\\\/v3\\\/#\\\/schema\\\/logo\\\/image\\\/\"},\"sameAs\":[\"https:\\\/\\\/www.facebook.com\\\/cvinoticias\",\"https:\\\/\\\/www.instagram.com\\\/cvinoticias\\\/\",\"https:\\\/\\\/www.youtube.com\\\/@CVINOTICIAS\"]},{\"@type\":\"Person\",\"@id\":\"https:\\\/\\\/cvinoticias.com\\\/v3\\\/#\\\/schema\\\/person\\\/2db77e3c6bc03c538495d7b2b8be9b66\",\"name\":\"f1000024\",\"image\":{\"@type\":\"ImageObject\",\"inLanguage\":\"es\",\"@id\":\"https:\\\/\\\/secure.gravatar.com\\\/avatar\\\/d4fe7459cfc51ff5129ce1a732bbef5928568b8092d412ef95611616376bbeed?s=96&d=mm&r=g\",\"url\":\"https:\\\/\\\/secure.gravatar.com\\\/avatar\\\/d4fe7459cfc51ff5129ce1a732bbef5928568b8092d412ef95611616376bbeed?s=96&d=mm&r=g\",\"contentUrl\":\"https:\\\/\\\/secure.gravatar.com\\\/avatar\\\/d4fe7459cfc51ff5129ce1a732bbef5928568b8092d412ef95611616376bbeed?s=96&d=mm&r=g\",\"caption\":\"f1000024\"},\"url\":\"https:\\\/\\\/cvinoticias.com\\\/v3\\\/author\\\/f1000024\\\/\"}]}<\/script>\n<!-- \/ Yoast SEO plugin. -->","yoast_head_json":{"title":"En medio de las expectativas por las aperturas, Vizzotti se re\u00fane con ministros de Salud de todo el pa\u00eds | CVI NOTICIAS","robots":{"index":"index","follow":"follow","max-snippet":"max-snippet:-1","max-image-preview":"max-image-preview:large","max-video-preview":"max-video-preview:-1"},"canonical":"https:\/\/cvinoticias.com\/v3\/en-medio-de-las-expectativas-por-las-aperturas-vizzotti-se-reune-con-ministros-de-salud-de-todo-el-pais\/","og_locale":"es_ES","og_type":"article","og_title":"En medio de las expectativas por las aperturas, Vizzotti se re\u00fane con ministros de Salud de todo el pa\u00eds | CVI NOTICIAS","og_description":"El encuentro ser\u00e1 entre el lunes y martes en la ciudad de Mar del Plata para analizar la situaci\u00f3n epidemiol\u00f3gica por el coronavirus en el pa\u00eds y el avance de las principales pol\u00edticas sanitarias. El Consejo Federal de Salud (Cofesa) se reunir\u00e1 este lunes y martes en la ciudad de Mar del Plata para analizar [&hellip;]","og_url":"https:\/\/cvinoticias.com\/v3\/en-medio-de-las-expectativas-por-las-aperturas-vizzotti-se-reune-con-ministros-de-salud-de-todo-el-pais\/","og_site_name":"CVI NOTICIAS","article_publisher":"https:\/\/www.facebook.com\/cvinoticias","article_published_time":"2021-09-27T10:08:27+00:00","og_image":[{"width":1148,"height":796,"url":"https:\/\/cvinoticias.com\/wp-content\/uploads\/2021\/09\/multimedia.normal.818bd8a4ee56e415.436f66657361206279204e415f6e6f726d616c2e6a7067.jpg","type":"image\/jpeg"}],"author":"f1000024","twitter_card":"summary_large_image","twitter_misc":{"Escrito por":"f1000024","Tiempo de lectura":"2 minutos"},"schema":{"@context":"https:\/\/schema.org","@graph":[{"@type":"Article","@id":"https:\/\/cvinoticias.com\/v3\/en-medio-de-las-expectativas-por-las-aperturas-vizzotti-se-reune-con-ministros-de-salud-de-todo-el-pais\/#article","isPartOf":{"@id":"https:\/\/cvinoticias.com\/v3\/en-medio-de-las-expectativas-por-las-aperturas-vizzotti-se-reune-con-ministros-de-salud-de-todo-el-pais\/"},"author":{"name":"f1000024","@id":"https:\/\/cvinoticias.com\/v3\/#\/schema\/person\/2db77e3c6bc03c538495d7b2b8be9b66"},"headline":"En medio de las expectativas por las aperturas, Vizzotti se re\u00fane con ministros de Salud de todo el pa\u00eds","datePublished":"2021-09-27T10:08:27+00:00","mainEntityOfPage":{"@id":"https:\/\/cvinoticias.com\/v3\/en-medio-de-las-expectativas-por-las-aperturas-vizzotti-se-reune-con-ministros-de-salud-de-todo-el-pais\/"},"wordCount":374,"commentCount":0,"publisher":{"@id":"https:\/\/cvinoticias.com\/v3\/#organization"},"image":{"@id":"https:\/\/cvinoticias.com\/v3\/en-medio-de-las-expectativas-por-las-aperturas-vizzotti-se-reune-con-ministros-de-salud-de-todo-el-pais\/#primaryimage"},"thumbnailUrl":"https:\/\/cvinoticias.com\/wp-content\/uploads\/2021\/09\/multimedia.normal.818bd8a4ee56e415.436f66657361206279204e415f6e6f726d616c2e6a7067.jpg","articleSection":["Informaci\u00f3n General"],"inLanguage":"es","potentialAction":[{"@type":"CommentAction","name":"Comment","target":["https:\/\/cvinoticias.com\/v3\/en-medio-de-las-expectativas-por-las-aperturas-vizzotti-se-reune-con-ministros-de-salud-de-todo-el-pais\/#respond"]}]},{"@type":"WebPage","@id":"https:\/\/cvinoticias.com\/v3\/en-medio-de-las-expectativas-por-las-aperturas-vizzotti-se-reune-con-ministros-de-salud-de-todo-el-pais\/","url":"https:\/\/cvinoticias.com\/v3\/en-medio-de-las-expectativas-por-las-aperturas-vizzotti-se-reune-con-ministros-de-salud-de-todo-el-pais\/","name":"En medio de las expectativas por las aperturas, Vizzotti se re\u00fane con ministros de Salud de todo el pa\u00eds | CVI NOTICIAS","isPartOf":{"@id":"https:\/\/cvinoticias.com\/v3\/#website"},"primaryImageOfPage":{"@id":"https:\/\/cvinoticias.com\/v3\/en-medio-de-las-expectativas-por-las-aperturas-vizzotti-se-reune-con-ministros-de-salud-de-todo-el-pais\/#primaryimage"},"image":{"@id":"https:\/\/cvinoticias.com\/v3\/en-medio-de-las-expectativas-por-las-aperturas-vizzotti-se-reune-con-ministros-de-salud-de-todo-el-pais\/#primaryimage"},"thumbnailUrl":"https:\/\/cvinoticias.com\/wp-content\/uploads\/2021\/09\/multimedia.normal.818bd8a4ee56e415.436f66657361206279204e415f6e6f726d616c2e6a7067.jpg","datePublished":"2021-09-27T10:08:27+00:00","breadcrumb":{"@id":"https:\/\/cvinoticias.com\/v3\/en-medio-de-las-expectativas-por-las-aperturas-vizzotti-se-reune-con-ministros-de-salud-de-todo-el-pais\/#breadcrumb"},"inLanguage":"es","potentialAction":[{"@type":"ReadAction","target":["https:\/\/cvinoticias.com\/v3\/en-medio-de-las-expectativas-por-las-aperturas-vizzotti-se-reune-con-ministros-de-salud-de-todo-el-pais\/"]}]},{"@type":"ImageObject","inLanguage":"es","@id":"https:\/\/cvinoticias.com\/v3\/en-medio-de-las-expectativas-por-las-aperturas-vizzotti-se-reune-con-ministros-de-salud-de-todo-el-pais\/#primaryimage","url":"https:\/\/cvinoticias.com\/wp-content\/uploads\/2021\/09\/multimedia.normal.818bd8a4ee56e415.436f66657361206279204e415f6e6f726d616c2e6a7067.jpg","contentUrl":"https:\/\/cvinoticias.com\/wp-content\/uploads\/2021\/09\/multimedia.normal.818bd8a4ee56e415.436f66657361206279204e415f6e6f726d616c2e6a7067.jpg","width":1148,"height":796},{"@type":"BreadcrumbList","@id":"https:\/\/cvinoticias.com\/v3\/en-medio-de-las-expectativas-por-las-aperturas-vizzotti-se-reune-con-ministros-de-salud-de-todo-el-pais\/#breadcrumb","itemListElement":[{"@type":"ListItem","position":1,"name":"Portada","item":"https:\/\/cvinoticias.com\/v3\/"},{"@type":"ListItem","position":2,"name":"En medio de las expectativas por las aperturas, Vizzotti se re\u00fane con ministros de Salud de todo el pa\u00eds"}]},{"@type":"WebSite","@id":"https:\/\/cvinoticias.com\/v3\/#website","url":"https:\/\/cvinoticias.com\/v3\/","name":"CVI NOTICIAS","description":"","publisher":{"@id":"https:\/\/cvinoticias.com\/v3\/#organization"},"alternateName":"CVI","potentialAction":[{"@type":"SearchAction","target":{"@type":"EntryPoint","urlTemplate":"https:\/\/cvinoticias.com\/v3\/?s={search_term_string}"},"query-input":{"@type":"PropertyValueSpecification","valueRequired":true,"valueName":"search_term_string"}}],"inLanguage":"es"},{"@type":"Organization","@id":"https:\/\/cvinoticias.com\/v3\/#organization","name":"CVI NOTICIAS","url":"https:\/\/cvinoticias.com\/v3\/","logo":{"@type":"ImageObject","inLanguage":"es","@id":"https:\/\/cvinoticias.com\/v3\/#\/schema\/logo\/image\/","url":"https:\/\/cvinoticias.com\/wp-content\/uploads\/2023\/04\/cropped-cropped-cropped-cropped-cropped-3-1.png","contentUrl":"https:\/\/cvinoticias.com\/wp-content\/uploads\/2023\/04\/cropped-cropped-cropped-cropped-cropped-3-1.png","width":95,"height":122,"caption":"CVI NOTICIAS"},"image":{"@id":"https:\/\/cvinoticias.com\/v3\/#\/schema\/logo\/image\/"},"sameAs":["https:\/\/www.facebook.com\/cvinoticias","https:\/\/www.instagram.com\/cvinoticias\/","https:\/\/www.youtube.com\/@CVINOTICIAS"]},{"@type":"Person","@id":"https:\/\/cvinoticias.com\/v3\/#\/schema\/person\/2db77e3c6bc03c538495d7b2b8be9b66","name":"f1000024","image":{"@type":"ImageObject","inLanguage":"es","@id":"https:\/\/secure.gravatar.com\/avatar\/d4fe7459cfc51ff5129ce1a732bbef5928568b8092d412ef95611616376bbeed?s=96&d=mm&r=g","url":"https:\/\/secure.gravatar.com\/avatar\/d4fe7459cfc51ff5129ce1a732bbef5928568b8092d412ef95611616376bbeed?s=96&d=mm&r=g","contentUrl":"https:\/\/secure.gravatar.com\/avatar\/d4fe7459cfc51ff5129ce1a732bbef5928568b8092d412ef95611616376bbeed?s=96&d=mm&r=g","caption":"f1000024"},"url":"https:\/\/cvinoticias.com\/v3\/author\/f1000024\/"}]}},"_links":{"self":[{"href":"https:\/\/cvinoticias.com\/v3\/wp-json\/wp\/v2\/posts\/8900","targetHints":{"allow":["GET"]}}],"collection":[{"href":"https:\/\/cvinoticias.com\/v3\/wp-json\/wp\/v2\/posts"}],"about":[{"href":"https:\/\/cvinoticias.com\/v3\/wp-json\/wp\/v2\/types\/post"}],"author":[{"embeddable":true,"href":"https:\/\/cvinoticias.com\/v3\/wp-json\/wp\/v2\/users\/2"}],"replies":[{"embeddable":true,"href":"https:\/\/cvinoticias.com\/v3\/wp-json\/wp\/v2\/comments?post=8900"}],"version-history":[{"count":1,"href":"https:\/\/cvinoticias.com\/v3\/wp-json\/wp\/v2\/posts\/8900\/revisions"}],"predecessor-version":[{"id":8902,"href":"https:\/\/cvinoticias.com\/v3\/wp-json\/wp\/v2\/posts\/8900\/revisions\/8902"}],"wp:featuredmedia":[{"embeddable":true,"href":"https:\/\/cvinoticias.com\/v3\/wp-json\/wp\/v2\/media\/8901"}],"wp:attachment":[{"href":"https:\/\/cvinoticias.com\/v3\/wp-json\/wp\/v2\/media?parent=8900"}],"wp:term":[{"taxonomy":"category","embeddable":true,"href":"https:\/\/cvinoticias.com\/v3\/wp-json\/wp\/v2\/categories?post=8900"},{"taxonomy":"post_tag","embeddable":true,"href":"https:\/\/cvinoticias.com\/v3\/wp-json\/wp\/v2\/tags?post=8900"}],"curies":[{"name":"wp","href":"https:\/\/api.w.org\/{rel}","templated":true}]}}