{"id":8863,"date":"2021-09-26T15:35:50","date_gmt":"2021-09-26T15:35:50","guid":{"rendered":"https:\/\/cvinoticias.com\/v3\/?p=8863"},"modified":"2021-09-27T03:22:00","modified_gmt":"2021-09-27T03:22:00","slug":"iguazu-se-realizo-con-mucho-exito-el-festival-primavera-solidaria","status":"publish","type":"post","link":"https:\/\/cvinoticias.com\/v3\/iguazu-se-realizo-con-mucho-exito-el-festival-primavera-solidaria\/","title":{"rendered":"Iguaz\u00fa: Se realiz\u00f3 con mucho \u00e9xito el \u00abFestival Primavera Solidaria\u00bb"},"content":{"rendered":"\n<p><strong><em>En el marco de celebraci\u00f3n durante el mes de septiembre del aniversario de Iguaz\u00fa, el d\u00eda de la primavera y el d\u00eda del estudiante la Direcci\u00f3n de Diversidad y G\u00e9neros organiz\u00f3 el \u00abFestival de la Primavera Solidaria\u00bb que cont\u00f3 con la participaci\u00f3n de m\u00e1s de diez artistas locales que deleitaron al p\u00fablico con su m\u00fasica, seis shows de bailes de artistas locales y tambi\u00e9n con la actuaci\u00f3n estelar de un Drag invitado de la ciudad de Posadas.<\/em><\/strong><\/p>\n\n\n\n<p>Durante el festival se ubicaron varios estands de artesanos en la misma plaza San Mart\u00edn y tambi\u00e9n&nbsp; se dio visibilidad al cuidado de la salud con un stand donde se realizaron testeos gratuitos del VIH.<\/p>\n\n\n\n<figure class=\"wp-block-image size-large is-resized\"><a href=\"https:\/\/cvinoticias.com\/wp-content\/uploads\/2021\/09\/IMG-20210926-WA0013.jpg\"><img decoding=\"async\" data-src=\"https:\/\/cvinoticias.com\/wp-content\/uploads\/2021\/09\/IMG-20210926-WA0013-1024x768.jpg\" alt=\"\" class=\"wp-image-8875 lazyload\" width=\"706\" height=\"527\" src=\"data:image\/svg+xml;base64,PHN2ZyB3aWR0aD0iMSIgaGVpZ2h0PSIxIiB4bWxucz0iaHR0cDovL3d3dy53My5vcmcvMjAwMC9zdmciPjwvc3ZnPg==\" style=\"--smush-placeholder-width: 706px; --smush-placeholder-aspect-ratio: 706\/527;\" \/><\/a><\/figure>\n\n\n\n<p>El grupo art\u00edstico \u201cTodes\u201d, realiz\u00f3 el cierre del evento solidario de diversidad, conformado por miembros de la Direcci\u00f3n de Diversidad y G\u00e9neros, representando a trans, gays, lesbianas, bisexuales y no binaries, quienes presentaron una intervenci\u00f3n art\u00edstica haciendo un fuerte llamado de atenci\u00f3n a toda la comunidad bajo el #noalodio.<\/p>\n\n\n\n<p>Encabez\u00f3 el grupo Agatha &#8211; una referente del grupo LGBTQIA+ precursora de nuestra ciudad &#8211;&nbsp; con el acompa\u00f1amiento de Ale, Maiten, Hern\u00e1n, Fiama, con colaboraci\u00f3n de RAFA y la conducci\u00f3n de Javier y Sebasti\u00e1n.<\/p>\n\n\n\n<figure class=\"wp-block-image size-large\"><a href=\"https:\/\/cvinoticias.com\/wp-content\/uploads\/2021\/09\/20210925_220938-scaled.jpg\"><img decoding=\"async\" width=\"768\" height=\"1024\" data-src=\"https:\/\/cvinoticias.com\/wp-content\/uploads\/2021\/09\/20210925_220938-768x1024.jpg\" alt=\"\" class=\"wp-image-8865 lazyload\" data-srcset=\"https:\/\/cvinoticias.com\/wp-content\/uploads\/2021\/09\/20210925_220938-768x1024.jpg 768w, https:\/\/cvinoticias.com\/wp-content\/uploads\/2021\/09\/20210925_220938-225x300.jpg 225w, https:\/\/cvinoticias.com\/wp-content\/uploads\/2021\/09\/20210925_220938-1152x1536.jpg 1152w, https:\/\/cvinoticias.com\/wp-content\/uploads\/2021\/09\/20210925_220938-1536x2048.jpg 1536w, https:\/\/cvinoticias.com\/wp-content\/uploads\/2021\/09\/20210925_220938-scaled.jpg 1920w\" data-sizes=\"(max-width: 768px) 100vw, 768px\" src=\"data:image\/svg+xml;base64,PHN2ZyB3aWR0aD0iMSIgaGVpZ2h0PSIxIiB4bWxucz0iaHR0cDovL3d3dy53My5vcmcvMjAwMC9zdmciPjwvc3ZnPg==\" style=\"--smush-placeholder-width: 768px; --smush-placeholder-aspect-ratio: 768\/1024;\" \/><\/a><\/figure>\n\n\n\n<p>La puesta en escena busc\u00f3 generar conciencia de los m\u00e1s de 160 cr\u00edmenes de odio al colectivo trans sucedidos en nuestro pa\u00eds durante el primer a\u00f1o de la pandemia, en el 2020.<br>La discriminaci\u00f3n se encuentra no solo en la agresi\u00f3n f\u00edsica, sino tambi\u00e9n en conductas que creemos ya est\u00e1n establecidas en nuestra vida cotidiana, como pueden ser la burla, la sexualizaci\u00f3n o incluso el bulling.<\/p>\n\n\n\n<p>La conciencia se construye colectivamente, y el show art\u00edstico final mostr\u00f3 que no es necesario, cortar calles o levantar la voz para que se escuchen los derechos ganados, simplemente es cuesti\u00f3n de transgredir al nivel art\u00edstico.<\/p>\n\n\n\n<p>Las vestimentas en los colores de la diversidad, las decoraci\u00f3n con colores fuerte y la pantalla&nbsp; con im\u00e1genes de chicas y chicos trans, conformaron el conjunto ideal para el cierre de este gran evento.<\/p>\n\n\n\n<figure class=\"wp-block-image size-large\"><a href=\"https:\/\/cvinoticias.com\/wp-content\/uploads\/2021\/09\/20210925_220856-scaled.jpg\"><img decoding=\"async\" width=\"1024\" height=\"577\" data-src=\"https:\/\/cvinoticias.com\/wp-content\/uploads\/2021\/09\/20210925_220856-1024x577.jpg\" alt=\"\" class=\"wp-image-8866 lazyload\" data-srcset=\"https:\/\/cvinoticias.com\/wp-content\/uploads\/2021\/09\/20210925_220856-1024x577.jpg 1024w, https:\/\/cvinoticias.com\/wp-content\/uploads\/2021\/09\/20210925_220856-300x169.jpg 300w, https:\/\/cvinoticias.com\/wp-content\/uploads\/2021\/09\/20210925_220856-768x432.jpg 768w, https:\/\/cvinoticias.com\/wp-content\/uploads\/2021\/09\/20210925_220856-1536x865.jpg 1536w, https:\/\/cvinoticias.com\/wp-content\/uploads\/2021\/09\/20210925_220856-2048x1153.jpg 2048w\" data-sizes=\"(max-width: 1024px) 100vw, 1024px\" src=\"data:image\/svg+xml;base64,PHN2ZyB3aWR0aD0iMSIgaGVpZ2h0PSIxIiB4bWxucz0iaHR0cDovL3d3dy53My5vcmcvMjAwMC9zdmciPjwvc3ZnPg==\" style=\"--smush-placeholder-width: 1024px; --smush-placeholder-aspect-ratio: 1024\/577;\" \/><\/a><\/figure>\n\n\n\n<p>En la actualidad, en muchos pa\u00edses del mundo la diversidad sexual est\u00e1 perseguida y criminalizada, por parte de las leyes y las autoridades. Asimismo, en varios pa\u00edses ya ha sido aceptada a nivel estatal. La sociedad sigue estando muy lejos de aceptar una realidad que ya deber\u00eda haber sido normalizada desde hace mucho tiempo.<\/p>\n\n\n\n<p>El respeto a la diversidad sexual reivindica el derecho de las personas a vivir con libertad su orientaci\u00f3n sexual e identidad de g\u00e9nero, sin temor a discriminaciones ni represalias.<\/p>\n\n\n\n<p><br>El Festival Primavera Solidaria se realiz\u00f3 bajo la conducci\u00f3n de Deborah Gier, An\u00edbal Rol\u00f3n y Dar\u00edo Rojas.<\/p>\n\n\n\n<figure class=\"wp-block-image size-large\"><a href=\"https:\/\/cvinoticias.com\/wp-content\/uploads\/2021\/09\/20210925_204755-scaled.jpg\"><img decoding=\"async\" width=\"768\" height=\"1024\" data-src=\"https:\/\/cvinoticias.com\/wp-content\/uploads\/2021\/09\/20210925_204755-768x1024.jpg\" alt=\"\" class=\"wp-image-8867 lazyload\" data-srcset=\"https:\/\/cvinoticias.com\/wp-content\/uploads\/2021\/09\/20210925_204755-768x1024.jpg 768w, https:\/\/cvinoticias.com\/wp-content\/uploads\/2021\/09\/20210925_204755-225x300.jpg 225w, https:\/\/cvinoticias.com\/wp-content\/uploads\/2021\/09\/20210925_204755-1152x1536.jpg 1152w, https:\/\/cvinoticias.com\/wp-content\/uploads\/2021\/09\/20210925_204755-1536x2048.jpg 1536w, https:\/\/cvinoticias.com\/wp-content\/uploads\/2021\/09\/20210925_204755-scaled.jpg 1920w\" data-sizes=\"(max-width: 768px) 100vw, 768px\" src=\"data:image\/svg+xml;base64,PHN2ZyB3aWR0aD0iMSIgaGVpZ2h0PSIxIiB4bWxucz0iaHR0cDovL3d3dy53My5vcmcvMjAwMC9zdmciPjwvc3ZnPg==\" style=\"--smush-placeholder-width: 768px; --smush-placeholder-aspect-ratio: 768\/1024;\" \/><\/a><\/figure>\n\n\n\n<figure class=\"wp-block-image size-large\"><a href=\"https:\/\/cvinoticias.com\/wp-content\/uploads\/2021\/09\/20210925_202355-scaled.jpg\"><img decoding=\"async\" width=\"1024\" height=\"768\" data-src=\"https:\/\/cvinoticias.com\/wp-content\/uploads\/2021\/09\/20210925_202355-1024x768.jpg\" alt=\"\" class=\"wp-image-8868 lazyload\" data-srcset=\"https:\/\/cvinoticias.com\/wp-content\/uploads\/2021\/09\/20210925_202355-1024x768.jpg 1024w, https:\/\/cvinoticias.com\/wp-content\/uploads\/2021\/09\/20210925_202355-300x225.jpg 300w, https:\/\/cvinoticias.com\/wp-content\/uploads\/2021\/09\/20210925_202355-768x576.jpg 768w, https:\/\/cvinoticias.com\/wp-content\/uploads\/2021\/09\/20210925_202355-1536x1152.jpg 1536w, https:\/\/cvinoticias.com\/wp-content\/uploads\/2021\/09\/20210925_202355-2048x1536.jpg 2048w\" data-sizes=\"(max-width: 1024px) 100vw, 1024px\" src=\"data:image\/svg+xml;base64,PHN2ZyB3aWR0aD0iMSIgaGVpZ2h0PSIxIiB4bWxucz0iaHR0cDovL3d3dy53My5vcmcvMjAwMC9zdmciPjwvc3ZnPg==\" style=\"--smush-placeholder-width: 1024px; --smush-placeholder-aspect-ratio: 1024\/768;\" \/><\/a><\/figure>\n\n\n\n<figure class=\"wp-block-image size-large\"><a href=\"https:\/\/cvinoticias.com\/wp-content\/uploads\/2021\/09\/IMG-20210926-WA0007.jpg\"><img decoding=\"async\" width=\"1024\" height=\"768\" data-src=\"https:\/\/cvinoticias.com\/wp-content\/uploads\/2021\/09\/IMG-20210926-WA0007-1024x768.jpg\" alt=\"\" class=\"wp-image-8869 lazyload\" data-srcset=\"https:\/\/cvinoticias.com\/wp-content\/uploads\/2021\/09\/IMG-20210926-WA0007-1024x768.jpg 1024w, https:\/\/cvinoticias.com\/wp-content\/uploads\/2021\/09\/IMG-20210926-WA0007-300x225.jpg 300w, https:\/\/cvinoticias.com\/wp-content\/uploads\/2021\/09\/IMG-20210926-WA0007-768x576.jpg 768w, https:\/\/cvinoticias.com\/wp-content\/uploads\/2021\/09\/IMG-20210926-WA0007-1536x1152.jpg 1536w, https:\/\/cvinoticias.com\/wp-content\/uploads\/2021\/09\/IMG-20210926-WA0007.jpg 1600w\" data-sizes=\"(max-width: 1024px) 100vw, 1024px\" src=\"data:image\/svg+xml;base64,PHN2ZyB3aWR0aD0iMSIgaGVpZ2h0PSIxIiB4bWxucz0iaHR0cDovL3d3dy53My5vcmcvMjAwMC9zdmciPjwvc3ZnPg==\" style=\"--smush-placeholder-width: 1024px; --smush-placeholder-aspect-ratio: 1024\/768;\" \/><\/a><\/figure>\n\n\n\n<figure class=\"wp-block-image size-large\"><a href=\"https:\/\/cvinoticias.com\/wp-content\/uploads\/2021\/09\/IMG-20210926-WA0017.jpg\"><img decoding=\"async\" width=\"1024\" height=\"768\" data-src=\"https:\/\/cvinoticias.com\/wp-content\/uploads\/2021\/09\/IMG-20210926-WA0017-1024x768.jpg\" alt=\"\" class=\"wp-image-8870 lazyload\" data-srcset=\"https:\/\/cvinoticias.com\/wp-content\/uploads\/2021\/09\/IMG-20210926-WA0017-1024x768.jpg 1024w, https:\/\/cvinoticias.com\/wp-content\/uploads\/2021\/09\/IMG-20210926-WA0017-300x225.jpg 300w, https:\/\/cvinoticias.com\/wp-content\/uploads\/2021\/09\/IMG-20210926-WA0017-768x576.jpg 768w, https:\/\/cvinoticias.com\/wp-content\/uploads\/2021\/09\/IMG-20210926-WA0017-1536x1152.jpg 1536w, https:\/\/cvinoticias.com\/wp-content\/uploads\/2021\/09\/IMG-20210926-WA0017.jpg 1600w\" data-sizes=\"(max-width: 1024px) 100vw, 1024px\" src=\"data:image\/svg+xml;base64,PHN2ZyB3aWR0aD0iMSIgaGVpZ2h0PSIxIiB4bWxucz0iaHR0cDovL3d3dy53My5vcmcvMjAwMC9zdmciPjwvc3ZnPg==\" style=\"--smush-placeholder-width: 1024px; --smush-placeholder-aspect-ratio: 1024\/768;\" \/><\/a><\/figure>\n\n\n\n<figure class=\"wp-block-image size-large\"><a href=\"https:\/\/cvinoticias.com\/wp-content\/uploads\/2021\/09\/20210925_213905-scaled.jpg\"><img decoding=\"async\" width=\"768\" height=\"1024\" data-src=\"https:\/\/cvinoticias.com\/wp-content\/uploads\/2021\/09\/20210925_213905-768x1024.jpg\" alt=\"\" class=\"wp-image-8871 lazyload\" data-srcset=\"https:\/\/cvinoticias.com\/wp-content\/uploads\/2021\/09\/20210925_213905-768x1024.jpg 768w, https:\/\/cvinoticias.com\/wp-content\/uploads\/2021\/09\/20210925_213905-225x300.jpg 225w, https:\/\/cvinoticias.com\/wp-content\/uploads\/2021\/09\/20210925_213905-1152x1536.jpg 1152w, https:\/\/cvinoticias.com\/wp-content\/uploads\/2021\/09\/20210925_213905-1536x2048.jpg 1536w, https:\/\/cvinoticias.com\/wp-content\/uploads\/2021\/09\/20210925_213905-scaled.jpg 1920w\" data-sizes=\"(max-width: 768px) 100vw, 768px\" src=\"data:image\/svg+xml;base64,PHN2ZyB3aWR0aD0iMSIgaGVpZ2h0PSIxIiB4bWxucz0iaHR0cDovL3d3dy53My5vcmcvMjAwMC9zdmciPjwvc3ZnPg==\" style=\"--smush-placeholder-width: 768px; --smush-placeholder-aspect-ratio: 768\/1024;\" \/><\/a><\/figure>\n\n\n\n<figure class=\"wp-block-image size-large\"><a href=\"https:\/\/cvinoticias.com\/wp-content\/uploads\/2021\/09\/IMG-20210926-WA0015.jpg\"><img decoding=\"async\" width=\"768\" height=\"1024\" data-src=\"https:\/\/cvinoticias.com\/wp-content\/uploads\/2021\/09\/IMG-20210926-WA0015-768x1024.jpg\" alt=\"\" class=\"wp-image-8872 lazyload\" data-srcset=\"https:\/\/cvinoticias.com\/wp-content\/uploads\/2021\/09\/IMG-20210926-WA0015-768x1024.jpg 768w, https:\/\/cvinoticias.com\/wp-content\/uploads\/2021\/09\/IMG-20210926-WA0015-225x300.jpg 225w, https:\/\/cvinoticias.com\/wp-content\/uploads\/2021\/09\/IMG-20210926-WA0015-1152x1536.jpg 1152w, https:\/\/cvinoticias.com\/wp-content\/uploads\/2021\/09\/IMG-20210926-WA0015.jpg 1200w\" data-sizes=\"(max-width: 768px) 100vw, 768px\" src=\"data:image\/svg+xml;base64,PHN2ZyB3aWR0aD0iMSIgaGVpZ2h0PSIxIiB4bWxucz0iaHR0cDovL3d3dy53My5vcmcvMjAwMC9zdmciPjwvc3ZnPg==\" style=\"--smush-placeholder-width: 768px; --smush-placeholder-aspect-ratio: 768\/1024;\" \/><\/a><\/figure>\n\n\n\n<figure class=\"wp-block-image size-large\"><a href=\"https:\/\/cvinoticias.com\/wp-content\/uploads\/2021\/09\/IMG-20210926-WA0356.jpg\"><img decoding=\"async\" width=\"1024\" height=\"768\" data-src=\"https:\/\/cvinoticias.com\/wp-content\/uploads\/2021\/09\/IMG-20210926-WA0356-1024x768.jpg\" alt=\"\" class=\"wp-image-8883 lazyload\" data-srcset=\"https:\/\/cvinoticias.com\/wp-content\/uploads\/2021\/09\/IMG-20210926-WA0356-1024x768.jpg 1024w, https:\/\/cvinoticias.com\/wp-content\/uploads\/2021\/09\/IMG-20210926-WA0356-300x225.jpg 300w, https:\/\/cvinoticias.com\/wp-content\/uploads\/2021\/09\/IMG-20210926-WA0356-768x576.jpg 768w, https:\/\/cvinoticias.com\/wp-content\/uploads\/2021\/09\/IMG-20210926-WA0356-1536x1152.jpg 1536w, https:\/\/cvinoticias.com\/wp-content\/uploads\/2021\/09\/IMG-20210926-WA0356.jpg 1600w\" data-sizes=\"(max-width: 1024px) 100vw, 1024px\" src=\"data:image\/svg+xml;base64,PHN2ZyB3aWR0aD0iMSIgaGVpZ2h0PSIxIiB4bWxucz0iaHR0cDovL3d3dy53My5vcmcvMjAwMC9zdmciPjwvc3ZnPg==\" style=\"--smush-placeholder-width: 1024px; --smush-placeholder-aspect-ratio: 1024\/768;\" \/><\/a><\/figure>\n","protected":false},"excerpt":{"rendered":"<p>En el marco de celebraci\u00f3n durante el mes de septiembre del aniversario de Iguaz\u00fa, el d\u00eda de la primavera y el d\u00eda del estudiante la Direcci\u00f3n de Diversidad y G\u00e9neros organiz\u00f3 el \u00abFestival de la Primavera Solidaria\u00bb que cont\u00f3 con la participaci\u00f3n de m\u00e1s de diez artistas locales que deleitaron al p\u00fablico con su m\u00fasica, [&hellip;]<\/p>\n","protected":false},"author":2,"featured_media":8873,"comment_status":"open","ping_status":"open","sticky":false,"template":"","format":"standard","meta":{"footnotes":""},"categories":[29],"tags":[],"class_list":["post-8863","post","type-post","status-publish","format-standard","has-post-thumbnail","hentry","category-locales"],"yoast_head":"<!-- This site is optimized with the Yoast SEO plugin v27.5 - https:\/\/yoast.com\/product\/yoast-seo-wordpress\/ -->\n<title>Iguaz\u00fa: Se realiz\u00f3 con mucho \u00e9xito el &quot;Festival Primavera Solidaria&quot; | CVI NOTICIAS<\/title>\n<meta name=\"robots\" content=\"index, follow, max-snippet:-1, max-image-preview:large, max-video-preview:-1\" \/>\n<link rel=\"canonical\" href=\"https:\/\/cvinoticias.com\/v3\/iguazu-se-realizo-con-mucho-exito-el-festival-primavera-solidaria\/\" \/>\n<meta property=\"og:locale\" content=\"es_ES\" \/>\n<meta property=\"og:type\" content=\"article\" \/>\n<meta property=\"og:title\" content=\"Iguaz\u00fa: Se realiz\u00f3 con mucho \u00e9xito el &quot;Festival Primavera Solidaria&quot; | CVI NOTICIAS\" \/>\n<meta property=\"og:description\" content=\"En el marco de celebraci\u00f3n durante el mes de septiembre del aniversario de Iguaz\u00fa, el d\u00eda de la primavera y el d\u00eda del estudiante la Direcci\u00f3n de Diversidad y G\u00e9neros organiz\u00f3 el \u00abFestival de la Primavera Solidaria\u00bb que cont\u00f3 con la participaci\u00f3n de m\u00e1s de diez artistas locales que deleitaron al p\u00fablico con su m\u00fasica, [&hellip;]\" \/>\n<meta property=\"og:url\" content=\"https:\/\/cvinoticias.com\/v3\/iguazu-se-realizo-con-mucho-exito-el-festival-primavera-solidaria\/\" \/>\n<meta property=\"og:site_name\" content=\"CVI NOTICIAS\" \/>\n<meta property=\"article:publisher\" content=\"https:\/\/www.facebook.com\/cvinoticias\" \/>\n<meta property=\"article:published_time\" content=\"2021-09-26T15:35:50+00:00\" \/>\n<meta property=\"article:modified_time\" content=\"2021-09-27T03:22:00+00:00\" \/>\n<meta property=\"og:image\" content=\"https:\/\/cvinoticias.com\/wp-content\/uploads\/2021\/09\/IMG-20210925-WA0220.jpg\" \/>\n\t<meta property=\"og:image:width\" content=\"1280\" \/>\n\t<meta property=\"og:image:height\" content=\"960\" \/>\n\t<meta property=\"og:image:type\" content=\"image\/jpeg\" \/>\n<meta name=\"author\" content=\"f1000024\" \/>\n<meta name=\"twitter:card\" content=\"summary_large_image\" \/>\n<meta name=\"twitter:label1\" content=\"Escrito por\" \/>\n\t<meta name=\"twitter:data1\" content=\"f1000024\" \/>\n\t<meta name=\"twitter:label2\" content=\"Tiempo de lectura\" \/>\n\t<meta name=\"twitter:data2\" content=\"2 minutos\" \/>\n<script type=\"application\/ld+json\" class=\"yoast-schema-graph\">{\"@context\":\"https:\\\/\\\/schema.org\",\"@graph\":[{\"@type\":\"Article\",\"@id\":\"https:\\\/\\\/cvinoticias.com\\\/v3\\\/iguazu-se-realizo-con-mucho-exito-el-festival-primavera-solidaria\\\/#article\",\"isPartOf\":{\"@id\":\"https:\\\/\\\/cvinoticias.com\\\/v3\\\/iguazu-se-realizo-con-mucho-exito-el-festival-primavera-solidaria\\\/\"},\"author\":{\"name\":\"f1000024\",\"@id\":\"https:\\\/\\\/cvinoticias.com\\\/v3\\\/#\\\/schema\\\/person\\\/2db77e3c6bc03c538495d7b2b8be9b66\"},\"headline\":\"Iguaz\u00fa: Se realiz\u00f3 con mucho \u00e9xito el \u00abFestival Primavera Solidaria\u00bb\",\"datePublished\":\"2021-09-26T15:35:50+00:00\",\"dateModified\":\"2021-09-27T03:22:00+00:00\",\"mainEntityOfPage\":{\"@id\":\"https:\\\/\\\/cvinoticias.com\\\/v3\\\/iguazu-se-realizo-con-mucho-exito-el-festival-primavera-solidaria\\\/\"},\"wordCount\":490,\"commentCount\":0,\"publisher\":{\"@id\":\"https:\\\/\\\/cvinoticias.com\\\/v3\\\/#organization\"},\"image\":{\"@id\":\"https:\\\/\\\/cvinoticias.com\\\/v3\\\/iguazu-se-realizo-con-mucho-exito-el-festival-primavera-solidaria\\\/#primaryimage\"},\"thumbnailUrl\":\"https:\\\/\\\/cvinoticias.com\\\/wp-content\\\/uploads\\\/2021\\\/09\\\/IMG-20210925-WA0220.jpg\",\"articleSection\":[\"Locales\"],\"inLanguage\":\"es\",\"potentialAction\":[{\"@type\":\"CommentAction\",\"name\":\"Comment\",\"target\":[\"https:\\\/\\\/cvinoticias.com\\\/v3\\\/iguazu-se-realizo-con-mucho-exito-el-festival-primavera-solidaria\\\/#respond\"]}]},{\"@type\":\"WebPage\",\"@id\":\"https:\\\/\\\/cvinoticias.com\\\/v3\\\/iguazu-se-realizo-con-mucho-exito-el-festival-primavera-solidaria\\\/\",\"url\":\"https:\\\/\\\/cvinoticias.com\\\/v3\\\/iguazu-se-realizo-con-mucho-exito-el-festival-primavera-solidaria\\\/\",\"name\":\"Iguaz\u00fa: Se realiz\u00f3 con mucho \u00e9xito el \\\"Festival Primavera Solidaria\\\" | CVI NOTICIAS\",\"isPartOf\":{\"@id\":\"https:\\\/\\\/cvinoticias.com\\\/v3\\\/#website\"},\"primaryImageOfPage\":{\"@id\":\"https:\\\/\\\/cvinoticias.com\\\/v3\\\/iguazu-se-realizo-con-mucho-exito-el-festival-primavera-solidaria\\\/#primaryimage\"},\"image\":{\"@id\":\"https:\\\/\\\/cvinoticias.com\\\/v3\\\/iguazu-se-realizo-con-mucho-exito-el-festival-primavera-solidaria\\\/#primaryimage\"},\"thumbnailUrl\":\"https:\\\/\\\/cvinoticias.com\\\/wp-content\\\/uploads\\\/2021\\\/09\\\/IMG-20210925-WA0220.jpg\",\"datePublished\":\"2021-09-26T15:35:50+00:00\",\"dateModified\":\"2021-09-27T03:22:00+00:00\",\"breadcrumb\":{\"@id\":\"https:\\\/\\\/cvinoticias.com\\\/v3\\\/iguazu-se-realizo-con-mucho-exito-el-festival-primavera-solidaria\\\/#breadcrumb\"},\"inLanguage\":\"es\",\"potentialAction\":[{\"@type\":\"ReadAction\",\"target\":[\"https:\\\/\\\/cvinoticias.com\\\/v3\\\/iguazu-se-realizo-con-mucho-exito-el-festival-primavera-solidaria\\\/\"]}]},{\"@type\":\"ImageObject\",\"inLanguage\":\"es\",\"@id\":\"https:\\\/\\\/cvinoticias.com\\\/v3\\\/iguazu-se-realizo-con-mucho-exito-el-festival-primavera-solidaria\\\/#primaryimage\",\"url\":\"https:\\\/\\\/cvinoticias.com\\\/wp-content\\\/uploads\\\/2021\\\/09\\\/IMG-20210925-WA0220.jpg\",\"contentUrl\":\"https:\\\/\\\/cvinoticias.com\\\/wp-content\\\/uploads\\\/2021\\\/09\\\/IMG-20210925-WA0220.jpg\",\"width\":1280,\"height\":960},{\"@type\":\"BreadcrumbList\",\"@id\":\"https:\\\/\\\/cvinoticias.com\\\/v3\\\/iguazu-se-realizo-con-mucho-exito-el-festival-primavera-solidaria\\\/#breadcrumb\",\"itemListElement\":[{\"@type\":\"ListItem\",\"position\":1,\"name\":\"Portada\",\"item\":\"https:\\\/\\\/cvinoticias.com\\\/v3\\\/\"},{\"@type\":\"ListItem\",\"position\":2,\"name\":\"Iguaz\u00fa: Se realiz\u00f3 con mucho \u00e9xito el \u00abFestival Primavera Solidaria\u00bb\"}]},{\"@type\":\"WebSite\",\"@id\":\"https:\\\/\\\/cvinoticias.com\\\/v3\\\/#website\",\"url\":\"https:\\\/\\\/cvinoticias.com\\\/v3\\\/\",\"name\":\"CVI NOTICIAS\",\"description\":\"\",\"publisher\":{\"@id\":\"https:\\\/\\\/cvinoticias.com\\\/v3\\\/#organization\"},\"alternateName\":\"CVI\",\"potentialAction\":[{\"@type\":\"SearchAction\",\"target\":{\"@type\":\"EntryPoint\",\"urlTemplate\":\"https:\\\/\\\/cvinoticias.com\\\/v3\\\/?s={search_term_string}\"},\"query-input\":{\"@type\":\"PropertyValueSpecification\",\"valueRequired\":true,\"valueName\":\"search_term_string\"}}],\"inLanguage\":\"es\"},{\"@type\":\"Organization\",\"@id\":\"https:\\\/\\\/cvinoticias.com\\\/v3\\\/#organization\",\"name\":\"CVI NOTICIAS\",\"url\":\"https:\\\/\\\/cvinoticias.com\\\/v3\\\/\",\"logo\":{\"@type\":\"ImageObject\",\"inLanguage\":\"es\",\"@id\":\"https:\\\/\\\/cvinoticias.com\\\/v3\\\/#\\\/schema\\\/logo\\\/image\\\/\",\"url\":\"https:\\\/\\\/cvinoticias.com\\\/wp-content\\\/uploads\\\/2023\\\/04\\\/cropped-cropped-cropped-cropped-cropped-3-1.png\",\"contentUrl\":\"https:\\\/\\\/cvinoticias.com\\\/wp-content\\\/uploads\\\/2023\\\/04\\\/cropped-cropped-cropped-cropped-cropped-3-1.png\",\"width\":95,\"height\":122,\"caption\":\"CVI NOTICIAS\"},\"image\":{\"@id\":\"https:\\\/\\\/cvinoticias.com\\\/v3\\\/#\\\/schema\\\/logo\\\/image\\\/\"},\"sameAs\":[\"https:\\\/\\\/www.facebook.com\\\/cvinoticias\",\"https:\\\/\\\/www.instagram.com\\\/cvinoticias\\\/\",\"https:\\\/\\\/www.youtube.com\\\/@CVINOTICIAS\"]},{\"@type\":\"Person\",\"@id\":\"https:\\\/\\\/cvinoticias.com\\\/v3\\\/#\\\/schema\\\/person\\\/2db77e3c6bc03c538495d7b2b8be9b66\",\"name\":\"f1000024\",\"image\":{\"@type\":\"ImageObject\",\"inLanguage\":\"es\",\"@id\":\"https:\\\/\\\/secure.gravatar.com\\\/avatar\\\/d4fe7459cfc51ff5129ce1a732bbef5928568b8092d412ef95611616376bbeed?s=96&d=mm&r=g\",\"url\":\"https:\\\/\\\/secure.gravatar.com\\\/avatar\\\/d4fe7459cfc51ff5129ce1a732bbef5928568b8092d412ef95611616376bbeed?s=96&d=mm&r=g\",\"contentUrl\":\"https:\\\/\\\/secure.gravatar.com\\\/avatar\\\/d4fe7459cfc51ff5129ce1a732bbef5928568b8092d412ef95611616376bbeed?s=96&d=mm&r=g\",\"caption\":\"f1000024\"},\"url\":\"https:\\\/\\\/cvinoticias.com\\\/v3\\\/author\\\/f1000024\\\/\"}]}<\/script>\n<!-- \/ Yoast SEO plugin. -->","yoast_head_json":{"title":"Iguaz\u00fa: Se realiz\u00f3 con mucho \u00e9xito el \"Festival Primavera Solidaria\" | CVI NOTICIAS","robots":{"index":"index","follow":"follow","max-snippet":"max-snippet:-1","max-image-preview":"max-image-preview:large","max-video-preview":"max-video-preview:-1"},"canonical":"https:\/\/cvinoticias.com\/v3\/iguazu-se-realizo-con-mucho-exito-el-festival-primavera-solidaria\/","og_locale":"es_ES","og_type":"article","og_title":"Iguaz\u00fa: Se realiz\u00f3 con mucho \u00e9xito el \"Festival Primavera Solidaria\" | CVI NOTICIAS","og_description":"En el marco de celebraci\u00f3n durante el mes de septiembre del aniversario de Iguaz\u00fa, el d\u00eda de la primavera y el d\u00eda del estudiante la Direcci\u00f3n de Diversidad y G\u00e9neros organiz\u00f3 el \u00abFestival de la Primavera Solidaria\u00bb que cont\u00f3 con la participaci\u00f3n de m\u00e1s de diez artistas locales que deleitaron al p\u00fablico con su m\u00fasica, [&hellip;]","og_url":"https:\/\/cvinoticias.com\/v3\/iguazu-se-realizo-con-mucho-exito-el-festival-primavera-solidaria\/","og_site_name":"CVI NOTICIAS","article_publisher":"https:\/\/www.facebook.com\/cvinoticias","article_published_time":"2021-09-26T15:35:50+00:00","article_modified_time":"2021-09-27T03:22:00+00:00","og_image":[{"width":1280,"height":960,"url":"https:\/\/cvinoticias.com\/wp-content\/uploads\/2021\/09\/IMG-20210925-WA0220.jpg","type":"image\/jpeg"}],"author":"f1000024","twitter_card":"summary_large_image","twitter_misc":{"Escrito por":"f1000024","Tiempo de lectura":"2 minutos"},"schema":{"@context":"https:\/\/schema.org","@graph":[{"@type":"Article","@id":"https:\/\/cvinoticias.com\/v3\/iguazu-se-realizo-con-mucho-exito-el-festival-primavera-solidaria\/#article","isPartOf":{"@id":"https:\/\/cvinoticias.com\/v3\/iguazu-se-realizo-con-mucho-exito-el-festival-primavera-solidaria\/"},"author":{"name":"f1000024","@id":"https:\/\/cvinoticias.com\/v3\/#\/schema\/person\/2db77e3c6bc03c538495d7b2b8be9b66"},"headline":"Iguaz\u00fa: Se realiz\u00f3 con mucho \u00e9xito el \u00abFestival Primavera Solidaria\u00bb","datePublished":"2021-09-26T15:35:50+00:00","dateModified":"2021-09-27T03:22:00+00:00","mainEntityOfPage":{"@id":"https:\/\/cvinoticias.com\/v3\/iguazu-se-realizo-con-mucho-exito-el-festival-primavera-solidaria\/"},"wordCount":490,"commentCount":0,"publisher":{"@id":"https:\/\/cvinoticias.com\/v3\/#organization"},"image":{"@id":"https:\/\/cvinoticias.com\/v3\/iguazu-se-realizo-con-mucho-exito-el-festival-primavera-solidaria\/#primaryimage"},"thumbnailUrl":"https:\/\/cvinoticias.com\/wp-content\/uploads\/2021\/09\/IMG-20210925-WA0220.jpg","articleSection":["Locales"],"inLanguage":"es","potentialAction":[{"@type":"CommentAction","name":"Comment","target":["https:\/\/cvinoticias.com\/v3\/iguazu-se-realizo-con-mucho-exito-el-festival-primavera-solidaria\/#respond"]}]},{"@type":"WebPage","@id":"https:\/\/cvinoticias.com\/v3\/iguazu-se-realizo-con-mucho-exito-el-festival-primavera-solidaria\/","url":"https:\/\/cvinoticias.com\/v3\/iguazu-se-realizo-con-mucho-exito-el-festival-primavera-solidaria\/","name":"Iguaz\u00fa: Se realiz\u00f3 con mucho \u00e9xito el \"Festival Primavera Solidaria\" | CVI NOTICIAS","isPartOf":{"@id":"https:\/\/cvinoticias.com\/v3\/#website"},"primaryImageOfPage":{"@id":"https:\/\/cvinoticias.com\/v3\/iguazu-se-realizo-con-mucho-exito-el-festival-primavera-solidaria\/#primaryimage"},"image":{"@id":"https:\/\/cvinoticias.com\/v3\/iguazu-se-realizo-con-mucho-exito-el-festival-primavera-solidaria\/#primaryimage"},"thumbnailUrl":"https:\/\/cvinoticias.com\/wp-content\/uploads\/2021\/09\/IMG-20210925-WA0220.jpg","datePublished":"2021-09-26T15:35:50+00:00","dateModified":"2021-09-27T03:22:00+00:00","breadcrumb":{"@id":"https:\/\/cvinoticias.com\/v3\/iguazu-se-realizo-con-mucho-exito-el-festival-primavera-solidaria\/#breadcrumb"},"inLanguage":"es","potentialAction":[{"@type":"ReadAction","target":["https:\/\/cvinoticias.com\/v3\/iguazu-se-realizo-con-mucho-exito-el-festival-primavera-solidaria\/"]}]},{"@type":"ImageObject","inLanguage":"es","@id":"https:\/\/cvinoticias.com\/v3\/iguazu-se-realizo-con-mucho-exito-el-festival-primavera-solidaria\/#primaryimage","url":"https:\/\/cvinoticias.com\/wp-content\/uploads\/2021\/09\/IMG-20210925-WA0220.jpg","contentUrl":"https:\/\/cvinoticias.com\/wp-content\/uploads\/2021\/09\/IMG-20210925-WA0220.jpg","width":1280,"height":960},{"@type":"BreadcrumbList","@id":"https:\/\/cvinoticias.com\/v3\/iguazu-se-realizo-con-mucho-exito-el-festival-primavera-solidaria\/#breadcrumb","itemListElement":[{"@type":"ListItem","position":1,"name":"Portada","item":"https:\/\/cvinoticias.com\/v3\/"},{"@type":"ListItem","position":2,"name":"Iguaz\u00fa: Se realiz\u00f3 con mucho \u00e9xito el \u00abFestival Primavera Solidaria\u00bb"}]},{"@type":"WebSite","@id":"https:\/\/cvinoticias.com\/v3\/#website","url":"https:\/\/cvinoticias.com\/v3\/","name":"CVI NOTICIAS","description":"","publisher":{"@id":"https:\/\/cvinoticias.com\/v3\/#organization"},"alternateName":"CVI","potentialAction":[{"@type":"SearchAction","target":{"@type":"EntryPoint","urlTemplate":"https:\/\/cvinoticias.com\/v3\/?s={search_term_string}"},"query-input":{"@type":"PropertyValueSpecification","valueRequired":true,"valueName":"search_term_string"}}],"inLanguage":"es"},{"@type":"Organization","@id":"https:\/\/cvinoticias.com\/v3\/#organization","name":"CVI NOTICIAS","url":"https:\/\/cvinoticias.com\/v3\/","logo":{"@type":"ImageObject","inLanguage":"es","@id":"https:\/\/cvinoticias.com\/v3\/#\/schema\/logo\/image\/","url":"https:\/\/cvinoticias.com\/wp-content\/uploads\/2023\/04\/cropped-cropped-cropped-cropped-cropped-3-1.png","contentUrl":"https:\/\/cvinoticias.com\/wp-content\/uploads\/2023\/04\/cropped-cropped-cropped-cropped-cropped-3-1.png","width":95,"height":122,"caption":"CVI NOTICIAS"},"image":{"@id":"https:\/\/cvinoticias.com\/v3\/#\/schema\/logo\/image\/"},"sameAs":["https:\/\/www.facebook.com\/cvinoticias","https:\/\/www.instagram.com\/cvinoticias\/","https:\/\/www.youtube.com\/@CVINOTICIAS"]},{"@type":"Person","@id":"https:\/\/cvinoticias.com\/v3\/#\/schema\/person\/2db77e3c6bc03c538495d7b2b8be9b66","name":"f1000024","image":{"@type":"ImageObject","inLanguage":"es","@id":"https:\/\/secure.gravatar.com\/avatar\/d4fe7459cfc51ff5129ce1a732bbef5928568b8092d412ef95611616376bbeed?s=96&d=mm&r=g","url":"https:\/\/secure.gravatar.com\/avatar\/d4fe7459cfc51ff5129ce1a732bbef5928568b8092d412ef95611616376bbeed?s=96&d=mm&r=g","contentUrl":"https:\/\/secure.gravatar.com\/avatar\/d4fe7459cfc51ff5129ce1a732bbef5928568b8092d412ef95611616376bbeed?s=96&d=mm&r=g","caption":"f1000024"},"url":"https:\/\/cvinoticias.com\/v3\/author\/f1000024\/"}]}},"_links":{"self":[{"href":"https:\/\/cvinoticias.com\/v3\/wp-json\/wp\/v2\/posts\/8863","targetHints":{"allow":["GET"]}}],"collection":[{"href":"https:\/\/cvinoticias.com\/v3\/wp-json\/wp\/v2\/posts"}],"about":[{"href":"https:\/\/cvinoticias.com\/v3\/wp-json\/wp\/v2\/types\/post"}],"author":[{"embeddable":true,"href":"https:\/\/cvinoticias.com\/v3\/wp-json\/wp\/v2\/users\/2"}],"replies":[{"embeddable":true,"href":"https:\/\/cvinoticias.com\/v3\/wp-json\/wp\/v2\/comments?post=8863"}],"version-history":[{"count":4,"href":"https:\/\/cvinoticias.com\/v3\/wp-json\/wp\/v2\/posts\/8863\/revisions"}],"predecessor-version":[{"id":8884,"href":"https:\/\/cvinoticias.com\/v3\/wp-json\/wp\/v2\/posts\/8863\/revisions\/8884"}],"wp:featuredmedia":[{"embeddable":true,"href":"https:\/\/cvinoticias.com\/v3\/wp-json\/wp\/v2\/media\/8873"}],"wp:attachment":[{"href":"https:\/\/cvinoticias.com\/v3\/wp-json\/wp\/v2\/media?parent=8863"}],"wp:term":[{"taxonomy":"category","embeddable":true,"href":"https:\/\/cvinoticias.com\/v3\/wp-json\/wp\/v2\/categories?post=8863"},{"taxonomy":"post_tag","embeddable":true,"href":"https:\/\/cvinoticias.com\/v3\/wp-json\/wp\/v2\/tags?post=8863"}],"curies":[{"name":"wp","href":"https:\/\/api.w.org\/{rel}","templated":true}]}}