{"id":8840,"date":"2021-09-24T16:22:15","date_gmt":"2021-09-24T16:22:15","guid":{"rendered":"https:\/\/cvinoticias.com\/v3\/?p=8840"},"modified":"2021-09-24T16:22:15","modified_gmt":"2021-09-24T16:22:15","slug":"el-feriado-por-el-dia-del-empleado-de-comercio-se-paso-al-lunes-27","status":"publish","type":"post","link":"https:\/\/cvinoticias.com\/v3\/el-feriado-por-el-dia-del-empleado-de-comercio-se-paso-al-lunes-27\/","title":{"rendered":"El feriado por el D\u00eda del Empleado de Comercio se pas\u00f3 al lunes 27"},"content":{"rendered":"\n<p><strong>Este domingo 26 de septiembre es el D\u00eda del Empleado de Comercio, pero tras un acuerdo con la Federaci\u00f3n de Empleados de Comercio y Servicios (FAECYS) con las c\u00e1maras del sector, el d\u00eda no laborable se trasladar\u00e1 al lunes 27.<\/strong>\u00a0<\/p>\n\n\n\n<p>La decisi\u00f3n fue motivada para evitar un golpe econ\u00f3mico mayor en medio de la pandemia y para aprovechar las flexibilizaciones anunciadas esta semana y as\u00ed los comercios y los shoppings puedan recibir a sus clientes el domingo, una de las jornadas de mayor venta.<\/p>\n\n\n\n<p>Varios negocios permanecer\u00e1n cerrados o reducir\u00e1n su personal.ACTUALIDAD<em>24 de septiembre de 2021<\/em><\/p>\n\n\n\n<p>La decisi\u00f3n fue motivada para evitar un golpe econ\u00f3mico mayor en medio de la pandemia y para aprovechar las flexibilizaciones anunciadas esta semana y as\u00ed los comercios y los shoppings puedan recibir a sus clientes el domingo, una de las jornadas de mayor venta <\/p>\n\n\n\n<p>El acuerdo fue alcanzado por la C\u00e1mara Argentina de Comercio y Servicios (CAC); la Confederaci\u00f3n de la Mediana Empresa (CAME), y la Uni\u00f3n de Entidades Comerciales Argentina (UDECA), al tiempo que destacaron que\u00a0el d\u00eda festivo \u201cen nada afecta la apertura de los comercios cuando estos sean atendidos por sus due\u00f1os o con empleados que acepten trabajar durante esa jornada\u201d.<\/p>\n\n\n\n<p><strong>PAGO DE JORNADA DOBLE<\/strong><\/p>\n\n\n\n<p>En los comercios que decidan abrir el lunes 27, sus empleados podr\u00e1n optar por prestar o no servicios laborales,\u00a0con todos los efectos y alcances de la Ley 26.541, que asimila dicha conmemoraci\u00f3n a los feriados nacionales.<\/p>\n\n\n\n<p>A quienes trabajen no se les otorgar\u00e1 un descanso compensatorio, pero s\u00ed percibir\u00e1n el pago de un recargo equivalente del 100 por ciento. Es por eso que en caso de cumplir con tareas laborales, se debe pagar jornada doble.<\/p>\n","protected":false},"excerpt":{"rendered":"<p>Este domingo 26 de septiembre es el D\u00eda del Empleado de Comercio, pero tras un acuerdo con la Federaci\u00f3n de Empleados de Comercio y Servicios (FAECYS) con las c\u00e1maras del sector, el d\u00eda no laborable se trasladar\u00e1 al lunes 27.\u00a0 La decisi\u00f3n fue motivada para evitar un golpe econ\u00f3mico mayor en medio de la pandemia [&hellip;]<\/p>\n","protected":false},"author":2,"featured_media":8841,"comment_status":"open","ping_status":"open","sticky":false,"template":"","format":"standard","meta":{"footnotes":""},"categories":[35],"tags":[],"class_list":["post-8840","post","type-post","status-publish","format-standard","has-post-thumbnail","hentry","category-informacion-general"],"yoast_head":"<!-- This site is optimized with the Yoast SEO plugin v27.5 - https:\/\/yoast.com\/product\/yoast-seo-wordpress\/ -->\n<title>El feriado por el D\u00eda del Empleado de Comercio se pas\u00f3 al lunes 27 | CVI NOTICIAS<\/title>\n<meta name=\"robots\" content=\"index, follow, max-snippet:-1, max-image-preview:large, max-video-preview:-1\" \/>\n<link rel=\"canonical\" href=\"https:\/\/cvinoticias.com\/v3\/el-feriado-por-el-dia-del-empleado-de-comercio-se-paso-al-lunes-27\/\" \/>\n<meta property=\"og:locale\" content=\"es_ES\" \/>\n<meta property=\"og:type\" content=\"article\" \/>\n<meta property=\"og:title\" content=\"El feriado por el D\u00eda del Empleado de Comercio se pas\u00f3 al lunes 27 | CVI NOTICIAS\" \/>\n<meta property=\"og:description\" content=\"Este domingo 26 de septiembre es el D\u00eda del Empleado de Comercio, pero tras un acuerdo con la Federaci\u00f3n de Empleados de Comercio y Servicios (FAECYS) con las c\u00e1maras del sector, el d\u00eda no laborable se trasladar\u00e1 al lunes 27.\u00a0 La decisi\u00f3n fue motivada para evitar un golpe econ\u00f3mico mayor en medio de la pandemia [&hellip;]\" \/>\n<meta property=\"og:url\" content=\"https:\/\/cvinoticias.com\/v3\/el-feriado-por-el-dia-del-empleado-de-comercio-se-paso-al-lunes-27\/\" \/>\n<meta property=\"og:site_name\" content=\"CVI NOTICIAS\" \/>\n<meta property=\"article:publisher\" content=\"https:\/\/www.facebook.com\/cvinoticias\" \/>\n<meta property=\"article:published_time\" content=\"2021-09-24T16:22:15+00:00\" \/>\n<meta property=\"og:image\" content=\"https:\/\/cvinoticias.com\/wp-content\/uploads\/2021\/09\/l_1601117757.jpg\" \/>\n\t<meta property=\"og:image:width\" content=\"870\" \/>\n\t<meta property=\"og:image:height\" content=\"580\" \/>\n\t<meta property=\"og:image:type\" content=\"image\/jpeg\" \/>\n<meta name=\"author\" content=\"f1000024\" \/>\n<meta name=\"twitter:card\" content=\"summary_large_image\" \/>\n<meta name=\"twitter:label1\" content=\"Escrito por\" \/>\n\t<meta name=\"twitter:data1\" content=\"f1000024\" \/>\n\t<meta name=\"twitter:label2\" content=\"Tiempo de lectura\" \/>\n\t<meta name=\"twitter:data2\" content=\"1 minuto\" \/>\n<script type=\"application\/ld+json\" class=\"yoast-schema-graph\">{\"@context\":\"https:\\\/\\\/schema.org\",\"@graph\":[{\"@type\":\"Article\",\"@id\":\"https:\\\/\\\/cvinoticias.com\\\/v3\\\/el-feriado-por-el-dia-del-empleado-de-comercio-se-paso-al-lunes-27\\\/#article\",\"isPartOf\":{\"@id\":\"https:\\\/\\\/cvinoticias.com\\\/v3\\\/el-feriado-por-el-dia-del-empleado-de-comercio-se-paso-al-lunes-27\\\/\"},\"author\":{\"name\":\"f1000024\",\"@id\":\"https:\\\/\\\/cvinoticias.com\\\/v3\\\/#\\\/schema\\\/person\\\/2db77e3c6bc03c538495d7b2b8be9b66\"},\"headline\":\"El feriado por el D\u00eda del Empleado de Comercio se pas\u00f3 al lunes 27\",\"datePublished\":\"2021-09-24T16:22:15+00:00\",\"mainEntityOfPage\":{\"@id\":\"https:\\\/\\\/cvinoticias.com\\\/v3\\\/el-feriado-por-el-dia-del-empleado-de-comercio-se-paso-al-lunes-27\\\/\"},\"wordCount\":307,\"commentCount\":0,\"publisher\":{\"@id\":\"https:\\\/\\\/cvinoticias.com\\\/v3\\\/#organization\"},\"image\":{\"@id\":\"https:\\\/\\\/cvinoticias.com\\\/v3\\\/el-feriado-por-el-dia-del-empleado-de-comercio-se-paso-al-lunes-27\\\/#primaryimage\"},\"thumbnailUrl\":\"https:\\\/\\\/cvinoticias.com\\\/wp-content\\\/uploads\\\/2021\\\/09\\\/l_1601117757.jpg\",\"articleSection\":[\"Informaci\u00f3n General\"],\"inLanguage\":\"es\",\"potentialAction\":[{\"@type\":\"CommentAction\",\"name\":\"Comment\",\"target\":[\"https:\\\/\\\/cvinoticias.com\\\/v3\\\/el-feriado-por-el-dia-del-empleado-de-comercio-se-paso-al-lunes-27\\\/#respond\"]}]},{\"@type\":\"WebPage\",\"@id\":\"https:\\\/\\\/cvinoticias.com\\\/v3\\\/el-feriado-por-el-dia-del-empleado-de-comercio-se-paso-al-lunes-27\\\/\",\"url\":\"https:\\\/\\\/cvinoticias.com\\\/v3\\\/el-feriado-por-el-dia-del-empleado-de-comercio-se-paso-al-lunes-27\\\/\",\"name\":\"El feriado por el D\u00eda del Empleado de Comercio se pas\u00f3 al lunes 27 | CVI NOTICIAS\",\"isPartOf\":{\"@id\":\"https:\\\/\\\/cvinoticias.com\\\/v3\\\/#website\"},\"primaryImageOfPage\":{\"@id\":\"https:\\\/\\\/cvinoticias.com\\\/v3\\\/el-feriado-por-el-dia-del-empleado-de-comercio-se-paso-al-lunes-27\\\/#primaryimage\"},\"image\":{\"@id\":\"https:\\\/\\\/cvinoticias.com\\\/v3\\\/el-feriado-por-el-dia-del-empleado-de-comercio-se-paso-al-lunes-27\\\/#primaryimage\"},\"thumbnailUrl\":\"https:\\\/\\\/cvinoticias.com\\\/wp-content\\\/uploads\\\/2021\\\/09\\\/l_1601117757.jpg\",\"datePublished\":\"2021-09-24T16:22:15+00:00\",\"breadcrumb\":{\"@id\":\"https:\\\/\\\/cvinoticias.com\\\/v3\\\/el-feriado-por-el-dia-del-empleado-de-comercio-se-paso-al-lunes-27\\\/#breadcrumb\"},\"inLanguage\":\"es\",\"potentialAction\":[{\"@type\":\"ReadAction\",\"target\":[\"https:\\\/\\\/cvinoticias.com\\\/v3\\\/el-feriado-por-el-dia-del-empleado-de-comercio-se-paso-al-lunes-27\\\/\"]}]},{\"@type\":\"ImageObject\",\"inLanguage\":\"es\",\"@id\":\"https:\\\/\\\/cvinoticias.com\\\/v3\\\/el-feriado-por-el-dia-del-empleado-de-comercio-se-paso-al-lunes-27\\\/#primaryimage\",\"url\":\"https:\\\/\\\/cvinoticias.com\\\/wp-content\\\/uploads\\\/2021\\\/09\\\/l_1601117757.jpg\",\"contentUrl\":\"https:\\\/\\\/cvinoticias.com\\\/wp-content\\\/uploads\\\/2021\\\/09\\\/l_1601117757.jpg\",\"width\":870,\"height\":580},{\"@type\":\"BreadcrumbList\",\"@id\":\"https:\\\/\\\/cvinoticias.com\\\/v3\\\/el-feriado-por-el-dia-del-empleado-de-comercio-se-paso-al-lunes-27\\\/#breadcrumb\",\"itemListElement\":[{\"@type\":\"ListItem\",\"position\":1,\"name\":\"Portada\",\"item\":\"https:\\\/\\\/cvinoticias.com\\\/v3\\\/\"},{\"@type\":\"ListItem\",\"position\":2,\"name\":\"El feriado por el D\u00eda del Empleado de Comercio se pas\u00f3 al lunes 27\"}]},{\"@type\":\"WebSite\",\"@id\":\"https:\\\/\\\/cvinoticias.com\\\/v3\\\/#website\",\"url\":\"https:\\\/\\\/cvinoticias.com\\\/v3\\\/\",\"name\":\"CVI NOTICIAS\",\"description\":\"\",\"publisher\":{\"@id\":\"https:\\\/\\\/cvinoticias.com\\\/v3\\\/#organization\"},\"alternateName\":\"CVI\",\"potentialAction\":[{\"@type\":\"SearchAction\",\"target\":{\"@type\":\"EntryPoint\",\"urlTemplate\":\"https:\\\/\\\/cvinoticias.com\\\/v3\\\/?s={search_term_string}\"},\"query-input\":{\"@type\":\"PropertyValueSpecification\",\"valueRequired\":true,\"valueName\":\"search_term_string\"}}],\"inLanguage\":\"es\"},{\"@type\":\"Organization\",\"@id\":\"https:\\\/\\\/cvinoticias.com\\\/v3\\\/#organization\",\"name\":\"CVI NOTICIAS\",\"url\":\"https:\\\/\\\/cvinoticias.com\\\/v3\\\/\",\"logo\":{\"@type\":\"ImageObject\",\"inLanguage\":\"es\",\"@id\":\"https:\\\/\\\/cvinoticias.com\\\/v3\\\/#\\\/schema\\\/logo\\\/image\\\/\",\"url\":\"https:\\\/\\\/cvinoticias.com\\\/wp-content\\\/uploads\\\/2023\\\/04\\\/cropped-cropped-cropped-cropped-cropped-3-1.png\",\"contentUrl\":\"https:\\\/\\\/cvinoticias.com\\\/wp-content\\\/uploads\\\/2023\\\/04\\\/cropped-cropped-cropped-cropped-cropped-3-1.png\",\"width\":95,\"height\":122,\"caption\":\"CVI NOTICIAS\"},\"image\":{\"@id\":\"https:\\\/\\\/cvinoticias.com\\\/v3\\\/#\\\/schema\\\/logo\\\/image\\\/\"},\"sameAs\":[\"https:\\\/\\\/www.facebook.com\\\/cvinoticias\",\"https:\\\/\\\/www.instagram.com\\\/cvinoticias\\\/\",\"https:\\\/\\\/www.youtube.com\\\/@CVINOTICIAS\"]},{\"@type\":\"Person\",\"@id\":\"https:\\\/\\\/cvinoticias.com\\\/v3\\\/#\\\/schema\\\/person\\\/2db77e3c6bc03c538495d7b2b8be9b66\",\"name\":\"f1000024\",\"image\":{\"@type\":\"ImageObject\",\"inLanguage\":\"es\",\"@id\":\"https:\\\/\\\/secure.gravatar.com\\\/avatar\\\/d4fe7459cfc51ff5129ce1a732bbef5928568b8092d412ef95611616376bbeed?s=96&d=mm&r=g\",\"url\":\"https:\\\/\\\/secure.gravatar.com\\\/avatar\\\/d4fe7459cfc51ff5129ce1a732bbef5928568b8092d412ef95611616376bbeed?s=96&d=mm&r=g\",\"contentUrl\":\"https:\\\/\\\/secure.gravatar.com\\\/avatar\\\/d4fe7459cfc51ff5129ce1a732bbef5928568b8092d412ef95611616376bbeed?s=96&d=mm&r=g\",\"caption\":\"f1000024\"},\"url\":\"https:\\\/\\\/cvinoticias.com\\\/v3\\\/author\\\/f1000024\\\/\"}]}<\/script>\n<!-- \/ Yoast SEO plugin. -->","yoast_head_json":{"title":"El feriado por el D\u00eda del Empleado de Comercio se pas\u00f3 al lunes 27 | CVI NOTICIAS","robots":{"index":"index","follow":"follow","max-snippet":"max-snippet:-1","max-image-preview":"max-image-preview:large","max-video-preview":"max-video-preview:-1"},"canonical":"https:\/\/cvinoticias.com\/v3\/el-feriado-por-el-dia-del-empleado-de-comercio-se-paso-al-lunes-27\/","og_locale":"es_ES","og_type":"article","og_title":"El feriado por el D\u00eda del Empleado de Comercio se pas\u00f3 al lunes 27 | CVI NOTICIAS","og_description":"Este domingo 26 de septiembre es el D\u00eda del Empleado de Comercio, pero tras un acuerdo con la Federaci\u00f3n de Empleados de Comercio y Servicios (FAECYS) con las c\u00e1maras del sector, el d\u00eda no laborable se trasladar\u00e1 al lunes 27.\u00a0 La decisi\u00f3n fue motivada para evitar un golpe econ\u00f3mico mayor en medio de la pandemia [&hellip;]","og_url":"https:\/\/cvinoticias.com\/v3\/el-feriado-por-el-dia-del-empleado-de-comercio-se-paso-al-lunes-27\/","og_site_name":"CVI NOTICIAS","article_publisher":"https:\/\/www.facebook.com\/cvinoticias","article_published_time":"2021-09-24T16:22:15+00:00","og_image":[{"width":870,"height":580,"url":"https:\/\/cvinoticias.com\/wp-content\/uploads\/2021\/09\/l_1601117757.jpg","type":"image\/jpeg"}],"author":"f1000024","twitter_card":"summary_large_image","twitter_misc":{"Escrito por":"f1000024","Tiempo de lectura":"1 minuto"},"schema":{"@context":"https:\/\/schema.org","@graph":[{"@type":"Article","@id":"https:\/\/cvinoticias.com\/v3\/el-feriado-por-el-dia-del-empleado-de-comercio-se-paso-al-lunes-27\/#article","isPartOf":{"@id":"https:\/\/cvinoticias.com\/v3\/el-feriado-por-el-dia-del-empleado-de-comercio-se-paso-al-lunes-27\/"},"author":{"name":"f1000024","@id":"https:\/\/cvinoticias.com\/v3\/#\/schema\/person\/2db77e3c6bc03c538495d7b2b8be9b66"},"headline":"El feriado por el D\u00eda del Empleado de Comercio se pas\u00f3 al lunes 27","datePublished":"2021-09-24T16:22:15+00:00","mainEntityOfPage":{"@id":"https:\/\/cvinoticias.com\/v3\/el-feriado-por-el-dia-del-empleado-de-comercio-se-paso-al-lunes-27\/"},"wordCount":307,"commentCount":0,"publisher":{"@id":"https:\/\/cvinoticias.com\/v3\/#organization"},"image":{"@id":"https:\/\/cvinoticias.com\/v3\/el-feriado-por-el-dia-del-empleado-de-comercio-se-paso-al-lunes-27\/#primaryimage"},"thumbnailUrl":"https:\/\/cvinoticias.com\/wp-content\/uploads\/2021\/09\/l_1601117757.jpg","articleSection":["Informaci\u00f3n General"],"inLanguage":"es","potentialAction":[{"@type":"CommentAction","name":"Comment","target":["https:\/\/cvinoticias.com\/v3\/el-feriado-por-el-dia-del-empleado-de-comercio-se-paso-al-lunes-27\/#respond"]}]},{"@type":"WebPage","@id":"https:\/\/cvinoticias.com\/v3\/el-feriado-por-el-dia-del-empleado-de-comercio-se-paso-al-lunes-27\/","url":"https:\/\/cvinoticias.com\/v3\/el-feriado-por-el-dia-del-empleado-de-comercio-se-paso-al-lunes-27\/","name":"El feriado por el D\u00eda del Empleado de Comercio se pas\u00f3 al lunes 27 | CVI NOTICIAS","isPartOf":{"@id":"https:\/\/cvinoticias.com\/v3\/#website"},"primaryImageOfPage":{"@id":"https:\/\/cvinoticias.com\/v3\/el-feriado-por-el-dia-del-empleado-de-comercio-se-paso-al-lunes-27\/#primaryimage"},"image":{"@id":"https:\/\/cvinoticias.com\/v3\/el-feriado-por-el-dia-del-empleado-de-comercio-se-paso-al-lunes-27\/#primaryimage"},"thumbnailUrl":"https:\/\/cvinoticias.com\/wp-content\/uploads\/2021\/09\/l_1601117757.jpg","datePublished":"2021-09-24T16:22:15+00:00","breadcrumb":{"@id":"https:\/\/cvinoticias.com\/v3\/el-feriado-por-el-dia-del-empleado-de-comercio-se-paso-al-lunes-27\/#breadcrumb"},"inLanguage":"es","potentialAction":[{"@type":"ReadAction","target":["https:\/\/cvinoticias.com\/v3\/el-feriado-por-el-dia-del-empleado-de-comercio-se-paso-al-lunes-27\/"]}]},{"@type":"ImageObject","inLanguage":"es","@id":"https:\/\/cvinoticias.com\/v3\/el-feriado-por-el-dia-del-empleado-de-comercio-se-paso-al-lunes-27\/#primaryimage","url":"https:\/\/cvinoticias.com\/wp-content\/uploads\/2021\/09\/l_1601117757.jpg","contentUrl":"https:\/\/cvinoticias.com\/wp-content\/uploads\/2021\/09\/l_1601117757.jpg","width":870,"height":580},{"@type":"BreadcrumbList","@id":"https:\/\/cvinoticias.com\/v3\/el-feriado-por-el-dia-del-empleado-de-comercio-se-paso-al-lunes-27\/#breadcrumb","itemListElement":[{"@type":"ListItem","position":1,"name":"Portada","item":"https:\/\/cvinoticias.com\/v3\/"},{"@type":"ListItem","position":2,"name":"El feriado por el D\u00eda del Empleado de Comercio se pas\u00f3 al lunes 27"}]},{"@type":"WebSite","@id":"https:\/\/cvinoticias.com\/v3\/#website","url":"https:\/\/cvinoticias.com\/v3\/","name":"CVI NOTICIAS","description":"","publisher":{"@id":"https:\/\/cvinoticias.com\/v3\/#organization"},"alternateName":"CVI","potentialAction":[{"@type":"SearchAction","target":{"@type":"EntryPoint","urlTemplate":"https:\/\/cvinoticias.com\/v3\/?s={search_term_string}"},"query-input":{"@type":"PropertyValueSpecification","valueRequired":true,"valueName":"search_term_string"}}],"inLanguage":"es"},{"@type":"Organization","@id":"https:\/\/cvinoticias.com\/v3\/#organization","name":"CVI NOTICIAS","url":"https:\/\/cvinoticias.com\/v3\/","logo":{"@type":"ImageObject","inLanguage":"es","@id":"https:\/\/cvinoticias.com\/v3\/#\/schema\/logo\/image\/","url":"https:\/\/cvinoticias.com\/wp-content\/uploads\/2023\/04\/cropped-cropped-cropped-cropped-cropped-3-1.png","contentUrl":"https:\/\/cvinoticias.com\/wp-content\/uploads\/2023\/04\/cropped-cropped-cropped-cropped-cropped-3-1.png","width":95,"height":122,"caption":"CVI NOTICIAS"},"image":{"@id":"https:\/\/cvinoticias.com\/v3\/#\/schema\/logo\/image\/"},"sameAs":["https:\/\/www.facebook.com\/cvinoticias","https:\/\/www.instagram.com\/cvinoticias\/","https:\/\/www.youtube.com\/@CVINOTICIAS"]},{"@type":"Person","@id":"https:\/\/cvinoticias.com\/v3\/#\/schema\/person\/2db77e3c6bc03c538495d7b2b8be9b66","name":"f1000024","image":{"@type":"ImageObject","inLanguage":"es","@id":"https:\/\/secure.gravatar.com\/avatar\/d4fe7459cfc51ff5129ce1a732bbef5928568b8092d412ef95611616376bbeed?s=96&d=mm&r=g","url":"https:\/\/secure.gravatar.com\/avatar\/d4fe7459cfc51ff5129ce1a732bbef5928568b8092d412ef95611616376bbeed?s=96&d=mm&r=g","contentUrl":"https:\/\/secure.gravatar.com\/avatar\/d4fe7459cfc51ff5129ce1a732bbef5928568b8092d412ef95611616376bbeed?s=96&d=mm&r=g","caption":"f1000024"},"url":"https:\/\/cvinoticias.com\/v3\/author\/f1000024\/"}]}},"_links":{"self":[{"href":"https:\/\/cvinoticias.com\/v3\/wp-json\/wp\/v2\/posts\/8840","targetHints":{"allow":["GET"]}}],"collection":[{"href":"https:\/\/cvinoticias.com\/v3\/wp-json\/wp\/v2\/posts"}],"about":[{"href":"https:\/\/cvinoticias.com\/v3\/wp-json\/wp\/v2\/types\/post"}],"author":[{"embeddable":true,"href":"https:\/\/cvinoticias.com\/v3\/wp-json\/wp\/v2\/users\/2"}],"replies":[{"embeddable":true,"href":"https:\/\/cvinoticias.com\/v3\/wp-json\/wp\/v2\/comments?post=8840"}],"version-history":[{"count":1,"href":"https:\/\/cvinoticias.com\/v3\/wp-json\/wp\/v2\/posts\/8840\/revisions"}],"predecessor-version":[{"id":8842,"href":"https:\/\/cvinoticias.com\/v3\/wp-json\/wp\/v2\/posts\/8840\/revisions\/8842"}],"wp:featuredmedia":[{"embeddable":true,"href":"https:\/\/cvinoticias.com\/v3\/wp-json\/wp\/v2\/media\/8841"}],"wp:attachment":[{"href":"https:\/\/cvinoticias.com\/v3\/wp-json\/wp\/v2\/media?parent=8840"}],"wp:term":[{"taxonomy":"category","embeddable":true,"href":"https:\/\/cvinoticias.com\/v3\/wp-json\/wp\/v2\/categories?post=8840"},{"taxonomy":"post_tag","embeddable":true,"href":"https:\/\/cvinoticias.com\/v3\/wp-json\/wp\/v2\/tags?post=8840"}],"curies":[{"name":"wp","href":"https:\/\/api.w.org\/{rel}","templated":true}]}}